{"id":10852,"date":"2019-04-09T15:26:00","date_gmt":"2019-04-09T13:26:00","guid":{"rendered":"https:\/\/catapa.be\/are-you-running-the-20-km-of-brussels-with-us\/"},"modified":"2021-12-14T10:31:49","modified_gmt":"2021-12-14T09:31:49","slug":"are-you-running-the-20-km-of-brussels-with-us","status":"publish","type":"post","link":"https:\/\/catapa.be\/en\/are-you-running-the-20-km-of-brussels-with-us\/","title":{"rendered":"Are you running the 20 km of Brussels with us?"},"content":{"rendered":"<div class=\"wpb-content-wrapper\"><p>[vc_row][vc_column][vc_column_text]<\/p>\n<h2><span style=\"color: #1d2129;\">Are you also running the 20 km of Brussels for CATAPA on May 19th? Sign up and become one of the CATAPA runners!<\/span><\/h2>\n<p>On May 19th, CATAPA runs the 20 km of Brussels to continue to fight for the rights of local communities that are victims of the ecological and social impact of large-scale mining; and to strive for a just society in which people and nature live in balance together. <strong>Do you want to join us<\/strong><strong>?<\/strong><\/p>\n<p>YES! <strong>I participate!<\/strong><\/p>\n<p>Register on the<a href=\"http:\/\/www.20kmdebruxelles.be\"> website of the 20 km of Brussels<\/a> (25 euro) and add yourself to the group of CATAPA (group name: CATA10946). Engage yourself to raise at least 50 euros in sponsorship for CATAPA.<\/p>\n<p><strong>You don&#8217;t feel like running <\/strong>but you would like to give CATAPA a boost? <strong>Sponsor one of <a href=\"#ontmoet-onze-lopers\">our runners<\/a>! <\/strong>You can help by donating money on: BE49 9795 2861 7871, mentioning &#8220;Sponsoring CATAPA 20 km of Brussels <em>(+ possibly: name of runner you want to sponsor)<\/em>&#8220;. This donation is not tax deductible.<\/p>\n<p>\u2b50 If you sponsor 50 euros of more you get a giftbox from CATAPA!* <img data-recalc-dims=\"1\" loading=\"lazy\" decoding=\"async\" class=\"wp-image-10921 aligncenter\" src=\"https:\/\/i0.wp.com\/catapa.be\/wp-content\/uploads\/2019\/04\/giftbox.jpeg?resize=299%2C334&#038;ssl=1\" alt=\"\" width=\"299\" height=\"334\" \/><\/p>\n<p>For more information and\/or questions, feel free to contact <a href=\"mailto:kim.claes@catapa.be\">kim.claes@catapa.be<\/a>.<\/p>\n<p>\u00a1Vamos! For socio-environmental justice!<\/p>\n<div><\/div>\n<div><\/div>\n<div>*To pick up in our office in Ghent.<\/div>\n<p>[\/vc_column_text][\/vc_column][\/vc_row][vc_row el_id=&#8221;ontmoet-onze-lopers&#8221;][vc_column][vc_custom_heading text=&#8221;Meet our runners!&#8221; font_container=&#8221;tag:h2|text_align:center|color:%23009c55&#8243; google_fonts=&#8221;font_family:Quicksand%3A300%2Cregular%2C700|font_style:400%20regular%3A400%3Anormal&#8221;][vc_empty_space][vc_hoverbox image=&#8221;10928&#8243; primary_title=&#8221;Charlotte Christiaens&#8221; primary_title_font_container=&#8221;color:%23ffffff&#8221; primary_title_google_fonts=&#8221;font_family:Quicksand%3A300%2Cregular%2C700|font_style:400%20regular%3A400%3Anormal&#8221; hover_title=&#8221;Charlotte Christiaens&#8221; use_custom_fonts_primary_title=&#8221;true&#8221;]<\/p>\n<p dir=\"auto\">I am Charlotte Christiaens and I run the 20km for CATAPA in 2019, as I did in 2010. My passion to run through nature has only grown over the years. For once I want to exchange nature for the city on May 19th in Brussels.<\/p>\n<p>somehow I&#8217;ve often ended up in barbed wire while walking, resulting in torn trousers and wounds. Painful, yet stupid thing to do. But the greeting of my beloved trees and the sound of my familiar birds on my familiar paths I could not miss. When I don&#8217;t like it anymore during the race, I say to myself: &#8220;Come on Charlotte, this suffering is in no way comparable to how local communities in the South suffer from mining.&#8221; Do you sponsor me?!<br \/>\n[\/vc_hoverbox][vc_empty_space][vc_hoverbox image=&#8221;10925&#8243; primary_title=&#8221;Kim and Koen Claes&#8221; primary_title_font_container=&#8221;color:%23ffffff&#8221; primary_title_google_fonts=&#8221;font_family:Quicksand%3A300%2Cregular%2C700|font_style:400%20regular%3A400%3Anormal&#8221; hover_title=&#8221;Kim and Koen Claes&#8221; use_custom_fonts_primary_title=&#8221;true&#8221;]<\/p>\n<p dir=\"auto\">We are Kim and Koen, and together we run the 20km of Brussels for Catapa. We walk fraternally on double strength, full of enthusiasm and surrender, because we believe that Catapa brings us one step closer to a more just world.<\/p>\n<p dir=\"auto\">We will provide the blood, the sweat and the tears, would you put a dime in the bag? We promise to shine, from Catapa you will receive eternal gratitude!<\/p>\n<p>[\/vc_hoverbox][vc_empty_space][vc_hoverbox image=&#8221;11056&#8243; primary_title=&#8221;Iris Maertens&#8221; primary_title_font_container=&#8221;color:%23ffffff&#8221; primary_title_google_fonts=&#8221;font_family:Quicksand%3A300%2Cregular%2C700|font_style:400%20regular%3A400%3Anormal&#8221; hover_title=&#8221;Iris Maertens&#8221; use_custom_fonts_primary_title=&#8221;true&#8221;]I am Iris Maertens: graphic designer, illustrator and digital ninja. The thing that I like to do the most is drawing. But as a creative mind, I&#8217;m always looking for new challenges!\u00a0 For CATAPA I will put my best foot forward.[\/vc_hoverbox][vc_empty_space][vc_hoverbox image=&#8221;10946&#8243; primary_title=&#8221;Niels De Vos&#8221; primary_title_font_container=&#8221;color:%23ffffff&#8221; primary_title_google_fonts=&#8221;font_family:Quicksand%3A300%2Cregular%2C700|font_style:400%20regular%3A400%3Anormal&#8221; hover_title=&#8221;Niels De Vos&#8221; use_custom_fonts_primary_title=&#8221;true&#8221;]My name is Niels De Vos, from Lokeren, and I will run the 20 km for Catapa! A challenge for myself, and if a much-needed initiative like Catapa can be supported with it, that is more than welcome! Would you sponsor me?[\/vc_hoverbox][vc_empty_space][vc_hoverbox image=&#8221;11175&#8243; primary_title=&#8221;Froukje Kuijk&#8221; primary_title_font_container=&#8221;color:%23ffffff&#8221; primary_title_google_fonts=&#8221;font_family:Quicksand%3A300%2Cregular%2C700|font_style:400%20regular%3A400%3Anormal&#8221; hover_title=&#8221;Froukje Kuijk&#8221; use_custom_fonts_primary_title=&#8221;true&#8221;]I&#8217;m Froukje and I&#8217;ve been in CATAPA for a while. I am back in Belgium for over a year now, after having spent a few years in Chile. I find it a wonderful challenge to tighten the muscles for our sublime volunteer movement. I love sports, open air and Brussels so this will be a perfect mix! The goal: fervent team spirit, putting CATAPA on the map during the 20 km of Brussels and hopefully end those kilometers elegantly.[\/vc_hoverbox][vc_empty_space][vc_btn title=&#8221;Sponsor one of our runners on BE49 9795 2861 7871&#8243; style=&#8221;custom&#8221; custom_background=&#8221;#009c55&#8243; custom_text=&#8221;#ffffff&#8221; align=&#8221;center&#8221;][\/vc_column][\/vc_row]<\/p>\n<\/div>","protected":false},"excerpt":{"rendered":"<p>[vc_row][vc_column][vc_column_text] Are you also running the 20 km of Brussels for CATAPA on May 19th? Sign up and become one of the CATAPA runners! On May 19th, CATAPA runs the 20 km of Brussels to<br \/><a class=\"read-more\" href=\"https:\/\/catapa.be\/en\/are-you-running-the-20-km-of-brussels-with-us\/\">Read More<\/a><\/p>\n","protected":false},"author":1,"featured_media":10822,"comment_status":"open","ping_status":"open","sticky":false,"template":"","format":"standard","meta":{"_exactmetrics_skip_tracking":false,"_exactmetrics_sitenote_active":false,"_exactmetrics_sitenote_note":"","_exactmetrics_sitenote_category":0,"jetpack_post_was_ever_published":false,"_jetpack_newsletter_access":"","_jetpack_dont_email_post_to_subs":false,"_jetpack_newsletter_tier_id":0,"_jetpack_memberships_contains_paywalled_content":false,"_jetpack_memberships_contains_paid_content":false,"footnotes":"","jetpack_publicize_message":"","jetpack_publicize_feature_enabled":true,"jetpack_social_post_already_shared":false,"jetpack_social_options":{"image_generator_settings":{"template":"highway","default_image_id":0,"font":"","enabled":false},"version":2}},"categories":[1],"tags":[],"class_list":["post-10852","post","type-post","status-publish","format-standard","has-post-thumbnail","hentry","category-uncategorized"],"yoast_head":"<!-- This site is optimized with the Yoast SEO plugin v26.8 - https:\/\/yoast.com\/product\/yoast-seo-wordpress\/ -->\n<title>Are you running the 20 km of Brussels with us? - CATAPA vzw<\/title>\n<meta name=\"robots\" content=\"index, follow, max-snippet:-1, max-image-preview:large, max-video-preview:-1\" \/>\n<link rel=\"canonical\" href=\"https:\/\/catapa.be\/en\/are-you-running-the-20-km-of-brussels-with-us\/\" \/>\n<meta property=\"og:locale\" content=\"en_US\" \/>\n<meta property=\"og:type\" content=\"article\" \/>\n<meta property=\"og:title\" content=\"Are you running the 20 km of Brussels with us? - CATAPA vzw\" \/>\n<meta property=\"og:description\" content=\"[vc_row][vc_column][vc_column_text] Are you also running the 20 km of Brussels for CATAPA on May 19th? Sign up and become one of the CATAPA runners! On May 19th, CATAPA runs the 20 km of Brussels toRead More\" \/>\n<meta property=\"og:url\" content=\"https:\/\/catapa.be\/en\/are-you-running-the-20-km-of-brussels-with-us\/\" \/>\n<meta property=\"og:site_name\" content=\"CATAPA vzw\" \/>\n<meta property=\"article:publisher\" content=\"https:\/\/www.facebook.com\/catapa.belgium\/\" \/>\n<meta property=\"article:published_time\" content=\"2019-04-09T13:26:00+00:00\" \/>\n<meta property=\"article:modified_time\" content=\"2021-12-14T09:31:49+00:00\" \/>\n<meta property=\"og:image\" content=\"https:\/\/catapa.be\/wp-content\/uploads\/2019\/04\/PUNCH-min.png\" \/>\n\t<meta property=\"og:image:width\" content=\"940\" \/>\n\t<meta property=\"og:image:height\" content=\"788\" \/>\n\t<meta property=\"og:image:type\" content=\"image\/png\" \/>\n<meta name=\"author\" content=\"admin\" \/>\n<meta name=\"twitter:card\" content=\"summary_large_image\" \/>\n<meta name=\"twitter:creator\" content=\"@CATAPA_Belgica\" \/>\n<meta name=\"twitter:site\" content=\"@CATAPA_Belgica\" \/>\n<meta name=\"twitter:label1\" content=\"Written by\" \/>\n\t<meta name=\"twitter:data1\" content=\"admin\" \/>\n\t<meta name=\"twitter:label2\" content=\"Est. reading time\" \/>\n\t<meta name=\"twitter:data2\" content=\"4 minutes\" \/>\n<script type=\"application\/ld+json\" class=\"yoast-schema-graph\">{\"@context\":\"https:\/\/schema.org\",\"@graph\":[{\"@type\":\"Article\",\"@id\":\"https:\/\/catapa.be\/en\/are-you-running-the-20-km-of-brussels-with-us\/#article\",\"isPartOf\":{\"@id\":\"https:\/\/catapa.be\/en\/are-you-running-the-20-km-of-brussels-with-us\/\"},\"author\":{\"name\":\"admin\",\"@id\":\"https:\/\/catapa.be\/en\/#\/schema\/person\/4ff7c54c9b853941b35cc6d8e46545de\"},\"headline\":\"Are you running the 20 km of Brussels with us?\",\"datePublished\":\"2019-04-09T13:26:00+00:00\",\"dateModified\":\"2021-12-14T09:31:49+00:00\",\"mainEntityOfPage\":{\"@id\":\"https:\/\/catapa.be\/en\/are-you-running-the-20-km-of-brussels-with-us\/\"},\"wordCount\":856,\"commentCount\":0,\"publisher\":{\"@id\":\"https:\/\/catapa.be\/en\/#organization\"},\"image\":{\"@id\":\"https:\/\/catapa.be\/en\/are-you-running-the-20-km-of-brussels-with-us\/#primaryimage\"},\"thumbnailUrl\":\"https:\/\/i0.wp.com\/catapa.be\/wp-content\/uploads\/2019\/04\/PUNCH-min.png?fit=940%2C788&ssl=1\",\"inLanguage\":\"en-US\",\"potentialAction\":[{\"@type\":\"CommentAction\",\"name\":\"Comment\",\"target\":[\"https:\/\/catapa.be\/en\/are-you-running-the-20-km-of-brussels-with-us\/#respond\"]}]},{\"@type\":\"WebPage\",\"@id\":\"https:\/\/catapa.be\/en\/are-you-running-the-20-km-of-brussels-with-us\/\",\"url\":\"https:\/\/catapa.be\/en\/are-you-running-the-20-km-of-brussels-with-us\/\",\"name\":\"Are you running the 20 km of Brussels with us? - CATAPA vzw\",\"isPartOf\":{\"@id\":\"https:\/\/catapa.be\/en\/#website\"},\"primaryImageOfPage\":{\"@id\":\"https:\/\/catapa.be\/en\/are-you-running-the-20-km-of-brussels-with-us\/#primaryimage\"},\"image\":{\"@id\":\"https:\/\/catapa.be\/en\/are-you-running-the-20-km-of-brussels-with-us\/#primaryimage\"},\"thumbnailUrl\":\"https:\/\/i0.wp.com\/catapa.be\/wp-content\/uploads\/2019\/04\/PUNCH-min.png?fit=940%2C788&ssl=1\",\"datePublished\":\"2019-04-09T13:26:00+00:00\",\"dateModified\":\"2021-12-14T09:31:49+00:00\",\"breadcrumb\":{\"@id\":\"https:\/\/catapa.be\/en\/are-you-running-the-20-km-of-brussels-with-us\/#breadcrumb\"},\"inLanguage\":\"en-US\",\"potentialAction\":[{\"@type\":\"ReadAction\",\"target\":[\"https:\/\/catapa.be\/en\/are-you-running-the-20-km-of-brussels-with-us\/\"]}]},{\"@type\":\"ImageObject\",\"inLanguage\":\"en-US\",\"@id\":\"https:\/\/catapa.be\/en\/are-you-running-the-20-km-of-brussels-with-us\/#primaryimage\",\"url\":\"https:\/\/i0.wp.com\/catapa.be\/wp-content\/uploads\/2019\/04\/PUNCH-min.png?fit=940%2C788&ssl=1\",\"contentUrl\":\"https:\/\/i0.wp.com\/catapa.be\/wp-content\/uploads\/2019\/04\/PUNCH-min.png?fit=940%2C788&ssl=1\",\"width\":940,\"height\":788},{\"@type\":\"BreadcrumbList\",\"@id\":\"https:\/\/catapa.be\/en\/are-you-running-the-20-km-of-brussels-with-us\/#breadcrumb\",\"itemListElement\":[{\"@type\":\"ListItem\",\"position\":1,\"name\":\"Home\",\"item\":\"https:\/\/catapa.be\/en\/\"},{\"@type\":\"ListItem\",\"position\":2,\"name\":\"Are you running the 20 km of Brussels with us?\"}]},{\"@type\":\"WebSite\",\"@id\":\"https:\/\/catapa.be\/en\/#website\",\"url\":\"https:\/\/catapa.be\/en\/\",\"name\":\"CATAPA vzw\",\"description\":\"Comit\u00e9 Acad\u00e9mico T\u00e9cnico de Asesoramiento a Problemas Ambientales\",\"publisher\":{\"@id\":\"https:\/\/catapa.be\/en\/#organization\"},\"potentialAction\":[{\"@type\":\"SearchAction\",\"target\":{\"@type\":\"EntryPoint\",\"urlTemplate\":\"https:\/\/catapa.be\/en\/?s={search_term_string}\"},\"query-input\":{\"@type\":\"PropertyValueSpecification\",\"valueRequired\":true,\"valueName\":\"search_term_string\"}}],\"inLanguage\":\"en-US\"},{\"@type\":\"Organization\",\"@id\":\"https:\/\/catapa.be\/en\/#organization\",\"name\":\"CATAPA vzw\",\"url\":\"https:\/\/catapa.be\/en\/\",\"logo\":{\"@type\":\"ImageObject\",\"inLanguage\":\"en-US\",\"@id\":\"https:\/\/catapa.be\/en\/#\/schema\/logo\/image\/\",\"url\":\"https:\/\/i0.wp.com\/catapa.be\/wp-content\/uploads\/2019\/02\/NEW20LOGO20SHORT20PNG1.png?fit=1259%2C1321&ssl=1\",\"contentUrl\":\"https:\/\/i0.wp.com\/catapa.be\/wp-content\/uploads\/2019\/02\/NEW20LOGO20SHORT20PNG1.png?fit=1259%2C1321&ssl=1\",\"width\":1259,\"height\":1321,\"caption\":\"CATAPA vzw\"},\"image\":{\"@id\":\"https:\/\/catapa.be\/en\/#\/schema\/logo\/image\/\"},\"sameAs\":[\"https:\/\/www.facebook.com\/catapa.belgium\/\",\"https:\/\/x.com\/CATAPA_Belgica\",\"https:\/\/www.instagram.com\/catapa_vzw\/\",\"https:\/\/be.linkedin.com\/company\/catapavzw\",\"https:\/\/www.youtube.com\/channel\/UCE52-Fiyv-Fpqf2gi1qhf1g\"]},{\"@type\":\"Person\",\"@id\":\"https:\/\/catapa.be\/en\/#\/schema\/person\/4ff7c54c9b853941b35cc6d8e46545de\",\"name\":\"admin\",\"url\":\"https:\/\/catapa.be\/en\/author\/admin\/\"}]}<\/script>\n<!-- \/ Yoast SEO plugin. -->","yoast_head_json":{"title":"Are you running the 20 km of Brussels with us? - CATAPA vzw","robots":{"index":"index","follow":"follow","max-snippet":"max-snippet:-1","max-image-preview":"max-image-preview:large","max-video-preview":"max-video-preview:-1"},"canonical":"https:\/\/catapa.be\/en\/are-you-running-the-20-km-of-brussels-with-us\/","og_locale":"en_US","og_type":"article","og_title":"Are you running the 20 km of Brussels with us? - CATAPA vzw","og_description":"[vc_row][vc_column][vc_column_text] Are you also running the 20 km of Brussels for CATAPA on May 19th? Sign up and become one of the CATAPA runners! On May 19th, CATAPA runs the 20 km of Brussels toRead More","og_url":"https:\/\/catapa.be\/en\/are-you-running-the-20-km-of-brussels-with-us\/","og_site_name":"CATAPA vzw","article_publisher":"https:\/\/www.facebook.com\/catapa.belgium\/","article_published_time":"2019-04-09T13:26:00+00:00","article_modified_time":"2021-12-14T09:31:49+00:00","og_image":[{"width":940,"height":788,"url":"https:\/\/catapa.be\/wp-content\/uploads\/2019\/04\/PUNCH-min.png","type":"image\/png"}],"author":"admin","twitter_card":"summary_large_image","twitter_creator":"@CATAPA_Belgica","twitter_site":"@CATAPA_Belgica","twitter_misc":{"Written by":"admin","Est. reading time":"4 minutes"},"schema":{"@context":"https:\/\/schema.org","@graph":[{"@type":"Article","@id":"https:\/\/catapa.be\/en\/are-you-running-the-20-km-of-brussels-with-us\/#article","isPartOf":{"@id":"https:\/\/catapa.be\/en\/are-you-running-the-20-km-of-brussels-with-us\/"},"author":{"name":"admin","@id":"https:\/\/catapa.be\/en\/#\/schema\/person\/4ff7c54c9b853941b35cc6d8e46545de"},"headline":"Are you running the 20 km of Brussels with us?","datePublished":"2019-04-09T13:26:00+00:00","dateModified":"2021-12-14T09:31:49+00:00","mainEntityOfPage":{"@id":"https:\/\/catapa.be\/en\/are-you-running-the-20-km-of-brussels-with-us\/"},"wordCount":856,"commentCount":0,"publisher":{"@id":"https:\/\/catapa.be\/en\/#organization"},"image":{"@id":"https:\/\/catapa.be\/en\/are-you-running-the-20-km-of-brussels-with-us\/#primaryimage"},"thumbnailUrl":"https:\/\/i0.wp.com\/catapa.be\/wp-content\/uploads\/2019\/04\/PUNCH-min.png?fit=940%2C788&ssl=1","inLanguage":"en-US","potentialAction":[{"@type":"CommentAction","name":"Comment","target":["https:\/\/catapa.be\/en\/are-you-running-the-20-km-of-brussels-with-us\/#respond"]}]},{"@type":"WebPage","@id":"https:\/\/catapa.be\/en\/are-you-running-the-20-km-of-brussels-with-us\/","url":"https:\/\/catapa.be\/en\/are-you-running-the-20-km-of-brussels-with-us\/","name":"Are you running the 20 km of Brussels with us? - CATAPA vzw","isPartOf":{"@id":"https:\/\/catapa.be\/en\/#website"},"primaryImageOfPage":{"@id":"https:\/\/catapa.be\/en\/are-you-running-the-20-km-of-brussels-with-us\/#primaryimage"},"image":{"@id":"https:\/\/catapa.be\/en\/are-you-running-the-20-km-of-brussels-with-us\/#primaryimage"},"thumbnailUrl":"https:\/\/i0.wp.com\/catapa.be\/wp-content\/uploads\/2019\/04\/PUNCH-min.png?fit=940%2C788&ssl=1","datePublished":"2019-04-09T13:26:00+00:00","dateModified":"2021-12-14T09:31:49+00:00","breadcrumb":{"@id":"https:\/\/catapa.be\/en\/are-you-running-the-20-km-of-brussels-with-us\/#breadcrumb"},"inLanguage":"en-US","potentialAction":[{"@type":"ReadAction","target":["https:\/\/catapa.be\/en\/are-you-running-the-20-km-of-brussels-with-us\/"]}]},{"@type":"ImageObject","inLanguage":"en-US","@id":"https:\/\/catapa.be\/en\/are-you-running-the-20-km-of-brussels-with-us\/#primaryimage","url":"https:\/\/i0.wp.com\/catapa.be\/wp-content\/uploads\/2019\/04\/PUNCH-min.png?fit=940%2C788&ssl=1","contentUrl":"https:\/\/i0.wp.com\/catapa.be\/wp-content\/uploads\/2019\/04\/PUNCH-min.png?fit=940%2C788&ssl=1","width":940,"height":788},{"@type":"BreadcrumbList","@id":"https:\/\/catapa.be\/en\/are-you-running-the-20-km-of-brussels-with-us\/#breadcrumb","itemListElement":[{"@type":"ListItem","position":1,"name":"Home","item":"https:\/\/catapa.be\/en\/"},{"@type":"ListItem","position":2,"name":"Are you running the 20 km of Brussels with us?"}]},{"@type":"WebSite","@id":"https:\/\/catapa.be\/en\/#website","url":"https:\/\/catapa.be\/en\/","name":"CATAPA vzw","description":"Comit\u00e9 Acad\u00e9mico T\u00e9cnico de Asesoramiento a Problemas Ambientales","publisher":{"@id":"https:\/\/catapa.be\/en\/#organization"},"potentialAction":[{"@type":"SearchAction","target":{"@type":"EntryPoint","urlTemplate":"https:\/\/catapa.be\/en\/?s={search_term_string}"},"query-input":{"@type":"PropertyValueSpecification","valueRequired":true,"valueName":"search_term_string"}}],"inLanguage":"en-US"},{"@type":"Organization","@id":"https:\/\/catapa.be\/en\/#organization","name":"CATAPA vzw","url":"https:\/\/catapa.be\/en\/","logo":{"@type":"ImageObject","inLanguage":"en-US","@id":"https:\/\/catapa.be\/en\/#\/schema\/logo\/image\/","url":"https:\/\/i0.wp.com\/catapa.be\/wp-content\/uploads\/2019\/02\/NEW20LOGO20SHORT20PNG1.png?fit=1259%2C1321&ssl=1","contentUrl":"https:\/\/i0.wp.com\/catapa.be\/wp-content\/uploads\/2019\/02\/NEW20LOGO20SHORT20PNG1.png?fit=1259%2C1321&ssl=1","width":1259,"height":1321,"caption":"CATAPA vzw"},"image":{"@id":"https:\/\/catapa.be\/en\/#\/schema\/logo\/image\/"},"sameAs":["https:\/\/www.facebook.com\/catapa.belgium\/","https:\/\/x.com\/CATAPA_Belgica","https:\/\/www.instagram.com\/catapa_vzw\/","https:\/\/be.linkedin.com\/company\/catapavzw","https:\/\/www.youtube.com\/channel\/UCE52-Fiyv-Fpqf2gi1qhf1g"]},{"@type":"Person","@id":"https:\/\/catapa.be\/en\/#\/schema\/person\/4ff7c54c9b853941b35cc6d8e46545de","name":"admin","url":"https:\/\/catapa.be\/en\/author\/admin\/"}]}},"jetpack_publicize_connections":[],"jetpack_featured_media_url":"https:\/\/i0.wp.com\/catapa.be\/wp-content\/uploads\/2019\/04\/PUNCH-min.png?fit=940%2C788&ssl=1","jetpack_sharing_enabled":true,"jetpack_likes_enabled":true,"jetpack-related-posts":[{"id":10820,"url":"https:\/\/catapa.be\/nl\/loop-je-mee-met-de-20-km-van-brussel-voor-catapa\/","url_meta":{"origin":10852,"position":0},"title":"Loop je mee met de 20 km van Brussel voor CATAPA?","author":"admin","date":"09\/04\/2019","format":false,"excerpt":"[vc_row][vc_column][vc_column_text] Loop jij ook op 19 mei de 20 km van Brussel voor CATAPA? Schrijf je in en word \u00e9\u00e9n van de lopers van CATAPA! CATAPA loopt op 19 mei de 20 km van Brussel om verder te strijden voor de rechten van lokale gemeenschappen die het slachtoffer worden van\u2026","rel":"","context":"Similar post","block_context":{"text":"Similar post","link":""},"img":{"alt_text":"","src":"https:\/\/i0.wp.com\/catapa.be\/wp-content\/uploads\/2019\/04\/PUNCH-min.png?fit=940%2C788&ssl=1&resize=350%2C200","width":350,"height":200,"srcset":"https:\/\/i0.wp.com\/catapa.be\/wp-content\/uploads\/2019\/04\/PUNCH-min.png?fit=940%2C788&ssl=1&resize=350%2C200 1x, https:\/\/i0.wp.com\/catapa.be\/wp-content\/uploads\/2019\/04\/PUNCH-min.png?fit=940%2C788&ssl=1&resize=525%2C300 1.5x, https:\/\/i0.wp.com\/catapa.be\/wp-content\/uploads\/2019\/04\/PUNCH-min.png?fit=940%2C788&ssl=1&resize=700%2C400 2x"},"classes":[]},{"id":10854,"url":"https:\/\/catapa.be\/es\/te-unes-a-correr-los-20-km-de-bruselas-por-catapa\/","url_meta":{"origin":10852,"position":1},"title":"\u00bfTe unes a correr los 20 km de Bruselas por CATAPA?","author":"admin","date":"09\/04\/2019","format":false,"excerpt":"[vc_row][vc_column][vc_column_text] \u00bfTe unes a correr los 20 km de Bruselas por CATAPA el 19 de mayo? \u00a1Inscr\u00edbete y \u00fanete al grupo de CATAPA! El 19 de mayo CATAPA corre los 20 km de Bruselas para seguir luchando por los derechos de las comunidades locales que son v\u00edctimas del impacto ecol\u00f3gico\u2026","rel":"","context":"In &quot;Sin categorizar&quot;","block_context":{"text":"Sin categorizar","link":"https:\/\/catapa.be\/es\/category\/sin-categorizar\/"},"img":{"alt_text":"","src":"https:\/\/i0.wp.com\/catapa.be\/wp-content\/uploads\/2019\/04\/PUNCH-min.png?fit=940%2C788&ssl=1&resize=350%2C200","width":350,"height":200,"srcset":"https:\/\/i0.wp.com\/catapa.be\/wp-content\/uploads\/2019\/04\/PUNCH-min.png?fit=940%2C788&ssl=1&resize=350%2C200 1x, https:\/\/i0.wp.com\/catapa.be\/wp-content\/uploads\/2019\/04\/PUNCH-min.png?fit=940%2C788&ssl=1&resize=525%2C300 1.5x, https:\/\/i0.wp.com\/catapa.be\/wp-content\/uploads\/2019\/04\/PUNCH-min.png?fit=940%2C788&ssl=1&resize=700%2C400 2x"},"classes":[]},{"id":12177,"url":"https:\/\/catapa.be\/en\/doculatino\/","url_meta":{"origin":10852,"position":2},"title":"DocuLatino 2019","author":"Daniela Marques Branco","date":"26\/09\/2019","format":false,"excerpt":"[vc_row][vc_column][vc_column_text] DocuLatino Film Festival \u2013 Tracing the ICT supply chain [\/vc_column_text][vc_column_text]For the 11th year in a row Catapa organises the Doculatino Filmfestival in Ghent, Antwerp, Brussels and Leuven. Within the Make ICT fair European campaign, whose goal is to achieve a more transparent and fair ICT supply chain, this year\u2026","rel":"","context":"Similar post","block_context":{"text":"Similar post","link":""},"img":{"alt_text":"","src":"https:\/\/i0.wp.com\/catapa.be\/wp-content\/uploads\/2019\/09\/Doculatino-poster-info.jpg?fit=1200%2C675&ssl=1&resize=350%2C200","width":350,"height":200,"srcset":"https:\/\/i0.wp.com\/catapa.be\/wp-content\/uploads\/2019\/09\/Doculatino-poster-info.jpg?fit=1200%2C675&ssl=1&resize=350%2C200 1x, https:\/\/i0.wp.com\/catapa.be\/wp-content\/uploads\/2019\/09\/Doculatino-poster-info.jpg?fit=1200%2C675&ssl=1&resize=525%2C300 1.5x, https:\/\/i0.wp.com\/catapa.be\/wp-content\/uploads\/2019\/09\/Doculatino-poster-info.jpg?fit=1200%2C675&ssl=1&resize=700%2C400 2x, https:\/\/i0.wp.com\/catapa.be\/wp-content\/uploads\/2019\/09\/Doculatino-poster-info.jpg?fit=1200%2C675&ssl=1&resize=1050%2C600 3x"},"classes":[]},{"id":12197,"url":"https:\/\/catapa.be\/nl\/doculatino\/","url_meta":{"origin":10852,"position":3},"title":"DocuLatino 2019","author":"Daniela Marques Branco","date":"26\/09\/2019","format":false,"excerpt":"[vc_row][vc_column][vc_column_text] DocuLatino Film Festival \u2013 Tracing the ICT supply chain [\/vc_column_text][vc_column_text]For the 11th year in a row Catapa organises the Doculatino Filmfestival in Ghent, Antwerp, Brussels and Leuven. Within the Make ICT fair European campaign, whose goal is to achieve a more transparent and fair ICT supply chain, this year\u2026","rel":"","context":"In &quot;Geen onderdeel van een categorie&quot;","block_context":{"text":"Geen onderdeel van een categorie","link":"https:\/\/catapa.be\/nl\/category\/geen-onderdeel-van-een-categorie\/"},"img":{"alt_text":"","src":"https:\/\/i0.wp.com\/catapa.be\/wp-content\/uploads\/2019\/09\/Doculatino-poster-info.jpg?fit=1200%2C675&ssl=1&resize=350%2C200","width":350,"height":200,"srcset":"https:\/\/i0.wp.com\/catapa.be\/wp-content\/uploads\/2019\/09\/Doculatino-poster-info.jpg?fit=1200%2C675&ssl=1&resize=350%2C200 1x, https:\/\/i0.wp.com\/catapa.be\/wp-content\/uploads\/2019\/09\/Doculatino-poster-info.jpg?fit=1200%2C675&ssl=1&resize=525%2C300 1.5x, https:\/\/i0.wp.com\/catapa.be\/wp-content\/uploads\/2019\/09\/Doculatino-poster-info.jpg?fit=1200%2C675&ssl=1&resize=700%2C400 2x, https:\/\/i0.wp.com\/catapa.be\/wp-content\/uploads\/2019\/09\/Doculatino-poster-info.jpg?fit=1200%2C675&ssl=1&resize=1050%2C600 3x"},"classes":[]},{"id":12198,"url":"https:\/\/catapa.be\/es\/doculatino\/","url_meta":{"origin":10852,"position":4},"title":"DocuLatino 2019","author":"Daniela Marques Branco","date":"26\/09\/2019","format":false,"excerpt":"[vc_row][vc_column][vc_column_text] DocuLatino Film Festival \u2013 Tracing the ICT supply chain [\/vc_column_text][vc_column_text]For the 11th year in a row Catapa organises the Doculatino Filmfestival in Ghent, Antwerp, Brussels and Leuven. Within the Make ICT fair European campaign, whose goal is to achieve a more transparent and fair ICT supply chain, this year\u2026","rel":"","context":"In &quot;Sin categorizar&quot;","block_context":{"text":"Sin categorizar","link":"https:\/\/catapa.be\/es\/category\/sin-categorizar\/"},"img":{"alt_text":"","src":"https:\/\/i0.wp.com\/catapa.be\/wp-content\/uploads\/2019\/09\/Doculatino-poster-info.jpg?fit=1200%2C675&ssl=1&resize=350%2C200","width":350,"height":200,"srcset":"https:\/\/i0.wp.com\/catapa.be\/wp-content\/uploads\/2019\/09\/Doculatino-poster-info.jpg?fit=1200%2C675&ssl=1&resize=350%2C200 1x, https:\/\/i0.wp.com\/catapa.be\/wp-content\/uploads\/2019\/09\/Doculatino-poster-info.jpg?fit=1200%2C675&ssl=1&resize=525%2C300 1.5x, https:\/\/i0.wp.com\/catapa.be\/wp-content\/uploads\/2019\/09\/Doculatino-poster-info.jpg?fit=1200%2C675&ssl=1&resize=700%2C400 2x, https:\/\/i0.wp.com\/catapa.be\/wp-content\/uploads\/2019\/09\/Doculatino-poster-info.jpg?fit=1200%2C675&ssl=1&resize=1050%2C600 3x"},"classes":[]},{"id":7578,"url":"https:\/\/catapa.be\/en\/mirtha-vasquez-visits-catapa\/","url_meta":{"origin":10852,"position":5},"title":"Mirtha Vasquez visits CATAPA","author":"Alienor de Sas","date":"24\/08\/2018","format":false,"excerpt":"[vc_row][vc_column][vc_custom_heading text=\"Mirtha Vasquez visits CATAPA to discuss the issues that\u00a0'defensoras'\u00a0face\" font_container=\"tag:h2|text_align:center\" google_fonts=\"font_family:Quicksand%3A300%2Cregular%2C700|font_style:400%20regular%3A400%3Anormal\"][vc_column_text] 17 January 2018 This week Mirtha Vasquez visited CATAPA. She is the director of GRUFIDES and the lawyer for famous environmentalist Maxima Acu\u00f1a and is based in Peru. The purpose of her visit was to lobby and raise\u2026","rel":"","context":"In &quot;News&quot;","block_context":{"text":"News","link":"https:\/\/catapa.be\/en\/category\/news\/"},"img":{"alt_text":"","src":"https:\/\/i0.wp.com\/catapa.be\/wp-content\/uploads\/2018\/08\/DSC3154.jpg?fit=1200%2C774&ssl=1&resize=350%2C200","width":350,"height":200,"srcset":"https:\/\/i0.wp.com\/catapa.be\/wp-content\/uploads\/2018\/08\/DSC3154.jpg?fit=1200%2C774&ssl=1&resize=350%2C200 1x, https:\/\/i0.wp.com\/catapa.be\/wp-content\/uploads\/2018\/08\/DSC3154.jpg?fit=1200%2C774&ssl=1&resize=525%2C300 1.5x, https:\/\/i0.wp.com\/catapa.be\/wp-content\/uploads\/2018\/08\/DSC3154.jpg?fit=1200%2C774&ssl=1&resize=700%2C400 2x, https:\/\/i0.wp.com\/catapa.be\/wp-content\/uploads\/2018\/08\/DSC3154.jpg?fit=1200%2C774&ssl=1&resize=1050%2C600 3x"},"classes":[]}],"_links":{"self":[{"href":"https:\/\/catapa.be\/en\/wp-json\/wp\/v2\/posts\/10852","targetHints":{"allow":["GET"]}}],"collection":[{"href":"https:\/\/catapa.be\/en\/wp-json\/wp\/v2\/posts"}],"about":[{"href":"https:\/\/catapa.be\/en\/wp-json\/wp\/v2\/types\/post"}],"author":[{"embeddable":true,"href":"https:\/\/catapa.be\/en\/wp-json\/wp\/v2\/users\/1"}],"replies":[{"embeddable":true,"href":"https:\/\/catapa.be\/en\/wp-json\/wp\/v2\/comments?post=10852"}],"version-history":[{"count":6,"href":"https:\/\/catapa.be\/en\/wp-json\/wp\/v2\/posts\/10852\/revisions"}],"predecessor-version":[{"id":11179,"href":"https:\/\/catapa.be\/en\/wp-json\/wp\/v2\/posts\/10852\/revisions\/11179"}],"wp:featuredmedia":[{"embeddable":true,"href":"https:\/\/catapa.be\/en\/wp-json\/wp\/v2\/media\/10822"}],"wp:attachment":[{"href":"https:\/\/catapa.be\/en\/wp-json\/wp\/v2\/media?parent=10852"}],"wp:term":[{"taxonomy":"category","embeddable":true,"href":"https:\/\/catapa.be\/en\/wp-json\/wp\/v2\/categories?post=10852"},{"taxonomy":"post_tag","embeddable":true,"href":"https:\/\/catapa.be\/en\/wp-json\/wp\/v2\/tags?post=10852"}],"curies":[{"name":"wp","href":"https:\/\/api.w.org\/{rel}","templated":true}]}}