{"id":15681,"date":"2020-08-19T10:43:16","date_gmt":"2020-08-19T08:43:16","guid":{"rendered":"https:\/\/catapa.be\/?p=15681"},"modified":"2020-08-26T14:09:01","modified_gmt":"2020-08-26T12:09:01","slug":"webinar-series-towards-a-responsible-supply-chain-for-electronics","status":"publish","type":"post","link":"https:\/\/catapa.be\/en\/webinar-series-towards-a-responsible-supply-chain-for-electronics\/","title":{"rendered":"Webinar Series: Towards a Responsible Supply Chain for Electronics"},"content":{"rendered":"<div class=\"wpb-content-wrapper\"><p>[vc_row][vc_column][vc_column_text]<\/p>\n<h3 style=\"text-align: left;\"><span style=\"font-weight: 400;\">WEBINAR SERIES: <\/span><\/h3>\n<p>[\/vc_column_text][vc_custom_heading text=&#8221;Towards a Responsible Supply Chain for Electronics&#8221; font_container=&#8221;tag:h2|font_size:44|text_align:center|color:%23112189&#8243; google_fonts=&#8221;font_family:Open%20Sans%3A300%2C300italic%2Cregular%2Citalic%2C600%2C600italic%2C700%2C700italic%2C800%2C800italic|font_style:600%20bold%20regular%3A600%3Anormal&#8221;][vc_custom_heading text=&#8221;From Mining to Manufacturing&#8221; font_container=&#8221;tag:h2|font_size:35|text_align:center|color:%2309529b&#8221; google_fonts=&#8221;font_family:Open%20Sans%3A300%2C300italic%2Cregular%2Citalic%2C600%2C600italic%2C700%2C700italic%2C800%2C800italic|font_style:600%20bold%20regular%3A600%3Anormal&#8221;][vc_column_text]<\/p>\n<h3 style=\"text-align: center;\"><span style=\"font-weight: 400;\">28th September &#8211; 2nd October 2020<\/span><\/h3>\n<p>[\/vc_column_text][vc_column_text]<\/p>\n<h3 style=\"text-align: center;\"><a href=\"https:\/\/docs.google.com\/forms\/d\/e\/1FAIpQLSe8EMTlIJtaWPJZ1vqYMux9nHYM8VcnrhNh-e08swNx8f-30A\/viewform\">Registration<\/a><\/h3>\n<p>[\/vc_column_text][vc_empty_space][vc_column_text]<\/p>\n<p style=\"text-align: justify;\"><i><span style=\"font-weight: 400;\">The webinars are organised by the <\/span><\/i><a href=\"https:\/\/www.ed.ac.uk\/sustainability\/what-we-do\/supply-chains\/initiatives\/make-ict-fair-project\"><i><span style=\"font-weight: 400;\">Make ICT Fair project<\/span><\/i><\/a><i><span style=\"font-weight: 400;\">, in collaboration with <\/span><\/i><a href=\"https:\/\/fairictflanders.be\"><i><span style=\"font-weight: 400;\">Fair ICT Flanders<\/span><\/i><\/a><i><span style=\"font-weight: 400;\"> and supported by KU Leuven <\/span><\/i><a href=\"https:\/\/kuleuven.sim2.be\"><i><span style=\"font-weight: 400;\">SIM<\/span><\/i><i><span style=\"font-weight: 400;\">2<\/span><\/i><\/a><span style=\"font-weight: 400;\">. <\/span><\/p>\n<p>[\/vc_column_text][vc_column_text]<\/p>\n<h2 style=\"text-align: justify;\">Summary<\/h2>\n<p>[\/vc_column_text][vc_column_text]<\/p>\n<p style=\"text-align: justify;\"><span style=\"font-weight: 400;\">In 2017, eleven European partners joined forces to create the project \u201cMake ICT Fair &#8211; Reforming manufacture and minerals supply chains through policy, finance and public procurement\u201d. This diverse partnership (including a university, a newspaper company, an international association of governments, a monitoring organisation, research centers and other specialised civil society organizations) aims at improving the lives of workers and local communities impacted along the ICT supply chain through research, capacity building and campaigning.<\/span><\/p>\n<p style=\"text-align: justify;\"><b>Three years later, the consortium is hosting a series of webinars to share the research results, pleading for increased transparency in a fairer ICT supply chain.\u00a0<\/b><\/p>\n<p style=\"text-align: justify;\"><span style=\"font-weight: 400;\">In three webinars, the different links of the ICT supply chain, from mineral extraction to manufacturing and assembly are analysed. Key results of the research are presented and the following questions are debated:<\/span><\/p>\n<ul style=\"text-align: justify;\">\n<li><b>Which levers in the supply chain could drive a fairer ICT supply chain?<\/b><\/li>\n<\/ul>\n<ul>\n<li><strong>What are the opportunities and calls to action?<\/strong><\/li>\n<\/ul>\n<p style=\"text-align: justify;\"><span style=\"font-weight: 400;\">These webinars aim to stimulate an <\/span><b>open discussion <\/b><span style=\"font-weight: 400;\">with the sector<\/span><b> to achieve a fairer supply chain for electronic devices<\/b><span style=\"font-weight: 400;\">. Each webinar is structured in two parts:<\/span><\/p>\n<ol>\n<li style=\"font-weight: 400; text-align: justify;\"><strong>Overview of the relevant research results and a brief explanation why its conclusions could help to improve the studied stage in\u00a0 the supply chain.<\/strong><\/li>\n<li style=\"font-weight: 400; text-align: justify;\"><strong>Open discussion with the participants.<\/strong><\/li>\n<\/ol>\n<p>[\/vc_column_text][vc_empty_space][vc_column_text]<\/p>\n<h2>Provisional Programme<\/h2>\n<p>[\/vc_column_text][vc_custom_heading text=&#8221;Webinar 1: Challenges in the copper supply chain&#8221; font_container=&#8221;tag:h2|font_size:30|text_align:justify|color:%23105189&#8243; google_fonts=&#8221;font_family:Open%20Sans%3A300%2C300italic%2Cregular%2Citalic%2C600%2C600italic%2C700%2C700italic%2C800%2C800italic|font_style:400%20regular%3A400%3Anormal&#8221;][vc_column_text]<\/p>\n<p style=\"text-align: justify;\"><b>28th September<\/b><span style=\"font-weight: 400;\">, 10:00-11:30 (CEST)\u00a0 |\u00a0 <a href=\"https:\/\/forms.gle\/BVSRxHtri26NGeuU9\">Registration<\/a><\/span><\/p>\n<p style=\"text-align: justify;\"><span style=\"font-weight: 400;\">The current copper production is facing many challenges. Case studies in Zambia, Bulgaria and Namibia are showing large social and environmental impact. Witnesses\u00a0 from local communities and monitoring data are showing the achilles heels of the extraction. However copper is highly demanded in current and future technological applications. <\/span><span style=\"font-weight: 400;\">New technological innovations are available, ready for upscaling but not yet implemented. (How) Can adequate policy drive this change?<\/span><\/p>\n<p style=\"text-align: justify;\"><em><b>Speakers:<\/b><span style=\"font-weight: 400;\"> Linda Scott Jakobsson (Swedwatch), Daniel Popov (CEEBWN) &amp; Xiaohua Sharron Li (KU Leuven)<\/span><span style=\"font-weight: 400;\">.\u00a0<\/span><\/em><\/p>\n<p style=\"text-align: justify;\"><em><b>Moderator:<\/b> <span style=\"font-weight: 400;\">\u00a0Charlotte Christiaens (CATAPA).\u00a0<\/span><\/em><\/p>\n<p>[\/vc_column_text][vc_empty_space][vc_custom_heading text=&#8221;Webinar 2: Artisanal and Small-scale Mining as part of a fair global supply chain&#8221; font_container=&#8221;tag:h2|font_size:30|text_align:justify|color:%23105189&#8243; google_fonts=&#8221;font_family:Open%20Sans%3A300%2C300italic%2Cregular%2Citalic%2C600%2C600italic%2C700%2C700italic%2C800%2C800italic|font_style:400%20regular%3A400%3Anormal&#8221;][vc_column_text]<\/p>\n<p style=\"text-align: justify;\"><b>1st October<\/b><span style=\"font-weight: 400;\">, 10:00-11:30 (CEST)\u00a0 |\u00a0 <a href=\"https:\/\/forms.gle\/BVSRxHtri26NGeuU9\">Registration<\/a><\/span><\/p>\n<p style=\"text-align: justify;\"><b>Artisanal and Small-scale Mining (ASM)<\/b><span style=\"font-weight: 400;\"> represents the majority of the workforce engaged in mining activities worldwide. While it is often seen as an informal subsistence activity for local communities, ASM is actually very well integrated in the global metal supply chain. This kind of mining operation is sometimes referred to as the most \u2018sustainable\u2019 socio-economic way of exploiting metal ores against its depletion, while it also can cause enormous uncontrolled health and environmental impacts that affect workers and local communities.<\/span><\/p>\n<p style=\"text-align: justify;\"><span style=\"font-weight: 400;\">This webinar presents one case study of ASM and discusses the local impacts and how their integration in the international market could be a lever to engage other stakeholders towards positive change through enhanced due diligence, monitoring and collaboration.<\/span><\/p>\n<p style=\"text-align: justify;\"><em><b>Speakers<\/b><span style=\"font-weight: 400;\">: Prof Erik Smolders (KU Leuven), Boris Verbruggen (KU Leuven) &amp; <\/span><\/em><em>Alberto V\u00e1zquez Ruiz (CATAPA).\u00a0<\/em><\/p>\n<p><em><b>Moderator<\/b><span style=\"font-weight: 400;\">:<\/span><\/em><em> Piet Wostyn (KU Leuven).<\/em>[\/vc_column_text][vc_empty_space][vc_custom_heading text=&#8221;Webinar 3: Trade union rights in the global electronics industry: the case of Indonesia&#8221; font_container=&#8221;tag:h2|font_size:30|text_align:justify|color:%23105189&#8243; google_fonts=&#8221;font_family:Open%20Sans%3A300%2C300italic%2Cregular%2Citalic%2C600%2C600italic%2C700%2C700italic%2C800%2C800italic|font_style:400%20regular%3A400%3Anormal&#8221;][vc_column_text]<\/p>\n<p style=\"text-align: justify;\"><b>2nd October<\/b><span style=\"font-weight: 400;\">, 10:00-11:30 (CEST)\u00a0 |\u00a0 <a href=\"https:\/\/forms.gle\/BVSRxHtri26NGeuU9\">Registration<\/a><\/span><\/p>\n<p style=\"text-align: justify;\"><span style=\"font-weight: 400;\">The right to organise is often denied to workers in the electronics industry. In key electronics production sites like China and Vietnam, the only union that workers are allowed to join is the state-sanctioned union. But even in countries where union rights are protected by law, like Indonesia, workers often find it difficult to exercise this right. This webinar presents field research from Bekasi, Indonesia\u2019s prime industrial area just outside Jakarta. Looking at four different electronic factories, the webinar discusses the multiple barriers workers\u2019 face when they seek to exercise their right to freedom of association and the strategies different Indonesian unions have developed in response.<\/span><\/p>\n<p style=\"text-align: justify;\"><em><b>Speakers:<\/b><span style=\"font-weight: 400;\"> Jeroen Merk (University of Edinburgh), Hari Nugroho (University of Indonesia) <\/span><span style=\"font-weight: 400;\">&amp; <\/span><span style=\"font-weight: 400;\">\u00a0Fahmi Panimbang (LIPS).\u00a0<\/span><\/em><\/p>\n<p><em><b>Moderator<\/b><span style=\"font-weight: 400;\">:<\/span><span style=\"font-weight: 400;\"> Dave Gorman (University of Edinburgh).<\/span><\/em>[\/vc_column_text][vc_separator color=&#8221;sky&#8221;][vc_column_text]You can choose to register for all three webinars, or just one or two of them, in the <a href=\"https:\/\/docs.google.com\/forms\/d\/e\/1FAIpQLSe8EMTlIJtaWPJZ1vqYMux9nHYM8VcnrhNh-e08swNx8f-30A\/viewform\">registration form<\/a>.[\/vc_column_text][vc_single_image image=&#8221;15702&#8243; img_size=&#8221;full&#8221; alignment=&#8221;center&#8221;][vc_column_text]<\/p>\n<div class=\"docos-docoview-rootreply\">\n<div class=\"docos-anchoredreplyview docos-replyview-first docos-replyview-comment\">\n<div class=\"docos-collapsible-replyview\">\n<div class=\"docos-replyview-static\">\n<div class=\"docos-replyview-body docos-anchoredreplyview-body\" dir=\"ltr\"><em>*This event is organised with the financial assistance of the European Union. The contents of this event are the sole responsibility of the organisers and can under no circumstances be regarded as reflecting the position of the European Union.<\/em><\/div>\n<div dir=\"ltr\"><em>**The Flemish Government cannot be held responsible for the content of this event.<\/em><\/div>\n<\/div>\n<\/div>\n<\/div>\n<\/div>\n<div class=\"docos-anchoredreplyview docos-replyview-comment\">\n<div class=\"docos-anchoredreplyview-header\"><\/div>\n<\/div>\n<p>[\/vc_column_text][\/vc_column][\/vc_row]<\/p>\n<\/div>","protected":false},"excerpt":{"rendered":"<p>[vc_row][vc_column][vc_column_text] WEBINAR SERIES: [\/vc_column_text][vc_custom_heading text=&#8221;Towards a Responsible Supply Chain for Electronics&#8221; font_container=&#8221;tag:h2|font_size:44|text_align:center|color:%23112189&#8243; google_fonts=&#8221;font_family:Open%20Sans%3A300%2C300italic%2Cregular%2Citalic%2C600%2C600italic%2C700%2C700italic%2C800%2C800italic|font_style:600%20bold%20regular%3A600%3Anormal&#8221;][vc_custom_heading text=&#8221;From Mining to Manufacturing&#8221; font_container=&#8221;tag:h2|font_size:35|text_align:center|color:%2309529b&#8221; google_fonts=&#8221;font_family:Open%20Sans%3A300%2C300italic%2Cregular%2Citalic%2C600%2C600italic%2C700%2C700italic%2C800%2C800italic|font_style:600%20bold%20regular%3A600%3Anormal&#8221;][vc_column_text] 28th September &#8211; 2nd October 2020 [\/vc_column_text][vc_column_text] Registration [\/vc_column_text][vc_empty_space][vc_column_text] The webinars are organised by the Make<br \/><a class=\"read-more\" href=\"https:\/\/catapa.be\/en\/webinar-series-towards-a-responsible-supply-chain-for-electronics\/\">Read More<\/a><\/p>\n","protected":false},"author":36,"featured_media":15729,"comment_status":"open","ping_status":"open","sticky":false,"template":"","format":"standard","meta":{"_exactmetrics_skip_tracking":false,"_exactmetrics_sitenote_active":false,"_exactmetrics_sitenote_note":"","_exactmetrics_sitenote_category":0,"jetpack_post_was_ever_published":false,"_jetpack_newsletter_access":"","_jetpack_dont_email_post_to_subs":false,"_jetpack_newsletter_tier_id":0,"_jetpack_memberships_contains_paywalled_content":false,"_jetpack_memberships_contains_paid_content":false,"footnotes":"","jetpack_publicize_message":"","jetpack_publicize_feature_enabled":true,"jetpack_social_post_already_shared":true,"jetpack_social_options":{"image_generator_settings":{"template":"highway","default_image_id":0,"font":"","enabled":false},"version":2}},"categories":[1],"tags":[],"class_list":["post-15681","post","type-post","status-publish","format-standard","has-post-thumbnail","hentry","category-uncategorized"],"yoast_head":"<!-- This site is optimized with the Yoast SEO plugin v26.8 - https:\/\/yoast.com\/product\/yoast-seo-wordpress\/ -->\n<title>Webinar Series: Towards a Responsible Supply Chain for Electronics - CATAPA vzw<\/title>\n<meta name=\"robots\" content=\"index, follow, max-snippet:-1, max-image-preview:large, max-video-preview:-1\" \/>\n<link rel=\"canonical\" href=\"https:\/\/catapa.be\/en\/webinar-series-towards-a-responsible-supply-chain-for-electronics\/\" \/>\n<meta property=\"og:locale\" content=\"en_US\" \/>\n<meta property=\"og:type\" content=\"article\" \/>\n<meta property=\"og:title\" content=\"Webinar Series: Towards a Responsible Supply Chain for Electronics - CATAPA vzw\" \/>\n<meta property=\"og:description\" content=\"[vc_row][vc_column][vc_column_text] WEBINAR SERIES: [\/vc_column_text][vc_custom_heading text=&#8221;Towards a Responsible Supply Chain for Electronics&#8221; font_container=&#8221;tag:h2|font_size:44|text_align:center|color:%23112189&#8243; google_fonts=&#8221;font_family:Open%20Sans%3A300%2C300italic%2Cregular%2Citalic%2C600%2C600italic%2C700%2C700italic%2C800%2C800italic|font_style:600%20bold%20regular%3A600%3Anormal&#8221;][vc_custom_heading text=&#8221;From Mining to Manufacturing&#8221; font_container=&#8221;tag:h2|font_size:35|text_align:center|color:%2309529b&#8221; google_fonts=&#8221;font_family:Open%20Sans%3A300%2C300italic%2Cregular%2Citalic%2C600%2C600italic%2C700%2C700italic%2C800%2C800italic|font_style:600%20bold%20regular%3A600%3Anormal&#8221;][vc_column_text] 28th September &#8211; 2nd October 2020 [\/vc_column_text][vc_column_text] Registration [\/vc_column_text][vc_empty_space][vc_column_text] The webinars are organised by the MakeRead More\" \/>\n<meta property=\"og:url\" content=\"https:\/\/catapa.be\/en\/webinar-series-towards-a-responsible-supply-chain-for-electronics\/\" \/>\n<meta property=\"og:site_name\" content=\"CATAPA vzw\" \/>\n<meta property=\"article:publisher\" content=\"https:\/\/www.facebook.com\/catapa.belgium\/\" \/>\n<meta property=\"article:published_time\" content=\"2020-08-19T08:43:16+00:00\" \/>\n<meta property=\"article:modified_time\" content=\"2020-08-26T12:09:01+00:00\" \/>\n<meta property=\"og:image\" content=\"https:\/\/i0.wp.com\/catapa.be\/wp-content\/uploads\/2020\/08\/Webinar-series-Facebook-event-format-1.png?fit=1920%2C1080&ssl=1\" \/>\n\t<meta property=\"og:image:width\" content=\"1920\" \/>\n\t<meta property=\"og:image:height\" content=\"1080\" \/>\n\t<meta property=\"og:image:type\" content=\"image\/png\" \/>\n<meta name=\"author\" content=\"Daniela Marques Branco\" \/>\n<meta name=\"twitter:card\" content=\"summary_large_image\" \/>\n<meta name=\"twitter:creator\" content=\"@CATAPA_Belgica\" \/>\n<meta name=\"twitter:site\" content=\"@CATAPA_Belgica\" \/>\n<meta name=\"twitter:label1\" content=\"Written by\" \/>\n\t<meta name=\"twitter:data1\" content=\"Daniela Marques Branco\" \/>\n\t<meta name=\"twitter:label2\" content=\"Est. reading time\" \/>\n\t<meta name=\"twitter:data2\" content=\"5 minutes\" \/>\n<script type=\"application\/ld+json\" class=\"yoast-schema-graph\">{\"@context\":\"https:\/\/schema.org\",\"@graph\":[{\"@type\":\"Article\",\"@id\":\"https:\/\/catapa.be\/en\/webinar-series-towards-a-responsible-supply-chain-for-electronics\/#article\",\"isPartOf\":{\"@id\":\"https:\/\/catapa.be\/en\/webinar-series-towards-a-responsible-supply-chain-for-electronics\/\"},\"author\":{\"name\":\"Daniela Marques Branco\",\"@id\":\"https:\/\/catapa.be\/en\/#\/schema\/person\/95bd3b08638eed476945cac7c45b182d\"},\"headline\":\"Webinar Series: Towards a Responsible Supply Chain for Electronics\",\"datePublished\":\"2020-08-19T08:43:16+00:00\",\"dateModified\":\"2020-08-26T12:09:01+00:00\",\"mainEntityOfPage\":{\"@id\":\"https:\/\/catapa.be\/en\/webinar-series-towards-a-responsible-supply-chain-for-electronics\/\"},\"wordCount\":1038,\"commentCount\":1,\"publisher\":{\"@id\":\"https:\/\/catapa.be\/en\/#organization\"},\"image\":{\"@id\":\"https:\/\/catapa.be\/en\/webinar-series-towards-a-responsible-supply-chain-for-electronics\/#primaryimage\"},\"thumbnailUrl\":\"https:\/\/i0.wp.com\/catapa.be\/wp-content\/uploads\/2020\/08\/Webinar-series-Facebook-event-format-1.png?fit=1920%2C1080&ssl=1\",\"inLanguage\":\"en-US\",\"potentialAction\":[{\"@type\":\"CommentAction\",\"name\":\"Comment\",\"target\":[\"https:\/\/catapa.be\/en\/webinar-series-towards-a-responsible-supply-chain-for-electronics\/#respond\"]}]},{\"@type\":\"WebPage\",\"@id\":\"https:\/\/catapa.be\/en\/webinar-series-towards-a-responsible-supply-chain-for-electronics\/\",\"url\":\"https:\/\/catapa.be\/en\/webinar-series-towards-a-responsible-supply-chain-for-electronics\/\",\"name\":\"Webinar Series: Towards a Responsible Supply Chain for Electronics - CATAPA vzw\",\"isPartOf\":{\"@id\":\"https:\/\/catapa.be\/en\/#website\"},\"primaryImageOfPage\":{\"@id\":\"https:\/\/catapa.be\/en\/webinar-series-towards-a-responsible-supply-chain-for-electronics\/#primaryimage\"},\"image\":{\"@id\":\"https:\/\/catapa.be\/en\/webinar-series-towards-a-responsible-supply-chain-for-electronics\/#primaryimage\"},\"thumbnailUrl\":\"https:\/\/i0.wp.com\/catapa.be\/wp-content\/uploads\/2020\/08\/Webinar-series-Facebook-event-format-1.png?fit=1920%2C1080&ssl=1\",\"datePublished\":\"2020-08-19T08:43:16+00:00\",\"dateModified\":\"2020-08-26T12:09:01+00:00\",\"breadcrumb\":{\"@id\":\"https:\/\/catapa.be\/en\/webinar-series-towards-a-responsible-supply-chain-for-electronics\/#breadcrumb\"},\"inLanguage\":\"en-US\",\"potentialAction\":[{\"@type\":\"ReadAction\",\"target\":[\"https:\/\/catapa.be\/en\/webinar-series-towards-a-responsible-supply-chain-for-electronics\/\"]}]},{\"@type\":\"ImageObject\",\"inLanguage\":\"en-US\",\"@id\":\"https:\/\/catapa.be\/en\/webinar-series-towards-a-responsible-supply-chain-for-electronics\/#primaryimage\",\"url\":\"https:\/\/i0.wp.com\/catapa.be\/wp-content\/uploads\/2020\/08\/Webinar-series-Facebook-event-format-1.png?fit=1920%2C1080&ssl=1\",\"contentUrl\":\"https:\/\/i0.wp.com\/catapa.be\/wp-content\/uploads\/2020\/08\/Webinar-series-Facebook-event-format-1.png?fit=1920%2C1080&ssl=1\",\"width\":1920,\"height\":1080},{\"@type\":\"BreadcrumbList\",\"@id\":\"https:\/\/catapa.be\/en\/webinar-series-towards-a-responsible-supply-chain-for-electronics\/#breadcrumb\",\"itemListElement\":[{\"@type\":\"ListItem\",\"position\":1,\"name\":\"Home\",\"item\":\"https:\/\/catapa.be\/en\/\"},{\"@type\":\"ListItem\",\"position\":2,\"name\":\"Webinar Series: Towards a Responsible Supply Chain for Electronics\"}]},{\"@type\":\"WebSite\",\"@id\":\"https:\/\/catapa.be\/en\/#website\",\"url\":\"https:\/\/catapa.be\/en\/\",\"name\":\"CATAPA vzw\",\"description\":\"Comit\u00e9 Acad\u00e9mico T\u00e9cnico de Asesoramiento a Problemas Ambientales\",\"publisher\":{\"@id\":\"https:\/\/catapa.be\/en\/#organization\"},\"potentialAction\":[{\"@type\":\"SearchAction\",\"target\":{\"@type\":\"EntryPoint\",\"urlTemplate\":\"https:\/\/catapa.be\/en\/?s={search_term_string}\"},\"query-input\":{\"@type\":\"PropertyValueSpecification\",\"valueRequired\":true,\"valueName\":\"search_term_string\"}}],\"inLanguage\":\"en-US\"},{\"@type\":\"Organization\",\"@id\":\"https:\/\/catapa.be\/en\/#organization\",\"name\":\"CATAPA vzw\",\"url\":\"https:\/\/catapa.be\/en\/\",\"logo\":{\"@type\":\"ImageObject\",\"inLanguage\":\"en-US\",\"@id\":\"https:\/\/catapa.be\/en\/#\/schema\/logo\/image\/\",\"url\":\"https:\/\/i0.wp.com\/catapa.be\/wp-content\/uploads\/2019\/02\/NEW20LOGO20SHORT20PNG1.png?fit=1259%2C1321&ssl=1\",\"contentUrl\":\"https:\/\/i0.wp.com\/catapa.be\/wp-content\/uploads\/2019\/02\/NEW20LOGO20SHORT20PNG1.png?fit=1259%2C1321&ssl=1\",\"width\":1259,\"height\":1321,\"caption\":\"CATAPA vzw\"},\"image\":{\"@id\":\"https:\/\/catapa.be\/en\/#\/schema\/logo\/image\/\"},\"sameAs\":[\"https:\/\/www.facebook.com\/catapa.belgium\/\",\"https:\/\/x.com\/CATAPA_Belgica\",\"https:\/\/www.instagram.com\/catapa_vzw\/\",\"https:\/\/be.linkedin.com\/company\/catapavzw\",\"https:\/\/www.youtube.com\/channel\/UCE52-Fiyv-Fpqf2gi1qhf1g\"]},{\"@type\":\"Person\",\"@id\":\"https:\/\/catapa.be\/en\/#\/schema\/person\/95bd3b08638eed476945cac7c45b182d\",\"name\":\"Daniela Marques Branco\",\"url\":\"https:\/\/catapa.be\/en\/author\/daniela-marques\/\"}]}<\/script>\n<!-- \/ Yoast SEO plugin. -->","yoast_head_json":{"title":"Webinar Series: Towards a Responsible Supply Chain for Electronics - CATAPA vzw","robots":{"index":"index","follow":"follow","max-snippet":"max-snippet:-1","max-image-preview":"max-image-preview:large","max-video-preview":"max-video-preview:-1"},"canonical":"https:\/\/catapa.be\/en\/webinar-series-towards-a-responsible-supply-chain-for-electronics\/","og_locale":"en_US","og_type":"article","og_title":"Webinar Series: Towards a Responsible Supply Chain for Electronics - CATAPA vzw","og_description":"[vc_row][vc_column][vc_column_text] WEBINAR SERIES: [\/vc_column_text][vc_custom_heading text=&#8221;Towards a Responsible Supply Chain for Electronics&#8221; font_container=&#8221;tag:h2|font_size:44|text_align:center|color:%23112189&#8243; google_fonts=&#8221;font_family:Open%20Sans%3A300%2C300italic%2Cregular%2Citalic%2C600%2C600italic%2C700%2C700italic%2C800%2C800italic|font_style:600%20bold%20regular%3A600%3Anormal&#8221;][vc_custom_heading text=&#8221;From Mining to Manufacturing&#8221; font_container=&#8221;tag:h2|font_size:35|text_align:center|color:%2309529b&#8221; google_fonts=&#8221;font_family:Open%20Sans%3A300%2C300italic%2Cregular%2Citalic%2C600%2C600italic%2C700%2C700italic%2C800%2C800italic|font_style:600%20bold%20regular%3A600%3Anormal&#8221;][vc_column_text] 28th September &#8211; 2nd October 2020 [\/vc_column_text][vc_column_text] Registration [\/vc_column_text][vc_empty_space][vc_column_text] The webinars are organised by the MakeRead More","og_url":"https:\/\/catapa.be\/en\/webinar-series-towards-a-responsible-supply-chain-for-electronics\/","og_site_name":"CATAPA vzw","article_publisher":"https:\/\/www.facebook.com\/catapa.belgium\/","article_published_time":"2020-08-19T08:43:16+00:00","article_modified_time":"2020-08-26T12:09:01+00:00","og_image":[{"width":1920,"height":1080,"url":"https:\/\/i0.wp.com\/catapa.be\/wp-content\/uploads\/2020\/08\/Webinar-series-Facebook-event-format-1.png?fit=1920%2C1080&ssl=1","type":"image\/png"}],"author":"Daniela Marques Branco","twitter_card":"summary_large_image","twitter_creator":"@CATAPA_Belgica","twitter_site":"@CATAPA_Belgica","twitter_misc":{"Written by":"Daniela Marques Branco","Est. reading time":"5 minutes"},"schema":{"@context":"https:\/\/schema.org","@graph":[{"@type":"Article","@id":"https:\/\/catapa.be\/en\/webinar-series-towards-a-responsible-supply-chain-for-electronics\/#article","isPartOf":{"@id":"https:\/\/catapa.be\/en\/webinar-series-towards-a-responsible-supply-chain-for-electronics\/"},"author":{"name":"Daniela Marques Branco","@id":"https:\/\/catapa.be\/en\/#\/schema\/person\/95bd3b08638eed476945cac7c45b182d"},"headline":"Webinar Series: Towards a Responsible Supply Chain for Electronics","datePublished":"2020-08-19T08:43:16+00:00","dateModified":"2020-08-26T12:09:01+00:00","mainEntityOfPage":{"@id":"https:\/\/catapa.be\/en\/webinar-series-towards-a-responsible-supply-chain-for-electronics\/"},"wordCount":1038,"commentCount":1,"publisher":{"@id":"https:\/\/catapa.be\/en\/#organization"},"image":{"@id":"https:\/\/catapa.be\/en\/webinar-series-towards-a-responsible-supply-chain-for-electronics\/#primaryimage"},"thumbnailUrl":"https:\/\/i0.wp.com\/catapa.be\/wp-content\/uploads\/2020\/08\/Webinar-series-Facebook-event-format-1.png?fit=1920%2C1080&ssl=1","inLanguage":"en-US","potentialAction":[{"@type":"CommentAction","name":"Comment","target":["https:\/\/catapa.be\/en\/webinar-series-towards-a-responsible-supply-chain-for-electronics\/#respond"]}]},{"@type":"WebPage","@id":"https:\/\/catapa.be\/en\/webinar-series-towards-a-responsible-supply-chain-for-electronics\/","url":"https:\/\/catapa.be\/en\/webinar-series-towards-a-responsible-supply-chain-for-electronics\/","name":"Webinar Series: Towards a Responsible Supply Chain for Electronics - CATAPA vzw","isPartOf":{"@id":"https:\/\/catapa.be\/en\/#website"},"primaryImageOfPage":{"@id":"https:\/\/catapa.be\/en\/webinar-series-towards-a-responsible-supply-chain-for-electronics\/#primaryimage"},"image":{"@id":"https:\/\/catapa.be\/en\/webinar-series-towards-a-responsible-supply-chain-for-electronics\/#primaryimage"},"thumbnailUrl":"https:\/\/i0.wp.com\/catapa.be\/wp-content\/uploads\/2020\/08\/Webinar-series-Facebook-event-format-1.png?fit=1920%2C1080&ssl=1","datePublished":"2020-08-19T08:43:16+00:00","dateModified":"2020-08-26T12:09:01+00:00","breadcrumb":{"@id":"https:\/\/catapa.be\/en\/webinar-series-towards-a-responsible-supply-chain-for-electronics\/#breadcrumb"},"inLanguage":"en-US","potentialAction":[{"@type":"ReadAction","target":["https:\/\/catapa.be\/en\/webinar-series-towards-a-responsible-supply-chain-for-electronics\/"]}]},{"@type":"ImageObject","inLanguage":"en-US","@id":"https:\/\/catapa.be\/en\/webinar-series-towards-a-responsible-supply-chain-for-electronics\/#primaryimage","url":"https:\/\/i0.wp.com\/catapa.be\/wp-content\/uploads\/2020\/08\/Webinar-series-Facebook-event-format-1.png?fit=1920%2C1080&ssl=1","contentUrl":"https:\/\/i0.wp.com\/catapa.be\/wp-content\/uploads\/2020\/08\/Webinar-series-Facebook-event-format-1.png?fit=1920%2C1080&ssl=1","width":1920,"height":1080},{"@type":"BreadcrumbList","@id":"https:\/\/catapa.be\/en\/webinar-series-towards-a-responsible-supply-chain-for-electronics\/#breadcrumb","itemListElement":[{"@type":"ListItem","position":1,"name":"Home","item":"https:\/\/catapa.be\/en\/"},{"@type":"ListItem","position":2,"name":"Webinar Series: Towards a Responsible Supply Chain for Electronics"}]},{"@type":"WebSite","@id":"https:\/\/catapa.be\/en\/#website","url":"https:\/\/catapa.be\/en\/","name":"CATAPA vzw","description":"Comit\u00e9 Acad\u00e9mico T\u00e9cnico de Asesoramiento a Problemas Ambientales","publisher":{"@id":"https:\/\/catapa.be\/en\/#organization"},"potentialAction":[{"@type":"SearchAction","target":{"@type":"EntryPoint","urlTemplate":"https:\/\/catapa.be\/en\/?s={search_term_string}"},"query-input":{"@type":"PropertyValueSpecification","valueRequired":true,"valueName":"search_term_string"}}],"inLanguage":"en-US"},{"@type":"Organization","@id":"https:\/\/catapa.be\/en\/#organization","name":"CATAPA vzw","url":"https:\/\/catapa.be\/en\/","logo":{"@type":"ImageObject","inLanguage":"en-US","@id":"https:\/\/catapa.be\/en\/#\/schema\/logo\/image\/","url":"https:\/\/i0.wp.com\/catapa.be\/wp-content\/uploads\/2019\/02\/NEW20LOGO20SHORT20PNG1.png?fit=1259%2C1321&ssl=1","contentUrl":"https:\/\/i0.wp.com\/catapa.be\/wp-content\/uploads\/2019\/02\/NEW20LOGO20SHORT20PNG1.png?fit=1259%2C1321&ssl=1","width":1259,"height":1321,"caption":"CATAPA vzw"},"image":{"@id":"https:\/\/catapa.be\/en\/#\/schema\/logo\/image\/"},"sameAs":["https:\/\/www.facebook.com\/catapa.belgium\/","https:\/\/x.com\/CATAPA_Belgica","https:\/\/www.instagram.com\/catapa_vzw\/","https:\/\/be.linkedin.com\/company\/catapavzw","https:\/\/www.youtube.com\/channel\/UCE52-Fiyv-Fpqf2gi1qhf1g"]},{"@type":"Person","@id":"https:\/\/catapa.be\/en\/#\/schema\/person\/95bd3b08638eed476945cac7c45b182d","name":"Daniela Marques Branco","url":"https:\/\/catapa.be\/en\/author\/daniela-marques\/"}]}},"jetpack_publicize_connections":[],"jetpack_featured_media_url":"https:\/\/i0.wp.com\/catapa.be\/wp-content\/uploads\/2020\/08\/Webinar-series-Facebook-event-format-1.png?fit=1920%2C1080&ssl=1","jetpack_sharing_enabled":true,"jetpack_likes_enabled":true,"jetpack-related-posts":[{"id":10852,"url":"https:\/\/catapa.be\/en\/are-you-running-the-20-km-of-brussels-with-us\/","url_meta":{"origin":15681,"position":0},"title":"Are you running the 20 km of Brussels with us?","author":"admin","date":"09\/04\/2019","format":false,"excerpt":"[vc_row][vc_column][vc_column_text] Are you also running the 20 km of Brussels for CATAPA on May 19th? Sign up and become one of the CATAPA runners! On May 19th, CATAPA runs the 20 km of Brussels to continue to fight for the rights of local communities that are victims of the ecological\u2026","rel":"","context":"Similar post","block_context":{"text":"Similar post","link":""},"img":{"alt_text":"","src":"https:\/\/i0.wp.com\/catapa.be\/wp-content\/uploads\/2019\/04\/PUNCH-min.png?fit=940%2C788&ssl=1&resize=350%2C200","width":350,"height":200,"srcset":"https:\/\/i0.wp.com\/catapa.be\/wp-content\/uploads\/2019\/04\/PUNCH-min.png?fit=940%2C788&ssl=1&resize=350%2C200 1x, https:\/\/i0.wp.com\/catapa.be\/wp-content\/uploads\/2019\/04\/PUNCH-min.png?fit=940%2C788&ssl=1&resize=525%2C300 1.5x, https:\/\/i0.wp.com\/catapa.be\/wp-content\/uploads\/2019\/04\/PUNCH-min.png?fit=940%2C788&ssl=1&resize=700%2C400 2x"},"classes":[]},{"id":10820,"url":"https:\/\/catapa.be\/nl\/loop-je-mee-met-de-20-km-van-brussel-voor-catapa\/","url_meta":{"origin":15681,"position":1},"title":"Loop je mee met de 20 km van Brussel voor CATAPA?","author":"admin","date":"09\/04\/2019","format":false,"excerpt":"[vc_row][vc_column][vc_column_text] Loop jij ook op 19 mei de 20 km van Brussel voor CATAPA? Schrijf je in en word \u00e9\u00e9n van de lopers van CATAPA! CATAPA loopt op 19 mei de 20 km van Brussel om verder te strijden voor de rechten van lokale gemeenschappen die het slachtoffer worden van\u2026","rel":"","context":"Similar post","block_context":{"text":"Similar post","link":""},"img":{"alt_text":"","src":"https:\/\/i0.wp.com\/catapa.be\/wp-content\/uploads\/2019\/04\/PUNCH-min.png?fit=940%2C788&ssl=1&resize=350%2C200","width":350,"height":200,"srcset":"https:\/\/i0.wp.com\/catapa.be\/wp-content\/uploads\/2019\/04\/PUNCH-min.png?fit=940%2C788&ssl=1&resize=350%2C200 1x, https:\/\/i0.wp.com\/catapa.be\/wp-content\/uploads\/2019\/04\/PUNCH-min.png?fit=940%2C788&ssl=1&resize=525%2C300 1.5x, https:\/\/i0.wp.com\/catapa.be\/wp-content\/uploads\/2019\/04\/PUNCH-min.png?fit=940%2C788&ssl=1&resize=700%2C400 2x"},"classes":[]},{"id":10854,"url":"https:\/\/catapa.be\/es\/te-unes-a-correr-los-20-km-de-bruselas-por-catapa\/","url_meta":{"origin":15681,"position":2},"title":"\u00bfTe unes a correr los 20 km de Bruselas por CATAPA?","author":"admin","date":"09\/04\/2019","format":false,"excerpt":"[vc_row][vc_column][vc_column_text] \u00bfTe unes a correr los 20 km de Bruselas por CATAPA el 19 de mayo? \u00a1Inscr\u00edbete y \u00fanete al grupo de CATAPA! El 19 de mayo CATAPA corre los 20 km de Bruselas para seguir luchando por los derechos de las comunidades locales que son v\u00edctimas del impacto ecol\u00f3gico\u2026","rel":"","context":"In &quot;Sin categorizar&quot;","block_context":{"text":"Sin categorizar","link":"https:\/\/catapa.be\/es\/category\/sin-categorizar\/"},"img":{"alt_text":"","src":"https:\/\/i0.wp.com\/catapa.be\/wp-content\/uploads\/2019\/04\/PUNCH-min.png?fit=940%2C788&ssl=1&resize=350%2C200","width":350,"height":200,"srcset":"https:\/\/i0.wp.com\/catapa.be\/wp-content\/uploads\/2019\/04\/PUNCH-min.png?fit=940%2C788&ssl=1&resize=350%2C200 1x, https:\/\/i0.wp.com\/catapa.be\/wp-content\/uploads\/2019\/04\/PUNCH-min.png?fit=940%2C788&ssl=1&resize=525%2C300 1.5x, https:\/\/i0.wp.com\/catapa.be\/wp-content\/uploads\/2019\/04\/PUNCH-min.png?fit=940%2C788&ssl=1&resize=700%2C400 2x"},"classes":[]},{"id":16747,"url":"https:\/\/catapa.be\/en\/make-ict-fair-webinar-series-2020-sustainable-ict-future\/","url_meta":{"origin":15681,"position":3},"title":"Make ICT Fair Webinar Series 2020: Sustainable ICT Future?","author":"Zlatka Dimitrova","date":"08\/10\/2020","format":false,"excerpt":"[vc_row][vc_column][vc_column_text] Make ICT Fair Webinar Series 2020: Sustainable ICT Future? [\/vc_column_text][vc_column_text] In these dynamic and challenging times, when digitalisation is an urgent and quickly progressing phenomenon, the discussion about the sustainability of our electronic devices is timelier than ever. Three years after launching the project Make ICT Fair, some of\u2026","rel":"","context":"Similar post","block_context":{"text":"Similar post","link":""},"img":{"alt_text":"","src":"https:\/\/i0.wp.com\/catapa.be\/wp-content\/uploads\/2020\/10\/Logos_Dossier_Webinar3-e1601939152997.png?fit=1000%2C381&ssl=1&resize=350%2C200","width":350,"height":200,"srcset":"https:\/\/i0.wp.com\/catapa.be\/wp-content\/uploads\/2020\/10\/Logos_Dossier_Webinar3-e1601939152997.png?fit=1000%2C381&ssl=1&resize=350%2C200 1x, https:\/\/i0.wp.com\/catapa.be\/wp-content\/uploads\/2020\/10\/Logos_Dossier_Webinar3-e1601939152997.png?fit=1000%2C381&ssl=1&resize=525%2C300 1.5x, https:\/\/i0.wp.com\/catapa.be\/wp-content\/uploads\/2020\/10\/Logos_Dossier_Webinar3-e1601939152997.png?fit=1000%2C381&ssl=1&resize=700%2C400 2x"},"classes":[]},{"id":16801,"url":"https:\/\/catapa.be\/es\/make-ict-fair-webinar-series-2020-sustainable-ict-future\/","url_meta":{"origin":15681,"position":4},"title":"Make ICT Fair Webinar Series 2020: Sustainable ICT Future?","author":"Zlatka Dimitrova","date":"08\/10\/2020","format":false,"excerpt":"[vc_row][vc_column][vc_column_text] Make ICT Fair Webinar Series 2020: Sustainable ICT Future? [\/vc_column_text][vc_column_text] In these dynamic and challenging times, when digitalisation is an urgent and quickly progressing phenomenon, the discussion about the sustainability of our electronic devices is timelier than ever. Three years after launching the project Make ICT Fair, some of\u2026","rel":"","context":"In &quot;Sin categorizar&quot;","block_context":{"text":"Sin categorizar","link":"https:\/\/catapa.be\/es\/category\/sin-categorizar\/"},"img":{"alt_text":"","src":"https:\/\/i0.wp.com\/catapa.be\/wp-content\/uploads\/2020\/10\/Logos_Dossier_Webinar3-e1601939152997.png?fit=1200%2C457&ssl=1&resize=350%2C200","width":350,"height":200,"srcset":"https:\/\/i0.wp.com\/catapa.be\/wp-content\/uploads\/2020\/10\/Logos_Dossier_Webinar3-e1601939152997.png?fit=1200%2C457&ssl=1&resize=350%2C200 1x, https:\/\/i0.wp.com\/catapa.be\/wp-content\/uploads\/2020\/10\/Logos_Dossier_Webinar3-e1601939152997.png?fit=1200%2C457&ssl=1&resize=525%2C300 1.5x, https:\/\/i0.wp.com\/catapa.be\/wp-content\/uploads\/2020\/10\/Logos_Dossier_Webinar3-e1601939152997.png?fit=1200%2C457&ssl=1&resize=700%2C400 2x, https:\/\/i0.wp.com\/catapa.be\/wp-content\/uploads\/2020\/10\/Logos_Dossier_Webinar3-e1601939152997.png?fit=1200%2C457&ssl=1&resize=1050%2C600 3x"},"classes":[]},{"id":19330,"url":"https:\/\/catapa.be\/en\/10-ways-catapa-took-on-the-mining-industry-in-2020\/","url_meta":{"origin":15681,"position":5},"title":"10 Ways CATAPA Took on the Mining Industry in 2020","author":"Harry Carter","date":"26\/01\/2021","format":false,"excerpt":"[vc_row][vc_column][vc_column_text] 10 Ways CATAPA Took on the Mining Industry in 2020 \u00a0 Its been a challenging year across the world with the Covid-19 pandemic not least for communities facing down mining projects trying to exploit the situation we now find ourselves in. Despite these new challenges here are 10 Ways\u2026","rel":"","context":"In &quot;Bolivia&quot;","block_context":{"text":"Bolivia","link":"https:\/\/catapa.be\/en\/category\/partnerlanden\/bolivia\/"},"img":{"alt_text":"","src":"https:\/\/i0.wp.com\/catapa.be\/wp-content\/uploads\/2021\/01\/Star-Watchers-4.png?fit=640%2C640&ssl=1&resize=350%2C200","width":350,"height":200,"srcset":"https:\/\/i0.wp.com\/catapa.be\/wp-content\/uploads\/2021\/01\/Star-Watchers-4.png?fit=640%2C640&ssl=1&resize=350%2C200 1x, https:\/\/i0.wp.com\/catapa.be\/wp-content\/uploads\/2021\/01\/Star-Watchers-4.png?fit=640%2C640&ssl=1&resize=525%2C300 1.5x"},"classes":[]}],"_links":{"self":[{"href":"https:\/\/catapa.be\/en\/wp-json\/wp\/v2\/posts\/15681","targetHints":{"allow":["GET"]}}],"collection":[{"href":"https:\/\/catapa.be\/en\/wp-json\/wp\/v2\/posts"}],"about":[{"href":"https:\/\/catapa.be\/en\/wp-json\/wp\/v2\/types\/post"}],"author":[{"embeddable":true,"href":"https:\/\/catapa.be\/en\/wp-json\/wp\/v2\/users\/36"}],"replies":[{"embeddable":true,"href":"https:\/\/catapa.be\/en\/wp-json\/wp\/v2\/comments?post=15681"}],"version-history":[{"count":21,"href":"https:\/\/catapa.be\/en\/wp-json\/wp\/v2\/posts\/15681\/revisions"}],"predecessor-version":[{"id":19400,"href":"https:\/\/catapa.be\/en\/wp-json\/wp\/v2\/posts\/15681\/revisions\/19400"}],"wp:featuredmedia":[{"embeddable":true,"href":"https:\/\/catapa.be\/en\/wp-json\/wp\/v2\/media\/15729"}],"wp:attachment":[{"href":"https:\/\/catapa.be\/en\/wp-json\/wp\/v2\/media?parent=15681"}],"wp:term":[{"taxonomy":"category","embeddable":true,"href":"https:\/\/catapa.be\/en\/wp-json\/wp\/v2\/categories?post=15681"},{"taxonomy":"post_tag","embeddable":true,"href":"https:\/\/catapa.be\/en\/wp-json\/wp\/v2\/tags?post=15681"}],"curies":[{"name":"wp","href":"https:\/\/api.w.org\/{rel}","templated":true}]}}