{"id":21990,"date":"2021-08-04T11:31:35","date_gmt":"2021-08-04T09:31:35","guid":{"rendered":"https:\/\/catapa.be\/?p=21990"},"modified":"2021-08-25T10:44:02","modified_gmt":"2021-08-25T08:44:02","slug":"right-to-say-no-webinar","status":"publish","type":"post","link":"https:\/\/catapa.be\/en\/right-to-say-no-webinar\/","title":{"rendered":"The Right to Say No: Insights and Experiences of the Global Struggle against Mining"},"content":{"rendered":"<div class=\"wpb-content-wrapper\"><p>[vc_row][vc_column][vc_column_text]WEBINAR:<\/p>\n<h1 id=\"seo_h1_tag\" class=\"_5gmx\" style=\"text-align: center;\" data-testid=\"event-permalink-event-name\"><span style=\"font-weight: 400;\">The Right to Say No: Insights and Experiences of the Global Struggle against Mining<\/span><\/h1>\n<p style=\"text-align: center;\">4th August, 2021<\/p>\n<p><span style=\"font-weight: 400;\">Last week <\/span><a href=\"https:\/\/www.thematicsocialforum.org\" target=\"_blank\" rel=\"noopener\"><i><span style=\"font-weight: 400;\">The Thematic Social Forum on Mining and Extractive Economy<\/span><\/i><\/a><span style=\"font-weight: 400;\"> explored the \u201cRight to Say No\u201d to mining projects all over the world during a global webinar. Speakers from four different continents were invited to speak about their own insights and experiences around the Right to Say No (RTSN).<\/span>[\/vc_column_text][vc_raw_html]JTNDaWZyYW1lJTIwd2lkdGglM0QlMjI1NjAlMjIlMjBoZWlnaHQlM0QlMjIzMTUlMjIlMjBzcmMlM0QlMjJodHRwcyUzQSUyRiUyRnd3dy55b3V0dWJlLmNvbSUyRmVtYmVkJTJGZ1dnblc0VUxqM2MlMjIlMjB0aXRsZSUzRCUyMllvdVR1YmUlMjB2aWRlbyUyMHBsYXllciUyMiUyMGZyYW1lYm9yZGVyJTNEJTIyMCUyMiUyMGFsbG93JTNEJTIyYWNjZWxlcm9tZXRlciUzQiUyMGF1dG9wbGF5JTNCJTIwY2xpcGJvYXJkLXdyaXRlJTNCJTIwZW5jcnlwdGVkLW1lZGlhJTNCJTIwZ3lyb3Njb3BlJTNCJTIwcGljdHVyZS1pbi1waWN0dXJlJTIyJTIwYWxsb3dmdWxsc2NyZWVuJTNFJTNDJTJGaWZyYW1lJTNF[\/vc_raw_html][vc_column_text]<strong><span style=\"font-weight: 400;\">(You can watch the full webinar on youtube <\/span><\/strong><strong><a href=\"https:\/\/www.youtube.com\/watch?v=gWgnW4ULj3c\" target=\"_blank\" rel=\"noopener\"><span style=\"font-weight: 400;\">here<\/span><\/a><span style=\"font-weight: 400;\">)<\/span>.<\/strong><\/p>\n<p><span style=\"font-weight: 400;\">First up was Farai Maguwu from Zimbabwe (Centre for Natural Resource Governance <\/span><span style=\"font-weight: 400;\">&#8211; <\/span><a href=\"https:\/\/www.cnrgzim.org\" target=\"_blank\" rel=\"noopener\"><span style=\"font-weight: 400;\">CNRG<\/span><\/a><span style=\"font-weight: 400;\">), followed by Aung Ja from Burma, Hal Rhoades from Northern Europe (Yes to Life No to Mining \u2013 <\/span><a href=\"https:\/\/yestolifenotomining.org\" target=\"_blank\" rel=\"noopener\"><span style=\"font-weight: 400;\">YLNM<\/span><\/a><span style=\"font-weight: 400;\">) and Karina from Brazil (Movement for Popular Sovereignty in Mining &#8211; <\/span><a href=\"https:\/\/climasolutions.org\/partner\/movement-for-popular-sovereignty-in-mining-mam\/\" target=\"_blank\" rel=\"noopener\"><span style=\"font-weight: 400;\">MAM<\/span><\/a><span style=\"font-weight: 400;\">).<br \/>\n<\/span><span style=\"font-weight: 400;\">&#8212;&#8212;&#8212;&#8212;&#8212;&#8212;&#8212;&#8212;&#8212;&#8212;&#8212;&#8212;&#8212;&#8212;&#8212;<br \/>\n<\/span><span style=\"font-weight: 400;\"><br \/>\n<\/span><span style=\"font-weight: 400;\">The Right to Say No has never been more pertinent. In the name of economic growth, mining projects are causing damage and pollution everywhere. Natural resources are being exploited and local communities are being devastated. Natural resources are being plundered and people are losing access to clean water and fertile land, which is impacting their livelihoods, health and wellbeing. The divide between rich and poor, the ones benefiting from the extractivist\/capitalist model and the ones suffering from it, is getting bigger and bigger. This in a world where there has never been more wealth and abundance. On top of that there is the urgent reality of climate change, with this model pushing the bounds of our planet.<\/span><\/p>\n<p><span class=\"VIiyi\" lang=\"en\"><span class=\"JLqJ4b ChMk0b\" data-language-for-alternatives=\"en\" data-language-to-translate-into=\"nl\" data-phrase-index=\"0\">We also note the resistance of local communities who demand the &#8216;Right to Say No&#8217; on these extractive activities.<\/span> <span class=\"JLqJ4b ChMk0b\" data-language-for-alternatives=\"en\" data-language-to-translate-into=\"nl\" data-phrase-index=\"1\">During the webinar, case studies from Africa, Asia, Europe and South America were presented, in which the &#8216;Right to Say No&#8217; was the focus of this collective fight against mining.<\/span><\/span><br \/>\n[\/vc_column_text][vc_single_image image=&#8221;22003&#8243; img_size=&#8221;full&#8221; alignment=&#8221;center&#8221;][vc_column_text]<span style=\"font-weight: 400;\">We don\u2019t have to reinvent the wheel in the fight for our common cause. \u00a0Local communities are resisting these mining projects and asserting their Right to Say No. These local actions are providing the foundation for strategies and alternatives needed to challenge the system. There are different contexts to be dealt with but we can definitely learn from each other\u2019s struggles and victories and apply them to our own situation. As Hal pointed out during his talk, currently there is no real \u2018Right\u2019 to Say No. This is something we are asserting, not something we can (yet) claim.<\/span><\/p>\n<p>&nbsp;<\/p>\n<h2><span style=\"font-weight: 400;\">Historical context<\/span><\/h2>\n<p><span style=\"font-weight: 400;\">Many mining projects are a display of the historical hold of colonial power and foreign influence. Countries with a colonial past \u2013 for example the UK, which houses a lot of these large mining corps \u2013 are the same that are now putting pressure on more extraction projects. The end destination of the profits from these projects go to developed countries, the former colonizers, and not the countries that are the home to these resources. On top of that, Europe is also the main over-consumer of minerals and energy. Whether directly involved or not, these countries are the ones benefiting from it, while the countries from the Global South where these projects happen are the ones being exploited.<\/span><\/p>\n<p>&nbsp;<\/p>\n<h2><span style=\"font-weight: 400;\">Current context<\/span><\/h2>\n<p><span style=\"font-weight: 400;\">I<\/span><span style=\"font-weight: 400;\">n certain countries there is the problem of limited democratic space because of repressive or military regimes. We heard from Farai and Aung Ja about the struggles people and communities face in Zimbabwe and Birma respectively. People in power are working hand in hand with corporations and investors from different countries (Australia, India, China, Bulgaria, UK,..) against their own population. The people face eviction from their lands and violence or punishments if they stand up for their rights. Protesting these actions of governments and mining corporations is an act of courage in the face of these threats. <\/span><span style=\"font-weight: 400;\"><br \/>\n<\/span><span style=\"font-weight: 400;\">The current European Green Deal also poses a big problem as it will incentivize and support mining expansion (read more on this subject <a href=\"https:\/\/catapa.be\/en\/the-eu-cant-mine-its-way-out-of-the-climate-crises\/\" target=\"_blank\" rel=\"noopener\">here<\/a>).<\/span><\/p>\n<p>&nbsp;<\/p>\n<h2><span style=\"font-weight: 400;\">Common Ground<\/span><\/h2>\n<p><span style=\"font-weight: 400;\">W<\/span><span style=\"font-weight: 400;\">e need to be plural and refrain from taking a one size fits all approach (which is an extractive, capitalist idea) \u2013 to each situation there is a specific context. The RTSN movement is a heterogeneous collection of organizations, people and cultures. But there are certain principles that give the variety of organizations that are a part of the movement common ground (derived from Hal\u2019s presentation):<\/span><\/p>\n<ul>\n<li style=\"font-weight: 400;\" aria-level=\"1\"><span style=\"font-weight: 400;\">\u00a0<\/span><span style=\"font-weight: 400;\">Questioning the nature of democracy: who benefits, who shoulders the burdens long term? Who defines where mining takes place, who decides the value, who benefits and who suffers&#8230;?\u00a0<\/span><\/li>\n<li style=\"font-weight: 400;\" aria-level=\"1\"><span style=\"font-weight: 400;\">Rejection of the instrumental relations with nature: \u201cNature\u201d is a much better term than \u201cenvironment\u201d or \u201cnatural resources\u201d as it has integrity. Right to say no is premised on ensuring quality of life<\/span><\/li>\n<li style=\"font-weight: 400;\" aria-level=\"1\"><span style=\"font-weight: 400;\">Advocating for local, low-impact ways of life.<\/span><\/li>\n<li style=\"font-weight: 400;\" aria-level=\"1\"><span style=\"font-weight: 400;\"><span style=\"font-weight: 400;\">Challenging the extractivist and growth oriented meta-politics or narratives.<\/span><\/span><\/li>\n<\/ul>\n<p>&nbsp;<\/p>\n<h2><span style=\"font-weight: 400;\">Demands<\/span><\/h2>\n<p><b>\u00a0<\/b><span style=\"font-weight: 400;\">(As derived from Aung Ja and Karina\u2019s talk.)<\/span><\/p>\n<ul>\n<li style=\"font-weight: 400;\" aria-level=\"1\"><span style=\"font-weight: 400;\">Firm and strong regulation of corporations on behalf of the people; we demand no harm to people, planet and our social wellbeing and livelihoods.<\/span><\/li>\n<li style=\"font-weight: 400;\" aria-level=\"1\"><span style=\"font-weight: 400;\">Affirmation of the society and not the interest of the state and the capital, there needs to be a people centered governance. Communities need to have authority and sovereignty. They decide what is best socially and culturally for their lifestyles. They must control their natural resources\/common goods and not the governments. Because it impacts their livelihoods and their future generations.<\/span><\/li>\n<li style=\"font-weight: 400;\" aria-level=\"1\"><span style=\"font-weight: 400;\">A just transition and full restitution. Compensation for the degradation of the territories. The process of restitution must include the responsibility of the state and the corporations. They have to be held accountable. The transition must be diverse in how to approach this on many levels.<\/span><\/li>\n<li style=\"font-weight: 400;\" aria-level=\"1\"><span style=\"font-weight: 400;\">Mining free territories: If certain areas are classified as protected areas no mining should be able to go ahead. Same goes for respecting indigenous land rights.<\/span><\/li>\n<\/ul>\n<p>[\/vc_column_text][vc_single_image image=&#8221;22022&#8243; img_size=&#8221;full&#8221; alignment=&#8221;center&#8221;][vc_column_text]<\/p>\n<h2><span style=\"font-weight: 400;\">A rich repertoire of strategies and interventions<\/span><\/h2>\n<p><span style=\"font-weight: 400;\">Here you can explore some strategies and interventions that can be utilized to assert the RTSN (collected from the different speakers). A lot of these strategies can be combined into a larger strategy (or are a necessary step eg. doing research). Keeping in mind that there are different contexts (political, cultural, \u2026) to be accounted for that will determine which ones you use.<\/span><\/p>\n<p>&nbsp;<\/p>\n<h3><span style=\"font-weight: 400;\">Research<\/span><\/h3>\n<p><span style=\"font-weight: 400;\">Farai proposes that the first intervention is doing research: who is involved, who is going to be affected, what are going to be the likely environmental impacts, and so on.<\/span><\/p>\n<p>&nbsp;<\/p>\n<h3><span style=\"font-weight: 400;\">Documentation, evidence and argument<\/span><\/h3>\n<p><span style=\"font-weight: 400;\">It\u2019s important to document the struggles, to document what is going on and spread this information so we can learn from each other. We need more research and documentation of the current cases. To ask ourselves what could support the RTSN campaign? An idea could be to develop a model legislation\/process that could be adapted to the local\/regional levels.<\/span><\/p>\n<p>&nbsp;<\/p>\n<h3><span style=\"font-weight: 400;\">Document reviews<\/span><\/h3>\n<p><span style=\"font-weight: 400;\">The environmental impact assessments that mining companies put on the table are often fraudulent documents, so there is a need to investigate those. Also in certain cases people are being tricked to meetings, signing an attendance register which is later used as a consent form.<\/span><\/p>\n<h3><\/h3>\n<h3><span style=\"font-weight: 400;\">Capacity building<\/span><\/h3>\n<p><span style=\"font-weight: 400;\">Building the capacity of the people and communities. Educating them about their rights.<\/span>[\/vc_column_text][vc_empty_space][vc_column_text css_animation=&#8221;none&#8221;]<\/p>\n<blockquote>\n<p style=\"text-align: center;\"><em>&#8220;Education is the most powerful weapon which you can use to change the world.&#8221;<\/em> &#8211;\u00a0<b>Nelson Mandela<\/b><\/p>\n<p>&nbsp;<\/p><\/blockquote>\n<p>[\/vc_column_text][vc_empty_space][vc_column_text]<\/p>\n<h3><span style=\"font-weight: 400;\">Popular Consultations\/Referendum<\/span><\/h3>\n<p><span style=\"font-weight: 400;\">We heard Faraj talk about this strategy, and we know this is also used in Latin American countries. It is rarely used in Europe, but there has been a case in Trun, Bulgaria where a gold project was rejected successfully and unanimously.<\/span><\/p>\n<p>&nbsp;<\/p>\n<h3><span style=\"font-weight: 400;\">The Legal Process<\/span><\/h3>\n<p><span style=\"font-weight: 400;\">The Legal framework is often in favor of corporations, but there are also certain loopholes in laws or constitutions that can be used to our advantage. This can often be used as a delaying strategy to give some breathing space to other strategies. We can also work on fixing the laws and loopholes the corporations are using.<\/span><\/p>\n<p>&nbsp;<\/p>\n<h3><span style=\"font-weight: 400;\">Declaring the Rights of Nature\/Community<\/span><\/h3>\n<p><span style=\"font-weight: 400;\">We heard the example of Ireland \/ Greencastle, where the community and local governments declared the rights of Nature to apply and put this in local legislation. As mining is not compatible with the Rights of Nature.\u00a0<\/span><\/p>\n<p>&nbsp;<\/p>\n<h3><span style=\"font-weight: 400;\">Petitioning<\/span><\/h3>\n<p><span style=\"font-weight: 400;\">Petitioning parliament to intervene and hold fact finding missions. Farai explained they do this by going to the affected community, raise a campaign and reach out to the media. Then the parliament is left with no choice but to intervene and they are forced to listen to the complaints and recognize the rights of communities.<\/span><\/p>\n<p>&nbsp;<\/p>\n<h3><span style=\"font-weight: 400;\">Direct Action<\/span><\/h3>\n<p><span style=\"font-weight: 400;\">We can use our bodies by placing ourselves in between \u2013 this is the most visceral and dangerous form of strategy.<\/span>[\/vc_column_text][vc_empty_space][vc_single_image image=&#8221;21999&#8243; img_size=&#8221;full&#8221; alignment=&#8221;center&#8221; css_animation=&#8221;none&#8221;][vc_column_text]<\/p>\n<p style=\"text-align: center;\"><em><span style=\"font-weight: 400;\">This powerful photo was shared on the day of action by allies in Turkey for the <\/span><a href=\"https:\/\/www.instagram.com\/explore\/tags\/globaldayagainstmegamining\/\"><span style=\"font-weight: 400;\">#GlobalDayAgainstMegaMining<\/span><\/a><span style=\"font-weight: 400;\">. Communities in the Kaz Mountains are resisting gold mining companies from deforestation and digging up their lands.<\/span><\/em><\/p>\n<p>[\/vc_column_text][vc_empty_space][vc_column_text]<span style=\"font-weight: 400;\"><br \/>\nWe can ourselves stop (or pressure our country to stop) investing by not committing trade, and by applying sanctions and boycotts. For example in regards to the current situation in Burma (or other repressive regimes) until there is a democracy that at least respects human rights.<\/span><\/p>\n<h3><span style=\"font-weight: 400;\"><br \/>\nMake it public<\/span><\/h3>\n<ul>\n<li style=\"font-weight: 400;\" aria-level=\"1\"><span style=\"font-weight: 400;\">Hold public meetings, demonstrations or protests to drive media attention and create awareness in the public mind to what is happening. Mobilize public opinion in our favor.<\/span><\/li>\n<li style=\"font-weight: 400;\" aria-level=\"1\"><span style=\"font-weight: 400;\"><span style=\"font-weight: 400;\">Secure support of prominent, highly credible and influential leaders. These can be judges, political leaders, or even corporative leaders. Without compromising our fundamental principles.<\/span><\/span><\/li>\n<\/ul>\n<p>&nbsp;<\/p>\n<h3><span style=\"font-weight: 400;\">Use the Media Creatively<\/span><\/h3>\n<ul>\n<li style=\"font-weight: 400;\" aria-level=\"1\"><span style=\"font-weight: 400;\">Use the media: hold your own media campaign. Identify journalists who can amplify the community struggles so local can go global in terms of media awareness. We are no longer weak, voiceless or faceless. Defend the press and media from authoritarian governments.<\/span><\/li>\n<li style=\"font-weight: 400;\" aria-level=\"1\"><span style=\"font-weight: 400;\">Popularize our struggles using media (traditional, mainstream and social media). Harness the power of the internet and the digital lifestyle. Reaching millennials. Youth must. Inform and educate mainstream media why RTSN is important.<\/span><\/li>\n<\/ul>\n<p><span style=\"font-weight: 400;\">\u00a0<\/span><\/p>\n<h3><span style=\"font-weight: 400;\">Solidarity strengthens<\/span><\/h3>\n<ul>\n<li style=\"font-weight: 400;\" aria-level=\"1\"><span style=\"font-weight: 400;\">Exercise and enhance solidarity, building big national and international networks and alliances. We need an international movement to amplify our struggles. Popular community organization and permanent actions of solidarity that strengthen emancipation are essential.<\/span><\/li>\n<\/ul>\n<p>[\/vc_column_text][vc_empty_space][vc_column_text css_animation=&#8221;none&#8221;]<\/p>\n<blockquote>\n<p class=\"b-qt qt_295419\" style=\"text-align: center;\"><em>&#8220;Solidarity was the movement that turned the direction of history, I think.&#8221;<\/em> <strong>&#8211; Jeane Kirkpatrick\u00a0<\/strong><\/p>\n<p>&nbsp;<\/p><\/blockquote>\n<p>[\/vc_column_text][vc_empty_space][vc_column_text]<\/p>\n<ul>\n<li style=\"font-weight: 400;\" aria-level=\"1\"><span style=\"font-weight: 400;\"><span style=\"font-weight: 400;\">Putting international pressure on repressive governments, fe. the Bolsonaro regime in Brazil. Popular engagement and organization is so important in these situations.<br \/>\n<\/span><\/span><\/li>\n<\/ul>\n<h3><span style=\"font-weight: 400;\">Company Engagement<\/span><\/h3>\n<ul>\n<li style=\"font-weight: 400;\" aria-level=\"1\"><span style=\"font-weight: 400;\">\u00a0<\/span><span style=\"font-weight: 400;\">In Selkie (Finland) the community contacted multiple companies that were prospecting the area and told them \u201cwe reject this outright so save your money and go away\u201d. This worked in their case but it has a very specific context.<\/span><\/li>\n<li style=\"font-weight: 400;\" aria-level=\"1\"><span style=\"font-weight: 400;\"><span style=\"font-weight: 400;\"><span style=\"font-weight: 400;\">Holding community engagements meetings between communities, corporations and governments.<\/span><\/span><\/span><\/li>\n<\/ul>\n<h3><span style=\"font-weight: 400;\">Propose alternatives<\/span><\/h3>\n<p><span style=\"font-weight: 400;\">There are better options possible that are already currently existent or that exist as potential opportunities. We can\u2019t continue in the same way as has been happening in the patriarchal capitalist system. There is small-scale farming, fishing, eco or nature based tourism. Karina also proposes to use the inputs of women and youth, to employ their creativity for coming up with new economic alternatives and ways of living.<br \/>\nRestoration of nature can provide new options for people. Nature recovery is so necessary. Good examples are Finland or Northern-Spain.<br \/>\n<\/span><\/p>\n<p><span style=\"font-weight: 400;\"><a href=\"https:\/\/www.gaiafoundation.org\/what-we-do\/post-extractivism-emblematic-cases-from-finland-to-colombia\/\" target=\"_blank\" rel=\"noopener\">Check out<\/a> some examples of community-led post-extractive \u2018alternatives\u2019.<\/span>[\/vc_column_text][vc_empty_space][vc_column_text css_animation=&#8221;none&#8221;]<\/p>\n<blockquote>\n<p class=\"b-qt qt_295419\" style=\"text-align: center;\"><em>&#8220;The environment and the economy are really both two sides of the same coin. If we cannot sustain the environment, we cannot\u00a0sustain\u00a0ourselves&#8221;<\/em> <em>&#8211; <\/em><strong>Wangari Maathai\u00a0<\/strong><\/p>\n<p>&nbsp;<\/p><\/blockquote>\n<p>[\/vc_column_text][vc_empty_space][vc_column_text]<\/p>\n<h3><span style=\"font-weight: 400;\">Challenging the narrative<\/span><\/h3>\n<ul>\n<li style=\"font-weight: 400;\" aria-level=\"1\"><span style=\"font-weight: 400;\">We need to call out the narratives that are being told. Pointing out the irony in justifying demolishing rural communities that are already low-impact and sustainable in the name of climate action and so-called \u2018sustainability\u2019.<\/span><\/li>\n<li style=\"font-weight: 400;\" aria-level=\"1\"><span style=\"font-weight: 400;\">Calling out the Green Deal\u2019s greenwashing tactics. RTSN as a response to the green washing narrative.<\/span><\/li>\n<li style=\"font-weight: 400;\" aria-level=\"1\"><span style=\"font-weight: 400;\">Questioning the \u2018economic recovery of Covid\u2019 story. Often this is used as a reason to start up mining projects as a way to reactivate the economy.<\/span><\/li>\n<li style=\"font-weight: 400;\" aria-level=\"1\"><span style=\"font-weight: 400;\">Mining happens because there is demand that comes from the growth narrative. We need to move towards a narrative based on wellbeing instead of the illusion of continuous growth.<\/span><\/li>\n<li style=\"font-weight: 400;\" aria-level=\"1\"><span style=\"font-weight: 400;\">Nature is being reduced to commodifiable minerals. There is a clash between short term, instrumentalist view of nature as a collection of dead commodities to be extracted for the greater good. We need a longer-term vision of Nature which is holistic and takes in account the\u00a0 cultural and spiritual relations with a territory.<\/span><\/li>\n<li style=\"font-weight: 400;\" aria-level=\"1\"><span style=\"font-weight: 400;\">Understanding free territory not just as a physical space free from extraction and mining. But also the non-material reality of the territory. The full spectrum. The bodies, spirit, culture, ways of living and thinking. <\/span><\/li>\n<\/ul>\n<p>[\/vc_column_text][vc_empty_space][vc_column_text css_animation=&#8221;none&#8221;]<\/p>\n<blockquote>\n<p class=\"BlogItem-title\" style=\"text-align: center;\" data-content-field=\"title\"><em>\u201cWe don\u2019t inherit the earth, we borrow it from our children.\u201d<\/em> &#8211; <strong>Chief Seattle\u00a0<\/strong><\/p>\n<p data-content-field=\"title\">\n<\/blockquote>\n<p>[\/vc_column_text][vc_empty_space][vc_column_text]We hope you got some inspiration from this collection of strategies and interventions collected from the different speakers from The Right to Say No Global Webinar!<\/p>\n<p>You can check out the final declaration of the <em>Thematic social Forum on Mining and the Extractivist Economy<\/em> who organized the webinar\u00a0 <a href=\"https:\/\/www.thematicsocialforum.org\/thematic-social-forum-final-declaration\" target=\"_blank\" rel=\"noopener\">here<\/a>.<\/p>\n<p>If you have some other interventions or tactics that can be useful feel free to share them with us in the comments, via the contact form or e-mail info@catapa.be[\/vc_column_text][\/vc_column][\/vc_row][vc_row][vc_column][\/vc_column][\/vc_row]<\/p>\n<\/div>","protected":false},"excerpt":{"rendered":"<p>[vc_row][vc_column][vc_column_text]WEBINAR: The Right to Say No: Insights and Experiences of the Global Struggle against Mining 4th August, 2021 Last week The Thematic Social Forum on Mining and Extractive Economy explored the \u201cRight to Say No\u201d<br \/><a class=\"read-more\" href=\"https:\/\/catapa.be\/en\/right-to-say-no-webinar\/\">Read More<\/a><\/p>\n","protected":false},"author":56,"featured_media":22100,"comment_status":"open","ping_status":"open","sticky":false,"template":"","format":"standard","meta":{"_exactmetrics_skip_tracking":false,"_exactmetrics_sitenote_active":false,"_exactmetrics_sitenote_note":"","_exactmetrics_sitenote_category":0,"jetpack_post_was_ever_published":false,"_jetpack_newsletter_access":"","_jetpack_dont_email_post_to_subs":false,"_jetpack_newsletter_tier_id":0,"_jetpack_memberships_contains_paywalled_content":false,"_jetpack_memberships_contains_paid_content":false,"footnotes":"","jetpack_publicize_message":"","jetpack_publicize_feature_enabled":true,"jetpack_social_post_already_shared":true,"jetpack_social_options":{"image_generator_settings":{"template":"highway","default_image_id":0,"font":"","enabled":false},"version":2}},"categories":[504,470,1],"tags":[789,579,587,788,586],"class_list":["post-21990","post","type-post","status-publish","format-standard","has-post-thumbnail","hentry","category-mining","category-news","category-uncategorized","tag-activism","tag-natural-resources-2","tag-online","tag-right-to-say-no","tag-webinar"],"yoast_head":"<!-- This site is optimized with the Yoast SEO plugin v26.8 - https:\/\/yoast.com\/product\/yoast-seo-wordpress\/ -->\n<title>The Right to Say No: Insights and Experiences of the Global Struggle against Mining - CATAPA vzw<\/title>\n<meta name=\"robots\" content=\"index, follow, max-snippet:-1, max-image-preview:large, max-video-preview:-1\" \/>\n<link rel=\"canonical\" href=\"https:\/\/catapa.be\/en\/right-to-say-no-webinar\/\" \/>\n<meta property=\"og:locale\" content=\"en_US\" \/>\n<meta property=\"og:type\" content=\"article\" \/>\n<meta property=\"og:title\" content=\"The Right to Say No: Insights and Experiences of the Global Struggle against Mining - CATAPA vzw\" \/>\n<meta property=\"og:description\" content=\"[vc_row][vc_column][vc_column_text]WEBINAR: The Right to Say No: Insights and Experiences of the Global Struggle against Mining 4th August, 2021 Last week The Thematic Social Forum on Mining and Extractive Economy explored the \u201cRight to Say No\u201dRead More\" \/>\n<meta property=\"og:url\" content=\"https:\/\/catapa.be\/en\/right-to-say-no-webinar\/\" \/>\n<meta property=\"og:site_name\" content=\"CATAPA vzw\" \/>\n<meta property=\"article:publisher\" content=\"https:\/\/www.facebook.com\/catapa.belgium\/\" \/>\n<meta property=\"article:published_time\" content=\"2021-08-04T09:31:35+00:00\" \/>\n<meta property=\"article:modified_time\" content=\"2021-08-25T08:44:02+00:00\" \/>\n<meta property=\"og:image\" content=\"https:\/\/catapa.be\/wp-content\/uploads\/2021\/08\/Untitled-design.png\" \/>\n\t<meta property=\"og:image:width\" content=\"540\" \/>\n\t<meta property=\"og:image:height\" content=\"540\" \/>\n\t<meta property=\"og:image:type\" content=\"image\/png\" \/>\n<meta name=\"author\" content=\"aurelie.vanbrussel@catapa.be\" \/>\n<meta name=\"twitter:card\" content=\"summary_large_image\" \/>\n<meta name=\"twitter:creator\" content=\"@CATAPA_Belgica\" \/>\n<meta name=\"twitter:site\" content=\"@CATAPA_Belgica\" \/>\n<meta name=\"twitter:label1\" content=\"Written by\" \/>\n\t<meta name=\"twitter:data1\" content=\"aurelie.vanbrussel@catapa.be\" \/>\n\t<meta name=\"twitter:label2\" content=\"Est. reading time\" \/>\n\t<meta name=\"twitter:data2\" content=\"12 minutes\" \/>\n<script type=\"application\/ld+json\" class=\"yoast-schema-graph\">{\"@context\":\"https:\/\/schema.org\",\"@graph\":[{\"@type\":\"Article\",\"@id\":\"https:\/\/catapa.be\/en\/right-to-say-no-webinar\/#article\",\"isPartOf\":{\"@id\":\"https:\/\/catapa.be\/en\/right-to-say-no-webinar\/\"},\"author\":{\"name\":\"aurelie.vanbrussel@catapa.be\",\"@id\":\"https:\/\/catapa.be\/en\/#\/schema\/person\/7a6d0f659d9ab91212508789c7961139\"},\"headline\":\"The Right to Say No: Insights and Experiences of the Global Struggle against Mining\",\"datePublished\":\"2021-08-04T09:31:35+00:00\",\"dateModified\":\"2021-08-25T08:44:02+00:00\",\"mainEntityOfPage\":{\"@id\":\"https:\/\/catapa.be\/en\/right-to-say-no-webinar\/\"},\"wordCount\":2410,\"commentCount\":1,\"publisher\":{\"@id\":\"https:\/\/catapa.be\/en\/#organization\"},\"image\":{\"@id\":\"https:\/\/catapa.be\/en\/right-to-say-no-webinar\/#primaryimage\"},\"thumbnailUrl\":\"https:\/\/i0.wp.com\/catapa.be\/wp-content\/uploads\/2021\/08\/Untitled-design.png?fit=540%2C540&ssl=1\",\"keywords\":[\"activism\",\"natural resources\",\"Online\",\"Right to Say No\",\"Webinar\"],\"articleSection\":[\"Mining\",\"News\"],\"inLanguage\":\"en-US\",\"potentialAction\":[{\"@type\":\"CommentAction\",\"name\":\"Comment\",\"target\":[\"https:\/\/catapa.be\/en\/right-to-say-no-webinar\/#respond\"]}]},{\"@type\":\"WebPage\",\"@id\":\"https:\/\/catapa.be\/en\/right-to-say-no-webinar\/\",\"url\":\"https:\/\/catapa.be\/en\/right-to-say-no-webinar\/\",\"name\":\"The Right to Say No: Insights and Experiences of the Global Struggle against Mining - CATAPA vzw\",\"isPartOf\":{\"@id\":\"https:\/\/catapa.be\/en\/#website\"},\"primaryImageOfPage\":{\"@id\":\"https:\/\/catapa.be\/en\/right-to-say-no-webinar\/#primaryimage\"},\"image\":{\"@id\":\"https:\/\/catapa.be\/en\/right-to-say-no-webinar\/#primaryimage\"},\"thumbnailUrl\":\"https:\/\/i0.wp.com\/catapa.be\/wp-content\/uploads\/2021\/08\/Untitled-design.png?fit=540%2C540&ssl=1\",\"datePublished\":\"2021-08-04T09:31:35+00:00\",\"dateModified\":\"2021-08-25T08:44:02+00:00\",\"breadcrumb\":{\"@id\":\"https:\/\/catapa.be\/en\/right-to-say-no-webinar\/#breadcrumb\"},\"inLanguage\":\"en-US\",\"potentialAction\":[{\"@type\":\"ReadAction\",\"target\":[\"https:\/\/catapa.be\/en\/right-to-say-no-webinar\/\"]}]},{\"@type\":\"ImageObject\",\"inLanguage\":\"en-US\",\"@id\":\"https:\/\/catapa.be\/en\/right-to-say-no-webinar\/#primaryimage\",\"url\":\"https:\/\/i0.wp.com\/catapa.be\/wp-content\/uploads\/2021\/08\/Untitled-design.png?fit=540%2C540&ssl=1\",\"contentUrl\":\"https:\/\/i0.wp.com\/catapa.be\/wp-content\/uploads\/2021\/08\/Untitled-design.png?fit=540%2C540&ssl=1\",\"width\":540,\"height\":540,\"caption\":\"Right to Say No webinar poster\"},{\"@type\":\"BreadcrumbList\",\"@id\":\"https:\/\/catapa.be\/en\/right-to-say-no-webinar\/#breadcrumb\",\"itemListElement\":[{\"@type\":\"ListItem\",\"position\":1,\"name\":\"Home\",\"item\":\"https:\/\/catapa.be\/en\/\"},{\"@type\":\"ListItem\",\"position\":2,\"name\":\"The Right to Say No: Insights and Experiences of the Global Struggle against Mining\"}]},{\"@type\":\"WebSite\",\"@id\":\"https:\/\/catapa.be\/en\/#website\",\"url\":\"https:\/\/catapa.be\/en\/\",\"name\":\"CATAPA vzw\",\"description\":\"Comit\u00e9 Acad\u00e9mico T\u00e9cnico de Asesoramiento a Problemas Ambientales\",\"publisher\":{\"@id\":\"https:\/\/catapa.be\/en\/#organization\"},\"potentialAction\":[{\"@type\":\"SearchAction\",\"target\":{\"@type\":\"EntryPoint\",\"urlTemplate\":\"https:\/\/catapa.be\/en\/?s={search_term_string}\"},\"query-input\":{\"@type\":\"PropertyValueSpecification\",\"valueRequired\":true,\"valueName\":\"search_term_string\"}}],\"inLanguage\":\"en-US\"},{\"@type\":\"Organization\",\"@id\":\"https:\/\/catapa.be\/en\/#organization\",\"name\":\"CATAPA vzw\",\"url\":\"https:\/\/catapa.be\/en\/\",\"logo\":{\"@type\":\"ImageObject\",\"inLanguage\":\"en-US\",\"@id\":\"https:\/\/catapa.be\/en\/#\/schema\/logo\/image\/\",\"url\":\"https:\/\/i0.wp.com\/catapa.be\/wp-content\/uploads\/2019\/02\/NEW20LOGO20SHORT20PNG1.png?fit=1259%2C1321&ssl=1\",\"contentUrl\":\"https:\/\/i0.wp.com\/catapa.be\/wp-content\/uploads\/2019\/02\/NEW20LOGO20SHORT20PNG1.png?fit=1259%2C1321&ssl=1\",\"width\":1259,\"height\":1321,\"caption\":\"CATAPA vzw\"},\"image\":{\"@id\":\"https:\/\/catapa.be\/en\/#\/schema\/logo\/image\/\"},\"sameAs\":[\"https:\/\/www.facebook.com\/catapa.belgium\/\",\"https:\/\/x.com\/CATAPA_Belgica\",\"https:\/\/www.instagram.com\/catapa_vzw\/\",\"https:\/\/be.linkedin.com\/company\/catapavzw\",\"https:\/\/www.youtube.com\/channel\/UCE52-Fiyv-Fpqf2gi1qhf1g\"]},{\"@type\":\"Person\",\"@id\":\"https:\/\/catapa.be\/en\/#\/schema\/person\/7a6d0f659d9ab91212508789c7961139\",\"name\":\"aurelie.vanbrussel@catapa.be\",\"url\":\"https:\/\/catapa.be\/en\/author\/aurelie-vanbrusselcatapa-be\/\"}]}<\/script>\n<!-- \/ Yoast SEO plugin. -->","yoast_head_json":{"title":"The Right to Say No: Insights and Experiences of the Global Struggle against Mining - CATAPA vzw","robots":{"index":"index","follow":"follow","max-snippet":"max-snippet:-1","max-image-preview":"max-image-preview:large","max-video-preview":"max-video-preview:-1"},"canonical":"https:\/\/catapa.be\/en\/right-to-say-no-webinar\/","og_locale":"en_US","og_type":"article","og_title":"The Right to Say No: Insights and Experiences of the Global Struggle against Mining - CATAPA vzw","og_description":"[vc_row][vc_column][vc_column_text]WEBINAR: The Right to Say No: Insights and Experiences of the Global Struggle against Mining 4th August, 2021 Last week The Thematic Social Forum on Mining and Extractive Economy explored the \u201cRight to Say No\u201dRead More","og_url":"https:\/\/catapa.be\/en\/right-to-say-no-webinar\/","og_site_name":"CATAPA vzw","article_publisher":"https:\/\/www.facebook.com\/catapa.belgium\/","article_published_time":"2021-08-04T09:31:35+00:00","article_modified_time":"2021-08-25T08:44:02+00:00","og_image":[{"width":540,"height":540,"url":"https:\/\/catapa.be\/wp-content\/uploads\/2021\/08\/Untitled-design.png","type":"image\/png"}],"author":"aurelie.vanbrussel@catapa.be","twitter_card":"summary_large_image","twitter_creator":"@CATAPA_Belgica","twitter_site":"@CATAPA_Belgica","twitter_misc":{"Written by":"aurelie.vanbrussel@catapa.be","Est. reading time":"12 minutes"},"schema":{"@context":"https:\/\/schema.org","@graph":[{"@type":"Article","@id":"https:\/\/catapa.be\/en\/right-to-say-no-webinar\/#article","isPartOf":{"@id":"https:\/\/catapa.be\/en\/right-to-say-no-webinar\/"},"author":{"name":"aurelie.vanbrussel@catapa.be","@id":"https:\/\/catapa.be\/en\/#\/schema\/person\/7a6d0f659d9ab91212508789c7961139"},"headline":"The Right to Say No: Insights and Experiences of the Global Struggle against Mining","datePublished":"2021-08-04T09:31:35+00:00","dateModified":"2021-08-25T08:44:02+00:00","mainEntityOfPage":{"@id":"https:\/\/catapa.be\/en\/right-to-say-no-webinar\/"},"wordCount":2410,"commentCount":1,"publisher":{"@id":"https:\/\/catapa.be\/en\/#organization"},"image":{"@id":"https:\/\/catapa.be\/en\/right-to-say-no-webinar\/#primaryimage"},"thumbnailUrl":"https:\/\/i0.wp.com\/catapa.be\/wp-content\/uploads\/2021\/08\/Untitled-design.png?fit=540%2C540&ssl=1","keywords":["activism","natural resources","Online","Right to Say No","Webinar"],"articleSection":["Mining","News"],"inLanguage":"en-US","potentialAction":[{"@type":"CommentAction","name":"Comment","target":["https:\/\/catapa.be\/en\/right-to-say-no-webinar\/#respond"]}]},{"@type":"WebPage","@id":"https:\/\/catapa.be\/en\/right-to-say-no-webinar\/","url":"https:\/\/catapa.be\/en\/right-to-say-no-webinar\/","name":"The Right to Say No: Insights and Experiences of the Global Struggle against Mining - CATAPA vzw","isPartOf":{"@id":"https:\/\/catapa.be\/en\/#website"},"primaryImageOfPage":{"@id":"https:\/\/catapa.be\/en\/right-to-say-no-webinar\/#primaryimage"},"image":{"@id":"https:\/\/catapa.be\/en\/right-to-say-no-webinar\/#primaryimage"},"thumbnailUrl":"https:\/\/i0.wp.com\/catapa.be\/wp-content\/uploads\/2021\/08\/Untitled-design.png?fit=540%2C540&ssl=1","datePublished":"2021-08-04T09:31:35+00:00","dateModified":"2021-08-25T08:44:02+00:00","breadcrumb":{"@id":"https:\/\/catapa.be\/en\/right-to-say-no-webinar\/#breadcrumb"},"inLanguage":"en-US","potentialAction":[{"@type":"ReadAction","target":["https:\/\/catapa.be\/en\/right-to-say-no-webinar\/"]}]},{"@type":"ImageObject","inLanguage":"en-US","@id":"https:\/\/catapa.be\/en\/right-to-say-no-webinar\/#primaryimage","url":"https:\/\/i0.wp.com\/catapa.be\/wp-content\/uploads\/2021\/08\/Untitled-design.png?fit=540%2C540&ssl=1","contentUrl":"https:\/\/i0.wp.com\/catapa.be\/wp-content\/uploads\/2021\/08\/Untitled-design.png?fit=540%2C540&ssl=1","width":540,"height":540,"caption":"Right to Say No webinar poster"},{"@type":"BreadcrumbList","@id":"https:\/\/catapa.be\/en\/right-to-say-no-webinar\/#breadcrumb","itemListElement":[{"@type":"ListItem","position":1,"name":"Home","item":"https:\/\/catapa.be\/en\/"},{"@type":"ListItem","position":2,"name":"The Right to Say No: Insights and Experiences of the Global Struggle against Mining"}]},{"@type":"WebSite","@id":"https:\/\/catapa.be\/en\/#website","url":"https:\/\/catapa.be\/en\/","name":"CATAPA vzw","description":"Comit\u00e9 Acad\u00e9mico T\u00e9cnico de Asesoramiento a Problemas Ambientales","publisher":{"@id":"https:\/\/catapa.be\/en\/#organization"},"potentialAction":[{"@type":"SearchAction","target":{"@type":"EntryPoint","urlTemplate":"https:\/\/catapa.be\/en\/?s={search_term_string}"},"query-input":{"@type":"PropertyValueSpecification","valueRequired":true,"valueName":"search_term_string"}}],"inLanguage":"en-US"},{"@type":"Organization","@id":"https:\/\/catapa.be\/en\/#organization","name":"CATAPA vzw","url":"https:\/\/catapa.be\/en\/","logo":{"@type":"ImageObject","inLanguage":"en-US","@id":"https:\/\/catapa.be\/en\/#\/schema\/logo\/image\/","url":"https:\/\/i0.wp.com\/catapa.be\/wp-content\/uploads\/2019\/02\/NEW20LOGO20SHORT20PNG1.png?fit=1259%2C1321&ssl=1","contentUrl":"https:\/\/i0.wp.com\/catapa.be\/wp-content\/uploads\/2019\/02\/NEW20LOGO20SHORT20PNG1.png?fit=1259%2C1321&ssl=1","width":1259,"height":1321,"caption":"CATAPA vzw"},"image":{"@id":"https:\/\/catapa.be\/en\/#\/schema\/logo\/image\/"},"sameAs":["https:\/\/www.facebook.com\/catapa.belgium\/","https:\/\/x.com\/CATAPA_Belgica","https:\/\/www.instagram.com\/catapa_vzw\/","https:\/\/be.linkedin.com\/company\/catapavzw","https:\/\/www.youtube.com\/channel\/UCE52-Fiyv-Fpqf2gi1qhf1g"]},{"@type":"Person","@id":"https:\/\/catapa.be\/en\/#\/schema\/person\/7a6d0f659d9ab91212508789c7961139","name":"aurelie.vanbrussel@catapa.be","url":"https:\/\/catapa.be\/en\/author\/aurelie-vanbrusselcatapa-be\/"}]}},"jetpack_publicize_connections":[],"jetpack_featured_media_url":"https:\/\/i0.wp.com\/catapa.be\/wp-content\/uploads\/2021\/08\/Untitled-design.png?fit=540%2C540&ssl=1","jetpack_sharing_enabled":true,"jetpack_likes_enabled":true,"jetpack-related-posts":[{"id":16747,"url":"https:\/\/catapa.be\/en\/make-ict-fair-webinar-series-2020-sustainable-ict-future\/","url_meta":{"origin":21990,"position":0},"title":"Make ICT Fair Webinar Series 2020: Sustainable ICT Future?","author":"Zlatka Dimitrova","date":"08\/10\/2020","format":false,"excerpt":"[vc_row][vc_column][vc_column_text] Make ICT Fair Webinar Series 2020: Sustainable ICT Future? [\/vc_column_text][vc_column_text] In these dynamic and challenging times, when digitalisation is an urgent and quickly progressing phenomenon, the discussion about the sustainability of our electronic devices is timelier than ever. Three years after launching the project Make ICT Fair, some of\u2026","rel":"","context":"Similar post","block_context":{"text":"Similar post","link":""},"img":{"alt_text":"","src":"https:\/\/i0.wp.com\/catapa.be\/wp-content\/uploads\/2020\/10\/Logos_Dossier_Webinar3-e1601939152997.png?fit=1000%2C381&ssl=1&resize=350%2C200","width":350,"height":200,"srcset":"https:\/\/i0.wp.com\/catapa.be\/wp-content\/uploads\/2020\/10\/Logos_Dossier_Webinar3-e1601939152997.png?fit=1000%2C381&ssl=1&resize=350%2C200 1x, https:\/\/i0.wp.com\/catapa.be\/wp-content\/uploads\/2020\/10\/Logos_Dossier_Webinar3-e1601939152997.png?fit=1000%2C381&ssl=1&resize=525%2C300 1.5x, https:\/\/i0.wp.com\/catapa.be\/wp-content\/uploads\/2020\/10\/Logos_Dossier_Webinar3-e1601939152997.png?fit=1000%2C381&ssl=1&resize=700%2C400 2x"},"classes":[]},{"id":16801,"url":"https:\/\/catapa.be\/es\/make-ict-fair-webinar-series-2020-sustainable-ict-future\/","url_meta":{"origin":21990,"position":1},"title":"Make ICT Fair Webinar Series 2020: Sustainable ICT Future?","author":"Zlatka Dimitrova","date":"08\/10\/2020","format":false,"excerpt":"[vc_row][vc_column][vc_column_text] Make ICT Fair Webinar Series 2020: Sustainable ICT Future? [\/vc_column_text][vc_column_text] In these dynamic and challenging times, when digitalisation is an urgent and quickly progressing phenomenon, the discussion about the sustainability of our electronic devices is timelier than ever. Three years after launching the project Make ICT Fair, some of\u2026","rel":"","context":"In &quot;Sin categorizar&quot;","block_context":{"text":"Sin categorizar","link":"https:\/\/catapa.be\/es\/category\/sin-categorizar\/"},"img":{"alt_text":"","src":"https:\/\/i0.wp.com\/catapa.be\/wp-content\/uploads\/2020\/10\/Logos_Dossier_Webinar3-e1601939152997.png?fit=1200%2C457&ssl=1&resize=350%2C200","width":350,"height":200,"srcset":"https:\/\/i0.wp.com\/catapa.be\/wp-content\/uploads\/2020\/10\/Logos_Dossier_Webinar3-e1601939152997.png?fit=1200%2C457&ssl=1&resize=350%2C200 1x, https:\/\/i0.wp.com\/catapa.be\/wp-content\/uploads\/2020\/10\/Logos_Dossier_Webinar3-e1601939152997.png?fit=1200%2C457&ssl=1&resize=525%2C300 1.5x, https:\/\/i0.wp.com\/catapa.be\/wp-content\/uploads\/2020\/10\/Logos_Dossier_Webinar3-e1601939152997.png?fit=1200%2C457&ssl=1&resize=700%2C400 2x, https:\/\/i0.wp.com\/catapa.be\/wp-content\/uploads\/2020\/10\/Logos_Dossier_Webinar3-e1601939152997.png?fit=1200%2C457&ssl=1&resize=1050%2C600 3x"},"classes":[]},{"id":15681,"url":"https:\/\/catapa.be\/en\/webinar-series-towards-a-responsible-supply-chain-for-electronics\/","url_meta":{"origin":21990,"position":2},"title":"Webinar Series: Towards a Responsible Supply Chain for Electronics","author":"Daniela Marques Branco","date":"19\/08\/2020","format":false,"excerpt":"[vc_row][vc_column][vc_column_text] WEBINAR SERIES: [\/vc_column_text][vc_custom_heading text=\"Towards a Responsible Supply Chain for Electronics\" font_container=\"tag:h2|font_size:44|text_align:center|color:%23112189\" google_fonts=\"font_family:Open%20Sans%3A300%2C300italic%2Cregular%2Citalic%2C600%2C600italic%2C700%2C700italic%2C800%2C800italic|font_style:600%20bold%20regular%3A600%3Anormal\"][vc_custom_heading text=\"From Mining to Manufacturing\" font_container=\"tag:h2|font_size:35|text_align:center|color:%2309529b\" google_fonts=\"font_family:Open%20Sans%3A300%2C300italic%2Cregular%2Citalic%2C600%2C600italic%2C700%2C700italic%2C800%2C800italic|font_style:600%20bold%20regular%3A600%3Anormal\"][vc_column_text] 28th September - 2nd October 2020 [\/vc_column_text][vc_column_text] Registration [\/vc_column_text][vc_empty_space][vc_column_text] The webinars are organised by the Make ICT Fair project, in collaboration with Fair ICT Flanders and supported by KU Leuven SIM2.\u2026","rel":"","context":"With 1 comment","block_context":{"text":"With 1 comment","link":"https:\/\/catapa.be\/en\/webinar-series-towards-a-responsible-supply-chain-for-electronics\/#comments"},"img":{"alt_text":"","src":"https:\/\/i0.wp.com\/catapa.be\/wp-content\/uploads\/2020\/08\/Webinar-series-Facebook-event-format-1.png?fit=1200%2C675&ssl=1&resize=350%2C200","width":350,"height":200,"srcset":"https:\/\/i0.wp.com\/catapa.be\/wp-content\/uploads\/2020\/08\/Webinar-series-Facebook-event-format-1.png?fit=1200%2C675&ssl=1&resize=350%2C200 1x, https:\/\/i0.wp.com\/catapa.be\/wp-content\/uploads\/2020\/08\/Webinar-series-Facebook-event-format-1.png?fit=1200%2C675&ssl=1&resize=525%2C300 1.5x, https:\/\/i0.wp.com\/catapa.be\/wp-content\/uploads\/2020\/08\/Webinar-series-Facebook-event-format-1.png?fit=1200%2C675&ssl=1&resize=700%2C400 2x, https:\/\/i0.wp.com\/catapa.be\/wp-content\/uploads\/2020\/08\/Webinar-series-Facebook-event-format-1.png?fit=1200%2C675&ssl=1&resize=1050%2C600 3x"},"classes":[]},{"id":21991,"url":"https:\/\/catapa.be\/nl\/the-right-to-say-no-webinar-inzichten\/","url_meta":{"origin":21990,"position":3},"title":"Het &#8216;Right to Say No&#8217;: Inzichten en Ervaringen in de Globale Strijd tegen Mijnbouw","author":"aurelie.vanbrussel@catapa.be","date":"04\/08\/2021","format":false,"excerpt":"[vc_row][vc_column][vc_column_text]WEBINAR: Het 'Right to Say No': Inzichten en Ervaringen in de Globale Strijd tegen Mijnbouw 4 Augustus 2021 Vorige week verkende The Thematic Social Forum on Mining and Extractive Economy het \u201cRight to Say No\u201d tegen mijnbouwprojecten over de gehele wereld tijdens een globale webinar.\u00a0 Sprekers van vier verschillende continenten\u2026","rel":"","context":"In &quot;Geen onderdeel van een categorie&quot;","block_context":{"text":"Geen onderdeel van een categorie","link":"https:\/\/catapa.be\/nl\/category\/geen-onderdeel-van-een-categorie\/"},"img":{"alt_text":"Right to Say No webinar poster","src":"https:\/\/i0.wp.com\/catapa.be\/wp-content\/uploads\/2021\/08\/Untitled-design.png?fit=540%2C540&ssl=1&resize=350%2C200","width":350,"height":200,"srcset":"https:\/\/i0.wp.com\/catapa.be\/wp-content\/uploads\/2021\/08\/Untitled-design.png?fit=540%2C540&ssl=1&resize=350%2C200 1x, https:\/\/i0.wp.com\/catapa.be\/wp-content\/uploads\/2021\/08\/Untitled-design.png?fit=540%2C540&ssl=1&resize=525%2C300 1.5x"},"classes":[]},{"id":19330,"url":"https:\/\/catapa.be\/en\/10-ways-catapa-took-on-the-mining-industry-in-2020\/","url_meta":{"origin":21990,"position":4},"title":"10 Ways CATAPA Took on the Mining Industry in 2020","author":"Harry Carter","date":"26\/01\/2021","format":false,"excerpt":"[vc_row][vc_column][vc_column_text] 10 Ways CATAPA Took on the Mining Industry in 2020 \u00a0 Its been a challenging year across the world with the Covid-19 pandemic not least for communities facing down mining projects trying to exploit the situation we now find ourselves in. Despite these new challenges here are 10 Ways\u2026","rel":"","context":"In &quot;Bolivia&quot;","block_context":{"text":"Bolivia","link":"https:\/\/catapa.be\/en\/category\/partnerlanden\/bolivia\/"},"img":{"alt_text":"","src":"https:\/\/i0.wp.com\/catapa.be\/wp-content\/uploads\/2021\/01\/Star-Watchers-4.png?fit=640%2C640&ssl=1&resize=350%2C200","width":350,"height":200,"srcset":"https:\/\/i0.wp.com\/catapa.be\/wp-content\/uploads\/2021\/01\/Star-Watchers-4.png?fit=640%2C640&ssl=1&resize=350%2C200 1x, https:\/\/i0.wp.com\/catapa.be\/wp-content\/uploads\/2021\/01\/Star-Watchers-4.png?fit=640%2C640&ssl=1&resize=525%2C300 1.5x"},"classes":[]},{"id":17228,"url":"https:\/\/catapa.be\/en\/thesis-4-bolivia\/","url_meta":{"origin":21990,"position":5},"title":"Thesis 4 Bolivia","author":"Harry Carter","date":"21\/10\/2020","format":false,"excerpt":"[vc_row][vc_column][vc_column_text]WEBINAR: Thesis 4 Bolivia 27th October, 7-9pm, Online Registration \u00a0 We invite you to an evening of presentations to hear from researchers and graduated students on the results of their thesis conducted in Bolivia. Learn about their motives, challenges and results from their research and have the opportunity during the\u2026","rel":"","context":"In \"Bolivia\"","block_context":{"text":"Bolivia","link":"https:\/\/catapa.be\/en\/tag\/bolivia-2\/"},"img":{"alt_text":"","src":"https:\/\/i0.wp.com\/catapa.be\/wp-content\/uploads\/2020\/10\/Link-In-Bio.png?fit=940%2C788&ssl=1&resize=350%2C200","width":350,"height":200,"srcset":"https:\/\/i0.wp.com\/catapa.be\/wp-content\/uploads\/2020\/10\/Link-In-Bio.png?fit=940%2C788&ssl=1&resize=350%2C200 1x, https:\/\/i0.wp.com\/catapa.be\/wp-content\/uploads\/2020\/10\/Link-In-Bio.png?fit=940%2C788&ssl=1&resize=525%2C300 1.5x, https:\/\/i0.wp.com\/catapa.be\/wp-content\/uploads\/2020\/10\/Link-In-Bio.png?fit=940%2C788&ssl=1&resize=700%2C400 2x"},"classes":[]}],"_links":{"self":[{"href":"https:\/\/catapa.be\/en\/wp-json\/wp\/v2\/posts\/21990","targetHints":{"allow":["GET"]}}],"collection":[{"href":"https:\/\/catapa.be\/en\/wp-json\/wp\/v2\/posts"}],"about":[{"href":"https:\/\/catapa.be\/en\/wp-json\/wp\/v2\/types\/post"}],"author":[{"embeddable":true,"href":"https:\/\/catapa.be\/en\/wp-json\/wp\/v2\/users\/56"}],"replies":[{"embeddable":true,"href":"https:\/\/catapa.be\/en\/wp-json\/wp\/v2\/comments?post=21990"}],"version-history":[{"count":26,"href":"https:\/\/catapa.be\/en\/wp-json\/wp\/v2\/posts\/21990\/revisions"}],"predecessor-version":[{"id":22204,"href":"https:\/\/catapa.be\/en\/wp-json\/wp\/v2\/posts\/21990\/revisions\/22204"}],"wp:featuredmedia":[{"embeddable":true,"href":"https:\/\/catapa.be\/en\/wp-json\/wp\/v2\/media\/22100"}],"wp:attachment":[{"href":"https:\/\/catapa.be\/en\/wp-json\/wp\/v2\/media?parent=21990"}],"wp:term":[{"taxonomy":"category","embeddable":true,"href":"https:\/\/catapa.be\/en\/wp-json\/wp\/v2\/categories?post=21990"},{"taxonomy":"post_tag","embeddable":true,"href":"https:\/\/catapa.be\/en\/wp-json\/wp\/v2\/tags?post=21990"}],"curies":[{"name":"wp","href":"https:\/\/api.w.org\/{rel}","templated":true}]}}