{"id":28550,"date":"2022-03-22T15:45:49","date_gmt":"2022-03-22T14:45:49","guid":{"rendered":"https:\/\/catapa.be\/?p=28550"},"modified":"2022-03-22T16:21:55","modified_gmt":"2022-03-22T15:21:55","slug":"environmental-defenders-meet-with-meps","status":"publish","type":"post","link":"https:\/\/catapa.be\/en\/environmental-defenders-meet-with-meps\/","title":{"rendered":"ENVIRONMENTAL DEFENDERS MEET WITH MEP\u2019S"},"content":{"rendered":"<div class=\"wpb-content-wrapper\"><p>[vc_row][vc_column][vc_column_text]<\/p>\n<h2><span style=\"font-weight: 400;\">ENVIRONMENTAL DEFENDERS, INDIGENOUS REPRESENTATIVES OF COMMUNITIES AFFECTED BY MINING MEET WITH MEP\u2019S REGARDING EU DUE DILIGENCE LEGISLATION<\/span><\/h2>\n<p><span style=\"font-weight: 400;\">Our Peruvian environmental defenders, alongside indigenous representatives from Russia and Guatemala, met with MEP\u2019s on Thursday 4th March to share their stories of fighting on the frontlines to defend their communities from destructive mining projects.\u00a0<\/span>[\/vc_column_text][vc_column_text]<\/p>\n<blockquote><p>International voluntary standards on responsible corporate conduct have failed to have an impact on environmental and human rights abuses along supply chains.<\/p><\/blockquote>\n<p>[\/vc_column_text][vc_column_text]<span style=\"font-weight: 400;\">They demanded tougher battery and due diligence legislation that centres the voices and experiences of impacted communities. Under the \u2018social licence to operate\u2019 (SLO), a non-binding voluntary commitment to \u2018good practice\u2019, corporations are able to <\/span><a href=\"https:\/\/earthworks.org\/blog\/why-were-holding-chevron-accountable-for-its-greenwashing-campaigns\/\"><span style=\"font-weight: 400;\">greenwash<\/span><\/a><span style=\"font-weight: 400;\"> their operations<\/span><span style=\"font-weight: 400;\">. I<\/span><a href=\"https:\/\/doi.org\/10.1787\/9789264115415-en\"><span style=\"font-weight: 400;\">nternational voluntary standards<\/span><\/a><span style=\"font-weight: 400;\"> on responsible corporate conduct have <\/span><a href=\"https:\/\/www.business-humanrights.org\/en\/blog\/brumadinho-dam-collapse-lessons-in-corporate-due-diligence-and-remedy-for-harm-done\/\"><span style=\"font-weight: 400;\">failed to have an impact on environmental and human rights abuses<\/span><\/a><span style=\"font-weight: 400;\"> along supply chains.<\/span>[\/vc_column_text][vc_single_image image=&#8221;28554&#8243; img_size=&#8221;full&#8221; add_caption=&#8221;yes&#8221;][vc_column_text]<span style=\"font-weight: 400;\">The delegation emphasised the importance of retaining copper, bauxite and iron within proposed due diligence obligations. They also brought attention to the need to include obligations towards climate impacts.<\/span><\/p>\n<p><a href=\"https:\/\/ec.europa.eu\/info\/sites\/default\/files\/1_1_183885_prop_dir_susta_en.pdf\"><span style=\"font-weight: 400;\">Current Corporate Sustainability Due Diligence proposals<\/span><\/a><span style=\"font-weight: 400;\"> only require EU mining companies with more than 250 employees and an annual turnover of 40 million euros to prevent human rights and environmental abuses along their supply chains. This applies to less than 0.2% of EU companies.\u00a0<\/span><\/p>\n<p><span style=\"font-weight: 400;\">Companies will also only be required to prevent the impact of so-called \u2018established\u2019 business partners. This fails to cover short-term relationships, incentivising companies to regularly switch suppliers to avoid liability.\u00a0<\/span><\/p>\n<p><span style=\"font-weight: 400;\">The proposed law also fails to remove serious legal hurdles that prevent transnational cases being brought against companies, such as costs, short time-limits, lack of access to evidence and a disproportionate burden of proof.\u00a0<\/span>[\/vc_column_text][vc_single_image image=&#8221;28562&#8243; img_size=&#8221;full&#8221;][vc_column_text]<span style=\"font-weight: 400;\">Beyond corporate sustainability, our environmental defenders pushed for a fundamental transformation of our society and relationship with nature. Our current linear model of consumption and production is a driving cause of the <\/span><a href=\"https:\/\/www.independent.co.uk\/climate-change\/news\/soil-carbon-climate-crisis-global-warming-b1534409.html\"><span style=\"font-weight: 400;\">climate crisis<\/span><\/a><span style=\"font-weight: 400;\">. In this \u201cthrowaway\u201d model, the pursuit of limitless growth, production and consumption are destroying our biodiversity, polluting our rivers and <\/span><a href=\"https:\/\/www.globalwitness.org\/en\/press-releases\/global-witness-reports-227-land-and-environmental-activists-murdered-single-year-worst-figure-record\/\"><span style=\"font-weight: 400;\">killing those who defend us.<\/span><\/a><\/p>\n<p><span style=\"font-weight: 400;\">Overconsumption in the EU is directly tied to destructive mining projects in Peru and Latin America. The EU\u2019s material footprint is 14.5 tonnes per capita (of which 20% is imported from outside of the EU). This is double the <\/span><a href=\"https:\/\/eeb.org\/wp-content\/uploads\/2021\/10\/Green-mining-report_EEB-FoEE-2021.pdf\"><span style=\"font-weight: 400;\">just limit of consumption and is using up to 97% of the planet\u2019s \u2018safe operating space\u2019<\/span><\/a><span style=\"font-weight: 400;\">.\u00a0<\/span><\/p>\n<p><span style=\"font-weight: 400;\">After visiting the EU Parliament, our environmental defenders met with other indigenous representatives, CSOs and MEPs for dinner to build and strengthen links of solidarity between their fights for justice.<\/span><\/p>\n<p>This meeting occurred in collaboration with the <a href=\"https:\/\/eeb.org\/\" target=\"_blank\" rel=\"noopener\">EEB<\/a>, as part of the <a href=\"https:\/\/catapa.be\/en\/speakers-tour-2022-overview-activities\/\">Speaker&#8217;s Tour 2022<\/a>.[\/vc_column_text][vc_column_text]<span style=\"font-weight: 400;\">Written by catapista <a href=\"https:\/\/catapa.be\/en\/?s=connor\" target=\"_blank\" rel=\"noopener\">Connor Cashell.<\/a><\/span><\/p>\n<p><span style=\"font-weight: 400;\">Sources:\u00a0<\/span>[\/vc_column_text][vc_column_text]<\/p>\n<pre><span style=\"font-weight: 400;\">Business and Human Rights Centre Resource Centre., (2019). \r\n<\/span><i><span style=\"font-weight: 400;\">Brumadinho dam collapse: lessons in corporate due diligence and remedy for harm done<\/span><\/i><span style=\"font-weight: 400;\">. \r\nAvailable at: <\/span><a href=\"https:\/\/www.business-humanrights.org\/en\/blog\/brumadinho-dam-collapse-lessons-in-corporate-due-diligence-and-remedy-for-harm-done\/\"><span style=\"font-weight: 400;\">https:\/\/www.business-humanrights.org\/en\/blog\/brumadinho-dam-collapse-lessons-in-corporate-due-diligence-and-remedy-for-harm-done\/<\/span><\/a><span style=\"font-weight: 400;\"> \r\n[Accessed 22 March 2022].<\/span>\r\n\r\n<span style=\"font-weight: 400;\">Cockburn, H. (2020) \u2018Climate crisis: \r\nglobal temperature rise of 2C \u2018would release billions of tonnes of soil carbon\u2019, <\/span><i><span style=\"font-weight: 400;\">Independent<\/span><\/i><span style=\"font-weight: 400;\">, 2 November 2020. \r\nAvailable at: <\/span><a href=\"https:\/\/www.independent.co.uk\/climate-change\/news\/soil-carbon-climate-crisis-global-warming-b1534409.html\"><span style=\"font-weight: 400;\">https:\/\/www.independent.co.uk\/climate-change\/news\/soil-carbon-climate-crisis-global-warming-b1534409.html<\/span><\/a><span style=\"font-weight: 400;\"> \r\n[Accessed 22 March 2022].<\/span>\r\n\r\n<span style=\"font-weight: 400;\">European Commission (2021) \u2018<\/span><i><span style=\"font-weight: 400;\">Proposal for a Directive of the European Parliament and of the Council \r\non Corporate Sustainability Due Diligence and amending Directive (EU) 2019\/1937<\/span><\/i><span style=\"font-weight: 400;\">\u2019. \r\nAvailable at: <\/span><a href=\"https:\/\/ec.europa.eu\/info\/sites\/default\/files\/1_1_183885_prop_dir_susta_en.pdf\"><span style=\"font-weight: 400;\">https:\/\/ec.europa.eu\/info\/sites\/default\/files\/1_1_183885_prop_dir_susta_en.pdf<\/span><\/a><span style=\"font-weight: 400;\"> \r\n[Accessed 22 March 2022].<\/span>\r\n\r\n<span style=\"font-weight: 400;\">European Environmental Bureau, Friends of the Earth Europe (2021). \r\n<\/span><i><span style=\"font-weight: 400;\">Green mining is a myth\u2019: the case of cutting EU resource consumption<\/span><\/i><span style=\"font-weight: 400;\">. \r\nAvailable at: <\/span><a href=\"https:\/\/eeb.org\/wp-content\/uploads\/2021\/10\/Green-mining-report_EEB-FoEE-2021.pdf\"><span style=\"font-weight: 400;\">https:\/\/eeb.org\/wp-content\/uploads\/2021\/10\/Green-mining-report_EEB-FoEE-2021.pdf<\/span><\/a><span style=\"font-weight: 400;\"> \r\n[Accessed 22 March 2022].<\/span>\r\n\r\n<span style=\"font-weight: 400;\">MEP Antonius Manders (2021), <\/span><i><span style=\"font-weight: 400;\">Report on the liability of companies for environmental damage (2020\/2027(INI)) \r\nCommittee on Legal Affairs<\/span><\/i><span style=\"font-weight: 400;\">. \r\nAvailable at: <\/span><a href=\"https:\/\/www.europarl.europa.eu\/doceo\/document\/A-9-2021-0112_EN.pdf\"><span style=\"font-weight: 400;\">https:\/\/www.europarl.europa.eu\/doceo\/document\/A-9-2021-0112_EN.pdf<\/span><\/a><span style=\"font-weight: 400;\"> \r\n[Accessed 22 March 2022].<\/span>\r\n\r\n<span style=\"font-weight: 400;\">OECD (2011), <\/span><i><span style=\"font-weight: 400;\">Guidelines for Multinational Enterprises (2011 update)<\/span><\/i><span style=\"font-weight: 400;\">, \r\nAvailable at: <\/span><a href=\"https:\/\/doi.org\/10.1787\/9789264115415-en\"><span style=\"font-weight: 400;\">https:\/\/doi.org\/10.1787\/9789264115415-en<\/span><\/a><span style=\"font-weight: 400;\"> \r\n[Accessed 22 March 2022].\r\n<\/span><span style=\"font-weight: 400;\">\r\nUnited Nations (2011), <\/span><i><span style=\"font-weight: 400;\">Guiding Principles on Business and Human Rights: \r\nImplementing the United Nations \u2018Protect, Respect and Remedy\u2019 Framework<\/span><\/i><span style=\"font-weight: 400;\">. \r\nAvailable at <\/span><a href=\"https:\/\/www.ohchr.org\/Documents\/Publications\/GuidingPrinciplesBusinessHR_EN.pdf\"><span style=\"font-weight: 400;\">https:\/\/www.ohchr.org\/Documents\/Publications\/GuidingPrinciplesBusinessHR_EN.pdf<\/span><\/a><span style=\"font-weight: 400;\"> \r\n[Accessed 22 March 2022].\r\n<\/span><\/pre>\n<p>[\/vc_column_text][\/vc_column][\/vc_row]<\/p>\n<\/div>","protected":false},"excerpt":{"rendered":"<p>[vc_row][vc_column][vc_column_text] ENVIRONMENTAL DEFENDERS, INDIGENOUS REPRESENTATIVES OF COMMUNITIES AFFECTED BY MINING MEET WITH MEP\u2019S REGARDING EU DUE DILIGENCE LEGISLATION Our Peruvian environmental defenders, alongside indigenous representatives from Russia and Guatemala, met with MEP\u2019s on Thursday 4th<br \/><a class=\"read-more\" href=\"https:\/\/catapa.be\/en\/environmental-defenders-meet-with-meps\/\">Read More<\/a><\/p>\n","protected":false},"author":60,"featured_media":28551,"comment_status":"open","ping_status":"open","sticky":false,"template":"","format":"standard","meta":{"_exactmetrics_skip_tracking":false,"_exactmetrics_sitenote_active":false,"_exactmetrics_sitenote_note":"","_exactmetrics_sitenote_category":0,"jetpack_post_was_ever_published":false,"_jetpack_newsletter_access":"","_jetpack_dont_email_post_to_subs":false,"_jetpack_newsletter_tier_id":0,"_jetpack_memberships_contains_paywalled_content":false,"_jetpack_memberships_contains_paid_content":false,"footnotes":"","jetpack_publicize_message":"","jetpack_publicize_feature_enabled":true,"jetpack_social_post_already_shared":true,"jetpack_social_options":{"image_generator_settings":{"template":"highway","default_image_id":0,"font":"","enabled":false},"version":2}},"categories":[1],"tags":[],"class_list":["post-28550","post","type-post","status-publish","format-standard","has-post-thumbnail","hentry","category-uncategorized"],"yoast_head":"<!-- This site is optimized with the Yoast SEO plugin v26.8 - https:\/\/yoast.com\/product\/yoast-seo-wordpress\/ -->\n<title>ENVIRONMENTAL DEFENDERS MEET WITH MEP\u2019S - CATAPA vzw<\/title>\n<meta name=\"description\" content=\"ENVIRONMENTAL DEFENDERS, INDIGENOUS REPRESENTATIVES OF COMMUNITIES AFFECTED BY MINING MEET WITH MEP\u2019S REGARDING EU DUE DILIGENCE LEGISLATION\" \/>\n<meta name=\"robots\" content=\"index, follow, max-snippet:-1, max-image-preview:large, max-video-preview:-1\" \/>\n<link rel=\"canonical\" href=\"https:\/\/catapa.be\/en\/environmental-defenders-meet-with-meps\/\" \/>\n<meta property=\"og:locale\" content=\"en_US\" \/>\n<meta property=\"og:type\" content=\"article\" \/>\n<meta property=\"og:title\" content=\"ENVIRONMENTAL DEFENDERS MEET WITH MEP\u2019S - CATAPA vzw\" \/>\n<meta property=\"og:description\" content=\"ENVIRONMENTAL DEFENDERS, INDIGENOUS REPRESENTATIVES OF COMMUNITIES AFFECTED BY MINING MEET WITH MEP\u2019S REGARDING EU DUE DILIGENCE LEGISLATION\" \/>\n<meta property=\"og:url\" content=\"https:\/\/catapa.be\/en\/environmental-defenders-meet-with-meps\/\" \/>\n<meta property=\"og:site_name\" content=\"CATAPA vzw\" \/>\n<meta property=\"article:publisher\" content=\"https:\/\/www.facebook.com\/catapa.belgium\/\" \/>\n<meta property=\"article:published_time\" content=\"2022-03-22T14:45:49+00:00\" \/>\n<meta property=\"article:modified_time\" content=\"2022-03-22T15:21:55+00:00\" \/>\n<meta property=\"og:image\" content=\"https:\/\/catapa.be\/wp-content\/uploads\/2022\/03\/Summary-MEP-day-speakers-tour-2022.jpg\" \/>\n\t<meta property=\"og:image:width\" content=\"535\" \/>\n\t<meta property=\"og:image:height\" content=\"299\" \/>\n\t<meta property=\"og:image:type\" content=\"image\/jpeg\" \/>\n<meta name=\"author\" content=\"Siel Vandamme\" \/>\n<meta name=\"twitter:card\" content=\"summary_large_image\" \/>\n<meta name=\"twitter:creator\" content=\"@CATAPA_Belgica\" \/>\n<meta name=\"twitter:site\" content=\"@CATAPA_Belgica\" \/>\n<meta name=\"twitter:label1\" content=\"Written by\" \/>\n\t<meta name=\"twitter:data1\" content=\"Siel Vandamme\" \/>\n\t<meta name=\"twitter:label2\" content=\"Est. reading time\" \/>\n\t<meta name=\"twitter:data2\" content=\"4 minutes\" \/>\n<script type=\"application\/ld+json\" class=\"yoast-schema-graph\">{\"@context\":\"https:\/\/schema.org\",\"@graph\":[{\"@type\":\"Article\",\"@id\":\"https:\/\/catapa.be\/en\/environmental-defenders-meet-with-meps\/#article\",\"isPartOf\":{\"@id\":\"https:\/\/catapa.be\/en\/environmental-defenders-meet-with-meps\/\"},\"author\":{\"name\":\"Siel Vandamme\",\"@id\":\"https:\/\/catapa.be\/en\/#\/schema\/person\/e7a7cd72aaa4175694c40199c3187d7b\"},\"headline\":\"ENVIRONMENTAL DEFENDERS MEET WITH MEP\u2019S\",\"datePublished\":\"2022-03-22T14:45:49+00:00\",\"dateModified\":\"2022-03-22T15:21:55+00:00\",\"mainEntityOfPage\":{\"@id\":\"https:\/\/catapa.be\/en\/environmental-defenders-meet-with-meps\/\"},\"wordCount\":507,\"commentCount\":0,\"publisher\":{\"@id\":\"https:\/\/catapa.be\/en\/#organization\"},\"image\":{\"@id\":\"https:\/\/catapa.be\/en\/environmental-defenders-meet-with-meps\/#primaryimage\"},\"thumbnailUrl\":\"https:\/\/i0.wp.com\/catapa.be\/wp-content\/uploads\/2022\/03\/Summary-MEP-day-speakers-tour-2022.jpg?fit=535%2C299&ssl=1\",\"inLanguage\":\"en-US\",\"potentialAction\":[{\"@type\":\"CommentAction\",\"name\":\"Comment\",\"target\":[\"https:\/\/catapa.be\/en\/environmental-defenders-meet-with-meps\/#respond\"]}]},{\"@type\":\"WebPage\",\"@id\":\"https:\/\/catapa.be\/en\/environmental-defenders-meet-with-meps\/\",\"url\":\"https:\/\/catapa.be\/en\/environmental-defenders-meet-with-meps\/\",\"name\":\"ENVIRONMENTAL DEFENDERS MEET WITH MEP\u2019S - CATAPA vzw\",\"isPartOf\":{\"@id\":\"https:\/\/catapa.be\/en\/#website\"},\"primaryImageOfPage\":{\"@id\":\"https:\/\/catapa.be\/en\/environmental-defenders-meet-with-meps\/#primaryimage\"},\"image\":{\"@id\":\"https:\/\/catapa.be\/en\/environmental-defenders-meet-with-meps\/#primaryimage\"},\"thumbnailUrl\":\"https:\/\/i0.wp.com\/catapa.be\/wp-content\/uploads\/2022\/03\/Summary-MEP-day-speakers-tour-2022.jpg?fit=535%2C299&ssl=1\",\"datePublished\":\"2022-03-22T14:45:49+00:00\",\"dateModified\":\"2022-03-22T15:21:55+00:00\",\"description\":\"ENVIRONMENTAL DEFENDERS, INDIGENOUS REPRESENTATIVES OF COMMUNITIES AFFECTED BY MINING MEET WITH MEP\u2019S REGARDING EU DUE DILIGENCE LEGISLATION\",\"breadcrumb\":{\"@id\":\"https:\/\/catapa.be\/en\/environmental-defenders-meet-with-meps\/#breadcrumb\"},\"inLanguage\":\"en-US\",\"potentialAction\":[{\"@type\":\"ReadAction\",\"target\":[\"https:\/\/catapa.be\/en\/environmental-defenders-meet-with-meps\/\"]}]},{\"@type\":\"ImageObject\",\"inLanguage\":\"en-US\",\"@id\":\"https:\/\/catapa.be\/en\/environmental-defenders-meet-with-meps\/#primaryimage\",\"url\":\"https:\/\/i0.wp.com\/catapa.be\/wp-content\/uploads\/2022\/03\/Summary-MEP-day-speakers-tour-2022.jpg?fit=535%2C299&ssl=1\",\"contentUrl\":\"https:\/\/i0.wp.com\/catapa.be\/wp-content\/uploads\/2022\/03\/Summary-MEP-day-speakers-tour-2022.jpg?fit=535%2C299&ssl=1\",\"width\":535,\"height\":299,\"caption\":\"Summary MEP day speakers tour 2022\"},{\"@type\":\"BreadcrumbList\",\"@id\":\"https:\/\/catapa.be\/en\/environmental-defenders-meet-with-meps\/#breadcrumb\",\"itemListElement\":[{\"@type\":\"ListItem\",\"position\":1,\"name\":\"Home\",\"item\":\"https:\/\/catapa.be\/en\/\"},{\"@type\":\"ListItem\",\"position\":2,\"name\":\"ENVIRONMENTAL DEFENDERS MEET WITH MEP\u2019S\"}]},{\"@type\":\"WebSite\",\"@id\":\"https:\/\/catapa.be\/en\/#website\",\"url\":\"https:\/\/catapa.be\/en\/\",\"name\":\"CATAPA vzw\",\"description\":\"Comit\u00e9 Acad\u00e9mico T\u00e9cnico de Asesoramiento a Problemas Ambientales\",\"publisher\":{\"@id\":\"https:\/\/catapa.be\/en\/#organization\"},\"potentialAction\":[{\"@type\":\"SearchAction\",\"target\":{\"@type\":\"EntryPoint\",\"urlTemplate\":\"https:\/\/catapa.be\/en\/?s={search_term_string}\"},\"query-input\":{\"@type\":\"PropertyValueSpecification\",\"valueRequired\":true,\"valueName\":\"search_term_string\"}}],\"inLanguage\":\"en-US\"},{\"@type\":\"Organization\",\"@id\":\"https:\/\/catapa.be\/en\/#organization\",\"name\":\"CATAPA vzw\",\"url\":\"https:\/\/catapa.be\/en\/\",\"logo\":{\"@type\":\"ImageObject\",\"inLanguage\":\"en-US\",\"@id\":\"https:\/\/catapa.be\/en\/#\/schema\/logo\/image\/\",\"url\":\"https:\/\/i0.wp.com\/catapa.be\/wp-content\/uploads\/2019\/02\/NEW20LOGO20SHORT20PNG1.png?fit=1259%2C1321&ssl=1\",\"contentUrl\":\"https:\/\/i0.wp.com\/catapa.be\/wp-content\/uploads\/2019\/02\/NEW20LOGO20SHORT20PNG1.png?fit=1259%2C1321&ssl=1\",\"width\":1259,\"height\":1321,\"caption\":\"CATAPA vzw\"},\"image\":{\"@id\":\"https:\/\/catapa.be\/en\/#\/schema\/logo\/image\/\"},\"sameAs\":[\"https:\/\/www.facebook.com\/catapa.belgium\/\",\"https:\/\/x.com\/CATAPA_Belgica\",\"https:\/\/www.instagram.com\/catapa_vzw\/\",\"https:\/\/be.linkedin.com\/company\/catapavzw\",\"https:\/\/www.youtube.com\/channel\/UCE52-Fiyv-Fpqf2gi1qhf1g\"]},{\"@type\":\"Person\",\"@id\":\"https:\/\/catapa.be\/en\/#\/schema\/person\/e7a7cd72aaa4175694c40199c3187d7b\",\"name\":\"Siel Vandamme\",\"url\":\"https:\/\/catapa.be\/en\/author\/siel-vandamme\/\"}]}<\/script>\n<!-- \/ Yoast SEO plugin. -->","yoast_head_json":{"title":"ENVIRONMENTAL DEFENDERS MEET WITH MEP\u2019S - CATAPA vzw","description":"ENVIRONMENTAL DEFENDERS, INDIGENOUS REPRESENTATIVES OF COMMUNITIES AFFECTED BY MINING MEET WITH MEP\u2019S REGARDING EU DUE DILIGENCE LEGISLATION","robots":{"index":"index","follow":"follow","max-snippet":"max-snippet:-1","max-image-preview":"max-image-preview:large","max-video-preview":"max-video-preview:-1"},"canonical":"https:\/\/catapa.be\/en\/environmental-defenders-meet-with-meps\/","og_locale":"en_US","og_type":"article","og_title":"ENVIRONMENTAL DEFENDERS MEET WITH MEP\u2019S - CATAPA vzw","og_description":"ENVIRONMENTAL DEFENDERS, INDIGENOUS REPRESENTATIVES OF COMMUNITIES AFFECTED BY MINING MEET WITH MEP\u2019S REGARDING EU DUE DILIGENCE LEGISLATION","og_url":"https:\/\/catapa.be\/en\/environmental-defenders-meet-with-meps\/","og_site_name":"CATAPA vzw","article_publisher":"https:\/\/www.facebook.com\/catapa.belgium\/","article_published_time":"2022-03-22T14:45:49+00:00","article_modified_time":"2022-03-22T15:21:55+00:00","og_image":[{"width":535,"height":299,"url":"https:\/\/catapa.be\/wp-content\/uploads\/2022\/03\/Summary-MEP-day-speakers-tour-2022.jpg","type":"image\/jpeg"}],"author":"Siel Vandamme","twitter_card":"summary_large_image","twitter_creator":"@CATAPA_Belgica","twitter_site":"@CATAPA_Belgica","twitter_misc":{"Written by":"Siel Vandamme","Est. reading time":"4 minutes"},"schema":{"@context":"https:\/\/schema.org","@graph":[{"@type":"Article","@id":"https:\/\/catapa.be\/en\/environmental-defenders-meet-with-meps\/#article","isPartOf":{"@id":"https:\/\/catapa.be\/en\/environmental-defenders-meet-with-meps\/"},"author":{"name":"Siel Vandamme","@id":"https:\/\/catapa.be\/en\/#\/schema\/person\/e7a7cd72aaa4175694c40199c3187d7b"},"headline":"ENVIRONMENTAL DEFENDERS MEET WITH MEP\u2019S","datePublished":"2022-03-22T14:45:49+00:00","dateModified":"2022-03-22T15:21:55+00:00","mainEntityOfPage":{"@id":"https:\/\/catapa.be\/en\/environmental-defenders-meet-with-meps\/"},"wordCount":507,"commentCount":0,"publisher":{"@id":"https:\/\/catapa.be\/en\/#organization"},"image":{"@id":"https:\/\/catapa.be\/en\/environmental-defenders-meet-with-meps\/#primaryimage"},"thumbnailUrl":"https:\/\/i0.wp.com\/catapa.be\/wp-content\/uploads\/2022\/03\/Summary-MEP-day-speakers-tour-2022.jpg?fit=535%2C299&ssl=1","inLanguage":"en-US","potentialAction":[{"@type":"CommentAction","name":"Comment","target":["https:\/\/catapa.be\/en\/environmental-defenders-meet-with-meps\/#respond"]}]},{"@type":"WebPage","@id":"https:\/\/catapa.be\/en\/environmental-defenders-meet-with-meps\/","url":"https:\/\/catapa.be\/en\/environmental-defenders-meet-with-meps\/","name":"ENVIRONMENTAL DEFENDERS MEET WITH MEP\u2019S - CATAPA vzw","isPartOf":{"@id":"https:\/\/catapa.be\/en\/#website"},"primaryImageOfPage":{"@id":"https:\/\/catapa.be\/en\/environmental-defenders-meet-with-meps\/#primaryimage"},"image":{"@id":"https:\/\/catapa.be\/en\/environmental-defenders-meet-with-meps\/#primaryimage"},"thumbnailUrl":"https:\/\/i0.wp.com\/catapa.be\/wp-content\/uploads\/2022\/03\/Summary-MEP-day-speakers-tour-2022.jpg?fit=535%2C299&ssl=1","datePublished":"2022-03-22T14:45:49+00:00","dateModified":"2022-03-22T15:21:55+00:00","description":"ENVIRONMENTAL DEFENDERS, INDIGENOUS REPRESENTATIVES OF COMMUNITIES AFFECTED BY MINING MEET WITH MEP\u2019S REGARDING EU DUE DILIGENCE LEGISLATION","breadcrumb":{"@id":"https:\/\/catapa.be\/en\/environmental-defenders-meet-with-meps\/#breadcrumb"},"inLanguage":"en-US","potentialAction":[{"@type":"ReadAction","target":["https:\/\/catapa.be\/en\/environmental-defenders-meet-with-meps\/"]}]},{"@type":"ImageObject","inLanguage":"en-US","@id":"https:\/\/catapa.be\/en\/environmental-defenders-meet-with-meps\/#primaryimage","url":"https:\/\/i0.wp.com\/catapa.be\/wp-content\/uploads\/2022\/03\/Summary-MEP-day-speakers-tour-2022.jpg?fit=535%2C299&ssl=1","contentUrl":"https:\/\/i0.wp.com\/catapa.be\/wp-content\/uploads\/2022\/03\/Summary-MEP-day-speakers-tour-2022.jpg?fit=535%2C299&ssl=1","width":535,"height":299,"caption":"Summary MEP day speakers tour 2022"},{"@type":"BreadcrumbList","@id":"https:\/\/catapa.be\/en\/environmental-defenders-meet-with-meps\/#breadcrumb","itemListElement":[{"@type":"ListItem","position":1,"name":"Home","item":"https:\/\/catapa.be\/en\/"},{"@type":"ListItem","position":2,"name":"ENVIRONMENTAL DEFENDERS MEET WITH MEP\u2019S"}]},{"@type":"WebSite","@id":"https:\/\/catapa.be\/en\/#website","url":"https:\/\/catapa.be\/en\/","name":"CATAPA vzw","description":"Comit\u00e9 Acad\u00e9mico T\u00e9cnico de Asesoramiento a Problemas Ambientales","publisher":{"@id":"https:\/\/catapa.be\/en\/#organization"},"potentialAction":[{"@type":"SearchAction","target":{"@type":"EntryPoint","urlTemplate":"https:\/\/catapa.be\/en\/?s={search_term_string}"},"query-input":{"@type":"PropertyValueSpecification","valueRequired":true,"valueName":"search_term_string"}}],"inLanguage":"en-US"},{"@type":"Organization","@id":"https:\/\/catapa.be\/en\/#organization","name":"CATAPA vzw","url":"https:\/\/catapa.be\/en\/","logo":{"@type":"ImageObject","inLanguage":"en-US","@id":"https:\/\/catapa.be\/en\/#\/schema\/logo\/image\/","url":"https:\/\/i0.wp.com\/catapa.be\/wp-content\/uploads\/2019\/02\/NEW20LOGO20SHORT20PNG1.png?fit=1259%2C1321&ssl=1","contentUrl":"https:\/\/i0.wp.com\/catapa.be\/wp-content\/uploads\/2019\/02\/NEW20LOGO20SHORT20PNG1.png?fit=1259%2C1321&ssl=1","width":1259,"height":1321,"caption":"CATAPA vzw"},"image":{"@id":"https:\/\/catapa.be\/en\/#\/schema\/logo\/image\/"},"sameAs":["https:\/\/www.facebook.com\/catapa.belgium\/","https:\/\/x.com\/CATAPA_Belgica","https:\/\/www.instagram.com\/catapa_vzw\/","https:\/\/be.linkedin.com\/company\/catapavzw","https:\/\/www.youtube.com\/channel\/UCE52-Fiyv-Fpqf2gi1qhf1g"]},{"@type":"Person","@id":"https:\/\/catapa.be\/en\/#\/schema\/person\/e7a7cd72aaa4175694c40199c3187d7b","name":"Siel Vandamme","url":"https:\/\/catapa.be\/en\/author\/siel-vandamme\/"}]}},"jetpack_publicize_connections":[],"jetpack_featured_media_url":"https:\/\/i0.wp.com\/catapa.be\/wp-content\/uploads\/2022\/03\/Summary-MEP-day-speakers-tour-2022.jpg?fit=535%2C299&ssl=1","jetpack_sharing_enabled":true,"jetpack_likes_enabled":true,"jetpack-related-posts":[{"id":30597,"url":"https:\/\/catapa.be\/en\/mirtha-vasquez-visits-catapa-2\/","url_meta":{"origin":28550,"position":0},"title":"Mirtha Vasquez visits CATAPA","author":"Connor Cashell","date":"17\/01\/2018","format":false,"excerpt":"[vc_row][vc_column][vc_column_text] Mirtha Vasquez visits CATAPA This week Mirtha Vasquez visited CATAPA. She is the director of GRUFIDES and the lawyer for famous environmentalist Maxima Acu\u00f1a and is based in Peru. The purpose of her visit was to lobby and raise awareness for the\u00a0Defensoras\u00a0in Peru and Latin America through public events\u2026","rel":"","context":"In &quot;Campaigns&quot;","block_context":{"text":"Campaigns","link":"https:\/\/catapa.be\/en\/category\/campaigns\/"},"img":{"alt_text":"","src":"","width":0,"height":0},"classes":[]},{"id":12261,"url":"https:\/\/catapa.be\/en\/press-release-european-parliament-make-ict-fair\/","url_meta":{"origin":28550,"position":1},"title":"Press Release: Make ICT Fair Breakfast at the European Parliament","author":"Daniela Marques Branco","date":"01\/10\/2019","format":false,"excerpt":"[vc_row][vc_column][vc_column_text] Press Release: Make ICT Fair Breakfast at the European Parliament Raising Awareness of Human Rights Violations in ICT Supply Chains [\/vc_column_text][vc_empty_space][vc_column_text]On the morning of the 1st October, the Make ICT Fair consortium held a breakfast event at the European Parliament in Brussels attended by around thirty participants. The event\u2026","rel":"","context":"In &quot;Mining&quot;","block_context":{"text":"Mining","link":"https:\/\/catapa.be\/en\/category\/mining\/"},"img":{"alt_text":"","src":"https:\/\/i0.wp.com\/catapa.be\/wp-content\/uploads\/2019\/10\/MIF-breakfast1-min.jpg?fit=1200%2C900&ssl=1&resize=350%2C200","width":350,"height":200,"srcset":"https:\/\/i0.wp.com\/catapa.be\/wp-content\/uploads\/2019\/10\/MIF-breakfast1-min.jpg?fit=1200%2C900&ssl=1&resize=350%2C200 1x, https:\/\/i0.wp.com\/catapa.be\/wp-content\/uploads\/2019\/10\/MIF-breakfast1-min.jpg?fit=1200%2C900&ssl=1&resize=525%2C300 1.5x, https:\/\/i0.wp.com\/catapa.be\/wp-content\/uploads\/2019\/10\/MIF-breakfast1-min.jpg?fit=1200%2C900&ssl=1&resize=700%2C400 2x, https:\/\/i0.wp.com\/catapa.be\/wp-content\/uploads\/2019\/10\/MIF-breakfast1-min.jpg?fit=1200%2C900&ssl=1&resize=1050%2C600 3x"},"classes":[]},{"id":12281,"url":"https:\/\/catapa.be\/es\/press-release-european-parliament-make-ict-fair\/","url_meta":{"origin":28550,"position":2},"title":"Press Release: Make ICT Fair Breakfast at the European Parliament","author":"Daniela Marques Branco","date":"01\/10\/2019","format":false,"excerpt":"[vc_row][vc_column][vc_column_text] Press Release: Make ICT Fair Breakfast at the European Parliament Raising Awareness of Human Rights Violations in ICT Supply Chains [\/vc_column_text][vc_empty_space][vc_column_text]On the morning of the 1st October, the Make ICT Fair consortium held a breakfast event at the European Parliament in Brussels attended by around thirty participants. The event\u2026","rel":"","context":"In &quot;Miner\u00eda&quot;","block_context":{"text":"Miner\u00eda","link":"https:\/\/catapa.be\/es\/category\/mineria\/"},"img":{"alt_text":"","src":"https:\/\/i0.wp.com\/catapa.be\/wp-content\/uploads\/2019\/10\/MIF-breakfast1-min.jpg?fit=1200%2C900&ssl=1&resize=350%2C200","width":350,"height":200,"srcset":"https:\/\/i0.wp.com\/catapa.be\/wp-content\/uploads\/2019\/10\/MIF-breakfast1-min.jpg?fit=1200%2C900&ssl=1&resize=350%2C200 1x, https:\/\/i0.wp.com\/catapa.be\/wp-content\/uploads\/2019\/10\/MIF-breakfast1-min.jpg?fit=1200%2C900&ssl=1&resize=525%2C300 1.5x, https:\/\/i0.wp.com\/catapa.be\/wp-content\/uploads\/2019\/10\/MIF-breakfast1-min.jpg?fit=1200%2C900&ssl=1&resize=700%2C400 2x, https:\/\/i0.wp.com\/catapa.be\/wp-content\/uploads\/2019\/10\/MIF-breakfast1-min.jpg?fit=1200%2C900&ssl=1&resize=1050%2C600 3x"},"classes":[]},{"id":7578,"url":"https:\/\/catapa.be\/en\/mirtha-vasquez-visits-catapa\/","url_meta":{"origin":28550,"position":3},"title":"Mirtha Vasquez visits CATAPA","author":"Alienor de Sas","date":"24\/08\/2018","format":false,"excerpt":"[vc_row][vc_column][vc_custom_heading text=\"Mirtha Vasquez visits CATAPA to discuss the issues that\u00a0'defensoras'\u00a0face\" font_container=\"tag:h2|text_align:center\" google_fonts=\"font_family:Quicksand%3A300%2Cregular%2C700|font_style:400%20regular%3A400%3Anormal\"][vc_column_text] 17 January 2018 This week Mirtha Vasquez visited CATAPA. She is the director of GRUFIDES and the lawyer for famous environmentalist Maxima Acu\u00f1a and is based in Peru. The purpose of her visit was to lobby and raise\u2026","rel":"","context":"In &quot;News&quot;","block_context":{"text":"News","link":"https:\/\/catapa.be\/en\/category\/news\/"},"img":{"alt_text":"","src":"https:\/\/i0.wp.com\/catapa.be\/wp-content\/uploads\/2018\/08\/DSC3154.jpg?fit=1200%2C774&ssl=1&resize=350%2C200","width":350,"height":200,"srcset":"https:\/\/i0.wp.com\/catapa.be\/wp-content\/uploads\/2018\/08\/DSC3154.jpg?fit=1200%2C774&ssl=1&resize=350%2C200 1x, https:\/\/i0.wp.com\/catapa.be\/wp-content\/uploads\/2018\/08\/DSC3154.jpg?fit=1200%2C774&ssl=1&resize=525%2C300 1.5x, https:\/\/i0.wp.com\/catapa.be\/wp-content\/uploads\/2018\/08\/DSC3154.jpg?fit=1200%2C774&ssl=1&resize=700%2C400 2x, https:\/\/i0.wp.com\/catapa.be\/wp-content\/uploads\/2018\/08\/DSC3154.jpg?fit=1200%2C774&ssl=1&resize=1050%2C600 3x"},"classes":[]},{"id":28579,"url":"https:\/\/catapa.be\/nl\/milieuactivisten-vergaderen-met-europarlementariers\/","url_meta":{"origin":28550,"position":4},"title":"MILIEUACTIVISTEN VERGADEREN MET EUROPARLEMENTARI\u00cbRS","author":"Siel Vandamme","date":"22\/03\/2022","format":false,"excerpt":"[vc_row][vc_column][vc_column_text] MILIEUACTIVISTEN, INHEEMSE VERTEGENWOORDIGERS VAN DOOR-MIJNBOUW-GETROFFEN-GEMEENSCHAPPEN VERGADEREN MET LEDEN VAN HET EUROPEES PARLEMENT OVER DE EU-WETGEVING INZAKE DUE DILIGENCE Onze Peruaanse milieuactivisten, Mirtha & Rosas, samen met inheemse vertegenwoordigers uit Rusland en Guatemala, hebben op donderdag 4 maart een ontmoeting gehad met Europarlementari\u00ebrs om hun verhalen te delen over hun\u2026","rel":"","context":"In &quot;Open Min(e)d&quot;","block_context":{"text":"Open Min(e)d","link":"https:\/\/catapa.be\/nl\/category\/open-mined-nl\/"},"img":{"alt_text":"MEP day CATAPA speakers tour 2022","src":"https:\/\/i0.wp.com\/catapa.be\/wp-content\/uploads\/2022\/03\/Summary-MEP-day-speakers-tour-2022.jpg?fit=535%2C299&ssl=1&resize=350%2C200","width":350,"height":200,"srcset":"https:\/\/i0.wp.com\/catapa.be\/wp-content\/uploads\/2022\/03\/Summary-MEP-day-speakers-tour-2022.jpg?fit=535%2C299&ssl=1&resize=350%2C200 1x, https:\/\/i0.wp.com\/catapa.be\/wp-content\/uploads\/2022\/03\/Summary-MEP-day-speakers-tour-2022.jpg?fit=535%2C299&ssl=1&resize=525%2C300 1.5x"},"classes":[]},{"id":34193,"url":"https:\/\/catapa.be\/en\/the-impact-of-the-escazu-agreement-on-the-right-to-say-no-in-latin-america\/","url_meta":{"origin":28550,"position":5},"title":"The impact of the Escaz\u00fa Agreement on the Right to Say No in Latin America","author":"Estefan\u00eda","date":"21\/09\/2023","format":false,"excerpt":"This article will briefly introduce and explain how the Escazu agreement may positively impact the Right to Say No. To better understand it, we will start by explaining where it comes from, its unique characteristics, its aims, the rights it granted and its link with our campaign \u2018The Right to\u2026","rel":"","context":"In &quot;Right To Say No&quot;","block_context":{"text":"Right To Say No","link":"https:\/\/catapa.be\/en\/category\/right-to-say-no\/"},"img":{"alt_text":"Defense of the indigenous Colombian human rights","src":"https:\/\/i0.wp.com\/catapa.be\/wp-content\/uploads\/2023\/09\/8556737751_6b4bd22d2d_b.jpg?fit=1023%2C682&ssl=1&resize=350%2C200","width":350,"height":200,"srcset":"https:\/\/i0.wp.com\/catapa.be\/wp-content\/uploads\/2023\/09\/8556737751_6b4bd22d2d_b.jpg?fit=1023%2C682&ssl=1&resize=350%2C200 1x, https:\/\/i0.wp.com\/catapa.be\/wp-content\/uploads\/2023\/09\/8556737751_6b4bd22d2d_b.jpg?fit=1023%2C682&ssl=1&resize=525%2C300 1.5x, https:\/\/i0.wp.com\/catapa.be\/wp-content\/uploads\/2023\/09\/8556737751_6b4bd22d2d_b.jpg?fit=1023%2C682&ssl=1&resize=700%2C400 2x"},"classes":[]}],"_links":{"self":[{"href":"https:\/\/catapa.be\/en\/wp-json\/wp\/v2\/posts\/28550","targetHints":{"allow":["GET"]}}],"collection":[{"href":"https:\/\/catapa.be\/en\/wp-json\/wp\/v2\/posts"}],"about":[{"href":"https:\/\/catapa.be\/en\/wp-json\/wp\/v2\/types\/post"}],"author":[{"embeddable":true,"href":"https:\/\/catapa.be\/en\/wp-json\/wp\/v2\/users\/60"}],"replies":[{"embeddable":true,"href":"https:\/\/catapa.be\/en\/wp-json\/wp\/v2\/comments?post=28550"}],"version-history":[{"count":20,"href":"https:\/\/catapa.be\/en\/wp-json\/wp\/v2\/posts\/28550\/revisions"}],"predecessor-version":[{"id":28589,"href":"https:\/\/catapa.be\/en\/wp-json\/wp\/v2\/posts\/28550\/revisions\/28589"}],"wp:featuredmedia":[{"embeddable":true,"href":"https:\/\/catapa.be\/en\/wp-json\/wp\/v2\/media\/28551"}],"wp:attachment":[{"href":"https:\/\/catapa.be\/en\/wp-json\/wp\/v2\/media?parent=28550"}],"wp:term":[{"taxonomy":"category","embeddable":true,"href":"https:\/\/catapa.be\/en\/wp-json\/wp\/v2\/categories?post=28550"},{"taxonomy":"post_tag","embeddable":true,"href":"https:\/\/catapa.be\/en\/wp-json\/wp\/v2\/tags?post=28550"}],"curies":[{"name":"wp","href":"https:\/\/api.w.org\/{rel}","templated":true}]}}