{"id":29693,"date":"2022-05-27T13:51:00","date_gmt":"2022-05-27T11:51:00","guid":{"rendered":"https:\/\/catapa.be\/coming-soon-a-repair-index-in-belgium\/"},"modified":"2022-05-31T17:25:58","modified_gmt":"2022-05-31T15:25:58","slug":"coming-soon-a-repair-index-in-belgium","status":"publish","type":"post","link":"https:\/\/catapa.be\/en\/coming-soon-a-repair-index-in-belgium\/","title":{"rendered":"Coming soon: a Repair Index in Belgium!"},"content":{"rendered":"<p>The federal government, as part of <a href=\"https:\/\/www.vbo-feb.be\/globalassets\/actiedomeinen\/ethiek--maatschappelijke-verantwoordelijkheid\/duurzame-ontwikkeling\/federaal-actieplan-lijst-concrete-maatregelen-op-voor-de-circulaire-transitie\/paf-16-dec-2021_nl-clean.pdf\">the Federal Action Plan Circular Economy 2021-2024<\/a> will introduce a Repair Index in a few years. By means of a mandatory score or Repair Index that must be listed on electronic devices and that indicates the repairability of the product, the government hopes to promote the repairability of these products. And thus to take a step towards a more circular economy. For the concrete elaboration of this index, meetings are held with stakeholders and CATAPA is at the table.<\/p>\n<p>In the Federal Action Plan, we can read the following: &#8220;<em>Several criteria will be included in this index, such as the availability of spare parts necessary for the proper functioning of the product, its price, the availability of repair manuals, the ease of repair (disassembly, access to parts), etc.<\/em>\u201d The government plans to later evolve the Repair Index into a sustainability index, which also includes robustness and reliability criteria.<\/p>\n<p>The government was inspired by France, which already introduced a Repair Index in early 2021. While this index is an important milestone for the Right to Repair in Europe, there are <a href=\"https:\/\/repair.eu\/news\/the-french-repair-index-challenges-and-opportunities\/\">a number of limitations and challenges<\/a>.\u00a0<a href=\"https:\/\/repairshare.be\/\">Repair &amp; Share<\/a>, the organization that made sure the Repair Index was put on our government&#8217;s agenda, prepared a document of &#8220;lessons learned&#8221; from the French system with a lot of great recommendations. You can find them <a class=\"_ps2id\" href=\"https:\/\/repairshare.be\/toolkits\/overheden\/repareren\/\" data-ps2id-offset=\"\">here<\/a>. Together with Repair &amp; Share and other stakeholders, CATAPA will make sure that the Belgian Repair Index does not make the same mistakes.<\/p>\n<p><img data-recalc-dims=\"1\" loading=\"lazy\" decoding=\"async\" class=\" wp-image-29675 aligncenter\" src=\"https:\/\/i0.wp.com\/catapa.be\/wp-content\/uploads\/2022\/05\/2021_01_indices_reparabilite_produits.png?resize=391%2C180&#038;ssl=1\" alt=\"\" width=\"391\" height=\"180\" srcset=\"https:\/\/i0.wp.com\/catapa.be\/wp-content\/uploads\/2022\/05\/2021_01_indices_reparabilite_produits.png?resize=300%2C138&amp;ssl=1 300w, https:\/\/i0.wp.com\/catapa.be\/wp-content\/uploads\/2022\/05\/2021_01_indices_reparabilite_produits.png?w=543&amp;ssl=1 543w\" sizes=\"auto, (max-width: 391px) 100vw, 391px\" \/><\/p>\n<p>A repair index or score is an important step towards eliminating the practice of <a href=\"\/en\/?page_id=27988\">planned obsolescence<\/a>. This is the strategy used by manufacturers of electronics to deliberately design products so that the devices do not last as long. A practice that carries a lot of costs, both for people and for the planet. With a repair index, and soon a sustainability index that goes even wider, it will be more difficult for producers to bring poor quality products to people. We are therefore in favor.<\/p>\n<p>The implementation of a Repair Index is one of the demands within our <a href=\"\/en\/?page_id=24303\">CTRL ALT DEL campaign<\/a>, in which we emphasize, among other things, the importance of an independent control system with sufficient budget. With the transition to a sustainability index, we also hope that our other demands can be met. This includes, among others, the recyclability of electronic devices.<\/p>\n<p><img data-recalc-dims=\"1\" loading=\"lazy\" decoding=\"async\" class=\"alignnone wp-image-29662\" src=\"https:\/\/i0.wp.com\/catapa.be\/wp-content\/uploads\/2022\/05\/Insta-Grid-3-posts-.png?resize=640%2C213&#038;ssl=1\" alt=\"\" width=\"640\" height=\"213\" srcset=\"https:\/\/i0.wp.com\/catapa.be\/wp-content\/uploads\/2022\/05\/Insta-Grid-3-posts-.png?resize=300%2C100&amp;ssl=1 300w, https:\/\/i0.wp.com\/catapa.be\/wp-content\/uploads\/2022\/05\/Insta-Grid-3-posts-.png?resize=1024%2C341&amp;ssl=1 1024w, https:\/\/i0.wp.com\/catapa.be\/wp-content\/uploads\/2022\/05\/Insta-Grid-3-posts-.png?resize=768%2C256&amp;ssl=1 768w, https:\/\/i0.wp.com\/catapa.be\/wp-content\/uploads\/2022\/05\/Insta-Grid-3-posts-.png?resize=1536%2C512&amp;ssl=1 1536w, https:\/\/i0.wp.com\/catapa.be\/wp-content\/uploads\/2022\/05\/Insta-Grid-3-posts-.png?resize=2048%2C683&amp;ssl=1 2048w, https:\/\/i0.wp.com\/catapa.be\/wp-content\/uploads\/2022\/05\/Insta-Grid-3-posts-.png?w=1280&amp;ssl=1 1280w, https:\/\/i0.wp.com\/catapa.be\/wp-content\/uploads\/2022\/05\/Insta-Grid-3-posts-.png?w=1920&amp;ssl=1 1920w\" sizes=\"auto, (max-width: 640px) 100vw, 640px\" \/><\/p>\n","protected":false},"excerpt":{"rendered":"<p>The federal government, as part of the Federal Action Plan Circular Economy 2021-2024 will introduce a Repair Index in a few years. By means of a mandatory score or Repair Index that must be listed<br \/><a class=\"read-more\" href=\"https:\/\/catapa.be\/en\/coming-soon-a-repair-index-in-belgium\/\">Read More<\/a><\/p>\n","protected":false},"author":17,"featured_media":29689,"comment_status":"open","ping_status":"open","sticky":false,"template":"","format":"standard","meta":{"_exactmetrics_skip_tracking":false,"_exactmetrics_sitenote_active":false,"_exactmetrics_sitenote_note":"","_exactmetrics_sitenote_category":0,"jetpack_post_was_ever_published":false,"_jetpack_newsletter_access":"","_jetpack_dont_email_post_to_subs":false,"_jetpack_newsletter_tier_id":0,"_jetpack_memberships_contains_paywalled_content":false,"_jetpack_memberships_contains_paid_content":false,"footnotes":"","jetpack_publicize_message":"","jetpack_publicize_feature_enabled":true,"jetpack_social_post_already_shared":true,"jetpack_social_options":{"image_generator_settings":{"template":"highway","default_image_id":0,"font":"","enabled":false},"version":2}},"categories":[],"tags":[],"class_list":["post-29693","post","type-post","status-publish","format-standard","has-post-thumbnail","hentry"],"yoast_head":"<!-- This site is optimized with the Yoast SEO plugin v26.8 - https:\/\/yoast.com\/product\/yoast-seo-wordpress\/ -->\n<title>Coming soon: a Repair Index in Belgium! - CATAPA vzw<\/title>\n<meta name=\"robots\" content=\"index, follow, max-snippet:-1, max-image-preview:large, max-video-preview:-1\" \/>\n<link rel=\"canonical\" href=\"https:\/\/catapa.be\/en\/coming-soon-a-repair-index-in-belgium\/\" \/>\n<meta property=\"og:locale\" content=\"en_US\" \/>\n<meta property=\"og:type\" content=\"article\" \/>\n<meta property=\"og:title\" content=\"Coming soon: a Repair Index in Belgium! - CATAPA vzw\" \/>\n<meta property=\"og:description\" content=\"The federal government, as part of the Federal Action Plan Circular Economy 2021-2024 will introduce a Repair Index in a few years. By means of a mandatory score or Repair Index that must be listedRead More\" \/>\n<meta property=\"og:url\" content=\"https:\/\/catapa.be\/en\/coming-soon-a-repair-index-in-belgium\/\" \/>\n<meta property=\"og:site_name\" content=\"CATAPA vzw\" \/>\n<meta property=\"article:publisher\" content=\"https:\/\/www.facebook.com\/catapa.belgium\/\" \/>\n<meta property=\"article:published_time\" content=\"2022-05-27T11:51:00+00:00\" \/>\n<meta property=\"article:modified_time\" content=\"2022-05-31T15:25:58+00:00\" \/>\n<meta property=\"og:image\" content=\"https:\/\/catapa.be\/wp-content\/uploads\/2022\/05\/Insta-Grid-3-posts-3.png\" \/>\n\t<meta property=\"og:image:width\" content=\"3240\" \/>\n\t<meta property=\"og:image:height\" content=\"1080\" \/>\n\t<meta property=\"og:image:type\" content=\"image\/png\" \/>\n<meta name=\"author\" content=\"Truike Geerts\" \/>\n<meta name=\"twitter:card\" content=\"summary_large_image\" \/>\n<meta name=\"twitter:creator\" content=\"@CATAPA_Belgica\" \/>\n<meta name=\"twitter:site\" content=\"@CATAPA_Belgica\" \/>\n<meta name=\"twitter:label1\" content=\"Written by\" \/>\n\t<meta name=\"twitter:data1\" content=\"Truike Geerts\" \/>\n\t<meta name=\"twitter:label2\" content=\"Est. reading time\" \/>\n\t<meta name=\"twitter:data2\" content=\"3 minutes\" \/>\n<script type=\"application\/ld+json\" class=\"yoast-schema-graph\">{\"@context\":\"https:\/\/schema.org\",\"@graph\":[{\"@type\":\"Article\",\"@id\":\"https:\/\/catapa.be\/en\/coming-soon-a-repair-index-in-belgium\/#article\",\"isPartOf\":{\"@id\":\"https:\/\/catapa.be\/en\/coming-soon-a-repair-index-in-belgium\/\"},\"author\":{\"name\":\"Truike Geerts\",\"@id\":\"https:\/\/catapa.be\/en\/#\/schema\/person\/5b69e90152347308a517590385dbf533\"},\"headline\":\"Coming soon: a Repair Index in Belgium!\",\"datePublished\":\"2022-05-27T11:51:00+00:00\",\"dateModified\":\"2022-05-31T15:25:58+00:00\",\"mainEntityOfPage\":{\"@id\":\"https:\/\/catapa.be\/en\/coming-soon-a-repair-index-in-belgium\/\"},\"wordCount\":403,\"commentCount\":0,\"publisher\":{\"@id\":\"https:\/\/catapa.be\/en\/#organization\"},\"image\":{\"@id\":\"https:\/\/catapa.be\/en\/coming-soon-a-repair-index-in-belgium\/#primaryimage\"},\"thumbnailUrl\":\"https:\/\/i0.wp.com\/catapa.be\/wp-content\/uploads\/2022\/05\/Insta-Grid-3-posts-3.png?fit=3240%2C1080&ssl=1\",\"inLanguage\":\"en-US\",\"potentialAction\":[{\"@type\":\"CommentAction\",\"name\":\"Comment\",\"target\":[\"https:\/\/catapa.be\/en\/coming-soon-a-repair-index-in-belgium\/#respond\"]}]},{\"@type\":\"WebPage\",\"@id\":\"https:\/\/catapa.be\/en\/coming-soon-a-repair-index-in-belgium\/\",\"url\":\"https:\/\/catapa.be\/en\/coming-soon-a-repair-index-in-belgium\/\",\"name\":\"Coming soon: a Repair Index in Belgium! - CATAPA vzw\",\"isPartOf\":{\"@id\":\"https:\/\/catapa.be\/en\/#website\"},\"primaryImageOfPage\":{\"@id\":\"https:\/\/catapa.be\/en\/coming-soon-a-repair-index-in-belgium\/#primaryimage\"},\"image\":{\"@id\":\"https:\/\/catapa.be\/en\/coming-soon-a-repair-index-in-belgium\/#primaryimage\"},\"thumbnailUrl\":\"https:\/\/i0.wp.com\/catapa.be\/wp-content\/uploads\/2022\/05\/Insta-Grid-3-posts-3.png?fit=3240%2C1080&ssl=1\",\"datePublished\":\"2022-05-27T11:51:00+00:00\",\"dateModified\":\"2022-05-31T15:25:58+00:00\",\"breadcrumb\":{\"@id\":\"https:\/\/catapa.be\/en\/coming-soon-a-repair-index-in-belgium\/#breadcrumb\"},\"inLanguage\":\"en-US\",\"potentialAction\":[{\"@type\":\"ReadAction\",\"target\":[\"https:\/\/catapa.be\/en\/coming-soon-a-repair-index-in-belgium\/\"]}]},{\"@type\":\"ImageObject\",\"inLanguage\":\"en-US\",\"@id\":\"https:\/\/catapa.be\/en\/coming-soon-a-repair-index-in-belgium\/#primaryimage\",\"url\":\"https:\/\/i0.wp.com\/catapa.be\/wp-content\/uploads\/2022\/05\/Insta-Grid-3-posts-3.png?fit=3240%2C1080&ssl=1\",\"contentUrl\":\"https:\/\/i0.wp.com\/catapa.be\/wp-content\/uploads\/2022\/05\/Insta-Grid-3-posts-3.png?fit=3240%2C1080&ssl=1\",\"width\":3240,\"height\":1080},{\"@type\":\"BreadcrumbList\",\"@id\":\"https:\/\/catapa.be\/en\/coming-soon-a-repair-index-in-belgium\/#breadcrumb\",\"itemListElement\":[{\"@type\":\"ListItem\",\"position\":1,\"name\":\"Home\",\"item\":\"https:\/\/catapa.be\/en\/\"},{\"@type\":\"ListItem\",\"position\":2,\"name\":\"Coming soon: a Repair Index in Belgium!\"}]},{\"@type\":\"WebSite\",\"@id\":\"https:\/\/catapa.be\/en\/#website\",\"url\":\"https:\/\/catapa.be\/en\/\",\"name\":\"CATAPA vzw\",\"description\":\"Comit\u00e9 Acad\u00e9mico T\u00e9cnico de Asesoramiento a Problemas Ambientales\",\"publisher\":{\"@id\":\"https:\/\/catapa.be\/en\/#organization\"},\"potentialAction\":[{\"@type\":\"SearchAction\",\"target\":{\"@type\":\"EntryPoint\",\"urlTemplate\":\"https:\/\/catapa.be\/en\/?s={search_term_string}\"},\"query-input\":{\"@type\":\"PropertyValueSpecification\",\"valueRequired\":true,\"valueName\":\"search_term_string\"}}],\"inLanguage\":\"en-US\"},{\"@type\":\"Organization\",\"@id\":\"https:\/\/catapa.be\/en\/#organization\",\"name\":\"CATAPA vzw\",\"url\":\"https:\/\/catapa.be\/en\/\",\"logo\":{\"@type\":\"ImageObject\",\"inLanguage\":\"en-US\",\"@id\":\"https:\/\/catapa.be\/en\/#\/schema\/logo\/image\/\",\"url\":\"https:\/\/i0.wp.com\/catapa.be\/wp-content\/uploads\/2019\/02\/NEW20LOGO20SHORT20PNG1.png?fit=1259%2C1321&ssl=1\",\"contentUrl\":\"https:\/\/i0.wp.com\/catapa.be\/wp-content\/uploads\/2019\/02\/NEW20LOGO20SHORT20PNG1.png?fit=1259%2C1321&ssl=1\",\"width\":1259,\"height\":1321,\"caption\":\"CATAPA vzw\"},\"image\":{\"@id\":\"https:\/\/catapa.be\/en\/#\/schema\/logo\/image\/\"},\"sameAs\":[\"https:\/\/www.facebook.com\/catapa.belgium\/\",\"https:\/\/x.com\/CATAPA_Belgica\",\"https:\/\/www.instagram.com\/catapa_vzw\/\",\"https:\/\/be.linkedin.com\/company\/catapavzw\",\"https:\/\/www.youtube.com\/channel\/UCE52-Fiyv-Fpqf2gi1qhf1g\"]},{\"@type\":\"Person\",\"@id\":\"https:\/\/catapa.be\/en\/#\/schema\/person\/5b69e90152347308a517590385dbf533\",\"name\":\"Truike Geerts\",\"url\":\"https:\/\/catapa.be\/en\/author\/truike\/\"}]}<\/script>\n<!-- \/ Yoast SEO plugin. -->","yoast_head_json":{"title":"Coming soon: a Repair Index in Belgium! - CATAPA vzw","robots":{"index":"index","follow":"follow","max-snippet":"max-snippet:-1","max-image-preview":"max-image-preview:large","max-video-preview":"max-video-preview:-1"},"canonical":"https:\/\/catapa.be\/en\/coming-soon-a-repair-index-in-belgium\/","og_locale":"en_US","og_type":"article","og_title":"Coming soon: a Repair Index in Belgium! - CATAPA vzw","og_description":"The federal government, as part of the Federal Action Plan Circular Economy 2021-2024 will introduce a Repair Index in a few years. By means of a mandatory score or Repair Index that must be listedRead More","og_url":"https:\/\/catapa.be\/en\/coming-soon-a-repair-index-in-belgium\/","og_site_name":"CATAPA vzw","article_publisher":"https:\/\/www.facebook.com\/catapa.belgium\/","article_published_time":"2022-05-27T11:51:00+00:00","article_modified_time":"2022-05-31T15:25:58+00:00","og_image":[{"width":3240,"height":1080,"url":"https:\/\/catapa.be\/wp-content\/uploads\/2022\/05\/Insta-Grid-3-posts-3.png","type":"image\/png"}],"author":"Truike Geerts","twitter_card":"summary_large_image","twitter_creator":"@CATAPA_Belgica","twitter_site":"@CATAPA_Belgica","twitter_misc":{"Written by":"Truike Geerts","Est. reading time":"3 minutes"},"schema":{"@context":"https:\/\/schema.org","@graph":[{"@type":"Article","@id":"https:\/\/catapa.be\/en\/coming-soon-a-repair-index-in-belgium\/#article","isPartOf":{"@id":"https:\/\/catapa.be\/en\/coming-soon-a-repair-index-in-belgium\/"},"author":{"name":"Truike Geerts","@id":"https:\/\/catapa.be\/en\/#\/schema\/person\/5b69e90152347308a517590385dbf533"},"headline":"Coming soon: a Repair Index in Belgium!","datePublished":"2022-05-27T11:51:00+00:00","dateModified":"2022-05-31T15:25:58+00:00","mainEntityOfPage":{"@id":"https:\/\/catapa.be\/en\/coming-soon-a-repair-index-in-belgium\/"},"wordCount":403,"commentCount":0,"publisher":{"@id":"https:\/\/catapa.be\/en\/#organization"},"image":{"@id":"https:\/\/catapa.be\/en\/coming-soon-a-repair-index-in-belgium\/#primaryimage"},"thumbnailUrl":"https:\/\/i0.wp.com\/catapa.be\/wp-content\/uploads\/2022\/05\/Insta-Grid-3-posts-3.png?fit=3240%2C1080&ssl=1","inLanguage":"en-US","potentialAction":[{"@type":"CommentAction","name":"Comment","target":["https:\/\/catapa.be\/en\/coming-soon-a-repair-index-in-belgium\/#respond"]}]},{"@type":"WebPage","@id":"https:\/\/catapa.be\/en\/coming-soon-a-repair-index-in-belgium\/","url":"https:\/\/catapa.be\/en\/coming-soon-a-repair-index-in-belgium\/","name":"Coming soon: a Repair Index in Belgium! - CATAPA vzw","isPartOf":{"@id":"https:\/\/catapa.be\/en\/#website"},"primaryImageOfPage":{"@id":"https:\/\/catapa.be\/en\/coming-soon-a-repair-index-in-belgium\/#primaryimage"},"image":{"@id":"https:\/\/catapa.be\/en\/coming-soon-a-repair-index-in-belgium\/#primaryimage"},"thumbnailUrl":"https:\/\/i0.wp.com\/catapa.be\/wp-content\/uploads\/2022\/05\/Insta-Grid-3-posts-3.png?fit=3240%2C1080&ssl=1","datePublished":"2022-05-27T11:51:00+00:00","dateModified":"2022-05-31T15:25:58+00:00","breadcrumb":{"@id":"https:\/\/catapa.be\/en\/coming-soon-a-repair-index-in-belgium\/#breadcrumb"},"inLanguage":"en-US","potentialAction":[{"@type":"ReadAction","target":["https:\/\/catapa.be\/en\/coming-soon-a-repair-index-in-belgium\/"]}]},{"@type":"ImageObject","inLanguage":"en-US","@id":"https:\/\/catapa.be\/en\/coming-soon-a-repair-index-in-belgium\/#primaryimage","url":"https:\/\/i0.wp.com\/catapa.be\/wp-content\/uploads\/2022\/05\/Insta-Grid-3-posts-3.png?fit=3240%2C1080&ssl=1","contentUrl":"https:\/\/i0.wp.com\/catapa.be\/wp-content\/uploads\/2022\/05\/Insta-Grid-3-posts-3.png?fit=3240%2C1080&ssl=1","width":3240,"height":1080},{"@type":"BreadcrumbList","@id":"https:\/\/catapa.be\/en\/coming-soon-a-repair-index-in-belgium\/#breadcrumb","itemListElement":[{"@type":"ListItem","position":1,"name":"Home","item":"https:\/\/catapa.be\/en\/"},{"@type":"ListItem","position":2,"name":"Coming soon: a Repair Index in Belgium!"}]},{"@type":"WebSite","@id":"https:\/\/catapa.be\/en\/#website","url":"https:\/\/catapa.be\/en\/","name":"CATAPA vzw","description":"Comit\u00e9 Acad\u00e9mico T\u00e9cnico de Asesoramiento a Problemas Ambientales","publisher":{"@id":"https:\/\/catapa.be\/en\/#organization"},"potentialAction":[{"@type":"SearchAction","target":{"@type":"EntryPoint","urlTemplate":"https:\/\/catapa.be\/en\/?s={search_term_string}"},"query-input":{"@type":"PropertyValueSpecification","valueRequired":true,"valueName":"search_term_string"}}],"inLanguage":"en-US"},{"@type":"Organization","@id":"https:\/\/catapa.be\/en\/#organization","name":"CATAPA vzw","url":"https:\/\/catapa.be\/en\/","logo":{"@type":"ImageObject","inLanguage":"en-US","@id":"https:\/\/catapa.be\/en\/#\/schema\/logo\/image\/","url":"https:\/\/i0.wp.com\/catapa.be\/wp-content\/uploads\/2019\/02\/NEW20LOGO20SHORT20PNG1.png?fit=1259%2C1321&ssl=1","contentUrl":"https:\/\/i0.wp.com\/catapa.be\/wp-content\/uploads\/2019\/02\/NEW20LOGO20SHORT20PNG1.png?fit=1259%2C1321&ssl=1","width":1259,"height":1321,"caption":"CATAPA vzw"},"image":{"@id":"https:\/\/catapa.be\/en\/#\/schema\/logo\/image\/"},"sameAs":["https:\/\/www.facebook.com\/catapa.belgium\/","https:\/\/x.com\/CATAPA_Belgica","https:\/\/www.instagram.com\/catapa_vzw\/","https:\/\/be.linkedin.com\/company\/catapavzw","https:\/\/www.youtube.com\/channel\/UCE52-Fiyv-Fpqf2gi1qhf1g"]},{"@type":"Person","@id":"https:\/\/catapa.be\/en\/#\/schema\/person\/5b69e90152347308a517590385dbf533","name":"Truike Geerts","url":"https:\/\/catapa.be\/en\/author\/truike\/"}]}},"jetpack_publicize_connections":[],"jetpack_featured_media_url":"https:\/\/i0.wp.com\/catapa.be\/wp-content\/uploads\/2022\/05\/Insta-Grid-3-posts-3.png?fit=3240%2C1080&ssl=1","jetpack_sharing_enabled":true,"jetpack_likes_enabled":true,"jetpack-related-posts":[{"id":29669,"url":"https:\/\/catapa.be\/nl\/coming-soon-een-repair-index-in-belgie\/","url_meta":{"origin":29693,"position":0},"title":"Coming soon: een Repair Index in Belgi\u00eb!","author":"Truike Geerts","date":"27\/05\/2022","format":false,"excerpt":"De federale regering zal, in het kader van het Federaal actieplan Circulaire Economie 2021-2024 over enkele jaren een Repair Index invoeren. Aan de hand van een verplichte score of Repair Index die op elektronische apparaten vermeld moet worden en die de repareerbaarheid van het product aangeeft, hoopt de regering de\u2026","rel":"","context":"In &quot;CtrlAltDelete&quot;","block_context":{"text":"CtrlAltDelete","link":"https:\/\/catapa.be\/nl\/category\/campagnes\/ctrl-alt-delete\/"},"img":{"alt_text":"","src":"https:\/\/i0.wp.com\/catapa.be\/wp-content\/uploads\/2022\/05\/Insta-Grid-3-posts-3.png?fit=1200%2C400&ssl=1&resize=350%2C200","width":350,"height":200,"srcset":"https:\/\/i0.wp.com\/catapa.be\/wp-content\/uploads\/2022\/05\/Insta-Grid-3-posts-3.png?fit=1200%2C400&ssl=1&resize=350%2C200 1x, https:\/\/i0.wp.com\/catapa.be\/wp-content\/uploads\/2022\/05\/Insta-Grid-3-posts-3.png?fit=1200%2C400&ssl=1&resize=525%2C300 1.5x, https:\/\/i0.wp.com\/catapa.be\/wp-content\/uploads\/2022\/05\/Insta-Grid-3-posts-3.png?fit=1200%2C400&ssl=1&resize=700%2C400 2x, https:\/\/i0.wp.com\/catapa.be\/wp-content\/uploads\/2022\/05\/Insta-Grid-3-posts-3.png?fit=1200%2C400&ssl=1&resize=1050%2C600 3x"},"classes":[]},{"id":29893,"url":"https:\/\/catapa.be\/en\/stop-planned-obsolescence-take-action\/","url_meta":{"origin":29693,"position":1},"title":"Stop Planned Obsolescence &#8211; Take action!","author":"Truike Geerts","date":"03\/06\/2022","format":false,"excerpt":"In our previous blog article you could find out why mining can never be made \u2018green\u2019 or done \u2018responsibly\u2019. That\u2019s why we should drastically reduce our need for new raw materials. We cannot continue to extract more and more metals and minerals. We should end practices like \u2018planned obsolescence\u2019 immediately.\u2026","rel":"","context":"Similar post","block_context":{"text":"Similar post","link":""},"img":{"alt_text":"","src":"https:\/\/i0.wp.com\/catapa.be\/wp-content\/uploads\/2022\/06\/WhatsApp-Image-2022-06-01-at-10.05.17-AM.jpeg?fit=1200%2C801&ssl=1&resize=350%2C200","width":350,"height":200,"srcset":"https:\/\/i0.wp.com\/catapa.be\/wp-content\/uploads\/2022\/06\/WhatsApp-Image-2022-06-01-at-10.05.17-AM.jpeg?fit=1200%2C801&ssl=1&resize=350%2C200 1x, https:\/\/i0.wp.com\/catapa.be\/wp-content\/uploads\/2022\/06\/WhatsApp-Image-2022-06-01-at-10.05.17-AM.jpeg?fit=1200%2C801&ssl=1&resize=525%2C300 1.5x, https:\/\/i0.wp.com\/catapa.be\/wp-content\/uploads\/2022\/06\/WhatsApp-Image-2022-06-01-at-10.05.17-AM.jpeg?fit=1200%2C801&ssl=1&resize=700%2C400 2x, https:\/\/i0.wp.com\/catapa.be\/wp-content\/uploads\/2022\/06\/WhatsApp-Image-2022-06-01-at-10.05.17-AM.jpeg?fit=1200%2C801&ssl=1&resize=1050%2C600 3x"},"classes":[]},{"id":34627,"url":"https:\/\/catapa.be\/en\/update-stop-expresdecfect-campaign-takes-over-flanders\/","url_meta":{"origin":29693,"position":2},"title":"Update: Stop #ExpresDefect campaign takes over Flanders!","author":"Teodora Patrascu","date":"22\/01\/2024","format":false,"excerpt":"[vc_row][vc_column][vc_column_text]The Stop #ExpresDefect-campaign had a very busy Fall. Policy wins from the local to the European level, a heap of fun events, and more interesting stuff coming up. Dive right into it! Good \u201crepair\u201d news at the EU level! The European Parliament voted for our right to repair! The current\u2026","rel":"","context":"In &quot;Campaigns&quot;","block_context":{"text":"Campaigns","link":"https:\/\/catapa.be\/en\/category\/campaigns\/"},"img":{"alt_text":"","src":"https:\/\/i0.wp.com\/catapa.be\/wp-content\/uploads\/2024\/01\/Stop-ExpresDefect.png?fit=675%2C675&ssl=1&resize=350%2C200","width":350,"height":200,"srcset":"https:\/\/i0.wp.com\/catapa.be\/wp-content\/uploads\/2024\/01\/Stop-ExpresDefect.png?fit=675%2C675&ssl=1&resize=350%2C200 1x, https:\/\/i0.wp.com\/catapa.be\/wp-content\/uploads\/2024\/01\/Stop-ExpresDefect.png?fit=675%2C675&ssl=1&resize=525%2C300 1.5x"},"classes":[]},{"id":30986,"url":"https:\/\/catapa.be\/en\/city-of-ghent-puts-a-stop-to-planned-obsolescence\/","url_meta":{"origin":29693,"position":3},"title":"City of Ghent puts a stop to planned obsolescence!","author":"Truike Geerts","date":"14\/07\/2022","format":false,"excerpt":"After Mechelen, last week the city of Ghent was the second city to sign our CTRL-ALT-DEL charter. By doing so, the city supports our campaign for stronger regulation on circular electronics. For this special occasion, Catapistas came together with deputy minister for international solidarity and purchasing policy Hafsa El-Bazioui, deputy\u2026","rel":"","context":"Similar post","block_context":{"text":"Similar post","link":""},"img":{"alt_text":"","src":"https:\/\/i0.wp.com\/catapa.be\/wp-content\/uploads\/2022\/07\/WhatsApp-Image-2022-07-13-at-5.22.39-PM-1.jpeg?fit=1143%2C1200&ssl=1&resize=350%2C200","width":350,"height":200,"srcset":"https:\/\/i0.wp.com\/catapa.be\/wp-content\/uploads\/2022\/07\/WhatsApp-Image-2022-07-13-at-5.22.39-PM-1.jpeg?fit=1143%2C1200&ssl=1&resize=350%2C200 1x, https:\/\/i0.wp.com\/catapa.be\/wp-content\/uploads\/2022\/07\/WhatsApp-Image-2022-07-13-at-5.22.39-PM-1.jpeg?fit=1143%2C1200&ssl=1&resize=525%2C300 1.5x, https:\/\/i0.wp.com\/catapa.be\/wp-content\/uploads\/2022\/07\/WhatsApp-Image-2022-07-13-at-5.22.39-PM-1.jpeg?fit=1143%2C1200&ssl=1&resize=700%2C400 2x, https:\/\/i0.wp.com\/catapa.be\/wp-content\/uploads\/2022\/07\/WhatsApp-Image-2022-07-13-at-5.22.39-PM-1.jpeg?fit=1143%2C1200&ssl=1&resize=1050%2C600 3x"},"classes":[]},{"id":13663,"url":"https:\/\/catapa.be\/en\/radio-show-hijack-hour-about-bar-circular-black-friday-impact-consciousness\/","url_meta":{"origin":29693,"position":4},"title":"Radio show &#8220;Hijack hour&#8221; about Bar Circular &#8211; Black Friday impact consciousness","author":"Daniela Marques Branco","date":"31\/03\/2020","format":false,"excerpt":"[vc_row][vc_column][vc_column_text] Radio show \"Hijack hour\" about Bar Circular event - Black Friday impact consciousness [\/vc_column_text][vc_column_text] Last November 29th CATAPA co-organized Bar Circular, an event meant to raise awareness on the impact of Black Friday. The consumption levels around the idea of \u2018Black Friday\u2019 is increasing every year, in more countries\u2026","rel":"","context":"Similar post","block_context":{"text":"Similar post","link":""},"img":{"alt_text":"","src":"https:\/\/i0.wp.com\/catapa.be\/wp-content\/uploads\/2020\/03\/Bar-Circular-De-Krook29112019-34-min-scaled.jpg?fit=1200%2C800&ssl=1&resize=350%2C200","width":350,"height":200,"srcset":"https:\/\/i0.wp.com\/catapa.be\/wp-content\/uploads\/2020\/03\/Bar-Circular-De-Krook29112019-34-min-scaled.jpg?fit=1200%2C800&ssl=1&resize=350%2C200 1x, https:\/\/i0.wp.com\/catapa.be\/wp-content\/uploads\/2020\/03\/Bar-Circular-De-Krook29112019-34-min-scaled.jpg?fit=1200%2C800&ssl=1&resize=525%2C300 1.5x, https:\/\/i0.wp.com\/catapa.be\/wp-content\/uploads\/2020\/03\/Bar-Circular-De-Krook29112019-34-min-scaled.jpg?fit=1200%2C800&ssl=1&resize=700%2C400 2x, https:\/\/i0.wp.com\/catapa.be\/wp-content\/uploads\/2020\/03\/Bar-Circular-De-Krook29112019-34-min-scaled.jpg?fit=1200%2C800&ssl=1&resize=1050%2C600 3x"},"classes":[]},{"id":13692,"url":"https:\/\/catapa.be\/es\/radio-show-hijack-hour-about-bar-circular-black-friday-impact-consciousness\/","url_meta":{"origin":29693,"position":5},"title":"Radio show &#8220;Hijack hour&#8221; about Bar Circular &#8211; Black Friday impact consciousness","author":"Daniela Marques Branco","date":"31\/03\/2020","format":false,"excerpt":"[vc_row][vc_column][vc_column_text] Radio show \"Hijack hour\" about Bar Circular event - Black Friday impact consciousness [\/vc_column_text][vc_column_text] Last November 29th CATAPA co-organized Bar Circular, an event meant to raise awareness on the impact of Black Friday. The consumption levels around the idea of \u2018Black Friday\u2019 is increasing every year, in more countries\u2026","rel":"","context":"In &quot;Sin categorizar&quot;","block_context":{"text":"Sin categorizar","link":"https:\/\/catapa.be\/es\/category\/sin-categorizar\/"},"img":{"alt_text":"","src":"https:\/\/i0.wp.com\/catapa.be\/wp-content\/uploads\/2020\/03\/Bar-Circular-De-Krook29112019-34-min.jpg?fit=1200%2C800&ssl=1&resize=350%2C200","width":350,"height":200,"srcset":"https:\/\/i0.wp.com\/catapa.be\/wp-content\/uploads\/2020\/03\/Bar-Circular-De-Krook29112019-34-min.jpg?fit=1200%2C800&ssl=1&resize=350%2C200 1x, https:\/\/i0.wp.com\/catapa.be\/wp-content\/uploads\/2020\/03\/Bar-Circular-De-Krook29112019-34-min.jpg?fit=1200%2C800&ssl=1&resize=525%2C300 1.5x, https:\/\/i0.wp.com\/catapa.be\/wp-content\/uploads\/2020\/03\/Bar-Circular-De-Krook29112019-34-min.jpg?fit=1200%2C800&ssl=1&resize=700%2C400 2x, https:\/\/i0.wp.com\/catapa.be\/wp-content\/uploads\/2020\/03\/Bar-Circular-De-Krook29112019-34-min.jpg?fit=1200%2C800&ssl=1&resize=1050%2C600 3x"},"classes":[]}],"_links":{"self":[{"href":"https:\/\/catapa.be\/en\/wp-json\/wp\/v2\/posts\/29693","targetHints":{"allow":["GET"]}}],"collection":[{"href":"https:\/\/catapa.be\/en\/wp-json\/wp\/v2\/posts"}],"about":[{"href":"https:\/\/catapa.be\/en\/wp-json\/wp\/v2\/types\/post"}],"author":[{"embeddable":true,"href":"https:\/\/catapa.be\/en\/wp-json\/wp\/v2\/users\/17"}],"replies":[{"embeddable":true,"href":"https:\/\/catapa.be\/en\/wp-json\/wp\/v2\/comments?post=29693"}],"version-history":[{"count":3,"href":"https:\/\/catapa.be\/en\/wp-json\/wp\/v2\/posts\/29693\/revisions"}],"predecessor-version":[{"id":29857,"href":"https:\/\/catapa.be\/en\/wp-json\/wp\/v2\/posts\/29693\/revisions\/29857"}],"wp:featuredmedia":[{"embeddable":true,"href":"https:\/\/catapa.be\/en\/wp-json\/wp\/v2\/media\/29689"}],"wp:attachment":[{"href":"https:\/\/catapa.be\/en\/wp-json\/wp\/v2\/media?parent=29693"}],"wp:term":[{"taxonomy":"category","embeddable":true,"href":"https:\/\/catapa.be\/en\/wp-json\/wp\/v2\/categories?post=29693"},{"taxonomy":"post_tag","embeddable":true,"href":"https:\/\/catapa.be\/en\/wp-json\/wp\/v2\/tags?post=29693"}],"curies":[{"name":"wp","href":"https:\/\/api.w.org\/{rel}","templated":true}]}}