{"id":30597,"date":"2018-01-17T12:22:35","date_gmt":"2018-01-17T11:22:35","guid":{"rendered":"https:\/\/catapa.be\/?p=30597"},"modified":"2022-07-05T14:32:44","modified_gmt":"2022-07-05T12:32:44","slug":"mirtha-vasquez-visits-catapa-2","status":"publish","type":"post","link":"https:\/\/catapa.be\/en\/mirtha-vasquez-visits-catapa-2\/","title":{"rendered":"Mirtha Vasquez visits CATAPA"},"content":{"rendered":"<div class=\"wpb-content-wrapper\"><p>[vc_row][vc_column][vc_column_text]<\/p>\n<h1 id=\"page-title\" class=\"page__title title\">Mirtha Vasquez visits CATAPA<\/h1>\n<p>This week Mirtha Vasquez visited CATAPA. She is the director of GRUFIDES and the lawyer for famous environmentalist Maxima Acu\u00f1a and is based in Peru. The purpose of her visit was to lobby and raise awareness for the\u00a0Defensoras\u00a0in Peru and Latin America through public events and a meeting at the EU. The visit laid the groundwork for a very exciting week here at CATAPA.<\/p>\n<p>On Tuesday there was an event at the Pianofabriek in Brussels called\u00a0Women, gender equality, climate justice: a case for\u00a0Defensoras.\u00a0Besides Mirtha Vasquez, Amelia Alva Arevalo who is a researcher at University of Ghent spoke of\u00a0her current research that focuses on the implementation and exercise of the prior consultation of indigenous peoples in the Andean Countries. In June-July 2017, she was on an observation mission to El Salvador on human rights violations towards\u00a0Defensoras. Furthermore, Nicky Broekhoven spoke about her research that is coming from a legal perspective and focuses on gender equality, women&#8217;s rights, and environment. She is also a volunteer at the Gender and Human Rights division of Amnesty International, and advocates for a mainstreaming of gender in questions regarding human rights. The event attracted a diverse and large audience and the Pianofabriek was filled to the brim. After the presentations there was also a Q &amp; A session with all the speakers, leading to dynamic discussions about the issues that WHRDs face.[\/vc_column_text][vc_single_image image=&#8221;30600&#8243; img_size=&#8221;full&#8221;][vc_column_text]<strong><sup><em>All rights reserved CATAPA<\/em><\/sup><\/strong><\/p>\n<p>On Wednesday there was an event at the European Parliament\u00a0aimed at raising awareness on the precarious situation of women environmental activists in Latin-America. Mirtha Vasquez did a presentation together with\u00a0Dr. Clara Burbano-Herrera (University of Ghent). The presentations contained recommendations for the EU concerning the protection of HRDs and WHRDs in Latin America. Much interest was garnered from MEPs and NGOs with regards to how WHRDs can be protected, both within a legal framework and through attention garnered in various press publications. MEPs also asked questions about how they could include issues discussed in the presentation within free trade agreements (FTAs) and how they should be framed in an inclusive manner.<\/p>\n<p>Following the presentations of Mirtha Vasquez and Dr. Clara Burbano-Herrera there was presentations from both\u00a0Florent Marcellesi (MEP Greens\/EFA), Rapporteur for Opinion, and \u00a0Jordi Sol\u00e9 (MEP Greens\/EFA), member of AFET and BUDG. The presentations were concerning the protection that the EU give HRDs and how their new strategies are supported by the budget. At the request of the various civil society organisations present they elaborated further on the real life impact of the EUs commitments. It was indeed very interesting to hear about similar issues coming from both the EU and individuals affected by their policies.[\/vc_column_text][vc_single_image image=&#8221;30604&#8243; img_size=&#8221;full&#8221;][vc_column_text]<strong><sup><em>All rights reserved CATAPA<\/em><\/sup><\/strong><\/p>\n<p>Of course there was also time for an internal meeting with Mirtha Vasquez and the catapistas to discuss the current situation in Peru and future collaborations.<\/p>\n<p>It was a great pleasure to have her as a guest here at CATAPA and we are very glad that so many people showed interest in listening to her description about the current problems with the mining industry and WHRDs in Peru[\/vc_column_text][\/vc_column][\/vc_row]<\/p>\n<\/div>","protected":false},"excerpt":{"rendered":"<p>[vc_row][vc_column][vc_column_text] Mirtha Vasquez visits CATAPA This week Mirtha Vasquez visited CATAPA. She is the director of GRUFIDES and the lawyer for famous environmentalist Maxima Acu\u00f1a and is based in Peru. The purpose of her visit<br \/><a class=\"read-more\" href=\"https:\/\/catapa.be\/en\/mirtha-vasquez-visits-catapa-2\/\">Read More<\/a><\/p>\n","protected":false},"author":65,"featured_media":0,"comment_status":"open","ping_status":"open","sticky":false,"template":"","format":"standard","meta":{"_exactmetrics_skip_tracking":false,"_exactmetrics_sitenote_active":false,"_exactmetrics_sitenote_note":"","_exactmetrics_sitenote_category":0,"jetpack_post_was_ever_published":false,"_jetpack_newsletter_access":"","_jetpack_dont_email_post_to_subs":false,"_jetpack_newsletter_tier_id":0,"_jetpack_memberships_contains_paywalled_content":false,"_jetpack_memberships_contains_paid_content":false,"footnotes":"","jetpack_publicize_message":"","jetpack_publicize_feature_enabled":true,"jetpack_social_post_already_shared":true,"jetpack_social_options":{"image_generator_settings":{"template":"highway","default_image_id":0,"font":"","enabled":false},"version":2}},"categories":[465,489,467],"tags":[1118,1119,830,1116,1117,1121,1120],"class_list":["post-30597","post","type-post","status-publish","format-standard","hentry","category-campaigns","category-peru","category-press","tag-climate-justice","tag-defensoras","tag-environmental-activists","tag-european-parliament","tag-gender-equality","tag-indigenous-rights-2","tag-mirtha-vasquez-2"],"yoast_head":"<!-- This site is optimized with the Yoast SEO plugin v26.8 - https:\/\/yoast.com\/product\/yoast-seo-wordpress\/ -->\n<title>Mirtha Vasquez visits CATAPA - CATAPA vzw<\/title>\n<meta name=\"robots\" content=\"index, follow, max-snippet:-1, max-image-preview:large, max-video-preview:-1\" \/>\n<link rel=\"canonical\" href=\"https:\/\/catapa.be\/en\/mirtha-vasquez-visits-catapa-2\/\" \/>\n<meta property=\"og:locale\" content=\"en_US\" \/>\n<meta property=\"og:type\" content=\"article\" \/>\n<meta property=\"og:title\" content=\"Mirtha Vasquez visits CATAPA - CATAPA vzw\" \/>\n<meta property=\"og:description\" content=\"[vc_row][vc_column][vc_column_text] Mirtha Vasquez visits CATAPA This week Mirtha Vasquez visited CATAPA. She is the director of GRUFIDES and the lawyer for famous environmentalist Maxima Acu\u00f1a and is based in Peru. The purpose of her visitRead More\" \/>\n<meta property=\"og:url\" content=\"https:\/\/catapa.be\/en\/mirtha-vasquez-visits-catapa-2\/\" \/>\n<meta property=\"og:site_name\" content=\"CATAPA vzw\" \/>\n<meta property=\"article:publisher\" content=\"https:\/\/www.facebook.com\/catapa.belgium\/\" \/>\n<meta property=\"article:published_time\" content=\"2018-01-17T11:22:35+00:00\" \/>\n<meta property=\"article:modified_time\" content=\"2022-07-05T12:32:44+00:00\" \/>\n<meta name=\"author\" content=\"Connor Cashell\" \/>\n<meta name=\"twitter:card\" content=\"summary_large_image\" \/>\n<meta name=\"twitter:creator\" content=\"@CATAPA_Belgica\" \/>\n<meta name=\"twitter:site\" content=\"@CATAPA_Belgica\" \/>\n<meta name=\"twitter:label1\" content=\"Written by\" \/>\n\t<meta name=\"twitter:data1\" content=\"Connor Cashell\" \/>\n\t<meta name=\"twitter:label2\" content=\"Est. reading time\" \/>\n\t<meta name=\"twitter:data2\" content=\"3 minutes\" \/>\n<script type=\"application\/ld+json\" class=\"yoast-schema-graph\">{\"@context\":\"https:\/\/schema.org\",\"@graph\":[{\"@type\":\"Article\",\"@id\":\"https:\/\/catapa.be\/en\/mirtha-vasquez-visits-catapa-2\/#article\",\"isPartOf\":{\"@id\":\"https:\/\/catapa.be\/en\/mirtha-vasquez-visits-catapa-2\/\"},\"author\":{\"name\":\"Connor Cashell\",\"@id\":\"https:\/\/catapa.be\/en\/#\/schema\/person\/2e9ad79a0b4401b872e9456dc7ff6716\"},\"headline\":\"Mirtha Vasquez visits CATAPA\",\"datePublished\":\"2018-01-17T11:22:35+00:00\",\"dateModified\":\"2022-07-05T12:32:44+00:00\",\"mainEntityOfPage\":{\"@id\":\"https:\/\/catapa.be\/en\/mirtha-vasquez-visits-catapa-2\/\"},\"wordCount\":567,\"commentCount\":0,\"publisher\":{\"@id\":\"https:\/\/catapa.be\/en\/#organization\"},\"keywords\":[\"climate justice\",\"Defensoras\",\"Environmental activists\",\"European Parliament\",\"gender equality\",\"indigenous rights\",\"Mirtha V\u00e1squez\"],\"articleSection\":[\"Campaigns\",\"Peru\",\"Press\"],\"inLanguage\":\"en-US\",\"potentialAction\":[{\"@type\":\"CommentAction\",\"name\":\"Comment\",\"target\":[\"https:\/\/catapa.be\/en\/mirtha-vasquez-visits-catapa-2\/#respond\"]}]},{\"@type\":\"WebPage\",\"@id\":\"https:\/\/catapa.be\/en\/mirtha-vasquez-visits-catapa-2\/\",\"url\":\"https:\/\/catapa.be\/en\/mirtha-vasquez-visits-catapa-2\/\",\"name\":\"Mirtha Vasquez visits CATAPA - CATAPA vzw\",\"isPartOf\":{\"@id\":\"https:\/\/catapa.be\/en\/#website\"},\"datePublished\":\"2018-01-17T11:22:35+00:00\",\"dateModified\":\"2022-07-05T12:32:44+00:00\",\"breadcrumb\":{\"@id\":\"https:\/\/catapa.be\/en\/mirtha-vasquez-visits-catapa-2\/#breadcrumb\"},\"inLanguage\":\"en-US\",\"potentialAction\":[{\"@type\":\"ReadAction\",\"target\":[\"https:\/\/catapa.be\/en\/mirtha-vasquez-visits-catapa-2\/\"]}]},{\"@type\":\"BreadcrumbList\",\"@id\":\"https:\/\/catapa.be\/en\/mirtha-vasquez-visits-catapa-2\/#breadcrumb\",\"itemListElement\":[{\"@type\":\"ListItem\",\"position\":1,\"name\":\"Home\",\"item\":\"https:\/\/catapa.be\/en\/\"},{\"@type\":\"ListItem\",\"position\":2,\"name\":\"Mirtha Vasquez visits CATAPA\"}]},{\"@type\":\"WebSite\",\"@id\":\"https:\/\/catapa.be\/en\/#website\",\"url\":\"https:\/\/catapa.be\/en\/\",\"name\":\"CATAPA vzw\",\"description\":\"Comit\u00e9 Acad\u00e9mico T\u00e9cnico de Asesoramiento a Problemas Ambientales\",\"publisher\":{\"@id\":\"https:\/\/catapa.be\/en\/#organization\"},\"potentialAction\":[{\"@type\":\"SearchAction\",\"target\":{\"@type\":\"EntryPoint\",\"urlTemplate\":\"https:\/\/catapa.be\/en\/?s={search_term_string}\"},\"query-input\":{\"@type\":\"PropertyValueSpecification\",\"valueRequired\":true,\"valueName\":\"search_term_string\"}}],\"inLanguage\":\"en-US\"},{\"@type\":\"Organization\",\"@id\":\"https:\/\/catapa.be\/en\/#organization\",\"name\":\"CATAPA vzw\",\"url\":\"https:\/\/catapa.be\/en\/\",\"logo\":{\"@type\":\"ImageObject\",\"inLanguage\":\"en-US\",\"@id\":\"https:\/\/catapa.be\/en\/#\/schema\/logo\/image\/\",\"url\":\"https:\/\/i0.wp.com\/catapa.be\/wp-content\/uploads\/2019\/02\/NEW20LOGO20SHORT20PNG1.png?fit=1259%2C1321&ssl=1\",\"contentUrl\":\"https:\/\/i0.wp.com\/catapa.be\/wp-content\/uploads\/2019\/02\/NEW20LOGO20SHORT20PNG1.png?fit=1259%2C1321&ssl=1\",\"width\":1259,\"height\":1321,\"caption\":\"CATAPA vzw\"},\"image\":{\"@id\":\"https:\/\/catapa.be\/en\/#\/schema\/logo\/image\/\"},\"sameAs\":[\"https:\/\/www.facebook.com\/catapa.belgium\/\",\"https:\/\/x.com\/CATAPA_Belgica\",\"https:\/\/www.instagram.com\/catapa_vzw\/\",\"https:\/\/be.linkedin.com\/company\/catapavzw\",\"https:\/\/www.youtube.com\/channel\/UCE52-Fiyv-Fpqf2gi1qhf1g\"]},{\"@type\":\"Person\",\"@id\":\"https:\/\/catapa.be\/en\/#\/schema\/person\/2e9ad79a0b4401b872e9456dc7ff6716\",\"name\":\"Connor Cashell\",\"sameAs\":[\"https:\/\/catapa.be\/\"],\"url\":\"https:\/\/catapa.be\/en\/author\/connor\/\"}]}<\/script>\n<!-- \/ Yoast SEO plugin. -->","yoast_head_json":{"title":"Mirtha Vasquez visits CATAPA - CATAPA vzw","robots":{"index":"index","follow":"follow","max-snippet":"max-snippet:-1","max-image-preview":"max-image-preview:large","max-video-preview":"max-video-preview:-1"},"canonical":"https:\/\/catapa.be\/en\/mirtha-vasquez-visits-catapa-2\/","og_locale":"en_US","og_type":"article","og_title":"Mirtha Vasquez visits CATAPA - CATAPA vzw","og_description":"[vc_row][vc_column][vc_column_text] Mirtha Vasquez visits CATAPA This week Mirtha Vasquez visited CATAPA. She is the director of GRUFIDES and the lawyer for famous environmentalist Maxima Acu\u00f1a and is based in Peru. The purpose of her visitRead More","og_url":"https:\/\/catapa.be\/en\/mirtha-vasquez-visits-catapa-2\/","og_site_name":"CATAPA vzw","article_publisher":"https:\/\/www.facebook.com\/catapa.belgium\/","article_published_time":"2018-01-17T11:22:35+00:00","article_modified_time":"2022-07-05T12:32:44+00:00","author":"Connor Cashell","twitter_card":"summary_large_image","twitter_creator":"@CATAPA_Belgica","twitter_site":"@CATAPA_Belgica","twitter_misc":{"Written by":"Connor Cashell","Est. reading time":"3 minutes"},"schema":{"@context":"https:\/\/schema.org","@graph":[{"@type":"Article","@id":"https:\/\/catapa.be\/en\/mirtha-vasquez-visits-catapa-2\/#article","isPartOf":{"@id":"https:\/\/catapa.be\/en\/mirtha-vasquez-visits-catapa-2\/"},"author":{"name":"Connor Cashell","@id":"https:\/\/catapa.be\/en\/#\/schema\/person\/2e9ad79a0b4401b872e9456dc7ff6716"},"headline":"Mirtha Vasquez visits CATAPA","datePublished":"2018-01-17T11:22:35+00:00","dateModified":"2022-07-05T12:32:44+00:00","mainEntityOfPage":{"@id":"https:\/\/catapa.be\/en\/mirtha-vasquez-visits-catapa-2\/"},"wordCount":567,"commentCount":0,"publisher":{"@id":"https:\/\/catapa.be\/en\/#organization"},"keywords":["climate justice","Defensoras","Environmental activists","European Parliament","gender equality","indigenous rights","Mirtha V\u00e1squez"],"articleSection":["Campaigns","Peru","Press"],"inLanguage":"en-US","potentialAction":[{"@type":"CommentAction","name":"Comment","target":["https:\/\/catapa.be\/en\/mirtha-vasquez-visits-catapa-2\/#respond"]}]},{"@type":"WebPage","@id":"https:\/\/catapa.be\/en\/mirtha-vasquez-visits-catapa-2\/","url":"https:\/\/catapa.be\/en\/mirtha-vasquez-visits-catapa-2\/","name":"Mirtha Vasquez visits CATAPA - CATAPA vzw","isPartOf":{"@id":"https:\/\/catapa.be\/en\/#website"},"datePublished":"2018-01-17T11:22:35+00:00","dateModified":"2022-07-05T12:32:44+00:00","breadcrumb":{"@id":"https:\/\/catapa.be\/en\/mirtha-vasquez-visits-catapa-2\/#breadcrumb"},"inLanguage":"en-US","potentialAction":[{"@type":"ReadAction","target":["https:\/\/catapa.be\/en\/mirtha-vasquez-visits-catapa-2\/"]}]},{"@type":"BreadcrumbList","@id":"https:\/\/catapa.be\/en\/mirtha-vasquez-visits-catapa-2\/#breadcrumb","itemListElement":[{"@type":"ListItem","position":1,"name":"Home","item":"https:\/\/catapa.be\/en\/"},{"@type":"ListItem","position":2,"name":"Mirtha Vasquez visits CATAPA"}]},{"@type":"WebSite","@id":"https:\/\/catapa.be\/en\/#website","url":"https:\/\/catapa.be\/en\/","name":"CATAPA vzw","description":"Comit\u00e9 Acad\u00e9mico T\u00e9cnico de Asesoramiento a Problemas Ambientales","publisher":{"@id":"https:\/\/catapa.be\/en\/#organization"},"potentialAction":[{"@type":"SearchAction","target":{"@type":"EntryPoint","urlTemplate":"https:\/\/catapa.be\/en\/?s={search_term_string}"},"query-input":{"@type":"PropertyValueSpecification","valueRequired":true,"valueName":"search_term_string"}}],"inLanguage":"en-US"},{"@type":"Organization","@id":"https:\/\/catapa.be\/en\/#organization","name":"CATAPA vzw","url":"https:\/\/catapa.be\/en\/","logo":{"@type":"ImageObject","inLanguage":"en-US","@id":"https:\/\/catapa.be\/en\/#\/schema\/logo\/image\/","url":"https:\/\/i0.wp.com\/catapa.be\/wp-content\/uploads\/2019\/02\/NEW20LOGO20SHORT20PNG1.png?fit=1259%2C1321&ssl=1","contentUrl":"https:\/\/i0.wp.com\/catapa.be\/wp-content\/uploads\/2019\/02\/NEW20LOGO20SHORT20PNG1.png?fit=1259%2C1321&ssl=1","width":1259,"height":1321,"caption":"CATAPA vzw"},"image":{"@id":"https:\/\/catapa.be\/en\/#\/schema\/logo\/image\/"},"sameAs":["https:\/\/www.facebook.com\/catapa.belgium\/","https:\/\/x.com\/CATAPA_Belgica","https:\/\/www.instagram.com\/catapa_vzw\/","https:\/\/be.linkedin.com\/company\/catapavzw","https:\/\/www.youtube.com\/channel\/UCE52-Fiyv-Fpqf2gi1qhf1g"]},{"@type":"Person","@id":"https:\/\/catapa.be\/en\/#\/schema\/person\/2e9ad79a0b4401b872e9456dc7ff6716","name":"Connor Cashell","sameAs":["https:\/\/catapa.be\/"],"url":"https:\/\/catapa.be\/en\/author\/connor\/"}]}},"jetpack_publicize_connections":[],"jetpack_featured_media_url":"","jetpack_sharing_enabled":true,"jetpack_likes_enabled":true,"jetpack-related-posts":[{"id":7541,"url":"https:\/\/catapa.be\/es\/mirtha-vasquez-visita-catapa\/","url_meta":{"origin":30597,"position":0},"title":"Mirtha V\u00e1squez visita CATAPA","author":"Alienor de Sas","date":"24\/08\/2018","format":false,"excerpt":"[vc_row][vc_column][vc_custom_heading text=\"Mirtha V\u00e1squez visita CATAPA para tratar los problemas que las defensoras enfrentan cada d\u00eda\" font_container=\"tag:h2|text_align:center\" google_fonts=\"font_family:Quicksand%3A300%2Cregular%2C700|font_style:400%20regular%3A400%3Anormal\"][vc_column_text]17 de enero 2018[\/vc_column_text][vc_column_text] Esta semana Mirtha V\u00e1squez visit\u00f3 CATAPA. Ella es la directora de GRUFIDES, abogada de la famosa activista medioambiental M\u00e1xima Acu\u00f1a y se encuentra ubicada en Per\u00fa. La propuesta de su\u2026","rel":"","context":"In &quot;Noticias&quot;","block_context":{"text":"Noticias","link":"https:\/\/catapa.be\/es\/category\/noticias\/"},"img":{"alt_text":"","src":"https:\/\/i0.wp.com\/catapa.be\/wp-content\/uploads\/2018\/08\/DSC3154.jpg?fit=1200%2C774&ssl=1&resize=350%2C200","width":350,"height":200,"srcset":"https:\/\/i0.wp.com\/catapa.be\/wp-content\/uploads\/2018\/08\/DSC3154.jpg?fit=1200%2C774&ssl=1&resize=350%2C200 1x, https:\/\/i0.wp.com\/catapa.be\/wp-content\/uploads\/2018\/08\/DSC3154.jpg?fit=1200%2C774&ssl=1&resize=525%2C300 1.5x, https:\/\/i0.wp.com\/catapa.be\/wp-content\/uploads\/2018\/08\/DSC3154.jpg?fit=1200%2C774&ssl=1&resize=700%2C400 2x, https:\/\/i0.wp.com\/catapa.be\/wp-content\/uploads\/2018\/08\/DSC3154.jpg?fit=1200%2C774&ssl=1&resize=1050%2C600 3x"},"classes":[]},{"id":7529,"url":"https:\/\/catapa.be\/es\/mirtha-vasquez-y-laura-lucio-ponente-de-la-decision-de-la-ue\/","url_meta":{"origin":30597,"position":1},"title":"Ponente Mirtha V\u00e1squez sobre la decisi\u00f3n de la UE","author":"Laura Lucio","date":"24\/08\/2018","format":false,"excerpt":"[vc_row][vc_column][vc_custom_heading text=\"El Parlamento Europeo aprueba la resoluci\u00f3n sobre \u201cMujeres, Igualdad de G\u00e9nero y Justicia Clim\u00e1tica\u201d\" font_container=\"tag:h2|text_align:center\" google_fonts=\"font_family:Quicksand%3A300%2Cregular%2C700|font_style:400%20regular%3A400%3Anormal\"][vc_column_text]Laura Lucio (ESF), 25 de enero 2018[\/vc_column_text][vc_column_text] La Uni\u00f3n Europea (UE) se ha preocupado por los problemas referentes a la seguridad de los defensores de los derechos humanos (DDH) desde hace tiempo. En los\u2026","rel":"","context":"In &quot;Derechos de las mujeres&quot;","block_context":{"text":"Derechos de las mujeres","link":"https:\/\/catapa.be\/es\/category\/derechos-de-las-mujeres\/"},"img":{"alt_text":"","src":"https:\/\/i0.wp.com\/catapa.be\/wp-content\/uploads\/2018\/08\/DSC3200.jpg?fit=1200%2C800&ssl=1&resize=350%2C200","width":350,"height":200,"srcset":"https:\/\/i0.wp.com\/catapa.be\/wp-content\/uploads\/2018\/08\/DSC3200.jpg?fit=1200%2C800&ssl=1&resize=350%2C200 1x, https:\/\/i0.wp.com\/catapa.be\/wp-content\/uploads\/2018\/08\/DSC3200.jpg?fit=1200%2C800&ssl=1&resize=525%2C300 1.5x, https:\/\/i0.wp.com\/catapa.be\/wp-content\/uploads\/2018\/08\/DSC3200.jpg?fit=1200%2C800&ssl=1&resize=700%2C400 2x, https:\/\/i0.wp.com\/catapa.be\/wp-content\/uploads\/2018\/08\/DSC3200.jpg?fit=1200%2C800&ssl=1&resize=1050%2C600 3x"},"classes":[]},{"id":9207,"url":"https:\/\/catapa.be\/es\/defensoras\/","url_meta":{"origin":30597,"position":2},"title":"Defensoras","author":"admin","date":"25\/01\/2019","format":false,"excerpt":"Los defensores del los derechos humanos y ambientales tienen un compromiso incansable con la igualdad y la justicia. Desafortunadamente, a menudo se enfrentan a la discriminaci\u00f3n, violencia, criminalizaciones, violaciones de sus derechos civiles y a la impunidad de grupos p\u00fablicos armados (polic\u00eda armada) o de grupos contratados (paramilitares, escuadrones de\u2026","rel":"","context":"In &quot;Campa\u00f1as&quot;","block_context":{"text":"Campa\u00f1as","link":"https:\/\/catapa.be\/es\/category\/campanas\/"},"img":{"alt_text":"","src":"https:\/\/i0.wp.com\/catapa.be\/wp-content\/uploads\/2019\/01\/DEFENSORAS-PUBLIC-EVENT-WEB.jpg?fit=1200%2C750&ssl=1&resize=350%2C200","width":350,"height":200,"srcset":"https:\/\/i0.wp.com\/catapa.be\/wp-content\/uploads\/2019\/01\/DEFENSORAS-PUBLIC-EVENT-WEB.jpg?fit=1200%2C750&ssl=1&resize=350%2C200 1x, https:\/\/i0.wp.com\/catapa.be\/wp-content\/uploads\/2019\/01\/DEFENSORAS-PUBLIC-EVENT-WEB.jpg?fit=1200%2C750&ssl=1&resize=525%2C300 1.5x, https:\/\/i0.wp.com\/catapa.be\/wp-content\/uploads\/2019\/01\/DEFENSORAS-PUBLIC-EVENT-WEB.jpg?fit=1200%2C750&ssl=1&resize=700%2C400 2x, https:\/\/i0.wp.com\/catapa.be\/wp-content\/uploads\/2019\/01\/DEFENSORAS-PUBLIC-EVENT-WEB.jpg?fit=1200%2C750&ssl=1&resize=1050%2C600 3x"},"classes":[]},{"id":28615,"url":"https:\/\/catapa.be\/es\/speakers-tour-2022-overview\/","url_meta":{"origin":30597,"position":3},"title":"Speakers Tour 2022 Overview","author":"Laura Blanco","date":"28\/03\/2022","format":false,"excerpt":"[vc_row][vc_column][vc_column_text] SPEAKERS TOUR 2022 OVERVIEW El Speakers Tour fue un gran \u00e9xito. \u00a1Muchas gracias a todos por hacerlo posible! Qu\u00e9 edici\u00f3n tan maravillosa. Este a\u00f1o, dos defensorxs del medio ambiente, Mirtha y Rosas, de Cajamarca, Per\u00fa, vinieron a hablar de su lucha. Compartieron su historia de lucha contra la gran\u2026","rel":"","context":"In &quot;Campa\u00f1as&quot;","block_context":{"text":"Campa\u00f1as","link":"https:\/\/catapa.be\/es\/category\/campanas\/"},"img":{"alt_text":"","src":"https:\/\/i0.wp.com\/catapa.be\/wp-content\/uploads\/2022\/03\/1.png?fit=470%2C394&ssl=1&resize=350%2C200","width":350,"height":200},"classes":[]},{"id":28585,"url":"https:\/\/catapa.be\/es\/defensores-del-medio-ambiente-se-reunen-con-eurodiputados\/","url_meta":{"origin":30597,"position":4},"title":"DEFENSORES DEL MEDIO AMBIENTE SE RE\u00daNEN CON EURODIPUTADOS","author":"Siel Vandamme","date":"22\/03\/2022","format":false,"excerpt":"[vc_row][vc_column][vc_column_text] DEFENSORES DEL MEDIO AMBIENTE Y REPRESENTANTES IND\u00cdGENAS DE LAS COMUNIDADES AFECTADAS POR LA MINER\u00cdA SE RE\u00daNEN CON EURODIPUTADOS EN RELACI\u00d3N A LA LEGISLACI\u00d3N DE LA UE SOBRE DILIGENCIA DEBIDA\u00a0 Nuestros defensores del medio ambiente peruanos, junto con representantes ind\u00edgenas de Rusia y Guatemala, se reunieron con eurodiputados el pasado\u2026","rel":"","context":"In &quot;Sin categorizar&quot;","block_context":{"text":"Sin categorizar","link":"https:\/\/catapa.be\/es\/category\/sin-categorizar\/"},"img":{"alt_text":"Resumen del encuentro con eurodiputados Speakers Tour 2022","src":"https:\/\/i0.wp.com\/catapa.be\/wp-content\/uploads\/2022\/03\/Summary-MEP-day-speakers-tour-2022.jpg?fit=535%2C299&ssl=1&resize=350%2C200","width":350,"height":200,"srcset":"https:\/\/i0.wp.com\/catapa.be\/wp-content\/uploads\/2022\/03\/Summary-MEP-day-speakers-tour-2022.jpg?fit=535%2C299&ssl=1&resize=350%2C200 1x, https:\/\/i0.wp.com\/catapa.be\/wp-content\/uploads\/2022\/03\/Summary-MEP-day-speakers-tour-2022.jpg?fit=535%2C299&ssl=1&resize=525%2C300 1.5x"},"classes":[]},{"id":34165,"url":"https:\/\/catapa.be\/es\/proyecto-minero-colpayoc-oro-o-agua-el-ultimo-acceso-al-agua-potable-en-cajamarca\/","url_meta":{"origin":30597,"position":5},"title":"Proyecto minero Colpayoc: \u00bfOro o agua? El \u00faltimo acceso al agua potable en Cajamarca","author":"Estefan\u00eda","date":"06\/09\/2023","format":false,"excerpt":"El viernes 7 de mayo, en la Plaza de Armas de Cajamarca, comunidades y organizaciones sociales, entre ellas el Frente de Defensa Ambiental de Colpayoc, convocaron a una conferencia de prensa denunciando y rechazando el proyecto minero Colpayoc, propiedad de una minera canadiense que se impulsa en la provincia de\u2026","rel":"","context":"In &quot;Per\u00fa&quot;","block_context":{"text":"Per\u00fa","link":"https:\/\/catapa.be\/es\/category\/peru-es\/"},"img":{"alt_text":"\u201cChetillanos rechazan proyecto minero\u201d. Copyright: CONACIPE\n","src":"https:\/\/i0.wp.com\/catapa.be\/wp-content\/uploads\/2023\/08\/1.png?fit=720%2C405&ssl=1&resize=350%2C200","width":350,"height":200,"srcset":"https:\/\/i0.wp.com\/catapa.be\/wp-content\/uploads\/2023\/08\/1.png?fit=720%2C405&ssl=1&resize=350%2C200 1x, https:\/\/i0.wp.com\/catapa.be\/wp-content\/uploads\/2023\/08\/1.png?fit=720%2C405&ssl=1&resize=525%2C300 1.5x, https:\/\/i0.wp.com\/catapa.be\/wp-content\/uploads\/2023\/08\/1.png?fit=720%2C405&ssl=1&resize=700%2C400 2x"},"classes":[]}],"_links":{"self":[{"href":"https:\/\/catapa.be\/en\/wp-json\/wp\/v2\/posts\/30597","targetHints":{"allow":["GET"]}}],"collection":[{"href":"https:\/\/catapa.be\/en\/wp-json\/wp\/v2\/posts"}],"about":[{"href":"https:\/\/catapa.be\/en\/wp-json\/wp\/v2\/types\/post"}],"author":[{"embeddable":true,"href":"https:\/\/catapa.be\/en\/wp-json\/wp\/v2\/users\/65"}],"replies":[{"embeddable":true,"href":"https:\/\/catapa.be\/en\/wp-json\/wp\/v2\/comments?post=30597"}],"version-history":[{"count":2,"href":"https:\/\/catapa.be\/en\/wp-json\/wp\/v2\/posts\/30597\/revisions"}],"predecessor-version":[{"id":30615,"href":"https:\/\/catapa.be\/en\/wp-json\/wp\/v2\/posts\/30597\/revisions\/30615"}],"wp:attachment":[{"href":"https:\/\/catapa.be\/en\/wp-json\/wp\/v2\/media?parent=30597"}],"wp:term":[{"taxonomy":"category","embeddable":true,"href":"https:\/\/catapa.be\/en\/wp-json\/wp\/v2\/categories?post=30597"},{"taxonomy":"post_tag","embeddable":true,"href":"https:\/\/catapa.be\/en\/wp-json\/wp\/v2\/tags?post=30597"}],"curies":[{"name":"wp","href":"https:\/\/api.w.org\/{rel}","templated":true}]}}