{"id":33259,"date":"2023-03-22T13:30:29","date_gmt":"2023-03-22T12:30:29","guid":{"rendered":"https:\/\/catapa.be\/?p=33259"},"modified":"2023-07-12T17:06:47","modified_gmt":"2023-07-12T15:06:47","slug":"world-water-day-we-must-defend-our-right-to-clean-drinking-water","status":"publish","type":"post","link":"https:\/\/catapa.be\/en\/world-water-day-we-must-defend-our-right-to-clean-drinking-water\/","title":{"rendered":"World Water Day: we must defend our right to clean drinking water"},"content":{"rendered":"<figure id=\"attachment_33264\" aria-describedby=\"caption-attachment-33264\" style=\"width: 640px\" class=\"wp-caption aligncenter\"><img data-recalc-dims=\"1\" loading=\"lazy\" decoding=\"async\" class=\"wp-image-33264 size-large\" src=\"https:\/\/i0.wp.com\/catapa.be\/wp-content\/uploads\/2023\/03\/img6-e1679484475962-1024x997.jpg?resize=640%2C623&#038;ssl=1\" alt=\"\" width=\"640\" height=\"623\" srcset=\"https:\/\/i0.wp.com\/catapa.be\/wp-content\/uploads\/2023\/03\/img6-e1679484475962.jpg?resize=1024%2C997&amp;ssl=1 1024w, https:\/\/i0.wp.com\/catapa.be\/wp-content\/uploads\/2023\/03\/img6-e1679484475962.jpg?resize=300%2C292&amp;ssl=1 300w, https:\/\/i0.wp.com\/catapa.be\/wp-content\/uploads\/2023\/03\/img6-e1679484475962.jpg?resize=768%2C748&amp;ssl=1 768w, https:\/\/i0.wp.com\/catapa.be\/wp-content\/uploads\/2023\/03\/img6-e1679484475962.jpg?w=1536&amp;ssl=1 1536w, https:\/\/i0.wp.com\/catapa.be\/wp-content\/uploads\/2023\/03\/img6-e1679484475962.jpg?w=1280&amp;ssl=1 1280w\" sizes=\"auto, (max-width: 640px) 100vw, 640px\" \/><figcaption id=\"caption-attachment-33264\" class=\"wp-caption-text\">Representatives of the community of La Lucma following the route of one of their local rivers. Photo copyright: CATAPA.<\/figcaption><\/figure>\n<h2>Every year, since 1993, World Water Day is celebrated to raise awareness about the global crisis of access to water, and to take action to defend our rights.<\/h2>\n<p>According to the UN, <a href=\"https:\/\/www.un.org\/es\/observances\/water-day\" target=\"_blank\" rel=\"noopener\">more than two billion people<\/a> are still without access to drinkable water. There is a critical situation in the province of Cajamarca, which is one of the regions of Peru with the highest number of <strong>houses without access to clean water<\/strong>. 42% of houses\u00a0within the city of Cajamarca lack access to water apt for human consumption.<\/p>\n<p>One of the driving forces denying Cajamarquinxs access to their fundamental right to water is large-scale mining.. Between the end of October and the beginning of November 2022, the entire city of <a href=\"https:\/\/stakeholders.com.pe\/ddhh\/cajamarca-la-tierra-de-pedro-castillo-sin-agua-potable-desde-ayer\/\" target=\"_blank\" rel=\"noopener\">Cajamarca suffered from severe drinking water shortages<\/a>. According to several reports, this was caused by a decrease in water supply from the Rio Grande dam, controlled by the Yanacocha mining company. During this time, several citizens and journalists reported seeing highly <strong>contaminated water and dead fish<\/strong> within the Rio Grande dam catchment area.<\/p>\n<p>In this context, GRUFIDES and CATAPA have been working together since 2020 on a series of <strong>projects that aim to provide local communities affected by mining<\/strong> the tools to create their own committees to monitor the quality of their rivers.<\/p>\n<p>This project has been essential for building the autonomy and knowledge of local communities within Cajamarca to take <strong>control of the monitoring of their water supply<\/strong> and to demand the <strong>right to safe and healthy drinking water<\/strong> from the local authorities. Rather than laboratories or governmental agencies, this places the power and knowledge directly in the hands of local communities to care for their rivers and make collective decisions in defence of their territories.<\/p>\n<h3>Who knows their territory and rivers better than the communities who have lived there for generations?<\/h3>\n<h4>Bambamarca: insight into the building of collective knowledge and the right to say no<\/h4>\n<p>These water monitoring committees have acted as a catalyst for organised community resistance against further mining developments. In March 2023, GRUFIDES visited the community of La Lucma in Bambamarca, a few hours north of the city of Cajamarca. In a highly moving meeting, representatives of the local community shared their experiences and participated in a water monitoring workshop. Several testimonies claimed <strong>numerous mining projects have caused high levels of contamination<\/strong> of their rivers, infecting children with mercury poisoning, and impacting agriculture on which their livelihoods depend.<\/p>\n<p>As part of the visit, the group collected several samples along a thirty metre stretch of the river. The process of sample collection is highly accessible and simple in practice. Participants collectively retrieve water samples in several points of the river with a net. The soil at the bottom of the net is then poured into a tub, to analyse what benthic macroinvertebrates (aquatic animals without backbones that can be seen without the use of a microscope) are present. The presence of particular macroinvertebrates is an important indicator of water quality, with some only able to survive in fresh, clean water, or vice versa in very polluted conditions.<\/p>\n<p>It was clear from the very first moment that the river was extremely contaminated from the mining projects up stream. The river was the colour orange, with a strong smell of chemicals. In fact, there was zero presence of any macroinvertebrates in the samples. The river is so polluted that <strong>nothing is able to survive in the water that the entire community of Bambamarca depends on<\/strong>.<\/p>\n<figure id=\"attachment_33267\" aria-describedby=\"caption-attachment-33267\" style=\"width: 640px\" class=\"wp-caption aligncenter\"><img data-recalc-dims=\"1\" loading=\"lazy\" decoding=\"async\" class=\"wp-image-33267 size-large\" src=\"https:\/\/i0.wp.com\/catapa.be\/wp-content\/uploads\/2023\/03\/img24.jpg?resize=640%2C303&#038;ssl=1\" alt=\"\" width=\"640\" height=\"303\" srcset=\"https:\/\/i0.wp.com\/catapa.be\/wp-content\/uploads\/2023\/03\/img24.jpg?resize=1024%2C484&amp;ssl=1 1024w, https:\/\/i0.wp.com\/catapa.be\/wp-content\/uploads\/2023\/03\/img24.jpg?resize=300%2C142&amp;ssl=1 300w, https:\/\/i0.wp.com\/catapa.be\/wp-content\/uploads\/2023\/03\/img24.jpg?resize=768%2C363&amp;ssl=1 768w, https:\/\/i0.wp.com\/catapa.be\/wp-content\/uploads\/2023\/03\/img24.jpg?resize=1536%2C726&amp;ssl=1 1536w, https:\/\/i0.wp.com\/catapa.be\/wp-content\/uploads\/2023\/03\/img24.jpg?w=1600&amp;ssl=1 1600w, https:\/\/i0.wp.com\/catapa.be\/wp-content\/uploads\/2023\/03\/img24.jpg?w=1280&amp;ssl=1 1280w\" sizes=\"auto, (max-width: 640px) 100vw, 640px\" \/><figcaption id=\"caption-attachment-33267\" class=\"wp-caption-text\">Group from the local community of La Lucma monitoring the conditions of their local river. Photo copyright of CATAPA.<\/figcaption><\/figure>\n<p>After the collection process, the group reconvened to record the results, share their testimonies and collectively decide a way forward. Representatives signed an agreement declaring they would bring the results back to the wider community to push for the collective organisation of several water <strong>monitoring committees to declare their Right To Say No<\/strong> to further encroachment of mining activities, and demand the local authorities take action.<\/p>\n<h3>Next Steps: Organisation for the defence of territories and the right to clean water<\/h3>\n<p>To mark World Water Day, GRUFIDES will convene a forum of dialogue in the city of Cajamarca to provide a <strong>platform for water defenders<\/strong> to share their testimonies, analyse the water crisis and demand the right to safe and clean water in Cajamarca.<\/p>\n<p>Water monitoring committees from across Peru will also convene in Ayacucho from the 21st &#8211; 25th March to share experiences, compare methodologies and strengthen the capacity of movements fighting for access to clean water in their territories.<\/p>\n<p>Article written by Connor Cashell, Global Engagement CATAPA officer (GECO) at Cajamarca, Peru.<\/p>\n<p>&nbsp;<\/p>\n<h4>Bibliography<\/h4>\n<p><a href=\"https:\/\/www.inei.gob.pe\/media\/MenuRecursivo\/boletines\/boletin_agua_junio2020.pdf\" target=\"_blank\" rel=\"noopener\">Instituto Nacional de Estadistica e Informatica, Per\u00fa (2020). Per\u00fa: Formas de Acceso al Agua y Saneamiento B\u00e1sico<\/a>. (Accessed: 20 March 2023)<\/p>\n<p><a href=\"https:\/\/www.youtube.com\/watch?v=wpuh4usKiE8\" target=\"_blank\" rel=\"noopener\">MAS-Cajamarca (2014) Ni\u00f1a recita hermoso poema contra proyecto Conga (Cajamarca) 6 August<\/a>. (Accessed 20 March 2023)<\/p>\n<p><a href=\"https:\/\/stakeholders.com.pe\/ddhh\/cajamarca-la-tierra-de-pedro-castillo-sin-agua-potable-desde-ayer\" target=\"_blank\" rel=\"noopener\">Stakeholders Sostenibilidad (2022) &#8216;Cajamarca, la tierra de Pedro Castillo, sufre por falta de agua potable&#8217;, 2 November 2022, Stakeholders<\/a>. (Accessed: 20 March 2023).<\/p>\n<p><a href=\"https:\/\/www.un.org\/es\/observances\/water-day\" target=\"_blank\" rel=\"noopener\">United Nations (2023) Dia Mundial del Agua, 22 Marzo<\/a>. (Accessed: 20 March 2023).<\/p>\n","protected":false},"excerpt":{"rendered":"<p>Every year, since 1993, World Water Day is celebrated to raise awareness about the global crisis of access to water, and to take action to defend our rights. According to the UN, more than two<br \/><a class=\"read-more\" href=\"https:\/\/catapa.be\/en\/world-water-day-we-must-defend-our-right-to-clean-drinking-water\/\">Read More<\/a><\/p>\n","protected":false},"author":67,"featured_media":33264,"comment_status":"open","ping_status":"open","sticky":false,"template":"","format":"standard","meta":{"_exactmetrics_skip_tracking":false,"_exactmetrics_sitenote_active":false,"_exactmetrics_sitenote_note":"","_exactmetrics_sitenote_category":0,"jetpack_post_was_ever_published":false,"_jetpack_newsletter_access":"","_jetpack_dont_email_post_to_subs":false,"_jetpack_newsletter_tier_id":0,"_jetpack_memberships_contains_paywalled_content":false,"_jetpack_memberships_contains_paid_content":false,"footnotes":"","jetpack_publicize_message":"","jetpack_publicize_feature_enabled":true,"jetpack_social_post_already_shared":true,"jetpack_social_options":{"image_generator_settings":{"template":"highway","default_image_id":0,"font":"","enabled":false},"version":2}},"categories":[514,489,1182],"tags":[788],"class_list":["post-33259","post","type-post","status-publish","format-standard","has-post-thumbnail","hentry","category-gecos-on-the-road","category-peru","category-right-to-say-no","tag-right-to-say-no"],"yoast_head":"<!-- This site is optimized with the Yoast SEO plugin v26.8 - https:\/\/yoast.com\/product\/yoast-seo-wordpress\/ -->\n<title>World Water Day: we must defend our right to clean drinking water - CATAPA vzw<\/title>\n<meta name=\"description\" content=\"Every year, since 1993, World Water Day is celebrated to raise awareness about the global crisis of access to water, and to take action to defend our rights. According to the UN, more than two billion people are still without access to drinkable water.\" \/>\n<meta name=\"robots\" content=\"index, follow, max-snippet:-1, max-image-preview:large, max-video-preview:-1\" \/>\n<link rel=\"canonical\" href=\"https:\/\/catapa.be\/en\/world-water-day-we-must-defend-our-right-to-clean-drinking-water\/\" \/>\n<meta property=\"og:locale\" content=\"en_US\" \/>\n<meta property=\"og:type\" content=\"article\" \/>\n<meta property=\"og:title\" content=\"World Water Day: we must defend our right to clean drinking water - CATAPA vzw\" \/>\n<meta property=\"og:description\" content=\"Every year, since 1993, World Water Day is celebrated to raise awareness about the global crisis of access to water, and to take action to defend our rights. According to the UN, more than two billion people are still without access to drinkable water.\" \/>\n<meta property=\"og:url\" content=\"https:\/\/catapa.be\/en\/world-water-day-we-must-defend-our-right-to-clean-drinking-water\/\" \/>\n<meta property=\"og:site_name\" content=\"CATAPA vzw\" \/>\n<meta property=\"article:publisher\" content=\"https:\/\/www.facebook.com\/catapa.belgium\/\" \/>\n<meta property=\"article:published_time\" content=\"2023-03-22T12:30:29+00:00\" \/>\n<meta property=\"article:modified_time\" content=\"2023-07-12T15:06:47+00:00\" \/>\n<meta property=\"og:image\" content=\"https:\/\/catapa.be\/wp-content\/uploads\/2023\/03\/img6-e1679484475962.jpg\" \/>\n\t<meta property=\"og:image:width\" content=\"1536\" \/>\n\t<meta property=\"og:image:height\" content=\"1495\" \/>\n\t<meta property=\"og:image:type\" content=\"image\/jpeg\" \/>\n<meta name=\"author\" content=\"Estefan\u00eda\" \/>\n<meta name=\"twitter:card\" content=\"summary_large_image\" \/>\n<meta name=\"twitter:creator\" content=\"@CATAPA_Belgica\" \/>\n<meta name=\"twitter:site\" content=\"@CATAPA_Belgica\" \/>\n<meta name=\"twitter:label1\" content=\"Written by\" \/>\n\t<meta name=\"twitter:data1\" content=\"Estefan\u00eda\" \/>\n\t<meta name=\"twitter:label2\" content=\"Est. reading time\" \/>\n\t<meta name=\"twitter:data2\" content=\"4 minutes\" \/>\n<script type=\"application\/ld+json\" class=\"yoast-schema-graph\">{\"@context\":\"https:\/\/schema.org\",\"@graph\":[{\"@type\":\"Article\",\"@id\":\"https:\/\/catapa.be\/en\/world-water-day-we-must-defend-our-right-to-clean-drinking-water\/#article\",\"isPartOf\":{\"@id\":\"https:\/\/catapa.be\/en\/world-water-day-we-must-defend-our-right-to-clean-drinking-water\/\"},\"author\":{\"name\":\"Estefan\u00eda\",\"@id\":\"https:\/\/catapa.be\/en\/#\/schema\/person\/81ff50de69eb668647494aa998bd4431\"},\"headline\":\"World Water Day: we must defend our right to clean drinking water\",\"datePublished\":\"2023-03-22T12:30:29+00:00\",\"dateModified\":\"2023-07-12T15:06:47+00:00\",\"mainEntityOfPage\":{\"@id\":\"https:\/\/catapa.be\/en\/world-water-day-we-must-defend-our-right-to-clean-drinking-water\/\"},\"wordCount\":871,\"commentCount\":0,\"publisher\":{\"@id\":\"https:\/\/catapa.be\/en\/#organization\"},\"image\":{\"@id\":\"https:\/\/catapa.be\/en\/world-water-day-we-must-defend-our-right-to-clean-drinking-water\/#primaryimage\"},\"thumbnailUrl\":\"https:\/\/i0.wp.com\/catapa.be\/wp-content\/uploads\/2023\/03\/img6-e1679484475962.jpg?fit=1536%2C1495&ssl=1\",\"keywords\":[\"Right to Say No\"],\"articleSection\":[\"GECOs on the road\",\"Peru\",\"Right To Say No\"],\"inLanguage\":\"en-US\",\"potentialAction\":[{\"@type\":\"CommentAction\",\"name\":\"Comment\",\"target\":[\"https:\/\/catapa.be\/en\/world-water-day-we-must-defend-our-right-to-clean-drinking-water\/#respond\"]}]},{\"@type\":\"WebPage\",\"@id\":\"https:\/\/catapa.be\/en\/world-water-day-we-must-defend-our-right-to-clean-drinking-water\/\",\"url\":\"https:\/\/catapa.be\/en\/world-water-day-we-must-defend-our-right-to-clean-drinking-water\/\",\"name\":\"World Water Day: we must defend our right to clean drinking water - CATAPA vzw\",\"isPartOf\":{\"@id\":\"https:\/\/catapa.be\/en\/#website\"},\"primaryImageOfPage\":{\"@id\":\"https:\/\/catapa.be\/en\/world-water-day-we-must-defend-our-right-to-clean-drinking-water\/#primaryimage\"},\"image\":{\"@id\":\"https:\/\/catapa.be\/en\/world-water-day-we-must-defend-our-right-to-clean-drinking-water\/#primaryimage\"},\"thumbnailUrl\":\"https:\/\/i0.wp.com\/catapa.be\/wp-content\/uploads\/2023\/03\/img6-e1679484475962.jpg?fit=1536%2C1495&ssl=1\",\"datePublished\":\"2023-03-22T12:30:29+00:00\",\"dateModified\":\"2023-07-12T15:06:47+00:00\",\"description\":\"Every year, since 1993, World Water Day is celebrated to raise awareness about the global crisis of access to water, and to take action to defend our rights. According to the UN, more than two billion people are still without access to drinkable water.\",\"breadcrumb\":{\"@id\":\"https:\/\/catapa.be\/en\/world-water-day-we-must-defend-our-right-to-clean-drinking-water\/#breadcrumb\"},\"inLanguage\":\"en-US\",\"potentialAction\":[{\"@type\":\"ReadAction\",\"target\":[\"https:\/\/catapa.be\/en\/world-water-day-we-must-defend-our-right-to-clean-drinking-water\/\"]}]},{\"@type\":\"ImageObject\",\"inLanguage\":\"en-US\",\"@id\":\"https:\/\/catapa.be\/en\/world-water-day-we-must-defend-our-right-to-clean-drinking-water\/#primaryimage\",\"url\":\"https:\/\/i0.wp.com\/catapa.be\/wp-content\/uploads\/2023\/03\/img6-e1679484475962.jpg?fit=1536%2C1495&ssl=1\",\"contentUrl\":\"https:\/\/i0.wp.com\/catapa.be\/wp-content\/uploads\/2023\/03\/img6-e1679484475962.jpg?fit=1536%2C1495&ssl=1\",\"width\":1536,\"height\":1495},{\"@type\":\"BreadcrumbList\",\"@id\":\"https:\/\/catapa.be\/en\/world-water-day-we-must-defend-our-right-to-clean-drinking-water\/#breadcrumb\",\"itemListElement\":[{\"@type\":\"ListItem\",\"position\":1,\"name\":\"Home\",\"item\":\"https:\/\/catapa.be\/en\/\"},{\"@type\":\"ListItem\",\"position\":2,\"name\":\"World Water Day: we must defend our right to clean drinking water\"}]},{\"@type\":\"WebSite\",\"@id\":\"https:\/\/catapa.be\/en\/#website\",\"url\":\"https:\/\/catapa.be\/en\/\",\"name\":\"CATAPA vzw\",\"description\":\"Comit\u00e9 Acad\u00e9mico T\u00e9cnico de Asesoramiento a Problemas Ambientales\",\"publisher\":{\"@id\":\"https:\/\/catapa.be\/en\/#organization\"},\"potentialAction\":[{\"@type\":\"SearchAction\",\"target\":{\"@type\":\"EntryPoint\",\"urlTemplate\":\"https:\/\/catapa.be\/en\/?s={search_term_string}\"},\"query-input\":{\"@type\":\"PropertyValueSpecification\",\"valueRequired\":true,\"valueName\":\"search_term_string\"}}],\"inLanguage\":\"en-US\"},{\"@type\":\"Organization\",\"@id\":\"https:\/\/catapa.be\/en\/#organization\",\"name\":\"CATAPA vzw\",\"url\":\"https:\/\/catapa.be\/en\/\",\"logo\":{\"@type\":\"ImageObject\",\"inLanguage\":\"en-US\",\"@id\":\"https:\/\/catapa.be\/en\/#\/schema\/logo\/image\/\",\"url\":\"https:\/\/i0.wp.com\/catapa.be\/wp-content\/uploads\/2019\/02\/NEW20LOGO20SHORT20PNG1.png?fit=1259%2C1321&ssl=1\",\"contentUrl\":\"https:\/\/i0.wp.com\/catapa.be\/wp-content\/uploads\/2019\/02\/NEW20LOGO20SHORT20PNG1.png?fit=1259%2C1321&ssl=1\",\"width\":1259,\"height\":1321,\"caption\":\"CATAPA vzw\"},\"image\":{\"@id\":\"https:\/\/catapa.be\/en\/#\/schema\/logo\/image\/\"},\"sameAs\":[\"https:\/\/www.facebook.com\/catapa.belgium\/\",\"https:\/\/x.com\/CATAPA_Belgica\",\"https:\/\/www.instagram.com\/catapa_vzw\/\",\"https:\/\/be.linkedin.com\/company\/catapavzw\",\"https:\/\/www.youtube.com\/channel\/UCE52-Fiyv-Fpqf2gi1qhf1g\"]},{\"@type\":\"Person\",\"@id\":\"https:\/\/catapa.be\/en\/#\/schema\/person\/81ff50de69eb668647494aa998bd4431\",\"name\":\"Estefan\u00eda\",\"url\":\"https:\/\/catapa.be\/en\/author\/estefania-moreno\/\"}]}<\/script>\n<!-- \/ Yoast SEO plugin. -->","yoast_head_json":{"title":"World Water Day: we must defend our right to clean drinking water - CATAPA vzw","description":"Every year, since 1993, World Water Day is celebrated to raise awareness about the global crisis of access to water, and to take action to defend our rights. According to the UN, more than two billion people are still without access to drinkable water.","robots":{"index":"index","follow":"follow","max-snippet":"max-snippet:-1","max-image-preview":"max-image-preview:large","max-video-preview":"max-video-preview:-1"},"canonical":"https:\/\/catapa.be\/en\/world-water-day-we-must-defend-our-right-to-clean-drinking-water\/","og_locale":"en_US","og_type":"article","og_title":"World Water Day: we must defend our right to clean drinking water - CATAPA vzw","og_description":"Every year, since 1993, World Water Day is celebrated to raise awareness about the global crisis of access to water, and to take action to defend our rights. According to the UN, more than two billion people are still without access to drinkable water.","og_url":"https:\/\/catapa.be\/en\/world-water-day-we-must-defend-our-right-to-clean-drinking-water\/","og_site_name":"CATAPA vzw","article_publisher":"https:\/\/www.facebook.com\/catapa.belgium\/","article_published_time":"2023-03-22T12:30:29+00:00","article_modified_time":"2023-07-12T15:06:47+00:00","og_image":[{"width":1536,"height":1495,"url":"https:\/\/catapa.be\/wp-content\/uploads\/2023\/03\/img6-e1679484475962.jpg","type":"image\/jpeg"}],"author":"Estefan\u00eda","twitter_card":"summary_large_image","twitter_creator":"@CATAPA_Belgica","twitter_site":"@CATAPA_Belgica","twitter_misc":{"Written by":"Estefan\u00eda","Est. reading time":"4 minutes"},"schema":{"@context":"https:\/\/schema.org","@graph":[{"@type":"Article","@id":"https:\/\/catapa.be\/en\/world-water-day-we-must-defend-our-right-to-clean-drinking-water\/#article","isPartOf":{"@id":"https:\/\/catapa.be\/en\/world-water-day-we-must-defend-our-right-to-clean-drinking-water\/"},"author":{"name":"Estefan\u00eda","@id":"https:\/\/catapa.be\/en\/#\/schema\/person\/81ff50de69eb668647494aa998bd4431"},"headline":"World Water Day: we must defend our right to clean drinking water","datePublished":"2023-03-22T12:30:29+00:00","dateModified":"2023-07-12T15:06:47+00:00","mainEntityOfPage":{"@id":"https:\/\/catapa.be\/en\/world-water-day-we-must-defend-our-right-to-clean-drinking-water\/"},"wordCount":871,"commentCount":0,"publisher":{"@id":"https:\/\/catapa.be\/en\/#organization"},"image":{"@id":"https:\/\/catapa.be\/en\/world-water-day-we-must-defend-our-right-to-clean-drinking-water\/#primaryimage"},"thumbnailUrl":"https:\/\/i0.wp.com\/catapa.be\/wp-content\/uploads\/2023\/03\/img6-e1679484475962.jpg?fit=1536%2C1495&ssl=1","keywords":["Right to Say No"],"articleSection":["GECOs on the road","Peru","Right To Say No"],"inLanguage":"en-US","potentialAction":[{"@type":"CommentAction","name":"Comment","target":["https:\/\/catapa.be\/en\/world-water-day-we-must-defend-our-right-to-clean-drinking-water\/#respond"]}]},{"@type":"WebPage","@id":"https:\/\/catapa.be\/en\/world-water-day-we-must-defend-our-right-to-clean-drinking-water\/","url":"https:\/\/catapa.be\/en\/world-water-day-we-must-defend-our-right-to-clean-drinking-water\/","name":"World Water Day: we must defend our right to clean drinking water - CATAPA vzw","isPartOf":{"@id":"https:\/\/catapa.be\/en\/#website"},"primaryImageOfPage":{"@id":"https:\/\/catapa.be\/en\/world-water-day-we-must-defend-our-right-to-clean-drinking-water\/#primaryimage"},"image":{"@id":"https:\/\/catapa.be\/en\/world-water-day-we-must-defend-our-right-to-clean-drinking-water\/#primaryimage"},"thumbnailUrl":"https:\/\/i0.wp.com\/catapa.be\/wp-content\/uploads\/2023\/03\/img6-e1679484475962.jpg?fit=1536%2C1495&ssl=1","datePublished":"2023-03-22T12:30:29+00:00","dateModified":"2023-07-12T15:06:47+00:00","description":"Every year, since 1993, World Water Day is celebrated to raise awareness about the global crisis of access to water, and to take action to defend our rights. According to the UN, more than two billion people are still without access to drinkable water.","breadcrumb":{"@id":"https:\/\/catapa.be\/en\/world-water-day-we-must-defend-our-right-to-clean-drinking-water\/#breadcrumb"},"inLanguage":"en-US","potentialAction":[{"@type":"ReadAction","target":["https:\/\/catapa.be\/en\/world-water-day-we-must-defend-our-right-to-clean-drinking-water\/"]}]},{"@type":"ImageObject","inLanguage":"en-US","@id":"https:\/\/catapa.be\/en\/world-water-day-we-must-defend-our-right-to-clean-drinking-water\/#primaryimage","url":"https:\/\/i0.wp.com\/catapa.be\/wp-content\/uploads\/2023\/03\/img6-e1679484475962.jpg?fit=1536%2C1495&ssl=1","contentUrl":"https:\/\/i0.wp.com\/catapa.be\/wp-content\/uploads\/2023\/03\/img6-e1679484475962.jpg?fit=1536%2C1495&ssl=1","width":1536,"height":1495},{"@type":"BreadcrumbList","@id":"https:\/\/catapa.be\/en\/world-water-day-we-must-defend-our-right-to-clean-drinking-water\/#breadcrumb","itemListElement":[{"@type":"ListItem","position":1,"name":"Home","item":"https:\/\/catapa.be\/en\/"},{"@type":"ListItem","position":2,"name":"World Water Day: we must defend our right to clean drinking water"}]},{"@type":"WebSite","@id":"https:\/\/catapa.be\/en\/#website","url":"https:\/\/catapa.be\/en\/","name":"CATAPA vzw","description":"Comit\u00e9 Acad\u00e9mico T\u00e9cnico de Asesoramiento a Problemas Ambientales","publisher":{"@id":"https:\/\/catapa.be\/en\/#organization"},"potentialAction":[{"@type":"SearchAction","target":{"@type":"EntryPoint","urlTemplate":"https:\/\/catapa.be\/en\/?s={search_term_string}"},"query-input":{"@type":"PropertyValueSpecification","valueRequired":true,"valueName":"search_term_string"}}],"inLanguage":"en-US"},{"@type":"Organization","@id":"https:\/\/catapa.be\/en\/#organization","name":"CATAPA vzw","url":"https:\/\/catapa.be\/en\/","logo":{"@type":"ImageObject","inLanguage":"en-US","@id":"https:\/\/catapa.be\/en\/#\/schema\/logo\/image\/","url":"https:\/\/i0.wp.com\/catapa.be\/wp-content\/uploads\/2019\/02\/NEW20LOGO20SHORT20PNG1.png?fit=1259%2C1321&ssl=1","contentUrl":"https:\/\/i0.wp.com\/catapa.be\/wp-content\/uploads\/2019\/02\/NEW20LOGO20SHORT20PNG1.png?fit=1259%2C1321&ssl=1","width":1259,"height":1321,"caption":"CATAPA vzw"},"image":{"@id":"https:\/\/catapa.be\/en\/#\/schema\/logo\/image\/"},"sameAs":["https:\/\/www.facebook.com\/catapa.belgium\/","https:\/\/x.com\/CATAPA_Belgica","https:\/\/www.instagram.com\/catapa_vzw\/","https:\/\/be.linkedin.com\/company\/catapavzw","https:\/\/www.youtube.com\/channel\/UCE52-Fiyv-Fpqf2gi1qhf1g"]},{"@type":"Person","@id":"https:\/\/catapa.be\/en\/#\/schema\/person\/81ff50de69eb668647494aa998bd4431","name":"Estefan\u00eda","url":"https:\/\/catapa.be\/en\/author\/estefania-moreno\/"}]}},"jetpack_publicize_connections":[],"jetpack_featured_media_url":"https:\/\/i0.wp.com\/catapa.be\/wp-content\/uploads\/2023\/03\/img6-e1679484475962.jpg?fit=1536%2C1495&ssl=1","jetpack_sharing_enabled":true,"jetpack_likes_enabled":true,"jetpack-related-posts":[{"id":34074,"url":"https:\/\/catapa.be\/en\/mining-project-colpayoc-gold-or-water-the-last-access-to-clean-drinking-water-in-cajamarca\/","url_meta":{"origin":33259,"position":0},"title":"Mining project Colpayoc: Gold or water? The last access to clean drinking water in Cajamarca","author":"Estefan\u00eda","date":"06\/09\/2023","format":false,"excerpt":"Friday 7th May, in the central Plaza de Armas, Cajamarca, communities and social organizations, including the Frente de Defensa Ambiental de Colpayoc, convened a press conference denouncing and rejecting the gold mining project Colpayoc, owned by the Canadian mining company Estrella Gold S.A.C that is being pushed forward in the\u2026","rel":"","context":"In &quot;Peru&quot;","block_context":{"text":"Peru","link":"https:\/\/catapa.be\/en\/category\/partnerlanden\/peru\/"},"img":{"alt_text":"\u201cChetillanos rechazan proyecto minero\u201d. Copyright: CONACIPE","src":"https:\/\/i0.wp.com\/catapa.be\/wp-content\/uploads\/2023\/08\/1.png?fit=720%2C405&ssl=1&resize=350%2C200","width":350,"height":200,"srcset":"https:\/\/i0.wp.com\/catapa.be\/wp-content\/uploads\/2023\/08\/1.png?fit=720%2C405&ssl=1&resize=350%2C200 1x, https:\/\/i0.wp.com\/catapa.be\/wp-content\/uploads\/2023\/08\/1.png?fit=720%2C405&ssl=1&resize=525%2C300 1.5x, https:\/\/i0.wp.com\/catapa.be\/wp-content\/uploads\/2023\/08\/1.png?fit=720%2C405&ssl=1&resize=700%2C400 2x"},"classes":[]},{"id":33344,"url":"https:\/\/catapa.be\/en\/national-meeting-of-community-environmental-watchers-and-monitors\/","url_meta":{"origin":33259,"position":1},"title":"IV National Meeting of Community Environmental Community Environmental Monitors and Watchmen of Peru","author":"Estefan\u00eda","date":"06\/04\/2023","format":false,"excerpt":"Last week, 22nd - 24th March, several Environmental Vigilance Committees of GRUFIDES participated in 'The IV National Meeting of Community Environmental Watchers and Monitors' in Ayacucho alongside committees from the regions of La Libertad, Pasco, Jun\u00edn, Ayacucho, Chosica -Lima, Apur\u00edmac, Cusco, Moquegua y Puno. The aim was to strengthen our\u2026","rel":"","context":"In &quot;GECOs on the road&quot;","block_context":{"text":"GECOs on the road","link":"https:\/\/catapa.be\/en\/category\/catapa-in-de-kijker\/gecos-on-the-road\/"},"img":{"alt_text":"","src":"https:\/\/i0.wp.com\/catapa.be\/wp-content\/uploads\/2023\/04\/image-000.jpg?fit=1200%2C800&ssl=1&resize=350%2C200","width":350,"height":200,"srcset":"https:\/\/i0.wp.com\/catapa.be\/wp-content\/uploads\/2023\/04\/image-000.jpg?fit=1200%2C800&ssl=1&resize=350%2C200 1x, https:\/\/i0.wp.com\/catapa.be\/wp-content\/uploads\/2023\/04\/image-000.jpg?fit=1200%2C800&ssl=1&resize=525%2C300 1.5x, https:\/\/i0.wp.com\/catapa.be\/wp-content\/uploads\/2023\/04\/image-000.jpg?fit=1200%2C800&ssl=1&resize=700%2C400 2x, https:\/\/i0.wp.com\/catapa.be\/wp-content\/uploads\/2023\/04\/image-000.jpg?fit=1200%2C800&ssl=1&resize=1050%2C600 3x"},"classes":[]},{"id":34090,"url":"https:\/\/catapa.be\/nl\/goud-of-water-de-laatste-toegang-tot-schoon-drinkwater-in-cajamarca\/","url_meta":{"origin":33259,"position":2},"title":"Goud of water? De laatste toegang tot schoon drinkwater in cajamarca","author":"Estefan\u00eda","date":"06\/09\/2023","format":false,"excerpt":"Vrijdag 7 mei organiseerden gemeenschappen en maatschappelijke organisaties, waaronder het Frente de Defensa Ambiental de Colpayoc, in Cajamarca een persconferentie om het goudmijnproject Colpayoc van het Canadese mijnbouwbedrijf Estrella Gold S.A.C. in de provincie Chetilla aan de kaak te stellen en er zicht tegen te verzetten. Gemeenschapsleiders en milieuactivisten uit\u2026","rel":"","context":"In &quot;Peru&quot;","block_context":{"text":"Peru","link":"https:\/\/catapa.be\/nl\/category\/partnerlanden\/peru-nl\/"},"img":{"alt_text":"\u201cChetillanos rechazan proyecto minero\u201d. Copyright: CONACIPE\n","src":"https:\/\/i0.wp.com\/catapa.be\/wp-content\/uploads\/2023\/08\/1.png?fit=720%2C405&ssl=1&resize=350%2C200","width":350,"height":200,"srcset":"https:\/\/i0.wp.com\/catapa.be\/wp-content\/uploads\/2023\/08\/1.png?fit=720%2C405&ssl=1&resize=350%2C200 1x, https:\/\/i0.wp.com\/catapa.be\/wp-content\/uploads\/2023\/08\/1.png?fit=720%2C405&ssl=1&resize=525%2C300 1.5x, https:\/\/i0.wp.com\/catapa.be\/wp-content\/uploads\/2023\/08\/1.png?fit=720%2C405&ssl=1&resize=700%2C400 2x"},"classes":[]},{"id":19669,"url":"https:\/\/catapa.be\/en\/guardians-of-water\/","url_meta":{"origin":33259,"position":3},"title":"Guardians of Water","author":"Giacomo Perna","date":"17\/02\/2021","format":false,"excerpt":"[vc_row][vc_column][vc_column_text] Guardians of water In 1957 the American newspaper The New Yorker published a poem by British poet W. H. Auden, the end of which recited: \"Thousands have survived without love. Not one without water\u201d. Indeed, he was right. Despite attempts to raise awareness, today, a part of the world's\u2026","rel":"","context":"In &quot;Campaigns&quot;","block_context":{"text":"Campaigns","link":"https:\/\/catapa.be\/en\/category\/campaigns\/"},"img":{"alt_text":"","src":"https:\/\/i0.wp.com\/catapa.be\/wp-content\/uploads\/2021\/02\/Untitled-design-4.jpg?fit=1080%2C1080&ssl=1&resize=350%2C200","width":350,"height":200,"srcset":"https:\/\/i0.wp.com\/catapa.be\/wp-content\/uploads\/2021\/02\/Untitled-design-4.jpg?fit=1080%2C1080&ssl=1&resize=350%2C200 1x, https:\/\/i0.wp.com\/catapa.be\/wp-content\/uploads\/2021\/02\/Untitled-design-4.jpg?fit=1080%2C1080&ssl=1&resize=525%2C300 1.5x, https:\/\/i0.wp.com\/catapa.be\/wp-content\/uploads\/2021\/02\/Untitled-design-4.jpg?fit=1080%2C1080&ssl=1&resize=700%2C400 2x, https:\/\/i0.wp.com\/catapa.be\/wp-content\/uploads\/2021\/02\/Untitled-design-4.jpg?fit=1080%2C1080&ssl=1&resize=1050%2C600 3x"},"classes":[]},{"id":28614,"url":"https:\/\/catapa.be\/en\/speakers-tour-2022-overview\/","url_meta":{"origin":33259,"position":4},"title":"Speakers Tour 2022 Overview","author":"Laura Blanco","date":"28\/03\/2022","format":false,"excerpt":"[vc_row][vc_column][vc_column_text] SPEAKERS TOUR 2022 OVERVIEW The Speakers Tour was a big success! Thank you all so much for making this happen! What a wonderful edition.\u00a0This year, two environmental defenders, Mirtha and Rosas from Cajamarca, Per\u00fa, were invited by Catapa to raise awareness and to talk about their struggle. They shared\u2026","rel":"","context":"In &quot;Campaigns&quot;","block_context":{"text":"Campaigns","link":"https:\/\/catapa.be\/en\/category\/campaigns\/"},"img":{"alt_text":"","src":"https:\/\/i0.wp.com\/catapa.be\/wp-content\/uploads\/2022\/03\/1.png?fit=470%2C394&ssl=1&resize=350%2C200","width":350,"height":200},"classes":[]},{"id":33281,"url":"https:\/\/catapa.be\/nl\/wereldwaterdag-we-moeten-ons-recht-op-schoon-drinkwater-verdedigen\/","url_meta":{"origin":33259,"position":5},"title":"Wereldwaterdag: we moeten ons recht op schoon drinkwater verdedigen","author":"Estefan\u00eda","date":"22\/03\/2023","format":false,"excerpt":"Sinds 1993 wordt elk jaar Wereldwaterdag gevierd om mensen bewust te maken van de wereldwijde crisis in de toegang tot water, en om actie te ondernemen om onze rechten te verdedigen. \u00a0Volgens de VN hebben meer dan twee miljard mensen nog steeds geen toegang tot drinkbaar water. De situatie is\u2026","rel":"","context":"In &quot;GECOs on the road&quot;","block_context":{"text":"GECOs on the road","link":"https:\/\/catapa.be\/nl\/category\/catapa-in-de-kijker-nl\/gecos-on-the-road-nl\/"},"img":{"alt_text":"","src":"https:\/\/i0.wp.com\/catapa.be\/wp-content\/uploads\/2023\/03\/img6-e1679484475962.jpg?fit=900%2C1200&ssl=1&resize=350%2C200","width":350,"height":200,"srcset":"https:\/\/i0.wp.com\/catapa.be\/wp-content\/uploads\/2023\/03\/img6-e1679484475962.jpg?fit=900%2C1200&ssl=1&resize=350%2C200 1x, https:\/\/i0.wp.com\/catapa.be\/wp-content\/uploads\/2023\/03\/img6-e1679484475962.jpg?fit=900%2C1200&ssl=1&resize=525%2C300 1.5x, https:\/\/i0.wp.com\/catapa.be\/wp-content\/uploads\/2023\/03\/img6-e1679484475962.jpg?fit=900%2C1200&ssl=1&resize=700%2C400 2x"},"classes":[]}],"_links":{"self":[{"href":"https:\/\/catapa.be\/en\/wp-json\/wp\/v2\/posts\/33259","targetHints":{"allow":["GET"]}}],"collection":[{"href":"https:\/\/catapa.be\/en\/wp-json\/wp\/v2\/posts"}],"about":[{"href":"https:\/\/catapa.be\/en\/wp-json\/wp\/v2\/types\/post"}],"author":[{"embeddable":true,"href":"https:\/\/catapa.be\/en\/wp-json\/wp\/v2\/users\/67"}],"replies":[{"embeddable":true,"href":"https:\/\/catapa.be\/en\/wp-json\/wp\/v2\/comments?post=33259"}],"version-history":[{"count":14,"href":"https:\/\/catapa.be\/en\/wp-json\/wp\/v2\/posts\/33259\/revisions"}],"predecessor-version":[{"id":33285,"href":"https:\/\/catapa.be\/en\/wp-json\/wp\/v2\/posts\/33259\/revisions\/33285"}],"wp:featuredmedia":[{"embeddable":true,"href":"https:\/\/catapa.be\/en\/wp-json\/wp\/v2\/media\/33264"}],"wp:attachment":[{"href":"https:\/\/catapa.be\/en\/wp-json\/wp\/v2\/media?parent=33259"}],"wp:term":[{"taxonomy":"category","embeddable":true,"href":"https:\/\/catapa.be\/en\/wp-json\/wp\/v2\/categories?post=33259"},{"taxonomy":"post_tag","embeddable":true,"href":"https:\/\/catapa.be\/en\/wp-json\/wp\/v2\/tags?post=33259"}],"curies":[{"name":"wp","href":"https:\/\/api.w.org\/{rel}","templated":true}]}}