{"id":33344,"date":"2023-04-06T18:27:29","date_gmt":"2023-04-06T16:27:29","guid":{"rendered":"https:\/\/catapa.be\/?p=33344"},"modified":"2023-07-12T17:06:47","modified_gmt":"2023-07-12T15:06:47","slug":"national-meeting-of-community-environmental-watchers-and-monitors","status":"publish","type":"post","link":"https:\/\/catapa.be\/en\/national-meeting-of-community-environmental-watchers-and-monitors\/","title":{"rendered":"IV National Meeting of Community Environmental Community Environmental Monitors and Watchmen of Peru"},"content":{"rendered":"<p><span style=\"font-weight: 400;\">Last week, 22nd &#8211; 24th March, several Environmental Vigilance Committees of GRUFIDES participated in &#8216;The IV National Meeting of Community Environmental Watchers and Monitors&#8217; in Ayacucho alongside committees from the regions of <\/span><span style=\"font-weight: 400;\">La Libertad, Pasco, Jun\u00edn, Ayacucho, Chosica -Lima, Apur\u00edmac, Cusco, Moquegua y Puno.<\/span><\/p>\n<p><span style=\"font-weight: 400;\">The aim was to strengthen our capacities and share experiences of water monitoring in areas affected by mining projects. The delegation of Cajamarca was the largest present at the meeting by some distance.<\/span><\/p>\n<p><span style=\"font-weight: 400;\">On World Water Day, we visited the community of Santa Fe, Cangallo province in the mountains of Ayacucho, at around 4,500m altitude. There, in a powerful display of hope and defiance in the face of the destructive impact of large scale mining on our communities, regions from across Peru made an offering to the lake and sang protest songs.<\/span><\/p>\n<p><img data-recalc-dims=\"1\" loading=\"lazy\" decoding=\"async\" class=\"aligncenter wp-image-33350 size-large\" src=\"https:\/\/i0.wp.com\/catapa.be\/wp-content\/uploads\/2023\/04\/image-001.jpg?resize=640%2C427&#038;ssl=1\" alt=\"\" width=\"640\" height=\"427\" srcset=\"https:\/\/i0.wp.com\/catapa.be\/wp-content\/uploads\/2023\/04\/image-001.jpg?resize=1024%2C683&amp;ssl=1 1024w, https:\/\/i0.wp.com\/catapa.be\/wp-content\/uploads\/2023\/04\/image-001.jpg?resize=300%2C200&amp;ssl=1 300w, https:\/\/i0.wp.com\/catapa.be\/wp-content\/uploads\/2023\/04\/image-001.jpg?resize=768%2C512&amp;ssl=1 768w, https:\/\/i0.wp.com\/catapa.be\/wp-content\/uploads\/2023\/04\/image-001.jpg?resize=1536%2C1024&amp;ssl=1 1536w, https:\/\/i0.wp.com\/catapa.be\/wp-content\/uploads\/2023\/04\/image-001.jpg?w=2048&amp;ssl=1 2048w, https:\/\/i0.wp.com\/catapa.be\/wp-content\/uploads\/2023\/04\/image-001.jpg?w=1280&amp;ssl=1 1280w, https:\/\/i0.wp.com\/catapa.be\/wp-content\/uploads\/2023\/04\/image-001.jpg?w=1920&amp;ssl=1 1920w\" sizes=\"auto, (max-width: 640px) 100vw, 640px\" \/><\/p>\n<p><i><span style=\"font-weight: 400;\">River that runs alongside the community of Sante Fe, in which the committees from various regions conducted several tests to monitor the quality of the water. Photo Copyright: CATAPA<\/span><\/i><\/p>\n<p><span style=\"font-weight: 400;\">Afterwards, we practiced different methodologies of water monitoring along a stretch of the river that flows alongside the community of Santa Fe.<\/span><\/p>\n<p><span style=\"font-weight: 400;\">Although the results indicated that the river is clean and suitable for consumption, <\/span><b>during the meeting it was revealed that the entire area Sante Fe is <\/b><a href=\"https:\/\/elperuano.pe\/GespoBoletinFiles\/2023\/01\/30\/2146648_1.pdf\"><b>concessioned to the mining company BHP<\/b><\/a><b>, without the knowledge of the local community. <\/b><span style=\"font-weight: 400;\">According to CooperAction, <\/span><a href=\"https:\/\/cooperaccion.org.pe\/wp-content\/uploads\/2022\/10\/05-MAPA-DE-CONCESIONES-MINERAS-DEL-DEPARTAMENTO-DE-AYACUCHO_Mayo-2022.pdf\"><span style=\"font-weight: 400;\">27.8% of the entire region of Ayacucho is concessioned to mining companies,<\/span><\/a><span style=\"font-weight: 400;\"> including at least <\/span><a href=\"https:\/\/cooperaccion.org.pe\/wp-content\/uploads\/2017\/05\/CANGALLO_NOV16.pdf\"><span style=\"font-weight: 400;\">16% of the province of Cangallo<\/span><\/a><span style=\"font-weight: 400;\">, in which Santa Fe is located.<\/span><\/p>\n<p><img data-recalc-dims=\"1\" loading=\"lazy\" decoding=\"async\" class=\"aligncenter wp-image-33353 size-full\" src=\"https:\/\/i0.wp.com\/catapa.be\/wp-content\/uploads\/2023\/04\/image-002.jpg?resize=640%2C452&#038;ssl=1\" alt=\"\" width=\"640\" height=\"452\" srcset=\"https:\/\/i0.wp.com\/catapa.be\/wp-content\/uploads\/2023\/04\/image-002.jpg?w=920&amp;ssl=1 920w, https:\/\/i0.wp.com\/catapa.be\/wp-content\/uploads\/2023\/04\/image-002.jpg?resize=300%2C212&amp;ssl=1 300w, https:\/\/i0.wp.com\/catapa.be\/wp-content\/uploads\/2023\/04\/image-002.jpg?resize=768%2C543&amp;ssl=1 768w\" sizes=\"auto, (max-width: 640px) 100vw, 640px\" \/><\/p>\n<p><i><span style=\"font-weight: 400;\">Map of mining concessions, region of Ayacucho, 2022<\/span><\/i><span style=\"font-weight: 400;\">. Photo Copyright: CooperAction, 2022.<\/span><\/p>\n<p><span style=\"font-weight: 400;\">During the following days, we planned actions for the upcoming year and discussed measures to escalate and strengthen our movement on the national and regional level of Cajamarca to say <\/span><b>Yes to Water and No to Mining.<\/b><\/p>\n<p><span style=\"font-weight: 400;\">The current political crisis was also discussed, particularly in relation to mining. According to Jaime Borda of Red Muqui, the first 100 days of Dina Boluarte has seen a reactivation of the mining industry, with the looming threat that abandoned mining projects such as <\/span><a href=\"https:\/\/www.mining.com\/community-opposition-forces-newmont-abandon-conga-project-peru\/\"><span style=\"font-weight: 400;\">Conga<\/span><\/a><span style=\"font-weight: 400;\"> could be reactivated.\u00a0<\/span><\/p>\n<p><span style=\"font-weight: 400;\">In the face of this, representatives present at the meeting released a joint statement with several demands, including a denunciation of the assassination of 49 protestors\u00a0 committed by the police and armed forces, recognition by law of the work of water monitoring committees, the resignation of Dina Boluarte, the convening of new elections and the initiation of the process for a new constitution with the active participation of indigenous peoples and social organisations. You can read the full declaration <\/span><a href=\"https:\/\/docs.google.com\/document\/d\/149Tv0dOgWZbEL392c-TPcUsrxJgeKSqh1oX_rI_ObUM\/edit?usp=sharing\"><span style=\"font-weight: 400;\">here.<\/span><\/a><\/p>\n<p><span style=\"font-weight: 400;\">Step by step, via initiatives such as the water monitoring committees, we as communities impacted by mining are learning more about our rivers, and how to care for and protect them.\u00a0<\/span><\/p>\n<p><span style=\"font-weight: 400;\">We are water defenders, guardians of the gift which gives us life. State institutions must respect and recognise this, and work with us to protect our water resources for the generations to come.\u00a0<\/span><\/p>\n<p><span style=\"font-weight: 400;\">Written by Connor Cashell, CATAPA Global Engagement Officer Peru and volunteer for GRUFIDES.<\/span><\/p>\n<p><span style=\"font-weight: 400;\">Bibliography:\u00a0<\/span><\/p>\n<ul>\n<li><span style=\"font-weight: 400;\">CooperAcci\u00f3n (2022) <\/span><i><span style=\"font-weight: 400;\">Ayacucho &#8211; Mayo 2022<\/span><\/i><span style=\"font-weight: 400;\">. Available at: <\/span><a href=\"https:\/\/cooperaccion.org.pe\/mapas\/ayacucho-mayo-2022\/\"><span style=\"font-weight: 400;\">https:\/\/cooperaccion.org.pe\/mapas\/ayacucho-mayo-2022\/<\/span><\/a><span style=\"font-weight: 400;\"> [Accessed 28 March 2023]\u00a0<\/span><\/li>\n<li><span style=\"font-weight: 400;\">CooperAcci\u00f3n (2016) <\/span><i><span style=\"font-weight: 400;\">Cangallo &#8211; Noviembre 2016. <\/span><\/i><span style=\"font-weight: 400;\">Available at: <\/span><a href=\"https:\/\/cooperaccion.org.pe\/mapas\/cangallo-noviembre-2016\/\"><span style=\"font-weight: 400;\">https:\/\/cooperaccion.org.pe\/mapas\/cangallo-noviembre-2016\/<\/span><\/a><span style=\"font-weight: 400;\"> [Accessed 28 March 2023]\u00a0<\/span><\/li>\n<li><span style=\"font-weight: 400;\">El Peruano (2023) \u2018SECTOR ENERG\u00cdA Y MINAS INSTITUTO GEOL\u00d3GICO MINERO Y METAL\u00daRGICO: PETITORIO DE CONCESI\u00d3N MINERA\u2019, <\/span><i><span style=\"font-weight: 400;\">El Peruano<\/span><\/i><span style=\"font-weight: 400;\">, 30 January. Available at: <\/span><a href=\"https:\/\/elperuano.pe\/GespoBoletinFiles\/2023\/01\/30\/2146648_1.pdf\"><span style=\"font-weight: 400;\">https:\/\/elperuano.pe\/GespoBoletinFiles\/2023\/01\/30\/2146648_1.pdf<\/span><\/a><span style=\"font-weight: 400;\"> [Accessed: 28 March 2023]<\/span><\/li>\n<li><span style=\"font-weight: 400;\">Jasmine, C. (2016) \u2018Community opposition forces Newmont to abandon Conga project in Peru\u2019,18th April, <\/span><i><span style=\"font-weight: 400;\">Minining.com.<\/span><\/i><span style=\"font-weight: 400;\"> Available at: <\/span><a href=\"https:\/\/www.mining.com\/community-opposition-forces-newmont-abandon-conga-project-peru\/\"><span style=\"font-weight: 400;\">https:\/\/www.mining.com\/community-opposition-forces-newmont-abandon-conga-project-peru\/<\/span><\/a><span style=\"font-weight: 400;\"> (Accessed: 28 March 2023).\u00a0<\/span><\/li>\n<\/ul>\n","protected":false},"excerpt":{"rendered":"<p>Last week, 22nd &#8211; 24th March, several Environmental Vigilance Committees of GRUFIDES participated in &#8216;The IV National Meeting of Community Environmental Watchers and Monitors&#8217; in Ayacucho alongside committees from the regions of La Libertad, Pasco,<br \/><a class=\"read-more\" href=\"https:\/\/catapa.be\/en\/national-meeting-of-community-environmental-watchers-and-monitors\/\">Read More<\/a><\/p>\n","protected":false},"author":67,"featured_media":33347,"comment_status":"open","ping_status":"open","sticky":false,"template":"","format":"standard","meta":{"_exactmetrics_skip_tracking":false,"_exactmetrics_sitenote_active":false,"_exactmetrics_sitenote_note":"","_exactmetrics_sitenote_category":0,"jetpack_post_was_ever_published":false,"_jetpack_newsletter_access":"","_jetpack_dont_email_post_to_subs":false,"_jetpack_newsletter_tier_id":0,"_jetpack_memberships_contains_paywalled_content":false,"_jetpack_memberships_contains_paid_content":false,"footnotes":"","jetpack_publicize_message":"","jetpack_publicize_feature_enabled":true,"jetpack_social_post_already_shared":true,"jetpack_social_options":{"image_generator_settings":{"template":"highway","default_image_id":0,"font":"","enabled":false},"version":2}},"categories":[514,470,489,1182],"tags":[788],"class_list":["post-33344","post","type-post","status-publish","format-standard","has-post-thumbnail","hentry","category-gecos-on-the-road","category-news","category-peru","category-right-to-say-no","tag-right-to-say-no"],"yoast_head":"<!-- This site is optimized with the Yoast SEO plugin v26.8 - https:\/\/yoast.com\/product\/yoast-seo-wordpress\/ -->\n<title>IV National Meeting of Community Environmental Community Environmental Monitors and Watchmen of Peru - CATAPA vzw<\/title>\n<meta name=\"robots\" content=\"index, follow, max-snippet:-1, max-image-preview:large, max-video-preview:-1\" \/>\n<link rel=\"canonical\" href=\"https:\/\/catapa.be\/en\/national-meeting-of-community-environmental-watchers-and-monitors\/\" \/>\n<meta property=\"og:locale\" content=\"en_US\" \/>\n<meta property=\"og:type\" content=\"article\" \/>\n<meta property=\"og:title\" content=\"IV National Meeting of Community Environmental Community Environmental Monitors and Watchmen of Peru - CATAPA vzw\" \/>\n<meta property=\"og:description\" content=\"Last week, 22nd &#8211; 24th March, several Environmental Vigilance Committees of GRUFIDES participated in &#8216;The IV National Meeting of Community Environmental Watchers and Monitors&#8217; in Ayacucho alongside committees from the regions of La Libertad, Pasco,Read More\" \/>\n<meta property=\"og:url\" content=\"https:\/\/catapa.be\/en\/national-meeting-of-community-environmental-watchers-and-monitors\/\" \/>\n<meta property=\"og:site_name\" content=\"CATAPA vzw\" \/>\n<meta property=\"article:publisher\" content=\"https:\/\/www.facebook.com\/catapa.belgium\/\" \/>\n<meta property=\"article:published_time\" content=\"2023-04-06T16:27:29+00:00\" \/>\n<meta property=\"article:modified_time\" content=\"2023-07-12T15:06:47+00:00\" \/>\n<meta property=\"og:image\" content=\"https:\/\/catapa.be\/wp-content\/uploads\/2023\/04\/image-000.jpg\" \/>\n\t<meta property=\"og:image:width\" content=\"1600\" \/>\n\t<meta property=\"og:image:height\" content=\"1066\" \/>\n\t<meta property=\"og:image:type\" content=\"image\/jpeg\" \/>\n<meta name=\"author\" content=\"Estefan\u00eda\" \/>\n<meta name=\"twitter:card\" content=\"summary_large_image\" \/>\n<meta name=\"twitter:creator\" content=\"@CATAPA_Belgica\" \/>\n<meta name=\"twitter:site\" content=\"@CATAPA_Belgica\" \/>\n<meta name=\"twitter:label1\" content=\"Written by\" \/>\n\t<meta name=\"twitter:data1\" content=\"Estefan\u00eda\" \/>\n\t<meta name=\"twitter:label2\" content=\"Est. reading time\" \/>\n\t<meta name=\"twitter:data2\" content=\"3 minutes\" \/>\n<script type=\"application\/ld+json\" class=\"yoast-schema-graph\">{\"@context\":\"https:\/\/schema.org\",\"@graph\":[{\"@type\":\"Article\",\"@id\":\"https:\/\/catapa.be\/en\/national-meeting-of-community-environmental-watchers-and-monitors\/#article\",\"isPartOf\":{\"@id\":\"https:\/\/catapa.be\/en\/national-meeting-of-community-environmental-watchers-and-monitors\/\"},\"author\":{\"name\":\"Estefan\u00eda\",\"@id\":\"https:\/\/catapa.be\/en\/#\/schema\/person\/81ff50de69eb668647494aa998bd4431\"},\"headline\":\"IV National Meeting of Community Environmental Community Environmental Monitors and Watchmen of Peru\",\"datePublished\":\"2023-04-06T16:27:29+00:00\",\"dateModified\":\"2023-07-12T15:06:47+00:00\",\"mainEntityOfPage\":{\"@id\":\"https:\/\/catapa.be\/en\/national-meeting-of-community-environmental-watchers-and-monitors\/\"},\"wordCount\":606,\"commentCount\":0,\"publisher\":{\"@id\":\"https:\/\/catapa.be\/en\/#organization\"},\"image\":{\"@id\":\"https:\/\/catapa.be\/en\/national-meeting-of-community-environmental-watchers-and-monitors\/#primaryimage\"},\"thumbnailUrl\":\"https:\/\/i0.wp.com\/catapa.be\/wp-content\/uploads\/2023\/04\/image-000.jpg?fit=1600%2C1066&ssl=1\",\"keywords\":[\"Right to Say No\"],\"articleSection\":[\"GECOs on the road\",\"News\",\"Peru\",\"Right To Say No\"],\"inLanguage\":\"en-US\",\"potentialAction\":[{\"@type\":\"CommentAction\",\"name\":\"Comment\",\"target\":[\"https:\/\/catapa.be\/en\/national-meeting-of-community-environmental-watchers-and-monitors\/#respond\"]}]},{\"@type\":\"WebPage\",\"@id\":\"https:\/\/catapa.be\/en\/national-meeting-of-community-environmental-watchers-and-monitors\/\",\"url\":\"https:\/\/catapa.be\/en\/national-meeting-of-community-environmental-watchers-and-monitors\/\",\"name\":\"IV National Meeting of Community Environmental Community Environmental Monitors and Watchmen of Peru - CATAPA vzw\",\"isPartOf\":{\"@id\":\"https:\/\/catapa.be\/en\/#website\"},\"primaryImageOfPage\":{\"@id\":\"https:\/\/catapa.be\/en\/national-meeting-of-community-environmental-watchers-and-monitors\/#primaryimage\"},\"image\":{\"@id\":\"https:\/\/catapa.be\/en\/national-meeting-of-community-environmental-watchers-and-monitors\/#primaryimage\"},\"thumbnailUrl\":\"https:\/\/i0.wp.com\/catapa.be\/wp-content\/uploads\/2023\/04\/image-000.jpg?fit=1600%2C1066&ssl=1\",\"datePublished\":\"2023-04-06T16:27:29+00:00\",\"dateModified\":\"2023-07-12T15:06:47+00:00\",\"breadcrumb\":{\"@id\":\"https:\/\/catapa.be\/en\/national-meeting-of-community-environmental-watchers-and-monitors\/#breadcrumb\"},\"inLanguage\":\"en-US\",\"potentialAction\":[{\"@type\":\"ReadAction\",\"target\":[\"https:\/\/catapa.be\/en\/national-meeting-of-community-environmental-watchers-and-monitors\/\"]}]},{\"@type\":\"ImageObject\",\"inLanguage\":\"en-US\",\"@id\":\"https:\/\/catapa.be\/en\/national-meeting-of-community-environmental-watchers-and-monitors\/#primaryimage\",\"url\":\"https:\/\/i0.wp.com\/catapa.be\/wp-content\/uploads\/2023\/04\/image-000.jpg?fit=1600%2C1066&ssl=1\",\"contentUrl\":\"https:\/\/i0.wp.com\/catapa.be\/wp-content\/uploads\/2023\/04\/image-000.jpg?fit=1600%2C1066&ssl=1\",\"width\":1600,\"height\":1066},{\"@type\":\"BreadcrumbList\",\"@id\":\"https:\/\/catapa.be\/en\/national-meeting-of-community-environmental-watchers-and-monitors\/#breadcrumb\",\"itemListElement\":[{\"@type\":\"ListItem\",\"position\":1,\"name\":\"Home\",\"item\":\"https:\/\/catapa.be\/en\/\"},{\"@type\":\"ListItem\",\"position\":2,\"name\":\"IV National Meeting of Community Environmental Community Environmental Monitors and Watchmen of Peru\"}]},{\"@type\":\"WebSite\",\"@id\":\"https:\/\/catapa.be\/en\/#website\",\"url\":\"https:\/\/catapa.be\/en\/\",\"name\":\"CATAPA vzw\",\"description\":\"Comit\u00e9 Acad\u00e9mico T\u00e9cnico de Asesoramiento a Problemas Ambientales\",\"publisher\":{\"@id\":\"https:\/\/catapa.be\/en\/#organization\"},\"potentialAction\":[{\"@type\":\"SearchAction\",\"target\":{\"@type\":\"EntryPoint\",\"urlTemplate\":\"https:\/\/catapa.be\/en\/?s={search_term_string}\"},\"query-input\":{\"@type\":\"PropertyValueSpecification\",\"valueRequired\":true,\"valueName\":\"search_term_string\"}}],\"inLanguage\":\"en-US\"},{\"@type\":\"Organization\",\"@id\":\"https:\/\/catapa.be\/en\/#organization\",\"name\":\"CATAPA vzw\",\"url\":\"https:\/\/catapa.be\/en\/\",\"logo\":{\"@type\":\"ImageObject\",\"inLanguage\":\"en-US\",\"@id\":\"https:\/\/catapa.be\/en\/#\/schema\/logo\/image\/\",\"url\":\"https:\/\/i0.wp.com\/catapa.be\/wp-content\/uploads\/2019\/02\/NEW20LOGO20SHORT20PNG1.png?fit=1259%2C1321&ssl=1\",\"contentUrl\":\"https:\/\/i0.wp.com\/catapa.be\/wp-content\/uploads\/2019\/02\/NEW20LOGO20SHORT20PNG1.png?fit=1259%2C1321&ssl=1\",\"width\":1259,\"height\":1321,\"caption\":\"CATAPA vzw\"},\"image\":{\"@id\":\"https:\/\/catapa.be\/en\/#\/schema\/logo\/image\/\"},\"sameAs\":[\"https:\/\/www.facebook.com\/catapa.belgium\/\",\"https:\/\/x.com\/CATAPA_Belgica\",\"https:\/\/www.instagram.com\/catapa_vzw\/\",\"https:\/\/be.linkedin.com\/company\/catapavzw\",\"https:\/\/www.youtube.com\/channel\/UCE52-Fiyv-Fpqf2gi1qhf1g\"]},{\"@type\":\"Person\",\"@id\":\"https:\/\/catapa.be\/en\/#\/schema\/person\/81ff50de69eb668647494aa998bd4431\",\"name\":\"Estefan\u00eda\",\"url\":\"https:\/\/catapa.be\/en\/author\/estefania-moreno\/\"}]}<\/script>\n<!-- \/ Yoast SEO plugin. -->","yoast_head_json":{"title":"IV National Meeting of Community Environmental Community Environmental Monitors and Watchmen of Peru - CATAPA vzw","robots":{"index":"index","follow":"follow","max-snippet":"max-snippet:-1","max-image-preview":"max-image-preview:large","max-video-preview":"max-video-preview:-1"},"canonical":"https:\/\/catapa.be\/en\/national-meeting-of-community-environmental-watchers-and-monitors\/","og_locale":"en_US","og_type":"article","og_title":"IV National Meeting of Community Environmental Community Environmental Monitors and Watchmen of Peru - CATAPA vzw","og_description":"Last week, 22nd &#8211; 24th March, several Environmental Vigilance Committees of GRUFIDES participated in &#8216;The IV National Meeting of Community Environmental Watchers and Monitors&#8217; in Ayacucho alongside committees from the regions of La Libertad, Pasco,Read More","og_url":"https:\/\/catapa.be\/en\/national-meeting-of-community-environmental-watchers-and-monitors\/","og_site_name":"CATAPA vzw","article_publisher":"https:\/\/www.facebook.com\/catapa.belgium\/","article_published_time":"2023-04-06T16:27:29+00:00","article_modified_time":"2023-07-12T15:06:47+00:00","og_image":[{"width":1600,"height":1066,"url":"https:\/\/catapa.be\/wp-content\/uploads\/2023\/04\/image-000.jpg","type":"image\/jpeg"}],"author":"Estefan\u00eda","twitter_card":"summary_large_image","twitter_creator":"@CATAPA_Belgica","twitter_site":"@CATAPA_Belgica","twitter_misc":{"Written by":"Estefan\u00eda","Est. reading time":"3 minutes"},"schema":{"@context":"https:\/\/schema.org","@graph":[{"@type":"Article","@id":"https:\/\/catapa.be\/en\/national-meeting-of-community-environmental-watchers-and-monitors\/#article","isPartOf":{"@id":"https:\/\/catapa.be\/en\/national-meeting-of-community-environmental-watchers-and-monitors\/"},"author":{"name":"Estefan\u00eda","@id":"https:\/\/catapa.be\/en\/#\/schema\/person\/81ff50de69eb668647494aa998bd4431"},"headline":"IV National Meeting of Community Environmental Community Environmental Monitors and Watchmen of Peru","datePublished":"2023-04-06T16:27:29+00:00","dateModified":"2023-07-12T15:06:47+00:00","mainEntityOfPage":{"@id":"https:\/\/catapa.be\/en\/national-meeting-of-community-environmental-watchers-and-monitors\/"},"wordCount":606,"commentCount":0,"publisher":{"@id":"https:\/\/catapa.be\/en\/#organization"},"image":{"@id":"https:\/\/catapa.be\/en\/national-meeting-of-community-environmental-watchers-and-monitors\/#primaryimage"},"thumbnailUrl":"https:\/\/i0.wp.com\/catapa.be\/wp-content\/uploads\/2023\/04\/image-000.jpg?fit=1600%2C1066&ssl=1","keywords":["Right to Say No"],"articleSection":["GECOs on the road","News","Peru","Right To Say No"],"inLanguage":"en-US","potentialAction":[{"@type":"CommentAction","name":"Comment","target":["https:\/\/catapa.be\/en\/national-meeting-of-community-environmental-watchers-and-monitors\/#respond"]}]},{"@type":"WebPage","@id":"https:\/\/catapa.be\/en\/national-meeting-of-community-environmental-watchers-and-monitors\/","url":"https:\/\/catapa.be\/en\/national-meeting-of-community-environmental-watchers-and-monitors\/","name":"IV National Meeting of Community Environmental Community Environmental Monitors and Watchmen of Peru - CATAPA vzw","isPartOf":{"@id":"https:\/\/catapa.be\/en\/#website"},"primaryImageOfPage":{"@id":"https:\/\/catapa.be\/en\/national-meeting-of-community-environmental-watchers-and-monitors\/#primaryimage"},"image":{"@id":"https:\/\/catapa.be\/en\/national-meeting-of-community-environmental-watchers-and-monitors\/#primaryimage"},"thumbnailUrl":"https:\/\/i0.wp.com\/catapa.be\/wp-content\/uploads\/2023\/04\/image-000.jpg?fit=1600%2C1066&ssl=1","datePublished":"2023-04-06T16:27:29+00:00","dateModified":"2023-07-12T15:06:47+00:00","breadcrumb":{"@id":"https:\/\/catapa.be\/en\/national-meeting-of-community-environmental-watchers-and-monitors\/#breadcrumb"},"inLanguage":"en-US","potentialAction":[{"@type":"ReadAction","target":["https:\/\/catapa.be\/en\/national-meeting-of-community-environmental-watchers-and-monitors\/"]}]},{"@type":"ImageObject","inLanguage":"en-US","@id":"https:\/\/catapa.be\/en\/national-meeting-of-community-environmental-watchers-and-monitors\/#primaryimage","url":"https:\/\/i0.wp.com\/catapa.be\/wp-content\/uploads\/2023\/04\/image-000.jpg?fit=1600%2C1066&ssl=1","contentUrl":"https:\/\/i0.wp.com\/catapa.be\/wp-content\/uploads\/2023\/04\/image-000.jpg?fit=1600%2C1066&ssl=1","width":1600,"height":1066},{"@type":"BreadcrumbList","@id":"https:\/\/catapa.be\/en\/national-meeting-of-community-environmental-watchers-and-monitors\/#breadcrumb","itemListElement":[{"@type":"ListItem","position":1,"name":"Home","item":"https:\/\/catapa.be\/en\/"},{"@type":"ListItem","position":2,"name":"IV National Meeting of Community Environmental Community Environmental Monitors and Watchmen of Peru"}]},{"@type":"WebSite","@id":"https:\/\/catapa.be\/en\/#website","url":"https:\/\/catapa.be\/en\/","name":"CATAPA vzw","description":"Comit\u00e9 Acad\u00e9mico T\u00e9cnico de Asesoramiento a Problemas Ambientales","publisher":{"@id":"https:\/\/catapa.be\/en\/#organization"},"potentialAction":[{"@type":"SearchAction","target":{"@type":"EntryPoint","urlTemplate":"https:\/\/catapa.be\/en\/?s={search_term_string}"},"query-input":{"@type":"PropertyValueSpecification","valueRequired":true,"valueName":"search_term_string"}}],"inLanguage":"en-US"},{"@type":"Organization","@id":"https:\/\/catapa.be\/en\/#organization","name":"CATAPA vzw","url":"https:\/\/catapa.be\/en\/","logo":{"@type":"ImageObject","inLanguage":"en-US","@id":"https:\/\/catapa.be\/en\/#\/schema\/logo\/image\/","url":"https:\/\/i0.wp.com\/catapa.be\/wp-content\/uploads\/2019\/02\/NEW20LOGO20SHORT20PNG1.png?fit=1259%2C1321&ssl=1","contentUrl":"https:\/\/i0.wp.com\/catapa.be\/wp-content\/uploads\/2019\/02\/NEW20LOGO20SHORT20PNG1.png?fit=1259%2C1321&ssl=1","width":1259,"height":1321,"caption":"CATAPA vzw"},"image":{"@id":"https:\/\/catapa.be\/en\/#\/schema\/logo\/image\/"},"sameAs":["https:\/\/www.facebook.com\/catapa.belgium\/","https:\/\/x.com\/CATAPA_Belgica","https:\/\/www.instagram.com\/catapa_vzw\/","https:\/\/be.linkedin.com\/company\/catapavzw","https:\/\/www.youtube.com\/channel\/UCE52-Fiyv-Fpqf2gi1qhf1g"]},{"@type":"Person","@id":"https:\/\/catapa.be\/en\/#\/schema\/person\/81ff50de69eb668647494aa998bd4431","name":"Estefan\u00eda","url":"https:\/\/catapa.be\/en\/author\/estefania-moreno\/"}]}},"jetpack_publicize_connections":[],"jetpack_featured_media_url":"https:\/\/i0.wp.com\/catapa.be\/wp-content\/uploads\/2023\/04\/image-000.jpg?fit=1600%2C1066&ssl=1","jetpack_sharing_enabled":true,"jetpack_likes_enabled":true,"jetpack-related-posts":[{"id":33368,"url":"https:\/\/catapa.be\/nl\/iv-nationale-bijeenkomst-van-communautaire-milieuwaarnemers-in-peru\/","url_meta":{"origin":33344,"position":0},"title":"IV Nationale Bijeenkomst van Communautaire Milieuwaarnemers in Peru","author":"Estefan\u00eda","date":"06\/04\/2023","format":false,"excerpt":"Vorige week, 22-24 maart, hebben verschillende milieubewakingscomit\u00e9s van GRUFIDES deelgenomen aan \"El IV Encuentro Nacional de Vigilantes y Monitores Ambientales Comunitarios\" in Ayacucho, samen met comit\u00e9s uit de regio's La Libertad, Pasco, Jun\u00edn, Ayacucho, Chosica-Lima, Apur\u00edmac, Cusco, Moquegua en Puno. Het doel was onze capaciteiten te versterken en ervaringen uit\u2026","rel":"","context":"In &quot;GECOs on the road&quot;","block_context":{"text":"GECOs on the road","link":"https:\/\/catapa.be\/nl\/category\/catapa-in-de-kijker-nl\/gecos-on-the-road-nl\/"},"img":{"alt_text":"","src":"https:\/\/i0.wp.com\/catapa.be\/wp-content\/uploads\/2023\/04\/image-000.jpg?fit=1200%2C800&ssl=1&resize=350%2C200","width":350,"height":200,"srcset":"https:\/\/i0.wp.com\/catapa.be\/wp-content\/uploads\/2023\/04\/image-000.jpg?fit=1200%2C800&ssl=1&resize=350%2C200 1x, https:\/\/i0.wp.com\/catapa.be\/wp-content\/uploads\/2023\/04\/image-000.jpg?fit=1200%2C800&ssl=1&resize=525%2C300 1.5x, https:\/\/i0.wp.com\/catapa.be\/wp-content\/uploads\/2023\/04\/image-000.jpg?fit=1200%2C800&ssl=1&resize=700%2C400 2x, https:\/\/i0.wp.com\/catapa.be\/wp-content\/uploads\/2023\/04\/image-000.jpg?fit=1200%2C800&ssl=1&resize=1050%2C600 3x"},"classes":[]},{"id":33362,"url":"https:\/\/catapa.be\/es\/iv-encuentro-nacional-de-vigilantes-y-monitores-ambientales-comunitarios-de-peru\/","url_meta":{"origin":33344,"position":1},"title":"IV Encuentro Nacional de Vigilantes y Monitores Ambientales Comunitarios de Per\u00fa","author":"Estefan\u00eda","date":"06\/04\/2023","format":false,"excerpt":"Durante los d\u00edas 22, 23 y 24 de marzo de 2023, varios Comit\u00e9s de Vigilancia Ambiental de GRUFIDES participaron en 'El IV Encuentro Nacional de Vigilantes y Monitores Ambientales' en Ayacucho junto a comit\u00e9s de las regiones de La Libertad, Pasco, Jun\u00edn, Ayacucho, Chosica -Lima, Apur\u00edmac, Cusco, Moquegua y Puno.\u2026","rel":"","context":"In &quot;GECOs on the road&quot;","block_context":{"text":"GECOs on the road","link":"https:\/\/catapa.be\/es\/category\/catapa-in-de-kijker-es\/gecos-on-the-road-es\/"},"img":{"alt_text":"","src":"https:\/\/i0.wp.com\/catapa.be\/wp-content\/uploads\/2023\/04\/image-000.jpg?fit=1200%2C800&ssl=1&resize=350%2C200","width":350,"height":200,"srcset":"https:\/\/i0.wp.com\/catapa.be\/wp-content\/uploads\/2023\/04\/image-000.jpg?fit=1200%2C800&ssl=1&resize=350%2C200 1x, https:\/\/i0.wp.com\/catapa.be\/wp-content\/uploads\/2023\/04\/image-000.jpg?fit=1200%2C800&ssl=1&resize=525%2C300 1.5x, https:\/\/i0.wp.com\/catapa.be\/wp-content\/uploads\/2023\/04\/image-000.jpg?fit=1200%2C800&ssl=1&resize=700%2C400 2x, https:\/\/i0.wp.com\/catapa.be\/wp-content\/uploads\/2023\/04\/image-000.jpg?fit=1200%2C800&ssl=1&resize=1050%2C600 3x"},"classes":[]},{"id":33259,"url":"https:\/\/catapa.be\/en\/world-water-day-we-must-defend-our-right-to-clean-drinking-water\/","url_meta":{"origin":33344,"position":2},"title":"World Water Day: we must defend our right to clean drinking water","author":"Estefan\u00eda","date":"22\/03\/2023","format":false,"excerpt":"Every year, since 1993, World Water Day is celebrated to raise awareness about the global crisis of access to water, and to take action to defend our rights. According to the UN, more than two billion people are still without access to drinkable water. There is a critical situation in\u2026","rel":"","context":"In &quot;GECOs on the road&quot;","block_context":{"text":"GECOs on the road","link":"https:\/\/catapa.be\/en\/category\/catapa-in-de-kijker\/gecos-on-the-road\/"},"img":{"alt_text":"","src":"https:\/\/i0.wp.com\/catapa.be\/wp-content\/uploads\/2023\/03\/img6-e1679484475962.jpg?fit=1200%2C1168&ssl=1&resize=350%2C200","width":350,"height":200,"srcset":"https:\/\/i0.wp.com\/catapa.be\/wp-content\/uploads\/2023\/03\/img6-e1679484475962.jpg?fit=1200%2C1168&ssl=1&resize=350%2C200 1x, https:\/\/i0.wp.com\/catapa.be\/wp-content\/uploads\/2023\/03\/img6-e1679484475962.jpg?fit=1200%2C1168&ssl=1&resize=525%2C300 1.5x, https:\/\/i0.wp.com\/catapa.be\/wp-content\/uploads\/2023\/03\/img6-e1679484475962.jpg?fit=1200%2C1168&ssl=1&resize=700%2C400 2x, https:\/\/i0.wp.com\/catapa.be\/wp-content\/uploads\/2023\/03\/img6-e1679484475962.jpg?fit=1200%2C1168&ssl=1&resize=1050%2C600 3x"},"classes":[]},{"id":19669,"url":"https:\/\/catapa.be\/en\/guardians-of-water\/","url_meta":{"origin":33344,"position":3},"title":"Guardians of Water","author":"Giacomo Perna","date":"17\/02\/2021","format":false,"excerpt":"[vc_row][vc_column][vc_column_text] Guardians of water In 1957 the American newspaper The New Yorker published a poem by British poet W. H. Auden, the end of which recited: \"Thousands have survived without love. Not one without water\u201d. Indeed, he was right. Despite attempts to raise awareness, today, a part of the world's\u2026","rel":"","context":"In &quot;Campaigns&quot;","block_context":{"text":"Campaigns","link":"https:\/\/catapa.be\/en\/category\/campaigns\/"},"img":{"alt_text":"","src":"https:\/\/i0.wp.com\/catapa.be\/wp-content\/uploads\/2021\/02\/Untitled-design-4.jpg?fit=1080%2C1080&ssl=1&resize=350%2C200","width":350,"height":200,"srcset":"https:\/\/i0.wp.com\/catapa.be\/wp-content\/uploads\/2021\/02\/Untitled-design-4.jpg?fit=1080%2C1080&ssl=1&resize=350%2C200 1x, https:\/\/i0.wp.com\/catapa.be\/wp-content\/uploads\/2021\/02\/Untitled-design-4.jpg?fit=1080%2C1080&ssl=1&resize=525%2C300 1.5x, https:\/\/i0.wp.com\/catapa.be\/wp-content\/uploads\/2021\/02\/Untitled-design-4.jpg?fit=1080%2C1080&ssl=1&resize=700%2C400 2x, https:\/\/i0.wp.com\/catapa.be\/wp-content\/uploads\/2021\/02\/Untitled-design-4.jpg?fit=1080%2C1080&ssl=1&resize=1050%2C600 3x"},"classes":[]},{"id":31029,"url":"https:\/\/catapa.be\/en\/vacancy-global-engagement-catapa-officer-geco-cajamarca-peru\/","url_meta":{"origin":33344,"position":4},"title":"VACANCY: Global Engagement CATAPA officer (GECO) Cajamarca, Peru","author":"Truike Geerts","date":"15\/07\/2022","format":false,"excerpt":"\u00a0 CATAPA is a social and environmental movement that uses a participatory and integrated approach to work towards a world without mining of metals and minerals and its negative impact on people and the environment. In Latin America, CATAPA supports local communities that are (potentially) affected by mining in their\u2026","rel":"","context":"In &quot;Vacancy&quot;","block_context":{"text":"Vacancy","link":"https:\/\/catapa.be\/en\/category\/vacancy\/"},"img":{"alt_text":"","src":"https:\/\/i0.wp.com\/catapa.be\/wp-content\/uploads\/2022\/07\/NEW-LOGO-GECO-02-PNG.png?fit=1200%2C1019&ssl=1&resize=350%2C200","width":350,"height":200,"srcset":"https:\/\/i0.wp.com\/catapa.be\/wp-content\/uploads\/2022\/07\/NEW-LOGO-GECO-02-PNG.png?fit=1200%2C1019&ssl=1&resize=350%2C200 1x, https:\/\/i0.wp.com\/catapa.be\/wp-content\/uploads\/2022\/07\/NEW-LOGO-GECO-02-PNG.png?fit=1200%2C1019&ssl=1&resize=525%2C300 1.5x, https:\/\/i0.wp.com\/catapa.be\/wp-content\/uploads\/2022\/07\/NEW-LOGO-GECO-02-PNG.png?fit=1200%2C1019&ssl=1&resize=700%2C400 2x, https:\/\/i0.wp.com\/catapa.be\/wp-content\/uploads\/2022\/07\/NEW-LOGO-GECO-02-PNG.png?fit=1200%2C1019&ssl=1&resize=1050%2C600 3x"},"classes":[]},{"id":19330,"url":"https:\/\/catapa.be\/en\/10-ways-catapa-took-on-the-mining-industry-in-2020\/","url_meta":{"origin":33344,"position":5},"title":"10 Ways CATAPA Took on the Mining Industry in 2020","author":"Harry Carter","date":"26\/01\/2021","format":false,"excerpt":"[vc_row][vc_column][vc_column_text] 10 Ways CATAPA Took on the Mining Industry in 2020 \u00a0 Its been a challenging year across the world with the Covid-19 pandemic not least for communities facing down mining projects trying to exploit the situation we now find ourselves in. Despite these new challenges here are 10 Ways\u2026","rel":"","context":"In &quot;Bolivia&quot;","block_context":{"text":"Bolivia","link":"https:\/\/catapa.be\/en\/category\/partnerlanden\/bolivia\/"},"img":{"alt_text":"","src":"https:\/\/i0.wp.com\/catapa.be\/wp-content\/uploads\/2021\/01\/Star-Watchers-4.png?fit=640%2C640&ssl=1&resize=350%2C200","width":350,"height":200,"srcset":"https:\/\/i0.wp.com\/catapa.be\/wp-content\/uploads\/2021\/01\/Star-Watchers-4.png?fit=640%2C640&ssl=1&resize=350%2C200 1x, https:\/\/i0.wp.com\/catapa.be\/wp-content\/uploads\/2021\/01\/Star-Watchers-4.png?fit=640%2C640&ssl=1&resize=525%2C300 1.5x"},"classes":[]}],"_links":{"self":[{"href":"https:\/\/catapa.be\/en\/wp-json\/wp\/v2\/posts\/33344","targetHints":{"allow":["GET"]}}],"collection":[{"href":"https:\/\/catapa.be\/en\/wp-json\/wp\/v2\/posts"}],"about":[{"href":"https:\/\/catapa.be\/en\/wp-json\/wp\/v2\/types\/post"}],"author":[{"embeddable":true,"href":"https:\/\/catapa.be\/en\/wp-json\/wp\/v2\/users\/67"}],"replies":[{"embeddable":true,"href":"https:\/\/catapa.be\/en\/wp-json\/wp\/v2\/comments?post=33344"}],"version-history":[{"count":6,"href":"https:\/\/catapa.be\/en\/wp-json\/wp\/v2\/posts\/33344\/revisions"}],"predecessor-version":[{"id":33371,"href":"https:\/\/catapa.be\/en\/wp-json\/wp\/v2\/posts\/33344\/revisions\/33371"}],"wp:featuredmedia":[{"embeddable":true,"href":"https:\/\/catapa.be\/en\/wp-json\/wp\/v2\/media\/33347"}],"wp:attachment":[{"href":"https:\/\/catapa.be\/en\/wp-json\/wp\/v2\/media?parent=33344"}],"wp:term":[{"taxonomy":"category","embeddable":true,"href":"https:\/\/catapa.be\/en\/wp-json\/wp\/v2\/categories?post=33344"},{"taxonomy":"post_tag","embeddable":true,"href":"https:\/\/catapa.be\/en\/wp-json\/wp\/v2\/tags?post=33344"}],"curies":[{"name":"wp","href":"https:\/\/api.w.org\/{rel}","templated":true}]}}