{"id":33871,"date":"2023-08-10T14:38:16","date_gmt":"2023-08-10T12:38:16","guid":{"rendered":"https:\/\/catapa.be\/?p=33871"},"modified":"2023-08-10T14:38:16","modified_gmt":"2023-08-10T12:38:16","slug":"help-us-make-the-right-to-say-no-andes-gathering-happen","status":"publish","type":"post","link":"https:\/\/catapa.be\/en\/help-us-make-the-right-to-say-no-andes-gathering-happen\/","title":{"rendered":"Help us make the Right To Say No Andes Gathering happen!"},"content":{"rendered":"<div class=\"wpb-content-wrapper\"><p>[vc_row css=&#8221;.vc_custom_1690897222359{margin-top: 0px !important;border-top-width: 0px !important;padding-top: 0px !important;}&#8221;][vc_column css=&#8221;.vc_custom_1690895384742{margin-top: 0px !important;border-top-width: 0px !important;padding-top: 0px !important;}&#8221;][vc_column_text]<span style=\"font-weight: 400;\">We are planning the<\/span><b> sixth edition of the partner<\/b> <b>exchange week of CATAPA in the fall of 2023 in the Choc\u00f3 Andino region (Ecuador). <\/b>From past editions we strongly believe in the added value and the importance of exchange and encounters for our partners. Gatherings like these are one of the essential ways for communities to develop ways to stop mining by 2030.<\/p>\n<p><span style=\"font-weight: 400;\">During the exchange week of 2023 we will focus on the <\/span><b>Right To Say No<\/b><span style=\"font-weight: 400;\"> in the Andes region.<\/span><\/p>\n<p>Thanks to the\u00a0<strong>shared knowledges and strategies on preventing mining projects<\/strong>\u00a0from entering, and on dealing with the impacts of the presence of mining companies on their lands. Participants leave with a\u00a0<strong>broader geopolitical view<\/strong>,\u00a0<strong>new ideas and possible actions<\/strong>\u00a0for their resistance as well as for their permanence in their region,\u00a0<strong>shared solidarity<\/strong>\u00a0for the anti-mining struggles in the Andes region and\u00a0<strong>renewed energy and inspiration<\/strong>\u00a0to continue their fight.<\/p>\n<p><strong>You can help us make this gathering happen.\u00a0<\/strong>[\/vc_column_text][vc_cta h2=&#8221;You can help us make this gathering happen&#8221; style=&#8221;custom&#8221; add_button=&#8221;bottom&#8221; btn_title=&#8221;Do you want more information on the gathering before you donate? Click here!&#8221; btn_color=&#8221;warning&#8221; btn_link=&#8221;url:https%3A%2F%2Fcatapa.be%2Fen%2F%3Fpage_id%3D33853|title:Right%20To%20Say%20No%20Gathering%20in%20the%20Andes%20Region&#8221; custom_background=&#8221;#fb7c04&#8243; custom_text=&#8221;#5d1e08&#8243;]To be able to cover the transport costs, the work of our hosting organisation and the accommodation and food, <b>funds are needed<\/b>. We are grateful for any financial support possible you could give us.<\/p>\n<p><strong>We welcome donations to the bank account BE49 9795 2861 7871 with subject\u00a0 \u2018RTSN GATHERING \u201823.<\/strong><\/p>\n<p>If you are donating in Belgium, donations from \u20ac 40 and higher are <strong>tax deductible<\/strong>.[\/vc_cta][\/vc_column][\/vc_row]<\/p>\n<\/div>","protected":false},"excerpt":{"rendered":"<p>[vc_row css=&#8221;.vc_custom_1690897222359{margin-top: 0px !important;border-top-width: 0px !important;padding-top: 0px !important;}&#8221;][vc_column css=&#8221;.vc_custom_1690895384742{margin-top: 0px !important;border-top-width: 0px !important;padding-top: 0px !important;}&#8221;][vc_column_text]We are planning the sixth edition of the partner exchange week of CATAPA in the fall of 2023 in the Choc\u00f3<br \/><a class=\"read-more\" href=\"https:\/\/catapa.be\/en\/help-us-make-the-right-to-say-no-andes-gathering-happen\/\">Read More<\/a><\/p>\n","protected":false},"author":68,"featured_media":33854,"comment_status":"open","ping_status":"open","sticky":false,"template":"","format":"standard","meta":{"_exactmetrics_skip_tracking":false,"_exactmetrics_sitenote_active":false,"_exactmetrics_sitenote_note":"","_exactmetrics_sitenote_category":0,"jetpack_post_was_ever_published":false,"_jetpack_newsletter_access":"","_jetpack_dont_email_post_to_subs":false,"_jetpack_newsletter_tier_id":0,"_jetpack_memberships_contains_paywalled_content":false,"_jetpack_memberships_contains_paid_content":false,"footnotes":"","jetpack_publicize_message":"","jetpack_publicize_feature_enabled":true,"jetpack_social_post_already_shared":true,"jetpack_social_options":{"image_generator_settings":{"template":"highway","default_image_id":0,"font":"","enabled":false},"version":2}},"categories":[1182],"tags":[788],"class_list":["post-33871","post","type-post","status-publish","format-standard","has-post-thumbnail","hentry","category-right-to-say-no","tag-right-to-say-no"],"yoast_head":"<!-- This site is optimized with the Yoast SEO plugin v26.8 - https:\/\/yoast.com\/product\/yoast-seo-wordpress\/ -->\n<title>Help us make the Right To Say No Andes Gathering happen! - CATAPA vzw<\/title>\n<meta name=\"robots\" content=\"index, follow, max-snippet:-1, max-image-preview:large, max-video-preview:-1\" \/>\n<link rel=\"canonical\" href=\"https:\/\/catapa.be\/en\/help-us-make-the-right-to-say-no-andes-gathering-happen\/\" \/>\n<meta property=\"og:locale\" content=\"en_US\" \/>\n<meta property=\"og:type\" content=\"article\" \/>\n<meta property=\"og:title\" content=\"Help us make the Right To Say No Andes Gathering happen! - CATAPA vzw\" \/>\n<meta property=\"og:description\" content=\"[vc_row css=&#8221;.vc_custom_1690897222359{margin-top: 0px !important;border-top-width: 0px !important;padding-top: 0px !important;}&#8221;][vc_column css=&#8221;.vc_custom_1690895384742{margin-top: 0px !important;border-top-width: 0px !important;padding-top: 0px !important;}&#8221;][vc_column_text]We are planning the sixth edition of the partner exchange week of CATAPA in the fall of 2023 in the Choc\u00f3Read More\" \/>\n<meta property=\"og:url\" content=\"https:\/\/catapa.be\/en\/help-us-make-the-right-to-say-no-andes-gathering-happen\/\" \/>\n<meta property=\"og:site_name\" content=\"CATAPA vzw\" \/>\n<meta property=\"article:publisher\" content=\"https:\/\/www.facebook.com\/catapa.belgium\/\" \/>\n<meta property=\"article:published_time\" content=\"2023-08-10T12:38:16+00:00\" \/>\n<meta property=\"og:image\" content=\"https:\/\/catapa.be\/wp-content\/uploads\/2023\/08\/RTSN-intercambio-CIED2019.jpg\" \/>\n\t<meta property=\"og:image:width\" content=\"1900\" \/>\n\t<meta property=\"og:image:height\" content=\"600\" \/>\n\t<meta property=\"og:image:type\" content=\"image\/jpeg\" \/>\n<meta name=\"author\" content=\"Simon Berlo\" \/>\n<meta name=\"twitter:card\" content=\"summary_large_image\" \/>\n<meta name=\"twitter:creator\" content=\"@CATAPA_Belgica\" \/>\n<meta name=\"twitter:site\" content=\"@CATAPA_Belgica\" \/>\n<meta name=\"twitter:label1\" content=\"Written by\" \/>\n\t<meta name=\"twitter:data1\" content=\"Simon Berlo\" \/>\n\t<meta name=\"twitter:label2\" content=\"Est. reading time\" \/>\n\t<meta name=\"twitter:data2\" content=\"2 minutes\" \/>\n<script type=\"application\/ld+json\" class=\"yoast-schema-graph\">{\"@context\":\"https:\/\/schema.org\",\"@graph\":[{\"@type\":\"Article\",\"@id\":\"https:\/\/catapa.be\/en\/help-us-make-the-right-to-say-no-andes-gathering-happen\/#article\",\"isPartOf\":{\"@id\":\"https:\/\/catapa.be\/en\/help-us-make-the-right-to-say-no-andes-gathering-happen\/\"},\"author\":{\"name\":\"Simon Berlo\",\"@id\":\"https:\/\/catapa.be\/en\/#\/schema\/person\/a943f7eaa0086e2552cb6279fec064be\"},\"headline\":\"Help us make the Right To Say No Andes Gathering happen!\",\"datePublished\":\"2023-08-10T12:38:16+00:00\",\"mainEntityOfPage\":{\"@id\":\"https:\/\/catapa.be\/en\/help-us-make-the-right-to-say-no-andes-gathering-happen\/\"},\"wordCount\":333,\"commentCount\":0,\"publisher\":{\"@id\":\"https:\/\/catapa.be\/en\/#organization\"},\"image\":{\"@id\":\"https:\/\/catapa.be\/en\/help-us-make-the-right-to-say-no-andes-gathering-happen\/#primaryimage\"},\"thumbnailUrl\":\"https:\/\/i0.wp.com\/catapa.be\/wp-content\/uploads\/2023\/08\/RTSN-intercambio-CIED2019.jpg?fit=1900%2C600&ssl=1\",\"keywords\":[\"Right to Say No\"],\"articleSection\":[\"Right To Say No\"],\"inLanguage\":\"en-US\",\"potentialAction\":[{\"@type\":\"CommentAction\",\"name\":\"Comment\",\"target\":[\"https:\/\/catapa.be\/en\/help-us-make-the-right-to-say-no-andes-gathering-happen\/#respond\"]}]},{\"@type\":\"WebPage\",\"@id\":\"https:\/\/catapa.be\/en\/help-us-make-the-right-to-say-no-andes-gathering-happen\/\",\"url\":\"https:\/\/catapa.be\/en\/help-us-make-the-right-to-say-no-andes-gathering-happen\/\",\"name\":\"Help us make the Right To Say No Andes Gathering happen! - CATAPA vzw\",\"isPartOf\":{\"@id\":\"https:\/\/catapa.be\/en\/#website\"},\"primaryImageOfPage\":{\"@id\":\"https:\/\/catapa.be\/en\/help-us-make-the-right-to-say-no-andes-gathering-happen\/#primaryimage\"},\"image\":{\"@id\":\"https:\/\/catapa.be\/en\/help-us-make-the-right-to-say-no-andes-gathering-happen\/#primaryimage\"},\"thumbnailUrl\":\"https:\/\/i0.wp.com\/catapa.be\/wp-content\/uploads\/2023\/08\/RTSN-intercambio-CIED2019.jpg?fit=1900%2C600&ssl=1\",\"datePublished\":\"2023-08-10T12:38:16+00:00\",\"breadcrumb\":{\"@id\":\"https:\/\/catapa.be\/en\/help-us-make-the-right-to-say-no-andes-gathering-happen\/#breadcrumb\"},\"inLanguage\":\"en-US\",\"potentialAction\":[{\"@type\":\"ReadAction\",\"target\":[\"https:\/\/catapa.be\/en\/help-us-make-the-right-to-say-no-andes-gathering-happen\/\"]}]},{\"@type\":\"ImageObject\",\"inLanguage\":\"en-US\",\"@id\":\"https:\/\/catapa.be\/en\/help-us-make-the-right-to-say-no-andes-gathering-happen\/#primaryimage\",\"url\":\"https:\/\/i0.wp.com\/catapa.be\/wp-content\/uploads\/2023\/08\/RTSN-intercambio-CIED2019.jpg?fit=1900%2C600&ssl=1\",\"contentUrl\":\"https:\/\/i0.wp.com\/catapa.be\/wp-content\/uploads\/2023\/08\/RTSN-intercambio-CIED2019.jpg?fit=1900%2C600&ssl=1\",\"width\":1900,\"height\":600},{\"@type\":\"BreadcrumbList\",\"@id\":\"https:\/\/catapa.be\/en\/help-us-make-the-right-to-say-no-andes-gathering-happen\/#breadcrumb\",\"itemListElement\":[{\"@type\":\"ListItem\",\"position\":1,\"name\":\"Home\",\"item\":\"https:\/\/catapa.be\/en\/\"},{\"@type\":\"ListItem\",\"position\":2,\"name\":\"Help us make the Right To Say No Andes Gathering happen!\"}]},{\"@type\":\"WebSite\",\"@id\":\"https:\/\/catapa.be\/en\/#website\",\"url\":\"https:\/\/catapa.be\/en\/\",\"name\":\"CATAPA vzw\",\"description\":\"Comit\u00e9 Acad\u00e9mico T\u00e9cnico de Asesoramiento a Problemas Ambientales\",\"publisher\":{\"@id\":\"https:\/\/catapa.be\/en\/#organization\"},\"potentialAction\":[{\"@type\":\"SearchAction\",\"target\":{\"@type\":\"EntryPoint\",\"urlTemplate\":\"https:\/\/catapa.be\/en\/?s={search_term_string}\"},\"query-input\":{\"@type\":\"PropertyValueSpecification\",\"valueRequired\":true,\"valueName\":\"search_term_string\"}}],\"inLanguage\":\"en-US\"},{\"@type\":\"Organization\",\"@id\":\"https:\/\/catapa.be\/en\/#organization\",\"name\":\"CATAPA vzw\",\"url\":\"https:\/\/catapa.be\/en\/\",\"logo\":{\"@type\":\"ImageObject\",\"inLanguage\":\"en-US\",\"@id\":\"https:\/\/catapa.be\/en\/#\/schema\/logo\/image\/\",\"url\":\"https:\/\/i0.wp.com\/catapa.be\/wp-content\/uploads\/2019\/02\/NEW20LOGO20SHORT20PNG1.png?fit=1259%2C1321&ssl=1\",\"contentUrl\":\"https:\/\/i0.wp.com\/catapa.be\/wp-content\/uploads\/2019\/02\/NEW20LOGO20SHORT20PNG1.png?fit=1259%2C1321&ssl=1\",\"width\":1259,\"height\":1321,\"caption\":\"CATAPA vzw\"},\"image\":{\"@id\":\"https:\/\/catapa.be\/en\/#\/schema\/logo\/image\/\"},\"sameAs\":[\"https:\/\/www.facebook.com\/catapa.belgium\/\",\"https:\/\/x.com\/CATAPA_Belgica\",\"https:\/\/www.instagram.com\/catapa_vzw\/\",\"https:\/\/be.linkedin.com\/company\/catapavzw\",\"https:\/\/www.youtube.com\/channel\/UCE52-Fiyv-Fpqf2gi1qhf1g\"]},{\"@type\":\"Person\",\"@id\":\"https:\/\/catapa.be\/en\/#\/schema\/person\/a943f7eaa0086e2552cb6279fec064be\",\"name\":\"Simon Berlo\",\"url\":\"https:\/\/catapa.be\/en\/author\/simon\/\"}]}<\/script>\n<!-- \/ Yoast SEO plugin. -->","yoast_head_json":{"title":"Help us make the Right To Say No Andes Gathering happen! - CATAPA vzw","robots":{"index":"index","follow":"follow","max-snippet":"max-snippet:-1","max-image-preview":"max-image-preview:large","max-video-preview":"max-video-preview:-1"},"canonical":"https:\/\/catapa.be\/en\/help-us-make-the-right-to-say-no-andes-gathering-happen\/","og_locale":"en_US","og_type":"article","og_title":"Help us make the Right To Say No Andes Gathering happen! - CATAPA vzw","og_description":"[vc_row css=&#8221;.vc_custom_1690897222359{margin-top: 0px !important;border-top-width: 0px !important;padding-top: 0px !important;}&#8221;][vc_column css=&#8221;.vc_custom_1690895384742{margin-top: 0px !important;border-top-width: 0px !important;padding-top: 0px !important;}&#8221;][vc_column_text]We are planning the sixth edition of the partner exchange week of CATAPA in the fall of 2023 in the Choc\u00f3Read More","og_url":"https:\/\/catapa.be\/en\/help-us-make-the-right-to-say-no-andes-gathering-happen\/","og_site_name":"CATAPA vzw","article_publisher":"https:\/\/www.facebook.com\/catapa.belgium\/","article_published_time":"2023-08-10T12:38:16+00:00","og_image":[{"width":1900,"height":600,"url":"https:\/\/catapa.be\/wp-content\/uploads\/2023\/08\/RTSN-intercambio-CIED2019.jpg","type":"image\/jpeg"}],"author":"Simon Berlo","twitter_card":"summary_large_image","twitter_creator":"@CATAPA_Belgica","twitter_site":"@CATAPA_Belgica","twitter_misc":{"Written by":"Simon Berlo","Est. reading time":"2 minutes"},"schema":{"@context":"https:\/\/schema.org","@graph":[{"@type":"Article","@id":"https:\/\/catapa.be\/en\/help-us-make-the-right-to-say-no-andes-gathering-happen\/#article","isPartOf":{"@id":"https:\/\/catapa.be\/en\/help-us-make-the-right-to-say-no-andes-gathering-happen\/"},"author":{"name":"Simon Berlo","@id":"https:\/\/catapa.be\/en\/#\/schema\/person\/a943f7eaa0086e2552cb6279fec064be"},"headline":"Help us make the Right To Say No Andes Gathering happen!","datePublished":"2023-08-10T12:38:16+00:00","mainEntityOfPage":{"@id":"https:\/\/catapa.be\/en\/help-us-make-the-right-to-say-no-andes-gathering-happen\/"},"wordCount":333,"commentCount":0,"publisher":{"@id":"https:\/\/catapa.be\/en\/#organization"},"image":{"@id":"https:\/\/catapa.be\/en\/help-us-make-the-right-to-say-no-andes-gathering-happen\/#primaryimage"},"thumbnailUrl":"https:\/\/i0.wp.com\/catapa.be\/wp-content\/uploads\/2023\/08\/RTSN-intercambio-CIED2019.jpg?fit=1900%2C600&ssl=1","keywords":["Right to Say No"],"articleSection":["Right To Say No"],"inLanguage":"en-US","potentialAction":[{"@type":"CommentAction","name":"Comment","target":["https:\/\/catapa.be\/en\/help-us-make-the-right-to-say-no-andes-gathering-happen\/#respond"]}]},{"@type":"WebPage","@id":"https:\/\/catapa.be\/en\/help-us-make-the-right-to-say-no-andes-gathering-happen\/","url":"https:\/\/catapa.be\/en\/help-us-make-the-right-to-say-no-andes-gathering-happen\/","name":"Help us make the Right To Say No Andes Gathering happen! - CATAPA vzw","isPartOf":{"@id":"https:\/\/catapa.be\/en\/#website"},"primaryImageOfPage":{"@id":"https:\/\/catapa.be\/en\/help-us-make-the-right-to-say-no-andes-gathering-happen\/#primaryimage"},"image":{"@id":"https:\/\/catapa.be\/en\/help-us-make-the-right-to-say-no-andes-gathering-happen\/#primaryimage"},"thumbnailUrl":"https:\/\/i0.wp.com\/catapa.be\/wp-content\/uploads\/2023\/08\/RTSN-intercambio-CIED2019.jpg?fit=1900%2C600&ssl=1","datePublished":"2023-08-10T12:38:16+00:00","breadcrumb":{"@id":"https:\/\/catapa.be\/en\/help-us-make-the-right-to-say-no-andes-gathering-happen\/#breadcrumb"},"inLanguage":"en-US","potentialAction":[{"@type":"ReadAction","target":["https:\/\/catapa.be\/en\/help-us-make-the-right-to-say-no-andes-gathering-happen\/"]}]},{"@type":"ImageObject","inLanguage":"en-US","@id":"https:\/\/catapa.be\/en\/help-us-make-the-right-to-say-no-andes-gathering-happen\/#primaryimage","url":"https:\/\/i0.wp.com\/catapa.be\/wp-content\/uploads\/2023\/08\/RTSN-intercambio-CIED2019.jpg?fit=1900%2C600&ssl=1","contentUrl":"https:\/\/i0.wp.com\/catapa.be\/wp-content\/uploads\/2023\/08\/RTSN-intercambio-CIED2019.jpg?fit=1900%2C600&ssl=1","width":1900,"height":600},{"@type":"BreadcrumbList","@id":"https:\/\/catapa.be\/en\/help-us-make-the-right-to-say-no-andes-gathering-happen\/#breadcrumb","itemListElement":[{"@type":"ListItem","position":1,"name":"Home","item":"https:\/\/catapa.be\/en\/"},{"@type":"ListItem","position":2,"name":"Help us make the Right To Say No Andes Gathering happen!"}]},{"@type":"WebSite","@id":"https:\/\/catapa.be\/en\/#website","url":"https:\/\/catapa.be\/en\/","name":"CATAPA vzw","description":"Comit\u00e9 Acad\u00e9mico T\u00e9cnico de Asesoramiento a Problemas Ambientales","publisher":{"@id":"https:\/\/catapa.be\/en\/#organization"},"potentialAction":[{"@type":"SearchAction","target":{"@type":"EntryPoint","urlTemplate":"https:\/\/catapa.be\/en\/?s={search_term_string}"},"query-input":{"@type":"PropertyValueSpecification","valueRequired":true,"valueName":"search_term_string"}}],"inLanguage":"en-US"},{"@type":"Organization","@id":"https:\/\/catapa.be\/en\/#organization","name":"CATAPA vzw","url":"https:\/\/catapa.be\/en\/","logo":{"@type":"ImageObject","inLanguage":"en-US","@id":"https:\/\/catapa.be\/en\/#\/schema\/logo\/image\/","url":"https:\/\/i0.wp.com\/catapa.be\/wp-content\/uploads\/2019\/02\/NEW20LOGO20SHORT20PNG1.png?fit=1259%2C1321&ssl=1","contentUrl":"https:\/\/i0.wp.com\/catapa.be\/wp-content\/uploads\/2019\/02\/NEW20LOGO20SHORT20PNG1.png?fit=1259%2C1321&ssl=1","width":1259,"height":1321,"caption":"CATAPA vzw"},"image":{"@id":"https:\/\/catapa.be\/en\/#\/schema\/logo\/image\/"},"sameAs":["https:\/\/www.facebook.com\/catapa.belgium\/","https:\/\/x.com\/CATAPA_Belgica","https:\/\/www.instagram.com\/catapa_vzw\/","https:\/\/be.linkedin.com\/company\/catapavzw","https:\/\/www.youtube.com\/channel\/UCE52-Fiyv-Fpqf2gi1qhf1g"]},{"@type":"Person","@id":"https:\/\/catapa.be\/en\/#\/schema\/person\/a943f7eaa0086e2552cb6279fec064be","name":"Simon Berlo","url":"https:\/\/catapa.be\/en\/author\/simon\/"}]}},"jetpack_publicize_connections":[],"jetpack_featured_media_url":"https:\/\/i0.wp.com\/catapa.be\/wp-content\/uploads\/2023\/08\/RTSN-intercambio-CIED2019.jpg?fit=1900%2C600&ssl=1","jetpack_sharing_enabled":false,"jetpack_likes_enabled":true,"jetpack-related-posts":[{"id":35053,"url":"https:\/\/catapa.be\/en\/movement-weekend-throwback-the-encuentro-comes-to-belgium\/","url_meta":{"origin":33871,"position":0},"title":"Movement Weekend throwback: the Encuentro comes to Belgium!","author":"Teodora Patrascu","date":"14\/02\/2024","format":false,"excerpt":"[vc_row][vc_column][vc_column_text]November 2023 was a month filled with important events for CATAPA and its volunteers - from Klimaduro events, photo expos, Repair Cafes and info stands all over Flanders, our Stop #ExpresDefect campaign flourished within the Belgian borders, you can read more about it here! Nonetheless, its sister campaign, The Right\u2026","rel":"","context":"In &quot;Campaigns&quot;","block_context":{"text":"Campaigns","link":"https:\/\/catapa.be\/en\/category\/campaigns\/"},"img":{"alt_text":"","src":"https:\/\/i0.wp.com\/catapa.be\/wp-content\/uploads\/2024\/02\/RTSN-workshops.png?fit=1080%2C1080&ssl=1&resize=350%2C200","width":350,"height":200,"srcset":"https:\/\/i0.wp.com\/catapa.be\/wp-content\/uploads\/2024\/02\/RTSN-workshops.png?fit=1080%2C1080&ssl=1&resize=350%2C200 1x, https:\/\/i0.wp.com\/catapa.be\/wp-content\/uploads\/2024\/02\/RTSN-workshops.png?fit=1080%2C1080&ssl=1&resize=525%2C300 1.5x, https:\/\/i0.wp.com\/catapa.be\/wp-content\/uploads\/2024\/02\/RTSN-workshops.png?fit=1080%2C1080&ssl=1&resize=700%2C400 2x, https:\/\/i0.wp.com\/catapa.be\/wp-content\/uploads\/2024\/02\/RTSN-workshops.png?fit=1080%2C1080&ssl=1&resize=1050%2C600 3x"},"classes":[]},{"id":33333,"url":"https:\/\/catapa.be\/en\/right-to-say-no-from-ecuador-to-belgium\/","url_meta":{"origin":33871,"position":1},"title":"Right To Say No &#8211; From Ecuador to Belgium","author":"Estefan\u00eda","date":"17\/04\/2023","format":false,"excerpt":"[vc_row css=\".vc_custom_1681390284831{margin-top: 1px !important;margin-bottom: 1px !important;border-top-width: 1px !important;border-bottom-width: 1px !important;padding-top: 1px !important;padding-bottom: 1px !important;}\"][vc_column width=\"1\/2\" css=\".vc_custom_1681390575074{margin-bottom: 1px !important;border-bottom-width: 1px !important;padding-bottom: 1px !important;}\"][vc_gallery interval=\"3\" images=\"33474,33531,33483,33522,33525,33498,33462,33465,33471,33477,33480,33486,33489,33492,33501,33504,33510,33513,33516,33519,33528,33439,33435\" img_size=\"large\" onclick=\"\"][\/vc_column][vc_column width=\"1\/2\" css=\".vc_custom_1681390562725{margin-bottom: 1px !important;border-bottom-width: 1px !important;padding-bottom: 1px !important;}\"][vc_cta h2=\"\"]This year two activists and colleagues from Ecuador have participated in the Right To Say No.\u2026","rel":"","context":"In &quot;Campaigns&quot;","block_context":{"text":"Campaigns","link":"https:\/\/catapa.be\/en\/category\/campaigns\/"},"img":{"alt_text":"","src":"https:\/\/i0.wp.com\/catapa.be\/wp-content\/uploads\/2023\/04\/337522251_129217756777423_8700985832291443237_n.jpg?fit=1200%2C800&ssl=1&resize=350%2C200","width":350,"height":200,"srcset":"https:\/\/i0.wp.com\/catapa.be\/wp-content\/uploads\/2023\/04\/337522251_129217756777423_8700985832291443237_n.jpg?fit=1200%2C800&ssl=1&resize=350%2C200 1x, https:\/\/i0.wp.com\/catapa.be\/wp-content\/uploads\/2023\/04\/337522251_129217756777423_8700985832291443237_n.jpg?fit=1200%2C800&ssl=1&resize=525%2C300 1.5x, https:\/\/i0.wp.com\/catapa.be\/wp-content\/uploads\/2023\/04\/337522251_129217756777423_8700985832291443237_n.jpg?fit=1200%2C800&ssl=1&resize=700%2C400 2x, https:\/\/i0.wp.com\/catapa.be\/wp-content\/uploads\/2023\/04\/337522251_129217756777423_8700985832291443237_n.jpg?fit=1200%2C800&ssl=1&resize=1050%2C600 3x"},"classes":[]},{"id":11939,"url":"https:\/\/catapa.be\/en\/catapa-in-de-kijker\/","url_meta":{"origin":33871,"position":2},"title":"CATAPA in de kijker","author":"admin","date":"19\/09\/2019","format":false,"excerpt":"[vc_row][vc_column][vc_column_text]Dear Catapistas, After the summer break we are back on track, feeling more enthusiast than ever and looking forward to seeing what the upcoming year will bring. And this time it comes with some breaking news! Let me introduce you CATAPA in de kijker, the first edition of a series\u2026","rel":"","context":"In &quot;Catapa in the spotlight&quot;","block_context":{"text":"Catapa in the spotlight","link":"https:\/\/catapa.be\/en\/category\/catapa-in-de-kijker\/"},"img":{"alt_text":"","src":"https:\/\/i0.wp.com\/catapa.be\/wp-content\/uploads\/2019\/09\/in-de-kijker.png?fit=500%2C500&ssl=1&resize=350%2C200","width":350,"height":200},"classes":[]},{"id":34025,"url":"https:\/\/catapa.be\/en\/catapa-celebrates-the-popular-consultations-in-ecuador\/","url_meta":{"origin":33871,"position":3},"title":"CATAPA celebrates the popular consultations in Ecuador","author":"Simon Berlo","date":"25\/08\/2023","format":false,"excerpt":"[vc_row][vc_column][vc_column_text]We are delighted to share the emphatic victories of the popular referendums in Ecuador. Last weekend\u2019s consulta popular on the future of the Choc\u00f3 Andino and Yasun\u00ed turned out to be a seismic event. The effort of local communities and campaigners led to results that demonstrate a path forward for\u2026","rel":"","context":"In &quot;Right To Say No&quot;","block_context":{"text":"Right To Say No","link":"https:\/\/catapa.be\/en\/category\/right-to-say-no\/"},"img":{"alt_text":"campaign mural by Pamela Pinto","src":"https:\/\/i0.wp.com\/catapa.be\/wp-content\/uploads\/2023\/08\/QSM-Yasuni-consultas.jpg?fit=1200%2C720&ssl=1&resize=350%2C200","width":350,"height":200,"srcset":"https:\/\/i0.wp.com\/catapa.be\/wp-content\/uploads\/2023\/08\/QSM-Yasuni-consultas.jpg?fit=1200%2C720&ssl=1&resize=350%2C200 1x, https:\/\/i0.wp.com\/catapa.be\/wp-content\/uploads\/2023\/08\/QSM-Yasuni-consultas.jpg?fit=1200%2C720&ssl=1&resize=525%2C300 1.5x, https:\/\/i0.wp.com\/catapa.be\/wp-content\/uploads\/2023\/08\/QSM-Yasuni-consultas.jpg?fit=1200%2C720&ssl=1&resize=700%2C400 2x, https:\/\/i0.wp.com\/catapa.be\/wp-content\/uploads\/2023\/08\/QSM-Yasuni-consultas.jpg?fit=1200%2C720&ssl=1&resize=1050%2C600 3x"},"classes":[]},{"id":34584,"url":"https:\/\/catapa.be\/en\/update-the-threats-towards-don-wilders-family-continue\/","url_meta":{"origin":33871,"position":4},"title":"Update: the threats towards Don Wilder&#8217;s family continue&#8230;.","author":"Simon Berlo","date":"21\/12\/2023","format":false,"excerpt":"[vc_row][vc_column][vc_column_text]Earlier we shared the sad news that Johan Ferney Aguilar Gonz\u00e1lez was murdered on September 3rd. The day after, his father, don Wilder Antonio Aguilar Rodr\u00edguez, filed charges against the Canadian multinational Mirandagold for making threats directed at himself and his family. Wilder is the social leader of Vereda Santa\u2026","rel":"","context":"In &quot;Colombia&quot;","block_context":{"text":"Colombia","link":"https:\/\/catapa.be\/en\/category\/partnerlanden\/colombia\/"},"img":{"alt_text":"","src":"https:\/\/i0.wp.com\/catapa.be\/wp-content\/uploads\/2023\/12\/interview-Wilmer.png?fit=1200%2C613&ssl=1&resize=350%2C200","width":350,"height":200,"srcset":"https:\/\/i0.wp.com\/catapa.be\/wp-content\/uploads\/2023\/12\/interview-Wilmer.png?fit=1200%2C613&ssl=1&resize=350%2C200 1x, https:\/\/i0.wp.com\/catapa.be\/wp-content\/uploads\/2023\/12\/interview-Wilmer.png?fit=1200%2C613&ssl=1&resize=525%2C300 1.5x, https:\/\/i0.wp.com\/catapa.be\/wp-content\/uploads\/2023\/12\/interview-Wilmer.png?fit=1200%2C613&ssl=1&resize=700%2C400 2x, https:\/\/i0.wp.com\/catapa.be\/wp-content\/uploads\/2023\/12\/interview-Wilmer.png?fit=1200%2C613&ssl=1&resize=1050%2C600 3x"},"classes":[]},{"id":17925,"url":"https:\/\/catapa.be\/en\/who-is-killing-them\/","url_meta":{"origin":33871,"position":5},"title":"Who Is Killing Them","author":"Zlatka Dimitrova","date":"09\/11\/2020","format":false,"excerpt":"[vc_row][vc_column][vc_column_text] Environmental Defenders are Being Assassinated in Colombia \u00a0 We are activists of the organisation Catapa, which supports communities in Latin America in their resistance against extractivism. Our most important mission in Belgium is to raise awareness about the origin of nonrenewable resources (like metals), as well as the social\u2026","rel":"","context":"In &quot;Colombia&quot;","block_context":{"text":"Colombia","link":"https:\/\/catapa.be\/en\/category\/partnerlanden\/colombia\/"},"img":{"alt_text":"","src":"https:\/\/i0.wp.com\/catapa.be\/wp-content\/uploads\/2020\/11\/CIRCULO-NEGRO.png?fit=479%2C476&ssl=1&resize=350%2C200","width":350,"height":200},"classes":[]}],"_links":{"self":[{"href":"https:\/\/catapa.be\/en\/wp-json\/wp\/v2\/posts\/33871","targetHints":{"allow":["GET"]}}],"collection":[{"href":"https:\/\/catapa.be\/en\/wp-json\/wp\/v2\/posts"}],"about":[{"href":"https:\/\/catapa.be\/en\/wp-json\/wp\/v2\/types\/post"}],"author":[{"embeddable":true,"href":"https:\/\/catapa.be\/en\/wp-json\/wp\/v2\/users\/68"}],"replies":[{"embeddable":true,"href":"https:\/\/catapa.be\/en\/wp-json\/wp\/v2\/comments?post=33871"}],"version-history":[{"count":7,"href":"https:\/\/catapa.be\/en\/wp-json\/wp\/v2\/posts\/33871\/revisions"}],"predecessor-version":[{"id":33884,"href":"https:\/\/catapa.be\/en\/wp-json\/wp\/v2\/posts\/33871\/revisions\/33884"}],"wp:featuredmedia":[{"embeddable":true,"href":"https:\/\/catapa.be\/en\/wp-json\/wp\/v2\/media\/33854"}],"wp:attachment":[{"href":"https:\/\/catapa.be\/en\/wp-json\/wp\/v2\/media?parent=33871"}],"wp:term":[{"taxonomy":"category","embeddable":true,"href":"https:\/\/catapa.be\/en\/wp-json\/wp\/v2\/categories?post=33871"},{"taxonomy":"post_tag","embeddable":true,"href":"https:\/\/catapa.be\/en\/wp-json\/wp\/v2\/tags?post=33871"}],"curies":[{"name":"wp","href":"https:\/\/api.w.org\/{rel}","templated":true}]}}