{"id":33880,"date":"2023-08-07T16:22:00","date_gmt":"2023-08-07T14:22:00","guid":{"rendered":"https:\/\/catapa.be\/?p=33880"},"modified":"2023-08-10T10:34:56","modified_gmt":"2023-08-10T08:34:56","slug":"falan-the-village-in-colombia-where-the-colonial-era-keeps-on-recurring","status":"publish","type":"post","link":"https:\/\/catapa.be\/en\/falan-the-village-in-colombia-where-the-colonial-era-keeps-on-recurring\/","title":{"rendered":"Fal\u00e1n: the village in Colombia where the colonial era keeps on recurring"},"content":{"rendered":"<div class=\"wpb-content-wrapper\"><p>[vc_row][vc_column][vc_column_text]<em><img data-recalc-dims=\"1\" loading=\"lazy\" decoding=\"async\" class=\"alignleft size-large wp-image-33905\" src=\"https:\/\/i0.wp.com\/catapa.be\/wp-content\/uploads\/2023\/08\/WhatsApp-Image-2023-08-03-at-13.46.34.jpeg?resize=640%2C480&#038;ssl=1\" alt=\"\" width=\"640\" height=\"480\" srcset=\"https:\/\/i0.wp.com\/catapa.be\/wp-content\/uploads\/2023\/08\/WhatsApp-Image-2023-08-03-at-13.46.34.jpeg?resize=1024%2C768&amp;ssl=1 1024w, https:\/\/i0.wp.com\/catapa.be\/wp-content\/uploads\/2023\/08\/WhatsApp-Image-2023-08-03-at-13.46.34.jpeg?resize=300%2C225&amp;ssl=1 300w, https:\/\/i0.wp.com\/catapa.be\/wp-content\/uploads\/2023\/08\/WhatsApp-Image-2023-08-03-at-13.46.34.jpeg?resize=768%2C576&amp;ssl=1 768w, https:\/\/i0.wp.com\/catapa.be\/wp-content\/uploads\/2023\/08\/WhatsApp-Image-2023-08-03-at-13.46.34.jpeg?resize=1536%2C1152&amp;ssl=1 1536w, https:\/\/i0.wp.com\/catapa.be\/wp-content\/uploads\/2023\/08\/WhatsApp-Image-2023-08-03-at-13.46.34.jpeg?w=1600&amp;ssl=1 1600w, https:\/\/i0.wp.com\/catapa.be\/wp-content\/uploads\/2023\/08\/WhatsApp-Image-2023-08-03-at-13.46.34.jpeg?w=1280&amp;ssl=1 1280w\" sizes=\"auto, (max-width: 640px) 100vw, 640px\" \/>Losing the fight against mining would mean\u2026 displacement, death, it would be turning the mountains inside out. It would be the disappearance of the ancestral oral culture. It would put many people in a very bad scenario, people fighting for their survival, for where they live. It would be&#8230; to lose the Magdalena River, it would be to lose the Gual\u00ed River, it would be to lose endemic species \u2013 the frog, the orchid. People would be left with nothing. The people, the animals, the forest&#8230; It would be to lose&#8230; to lose&#8230; to lose it all. To lose it all.\u00a0<\/em>\u2013 Osiris Ocampo, Fal\u00e1n &#8211;<\/p>\n<p>&nbsp;<\/p>\n<p>It all started some 400 years ago, when the Spanish discovered valuable metals in the mountains of what is now Fal\u00e1n, a Colombian village of 8,000 inhabitants. They opened mines with the aim of exporting as much gold as possible to Europe. These mines were exploited by colonial rule for hundreds of years, after which they were still managed by the British from 1890-1920. The impact on the local community and ecology were what is commonly known of mining: pollution, social disruption and poverty. There is (sadly) more gold to be discovered in Fal\u00e1n&#8217;s territory. Three multinationals are hoping to start their projects soon. This time via open pit mining, a form of extraction with much more social and environmental impact than the previous underground mining projects by the Spanish and the British. But resistance is strong. If it were up to the environmentalists in Fal\u00e1n, these projects would not go ahead and the colonization of Fal\u00e1n would stop right now.<\/p>\n<p>&nbsp;<\/p>\n<h2>The Lost City &#8211; a memory of Spanish colonization<\/h2>\n<p>Anyone who has heard of the village of Fal\u00e1n, located in the north of Tolima province, Colombia, probably also knows their Ciudad Perdida, or the Lost City. This is the village&#8217;s main tourist attraction where you can discover a beautiful piece of nature by foot, ziplining or wall-climbing. Definitely worth a visit!<\/p>\n<p>But the place has a dark past. You can visit ruins of the Santa Ana gold and silver mines and the adjacent village, both of which saw the light of day during theSpanish colonization in the 17th century. The territory was previously populated by indigenous communities, who were driven out of their territories or employed in the mines after the arrival of the Spanish. The mines were the direct property of the king of Spain, who called for the implementation of the projects and received the mined gold and silver with open arms. In Fal\u00e1n, on the other hand, both the indigenous community and a beautiful piece of nature were wiped off the map. This was the start of a colonial period that continues today.<\/p>\n<p>The village of Santa Ana (now Fal\u00e1n) was founded, and inhabited by Spanish mining workers, and over many decades kilometers of tunnels were dug into the mountains in search of high concentrations of gold and silver.<\/p>\n<p>&nbsp;<\/p>\n<h2>Recession after English mines<\/h2>\n<p>After the war of independence, the concessions for the mines were given to British companies and operated again for decades, until the 1920s. At various sites in Fal\u00e1n and Fr\u00edas (a municipal district attached to Fal\u00e1n), old mines were reactivated and new ones opened. Miles of new tunnels were dug in the mountains to engage in underground mining.<\/p>\n<p>The inhabitants of Fal\u00e1n and Fr\u00edas do not keep fond memories of this period. The stories that come back include dead &#8216;quebradas&#8217;, which are gorges between two mountains through which a water source runs. Due to pollution and water consumption from British mines 100 years ago, animal life is barely detectable in those places today.<\/p>\n<p><img data-recalc-dims=\"1\" loading=\"lazy\" decoding=\"async\" class=\" wp-image-33893 aligncenter\" src=\"https:\/\/i0.wp.com\/catapa.be\/wp-content\/uploads\/2023\/08\/WhatsApp-Image-2023-08-03-at-13.44.22.jpeg?resize=577%2C588&#038;ssl=1\" alt=\"\" width=\"577\" height=\"588\" srcset=\"https:\/\/i0.wp.com\/catapa.be\/wp-content\/uploads\/2023\/08\/WhatsApp-Image-2023-08-03-at-13.44.22.jpeg?resize=1005%2C1024&amp;ssl=1 1005w, https:\/\/i0.wp.com\/catapa.be\/wp-content\/uploads\/2023\/08\/WhatsApp-Image-2023-08-03-at-13.44.22.jpeg?resize=294%2C300&amp;ssl=1 294w, https:\/\/i0.wp.com\/catapa.be\/wp-content\/uploads\/2023\/08\/WhatsApp-Image-2023-08-03-at-13.44.22.jpeg?resize=768%2C783&amp;ssl=1 768w, https:\/\/i0.wp.com\/catapa.be\/wp-content\/uploads\/2023\/08\/WhatsApp-Image-2023-08-03-at-13.44.22.jpeg?resize=1507%2C1536&amp;ssl=1 1507w, https:\/\/i0.wp.com\/catapa.be\/wp-content\/uploads\/2023\/08\/WhatsApp-Image-2023-08-03-at-13.44.22.jpeg?w=2009&amp;ssl=1 2009w, https:\/\/i0.wp.com\/catapa.be\/wp-content\/uploads\/2023\/08\/WhatsApp-Image-2023-08-03-at-13.44.22.jpeg?w=1280&amp;ssl=1 1280w, https:\/\/i0.wp.com\/catapa.be\/wp-content\/uploads\/2023\/08\/WhatsApp-Image-2023-08-03-at-13.44.22.jpeg?w=1920&amp;ssl=1 1920w\" sizes=\"auto, (max-width: 577px) 100vw, 577px\" \/><\/p>\n<p>Another story that recurs again and again is the story of economic recession and social problems as a result of mining. After the companies decided to stop mining for not being profitable enough, the entire village went through a difficult period. After 40 years of mining, the inhabitants had become very dependent on mining and therefore a sudden closure was accompanied by recession and social disruption. Temporary economic growth and job opportunities in the region were quickly exchanged for a long period of poverty and economic recovery. Those are the stories that still circulate in the village, where the vast majority of residents now depend again on agriculture. This is a slightly more stable form of income, but the region still suffers from a high poverty rate.<\/p>\n<p>Moreover, because of this strong agricultural history, the inhabitants of Fal\u00e1n and Fr\u00edas do not see themselves as miners &#8211; after all, the mines were always colonial and managed by occupiers. Just like the colonial period 400 years earlier, the exploitation of foreign mining companies brought a lot of problems to Fal\u00e1n. The mined gold was exported, while they left the impacts in Colombia. This shows striking similarities with the Spanish colonisation 400 years earlier.<\/p>\n<p>&nbsp;<\/p>\n<h2>A neoliberal course<\/h2>\n<p>More recently, Colombian economic policies and specifically changes in land-use policies are also indicative of the livelihoods and well-being of rural farmers today. Historically, the vast majority of Colombia&#8217;s population has been campesinos or farmers living off agriculture, cattle ranching, fishing, or artisanal mining, settled in remote and often hard-to-reach places in relatively autonomous communities. Since the 1950s, Colombian economic policy has focused on shaping the economy more &#8216;effectively&#8217; by driving peasant families off their land so that large industrial farms and (more recently) monocultures can take their place. The history of this economic policy is bloody. Many campesinos were driven out or killed so that their land would become available. In addition, this economic policy was one of the causes of the protracted civil war, and many campesinos were victims of the violence between the guerrillas and the state. Many were dispossessed of their land and their lives in the countryside.<\/p>\n<p>In the 1990s and 2000s, under pressure from international organisations such as the World Bank and the International Monetary Fund, Colombia&#8217;s economy (and mining sector) was neoliberalised. Companies were privatised, regulations weakened, and the sector opened up to the international free-market economy. As in the rest of South America, and many other &#8216;poor&#8217; or &#8216;underdeveloped&#8217; countries, extraction was henceforth done by multinational companies from &#8216;rich&#8217; countries. They pocket by far most of the profits, pay little tax to the Colombian state (which should lead to &#8216;development&#8217;), while the local population is merely left with the immense environmental, social and economic impact, with no say in their own future. International neoliberal policies, and consequently the arrival of multinational mining companies, is another chapter in the long history of imperialism that dispossessed peasants of their land, and destroyed their economic resources, health, peace, and lives.<\/p>\n<p>&nbsp;<\/p>\n<h2>Colonisation in the year 2023<\/h2>\n<p>The story is not over yet. Once again, there is interest from other countries in the territory. Three multinationals were granted permits to explore 36,000 hectares for precious metals. This time with the aim of starting open pit mining, a form of extraction that is many times more disruptive to the wider region than the underground tunnel mining that previously took place in Fal\u00e1n. This is because in this type of mining, as the name insinuates, the entire mountain, including the ecosystem, is transformed into a &#8216;pit&#8217; &#8211; a large dead hole where there used to be life. It also requires an enormous amount of water, uses a large amount of hazardous chemicals, and creates a lot of toxic waste.<\/p>\n<p style=\"text-align: center;\"><img data-recalc-dims=\"1\" loading=\"lazy\" decoding=\"async\" class=\"size-large wp-image-33896 aligncenter\" src=\"https:\/\/i0.wp.com\/catapa.be\/wp-content\/uploads\/2023\/08\/WhatsApp-Image-2023-08-03-at-13.43.21.jpeg?resize=640%2C426&#038;ssl=1\" alt=\"\" width=\"640\" height=\"426\" srcset=\"https:\/\/i0.wp.com\/catapa.be\/wp-content\/uploads\/2023\/08\/WhatsApp-Image-2023-08-03-at-13.43.21.jpeg?resize=1024%2C681&amp;ssl=1 1024w, https:\/\/i0.wp.com\/catapa.be\/wp-content\/uploads\/2023\/08\/WhatsApp-Image-2023-08-03-at-13.43.21.jpeg?resize=300%2C199&amp;ssl=1 300w, https:\/\/i0.wp.com\/catapa.be\/wp-content\/uploads\/2023\/08\/WhatsApp-Image-2023-08-03-at-13.43.21.jpeg?resize=768%2C511&amp;ssl=1 768w, https:\/\/i0.wp.com\/catapa.be\/wp-content\/uploads\/2023\/08\/WhatsApp-Image-2023-08-03-at-13.43.21.jpeg?w=1504&amp;ssl=1 1504w, https:\/\/i0.wp.com\/catapa.be\/wp-content\/uploads\/2023\/08\/WhatsApp-Image-2023-08-03-at-13.43.21.jpeg?w=1280&amp;ssl=1 1280w\" sizes=\"auto, (max-width: 640px) 100vw, 640px\" \/><em>Cerro de Pasco mine, Peru \u00a9Simon Lenskens<\/em><\/p>\n<p>Among the Fal\u00e1n residents there are justified concerns. Exploration alone raises concerns, as this involves drilling holes 200 metres deep into the ground in the wider area, affecting underground water flows and disrupting life on land. In L\u00edbano, a village some 25km southwest of Fal\u00e1n, many farmers were forced to leave after the opening of the mine led to water scarcity. For a community largely dependent on agriculture, water and healthy soil are recurring concerns. Proud farmers talk about how fertile the soil is in this region, and how much of a future there is for, for example, organic farming of cocoa, coffee, guanabana, ma\u00eds, yuca, avocado, &#8230; The list is endless. For many, being a farmer is not just a profession, but an identity and a way of life. What is threatened by mining exploration is not just their source of income, but the way of life they have built in and with their land. What is threatened is their home, and who they are.<\/p>\n<p>They also express concerns for biodiversity. The area of Fal\u00e1n contains special animal species that are only found in that region, including some bird species and also the &#8216;rana morada&#8217; or purple frog. The loss of these species, and so too any species that have not yet been discovered, is also a driver of protest. All these reasons come together. The concerns for water and healthy soil needed for their production, the development of an economic dependency, the disruption of biodiversity, and the destruction of their beautiful habitat are summed up in the words of Osiris Ocampo from Fal\u00e1n. &#8220;I think the main reason [for resistance] is love. The love for the territory&#8221;.<\/p>\n<p>&nbsp;<\/p>\n<h2>A divided people<\/h2>\n<p>However, not everyone in Fal\u00e1n is concerned. Small-scale agricultural practices do not earn a lot of money in Colombia, prices of fruits and vegetables are low while growing them involves hard work. Farmers are also highly taxed and receive no support from the government. These factors, together with the high poverty rate, makes many look forward to the new job opportunities that companies promise them.<\/p>\n<p>In vereda Cabandia (a vereda is a district within a municipality) for example environmentalists Damaris and Nicolas stand alone in their fight against the impending projects. They attribute their neighbours&#8217; support to successful bribery practices by the companies on the one hand, but also the low level of education and lack of access to information on the impact of mining. Their vereda is furthest away from the village center where the local school is located. Therefore, many children do not attend school and education levels are in general very low there.<\/p>\n<p>But there are other veredas, such as vereda Santa Filimena, which chose to not support mining. No family there gives permission to the companies to drill holes on their land, and collectively they agreed not to work for the mining companies, who already recruit several residents for the exploration work they&#8217;re currently performing.<\/p>\n<p><iframe loading=\"lazy\" title=\"YouTube video player\" src=\"https:\/\/www.youtube.com\/embed\/bUZ4lFlKQEI?start=1\" width=\"560\" height=\"315\" frameborder=\"0\" allowfullscreen=\"allowfullscreen\"><\/iframe><\/p>\n<p>&nbsp;<\/p>\n<h2>Propaganda in the backpack<\/h2>\n<p>However, the propaganda machine is running at full speed. The mining companies in Fal\u00e1n go far in convincing the population of their projects. Multinational Mirandagold is the front-runner in Fal\u00e1n regarding bribery strategies. Farmers there have already been given machetes, food and money as gifts. The company also donated an ambulance to the local hospital. They even created a special game for the children in Fal\u00e1n on Halloween, through which they could win tablets. The company sponsors festivals, Christmas lights and fun activities. Other children were given toys with the company logo in their backpack through the school. And the management of the Cuidad Perdida reserve reveived gifts such as liquor, food, and invitations to meetings with people in charge of the project. However, they did not allow themselves to be bribed and declined the offer. A company that goes to such lengths to convince the population seems to be hiding something sinister&#8230; <a href=\"https:\/\/commons.commondreams.org\/t\/how-to-convince-a-village-to-destroy-their-future-in-8-steps\/145455\" target=\"_blank\" rel=\"noopener\">Read more about strategies used by mining companies to push through their projects here<\/a>.<\/p>\n<p>&nbsp;<\/p>\n<h2>Resistance and alternatives<\/h2>\n<p>But the Fal\u00e1nese will not let themselves be defeted! Supported by the Colectivo Ambiental Fal\u00e1n y Fr\u00edas and the regional <a href=\"https:\/\/m.facebook.com\/oficialcomiteambiental\">Committee Ambiental en Defensa de la Vida<\/a>, protests are organised regularly. Despite of intimidation and threats. Several protesters already received intimidating visits from employees of the multinationals, and one of them was even threatened with death by the local police after participating in a protest. But even that does not stop them. Among the activists, it sounds unequivocal: we don&#8217;t want to repeat Fal\u00e1n&#8217;s history again.<\/p>\n<p style=\"text-align: center;\"><img data-recalc-dims=\"1\" loading=\"lazy\" decoding=\"async\" class=\" wp-image-33899 aligncenter\" src=\"https:\/\/i0.wp.com\/catapa.be\/wp-content\/uploads\/2023\/08\/WhatsApp-Image-2023-08-03-at-13.46.39.jpeg?resize=589%2C442&#038;ssl=1\" alt=\"\" width=\"589\" height=\"442\" srcset=\"https:\/\/i0.wp.com\/catapa.be\/wp-content\/uploads\/2023\/08\/WhatsApp-Image-2023-08-03-at-13.46.39.jpeg?resize=1024%2C768&amp;ssl=1 1024w, https:\/\/i0.wp.com\/catapa.be\/wp-content\/uploads\/2023\/08\/WhatsApp-Image-2023-08-03-at-13.46.39.jpeg?resize=300%2C225&amp;ssl=1 300w, https:\/\/i0.wp.com\/catapa.be\/wp-content\/uploads\/2023\/08\/WhatsApp-Image-2023-08-03-at-13.46.39.jpeg?resize=768%2C576&amp;ssl=1 768w, https:\/\/i0.wp.com\/catapa.be\/wp-content\/uploads\/2023\/08\/WhatsApp-Image-2023-08-03-at-13.46.39.jpeg?w=1040&amp;ssl=1 1040w\" sizes=\"auto, (max-width: 589px) 100vw, 589px\" \/><em>Protest action in vereda Cavandia \u00a9Damaris Perdomo<\/em><\/p>\n<p>They envisage a very different kind of Fal\u00e1n. A Fal\u00e1n where mining can only be seen in the colonial ruins in the Cuidad Perdida. Where ecotourism flourishes and agriculture is reappraised.<\/p>\n<p>&nbsp;<\/p>\n<h2>What next?<\/h2>\n<p>What&#8217;s next? The next municipal elections will matter. Only one candidate, Miguel Rubio, is outspoken against the mining projects. Through his own social media channels, he has been protesting against the emerging plans and raising awareness about the impact of mining for years. So the elections in October will be decisive.<\/p>\n<p>What Fal\u00e1n currently needs, according to Luis Barreto Jimenez of the local environmental committee, can be summed up in three words: organisation, education and campaigning. &#8216;We need to organise and unify the detached environmentalists and send correct information about the impact of mining Fal\u00e1n and Fr\u00edas through streamlined campaigns, to counter the companies&#8217; propaganda machines.&#8217;<\/p>\n<p style=\"text-align: center;\"><img data-recalc-dims=\"1\" loading=\"lazy\" decoding=\"async\" class=\" wp-image-33902 aligncenter\" src=\"https:\/\/i0.wp.com\/catapa.be\/wp-content\/uploads\/2023\/08\/WhatsApp-Image-2023-08-03-at-13.54.47.jpeg?resize=551%2C734&#038;ssl=1\" alt=\"\" width=\"551\" height=\"734\" srcset=\"https:\/\/i0.wp.com\/catapa.be\/wp-content\/uploads\/2023\/08\/WhatsApp-Image-2023-08-03-at-13.54.47.jpeg?resize=768%2C1024&amp;ssl=1 768w, https:\/\/i0.wp.com\/catapa.be\/wp-content\/uploads\/2023\/08\/WhatsApp-Image-2023-08-03-at-13.54.47.jpeg?resize=225%2C300&amp;ssl=1 225w, https:\/\/i0.wp.com\/catapa.be\/wp-content\/uploads\/2023\/08\/WhatsApp-Image-2023-08-03-at-13.54.47.jpeg?resize=1152%2C1536&amp;ssl=1 1152w, https:\/\/i0.wp.com\/catapa.be\/wp-content\/uploads\/2023\/08\/WhatsApp-Image-2023-08-03-at-13.54.47.jpeg?w=1488&amp;ssl=1 1488w, https:\/\/i0.wp.com\/catapa.be\/wp-content\/uploads\/2023\/08\/WhatsApp-Image-2023-08-03-at-13.54.47.jpeg?w=1280&amp;ssl=1 1280w\" sizes=\"auto, (max-width: 551px) 100vw, 551px\" \/><em>Luis Barreto Jimenez in Ciudad Perdida \u00a9CATAPA<\/em><\/p>\n<p>This is currently being in process! Together with Catapa, for example, funds are being raised to work on this on a project-by-project basis. The battle is not over yet!<\/p>\n<p>&nbsp;<\/p>\n<hr \/>\n<p><em>This article is the result of a research project carried out by volunteers from CATAPA&#8217;s study and lobby working group in collaboration with Colectivo Ambiental Fal\u00e1n y Fr\u00edas and Willo Molenaar, anthropologist.<\/em>[\/vc_column_text][vc_cta h2=&#8221;Would you like to contribute too?&#8221; add_button=&#8221;bottom&#8221; btn_title=&#8221;Donate and support the Right To Say No&#8221; btn_color=&#8221;success&#8221; btn_align=&#8221;center&#8221; btn_link=&#8221;url:https%3A%2F%2Fcatapa.be%2Fen%2Fhow-we-work%2Fcatapa-campaigns-and-projects%2Fright-to-say-no%2Fright-to-say-no-gathering-in-the-andes-region%2F|target:_blank&#8221;]Are you moved by what you read and wondering how you can contribute to this fight? One very real thing you can do today is making a donation to make the Right To Say No Andes gathering happen!<\/p>\n<p>This gathering is the sixth edition of the partner exchange week of CATAPA\u00a0 in the fall of 2023 in Ecuador: This is a week of knowledge, concrete practical skill and strategy sharing between affected communities on preventing mining projects from entering and on dealing with the impacts of the presence of mining companies on their lands. The gathering strengthens communities in their local fight and forces bonds and alliances that ensure a united struggle to protect their Right To Say No to mining in the Andes region.[\/vc_cta][\/vc_column][vc_column][\/vc_column][\/vc_row]<\/p>\n<\/div>","protected":false},"excerpt":{"rendered":"<p>[vc_row][vc_column][vc_column_text]Losing the fight against mining would mean\u2026 displacement, death, it would be turning the mountains inside out. It would be the disappearance of the ancestral oral culture. It would put many people in a very<br \/><a class=\"read-more\" href=\"https:\/\/catapa.be\/en\/falan-the-village-in-colombia-where-the-colonial-era-keeps-on-recurring\/\">Read More<\/a><\/p>\n","protected":false},"author":67,"featured_media":33905,"comment_status":"open","ping_status":"open","sticky":false,"template":"","format":"standard","meta":{"_exactmetrics_skip_tracking":false,"_exactmetrics_sitenote_active":false,"_exactmetrics_sitenote_note":"","_exactmetrics_sitenote_category":0,"jetpack_post_was_ever_published":false,"_jetpack_newsletter_access":"","_jetpack_dont_email_post_to_subs":false,"_jetpack_newsletter_tier_id":0,"_jetpack_memberships_contains_paywalled_content":false,"_jetpack_memberships_contains_paid_content":false,"footnotes":"","jetpack_publicize_message":"","jetpack_publicize_feature_enabled":true,"jetpack_social_post_already_shared":true,"jetpack_social_options":{"image_generator_settings":{"template":"highway","default_image_id":0,"font":"","enabled":false},"version":2}},"categories":[469,1182],"tags":[788],"class_list":["post-33880","post","type-post","status-publish","format-standard","has-post-thumbnail","hentry","category-colombia","category-right-to-say-no","tag-right-to-say-no"],"yoast_head":"<!-- This site is optimized with the Yoast SEO plugin v26.8 - https:\/\/yoast.com\/product\/yoast-seo-wordpress\/ -->\n<title>Fal\u00e1n: the village in Colombia where the colonial era keeps on recurring - CATAPA vzw<\/title>\n<meta name=\"robots\" content=\"index, follow, max-snippet:-1, max-image-preview:large, max-video-preview:-1\" \/>\n<link rel=\"canonical\" href=\"https:\/\/catapa.be\/en\/falan-the-village-in-colombia-where-the-colonial-era-keeps-on-recurring\/\" \/>\n<meta property=\"og:locale\" content=\"en_US\" \/>\n<meta property=\"og:type\" content=\"article\" \/>\n<meta property=\"og:title\" content=\"Fal\u00e1n: the village in Colombia where the colonial era keeps on recurring - CATAPA vzw\" \/>\n<meta property=\"og:description\" content=\"[vc_row][vc_column][vc_column_text]Losing the fight against mining would mean\u2026 displacement, death, it would be turning the mountains inside out. It would be the disappearance of the ancestral oral culture. It would put many people in a veryRead More\" \/>\n<meta property=\"og:url\" content=\"https:\/\/catapa.be\/en\/falan-the-village-in-colombia-where-the-colonial-era-keeps-on-recurring\/\" \/>\n<meta property=\"og:site_name\" content=\"CATAPA vzw\" \/>\n<meta property=\"article:publisher\" content=\"https:\/\/www.facebook.com\/catapa.belgium\/\" \/>\n<meta property=\"article:published_time\" content=\"2023-08-07T14:22:00+00:00\" \/>\n<meta property=\"article:modified_time\" content=\"2023-08-10T08:34:56+00:00\" \/>\n<meta property=\"og:image\" content=\"https:\/\/catapa.be\/wp-content\/uploads\/2023\/08\/WhatsApp-Image-2023-08-03-at-13.46.34.jpeg\" \/>\n\t<meta property=\"og:image:width\" content=\"1600\" \/>\n\t<meta property=\"og:image:height\" content=\"1200\" \/>\n\t<meta property=\"og:image:type\" content=\"image\/jpeg\" \/>\n<meta name=\"author\" content=\"Estefan\u00eda\" \/>\n<meta name=\"twitter:card\" content=\"summary_large_image\" \/>\n<meta name=\"twitter:creator\" content=\"@CATAPA_Belgica\" \/>\n<meta name=\"twitter:site\" content=\"@CATAPA_Belgica\" \/>\n<meta name=\"twitter:label1\" content=\"Written by\" \/>\n\t<meta name=\"twitter:data1\" content=\"Estefan\u00eda\" \/>\n\t<meta name=\"twitter:label2\" content=\"Est. reading time\" \/>\n\t<meta name=\"twitter:data2\" content=\"12 minutes\" \/>\n<script type=\"application\/ld+json\" class=\"yoast-schema-graph\">{\"@context\":\"https:\/\/schema.org\",\"@graph\":[{\"@type\":\"Article\",\"@id\":\"https:\/\/catapa.be\/en\/falan-the-village-in-colombia-where-the-colonial-era-keeps-on-recurring\/#article\",\"isPartOf\":{\"@id\":\"https:\/\/catapa.be\/en\/falan-the-village-in-colombia-where-the-colonial-era-keeps-on-recurring\/\"},\"author\":{\"name\":\"Estefan\u00eda\",\"@id\":\"https:\/\/catapa.be\/en\/#\/schema\/person\/81ff50de69eb668647494aa998bd4431\"},\"headline\":\"Fal\u00e1n: the village in Colombia where the colonial era keeps on recurring\",\"datePublished\":\"2023-08-07T14:22:00+00:00\",\"dateModified\":\"2023-08-10T08:34:56+00:00\",\"mainEntityOfPage\":{\"@id\":\"https:\/\/catapa.be\/en\/falan-the-village-in-colombia-where-the-colonial-era-keeps-on-recurring\/\"},\"wordCount\":2441,\"commentCount\":0,\"publisher\":{\"@id\":\"https:\/\/catapa.be\/en\/#organization\"},\"image\":{\"@id\":\"https:\/\/catapa.be\/en\/falan-the-village-in-colombia-where-the-colonial-era-keeps-on-recurring\/#primaryimage\"},\"thumbnailUrl\":\"https:\/\/i0.wp.com\/catapa.be\/wp-content\/uploads\/2023\/08\/WhatsApp-Image-2023-08-03-at-13.46.34.jpeg?fit=1600%2C1200&ssl=1\",\"keywords\":[\"Right to Say No\"],\"articleSection\":[\"Colombia\",\"Right To Say No\"],\"inLanguage\":\"en-US\",\"potentialAction\":[{\"@type\":\"CommentAction\",\"name\":\"Comment\",\"target\":[\"https:\/\/catapa.be\/en\/falan-the-village-in-colombia-where-the-colonial-era-keeps-on-recurring\/#respond\"]}]},{\"@type\":\"WebPage\",\"@id\":\"https:\/\/catapa.be\/en\/falan-the-village-in-colombia-where-the-colonial-era-keeps-on-recurring\/\",\"url\":\"https:\/\/catapa.be\/en\/falan-the-village-in-colombia-where-the-colonial-era-keeps-on-recurring\/\",\"name\":\"Fal\u00e1n: the village in Colombia where the colonial era keeps on recurring - CATAPA vzw\",\"isPartOf\":{\"@id\":\"https:\/\/catapa.be\/en\/#website\"},\"primaryImageOfPage\":{\"@id\":\"https:\/\/catapa.be\/en\/falan-the-village-in-colombia-where-the-colonial-era-keeps-on-recurring\/#primaryimage\"},\"image\":{\"@id\":\"https:\/\/catapa.be\/en\/falan-the-village-in-colombia-where-the-colonial-era-keeps-on-recurring\/#primaryimage\"},\"thumbnailUrl\":\"https:\/\/i0.wp.com\/catapa.be\/wp-content\/uploads\/2023\/08\/WhatsApp-Image-2023-08-03-at-13.46.34.jpeg?fit=1600%2C1200&ssl=1\",\"datePublished\":\"2023-08-07T14:22:00+00:00\",\"dateModified\":\"2023-08-10T08:34:56+00:00\",\"breadcrumb\":{\"@id\":\"https:\/\/catapa.be\/en\/falan-the-village-in-colombia-where-the-colonial-era-keeps-on-recurring\/#breadcrumb\"},\"inLanguage\":\"en-US\",\"potentialAction\":[{\"@type\":\"ReadAction\",\"target\":[\"https:\/\/catapa.be\/en\/falan-the-village-in-colombia-where-the-colonial-era-keeps-on-recurring\/\"]}]},{\"@type\":\"ImageObject\",\"inLanguage\":\"en-US\",\"@id\":\"https:\/\/catapa.be\/en\/falan-the-village-in-colombia-where-the-colonial-era-keeps-on-recurring\/#primaryimage\",\"url\":\"https:\/\/i0.wp.com\/catapa.be\/wp-content\/uploads\/2023\/08\/WhatsApp-Image-2023-08-03-at-13.46.34.jpeg?fit=1600%2C1200&ssl=1\",\"contentUrl\":\"https:\/\/i0.wp.com\/catapa.be\/wp-content\/uploads\/2023\/08\/WhatsApp-Image-2023-08-03-at-13.46.34.jpeg?fit=1600%2C1200&ssl=1\",\"width\":1600,\"height\":1200},{\"@type\":\"BreadcrumbList\",\"@id\":\"https:\/\/catapa.be\/en\/falan-the-village-in-colombia-where-the-colonial-era-keeps-on-recurring\/#breadcrumb\",\"itemListElement\":[{\"@type\":\"ListItem\",\"position\":1,\"name\":\"Home\",\"item\":\"https:\/\/catapa.be\/en\/\"},{\"@type\":\"ListItem\",\"position\":2,\"name\":\"Fal\u00e1n: the village in Colombia where the colonial era keeps on recurring\"}]},{\"@type\":\"WebSite\",\"@id\":\"https:\/\/catapa.be\/en\/#website\",\"url\":\"https:\/\/catapa.be\/en\/\",\"name\":\"CATAPA vzw\",\"description\":\"Comit\u00e9 Acad\u00e9mico T\u00e9cnico de Asesoramiento a Problemas Ambientales\",\"publisher\":{\"@id\":\"https:\/\/catapa.be\/en\/#organization\"},\"potentialAction\":[{\"@type\":\"SearchAction\",\"target\":{\"@type\":\"EntryPoint\",\"urlTemplate\":\"https:\/\/catapa.be\/en\/?s={search_term_string}\"},\"query-input\":{\"@type\":\"PropertyValueSpecification\",\"valueRequired\":true,\"valueName\":\"search_term_string\"}}],\"inLanguage\":\"en-US\"},{\"@type\":\"Organization\",\"@id\":\"https:\/\/catapa.be\/en\/#organization\",\"name\":\"CATAPA vzw\",\"url\":\"https:\/\/catapa.be\/en\/\",\"logo\":{\"@type\":\"ImageObject\",\"inLanguage\":\"en-US\",\"@id\":\"https:\/\/catapa.be\/en\/#\/schema\/logo\/image\/\",\"url\":\"https:\/\/i0.wp.com\/catapa.be\/wp-content\/uploads\/2019\/02\/NEW20LOGO20SHORT20PNG1.png?fit=1259%2C1321&ssl=1\",\"contentUrl\":\"https:\/\/i0.wp.com\/catapa.be\/wp-content\/uploads\/2019\/02\/NEW20LOGO20SHORT20PNG1.png?fit=1259%2C1321&ssl=1\",\"width\":1259,\"height\":1321,\"caption\":\"CATAPA vzw\"},\"image\":{\"@id\":\"https:\/\/catapa.be\/en\/#\/schema\/logo\/image\/\"},\"sameAs\":[\"https:\/\/www.facebook.com\/catapa.belgium\/\",\"https:\/\/x.com\/CATAPA_Belgica\",\"https:\/\/www.instagram.com\/catapa_vzw\/\",\"https:\/\/be.linkedin.com\/company\/catapavzw\",\"https:\/\/www.youtube.com\/channel\/UCE52-Fiyv-Fpqf2gi1qhf1g\"]},{\"@type\":\"Person\",\"@id\":\"https:\/\/catapa.be\/en\/#\/schema\/person\/81ff50de69eb668647494aa998bd4431\",\"name\":\"Estefan\u00eda\",\"url\":\"https:\/\/catapa.be\/en\/author\/estefania-moreno\/\"}]}<\/script>\n<!-- \/ Yoast SEO plugin. -->","yoast_head_json":{"title":"Fal\u00e1n: the village in Colombia where the colonial era keeps on recurring - CATAPA vzw","robots":{"index":"index","follow":"follow","max-snippet":"max-snippet:-1","max-image-preview":"max-image-preview:large","max-video-preview":"max-video-preview:-1"},"canonical":"https:\/\/catapa.be\/en\/falan-the-village-in-colombia-where-the-colonial-era-keeps-on-recurring\/","og_locale":"en_US","og_type":"article","og_title":"Fal\u00e1n: the village in Colombia where the colonial era keeps on recurring - CATAPA vzw","og_description":"[vc_row][vc_column][vc_column_text]Losing the fight against mining would mean\u2026 displacement, death, it would be turning the mountains inside out. It would be the disappearance of the ancestral oral culture. It would put many people in a veryRead More","og_url":"https:\/\/catapa.be\/en\/falan-the-village-in-colombia-where-the-colonial-era-keeps-on-recurring\/","og_site_name":"CATAPA vzw","article_publisher":"https:\/\/www.facebook.com\/catapa.belgium\/","article_published_time":"2023-08-07T14:22:00+00:00","article_modified_time":"2023-08-10T08:34:56+00:00","og_image":[{"width":1600,"height":1200,"url":"https:\/\/catapa.be\/wp-content\/uploads\/2023\/08\/WhatsApp-Image-2023-08-03-at-13.46.34.jpeg","type":"image\/jpeg"}],"author":"Estefan\u00eda","twitter_card":"summary_large_image","twitter_creator":"@CATAPA_Belgica","twitter_site":"@CATAPA_Belgica","twitter_misc":{"Written by":"Estefan\u00eda","Est. reading time":"12 minutes"},"schema":{"@context":"https:\/\/schema.org","@graph":[{"@type":"Article","@id":"https:\/\/catapa.be\/en\/falan-the-village-in-colombia-where-the-colonial-era-keeps-on-recurring\/#article","isPartOf":{"@id":"https:\/\/catapa.be\/en\/falan-the-village-in-colombia-where-the-colonial-era-keeps-on-recurring\/"},"author":{"name":"Estefan\u00eda","@id":"https:\/\/catapa.be\/en\/#\/schema\/person\/81ff50de69eb668647494aa998bd4431"},"headline":"Fal\u00e1n: the village in Colombia where the colonial era keeps on recurring","datePublished":"2023-08-07T14:22:00+00:00","dateModified":"2023-08-10T08:34:56+00:00","mainEntityOfPage":{"@id":"https:\/\/catapa.be\/en\/falan-the-village-in-colombia-where-the-colonial-era-keeps-on-recurring\/"},"wordCount":2441,"commentCount":0,"publisher":{"@id":"https:\/\/catapa.be\/en\/#organization"},"image":{"@id":"https:\/\/catapa.be\/en\/falan-the-village-in-colombia-where-the-colonial-era-keeps-on-recurring\/#primaryimage"},"thumbnailUrl":"https:\/\/i0.wp.com\/catapa.be\/wp-content\/uploads\/2023\/08\/WhatsApp-Image-2023-08-03-at-13.46.34.jpeg?fit=1600%2C1200&ssl=1","keywords":["Right to Say No"],"articleSection":["Colombia","Right To Say No"],"inLanguage":"en-US","potentialAction":[{"@type":"CommentAction","name":"Comment","target":["https:\/\/catapa.be\/en\/falan-the-village-in-colombia-where-the-colonial-era-keeps-on-recurring\/#respond"]}]},{"@type":"WebPage","@id":"https:\/\/catapa.be\/en\/falan-the-village-in-colombia-where-the-colonial-era-keeps-on-recurring\/","url":"https:\/\/catapa.be\/en\/falan-the-village-in-colombia-where-the-colonial-era-keeps-on-recurring\/","name":"Fal\u00e1n: the village in Colombia where the colonial era keeps on recurring - CATAPA vzw","isPartOf":{"@id":"https:\/\/catapa.be\/en\/#website"},"primaryImageOfPage":{"@id":"https:\/\/catapa.be\/en\/falan-the-village-in-colombia-where-the-colonial-era-keeps-on-recurring\/#primaryimage"},"image":{"@id":"https:\/\/catapa.be\/en\/falan-the-village-in-colombia-where-the-colonial-era-keeps-on-recurring\/#primaryimage"},"thumbnailUrl":"https:\/\/i0.wp.com\/catapa.be\/wp-content\/uploads\/2023\/08\/WhatsApp-Image-2023-08-03-at-13.46.34.jpeg?fit=1600%2C1200&ssl=1","datePublished":"2023-08-07T14:22:00+00:00","dateModified":"2023-08-10T08:34:56+00:00","breadcrumb":{"@id":"https:\/\/catapa.be\/en\/falan-the-village-in-colombia-where-the-colonial-era-keeps-on-recurring\/#breadcrumb"},"inLanguage":"en-US","potentialAction":[{"@type":"ReadAction","target":["https:\/\/catapa.be\/en\/falan-the-village-in-colombia-where-the-colonial-era-keeps-on-recurring\/"]}]},{"@type":"ImageObject","inLanguage":"en-US","@id":"https:\/\/catapa.be\/en\/falan-the-village-in-colombia-where-the-colonial-era-keeps-on-recurring\/#primaryimage","url":"https:\/\/i0.wp.com\/catapa.be\/wp-content\/uploads\/2023\/08\/WhatsApp-Image-2023-08-03-at-13.46.34.jpeg?fit=1600%2C1200&ssl=1","contentUrl":"https:\/\/i0.wp.com\/catapa.be\/wp-content\/uploads\/2023\/08\/WhatsApp-Image-2023-08-03-at-13.46.34.jpeg?fit=1600%2C1200&ssl=1","width":1600,"height":1200},{"@type":"BreadcrumbList","@id":"https:\/\/catapa.be\/en\/falan-the-village-in-colombia-where-the-colonial-era-keeps-on-recurring\/#breadcrumb","itemListElement":[{"@type":"ListItem","position":1,"name":"Home","item":"https:\/\/catapa.be\/en\/"},{"@type":"ListItem","position":2,"name":"Fal\u00e1n: the village in Colombia where the colonial era keeps on recurring"}]},{"@type":"WebSite","@id":"https:\/\/catapa.be\/en\/#website","url":"https:\/\/catapa.be\/en\/","name":"CATAPA vzw","description":"Comit\u00e9 Acad\u00e9mico T\u00e9cnico de Asesoramiento a Problemas Ambientales","publisher":{"@id":"https:\/\/catapa.be\/en\/#organization"},"potentialAction":[{"@type":"SearchAction","target":{"@type":"EntryPoint","urlTemplate":"https:\/\/catapa.be\/en\/?s={search_term_string}"},"query-input":{"@type":"PropertyValueSpecification","valueRequired":true,"valueName":"search_term_string"}}],"inLanguage":"en-US"},{"@type":"Organization","@id":"https:\/\/catapa.be\/en\/#organization","name":"CATAPA vzw","url":"https:\/\/catapa.be\/en\/","logo":{"@type":"ImageObject","inLanguage":"en-US","@id":"https:\/\/catapa.be\/en\/#\/schema\/logo\/image\/","url":"https:\/\/i0.wp.com\/catapa.be\/wp-content\/uploads\/2019\/02\/NEW20LOGO20SHORT20PNG1.png?fit=1259%2C1321&ssl=1","contentUrl":"https:\/\/i0.wp.com\/catapa.be\/wp-content\/uploads\/2019\/02\/NEW20LOGO20SHORT20PNG1.png?fit=1259%2C1321&ssl=1","width":1259,"height":1321,"caption":"CATAPA vzw"},"image":{"@id":"https:\/\/catapa.be\/en\/#\/schema\/logo\/image\/"},"sameAs":["https:\/\/www.facebook.com\/catapa.belgium\/","https:\/\/x.com\/CATAPA_Belgica","https:\/\/www.instagram.com\/catapa_vzw\/","https:\/\/be.linkedin.com\/company\/catapavzw","https:\/\/www.youtube.com\/channel\/UCE52-Fiyv-Fpqf2gi1qhf1g"]},{"@type":"Person","@id":"https:\/\/catapa.be\/en\/#\/schema\/person\/81ff50de69eb668647494aa998bd4431","name":"Estefan\u00eda","url":"https:\/\/catapa.be\/en\/author\/estefania-moreno\/"}]}},"jetpack_publicize_connections":[],"jetpack_featured_media_url":"https:\/\/i0.wp.com\/catapa.be\/wp-content\/uploads\/2023\/08\/WhatsApp-Image-2023-08-03-at-13.46.34.jpeg?fit=1600%2C1200&ssl=1","jetpack_sharing_enabled":true,"jetpack_likes_enabled":false,"jetpack-related-posts":[{"id":33982,"url":"https:\/\/catapa.be\/en\/how-to-convince-a-village-to-destroy-their-future-a-8-step-manual\/","url_meta":{"origin":33880,"position":0},"title":"How to convince a village to destroy their future: a 8 step manual","author":"Estefan\u00eda","date":"14\/08\/2023","format":false,"excerpt":"[vc_row][vc_column][vc_column_text] Multinational mining companies all over the world use similar strategies to convince communities to agree to their destructive extractive projects. Want to know their secrets? We\u2019re diving into the mining conflict currently occurring in the village of Fal\u00e1n, Colombia, where multinationals including Anglogold Ashanti are preparing the village for\u2026","rel":"","context":"In &quot;Right To Say No&quot;","block_context":{"text":"Right To Say No","link":"https:\/\/catapa.be\/en\/category\/right-to-say-no\/"},"img":{"alt_text":"Gold mining","src":"https:\/\/i0.wp.com\/catapa.be\/wp-content\/uploads\/2023\/08\/2527670737_b7d4f21e50_c.jpg?fit=799%2C533&ssl=1&resize=350%2C200","width":350,"height":200,"srcset":"https:\/\/i0.wp.com\/catapa.be\/wp-content\/uploads\/2023\/08\/2527670737_b7d4f21e50_c.jpg?fit=799%2C533&ssl=1&resize=350%2C200 1x, https:\/\/i0.wp.com\/catapa.be\/wp-content\/uploads\/2023\/08\/2527670737_b7d4f21e50_c.jpg?fit=799%2C533&ssl=1&resize=525%2C300 1.5x, https:\/\/i0.wp.com\/catapa.be\/wp-content\/uploads\/2023\/08\/2527670737_b7d4f21e50_c.jpg?fit=799%2C533&ssl=1&resize=700%2C400 2x"},"classes":[]},{"id":34142,"url":"https:\/\/catapa.be\/en\/murder-of-environmental-defender-in-colombia-we-demand-justice\/","url_meta":{"origin":33880,"position":1},"title":"Murder of environmental defender in Colombia: we demand justice!","author":"Estefan\u00eda","date":"05\/09\/2023","format":false,"excerpt":"We are sorry to share the news of the assassination of Johan Ferney Aguilar Gonz\u00e1lez. He was a Colombian environmental defender and also the son of Wilder Antonio Aguilar Rodr\u00edguez, who is a social leader and environmental defender in the neighborhood of Santa Filomena, municipality of Falan, Colombia.\u00a0 Johan Ferney\u2026","rel":"","context":"In &quot;Colombia&quot;","block_context":{"text":"Colombia","link":"https:\/\/catapa.be\/en\/category\/partnerlanden\/colombia\/"},"img":{"alt_text":"","src":"https:\/\/i0.wp.com\/catapa.be\/wp-content\/uploads\/2023\/08\/WhatsApp-Image-2023-08-03-at-13.44.22.jpeg?fit=1177%2C1200&ssl=1&resize=350%2C200","width":350,"height":200,"srcset":"https:\/\/i0.wp.com\/catapa.be\/wp-content\/uploads\/2023\/08\/WhatsApp-Image-2023-08-03-at-13.44.22.jpeg?fit=1177%2C1200&ssl=1&resize=350%2C200 1x, https:\/\/i0.wp.com\/catapa.be\/wp-content\/uploads\/2023\/08\/WhatsApp-Image-2023-08-03-at-13.44.22.jpeg?fit=1177%2C1200&ssl=1&resize=525%2C300 1.5x, https:\/\/i0.wp.com\/catapa.be\/wp-content\/uploads\/2023\/08\/WhatsApp-Image-2023-08-03-at-13.44.22.jpeg?fit=1177%2C1200&ssl=1&resize=700%2C400 2x, https:\/\/i0.wp.com\/catapa.be\/wp-content\/uploads\/2023\/08\/WhatsApp-Image-2023-08-03-at-13.44.22.jpeg?fit=1177%2C1200&ssl=1&resize=1050%2C600 3x"},"classes":[]},{"id":34584,"url":"https:\/\/catapa.be\/en\/update-the-threats-towards-don-wilders-family-continue\/","url_meta":{"origin":33880,"position":2},"title":"Update: the threats towards Don Wilder&#8217;s family continue&#8230;.","author":"Simon Berlo","date":"21\/12\/2023","format":false,"excerpt":"[vc_row][vc_column][vc_column_text]Earlier we shared the sad news that Johan Ferney Aguilar Gonz\u00e1lez was murdered on September 3rd. The day after, his father, don Wilder Antonio Aguilar Rodr\u00edguez, filed charges against the Canadian multinational Mirandagold for making threats directed at himself and his family. Wilder is the social leader of Vereda Santa\u2026","rel":"","context":"In &quot;Colombia&quot;","block_context":{"text":"Colombia","link":"https:\/\/catapa.be\/en\/category\/partnerlanden\/colombia\/"},"img":{"alt_text":"","src":"https:\/\/i0.wp.com\/catapa.be\/wp-content\/uploads\/2023\/12\/interview-Wilmer.png?fit=1200%2C613&ssl=1&resize=350%2C200","width":350,"height":200,"srcset":"https:\/\/i0.wp.com\/catapa.be\/wp-content\/uploads\/2023\/12\/interview-Wilmer.png?fit=1200%2C613&ssl=1&resize=350%2C200 1x, https:\/\/i0.wp.com\/catapa.be\/wp-content\/uploads\/2023\/12\/interview-Wilmer.png?fit=1200%2C613&ssl=1&resize=525%2C300 1.5x, https:\/\/i0.wp.com\/catapa.be\/wp-content\/uploads\/2023\/12\/interview-Wilmer.png?fit=1200%2C613&ssl=1&resize=700%2C400 2x, https:\/\/i0.wp.com\/catapa.be\/wp-content\/uploads\/2023\/12\/interview-Wilmer.png?fit=1200%2C613&ssl=1&resize=1050%2C600 3x"},"classes":[]},{"id":34150,"url":"https:\/\/catapa.be\/es\/asesinan-a-un-defensor-del-medio-ambiente-en-colombia-exigimos-justicia\/","url_meta":{"origin":33880,"position":3},"title":"Asesinan a un defensor del medio ambiente en Colombia: \u00a1exigimos justicia!","author":"Estefan\u00eda","date":"05\/09\/2023","format":false,"excerpt":"Lamentamos compartir la noticia del asesinato de Johan Ferney Aguilar Gonz\u00e1lez. Aguilar era un defensor del medio ambiente colombiano y tambi\u00e9n el hijo de Wilder Antonio Aguilar Rodr\u00edguez,quien es un l\u00edder social y defensor del medio ambiente en el barrio de Santa Filomena, municipio de Falan, Colombia. Johan Ferney fue\u2026","rel":"","context":"In &quot;Colombia&quot;","block_context":{"text":"Colombia","link":"https:\/\/catapa.be\/es\/category\/colombia-es\/"},"img":{"alt_text":"","src":"https:\/\/i0.wp.com\/catapa.be\/wp-content\/uploads\/2023\/08\/WhatsApp-Image-2023-08-03-at-13.44.22.jpeg?fit=1177%2C1200&ssl=1&resize=350%2C200","width":350,"height":200,"srcset":"https:\/\/i0.wp.com\/catapa.be\/wp-content\/uploads\/2023\/08\/WhatsApp-Image-2023-08-03-at-13.44.22.jpeg?fit=1177%2C1200&ssl=1&resize=350%2C200 1x, https:\/\/i0.wp.com\/catapa.be\/wp-content\/uploads\/2023\/08\/WhatsApp-Image-2023-08-03-at-13.44.22.jpeg?fit=1177%2C1200&ssl=1&resize=525%2C300 1.5x, https:\/\/i0.wp.com\/catapa.be\/wp-content\/uploads\/2023\/08\/WhatsApp-Image-2023-08-03-at-13.44.22.jpeg?fit=1177%2C1200&ssl=1&resize=700%2C400 2x, https:\/\/i0.wp.com\/catapa.be\/wp-content\/uploads\/2023\/08\/WhatsApp-Image-2023-08-03-at-13.44.22.jpeg?fit=1177%2C1200&ssl=1&resize=1050%2C600 3x"},"classes":[]},{"id":34156,"url":"https:\/\/catapa.be\/nl\/we-eisen-gerechtigheid-voor-vermoorde-milieuverdediger-in-colombia\/","url_meta":{"origin":33880,"position":4},"title":"We eisen gerechtigheid voor vermoorde milieuverdediger in Colombia!","author":"Estefan\u00eda","date":"05\/09\/2023","format":false,"excerpt":"Met spijt delen wij het nieuws van de moord op Johan Ferney Aguilar Gonz\u00e1lez. Hij was een Colombiaanse milieuverdediger en de zoon van Wilder Antonio Aguilar Rodr\u00edguez , die een sociaal leider en milieuverdediger is in de gemeente Falan, Colombia. Johan Ferney werd op 3 september vermoord, enkele uren na\u2026","rel":"","context":"In &quot;Colombia&quot;","block_context":{"text":"Colombia","link":"https:\/\/catapa.be\/nl\/category\/partnerlanden\/colombia-nl\/"},"img":{"alt_text":"","src":"https:\/\/i0.wp.com\/catapa.be\/wp-content\/uploads\/2023\/08\/WhatsApp-Image-2023-08-03-at-13.44.22.jpeg?fit=1177%2C1200&ssl=1&resize=350%2C200","width":350,"height":200,"srcset":"https:\/\/i0.wp.com\/catapa.be\/wp-content\/uploads\/2023\/08\/WhatsApp-Image-2023-08-03-at-13.44.22.jpeg?fit=1177%2C1200&ssl=1&resize=350%2C200 1x, https:\/\/i0.wp.com\/catapa.be\/wp-content\/uploads\/2023\/08\/WhatsApp-Image-2023-08-03-at-13.44.22.jpeg?fit=1177%2C1200&ssl=1&resize=525%2C300 1.5x, https:\/\/i0.wp.com\/catapa.be\/wp-content\/uploads\/2023\/08\/WhatsApp-Image-2023-08-03-at-13.44.22.jpeg?fit=1177%2C1200&ssl=1&resize=700%2C400 2x, https:\/\/i0.wp.com\/catapa.be\/wp-content\/uploads\/2023\/08\/WhatsApp-Image-2023-08-03-at-13.44.22.jpeg?fit=1177%2C1200&ssl=1&resize=1050%2C600 3x"},"classes":[]},{"id":33920,"url":"https:\/\/catapa.be\/es\/falan-el-pueblo-de-colombia-donde-la-epoca-colonial-vuelve-una-y-otra-vez\/","url_meta":{"origin":33880,"position":5},"title":"Fal\u00e1n: el pueblo de Colombia donde la \u00e9poca colonial vuelve una y otra vez","author":"Estefan\u00eda","date":"07\/08\/2023","format":false,"excerpt":"[vc_row][vc_column][vc_column_text]Perder la lucha contra la miner\u00eda significar\u00eda desplazamiento, muerte... ser\u00eda volver del rev\u00e9s las monta\u00f1as. Ser\u00eda la desaparici\u00f3n de la cultura oral ancestral. Ser\u00eda poner a mucha gente en un escenario muy malo, gente luchando por su supervivencia, por el lugar donde viven. Ser\u00eda perder el r\u00edo Magdalena, ser\u00eda perder\u2026","rel":"","context":"In &quot;Colombia&quot;","block_context":{"text":"Colombia","link":"https:\/\/catapa.be\/es\/category\/colombia-es\/"},"img":{"alt_text":"","src":"https:\/\/i0.wp.com\/catapa.be\/wp-content\/uploads\/2023\/08\/WhatsApp-Image-2023-08-03-at-13.46.34.jpeg?fit=1200%2C900&ssl=1&resize=350%2C200","width":350,"height":200,"srcset":"https:\/\/i0.wp.com\/catapa.be\/wp-content\/uploads\/2023\/08\/WhatsApp-Image-2023-08-03-at-13.46.34.jpeg?fit=1200%2C900&ssl=1&resize=350%2C200 1x, https:\/\/i0.wp.com\/catapa.be\/wp-content\/uploads\/2023\/08\/WhatsApp-Image-2023-08-03-at-13.46.34.jpeg?fit=1200%2C900&ssl=1&resize=525%2C300 1.5x, https:\/\/i0.wp.com\/catapa.be\/wp-content\/uploads\/2023\/08\/WhatsApp-Image-2023-08-03-at-13.46.34.jpeg?fit=1200%2C900&ssl=1&resize=700%2C400 2x, https:\/\/i0.wp.com\/catapa.be\/wp-content\/uploads\/2023\/08\/WhatsApp-Image-2023-08-03-at-13.46.34.jpeg?fit=1200%2C900&ssl=1&resize=1050%2C600 3x"},"classes":[]}],"_links":{"self":[{"href":"https:\/\/catapa.be\/en\/wp-json\/wp\/v2\/posts\/33880","targetHints":{"allow":["GET"]}}],"collection":[{"href":"https:\/\/catapa.be\/en\/wp-json\/wp\/v2\/posts"}],"about":[{"href":"https:\/\/catapa.be\/en\/wp-json\/wp\/v2\/types\/post"}],"author":[{"embeddable":true,"href":"https:\/\/catapa.be\/en\/wp-json\/wp\/v2\/users\/67"}],"replies":[{"embeddable":true,"href":"https:\/\/catapa.be\/en\/wp-json\/wp\/v2\/comments?post=33880"}],"version-history":[{"count":9,"href":"https:\/\/catapa.be\/en\/wp-json\/wp\/v2\/posts\/33880\/revisions"}],"predecessor-version":[{"id":33958,"href":"https:\/\/catapa.be\/en\/wp-json\/wp\/v2\/posts\/33880\/revisions\/33958"}],"wp:featuredmedia":[{"embeddable":true,"href":"https:\/\/catapa.be\/en\/wp-json\/wp\/v2\/media\/33905"}],"wp:attachment":[{"href":"https:\/\/catapa.be\/en\/wp-json\/wp\/v2\/media?parent=33880"}],"wp:term":[{"taxonomy":"category","embeddable":true,"href":"https:\/\/catapa.be\/en\/wp-json\/wp\/v2\/categories?post=33880"},{"taxonomy":"post_tag","embeddable":true,"href":"https:\/\/catapa.be\/en\/wp-json\/wp\/v2\/tags?post=33880"}],"curies":[{"name":"wp","href":"https:\/\/api.w.org\/{rel}","templated":true}]}}