{"id":35053,"date":"2024-02-14T12:07:18","date_gmt":"2024-02-14T11:07:18","guid":{"rendered":"https:\/\/catapa.be\/?p=35053"},"modified":"2024-02-14T12:07:18","modified_gmt":"2024-02-14T11:07:18","slug":"movement-weekend-throwback-the-encuentro-comes-to-belgium","status":"publish","type":"post","link":"https:\/\/catapa.be\/en\/movement-weekend-throwback-the-encuentro-comes-to-belgium\/","title":{"rendered":"Movement Weekend throwback: the Encuentro comes to Belgium!"},"content":{"rendered":"<div class=\"wpb-content-wrapper\"><p>[vc_row][vc_column][vc_column_text]<span style=\"font-weight: 400;\">November 2023 was a month filled with important events for CATAPA and its volunteers &#8211; from Klimaduro events, photo expos, Repair Cafes and info stands all over Flanders, our Stop #ExpresDefect campaign flourished within the Belgian borders, you can <\/span><a href=\"https:\/\/catapa.be\/en\/update-stop-expresdecfect-campaign-takes-over-flanders\/\"><span style=\"font-weight: 400;\">read more about it here!<\/span><\/a><span style=\"font-weight: 400;\"> Nonetheless, its sister campaign, The Right to Say No, was not to be overlooked: while Stop #ExpresDefect took over Flanders, <strong>staff members and Catapistas participated in the Right to Say No Andean gathering (or Encuentro del Derecho a Decir No).<\/strong><\/span>[\/vc_column_text][vc_single_image image=&#8221;35066&#8243; img_size=&#8221;large&#8221; alignment=&#8221;center&#8221;][vc_column_text]<span style=\"font-weight: 400;\">The gathering was ample in scope, uniting representatives from our partner organisations from Ecuador, Colombia, Brazil, Peru and Bolivia. Everyone, from volunteers, community leaders to frontline defenders, gathered in Quito, the capital of Ecuador, to exchange knowledge, tips, and skills in order to protect South American communities from harmful mining projects. Regardless of the shape their struggle took, whether decades old or incredibly recent, the Encuentro was a chance to create a platform for these activists to share their story, find support and create a network that will help them in their ongoing fight. <strong>It was a chance to promote a narrative of hope in the face of the threat of large-scale mining.<\/strong><\/span>[\/vc_column_text][vc_column_text]<span style=\"font-weight: 400;\">To further the reach of The Right to Say No, the remaining staff and <strong>Catapistas took advantage of our personal Catapista gathering, the Autumn Movement Weekend, to connect with our overseas partners.<\/strong> This interaction took the form of an interactive art project, wherein the Ecuador and Belgian teams competed to see who could form letters with the help of nearby objects (and even people at times!). At the end, the best pictures of the letters were chosen to display a message that CATAPA and all its partners can get behind: <strong>&#8216;Agua Si, Mina No!&#8217;<\/strong><\/span>[\/vc_column_text][vc_single_image image=&#8221;35054&#8243; img_size=&#8221;large&#8221; alignment=&#8221;center&#8221;][vc_column_text]<span style=\"font-weight: 400;\">This project provided a moment of levity where people from both countries could get to know each other, interact, and join in the fun. Furthermore, it strengthened our sense of companionship and solidarity in the face of those who would trample over what others hold dear. The Movement weekend and the Encuentro both brought us closer together strengthened the bonds that were already there through The Right To Say No, which we will continue promoting loudly and proudly.<\/span>[\/vc_column_text][\/vc_column][\/vc_row]<\/p>\n<\/div>","protected":false},"excerpt":{"rendered":"<p>[vc_row][vc_column][vc_column_text]November 2023 was a month filled with important events for CATAPA and its volunteers &#8211; from Klimaduro events, photo expos, Repair Cafes and info stands all over Flanders, our Stop #ExpresDefect campaign flourished within the<br \/><a class=\"read-more\" href=\"https:\/\/catapa.be\/en\/movement-weekend-throwback-the-encuentro-comes-to-belgium\/\">Read More<\/a><\/p>\n","protected":false},"author":70,"featured_media":35063,"comment_status":"open","ping_status":"open","sticky":false,"template":"","format":"standard","meta":{"_exactmetrics_skip_tracking":false,"_exactmetrics_sitenote_active":false,"_exactmetrics_sitenote_note":"","_exactmetrics_sitenote_category":0,"jetpack_post_was_ever_published":false,"_jetpack_newsletter_access":"","_jetpack_dont_email_post_to_subs":false,"_jetpack_newsletter_tier_id":0,"_jetpack_memberships_contains_paywalled_content":false,"_jetpack_memberships_contains_paid_content":false,"footnotes":"","jetpack_publicize_message":"","jetpack_publicize_feature_enabled":true,"jetpack_social_post_already_shared":true,"jetpack_social_options":{"image_generator_settings":{"template":"highway","default_image_id":0,"font":"","enabled":false},"version":2}},"categories":[465,540,1182],"tags":[],"class_list":["post-35053","post","type-post","status-publish","format-standard","has-post-thumbnail","hentry","category-campaigns","category-catapistas","category-right-to-say-no"],"yoast_head":"<!-- This site is optimized with the Yoast SEO plugin v26.8 - https:\/\/yoast.com\/product\/yoast-seo-wordpress\/ -->\n<title>Movement Weekend throwback: the Encuentro comes to Belgium! - CATAPA vzw<\/title>\n<meta name=\"robots\" content=\"index, follow, max-snippet:-1, max-image-preview:large, max-video-preview:-1\" \/>\n<link rel=\"canonical\" href=\"https:\/\/catapa.be\/en\/movement-weekend-throwback-the-encuentro-comes-to-belgium\/\" \/>\n<meta property=\"og:locale\" content=\"en_US\" \/>\n<meta property=\"og:type\" content=\"article\" \/>\n<meta property=\"og:title\" content=\"Movement Weekend throwback: the Encuentro comes to Belgium! - CATAPA vzw\" \/>\n<meta property=\"og:description\" content=\"[vc_row][vc_column][vc_column_text]November 2023 was a month filled with important events for CATAPA and its volunteers &#8211; from Klimaduro events, photo expos, Repair Cafes and info stands all over Flanders, our Stop #ExpresDefect campaign flourished within theRead More\" \/>\n<meta property=\"og:url\" content=\"https:\/\/catapa.be\/en\/movement-weekend-throwback-the-encuentro-comes-to-belgium\/\" \/>\n<meta property=\"og:site_name\" content=\"CATAPA vzw\" \/>\n<meta property=\"article:publisher\" content=\"https:\/\/www.facebook.com\/catapa.belgium\/\" \/>\n<meta property=\"article:published_time\" content=\"2024-02-14T11:07:18+00:00\" \/>\n<meta property=\"og:image\" content=\"https:\/\/catapa.be\/wp-content\/uploads\/2024\/02\/RTSN-workshops.png\" \/>\n\t<meta property=\"og:image:width\" content=\"1080\" \/>\n\t<meta property=\"og:image:height\" content=\"1080\" \/>\n\t<meta property=\"og:image:type\" content=\"image\/png\" \/>\n<meta name=\"author\" content=\"Teodora Patrascu\" \/>\n<meta name=\"twitter:card\" content=\"summary_large_image\" \/>\n<meta name=\"twitter:creator\" content=\"@CATAPA_Belgica\" \/>\n<meta name=\"twitter:site\" content=\"@CATAPA_Belgica\" \/>\n<meta name=\"twitter:label1\" content=\"Written by\" \/>\n\t<meta name=\"twitter:data1\" content=\"Teodora Patrascu\" \/>\n\t<meta name=\"twitter:label2\" content=\"Est. reading time\" \/>\n\t<meta name=\"twitter:data2\" content=\"2 minutes\" \/>\n<script type=\"application\/ld+json\" class=\"yoast-schema-graph\">{\"@context\":\"https:\/\/schema.org\",\"@graph\":[{\"@type\":\"Article\",\"@id\":\"https:\/\/catapa.be\/en\/movement-weekend-throwback-the-encuentro-comes-to-belgium\/#article\",\"isPartOf\":{\"@id\":\"https:\/\/catapa.be\/en\/movement-weekend-throwback-the-encuentro-comes-to-belgium\/\"},\"author\":{\"name\":\"Teodora Patrascu\",\"@id\":\"https:\/\/catapa.be\/en\/#\/schema\/person\/616006538aa431977faa3117a8c4d546\"},\"headline\":\"Movement Weekend throwback: the Encuentro comes to Belgium!\",\"datePublished\":\"2024-02-14T11:07:18+00:00\",\"mainEntityOfPage\":{\"@id\":\"https:\/\/catapa.be\/en\/movement-weekend-throwback-the-encuentro-comes-to-belgium\/\"},\"wordCount\":427,\"commentCount\":0,\"publisher\":{\"@id\":\"https:\/\/catapa.be\/en\/#organization\"},\"image\":{\"@id\":\"https:\/\/catapa.be\/en\/movement-weekend-throwback-the-encuentro-comes-to-belgium\/#primaryimage\"},\"thumbnailUrl\":\"https:\/\/i0.wp.com\/catapa.be\/wp-content\/uploads\/2024\/02\/RTSN-workshops.png?fit=1080%2C1080&ssl=1\",\"articleSection\":[\"Campaigns\",\"Catapistas\",\"Right To Say No\"],\"inLanguage\":\"en-US\",\"potentialAction\":[{\"@type\":\"CommentAction\",\"name\":\"Comment\",\"target\":[\"https:\/\/catapa.be\/en\/movement-weekend-throwback-the-encuentro-comes-to-belgium\/#respond\"]}]},{\"@type\":\"WebPage\",\"@id\":\"https:\/\/catapa.be\/en\/movement-weekend-throwback-the-encuentro-comes-to-belgium\/\",\"url\":\"https:\/\/catapa.be\/en\/movement-weekend-throwback-the-encuentro-comes-to-belgium\/\",\"name\":\"Movement Weekend throwback: the Encuentro comes to Belgium! - CATAPA vzw\",\"isPartOf\":{\"@id\":\"https:\/\/catapa.be\/en\/#website\"},\"primaryImageOfPage\":{\"@id\":\"https:\/\/catapa.be\/en\/movement-weekend-throwback-the-encuentro-comes-to-belgium\/#primaryimage\"},\"image\":{\"@id\":\"https:\/\/catapa.be\/en\/movement-weekend-throwback-the-encuentro-comes-to-belgium\/#primaryimage\"},\"thumbnailUrl\":\"https:\/\/i0.wp.com\/catapa.be\/wp-content\/uploads\/2024\/02\/RTSN-workshops.png?fit=1080%2C1080&ssl=1\",\"datePublished\":\"2024-02-14T11:07:18+00:00\",\"breadcrumb\":{\"@id\":\"https:\/\/catapa.be\/en\/movement-weekend-throwback-the-encuentro-comes-to-belgium\/#breadcrumb\"},\"inLanguage\":\"en-US\",\"potentialAction\":[{\"@type\":\"ReadAction\",\"target\":[\"https:\/\/catapa.be\/en\/movement-weekend-throwback-the-encuentro-comes-to-belgium\/\"]}]},{\"@type\":\"ImageObject\",\"inLanguage\":\"en-US\",\"@id\":\"https:\/\/catapa.be\/en\/movement-weekend-throwback-the-encuentro-comes-to-belgium\/#primaryimage\",\"url\":\"https:\/\/i0.wp.com\/catapa.be\/wp-content\/uploads\/2024\/02\/RTSN-workshops.png?fit=1080%2C1080&ssl=1\",\"contentUrl\":\"https:\/\/i0.wp.com\/catapa.be\/wp-content\/uploads\/2024\/02\/RTSN-workshops.png?fit=1080%2C1080&ssl=1\",\"width\":1080,\"height\":1080},{\"@type\":\"BreadcrumbList\",\"@id\":\"https:\/\/catapa.be\/en\/movement-weekend-throwback-the-encuentro-comes-to-belgium\/#breadcrumb\",\"itemListElement\":[{\"@type\":\"ListItem\",\"position\":1,\"name\":\"Home\",\"item\":\"https:\/\/catapa.be\/en\/\"},{\"@type\":\"ListItem\",\"position\":2,\"name\":\"Movement Weekend throwback: the Encuentro comes to Belgium!\"}]},{\"@type\":\"WebSite\",\"@id\":\"https:\/\/catapa.be\/en\/#website\",\"url\":\"https:\/\/catapa.be\/en\/\",\"name\":\"CATAPA vzw\",\"description\":\"Comit\u00e9 Acad\u00e9mico T\u00e9cnico de Asesoramiento a Problemas Ambientales\",\"publisher\":{\"@id\":\"https:\/\/catapa.be\/en\/#organization\"},\"potentialAction\":[{\"@type\":\"SearchAction\",\"target\":{\"@type\":\"EntryPoint\",\"urlTemplate\":\"https:\/\/catapa.be\/en\/?s={search_term_string}\"},\"query-input\":{\"@type\":\"PropertyValueSpecification\",\"valueRequired\":true,\"valueName\":\"search_term_string\"}}],\"inLanguage\":\"en-US\"},{\"@type\":\"Organization\",\"@id\":\"https:\/\/catapa.be\/en\/#organization\",\"name\":\"CATAPA vzw\",\"url\":\"https:\/\/catapa.be\/en\/\",\"logo\":{\"@type\":\"ImageObject\",\"inLanguage\":\"en-US\",\"@id\":\"https:\/\/catapa.be\/en\/#\/schema\/logo\/image\/\",\"url\":\"https:\/\/i0.wp.com\/catapa.be\/wp-content\/uploads\/2019\/02\/NEW20LOGO20SHORT20PNG1.png?fit=1259%2C1321&ssl=1\",\"contentUrl\":\"https:\/\/i0.wp.com\/catapa.be\/wp-content\/uploads\/2019\/02\/NEW20LOGO20SHORT20PNG1.png?fit=1259%2C1321&ssl=1\",\"width\":1259,\"height\":1321,\"caption\":\"CATAPA vzw\"},\"image\":{\"@id\":\"https:\/\/catapa.be\/en\/#\/schema\/logo\/image\/\"},\"sameAs\":[\"https:\/\/www.facebook.com\/catapa.belgium\/\",\"https:\/\/x.com\/CATAPA_Belgica\",\"https:\/\/www.instagram.com\/catapa_vzw\/\",\"https:\/\/be.linkedin.com\/company\/catapavzw\",\"https:\/\/www.youtube.com\/channel\/UCE52-Fiyv-Fpqf2gi1qhf1g\"]},{\"@type\":\"Person\",\"@id\":\"https:\/\/catapa.be\/en\/#\/schema\/person\/616006538aa431977faa3117a8c4d546\",\"name\":\"Teodora Patrascu\",\"url\":\"https:\/\/catapa.be\/en\/author\/teodora\/\"}]}<\/script>\n<!-- \/ Yoast SEO plugin. -->","yoast_head_json":{"title":"Movement Weekend throwback: the Encuentro comes to Belgium! - CATAPA vzw","robots":{"index":"index","follow":"follow","max-snippet":"max-snippet:-1","max-image-preview":"max-image-preview:large","max-video-preview":"max-video-preview:-1"},"canonical":"https:\/\/catapa.be\/en\/movement-weekend-throwback-the-encuentro-comes-to-belgium\/","og_locale":"en_US","og_type":"article","og_title":"Movement Weekend throwback: the Encuentro comes to Belgium! - CATAPA vzw","og_description":"[vc_row][vc_column][vc_column_text]November 2023 was a month filled with important events for CATAPA and its volunteers &#8211; from Klimaduro events, photo expos, Repair Cafes and info stands all over Flanders, our Stop #ExpresDefect campaign flourished within theRead More","og_url":"https:\/\/catapa.be\/en\/movement-weekend-throwback-the-encuentro-comes-to-belgium\/","og_site_name":"CATAPA vzw","article_publisher":"https:\/\/www.facebook.com\/catapa.belgium\/","article_published_time":"2024-02-14T11:07:18+00:00","og_image":[{"width":1080,"height":1080,"url":"https:\/\/catapa.be\/wp-content\/uploads\/2024\/02\/RTSN-workshops.png","type":"image\/png"}],"author":"Teodora Patrascu","twitter_card":"summary_large_image","twitter_creator":"@CATAPA_Belgica","twitter_site":"@CATAPA_Belgica","twitter_misc":{"Written by":"Teodora Patrascu","Est. reading time":"2 minutes"},"schema":{"@context":"https:\/\/schema.org","@graph":[{"@type":"Article","@id":"https:\/\/catapa.be\/en\/movement-weekend-throwback-the-encuentro-comes-to-belgium\/#article","isPartOf":{"@id":"https:\/\/catapa.be\/en\/movement-weekend-throwback-the-encuentro-comes-to-belgium\/"},"author":{"name":"Teodora Patrascu","@id":"https:\/\/catapa.be\/en\/#\/schema\/person\/616006538aa431977faa3117a8c4d546"},"headline":"Movement Weekend throwback: the Encuentro comes to Belgium!","datePublished":"2024-02-14T11:07:18+00:00","mainEntityOfPage":{"@id":"https:\/\/catapa.be\/en\/movement-weekend-throwback-the-encuentro-comes-to-belgium\/"},"wordCount":427,"commentCount":0,"publisher":{"@id":"https:\/\/catapa.be\/en\/#organization"},"image":{"@id":"https:\/\/catapa.be\/en\/movement-weekend-throwback-the-encuentro-comes-to-belgium\/#primaryimage"},"thumbnailUrl":"https:\/\/i0.wp.com\/catapa.be\/wp-content\/uploads\/2024\/02\/RTSN-workshops.png?fit=1080%2C1080&ssl=1","articleSection":["Campaigns","Catapistas","Right To Say No"],"inLanguage":"en-US","potentialAction":[{"@type":"CommentAction","name":"Comment","target":["https:\/\/catapa.be\/en\/movement-weekend-throwback-the-encuentro-comes-to-belgium\/#respond"]}]},{"@type":"WebPage","@id":"https:\/\/catapa.be\/en\/movement-weekend-throwback-the-encuentro-comes-to-belgium\/","url":"https:\/\/catapa.be\/en\/movement-weekend-throwback-the-encuentro-comes-to-belgium\/","name":"Movement Weekend throwback: the Encuentro comes to Belgium! - CATAPA vzw","isPartOf":{"@id":"https:\/\/catapa.be\/en\/#website"},"primaryImageOfPage":{"@id":"https:\/\/catapa.be\/en\/movement-weekend-throwback-the-encuentro-comes-to-belgium\/#primaryimage"},"image":{"@id":"https:\/\/catapa.be\/en\/movement-weekend-throwback-the-encuentro-comes-to-belgium\/#primaryimage"},"thumbnailUrl":"https:\/\/i0.wp.com\/catapa.be\/wp-content\/uploads\/2024\/02\/RTSN-workshops.png?fit=1080%2C1080&ssl=1","datePublished":"2024-02-14T11:07:18+00:00","breadcrumb":{"@id":"https:\/\/catapa.be\/en\/movement-weekend-throwback-the-encuentro-comes-to-belgium\/#breadcrumb"},"inLanguage":"en-US","potentialAction":[{"@type":"ReadAction","target":["https:\/\/catapa.be\/en\/movement-weekend-throwback-the-encuentro-comes-to-belgium\/"]}]},{"@type":"ImageObject","inLanguage":"en-US","@id":"https:\/\/catapa.be\/en\/movement-weekend-throwback-the-encuentro-comes-to-belgium\/#primaryimage","url":"https:\/\/i0.wp.com\/catapa.be\/wp-content\/uploads\/2024\/02\/RTSN-workshops.png?fit=1080%2C1080&ssl=1","contentUrl":"https:\/\/i0.wp.com\/catapa.be\/wp-content\/uploads\/2024\/02\/RTSN-workshops.png?fit=1080%2C1080&ssl=1","width":1080,"height":1080},{"@type":"BreadcrumbList","@id":"https:\/\/catapa.be\/en\/movement-weekend-throwback-the-encuentro-comes-to-belgium\/#breadcrumb","itemListElement":[{"@type":"ListItem","position":1,"name":"Home","item":"https:\/\/catapa.be\/en\/"},{"@type":"ListItem","position":2,"name":"Movement Weekend throwback: the Encuentro comes to Belgium!"}]},{"@type":"WebSite","@id":"https:\/\/catapa.be\/en\/#website","url":"https:\/\/catapa.be\/en\/","name":"CATAPA vzw","description":"Comit\u00e9 Acad\u00e9mico T\u00e9cnico de Asesoramiento a Problemas Ambientales","publisher":{"@id":"https:\/\/catapa.be\/en\/#organization"},"potentialAction":[{"@type":"SearchAction","target":{"@type":"EntryPoint","urlTemplate":"https:\/\/catapa.be\/en\/?s={search_term_string}"},"query-input":{"@type":"PropertyValueSpecification","valueRequired":true,"valueName":"search_term_string"}}],"inLanguage":"en-US"},{"@type":"Organization","@id":"https:\/\/catapa.be\/en\/#organization","name":"CATAPA vzw","url":"https:\/\/catapa.be\/en\/","logo":{"@type":"ImageObject","inLanguage":"en-US","@id":"https:\/\/catapa.be\/en\/#\/schema\/logo\/image\/","url":"https:\/\/i0.wp.com\/catapa.be\/wp-content\/uploads\/2019\/02\/NEW20LOGO20SHORT20PNG1.png?fit=1259%2C1321&ssl=1","contentUrl":"https:\/\/i0.wp.com\/catapa.be\/wp-content\/uploads\/2019\/02\/NEW20LOGO20SHORT20PNG1.png?fit=1259%2C1321&ssl=1","width":1259,"height":1321,"caption":"CATAPA vzw"},"image":{"@id":"https:\/\/catapa.be\/en\/#\/schema\/logo\/image\/"},"sameAs":["https:\/\/www.facebook.com\/catapa.belgium\/","https:\/\/x.com\/CATAPA_Belgica","https:\/\/www.instagram.com\/catapa_vzw\/","https:\/\/be.linkedin.com\/company\/catapavzw","https:\/\/www.youtube.com\/channel\/UCE52-Fiyv-Fpqf2gi1qhf1g"]},{"@type":"Person","@id":"https:\/\/catapa.be\/en\/#\/schema\/person\/616006538aa431977faa3117a8c4d546","name":"Teodora Patrascu","url":"https:\/\/catapa.be\/en\/author\/teodora\/"}]}},"jetpack_publicize_connections":[],"jetpack_featured_media_url":"https:\/\/i0.wp.com\/catapa.be\/wp-content\/uploads\/2024\/02\/RTSN-workshops.png?fit=1080%2C1080&ssl=1","jetpack_sharing_enabled":true,"jetpack_likes_enabled":true,"jetpack-related-posts":[{"id":34627,"url":"https:\/\/catapa.be\/en\/update-stop-expresdecfect-campaign-takes-over-flanders\/","url_meta":{"origin":35053,"position":0},"title":"Update: Stop #ExpresDefect campaign takes over Flanders!","author":"Teodora Patrascu","date":"22\/01\/2024","format":false,"excerpt":"[vc_row][vc_column][vc_column_text]The Stop #ExpresDefect-campaign had a very busy Fall. Policy wins from the local to the European level, a heap of fun events, and more interesting stuff coming up. Dive right into it! Good \u201crepair\u201d news at the EU level! The European Parliament voted for our right to repair! The current\u2026","rel":"","context":"In &quot;Campaigns&quot;","block_context":{"text":"Campaigns","link":"https:\/\/catapa.be\/en\/category\/campaigns\/"},"img":{"alt_text":"","src":"https:\/\/i0.wp.com\/catapa.be\/wp-content\/uploads\/2024\/01\/Stop-ExpresDefect.png?fit=675%2C675&ssl=1&resize=350%2C200","width":350,"height":200,"srcset":"https:\/\/i0.wp.com\/catapa.be\/wp-content\/uploads\/2024\/01\/Stop-ExpresDefect.png?fit=675%2C675&ssl=1&resize=350%2C200 1x, https:\/\/i0.wp.com\/catapa.be\/wp-content\/uploads\/2024\/01\/Stop-ExpresDefect.png?fit=675%2C675&ssl=1&resize=525%2C300 1.5x"},"classes":[]},{"id":35432,"url":"https:\/\/catapa.be\/en\/the-best-farewell-gift-to-frauke-stop-expresdefect-to-the-rescue-here-is-what-you-can-do\/","url_meta":{"origin":35053,"position":1},"title":"The best farewell gift to Frauke? Stop #ExpresDefect to the rescue! Here is what you can do.","author":"Koerian","date":"25\/04\/2024","format":false,"excerpt":"[vc_row][vc_column][vc_column_text]I hope you are all happy and well. First of all I have some sad news. April was my last month working for CATAPA. A replacement is foreseen in mid August. Meanwhile Maud will continue to coordinate the Stop #ExpresDefect campaign. But now more than ever, we need you all\u2026","rel":"","context":"Similar post","block_context":{"text":"Similar post","link":""},"img":{"alt_text":"","src":"https:\/\/i0.wp.com\/catapa.be\/wp-content\/uploads\/2024\/04\/frk-stopexpresdefect.jpg?fit=900%2C1200&ssl=1&resize=350%2C200","width":350,"height":200,"srcset":"https:\/\/i0.wp.com\/catapa.be\/wp-content\/uploads\/2024\/04\/frk-stopexpresdefect.jpg?fit=900%2C1200&ssl=1&resize=350%2C200 1x, https:\/\/i0.wp.com\/catapa.be\/wp-content\/uploads\/2024\/04\/frk-stopexpresdefect.jpg?fit=900%2C1200&ssl=1&resize=525%2C300 1.5x, https:\/\/i0.wp.com\/catapa.be\/wp-content\/uploads\/2024\/04\/frk-stopexpresdefect.jpg?fit=900%2C1200&ssl=1&resize=700%2C400 2x"},"classes":[]},{"id":36894,"url":"https:\/\/catapa.be\/en\/throwback-stop-expresdefect-autumn-campaign\/","url_meta":{"origin":35053,"position":2},"title":"Throwback: Stop #ExpresDefect Autumn Campaign","author":"Koerian","date":"06\/03\/2025","format":false,"excerpt":"We have been in 2025 for a while, but it's still worthwhile to look back at our CTRL ALT Delete campaign. We created unforgettable moments with Catapistas. We are pleased to share these memories here. All Catapistas worked hard in these activities. We carried them out in the spirit of\u2026","rel":"","context":"In &quot;Campaigns&quot;","block_context":{"text":"Campaigns","link":"https:\/\/catapa.be\/en\/category\/campaigns\/"},"img":{"alt_text":"","src":"https:\/\/i0.wp.com\/catapa.be\/wp-content\/uploads\/2025\/03\/Untitled-design-68.png?fit=1200%2C675&ssl=1&resize=350%2C200","width":350,"height":200,"srcset":"https:\/\/i0.wp.com\/catapa.be\/wp-content\/uploads\/2025\/03\/Untitled-design-68.png?fit=1200%2C675&ssl=1&resize=350%2C200 1x, https:\/\/i0.wp.com\/catapa.be\/wp-content\/uploads\/2025\/03\/Untitled-design-68.png?fit=1200%2C675&ssl=1&resize=525%2C300 1.5x, https:\/\/i0.wp.com\/catapa.be\/wp-content\/uploads\/2025\/03\/Untitled-design-68.png?fit=1200%2C675&ssl=1&resize=700%2C400 2x, https:\/\/i0.wp.com\/catapa.be\/wp-content\/uploads\/2025\/03\/Untitled-design-68.png?fit=1200%2C675&ssl=1&resize=1050%2C600 3x"},"classes":[]},{"id":34693,"url":"https:\/\/catapa.be\/nl\/update-de-stop-expresdefect-campagne-neemt-vlaanderen-over\/","url_meta":{"origin":35053,"position":3},"title":"Update: De stop #ExpresDefect-campagne neemt Vlaanderen over!","author":"Teodora Patrascu","date":"22\/01\/2024","format":false,"excerpt":"[vc_row][vc_column][vc_column_text]De Stop #ExpresDefect-campagne heeft een druk najaar achter de rug. Er werden van lokaal tot Europees niveau beleidsoverwinningen geboekt, er waren een hoop leuke evenementen en er zit nog een hoop in de pijplijn. Lees er hieronder alles over! Goed \"reparatie\" nieuws op EU-niveau! Het Europees Parlement heeft gestemd voor\u2026","rel":"","context":"In &quot;Campagnes&quot;","block_context":{"text":"Campagnes","link":"https:\/\/catapa.be\/nl\/category\/campagnes\/"},"img":{"alt_text":"","src":"https:\/\/i0.wp.com\/catapa.be\/wp-content\/uploads\/2024\/01\/Stop-ExpresDefect.png?fit=675%2C675&ssl=1&resize=350%2C200","width":350,"height":200,"srcset":"https:\/\/i0.wp.com\/catapa.be\/wp-content\/uploads\/2024\/01\/Stop-ExpresDefect.png?fit=675%2C675&ssl=1&resize=350%2C200 1x, https:\/\/i0.wp.com\/catapa.be\/wp-content\/uploads\/2024\/01\/Stop-ExpresDefect.png?fit=675%2C675&ssl=1&resize=525%2C300 1.5x"},"classes":[]},{"id":35512,"url":"https:\/\/catapa.be\/en\/esc-volunteer-vacancies-2024\/","url_meta":{"origin":35053,"position":4},"title":"Call closed &#8211; ESC Volunteer Vacancies 2024","author":"Koerian","date":"15\/05\/2024","format":false,"excerpt":"[vc_row][vc_column][vc_column_text css=\"\"]The deadline for this call has passed the 4th of June 2024 at 23h59.\u00a0If you are selected for the interviews you will be contacted in the beginning of August. Please try to minimize questions, as there are a lot of interested volunteers. If you still have an urgent remark\u2026","rel":"","context":"In &quot;Campaigns&quot;","block_context":{"text":"Campaigns","link":"https:\/\/catapa.be\/en\/category\/campaigns\/"},"img":{"alt_text":"","src":"https:\/\/i0.wp.com\/catapa.be\/wp-content\/uploads\/2023\/06\/Become-a-European-Solidarity-Corps-Volunteer-2023.png?fit=1094%2C425&ssl=1&resize=350%2C200","width":350,"height":200,"srcset":"https:\/\/i0.wp.com\/catapa.be\/wp-content\/uploads\/2023\/06\/Become-a-European-Solidarity-Corps-Volunteer-2023.png?fit=1094%2C425&ssl=1&resize=350%2C200 1x, https:\/\/i0.wp.com\/catapa.be\/wp-content\/uploads\/2023\/06\/Become-a-European-Solidarity-Corps-Volunteer-2023.png?fit=1094%2C425&ssl=1&resize=525%2C300 1.5x, https:\/\/i0.wp.com\/catapa.be\/wp-content\/uploads\/2023\/06\/Become-a-European-Solidarity-Corps-Volunteer-2023.png?fit=1094%2C425&ssl=1&resize=700%2C400 2x, https:\/\/i0.wp.com\/catapa.be\/wp-content\/uploads\/2023\/06\/Become-a-European-Solidarity-Corps-Volunteer-2023.png?fit=1094%2C425&ssl=1&resize=1050%2C600 3x"},"classes":[]},{"id":11939,"url":"https:\/\/catapa.be\/en\/catapa-in-de-kijker\/","url_meta":{"origin":35053,"position":5},"title":"CATAPA in de kijker","author":"admin","date":"19\/09\/2019","format":false,"excerpt":"[vc_row][vc_column][vc_column_text]Dear Catapistas, After the summer break we are back on track, feeling more enthusiast than ever and looking forward to seeing what the upcoming year will bring. And this time it comes with some breaking news! Let me introduce you CATAPA in de kijker, the first edition of a series\u2026","rel":"","context":"In &quot;Catapa in the spotlight&quot;","block_context":{"text":"Catapa in the spotlight","link":"https:\/\/catapa.be\/en\/category\/catapa-in-de-kijker\/"},"img":{"alt_text":"","src":"https:\/\/i0.wp.com\/catapa.be\/wp-content\/uploads\/2019\/09\/in-de-kijker.png?fit=500%2C500&ssl=1&resize=350%2C200","width":350,"height":200},"classes":[]}],"_links":{"self":[{"href":"https:\/\/catapa.be\/en\/wp-json\/wp\/v2\/posts\/35053","targetHints":{"allow":["GET"]}}],"collection":[{"href":"https:\/\/catapa.be\/en\/wp-json\/wp\/v2\/posts"}],"about":[{"href":"https:\/\/catapa.be\/en\/wp-json\/wp\/v2\/types\/post"}],"author":[{"embeddable":true,"href":"https:\/\/catapa.be\/en\/wp-json\/wp\/v2\/users\/70"}],"replies":[{"embeddable":true,"href":"https:\/\/catapa.be\/en\/wp-json\/wp\/v2\/comments?post=35053"}],"version-history":[{"count":5,"href":"https:\/\/catapa.be\/en\/wp-json\/wp\/v2\/posts\/35053\/revisions"}],"predecessor-version":[{"id":35070,"href":"https:\/\/catapa.be\/en\/wp-json\/wp\/v2\/posts\/35053\/revisions\/35070"}],"wp:featuredmedia":[{"embeddable":true,"href":"https:\/\/catapa.be\/en\/wp-json\/wp\/v2\/media\/35063"}],"wp:attachment":[{"href":"https:\/\/catapa.be\/en\/wp-json\/wp\/v2\/media?parent=35053"}],"wp:term":[{"taxonomy":"category","embeddable":true,"href":"https:\/\/catapa.be\/en\/wp-json\/wp\/v2\/categories?post=35053"},{"taxonomy":"post_tag","embeddable":true,"href":"https:\/\/catapa.be\/en\/wp-json\/wp\/v2\/tags?post=35053"}],"curies":[{"name":"wp","href":"https:\/\/api.w.org\/{rel}","templated":true}]}}