{"id":7585,"date":"2018-08-24T20:41:29","date_gmt":"2018-08-24T18:41:29","guid":{"rendered":"http:\/\/catapa.be\/?p=7585"},"modified":"2021-10-07T16:17:29","modified_gmt":"2021-10-07T14:17:29","slug":"make-ict-fair","status":"publish","type":"post","link":"https:\/\/catapa.be\/en\/make-ict-fair\/","title":{"rendered":"Make ICT Fair"},"content":{"rendered":"<div class=\"wpb-content-wrapper\"><p>[vc_row][vc_column][vc_custom_heading text=&#8221;Make ICT Fair&#8221; font_container=&#8221;tag:h2|text_align:center|color:%23000000&#8243; google_fonts=&#8221;font_family:Quicksand%3A300%2Cregular%2C700|font_style:700%20bold%20regular%3A700%3Anormal&#8221;][\/vc_column][\/vc_row][vc_row][vc_column][vc_column_text]<span style=\"font-weight: 400;\">The Make ICT Fair project began in November of 2017, when a consortium of 11 European organizations joined forces with the ultimate goal of improving the lives and livelihoods of people affected by ICT supply chains. Make ICT Fair was an European funded project (subsidized by<\/span><a href=\"https:\/\/europa.eu\/capacity4dev\/dear\"> <span style=\"font-weight: 400;\">the DEAR-programme<\/span><\/a><span style=\"font-weight: 400;\">) that ended in January 2021.<\/span><\/p>\n<p>&nbsp;<\/p>\n<p><strong>Why do we need to Make ICT Fair?\u00a0<\/strong><\/p>\n<p><span style=\"font-weight: 400;\">Because most ICT isn\u2019t fair. ICT refers to electronic products that we use on a daily basis, such as laptops and smartphones. The production process of these devices is marked by human right violations and ecological disasters.<\/span><\/p>\n<p><img data-recalc-dims=\"1\" loading=\"lazy\" decoding=\"async\" class=\"aligncenter wp-image-22943\" src=\"https:\/\/i0.wp.com\/catapa.be\/wp-content\/uploads\/2018\/08\/supply-chain.jpg?resize=640%2C453&#038;ssl=1\" alt=\"\" width=\"640\" height=\"453\" \/>[\/vc_column_text][vc_column_text]<span style=\"font-weight: 400;\">First of all, electronics contain a high amount of metals. Smartphones for example contain more than 40 different metals. These metals need to be extracted from the earth. This mainly occurs through large-scale mining projects, creating enormous ecological impacts such as; the dehydration of lakes, rivers and the earth, the contamination of soil and water with heavy metals and toxic substances, deforestation and biodiversity loss. Again, this creates several social impacts such as (forced) migration, loss of income due to degradation of agricultural land, diseases due to contamination of drinking water, criminalization of protest and human rights defenders, conflicts and corruption. Next to this, the ICT production phase also has a dark side. In many ICT factories, which are located mainly in Asia and Eastern Europe, labour conditions are far from ideal. ICT factory workers are required to work excessive hours for low wages in unsafe and unhealthy conditions. And, if that isn\u2019t enough, the amount of e-waste discarded by the global population is only increasing annually, with severe social and ecological consequences. This is the result of the linear production model: our electronics are not designed to be easily repairable or recyclable.<\/span><\/p>\n<p><span style=\"font-weight: 400;\">There are many reasons why working towards a fairer ICT production and consumption model is not\u00a0 simple. Firstly, the ICT supply chain is not transparent and is very fragmented. Firstly, the ICT supply chain is not transparent and is very fragmented. It is easy for companies to avoid taking responsibility for other stages of the supply chain. The entire production and consumption model needs to be scrutinized and redesigned.\u00a0<\/span><\/p>\n<p><span style=\"font-weight: 400;\">\u00a0In this way it\u2019s quite easy for companies to not take their responsibility for what happens in a previous stage of the supply chain. The whole production and consumption model is in need of scrutinization and redesigning.<\/span><\/p>\n<p><span style=\"font-weight: 400;\">The whole supply chain is in desperate need of a change. We need to Make ICT Fair.\u00a0<\/span><\/p>\n<p><span style=\"font-weight: 400;\">Here you can read more about the issues within the ICT supply chain.<\/span><\/p>\n<p><img data-recalc-dims=\"1\" loading=\"lazy\" decoding=\"async\" class=\" wp-image-22928 aligncenter\" src=\"https:\/\/i0.wp.com\/catapa.be\/wp-content\/uploads\/2018\/08\/phone-story.jpg?resize=625%2C1157&#038;ssl=1\" alt=\"\" width=\"625\" height=\"1157\" srcset=\"https:\/\/i0.wp.com\/catapa.be\/wp-content\/uploads\/2018\/08\/phone-story.jpg?resize=162%2C300&amp;ssl=1 162w, https:\/\/i0.wp.com\/catapa.be\/wp-content\/uploads\/2018\/08\/phone-story.jpg?w=553&amp;ssl=1 553w\" sizes=\"auto, (max-width: 625px) 100vw, 625px\" \/><\/p>\n<p>[\/vc_column_text][\/vc_column][\/vc_row][vc_row][vc_column][vc_column_text]<strong>How did we Make ICT Fairer?<\/strong><\/p>\n<p><span style=\"font-weight: 400;\">The Make ICT Fair consortium utilised four different strategies to make ICT Fair:<\/span><\/p>\n<ol>\n<li><b><\/b><span style=\"font-weight: 400;\"> \u00a0 <\/span> <b>Raising awareness in Europe on the issues within the ICT Supply chain<\/b><\/li>\n<\/ol>\n<p><span style=\"font-weight: 400;\">First of all, with the Make ICT Fair project we wanted to meet the urgent need to increase awareness of European citizens as to how our electronics are produced, drawing attention to the labour conditions and environmental impacts.\u00a0<\/span><\/p>\n<p><span style=\"font-weight: 400;\">This is a very important first step, because often people aren\u2019t aware of the story of their phones before they purchase them in the store. Within the Make ICT Fair project, the consortium increased awareness of European citizens on the impact of our ICT by; creatingsocial media campaigns and sharing articles, creating educational material,\u00a0 training activists and\u00a0 organizing public actions, conferences, workshops, Speaker Tours, guest lectures, documentary screenings and several other educational events.\u00a0<\/span><\/p>\n<p><img data-recalc-dims=\"1\" loading=\"lazy\" decoding=\"async\" class=\"wp-image-22952 aligncenter\" src=\"https:\/\/i0.wp.com\/catapa.be\/wp-content\/uploads\/2018\/08\/the-chemical.jpg?resize=401%2C241&#038;ssl=1\" alt=\"\" width=\"401\" height=\"241\" srcset=\"https:\/\/i0.wp.com\/catapa.be\/wp-content\/uploads\/2018\/08\/the-chemical.jpg?resize=300%2C180&amp;ssl=1 300w, https:\/\/i0.wp.com\/catapa.be\/wp-content\/uploads\/2018\/08\/the-chemical.jpg?w=692&amp;ssl=1 692w\" sizes=\"auto, (max-width: 401px) 100vw, 401px\" \/><img data-recalc-dims=\"1\" loading=\"lazy\" decoding=\"async\" class=\"wp-image-22955 aligncenter\" src=\"https:\/\/i0.wp.com\/catapa.be\/wp-content\/uploads\/2018\/08\/the-wage-.jpg?resize=372%2C291&#038;ssl=1\" alt=\"\" width=\"372\" height=\"291\" srcset=\"https:\/\/i0.wp.com\/catapa.be\/wp-content\/uploads\/2018\/08\/the-wage-.jpg?resize=300%2C235&amp;ssl=1 300w, https:\/\/i0.wp.com\/catapa.be\/wp-content\/uploads\/2018\/08\/the-wage-.jpg?resize=1024%2C800&amp;ssl=1 1024w, https:\/\/i0.wp.com\/catapa.be\/wp-content\/uploads\/2018\/08\/the-wage-.jpg?resize=768%2C600&amp;ssl=1 768w, https:\/\/i0.wp.com\/catapa.be\/wp-content\/uploads\/2018\/08\/the-wage-.jpg?resize=1536%2C1201&amp;ssl=1 1536w, https:\/\/i0.wp.com\/catapa.be\/wp-content\/uploads\/2018\/08\/the-wage-.jpg?w=1704&amp;ssl=1 1704w, https:\/\/i0.wp.com\/catapa.be\/wp-content\/uploads\/2018\/08\/the-wage-.jpg?w=1280&amp;ssl=1 1280w\" sizes=\"auto, (max-width: 372px) 100vw, 372px\" \/>[\/vc_column_text][vc_column_text]<span style=\"font-weight: 400;\">Raising awareness in numbers:<\/span><\/p>\n<ul>\n<li style=\"font-weight: 400;\" aria-level=\"1\"><span style=\"font-weight: 400;\">We reached over 150 million European citizens through press and media work and social media campaigns, linking their own consumption to the challenges and negative impacts associated with global ICT supply chains (mining and manufacturing) and the interdependencies of the EU and the Global South.<\/span><\/li>\n<li style=\"font-weight: 400;\" aria-level=\"1\"><span style=\"font-weight: 400;\">Project partners actively engaged 350,000 citizens with training sessions, street actions, congresses, speaker tours and seminars. These activities were successful in building awareness, skills, and knowledge among trained activists and the general public, supporting them in active citizenship from a local to a national level to create change in ICT supply chains.<\/span><\/li>\n<li style=\"font-weight: 400;\" aria-level=\"1\"><span style=\"font-weight: 400;\">Large-scale events designed to reach a broader audience were organising in collaboration with multiple partners, including;\u00a0<\/span>\n<ul>\n<li style=\"font-weight: 400;\" aria-level=\"2\"><span style=\"font-weight: 400;\">SETEM organized three sessions of <\/span><a href=\"https:\/\/mobilesocialcongress.cat\/en\/\"><span style=\"font-weight: 400;\">the Mobile Social Congress<\/span><\/a><span style=\"font-weight: 400;\">, with input and speakers from other Make ICT Fair partners. The main goals of the congress were to reflect on the current production and consumption ICT model that generates serious human rights violations and environmental consequences, and the potential of existing ethical consumption alternatives &#8211; issues that were not discussed at the annual Mobile World Congress that took place simultaneously in Barcelona.\u00a0<\/span><\/li>\n<li style=\"font-weight: 400;\" aria-level=\"2\"><span style=\"font-weight: 400;\">Three Academic Speaker Tours were set up by CATAPA. Three speakers from the Global South travelled to Europe to give guest lectures in universities and ran several other events about mining issues in their countries. They traveled through Belgium, but also told their story during activities organised by Bankwatch in Bulgaria, by Le Monde Diplomatique in Poland and by TSA in Hungary.\u00a0<\/span><\/li>\n<\/ul>\n<\/li>\n<\/ul>\n<p><span style=\"font-weight: 400;\">People &amp; Planet coordinated <\/span><a href=\"https:\/\/peopleandplanet.org\/tags\/power-shift\"><span style=\"font-weight: 400;\">Power Shift<\/span><\/a><span style=\"font-weight: 400;\"> three years in a row &#8211; a multiple day training series for young people focused on strengthening their activist and campaigning skills. Activists from SETEM, TSA, CATAPA, Bankwatch and Le Monde Diplomatique participated in these training sessions. <\/span>[\/vc_column_text][vc_images_carousel images=&#8221;22931,22913,22916,22907,22910&#8243; img_size=&#8221;large&#8221;][vc_column_text]<\/p>\n<ol start=\"2\">\n<li><b><\/b><span style=\"font-weight: 400;\"> \u00a0 <\/span> <b>Promoting fair public procurement as a tool for positive change<\/b><\/li>\n<\/ol>\n<p><span style=\"font-weight: 400;\">Government, regional authorities and universities are large-scale consumers of electronics products such as computers, laptops and tablets. Within the EU, one out of five laptops is bought by the public sector. Consequently, as a major consumer, the public sector as a whole has considerable leverage. If the entirety of the public sector were to join forces, it could utilise this leverage to force the industry to implement structural improvements and higher standards.<\/span><\/p>\n<p><span style=\"font-weight: 400;\">Therefore, Make ICT Fair targeted public sector buyers, encouraging them to integrate sustainability criteria within their ICT product procurement tenders. At the same time, monitoring systems were strengthened across the supply chain.<\/span><\/p>\n<p><span style=\"font-weight: 400;\">Promoting fair public procurement in numbers:\u00a0<\/span><\/p>\n<ul>\n<li style=\"font-weight: 400;\" aria-level=\"1\"><span style=\"font-weight: 400;\">During the project 331 institutions were encouraged by project partners to affiliate themselves with Electronics Watch and make work of fairer public procurement policies.\u00a0<\/span><\/li>\n<li style=\"font-weight: 400;\" aria-level=\"1\"><span style=\"font-weight: 400;\">Expert roundtables, conferences, seminars, and webinars reached 1,700 public procurers.\u00a0<\/span><\/li>\n<li style=\"font-weight: 400;\" aria-level=\"1\"><span style=\"font-weight: 400;\">Training sessions were conducted to strengthen monitoring partners in manufacturing and mining regions. These trainings were organised by Electronics Watch and CATAPA and focused on the worker-driven monitoring methodology for monitoring partners in the mining and the manufacturing sector.\u00a0<\/span><\/li>\n<li style=\"font-weight: 400;\" aria-level=\"1\"><span style=\"font-weight: 400;\">ICLEI and Electronics Watch developed tender models, provided advice, guidance and expert briefing to public procurers. Six pilot tenders and five <\/span><a href=\"https:\/\/procuraplus.org\/interest-groups\/srpp\/\"><span style=\"font-weight: 400;\">published case studies<\/span><\/a><span style=\"font-weight: 400;\"> inspired local administrations and Procura+ Interest Group participants to make work of their own procurement.\u00a0<\/span><\/li>\n<li style=\"font-weight: 400;\" aria-level=\"1\"><span style=\"font-weight: 400;\">A database was set up to make the connection between 60 brands, 176 factories and 56 procurers.\u00a0<\/span><\/li>\n<\/ul>\n<p>[\/vc_column_text][vc_images_carousel images=&#8221;22971,22934&#8243; img_size=&#8221;large&#8221;][vc_column_text]<\/p>\n<ol start=\"3\">\n<li><b><\/b><span style=\"font-weight: 400;\"> \u00a0 <\/span> <b>Performing research to detect issues within the ICT supply chain and increase transparency<\/b><\/li>\n<\/ol>\n<p><span style=\"font-weight: 400;\">The ICT supply chain is very complex and untransparent. That\u2019s why we performed research on the ICT supply chain to detect certain issues such as human rights violations and to gain more insight into the complex metal and component tiers.\u00a0<\/span><\/p>\n<p><span style=\"font-weight: 400;\">This is a selection of the research produced within the framework of the Make ICT Fair project:\u00a0<\/span><\/p>\n<ul>\n<li style=\"font-weight: 400;\" aria-level=\"1\"><a href=\"https:\/\/swedwatch.org\/wp-content\/uploads\/2019\/05\/94_Zambia_uppslag.pdf\"><span style=\"font-weight: 400;\">Copper with a cost<\/span><\/a><span style=\"font-weight: 400;\"> \u2013 A report produced by Swedwatch on the human rights and environmental risks in the mineral supply chains of ICT, focusing on a case study from Zambia<\/span><\/li>\n<li style=\"font-weight: 400;\" aria-level=\"1\"><a href=\"https:\/\/danwatch.dk\/en\/undersoegelse\/forced-labour-in-your-electronics\/#:~:text=Danwatch%20interviewed%20migrants%20working%20at,US'%20largest%20computer%20chip%20makers.&amp;text=The%20workers%20claim%20the%20factory,stuck%20in%20Malaysia%20without%20documents.\"><span style=\"font-weight: 400;\">Forced labour behind your screen<\/span><\/a><span style=\"font-weight: 400;\"> \u2013 Research performed by Danwatch on behalf of SETEM on the bad working situations of migrant ICT factories in Malaysia.\u00a0<\/span><\/li>\n<li style=\"font-weight: 400;\" aria-level=\"1\"><a href=\"https:\/\/catapa.be\/en\/linking-the-bolivian-minerals-to-the-european-industry\/\"><span style=\"font-weight: 400;\">Linking the Bolivian minerals to the European Industry<\/span><\/a><span style=\"font-weight: 400;\"> \u2013 research carried out by CATAPA that tracks the supply chain of the metal Indium (important for touchscreens in smartphones), from Bolivian cooperative mines to the European Industry.\u00a0<\/span><\/li>\n<\/ul>\n<p><span style=\"font-weight: 400;\">You can find an overview of all the research carried out within the Make ICT Fair project on <\/span><a href=\"https:\/\/www.ed.ac.uk\/sustainability\/what-we-do\/supply-chains\/initiatives\/make-ict-fair-project#:~:text=The%20University%20collaborated%20with%20ten,November%202017%20to%20January%202021.\"><span style=\"font-weight: 400;\">this page of the University of Edinburgh<\/span><\/a><span style=\"font-weight: 400;\">. There you can also find a collection of articles produced by the Make ICT Far project titled <\/span><a href=\"https:\/\/www.ed.ac.uk\/files\/atoms\/files\/human_rights_risks_in_the_ict_supply_chain_0.pdf\"><span style=\"font-weight: 400;\">\u2018Human rights risks in the ICT supply chain\u2019<\/span><\/a><span style=\"font-weight: 400;\">. <\/span><\/p>\n<p><img data-recalc-dims=\"1\" loading=\"lazy\" decoding=\"async\" class=\"wp-image-22895 aligncenter\" src=\"https:\/\/i0.wp.com\/catapa.be\/wp-content\/uploads\/2018\/08\/human-rights-risk-.jpg?resize=533%2C320&#038;ssl=1\" alt=\"\" width=\"533\" height=\"320\" srcset=\"https:\/\/i0.wp.com\/catapa.be\/wp-content\/uploads\/2018\/08\/human-rights-risk-.jpg?resize=300%2C180&amp;ssl=1 300w, https:\/\/i0.wp.com\/catapa.be\/wp-content\/uploads\/2018\/08\/human-rights-risk-.jpg?resize=768%2C461&amp;ssl=1 768w, https:\/\/i0.wp.com\/catapa.be\/wp-content\/uploads\/2018\/08\/human-rights-risk-.jpg?w=782&amp;ssl=1 782w\" sizes=\"auto, (max-width: 533px) 100vw, 533px\" \/><\/p>\n<p><img data-recalc-dims=\"1\" loading=\"lazy\" decoding=\"async\" class=\" wp-image-22886 aligncenter\" src=\"https:\/\/i0.wp.com\/catapa.be\/wp-content\/uploads\/2018\/08\/copper.jpg?resize=445%2C378&#038;ssl=1\" alt=\"\" width=\"445\" height=\"378\" srcset=\"https:\/\/i0.wp.com\/catapa.be\/wp-content\/uploads\/2018\/08\/copper.jpg?resize=300%2C255&amp;ssl=1 300w, https:\/\/i0.wp.com\/catapa.be\/wp-content\/uploads\/2018\/08\/copper.jpg?w=596&amp;ssl=1 596w\" sizes=\"auto, (max-width: 445px) 100vw, 445px\" \/>[\/vc_column_text][vc_column_text]<\/p>\n<ol start=\"4\">\n<li><b><\/b><span style=\"font-weight: 400;\"> \u00a0 <\/span> <b>Advocating for the integration of fairness and sustainability aspects in legislation related to ICT<\/b><\/li>\n<\/ol>\n<p><span style=\"font-weight: 400;\">Legislation concerning the ICT supply chain is developed at both the European and national level. Make ICT Fair partners analyzed and closely monitored such legislation to push for the integration of sustainability aspects. The EU\u2019s multilateral development banks\u2019 investments were closely monitored and lobbied to adhere to best practices.\u00a0<\/span><\/p>\n<p><span style=\"font-weight: 400;\">More specifically, the Make ICT Fair consortium made policy recommendations regarding these subjects;\u00a0<\/span><\/p>\n<ul>\n<li style=\"font-weight: 400;\" aria-level=\"1\"><span style=\"font-weight: 400;\">Adopting rules on Human Rights and Environmental Due Diligence\u00a0<\/span><\/li>\n<li style=\"font-weight: 400;\" aria-level=\"1\"><span style=\"font-weight: 400;\">Ensure Multilateral Development Banks implement Human Rights and Environment Due Diligence<\/span><\/li>\n<li style=\"font-weight: 400;\" aria-level=\"1\"><span style=\"font-weight: 400;\">Push for the EU to upgrade its public procurement policies<\/span><\/li>\n<li style=\"font-weight: 400;\" aria-level=\"1\"><span style=\"font-weight: 400;\">Ensure that EU policies regarding circular electronics and ICT lead to fairer value chains<\/span><\/li>\n<li style=\"font-weight: 400;\" aria-level=\"1\"><span style=\"font-weight: 400;\">Inclusion of social aspects in the Sustainable Products Initiative<\/span><\/li>\n<\/ul>\n<p><span style=\"font-weight: 400;\">To work on the implementation of these recommendations, Make ICT Fair partners held frequent meetings with EU decision makers, organizing lobby events in the European Parliament (such as the <\/span><a href=\"https:\/\/fairtrade-advocacy.org\/other-information\/european-parliament-make-ict-fair-breakfast-raises-awareness-of-human-rights-violations-in-ict-supply-chains\/\"><span style=\"font-weight: 400;\">European Parliament \u2018Make ICT Fair\u2019 Breakfast<\/span><\/a><span style=\"font-weight: 400;\"> with the goal of raising awareness of human rights violations within ICT supply chains) and formed the Make ICT Fair Friends group out of existing decision makers.\u00a0<\/span><\/p>\n<p><span style=\"font-weight: 400;\">For this, the consortium was supported by consultant Fair Trade Advocacy Office (FTAO).\u00a0<\/span><\/p>\n<p><a href=\"https:\/\/fairtrade-advocacy.org\/our-work\/eu-policies\/make-ict-fair\/\"><span style=\"font-weight: 400;\">Here you can read more about EU policy recommendations Make ICT Fair partners were and are continuing to work on.\u00a0<\/span><\/a><\/p>\n<p><img data-recalc-dims=\"1\" loading=\"lazy\" decoding=\"async\" class=\" wp-image-22919 aligncenter\" src=\"https:\/\/i0.wp.com\/catapa.be\/wp-content\/uploads\/2018\/08\/partners-2.jpg?resize=521%2C391&#038;ssl=1\" alt=\"\" width=\"521\" height=\"391\" srcset=\"https:\/\/i0.wp.com\/catapa.be\/wp-content\/uploads\/2018\/08\/partners-2.jpg?resize=300%2C225&amp;ssl=1 300w, https:\/\/i0.wp.com\/catapa.be\/wp-content\/uploads\/2018\/08\/partners-2.jpg?w=665&amp;ssl=1 665w\" sizes=\"auto, (max-width: 521px) 100vw, 521px\" \/>[\/vc_column_text][vc_column_text]<span style=\"font-weight: 400;\">Some Make ICT Fair partners also pressured their national governments to raise ICT supply chain issues and improve legislation. For example, TSA launched a campaign and a petition to push for legislation in Hungary that would extend the obligatory guarantee period for ICT products.\u00a0<\/span><\/p>\n<p><img data-recalc-dims=\"1\" loading=\"lazy\" decoding=\"async\" class=\"wp-image-22949 aligncenter\" src=\"https:\/\/i0.wp.com\/catapa.be\/wp-content\/uploads\/2018\/08\/telefon.jpg?resize=500%2C500&#038;ssl=1\" alt=\"\" width=\"500\" height=\"500\" srcset=\"https:\/\/i0.wp.com\/catapa.be\/wp-content\/uploads\/2018\/08\/telefon.jpg?resize=300%2C300&amp;ssl=1 300w, https:\/\/i0.wp.com\/catapa.be\/wp-content\/uploads\/2018\/08\/telefon.jpg?resize=150%2C150&amp;ssl=1 150w, https:\/\/i0.wp.com\/catapa.be\/wp-content\/uploads\/2018\/08\/telefon.jpg?resize=160%2C160&amp;ssl=1 160w, https:\/\/i0.wp.com\/catapa.be\/wp-content\/uploads\/2018\/08\/telefon.jpg?w=600&amp;ssl=1 600w\" sizes=\"auto, (max-width: 500px) 100vw, 500px\" \/>[\/vc_column_text][vc_column_text]<\/p>\n<h3>To be continued\u2026<\/h3>\n<p><span style=\"font-weight: 400;\">During the three years of the Make ICT Fair project, eleven partners took steps towards a fairer ICT supply chain. However, lots of work must still be done. From 2021 onwards the consortium will continue to work together on different levels to Make ICT Fair;\u00a0<\/span><\/p>\n<ul>\n<li style=\"font-weight: 400;\" aria-level=\"1\"><span style=\"font-weight: 400;\">Dialogue and collaboration between partners will continue . Supported by a contracted consultant, the consortium will continue to meet regularly and will keep on advocating for fairer policies by targeting EU level policy makers.\u00a0<\/span><\/li>\n<li style=\"font-weight: 400;\" aria-level=\"1\"><span style=\"font-weight: 400;\">Make ICT Fair partners will continue to focus on the topic of ICT individually within their organizations. For some partners,\u00a0 the impact of ICT will continue to play a significant role in their educational and awareness-raising offer. Others will continue to perform lobby activities or carry out research regarding the subject. Several organizations also joined forces for smaller projects and will continue to focus on their specific accomplishments.\u00a0<\/span><\/li>\n<li style=\"font-weight: 400;\" aria-level=\"1\"><span style=\"font-weight: 400;\">The Make ICT Fair consortium will be on the lookout for a follow-up project to continue the work outlined above.\u00a0<\/span><\/li>\n<\/ul>\n<p>[\/vc_column_text][\/vc_column][\/vc_row][vc_row][vc_column][vc_column_text]<strong>The project partners<\/strong><\/p>\n<p><a href=\"https:\/\/electronicswatch.org\/en\" target=\"_blank\" rel=\"noopener\"><img data-recalc-dims=\"1\" loading=\"lazy\" decoding=\"async\" class=\"wp-image-22889 alignleft\" src=\"https:\/\/i0.wp.com\/catapa.be\/wp-content\/uploads\/2018\/08\/electronics-watch.jpg?resize=243%2C147&#038;ssl=1\" alt=\"\" width=\"243\" height=\"147\" \/><\/a><\/p>\n<p>&nbsp;<\/p>\n<p>&nbsp;<\/p>\n<p>&nbsp;<\/p>\n<p>&nbsp;<\/p>\n<p><a href=\"https:\/\/catapa.be\/en\/\" target=\"_blank\" rel=\"noopener\"><img data-recalc-dims=\"1\" loading=\"lazy\" decoding=\"async\" class=\"size-medium wp-image-22977 alignleft\" src=\"https:\/\/i0.wp.com\/catapa.be\/wp-content\/uploads\/2018\/08\/catapa-logo.png?resize=300%2C72&#038;ssl=1\" alt=\"\" width=\"300\" height=\"72\" srcset=\"https:\/\/i0.wp.com\/catapa.be\/wp-content\/uploads\/2018\/08\/catapa-logo.png?resize=300%2C72&amp;ssl=1 300w, https:\/\/i0.wp.com\/catapa.be\/wp-content\/uploads\/2018\/08\/catapa-logo.png?resize=1024%2C247&amp;ssl=1 1024w, https:\/\/i0.wp.com\/catapa.be\/wp-content\/uploads\/2018\/08\/catapa-logo.png?resize=768%2C185&amp;ssl=1 768w, https:\/\/i0.wp.com\/catapa.be\/wp-content\/uploads\/2018\/08\/catapa-logo.png?w=1038&amp;ssl=1 1038w\" sizes=\"auto, (max-width: 300px) 100vw, 300px\" \/><\/a><\/p>\n<p>&nbsp;<\/p>\n<p>&nbsp;<\/p>\n<p><a href=\"https:\/\/www.iclei.org\/\" target=\"_blank\" rel=\"noopener\"><img data-recalc-dims=\"1\" loading=\"lazy\" decoding=\"async\" class=\"alignnone wp-image-22898 size-full\" src=\"https:\/\/i0.wp.com\/catapa.be\/wp-content\/uploads\/2018\/08\/iclei.png?resize=205%2C166&#038;ssl=1\" alt=\"\" width=\"205\" height=\"166\" \/><\/a><\/p>\n<p><a href=\"https:\/\/fairtrade-advocacy.org\/\" target=\"_blank\" rel=\"noopener\"><img data-recalc-dims=\"1\" loading=\"lazy\" decoding=\"async\" class=\"alignnone wp-image-22892\" src=\"https:\/\/i0.wp.com\/catapa.be\/wp-content\/uploads\/2018\/08\/fair-trade.jpg?resize=185%2C162&#038;ssl=1\" alt=\"\" width=\"185\" height=\"162\" \/><\/a><\/p>\n<p>&nbsp;<\/p>\n<p><a href=\"https:\/\/www.setem.org\/catalunya\/\" target=\"_blank\" rel=\"noopener\"><img data-recalc-dims=\"1\" loading=\"lazy\" decoding=\"async\" class=\"alignnone size-medium wp-image-22937\" src=\"https:\/\/i0.wp.com\/catapa.be\/wp-content\/uploads\/2018\/08\/setem.jpg?resize=300%2C90&#038;ssl=1\" alt=\"\" width=\"300\" height=\"90\" srcset=\"https:\/\/i0.wp.com\/catapa.be\/wp-content\/uploads\/2018\/08\/setem.jpg?resize=300%2C90&amp;ssl=1 300w, https:\/\/i0.wp.com\/catapa.be\/wp-content\/uploads\/2018\/08\/setem.jpg?w=411&amp;ssl=1 411w\" sizes=\"auto, (max-width: 300px) 100vw, 300px\" \/><\/a><\/p>\n<p>&nbsp;<\/p>\n<p><a href=\"https:\/\/peopleandplanet.org\/\" target=\"_blank\" rel=\"noopener\"><img data-recalc-dims=\"1\" loading=\"lazy\" decoding=\"async\" class=\"alignnone wp-image-22982\" src=\"https:\/\/i0.wp.com\/catapa.be\/wp-content\/uploads\/2018\/08\/people-plqnet.png?resize=326%2C64&#038;ssl=1\" alt=\"\" width=\"326\" height=\"64\" srcset=\"https:\/\/i0.wp.com\/catapa.be\/wp-content\/uploads\/2018\/08\/people-plqnet.png?resize=300%2C59&amp;ssl=1 300w, https:\/\/i0.wp.com\/catapa.be\/wp-content\/uploads\/2018\/08\/people-plqnet.png?w=600&amp;ssl=1 600w\" sizes=\"auto, (max-width: 326px) 100vw, 326px\" \/><\/a><\/p>\n<p><a href=\"https:\/\/www.ed.ac.uk\/\" target=\"_blank\" rel=\"noopener\"><img data-recalc-dims=\"1\" loading=\"lazy\" decoding=\"async\" class=\"alignnone wp-image-22985\" src=\"https:\/\/i0.wp.com\/catapa.be\/wp-content\/uploads\/2018\/08\/University_of_Edinburgh_ceremonial_roundel.svg_.png?resize=183%2C184&#038;ssl=1\" alt=\"\" width=\"183\" height=\"184\" srcset=\"https:\/\/i0.wp.com\/catapa.be\/wp-content\/uploads\/2018\/08\/University_of_Edinburgh_ceremonial_roundel.svg_.png?resize=298%2C300&amp;ssl=1 298w, https:\/\/i0.wp.com\/catapa.be\/wp-content\/uploads\/2018\/08\/University_of_Edinburgh_ceremonial_roundel.svg_.png?resize=1017%2C1024&amp;ssl=1 1017w, https:\/\/i0.wp.com\/catapa.be\/wp-content\/uploads\/2018\/08\/University_of_Edinburgh_ceremonial_roundel.svg_.png?resize=150%2C150&amp;ssl=1 150w, https:\/\/i0.wp.com\/catapa.be\/wp-content\/uploads\/2018\/08\/University_of_Edinburgh_ceremonial_roundel.svg_.png?resize=768%2C773&amp;ssl=1 768w, https:\/\/i0.wp.com\/catapa.be\/wp-content\/uploads\/2018\/08\/University_of_Edinburgh_ceremonial_roundel.svg_.png?resize=160%2C160&amp;ssl=1 160w, https:\/\/i0.wp.com\/catapa.be\/wp-content\/uploads\/2018\/08\/University_of_Edinburgh_ceremonial_roundel.svg_.png?w=1200&amp;ssl=1 1200w\" sizes=\"auto, (max-width: 183px) 100vw, 183px\" \/><\/a><\/p>\n<p><a href=\"https:\/\/bankwatch.org\/\" target=\"_blank\" rel=\"noopener\"><img data-recalc-dims=\"1\" loading=\"lazy\" decoding=\"async\" class=\"alignnone size-medium wp-image-22988\" src=\"https:\/\/i0.wp.com\/catapa.be\/wp-content\/uploads\/2018\/08\/BWN_logo.png?resize=300%2C85&#038;ssl=1\" alt=\"\" width=\"300\" height=\"85\" srcset=\"https:\/\/i0.wp.com\/catapa.be\/wp-content\/uploads\/2018\/08\/BWN_logo.png?resize=300%2C85&amp;ssl=1 300w, https:\/\/i0.wp.com\/catapa.be\/wp-content\/uploads\/2018\/08\/BWN_logo.png?resize=1024%2C291&amp;ssl=1 1024w, https:\/\/i0.wp.com\/catapa.be\/wp-content\/uploads\/2018\/08\/BWN_logo.png?resize=768%2C219&amp;ssl=1 768w, https:\/\/i0.wp.com\/catapa.be\/wp-content\/uploads\/2018\/08\/BWN_logo.png?w=1430&amp;ssl=1 1430w, https:\/\/i0.wp.com\/catapa.be\/wp-content\/uploads\/2018\/08\/BWN_logo.png?w=1280&amp;ssl=1 1280w\" sizes=\"auto, (max-width: 300px) 100vw, 300px\" \/><\/a><\/p>\n<p><a href=\"https:\/\/mtvsz.hu\/en\/about-us\" target=\"_blank\" rel=\"noopener\"><img data-recalc-dims=\"1\" loading=\"lazy\" decoding=\"async\" class=\"alignnone size-medium wp-image-22904\" src=\"https:\/\/i0.wp.com\/catapa.be\/wp-content\/uploads\/2018\/08\/magyar.jpg?resize=300%2C127&#038;ssl=1\" alt=\"\" width=\"300\" height=\"127\" srcset=\"https:\/\/i0.wp.com\/catapa.be\/wp-content\/uploads\/2018\/08\/magyar.jpg?resize=300%2C127&amp;ssl=1 300w, https:\/\/i0.wp.com\/catapa.be\/wp-content\/uploads\/2018\/08\/magyar.jpg?w=345&amp;ssl=1 345w\" sizes=\"auto, (max-width: 300px) 100vw, 300px\" \/><\/a><\/p>\n<p><a href=\"https:\/\/monde-diplomatique.pl\/\" target=\"_blank\" rel=\"noopener\"><img data-recalc-dims=\"1\" loading=\"lazy\" decoding=\"async\" class=\"alignnone size-medium wp-image-22991\" src=\"https:\/\/i0.wp.com\/catapa.be\/wp-content\/uploads\/2018\/08\/ownefnpxpmlwhedg.jpg?resize=300%2C108&#038;ssl=1\" alt=\"\" width=\"300\" height=\"108\" srcset=\"https:\/\/i0.wp.com\/catapa.be\/wp-content\/uploads\/2018\/08\/ownefnpxpmlwhedg.jpg?resize=300%2C108&amp;ssl=1 300w, https:\/\/i0.wp.com\/catapa.be\/wp-content\/uploads\/2018\/08\/ownefnpxpmlwhedg.jpg?w=720&amp;ssl=1 720w\" sizes=\"auto, (max-width: 300px) 100vw, 300px\" \/><\/a><\/p>\n<p><a href=\"https:\/\/www.suedwind.at\/en\/\" target=\"_blank\" rel=\"noopener\"><img data-recalc-dims=\"1\" loading=\"lazy\" decoding=\"async\" class=\"alignnone size-full wp-image-22940\" src=\"https:\/\/i0.wp.com\/catapa.be\/wp-content\/uploads\/2018\/08\/sudwind.jpg?resize=295%2C101&#038;ssl=1\" alt=\"\" width=\"295\" height=\"101\" \/><\/a><\/p>\n<p><a href=\"https:\/\/swedwatch.org\/\" target=\"_blank\" rel=\"noopener\"><img data-recalc-dims=\"1\" loading=\"lazy\" decoding=\"async\" class=\"alignnone wp-image-22994\" src=\"https:\/\/i0.wp.com\/catapa.be\/wp-content\/uploads\/2018\/08\/swedwatch_logo_blue.png?resize=221%2C187&#038;ssl=1\" alt=\"\" width=\"221\" height=\"187\" srcset=\"https:\/\/i0.wp.com\/catapa.be\/wp-content\/uploads\/2018\/08\/swedwatch_logo_blue.png?resize=300%2C254&amp;ssl=1 300w, https:\/\/i0.wp.com\/catapa.be\/wp-content\/uploads\/2018\/08\/swedwatch_logo_blue.png?resize=1024%2C868&amp;ssl=1 1024w, https:\/\/i0.wp.com\/catapa.be\/wp-content\/uploads\/2018\/08\/swedwatch_logo_blue.png?resize=768%2C651&amp;ssl=1 768w, https:\/\/i0.wp.com\/catapa.be\/wp-content\/uploads\/2018\/08\/swedwatch_logo_blue.png?resize=1536%2C1302&amp;ssl=1 1536w, https:\/\/i0.wp.com\/catapa.be\/wp-content\/uploads\/2018\/08\/swedwatch_logo_blue.png?resize=2048%2C1736&amp;ssl=1 2048w, https:\/\/i0.wp.com\/catapa.be\/wp-content\/uploads\/2018\/08\/swedwatch_logo_blue.png?w=1280&amp;ssl=1 1280w, https:\/\/i0.wp.com\/catapa.be\/wp-content\/uploads\/2018\/08\/swedwatch_logo_blue.png?w=1920&amp;ssl=1 1920w\" sizes=\"auto, (max-width: 221px) 100vw, 221px\" \/><\/a><\/p>\n<p>&nbsp;<\/p>\n<p><img data-recalc-dims=\"1\" loading=\"lazy\" decoding=\"async\" class=\"alignnone wp-image-22997\" src=\"https:\/\/i0.wp.com\/catapa.be\/wp-content\/uploads\/2018\/08\/Flag_of_Europe.svg_.png?resize=99%2C66&#038;ssl=1\" alt=\"\" width=\"99\" height=\"66\" \/><\/p>\n<p><i><span style=\"font-weight: 400;\">This project was organised with the financial assistance of the European Union. The contents of this publication is the sole responsibility of CATAPA and can under no circumstances be regarded as reflecting the position of the European Union.<\/span><\/i><\/p>\n<p>&nbsp;<\/p>\n<p>&nbsp;<\/p>\n<p>&nbsp;<\/p>\n<p>&nbsp;<\/p>\n<p>&nbsp;<\/p>\n<p>[\/vc_column_text][\/vc_column][\/vc_row]<\/p>\n<\/div>","protected":false},"excerpt":{"rendered":"<p>[vc_row][vc_column][vc_custom_heading text=&#8221;Make ICT Fair&#8221; font_container=&#8221;tag:h2|text_align:center|color:%23000000&#8243; google_fonts=&#8221;font_family:Quicksand%3A300%2Cregular%2C700|font_style:700%20bold%20regular%3A700%3Anormal&#8221;][\/vc_column][\/vc_row][vc_row][vc_column][vc_column_text]The Make ICT Fair project began in November of 2017, when a consortium of 11 European organizations joined forces with the ultimate goal of improving the lives and livelihoods of<br \/><a class=\"read-more\" href=\"https:\/\/catapa.be\/en\/make-ict-fair\/\">Read More<\/a><\/p>\n","protected":false},"author":25,"featured_media":8123,"comment_status":"open","ping_status":"open","sticky":false,"template":"","format":"standard","meta":{"_exactmetrics_skip_tracking":false,"_exactmetrics_sitenote_active":false,"_exactmetrics_sitenote_note":"","_exactmetrics_sitenote_category":0,"jetpack_post_was_ever_published":false,"_jetpack_newsletter_access":"","_jetpack_dont_email_post_to_subs":false,"_jetpack_newsletter_tier_id":0,"_jetpack_memberships_contains_paywalled_content":false,"_jetpack_memberships_contains_paid_content":false,"footnotes":"","jetpack_publicize_message":"","jetpack_publicize_feature_enabled":true,"jetpack_social_post_already_shared":false,"jetpack_social_options":{"image_generator_settings":{"template":"highway","default_image_id":0,"font":"","enabled":false},"version":2}},"categories":[465],"tags":[],"class_list":["post-7585","post","type-post","status-publish","format-standard","has-post-thumbnail","hentry","category-campaigns"],"yoast_head":"<!-- This site is optimized with the Yoast SEO plugin v26.8 - https:\/\/yoast.com\/product\/yoast-seo-wordpress\/ -->\n<title>Make ICT Fair - CATAPA vzw<\/title>\n<meta name=\"robots\" content=\"index, follow, max-snippet:-1, max-image-preview:large, max-video-preview:-1\" \/>\n<link rel=\"canonical\" href=\"https:\/\/catapa.be\/en\/make-ict-fair\/\" \/>\n<meta property=\"og:locale\" content=\"en_US\" \/>\n<meta property=\"og:type\" content=\"article\" \/>\n<meta property=\"og:title\" content=\"Make ICT Fair - CATAPA vzw\" \/>\n<meta property=\"og:description\" content=\"[vc_row][vc_column][vc_custom_heading text=&#8221;Make ICT Fair&#8221; font_container=&#8221;tag:h2|text_align:center|color:%23000000&#8243; google_fonts=&#8221;font_family:Quicksand%3A300%2Cregular%2C700|font_style:700%20bold%20regular%3A700%3Anormal&#8221;][\/vc_column][\/vc_row][vc_row][vc_column][vc_column_text]The Make ICT Fair project began in November of 2017, when a consortium of 11 European organizations joined forces with the ultimate goal of improving the lives and livelihoods ofRead More\" \/>\n<meta property=\"og:url\" content=\"https:\/\/catapa.be\/en\/make-ict-fair\/\" \/>\n<meta property=\"og:site_name\" content=\"CATAPA vzw\" \/>\n<meta property=\"article:publisher\" content=\"https:\/\/www.facebook.com\/catapa.belgium\/\" \/>\n<meta property=\"article:published_time\" content=\"2018-08-24T18:41:29+00:00\" \/>\n<meta property=\"article:modified_time\" content=\"2021-10-07T14:17:29+00:00\" \/>\n<meta property=\"og:image\" content=\"https:\/\/i1.wp.com\/catapa.be\/wp-content\/uploads\/2018\/09\/FINAL-LOGO-MICTF.png?fit=1499%2C1543&ssl=1\" \/>\n\t<meta property=\"og:image:width\" content=\"1499\" \/>\n\t<meta property=\"og:image:height\" content=\"1543\" \/>\n\t<meta property=\"og:image:type\" content=\"image\/png\" \/>\n<meta name=\"author\" content=\"Karolien Burvenich\" \/>\n<meta name=\"twitter:card\" content=\"summary_large_image\" \/>\n<meta name=\"twitter:creator\" content=\"@CATAPA_Belgica\" \/>\n<meta name=\"twitter:site\" content=\"@CATAPA_Belgica\" \/>\n<meta name=\"twitter:label1\" content=\"Written by\" \/>\n\t<meta name=\"twitter:data1\" content=\"Karolien Burvenich\" \/>\n\t<meta name=\"twitter:label2\" content=\"Est. reading time\" \/>\n\t<meta name=\"twitter:data2\" content=\"10 minutes\" \/>\n<script type=\"application\/ld+json\" class=\"yoast-schema-graph\">{\"@context\":\"https:\/\/schema.org\",\"@graph\":[{\"@type\":\"Article\",\"@id\":\"https:\/\/catapa.be\/en\/make-ict-fair\/#article\",\"isPartOf\":{\"@id\":\"https:\/\/catapa.be\/en\/make-ict-fair\/\"},\"author\":{\"name\":\"Karolien Burvenich\",\"@id\":\"https:\/\/catapa.be\/en\/#\/schema\/person\/7133006038b8bd3909c76e0c07296b50\"},\"headline\":\"Make ICT Fair\",\"datePublished\":\"2018-08-24T18:41:29+00:00\",\"dateModified\":\"2021-10-07T14:17:29+00:00\",\"mainEntityOfPage\":{\"@id\":\"https:\/\/catapa.be\/en\/make-ict-fair\/\"},\"wordCount\":1945,\"commentCount\":0,\"publisher\":{\"@id\":\"https:\/\/catapa.be\/en\/#organization\"},\"image\":{\"@id\":\"https:\/\/catapa.be\/en\/make-ict-fair\/#primaryimage\"},\"thumbnailUrl\":\"https:\/\/i0.wp.com\/catapa.be\/wp-content\/uploads\/2018\/09\/FINAL-LOGO-MICTF.png?fit=1499%2C1543&ssl=1\",\"articleSection\":[\"Campaigns\"],\"inLanguage\":\"en-US\",\"potentialAction\":[{\"@type\":\"CommentAction\",\"name\":\"Comment\",\"target\":[\"https:\/\/catapa.be\/en\/make-ict-fair\/#respond\"]}]},{\"@type\":\"WebPage\",\"@id\":\"https:\/\/catapa.be\/en\/make-ict-fair\/\",\"url\":\"https:\/\/catapa.be\/en\/make-ict-fair\/\",\"name\":\"Make ICT Fair - CATAPA vzw\",\"isPartOf\":{\"@id\":\"https:\/\/catapa.be\/en\/#website\"},\"primaryImageOfPage\":{\"@id\":\"https:\/\/catapa.be\/en\/make-ict-fair\/#primaryimage\"},\"image\":{\"@id\":\"https:\/\/catapa.be\/en\/make-ict-fair\/#primaryimage\"},\"thumbnailUrl\":\"https:\/\/i0.wp.com\/catapa.be\/wp-content\/uploads\/2018\/09\/FINAL-LOGO-MICTF.png?fit=1499%2C1543&ssl=1\",\"datePublished\":\"2018-08-24T18:41:29+00:00\",\"dateModified\":\"2021-10-07T14:17:29+00:00\",\"breadcrumb\":{\"@id\":\"https:\/\/catapa.be\/en\/make-ict-fair\/#breadcrumb\"},\"inLanguage\":\"en-US\",\"potentialAction\":[{\"@type\":\"ReadAction\",\"target\":[\"https:\/\/catapa.be\/en\/make-ict-fair\/\"]}]},{\"@type\":\"ImageObject\",\"inLanguage\":\"en-US\",\"@id\":\"https:\/\/catapa.be\/en\/make-ict-fair\/#primaryimage\",\"url\":\"https:\/\/i0.wp.com\/catapa.be\/wp-content\/uploads\/2018\/09\/FINAL-LOGO-MICTF.png?fit=1499%2C1543&ssl=1\",\"contentUrl\":\"https:\/\/i0.wp.com\/catapa.be\/wp-content\/uploads\/2018\/09\/FINAL-LOGO-MICTF.png?fit=1499%2C1543&ssl=1\",\"width\":1499,\"height\":1543},{\"@type\":\"BreadcrumbList\",\"@id\":\"https:\/\/catapa.be\/en\/make-ict-fair\/#breadcrumb\",\"itemListElement\":[{\"@type\":\"ListItem\",\"position\":1,\"name\":\"Home\",\"item\":\"https:\/\/catapa.be\/en\/\"},{\"@type\":\"ListItem\",\"position\":2,\"name\":\"Make ICT Fair\"}]},{\"@type\":\"WebSite\",\"@id\":\"https:\/\/catapa.be\/en\/#website\",\"url\":\"https:\/\/catapa.be\/en\/\",\"name\":\"CATAPA vzw\",\"description\":\"Comit\u00e9 Acad\u00e9mico T\u00e9cnico de Asesoramiento a Problemas Ambientales\",\"publisher\":{\"@id\":\"https:\/\/catapa.be\/en\/#organization\"},\"potentialAction\":[{\"@type\":\"SearchAction\",\"target\":{\"@type\":\"EntryPoint\",\"urlTemplate\":\"https:\/\/catapa.be\/en\/?s={search_term_string}\"},\"query-input\":{\"@type\":\"PropertyValueSpecification\",\"valueRequired\":true,\"valueName\":\"search_term_string\"}}],\"inLanguage\":\"en-US\"},{\"@type\":\"Organization\",\"@id\":\"https:\/\/catapa.be\/en\/#organization\",\"name\":\"CATAPA vzw\",\"url\":\"https:\/\/catapa.be\/en\/\",\"logo\":{\"@type\":\"ImageObject\",\"inLanguage\":\"en-US\",\"@id\":\"https:\/\/catapa.be\/en\/#\/schema\/logo\/image\/\",\"url\":\"https:\/\/i0.wp.com\/catapa.be\/wp-content\/uploads\/2019\/02\/NEW20LOGO20SHORT20PNG1.png?fit=1259%2C1321&ssl=1\",\"contentUrl\":\"https:\/\/i0.wp.com\/catapa.be\/wp-content\/uploads\/2019\/02\/NEW20LOGO20SHORT20PNG1.png?fit=1259%2C1321&ssl=1\",\"width\":1259,\"height\":1321,\"caption\":\"CATAPA vzw\"},\"image\":{\"@id\":\"https:\/\/catapa.be\/en\/#\/schema\/logo\/image\/\"},\"sameAs\":[\"https:\/\/www.facebook.com\/catapa.belgium\/\",\"https:\/\/x.com\/CATAPA_Belgica\",\"https:\/\/www.instagram.com\/catapa_vzw\/\",\"https:\/\/be.linkedin.com\/company\/catapavzw\",\"https:\/\/www.youtube.com\/channel\/UCE52-Fiyv-Fpqf2gi1qhf1g\"]},{\"@type\":\"Person\",\"@id\":\"https:\/\/catapa.be\/en\/#\/schema\/person\/7133006038b8bd3909c76e0c07296b50\",\"name\":\"Karolien Burvenich\",\"url\":\"https:\/\/catapa.be\/en\/author\/karolien\/\"}]}<\/script>\n<!-- \/ Yoast SEO plugin. -->","yoast_head_json":{"title":"Make ICT Fair - CATAPA vzw","robots":{"index":"index","follow":"follow","max-snippet":"max-snippet:-1","max-image-preview":"max-image-preview:large","max-video-preview":"max-video-preview:-1"},"canonical":"https:\/\/catapa.be\/en\/make-ict-fair\/","og_locale":"en_US","og_type":"article","og_title":"Make ICT Fair - CATAPA vzw","og_description":"[vc_row][vc_column][vc_custom_heading text=&#8221;Make ICT Fair&#8221; font_container=&#8221;tag:h2|text_align:center|color:%23000000&#8243; google_fonts=&#8221;font_family:Quicksand%3A300%2Cregular%2C700|font_style:700%20bold%20regular%3A700%3Anormal&#8221;][\/vc_column][\/vc_row][vc_row][vc_column][vc_column_text]The Make ICT Fair project began in November of 2017, when a consortium of 11 European organizations joined forces with the ultimate goal of improving the lives and livelihoods ofRead More","og_url":"https:\/\/catapa.be\/en\/make-ict-fair\/","og_site_name":"CATAPA vzw","article_publisher":"https:\/\/www.facebook.com\/catapa.belgium\/","article_published_time":"2018-08-24T18:41:29+00:00","article_modified_time":"2021-10-07T14:17:29+00:00","og_image":[{"width":1499,"height":1543,"url":"https:\/\/i1.wp.com\/catapa.be\/wp-content\/uploads\/2018\/09\/FINAL-LOGO-MICTF.png?fit=1499%2C1543&ssl=1","type":"image\/png"}],"author":"Karolien Burvenich","twitter_card":"summary_large_image","twitter_creator":"@CATAPA_Belgica","twitter_site":"@CATAPA_Belgica","twitter_misc":{"Written by":"Karolien Burvenich","Est. reading time":"10 minutes"},"schema":{"@context":"https:\/\/schema.org","@graph":[{"@type":"Article","@id":"https:\/\/catapa.be\/en\/make-ict-fair\/#article","isPartOf":{"@id":"https:\/\/catapa.be\/en\/make-ict-fair\/"},"author":{"name":"Karolien Burvenich","@id":"https:\/\/catapa.be\/en\/#\/schema\/person\/7133006038b8bd3909c76e0c07296b50"},"headline":"Make ICT Fair","datePublished":"2018-08-24T18:41:29+00:00","dateModified":"2021-10-07T14:17:29+00:00","mainEntityOfPage":{"@id":"https:\/\/catapa.be\/en\/make-ict-fair\/"},"wordCount":1945,"commentCount":0,"publisher":{"@id":"https:\/\/catapa.be\/en\/#organization"},"image":{"@id":"https:\/\/catapa.be\/en\/make-ict-fair\/#primaryimage"},"thumbnailUrl":"https:\/\/i0.wp.com\/catapa.be\/wp-content\/uploads\/2018\/09\/FINAL-LOGO-MICTF.png?fit=1499%2C1543&ssl=1","articleSection":["Campaigns"],"inLanguage":"en-US","potentialAction":[{"@type":"CommentAction","name":"Comment","target":["https:\/\/catapa.be\/en\/make-ict-fair\/#respond"]}]},{"@type":"WebPage","@id":"https:\/\/catapa.be\/en\/make-ict-fair\/","url":"https:\/\/catapa.be\/en\/make-ict-fair\/","name":"Make ICT Fair - CATAPA vzw","isPartOf":{"@id":"https:\/\/catapa.be\/en\/#website"},"primaryImageOfPage":{"@id":"https:\/\/catapa.be\/en\/make-ict-fair\/#primaryimage"},"image":{"@id":"https:\/\/catapa.be\/en\/make-ict-fair\/#primaryimage"},"thumbnailUrl":"https:\/\/i0.wp.com\/catapa.be\/wp-content\/uploads\/2018\/09\/FINAL-LOGO-MICTF.png?fit=1499%2C1543&ssl=1","datePublished":"2018-08-24T18:41:29+00:00","dateModified":"2021-10-07T14:17:29+00:00","breadcrumb":{"@id":"https:\/\/catapa.be\/en\/make-ict-fair\/#breadcrumb"},"inLanguage":"en-US","potentialAction":[{"@type":"ReadAction","target":["https:\/\/catapa.be\/en\/make-ict-fair\/"]}]},{"@type":"ImageObject","inLanguage":"en-US","@id":"https:\/\/catapa.be\/en\/make-ict-fair\/#primaryimage","url":"https:\/\/i0.wp.com\/catapa.be\/wp-content\/uploads\/2018\/09\/FINAL-LOGO-MICTF.png?fit=1499%2C1543&ssl=1","contentUrl":"https:\/\/i0.wp.com\/catapa.be\/wp-content\/uploads\/2018\/09\/FINAL-LOGO-MICTF.png?fit=1499%2C1543&ssl=1","width":1499,"height":1543},{"@type":"BreadcrumbList","@id":"https:\/\/catapa.be\/en\/make-ict-fair\/#breadcrumb","itemListElement":[{"@type":"ListItem","position":1,"name":"Home","item":"https:\/\/catapa.be\/en\/"},{"@type":"ListItem","position":2,"name":"Make ICT Fair"}]},{"@type":"WebSite","@id":"https:\/\/catapa.be\/en\/#website","url":"https:\/\/catapa.be\/en\/","name":"CATAPA vzw","description":"Comit\u00e9 Acad\u00e9mico T\u00e9cnico de Asesoramiento a Problemas Ambientales","publisher":{"@id":"https:\/\/catapa.be\/en\/#organization"},"potentialAction":[{"@type":"SearchAction","target":{"@type":"EntryPoint","urlTemplate":"https:\/\/catapa.be\/en\/?s={search_term_string}"},"query-input":{"@type":"PropertyValueSpecification","valueRequired":true,"valueName":"search_term_string"}}],"inLanguage":"en-US"},{"@type":"Organization","@id":"https:\/\/catapa.be\/en\/#organization","name":"CATAPA vzw","url":"https:\/\/catapa.be\/en\/","logo":{"@type":"ImageObject","inLanguage":"en-US","@id":"https:\/\/catapa.be\/en\/#\/schema\/logo\/image\/","url":"https:\/\/i0.wp.com\/catapa.be\/wp-content\/uploads\/2019\/02\/NEW20LOGO20SHORT20PNG1.png?fit=1259%2C1321&ssl=1","contentUrl":"https:\/\/i0.wp.com\/catapa.be\/wp-content\/uploads\/2019\/02\/NEW20LOGO20SHORT20PNG1.png?fit=1259%2C1321&ssl=1","width":1259,"height":1321,"caption":"CATAPA vzw"},"image":{"@id":"https:\/\/catapa.be\/en\/#\/schema\/logo\/image\/"},"sameAs":["https:\/\/www.facebook.com\/catapa.belgium\/","https:\/\/x.com\/CATAPA_Belgica","https:\/\/www.instagram.com\/catapa_vzw\/","https:\/\/be.linkedin.com\/company\/catapavzw","https:\/\/www.youtube.com\/channel\/UCE52-Fiyv-Fpqf2gi1qhf1g"]},{"@type":"Person","@id":"https:\/\/catapa.be\/en\/#\/schema\/person\/7133006038b8bd3909c76e0c07296b50","name":"Karolien Burvenich","url":"https:\/\/catapa.be\/en\/author\/karolien\/"}]}},"jetpack_publicize_connections":[],"jetpack_featured_media_url":"https:\/\/i0.wp.com\/catapa.be\/wp-content\/uploads\/2018\/09\/FINAL-LOGO-MICTF.png?fit=1499%2C1543&ssl=1","jetpack_sharing_enabled":true,"jetpack_likes_enabled":true,"jetpack-related-posts":[{"id":30870,"url":"https:\/\/catapa.be\/nl\/make-ict-fair-2\/","url_meta":{"origin":7585,"position":0},"title":"Make ICT Fair","author":"Alan Gonz\u00e1lez Morales","date":"05\/12\/2017","format":false,"excerpt":"On the 1st\u00a0of November, CATAPA started a new project called Make ICT Fair, together with 10 other partners across Europe. Smartphones, laptops and other electronic devices have become omnipresent in our society. The electronics industry is one of the fastest growing global industries with an expected yearly growth of 9.6\u00a0%\u2026","rel":"","context":"In &quot;Generatie Transitie&quot;","block_context":{"text":"Generatie Transitie","link":"https:\/\/catapa.be\/nl\/category\/afgelopen-campagnes-en-projecten\/generatie-transitie\/"},"img":{"alt_text":"","src":"https:\/\/i0.wp.com\/gt.catapa.be\/sites\/default\/files\/wysiwyg\/mictf.jpg?resize=350%2C200&ssl=1","width":350,"height":200,"srcset":"https:\/\/i0.wp.com\/gt.catapa.be\/sites\/default\/files\/wysiwyg\/mictf.jpg?resize=350%2C200&ssl=1 1x, https:\/\/i0.wp.com\/gt.catapa.be\/sites\/default\/files\/wysiwyg\/mictf.jpg?resize=525%2C300&ssl=1 1.5x, https:\/\/i0.wp.com\/gt.catapa.be\/sites\/default\/files\/wysiwyg\/mictf.jpg?resize=700%2C400&ssl=1 2x, https:\/\/i0.wp.com\/gt.catapa.be\/sites\/default\/files\/wysiwyg\/mictf.jpg?resize=1050%2C600&ssl=1 3x"},"classes":[]},{"id":12261,"url":"https:\/\/catapa.be\/en\/press-release-european-parliament-make-ict-fair\/","url_meta":{"origin":7585,"position":1},"title":"Press Release: Make ICT Fair Breakfast at the European Parliament","author":"Daniela Marques Branco","date":"01\/10\/2019","format":false,"excerpt":"[vc_row][vc_column][vc_column_text] Press Release: Make ICT Fair Breakfast at the European Parliament Raising Awareness of Human Rights Violations in ICT Supply Chains [\/vc_column_text][vc_empty_space][vc_column_text]On the morning of the 1st October, the Make ICT Fair consortium held a breakfast event at the European Parliament in Brussels attended by around thirty participants. The event\u2026","rel":"","context":"In &quot;Mining&quot;","block_context":{"text":"Mining","link":"https:\/\/catapa.be\/en\/category\/mining\/"},"img":{"alt_text":"","src":"https:\/\/i0.wp.com\/catapa.be\/wp-content\/uploads\/2019\/10\/MIF-breakfast1-min.jpg?fit=1200%2C900&ssl=1&resize=350%2C200","width":350,"height":200,"srcset":"https:\/\/i0.wp.com\/catapa.be\/wp-content\/uploads\/2019\/10\/MIF-breakfast1-min.jpg?fit=1200%2C900&ssl=1&resize=350%2C200 1x, https:\/\/i0.wp.com\/catapa.be\/wp-content\/uploads\/2019\/10\/MIF-breakfast1-min.jpg?fit=1200%2C900&ssl=1&resize=525%2C300 1.5x, https:\/\/i0.wp.com\/catapa.be\/wp-content\/uploads\/2019\/10\/MIF-breakfast1-min.jpg?fit=1200%2C900&ssl=1&resize=700%2C400 2x, https:\/\/i0.wp.com\/catapa.be\/wp-content\/uploads\/2019\/10\/MIF-breakfast1-min.jpg?fit=1200%2C900&ssl=1&resize=1050%2C600 3x"},"classes":[]},{"id":12281,"url":"https:\/\/catapa.be\/es\/press-release-european-parliament-make-ict-fair\/","url_meta":{"origin":7585,"position":2},"title":"Press Release: Make ICT Fair Breakfast at the European Parliament","author":"Daniela Marques Branco","date":"01\/10\/2019","format":false,"excerpt":"[vc_row][vc_column][vc_column_text] Press Release: Make ICT Fair Breakfast at the European Parliament Raising Awareness of Human Rights Violations in ICT Supply Chains [\/vc_column_text][vc_empty_space][vc_column_text]On the morning of the 1st October, the Make ICT Fair consortium held a breakfast event at the European Parliament in Brussels attended by around thirty participants. The event\u2026","rel":"","context":"In &quot;Miner\u00eda&quot;","block_context":{"text":"Miner\u00eda","link":"https:\/\/catapa.be\/es\/category\/mineria\/"},"img":{"alt_text":"","src":"https:\/\/i0.wp.com\/catapa.be\/wp-content\/uploads\/2019\/10\/MIF-breakfast1-min.jpg?fit=1200%2C900&ssl=1&resize=350%2C200","width":350,"height":200,"srcset":"https:\/\/i0.wp.com\/catapa.be\/wp-content\/uploads\/2019\/10\/MIF-breakfast1-min.jpg?fit=1200%2C900&ssl=1&resize=350%2C200 1x, https:\/\/i0.wp.com\/catapa.be\/wp-content\/uploads\/2019\/10\/MIF-breakfast1-min.jpg?fit=1200%2C900&ssl=1&resize=525%2C300 1.5x, https:\/\/i0.wp.com\/catapa.be\/wp-content\/uploads\/2019\/10\/MIF-breakfast1-min.jpg?fit=1200%2C900&ssl=1&resize=700%2C400 2x, https:\/\/i0.wp.com\/catapa.be\/wp-content\/uploads\/2019\/10\/MIF-breakfast1-min.jpg?fit=1200%2C900&ssl=1&resize=1050%2C600 3x"},"classes":[]},{"id":21206,"url":"https:\/\/catapa.be\/en\/__trashed-3\/","url_meta":{"origin":7585,"position":3},"title":"CATAPA pilot organisations commit to fair ICT","author":"Jacoba","date":"20\/05\/2021","format":false,"excerpt":"[vc_row][vc_column][vc_column_text] CATAPA pilot organisations commit to fair ICT \u00a0 [\/vc_column_text][vc_column_text css_animation=\"bounceInUp\"] The two Ghent pilot organisations of the 'Fair ICT Flanders' project, Ghent University and District09, both join Electronics Watch, an international NGO that strives for better working conditions in the production process of electronics. [\/vc_column_text][vc_column_text] 'Fair ICT Flanders' project,\u2026","rel":"","context":"In &quot;News&quot;","block_context":{"text":"News","link":"https:\/\/catapa.be\/en\/category\/news\/"},"img":{"alt_text":"","src":"https:\/\/i0.wp.com\/catapa.be\/wp-content\/uploads\/2021\/05\/5.png?fit=1200%2C675&ssl=1&resize=350%2C200","width":350,"height":200,"srcset":"https:\/\/i0.wp.com\/catapa.be\/wp-content\/uploads\/2021\/05\/5.png?fit=1200%2C675&ssl=1&resize=350%2C200 1x, https:\/\/i0.wp.com\/catapa.be\/wp-content\/uploads\/2021\/05\/5.png?fit=1200%2C675&ssl=1&resize=525%2C300 1.5x, https:\/\/i0.wp.com\/catapa.be\/wp-content\/uploads\/2021\/05\/5.png?fit=1200%2C675&ssl=1&resize=700%2C400 2x, https:\/\/i0.wp.com\/catapa.be\/wp-content\/uploads\/2021\/05\/5.png?fit=1200%2C675&ssl=1&resize=1050%2C600 3x"},"classes":[]},{"id":12616,"url":"https:\/\/catapa.be\/en\/flemish-buyers-go-for-fair-and-circular-ict\/","url_meta":{"origin":7585,"position":4},"title":"Flemish buyers go for Fair and Circular ICT","author":"Daniela Marques Branco","date":"17\/12\/2019","format":false,"excerpt":"[vc_row][vc_column][vc_column_text] Flemish buyers go for Fair and Circular ICT On 9 December, the 'Conference on Fair & Circular ICT' took place in Ghent, organised by Fair ICT Flanders.\u00a0 It was the first conference in Flanders to be entirely dedicated to the theme: \"How can you, as an ICT buyer, do\u2026","rel":"","context":"In &quot;News&quot;","block_context":{"text":"News","link":"https:\/\/catapa.be\/en\/category\/news\/"},"img":{"alt_text":"","src":"https:\/\/i0.wp.com\/catapa.be\/wp-content\/uploads\/2019\/12\/P9060751-min-scaled.jpg?fit=1200%2C802&ssl=1&resize=350%2C200","width":350,"height":200,"srcset":"https:\/\/i0.wp.com\/catapa.be\/wp-content\/uploads\/2019\/12\/P9060751-min-scaled.jpg?fit=1200%2C802&ssl=1&resize=350%2C200 1x, https:\/\/i0.wp.com\/catapa.be\/wp-content\/uploads\/2019\/12\/P9060751-min-scaled.jpg?fit=1200%2C802&ssl=1&resize=525%2C300 1.5x, https:\/\/i0.wp.com\/catapa.be\/wp-content\/uploads\/2019\/12\/P9060751-min-scaled.jpg?fit=1200%2C802&ssl=1&resize=700%2C400 2x, https:\/\/i0.wp.com\/catapa.be\/wp-content\/uploads\/2019\/12\/P9060751-min-scaled.jpg?fit=1200%2C802&ssl=1&resize=1050%2C600 3x"},"classes":[]},{"id":12636,"url":"https:\/\/catapa.be\/nl\/flemish-buyers-go-for-fair-and-circular-ict\/","url_meta":{"origin":7585,"position":5},"title":"Flemish buyers go for Fair and Circular ICT","author":"Daniela Marques Branco","date":"17\/12\/2019","format":false,"excerpt":"[vc_row][vc_column][vc_column_text] Flemish buyers go for Fair and Circular ICT On 9 December, the 'Conference on Fair & Circular ICT' took place in Ghent, organised by Fair ICT Flanders.\u00a0 It was the first conference in Flanders to be entirely dedicated to the theme: \"How can you, as an ICT buyer, do\u2026","rel":"","context":"In &quot;Nieuws&quot;","block_context":{"text":"Nieuws","link":"https:\/\/catapa.be\/nl\/category\/nieuws\/"},"img":{"alt_text":"","src":"https:\/\/i0.wp.com\/catapa.be\/wp-content\/uploads\/2019\/12\/P9060751-min.jpg?fit=1200%2C802&ssl=1&resize=350%2C200","width":350,"height":200,"srcset":"https:\/\/i0.wp.com\/catapa.be\/wp-content\/uploads\/2019\/12\/P9060751-min.jpg?fit=1200%2C802&ssl=1&resize=350%2C200 1x, https:\/\/i0.wp.com\/catapa.be\/wp-content\/uploads\/2019\/12\/P9060751-min.jpg?fit=1200%2C802&ssl=1&resize=525%2C300 1.5x, https:\/\/i0.wp.com\/catapa.be\/wp-content\/uploads\/2019\/12\/P9060751-min.jpg?fit=1200%2C802&ssl=1&resize=700%2C400 2x, https:\/\/i0.wp.com\/catapa.be\/wp-content\/uploads\/2019\/12\/P9060751-min.jpg?fit=1200%2C802&ssl=1&resize=1050%2C600 3x"},"classes":[]}],"_links":{"self":[{"href":"https:\/\/catapa.be\/en\/wp-json\/wp\/v2\/posts\/7585","targetHints":{"allow":["GET"]}}],"collection":[{"href":"https:\/\/catapa.be\/en\/wp-json\/wp\/v2\/posts"}],"about":[{"href":"https:\/\/catapa.be\/en\/wp-json\/wp\/v2\/types\/post"}],"author":[{"embeddable":true,"href":"https:\/\/catapa.be\/en\/wp-json\/wp\/v2\/users\/25"}],"replies":[{"embeddable":true,"href":"https:\/\/catapa.be\/en\/wp-json\/wp\/v2\/comments?post=7585"}],"version-history":[{"count":24,"href":"https:\/\/catapa.be\/en\/wp-json\/wp\/v2\/posts\/7585\/revisions"}],"predecessor-version":[{"id":23001,"href":"https:\/\/catapa.be\/en\/wp-json\/wp\/v2\/posts\/7585\/revisions\/23001"}],"wp:featuredmedia":[{"embeddable":true,"href":"https:\/\/catapa.be\/en\/wp-json\/wp\/v2\/media\/8123"}],"wp:attachment":[{"href":"https:\/\/catapa.be\/en\/wp-json\/wp\/v2\/media?parent=7585"}],"wp:term":[{"taxonomy":"category","embeddable":true,"href":"https:\/\/catapa.be\/en\/wp-json\/wp\/v2\/categories?post=7585"},{"taxonomy":"post_tag","embeddable":true,"href":"https:\/\/catapa.be\/en\/wp-json\/wp\/v2\/tags?post=7585"}],"curies":[{"name":"wp","href":"https:\/\/api.w.org\/{rel}","templated":true}]}}