{"id":20211,"date":"2021-03-10T16:56:03","date_gmt":"2021-03-10T15:56:03","guid":{"rendered":"https:\/\/catapa.be\/?p=20211"},"modified":"2021-03-10T21:23:48","modified_gmt":"2021-03-10T20:23:48","slug":"el-tingo","status":"publish","type":"post","link":"https:\/\/catapa.be\/es\/el-tingo\/","title":{"rendered":"El Tingo"},"content":{"rendered":"<div class=\"wpb-content-wrapper\"><p>[vc_row][vc_column][vc_column_text]<\/p>\n<h1 style=\"text-align: center;\">El Tingo<\/h1>\n<h3 style=\"text-align: center;\">La contaminaci\u00f3n acu\u00edfera causada por los desechos t\u00f3xicos mineros ha transformado radicalmente el ecosistema regional, envenenando la tierra.<\/h3>\n<h5 style=\"text-align: center;\">Autor &#8211; Giacomo Perna<\/h5>\n<p>[\/vc_column_text][vc_column_text]Durante una de sus visitas a Macondo, Melquiades y sus gitanos les presentaron al pueblo lo que declamaron como la octava maravilla del mundo de los sabios alquimistas de Macedonia. Se trataba de un im\u00e1n. A trav\u00e9s de este artificio, Jos\u00e9 Arcadio Buend\u00eda esperaba poder desenterrar todo el oro de la tierra arrastrando simplemente sus lingotes por la aldea. Ojal\u00e1 funcionara de verdad, pues el mundo se habr\u00eda ahorrado siglos de contaminaci\u00f3n causada por la explotaci\u00f3n minera. Siendo as\u00ed, puede que la vida de los habitantes del Tingo, hoy en d\u00eda, fuera mejor.<\/p>\n<p>La comunidad del Tingo, hoy en d\u00eda, se encuentra sin agua. Es una situaci\u00f3n muy controversial. Pese a que el \u00e1rea cuente con muchos manantiales y fuentes acu\u00edferas, hoy en d\u00eda cada arroyo o r\u00edo del territorio se encuentra en un estado de contaminaci\u00f3n cr\u00edtico, seg\u00fan los <a href=\"https:\/\/repositorio.ucv.edu.pe\/handle\/20.500.12692\/49403\">datos recolectados<\/a> durante investigaciones universitarias y los <a href=\"https:\/\/www.youtube.com\/watch?t=164&amp;v=pfIipJrEZ74&amp;feature=youtu.be\">estudios<\/a> llevados a cabo por CATAPA. La contaminaci\u00f3n alcanz\u00f3 un nivel exasperante: las plantas se queman debido a la excesiva acidez de las aguas.<\/p>\n<p>La comunidad del Tingo nace como comunidad campesina. La econom\u00eda local siempre se ha basado en la siembra y la ganader\u00eda. La situaci\u00f3n actual impide que estas actividades puedan ser llevadas a cabo sin riesgos. Como consecuencia de la contaminaci\u00f3n acu\u00edfera, aumentaron significativamente los casos de enfermedades, se rescontr\u00f3 la presencia de peligrosas cantidades de metales pesados en la sangre de los habitantes, y empezaron a surgir malformaciones jam\u00e1s vistas antes en los animales reci\u00e9n nacidos. Y todo fue causado por la acci\u00f3n minera que afect\u00f3 el territorio<\/p>\n<p>[\/vc_column_text][vc_single_image image=&#8221;20271&#8243; img_size=&#8221;full&#8221; add_caption=&#8221;yes&#8221;][vc_column_text]<\/p>\n<blockquote><p><strong>Cada fuente acu\u00edfera de la regi\u00f3n est\u00e1 contaminada. La falta de recursos aflige el \u00e1rea. El desarrollo socioecon\u00f3mico prometido por las empresas mineras nunca se materializ\u00f3.<\/strong><\/p><\/blockquote>\n<p>[\/vc_column_text][vc_column_text]La historia minera de la regi\u00f3n remanda a muchos a\u00f1os atr\u00e1s. La zona hab\u00eda sido ya previamente afectada por la acci\u00f3n minera. Los pasivos ambientales de los proyectos mineros de anta\u00f1o a\u00fan afligen el territorio, amenazando el bienestar de la flora y la fauna locales. Entre ellos, cabe mencionar el proyecto San Nicol\u00e1s, empezado en 1972, cuyo vestigios representan una herida todav\u00eda abierta que escarmienta el medioambiente local.<\/p>\n<p>Toda el \u00e1rea geogr\u00e1fica alrededor de las minas se encuentra seriamente afectada por las excavaciones y los tratamientos de los minerales. La raz\u00f3n principal es que los planes para minimizar y neutralizar los efectos de los desechos t\u00f3xicos no fueron \u2013 y, como reportan los comuneros, todav\u00eda no son \u2013 respectados y, hoy en d\u00eda, los habitantes de la zona padecen escasez de recursos e ingresos, adem\u00e1s de sufrir directamente los efectos nocivos de los residuos mineros.<\/p>\n<p>[\/vc_column_text][vc_single_image image=&#8221;20274&#8243; img_size=&#8221;full&#8221; add_caption=&#8221;yes&#8221;][vc_column_text]La comunidad del Tingo se encuentra en el distrito de Hualgayoc, en la regi\u00f3n de Cajamarca. El \u00e1rea es rica en materias primas y minerales, lo que no favorece el bienestar de las comunidades. De hecho, el Tingo se ubica entre dos proyectos mineros activos que influencian directamente el desarrollo de la vida en la comunidad: el proyecto Cerro Corona, empezado en 2005 por la empresa minera sudafricana Gold Fields, y el proyecto Tantahuatay, empezado por la empresa peruana Coimolache, afiliada a la empresa Buenaventura, tambi\u00e9n peruana, que descubri\u00f3 la mina en 2010.<\/p>\n<p>Dichas empresas se han asentado en el territorio para explotar las ingentes reservas minerales presentes en el subsuelo: oro, plata y cobre. En un principio, ambas compa\u00f1\u00edas se instalaron prometiendo mejor\u00edas y desarrollo, firmaron convenios sociales y se empe\u00f1aron en impulsar el crecimiento socioecon\u00f3mico del \u00e1rea. Lastimosamente, seg\u00fan los testimonios de los habitantes, no cumplieron con sus palabras.<\/p>\n<p>Lo curioso es que en Per\u00fa existe una ley de cierre de minas. Seg\u00fan la <a href=\"https:\/\/www.ilo.org\/dyn\/legosh\/en\/f?p=LEGPOL:503:16288664975435:::503:P503_REFERENCE_ID:117798\">disposici\u00f3n<\/a> aprobada en 2003, el estado obliga las empresas propietarias de proyectos mineros a asegurar la salvaguardia del medioambiente y cesar su actividad en aquellos territorios donde la acci\u00f3n minera podr\u00eda causar riesgos ambientales, pero ni el gobierno ni la empresas se han empe\u00f1ado en respetar \u2013 y hacer respetar \u2013 susodicha ley.[\/vc_column_text][vc_column_text]<\/p>\n<blockquote><p><strong>El pasto se quema debido a la elevada acidez de las aguas. Personas y animales sufren enfermedades causadas por la contaminaci\u00f3n ambiental de las minas.<\/strong><\/p><\/blockquote>\n<p>[\/vc_column_text][vc_column_text]Cabe mencionar tambi\u00e9n que la regi\u00f3n es sujeta a \u00e9pocas de fuertes lluvias. Durante varias ocasiones estas lluvias han hecho que los rebalses desborden, reversando todos los relaves de las empresas mineras en los pastos y las cuencas acu\u00edferas, generando consecuencias catastr\u00f3ficas. Un caso muy noto es el de Diciembre 2018, donde un derrame de relaves <a href=\"https:\/\/larepublica.pe\/sociedad\/1378041-relaves-mineros-provocaron-muerte-17-mil-truchas-provincia-hualgayoc\/\">caus\u00f3 la muerte de todos los 17,000 ejemplares de truchas<\/a> de la piscigranja \u2018La trucha de oro\u2019.[\/vc_column_text][vc_raw_html]JTNDaWZyYW1lJTIwc3JjJTNEJTIyaHR0cHMlM0ElMkYlMkZ3d3cuZmFjZWJvb2suY29tJTJGcGx1Z2lucyUyRnZpZGVvLnBocCUzRmhlaWdodCUzRDMxNCUyNmhyZWYlM0RodHRwcyUyNTNBJTI1MkYlMjUyRnd3dy5mYWNlYm9vay5jb20lMjUyRjM4ODY3OTE3NDU0OTY5OCUyNTJGdmlkZW9zJTI1MkYxOTY3MzAxMDQ2MTU0MzklMjUyRiUyNnNob3dfdGV4dCUzRGZhbHNlJTI2d2lkdGglM0Q1OTAlMjIlMjB3aWR0aCUzRCUyMjU5MCUyMiUyMGhlaWdodCUzRCUyMjMxNCUyMiUyMHN0eWxlJTNEJTIyYm9yZGVyJTNBbm9uZSUzQm92ZXJmbG93JTNBaGlkZGVuJTIyJTIwc2Nyb2xsaW5nJTNEJTIybm8lMjIlMjBmcmFtZWJvcmRlciUzRCUyMjAlMjIlMjBhbGxvd2Z1bGxzY3JlZW4lM0QlMjJ0cnVlJTIyJTIwYWxsb3clM0QlMjJhdXRvcGxheSUzQiUyMGNsaXBib2FyZC13cml0ZSUzQiUyMGVuY3J5cHRlZC1tZWRpYSUzQiUyMHBpY3R1cmUtaW4tcGljdHVyZSUzQiUyMHdlYi1zaGFyZSUyMiUyMGFsbG93RnVsbFNjcmVlbiUzRCUyMnRydWUlMjIlM0UlM0MlMkZpZnJhbWUlM0UlMEElMEElMjAlMjAlMjAlMjAlMjAlMjAlMjAlMjAlMjAlMjAlMjAlMjAlMjAlMjAlMjAlMjAlMjAlMjAlMjAlMjAlMjAlMjAlMjAlMjAlMjAlMjAlMjAlMjAlMjAlMjAlMjAlMjAlMjAlMjAlMjAlMjAlMjAlMjAlMjAlMjAlMjAlMjAlMjAlMEElMEElMEFWaWRlbyUyMHJlcG9ydGFqZSUyMGRlbCUyMGRlcnJhbWUlMjBkZSUyMHJlbGF2ZXMlMjBvY3VycmlkbyUyMGVuJTIwMjAxOC4lMjBBJTIwcGVzYXIlMjBkZSUyMGxhcyUyMGRlbnVuY2lhcyUyMGluc3RhZGFzJTIwcG9yJTIwbGElMjBjb211bmlkYWQlMjBsb2NhbCUyQyUyMGxhJTIwZW1wcmVzYSUyMEdvbGQlMjBGaWVsZHMlMjBjYWxpZmljJUMzJUIzJTIwZWwlMjBldmVudG8lMjBjb21vJTIwdW4lMjBhY2NpZGVudGUuJTIwJUMyJUE5JTIwQmFtYmFtYXJjYSUyMFRlbGV2aXNpJUMzJUIzbiUyMCUwQSUwQQ==[\/vc_raw_html][vc_column_text]El problema no s\u00f3lo afecta la zona del Tingo. Los arroyos que cruzan el territorio desembocan en otros r\u00edos. Entre ellos, el r\u00edo Tingo-Maygasbamba, que desemboca en el r\u00edo Amazonas para luego cruzar el continente hasta el Atl\u00e1ntico, transportando sus venenos por miles de kil\u00f3metros.<\/p>\n<p>Por lo que concierne el lado econ\u00f3mico, tampoco la promesas hechas por Coimolache y Gold Fields parece que fueron cumplidas. Seg\u00fan los habitantes locales, los acuerdos estipulados no fueron respetados. A pesar de la promesa de no llevar for\u00e1neos en la regi\u00f3n, muy pronto las compa\u00f1\u00edas empezaron a contractar extranjeros para trabajar en las minas. Adem\u00e1s, los trabajadores locales sufrieron muchas veces violaciones de sus derechos laborales: despedir un obrero aut\u00f3ctono parece muchos m\u00e1s simple que echar un extranjero. Adem\u00e1s, no se impuls\u00f3 el crecimiento de la comunidad y no se aportaron mejor\u00edas a las carreteras, que se encuentran en estados cr\u00edticos. Tambi\u00e9n la <a href=\"https:\/\/youtu.be\/pfIipJrEZ74?t=1171\">arquitectura local<\/a> padece los estragos de la explotaci\u00f3n minera. Las excavaciones para expandir las minas se llevan a cabo a trav\u00e9s de continuas detonaciones, que afectan las viviendas comunitarias. Como resultado, grietas y rayaduras pueblan las paredes de much\u00edsimas casas, poniendo en riesgo la estabilidad estructural de los hogares.[\/vc_column_text][vc_column_text]<\/p>\n<blockquote><p><strong>\u00a0El crecimiento local no ha sido impulsado. La presencia minera caus\u00f3 conflictos y tensiones.<\/strong><\/p><\/blockquote>\n<p>[\/vc_column_text][vc_single_image image=&#8221;20277&#8243; img_size=&#8221;full&#8221; add_caption=&#8221;yes&#8221;][vc_column_text]La comunidad local intenta resistir frente a las injusticias perpetuadas. De ah\u00ed las <a href=\"https:\/\/www.defensoria.gob.pe\/wp-content\/uploads\/2020\/05\/Reporte-Mensual-de-Conflictos-Sociales-N%C2%B0-194-abril-2020.pdf\">tenciones sociales<\/a> que han afectado el territorio desde 2008. En efecto, la gente del Tingo se ha levantado contra la servidumbre minera y la explotaci\u00f3n. Manifestaciones y huelgas se han sucedido a lo largo de los a\u00f1os, demostrando el compromiso de la comunidad local en defender sus tierras y aguas.<\/p>\n<p>El pueblo se organiz\u00f3 de manera aut\u00f3noma y pidi\u00f3 ayuda para publicitar la lucha y ser finalmente escuchado. CATAPA se involucr\u00f3 activamente en el territorio junto a su aliado Grufides, conduciendo decenas de entrevistas y recolectando muestras de agua de las fuentes. Las pruebas demostraron el alto nivel de contaminaci\u00f3n de los r\u00edos y arroyos que cruzan el \u00e1rea. La contaminaci\u00f3n ha llegado a niveles exasperantes: es as\u00ed de alta que las plantas se queman debido al exceso de \u00e1cido presente en las aguas. A trav\u00e9s de las entrevistas recolectadas, se produjo un <a href=\"https:\/\/www.facebook.com\/watch\/?v=660061974691032\">documental<\/a> de denuncia para viralizar el caso del Tingo. Adem\u00e1s de esto, un webinar y una campa\u00f1a en las redes sociales fueron organizadas para viralizar la situaci\u00f3n. Hoy en d\u00eda, los abogados de Grufides siguen luchando al lado de los abogados de la comunidad para aportar apoyo a la causa y encontrar justicia.<\/p>\n<p>La del Tingo es una historia de promesas no cumplidas y abusos. La presi\u00f3n de la econom\u00eda central est\u00e1 impulsando el desarrollo del subdesarrollo en la regi\u00f3n, relegando la comunidad a una situaci\u00f3n de dependencia irreversible. El \u00e1rea se ha convertido en un oasis para la extracci\u00f3n minera, <em>locus amenus<\/em> donde el occidente encontr\u00f3 la respuestas a sus demandas expansionistas. Cuesta creer que semejantes abusos se lleven a cabo en el d\u00eda de hoy. La situaci\u00f3n en la que se encuentran los habitantes del Tingo hoy en d\u00eda es intolerable, y el objetivo de CATAPA, junto a sus aliados y la comunidad, es de llevar justicia a un pueblo que por d\u00e9cadas sufri\u00f3 los estragos del despojo.[\/vc_column_text][\/vc_column][\/vc_row]<\/p>\n<\/div>","protected":false},"excerpt":{"rendered":"<p>[vc_row][vc_column][vc_column_text] El Tingo La contaminaci\u00f3n acu\u00edfera causada por los desechos t\u00f3xicos mineros ha transformado radicalmente el ecosistema regional, envenenando la tierra. Autor &#8211; Giacomo Perna [\/vc_column_text][vc_column_text]Durante una de sus visitas a Macondo, Melquiades y sus<br \/><a class=\"read-more\" href=\"https:\/\/catapa.be\/es\/el-tingo\/\">Read More<\/a><\/p>\n","protected":false},"author":54,"featured_media":20220,"comment_status":"open","ping_status":"open","sticky":false,"template":"","format":"standard","meta":{"_exactmetrics_skip_tracking":false,"_exactmetrics_sitenote_active":false,"_exactmetrics_sitenote_note":"","_exactmetrics_sitenote_category":0,"jetpack_post_was_ever_published":false,"_jetpack_newsletter_access":"","_jetpack_dont_email_post_to_subs":false,"_jetpack_newsletter_tier_id":0,"_jetpack_memberships_contains_paywalled_content":false,"_jetpack_memberships_contains_paid_content":false,"footnotes":"","jetpack_publicize_message":"","jetpack_publicize_feature_enabled":true,"jetpack_social_post_already_shared":true,"jetpack_social_options":{"image_generator_settings":{"template":"highway","default_image_id":0,"font":"","enabled":false},"version":2}},"categories":[186],"tags":[],"class_list":["post-20211","post","type-post","status-publish","format-standard","has-post-thumbnail","hentry","category-sin-categorizar"],"yoast_head":"<!-- This site is optimized with the Yoast SEO plugin v26.8 - https:\/\/yoast.com\/product\/yoast-seo-wordpress\/ -->\n<title>El Tingo - CATAPA vzw<\/title>\n<meta name=\"robots\" content=\"index, follow, max-snippet:-1, max-image-preview:large, max-video-preview:-1\" \/>\n<link rel=\"canonical\" href=\"https:\/\/catapa.be\/es\/el-tingo\/\" \/>\n<meta property=\"og:locale\" content=\"es_ES\" \/>\n<meta property=\"og:type\" content=\"article\" \/>\n<meta property=\"og:title\" content=\"El Tingo - CATAPA vzw\" \/>\n<meta property=\"og:description\" content=\"[vc_row][vc_column][vc_column_text] El Tingo La contaminaci\u00f3n acu\u00edfera causada por los desechos t\u00f3xicos mineros ha transformado radicalmente el ecosistema regional, envenenando la tierra. Autor &#8211; Giacomo Perna [\/vc_column_text][vc_column_text]Durante una de sus visitas a Macondo, Melquiades y susRead More\" \/>\n<meta property=\"og:url\" content=\"https:\/\/catapa.be\/es\/el-tingo\/\" \/>\n<meta property=\"og:site_name\" content=\"CATAPA vzw\" \/>\n<meta property=\"article:publisher\" content=\"https:\/\/www.facebook.com\/catapa.belgium\/\" \/>\n<meta property=\"article:published_time\" content=\"2021-03-10T15:56:03+00:00\" \/>\n<meta property=\"article:modified_time\" content=\"2021-03-10T20:23:48+00:00\" \/>\n<meta property=\"og:image\" content=\"https:\/\/i0.wp.com\/catapa.be\/wp-content\/uploads\/2021\/03\/Untitled-design-15-1.jpg?fit=940%2C788&ssl=1\" \/>\n\t<meta property=\"og:image:width\" content=\"940\" \/>\n\t<meta property=\"og:image:height\" content=\"788\" \/>\n\t<meta property=\"og:image:type\" content=\"image\/jpeg\" \/>\n<meta name=\"author\" content=\"Giacomo Perna\" \/>\n<meta name=\"twitter:card\" content=\"summary_large_image\" \/>\n<meta name=\"twitter:creator\" content=\"@CATAPA_Belgica\" \/>\n<meta name=\"twitter:site\" content=\"@CATAPA_Belgica\" \/>\n<meta name=\"twitter:label1\" content=\"Escrito por\" \/>\n\t<meta name=\"twitter:data1\" content=\"Giacomo Perna\" \/>\n\t<meta name=\"twitter:label2\" content=\"Tiempo de lectura\" \/>\n\t<meta name=\"twitter:data2\" content=\"8 minutes\" \/>\n<script type=\"application\/ld+json\" class=\"yoast-schema-graph\">{\"@context\":\"https:\/\/schema.org\",\"@graph\":[{\"@type\":\"Article\",\"@id\":\"https:\/\/catapa.be\/es\/el-tingo\/#article\",\"isPartOf\":{\"@id\":\"https:\/\/catapa.be\/es\/el-tingo\/\"},\"author\":{\"name\":\"Giacomo Perna\",\"@id\":\"https:\/\/catapa.be\/es\/#\/schema\/person\/4d3cd3d0b704891013d696327a7ef519\"},\"headline\":\"El Tingo\",\"datePublished\":\"2021-03-10T15:56:03+00:00\",\"dateModified\":\"2021-03-10T20:23:48+00:00\",\"mainEntityOfPage\":{\"@id\":\"https:\/\/catapa.be\/es\/el-tingo\/\"},\"wordCount\":1591,\"commentCount\":0,\"publisher\":{\"@id\":\"https:\/\/catapa.be\/es\/#organization\"},\"image\":{\"@id\":\"https:\/\/catapa.be\/es\/el-tingo\/#primaryimage\"},\"thumbnailUrl\":\"https:\/\/i0.wp.com\/catapa.be\/wp-content\/uploads\/2021\/03\/Untitled-design-15-1.jpg?fit=940%2C788&ssl=1\",\"articleSection\":[\"Sin categorizar\"],\"inLanguage\":\"es-ES\",\"potentialAction\":[{\"@type\":\"CommentAction\",\"name\":\"Comment\",\"target\":[\"https:\/\/catapa.be\/es\/el-tingo\/#respond\"]}]},{\"@type\":\"WebPage\",\"@id\":\"https:\/\/catapa.be\/es\/el-tingo\/\",\"url\":\"https:\/\/catapa.be\/es\/el-tingo\/\",\"name\":\"El Tingo - CATAPA vzw\",\"isPartOf\":{\"@id\":\"https:\/\/catapa.be\/es\/#website\"},\"primaryImageOfPage\":{\"@id\":\"https:\/\/catapa.be\/es\/el-tingo\/#primaryimage\"},\"image\":{\"@id\":\"https:\/\/catapa.be\/es\/el-tingo\/#primaryimage\"},\"thumbnailUrl\":\"https:\/\/i0.wp.com\/catapa.be\/wp-content\/uploads\/2021\/03\/Untitled-design-15-1.jpg?fit=940%2C788&ssl=1\",\"datePublished\":\"2021-03-10T15:56:03+00:00\",\"dateModified\":\"2021-03-10T20:23:48+00:00\",\"breadcrumb\":{\"@id\":\"https:\/\/catapa.be\/es\/el-tingo\/#breadcrumb\"},\"inLanguage\":\"es-ES\",\"potentialAction\":[{\"@type\":\"ReadAction\",\"target\":[\"https:\/\/catapa.be\/es\/el-tingo\/\"]}]},{\"@type\":\"ImageObject\",\"inLanguage\":\"es-ES\",\"@id\":\"https:\/\/catapa.be\/es\/el-tingo\/#primaryimage\",\"url\":\"https:\/\/i0.wp.com\/catapa.be\/wp-content\/uploads\/2021\/03\/Untitled-design-15-1.jpg?fit=940%2C788&ssl=1\",\"contentUrl\":\"https:\/\/i0.wp.com\/catapa.be\/wp-content\/uploads\/2021\/03\/Untitled-design-15-1.jpg?fit=940%2C788&ssl=1\",\"width\":940,\"height\":788},{\"@type\":\"BreadcrumbList\",\"@id\":\"https:\/\/catapa.be\/es\/el-tingo\/#breadcrumb\",\"itemListElement\":[{\"@type\":\"ListItem\",\"position\":1,\"name\":\"Home\",\"item\":\"https:\/\/catapa.be\/es\/\"},{\"@type\":\"ListItem\",\"position\":2,\"name\":\"El Tingo\"}]},{\"@type\":\"WebSite\",\"@id\":\"https:\/\/catapa.be\/es\/#website\",\"url\":\"https:\/\/catapa.be\/es\/\",\"name\":\"CATAPA vzw\",\"description\":\"Comit\u00e9 Acad\u00e9mico T\u00e9cnico de Asesoramiento a Problemas Ambientales\",\"publisher\":{\"@id\":\"https:\/\/catapa.be\/es\/#organization\"},\"potentialAction\":[{\"@type\":\"SearchAction\",\"target\":{\"@type\":\"EntryPoint\",\"urlTemplate\":\"https:\/\/catapa.be\/es\/?s={search_term_string}\"},\"query-input\":{\"@type\":\"PropertyValueSpecification\",\"valueRequired\":true,\"valueName\":\"search_term_string\"}}],\"inLanguage\":\"es-ES\"},{\"@type\":\"Organization\",\"@id\":\"https:\/\/catapa.be\/es\/#organization\",\"name\":\"CATAPA vzw\",\"url\":\"https:\/\/catapa.be\/es\/\",\"logo\":{\"@type\":\"ImageObject\",\"inLanguage\":\"es-ES\",\"@id\":\"https:\/\/catapa.be\/es\/#\/schema\/logo\/image\/\",\"url\":\"https:\/\/i0.wp.com\/catapa.be\/wp-content\/uploads\/2019\/02\/NEW20LOGO20SHORT20PNG1.png?fit=1259%2C1321&ssl=1\",\"contentUrl\":\"https:\/\/i0.wp.com\/catapa.be\/wp-content\/uploads\/2019\/02\/NEW20LOGO20SHORT20PNG1.png?fit=1259%2C1321&ssl=1\",\"width\":1259,\"height\":1321,\"caption\":\"CATAPA vzw\"},\"image\":{\"@id\":\"https:\/\/catapa.be\/es\/#\/schema\/logo\/image\/\"},\"sameAs\":[\"https:\/\/www.facebook.com\/catapa.belgium\/\",\"https:\/\/x.com\/CATAPA_Belgica\",\"https:\/\/www.instagram.com\/catapa_vzw\/\",\"https:\/\/be.linkedin.com\/company\/catapavzw\",\"https:\/\/www.youtube.com\/channel\/UCE52-Fiyv-Fpqf2gi1qhf1g\"]},{\"@type\":\"Person\",\"@id\":\"https:\/\/catapa.be\/es\/#\/schema\/person\/4d3cd3d0b704891013d696327a7ef519\",\"name\":\"Giacomo Perna\",\"url\":\"https:\/\/catapa.be\/es\/author\/giacomo\/\"}]}<\/script>\n<!-- \/ Yoast SEO plugin. -->","yoast_head_json":{"title":"El Tingo - CATAPA vzw","robots":{"index":"index","follow":"follow","max-snippet":"max-snippet:-1","max-image-preview":"max-image-preview:large","max-video-preview":"max-video-preview:-1"},"canonical":"https:\/\/catapa.be\/es\/el-tingo\/","og_locale":"es_ES","og_type":"article","og_title":"El Tingo - CATAPA vzw","og_description":"[vc_row][vc_column][vc_column_text] El Tingo La contaminaci\u00f3n acu\u00edfera causada por los desechos t\u00f3xicos mineros ha transformado radicalmente el ecosistema regional, envenenando la tierra. Autor &#8211; Giacomo Perna [\/vc_column_text][vc_column_text]Durante una de sus visitas a Macondo, Melquiades y susRead More","og_url":"https:\/\/catapa.be\/es\/el-tingo\/","og_site_name":"CATAPA vzw","article_publisher":"https:\/\/www.facebook.com\/catapa.belgium\/","article_published_time":"2021-03-10T15:56:03+00:00","article_modified_time":"2021-03-10T20:23:48+00:00","og_image":[{"width":940,"height":788,"url":"https:\/\/i0.wp.com\/catapa.be\/wp-content\/uploads\/2021\/03\/Untitled-design-15-1.jpg?fit=940%2C788&ssl=1","type":"image\/jpeg"}],"author":"Giacomo Perna","twitter_card":"summary_large_image","twitter_creator":"@CATAPA_Belgica","twitter_site":"@CATAPA_Belgica","twitter_misc":{"Escrito por":"Giacomo Perna","Tiempo de lectura":"8 minutes"},"schema":{"@context":"https:\/\/schema.org","@graph":[{"@type":"Article","@id":"https:\/\/catapa.be\/es\/el-tingo\/#article","isPartOf":{"@id":"https:\/\/catapa.be\/es\/el-tingo\/"},"author":{"name":"Giacomo Perna","@id":"https:\/\/catapa.be\/es\/#\/schema\/person\/4d3cd3d0b704891013d696327a7ef519"},"headline":"El Tingo","datePublished":"2021-03-10T15:56:03+00:00","dateModified":"2021-03-10T20:23:48+00:00","mainEntityOfPage":{"@id":"https:\/\/catapa.be\/es\/el-tingo\/"},"wordCount":1591,"commentCount":0,"publisher":{"@id":"https:\/\/catapa.be\/es\/#organization"},"image":{"@id":"https:\/\/catapa.be\/es\/el-tingo\/#primaryimage"},"thumbnailUrl":"https:\/\/i0.wp.com\/catapa.be\/wp-content\/uploads\/2021\/03\/Untitled-design-15-1.jpg?fit=940%2C788&ssl=1","articleSection":["Sin categorizar"],"inLanguage":"es-ES","potentialAction":[{"@type":"CommentAction","name":"Comment","target":["https:\/\/catapa.be\/es\/el-tingo\/#respond"]}]},{"@type":"WebPage","@id":"https:\/\/catapa.be\/es\/el-tingo\/","url":"https:\/\/catapa.be\/es\/el-tingo\/","name":"El Tingo - CATAPA vzw","isPartOf":{"@id":"https:\/\/catapa.be\/es\/#website"},"primaryImageOfPage":{"@id":"https:\/\/catapa.be\/es\/el-tingo\/#primaryimage"},"image":{"@id":"https:\/\/catapa.be\/es\/el-tingo\/#primaryimage"},"thumbnailUrl":"https:\/\/i0.wp.com\/catapa.be\/wp-content\/uploads\/2021\/03\/Untitled-design-15-1.jpg?fit=940%2C788&ssl=1","datePublished":"2021-03-10T15:56:03+00:00","dateModified":"2021-03-10T20:23:48+00:00","breadcrumb":{"@id":"https:\/\/catapa.be\/es\/el-tingo\/#breadcrumb"},"inLanguage":"es-ES","potentialAction":[{"@type":"ReadAction","target":["https:\/\/catapa.be\/es\/el-tingo\/"]}]},{"@type":"ImageObject","inLanguage":"es-ES","@id":"https:\/\/catapa.be\/es\/el-tingo\/#primaryimage","url":"https:\/\/i0.wp.com\/catapa.be\/wp-content\/uploads\/2021\/03\/Untitled-design-15-1.jpg?fit=940%2C788&ssl=1","contentUrl":"https:\/\/i0.wp.com\/catapa.be\/wp-content\/uploads\/2021\/03\/Untitled-design-15-1.jpg?fit=940%2C788&ssl=1","width":940,"height":788},{"@type":"BreadcrumbList","@id":"https:\/\/catapa.be\/es\/el-tingo\/#breadcrumb","itemListElement":[{"@type":"ListItem","position":1,"name":"Home","item":"https:\/\/catapa.be\/es\/"},{"@type":"ListItem","position":2,"name":"El Tingo"}]},{"@type":"WebSite","@id":"https:\/\/catapa.be\/es\/#website","url":"https:\/\/catapa.be\/es\/","name":"CATAPA vzw","description":"Comit\u00e9 Acad\u00e9mico T\u00e9cnico de Asesoramiento a Problemas Ambientales","publisher":{"@id":"https:\/\/catapa.be\/es\/#organization"},"potentialAction":[{"@type":"SearchAction","target":{"@type":"EntryPoint","urlTemplate":"https:\/\/catapa.be\/es\/?s={search_term_string}"},"query-input":{"@type":"PropertyValueSpecification","valueRequired":true,"valueName":"search_term_string"}}],"inLanguage":"es-ES"},{"@type":"Organization","@id":"https:\/\/catapa.be\/es\/#organization","name":"CATAPA vzw","url":"https:\/\/catapa.be\/es\/","logo":{"@type":"ImageObject","inLanguage":"es-ES","@id":"https:\/\/catapa.be\/es\/#\/schema\/logo\/image\/","url":"https:\/\/i0.wp.com\/catapa.be\/wp-content\/uploads\/2019\/02\/NEW20LOGO20SHORT20PNG1.png?fit=1259%2C1321&ssl=1","contentUrl":"https:\/\/i0.wp.com\/catapa.be\/wp-content\/uploads\/2019\/02\/NEW20LOGO20SHORT20PNG1.png?fit=1259%2C1321&ssl=1","width":1259,"height":1321,"caption":"CATAPA vzw"},"image":{"@id":"https:\/\/catapa.be\/es\/#\/schema\/logo\/image\/"},"sameAs":["https:\/\/www.facebook.com\/catapa.belgium\/","https:\/\/x.com\/CATAPA_Belgica","https:\/\/www.instagram.com\/catapa_vzw\/","https:\/\/be.linkedin.com\/company\/catapavzw","https:\/\/www.youtube.com\/channel\/UCE52-Fiyv-Fpqf2gi1qhf1g"]},{"@type":"Person","@id":"https:\/\/catapa.be\/es\/#\/schema\/person\/4d3cd3d0b704891013d696327a7ef519","name":"Giacomo Perna","url":"https:\/\/catapa.be\/es\/author\/giacomo\/"}]}},"jetpack_publicize_connections":[],"jetpack_featured_media_url":"https:\/\/i0.wp.com\/catapa.be\/wp-content\/uploads\/2021\/03\/Untitled-design-15-1.jpg?fit=940%2C788&ssl=1","jetpack_sharing_enabled":true,"jetpack_likes_enabled":true,"jetpack-related-posts":[{"id":19863,"url":"https:\/\/catapa.be\/es\/guardianes-del-agua\/","url_meta":{"origin":20211,"position":0},"title":"Guardianxs del Agua","author":"Giacomo Perna","date":"18\/02\/2021","format":false,"excerpt":"[vc_row][vc_column][vc_column_text] Guardianxs del agua En 1957 el peri\u00f3dico norteamericano The New Yorker public\u00f3 una poes\u00eda del poeta brit\u00e1nico W. H. Auden, cuyo final recitaba: \u201cMiles de personas han sobrevivido sin amor. Ninguna sin agua.\u201d En efecto, ten\u00eda raz\u00f3n. A pesar de los intentos de sensibilizaci\u00f3n, hoy en d\u00eda, una parte\u2026","rel":"","context":"En \u00abSin categorizar\u00bb","block_context":{"text":"Sin categorizar","link":"https:\/\/catapa.be\/es\/category\/sin-categorizar\/"},"img":{"alt_text":"","src":"https:\/\/i0.wp.com\/catapa.be\/wp-content\/uploads\/2021\/02\/Untitled-design-4.jpg?fit=1080%2C1080&ssl=1&resize=350%2C200","width":350,"height":200,"srcset":"https:\/\/i0.wp.com\/catapa.be\/wp-content\/uploads\/2021\/02\/Untitled-design-4.jpg?fit=1080%2C1080&ssl=1&resize=350%2C200 1x, https:\/\/i0.wp.com\/catapa.be\/wp-content\/uploads\/2021\/02\/Untitled-design-4.jpg?fit=1080%2C1080&ssl=1&resize=525%2C300 1.5x, https:\/\/i0.wp.com\/catapa.be\/wp-content\/uploads\/2021\/02\/Untitled-design-4.jpg?fit=1080%2C1080&ssl=1&resize=700%2C400 2x, https:\/\/i0.wp.com\/catapa.be\/wp-content\/uploads\/2021\/02\/Untitled-design-4.jpg?fit=1080%2C1080&ssl=1&resize=1050%2C600 3x"},"classes":[]},{"id":20172,"url":"https:\/\/catapa.be\/es\/10-maneras-en-las-que-catapa-se-enfrento-a-la-industria-minera-en-2020\/","url_meta":{"origin":20211,"position":1},"title":"10 Maneras en las que CATAPA se enfrent\u00f3 a la Industria Minera en 2020","author":"Harry Carter","date":"26\/01\/2021","format":false,"excerpt":"[vc_row][vc_column][vc_column_text] 10 Maneras en las que CATAPA se enfrent\u00f3 a la Industria Minera en 2020 Ha sido un a\u00f1o lleno de desaf\u00edos en todo el mundo, no menos para las comunidades que tienen en frente proyectos mineros que intentan explotar la situaci\u00f3n en la que nos encontramos. A pesar de\u2026","rel":"","context":"En \u00abBolivia\u00bb","block_context":{"text":"Bolivia","link":"https:\/\/catapa.be\/es\/category\/partnerlanden\/bolivia\/"},"img":{"alt_text":"","src":"https:\/\/i0.wp.com\/catapa.be\/wp-content\/uploads\/2021\/01\/Star-Watchers-4.png?fit=640%2C640&ssl=1&resize=350%2C200","width":350,"height":200,"srcset":"https:\/\/i0.wp.com\/catapa.be\/wp-content\/uploads\/2021\/01\/Star-Watchers-4.png?fit=640%2C640&ssl=1&resize=350%2C200 1x, https:\/\/i0.wp.com\/catapa.be\/wp-content\/uploads\/2021\/01\/Star-Watchers-4.png?fit=640%2C640&ssl=1&resize=525%2C300 1.5x"},"classes":[]},{"id":33920,"url":"https:\/\/catapa.be\/es\/falan-el-pueblo-de-colombia-donde-la-epoca-colonial-vuelve-una-y-otra-vez\/","url_meta":{"origin":20211,"position":2},"title":"Fal\u00e1n: el pueblo de Colombia donde la \u00e9poca colonial vuelve una y otra vez","author":"Estefan\u00eda","date":"07\/08\/2023","format":false,"excerpt":"[vc_row][vc_column][vc_column_text]Perder la lucha contra la miner\u00eda significar\u00eda desplazamiento, muerte... ser\u00eda volver del rev\u00e9s las monta\u00f1as. Ser\u00eda la desaparici\u00f3n de la cultura oral ancestral. Ser\u00eda poner a mucha gente en un escenario muy malo, gente luchando por su supervivencia, por el lugar donde viven. Ser\u00eda perder el r\u00edo Magdalena, ser\u00eda perder\u2026","rel":"","context":"En \u00abColombia\u00bb","block_context":{"text":"Colombia","link":"https:\/\/catapa.be\/es\/category\/colombia-es\/"},"img":{"alt_text":"","src":"https:\/\/i0.wp.com\/catapa.be\/wp-content\/uploads\/2023\/08\/WhatsApp-Image-2023-08-03-at-13.46.34.jpeg?fit=1200%2C900&ssl=1&resize=350%2C200","width":350,"height":200,"srcset":"https:\/\/i0.wp.com\/catapa.be\/wp-content\/uploads\/2023\/08\/WhatsApp-Image-2023-08-03-at-13.46.34.jpeg?fit=1200%2C900&ssl=1&resize=350%2C200 1x, https:\/\/i0.wp.com\/catapa.be\/wp-content\/uploads\/2023\/08\/WhatsApp-Image-2023-08-03-at-13.46.34.jpeg?fit=1200%2C900&ssl=1&resize=525%2C300 1.5x, https:\/\/i0.wp.com\/catapa.be\/wp-content\/uploads\/2023\/08\/WhatsApp-Image-2023-08-03-at-13.46.34.jpeg?fit=1200%2C900&ssl=1&resize=700%2C400 2x, https:\/\/i0.wp.com\/catapa.be\/wp-content\/uploads\/2023\/08\/WhatsApp-Image-2023-08-03-at-13.46.34.jpeg?fit=1200%2C900&ssl=1&resize=1050%2C600 3x"},"classes":[]},{"id":36103,"url":"https:\/\/catapa.be\/es\/resistencia-turistica-liderada-por-mujeres-kichwa-como-alternativa-a-la-mineria-de-oro-en-la-amazonia-ecuatoriana\/","url_meta":{"origin":20211,"position":3},"title":"Resistencia tur\u00edstica liderada por mujeres Kichwa como alternativa a la miner\u00eda de oro en la Amazon\u00eda ecuatoriana","author":"Koerian","date":"10\/10\/2024","format":false,"excerpt":"[vc_row][vc_column][vc_column_text css=\".vc_custom_1728567913881{margin-top: 0px !important;margin-bottom: 35px !important;}\"]Margot Tjolle estudi\u00f3 una Maestr\u00eda en Medio Ambiente y Desarrollo en la Universidad de Copenhague. Para su tesis de maestr\u00eda, realiz\u00f3 trabajo de campo en la comunidad de Serena junto con sus dos compa\u00f1eros de investigaci\u00f3n, Filippo De Rossi y Marie Eenens. Decidieron colaborar y\u2026","rel":"","context":"En \u00abEcuador\u00bb","block_context":{"text":"Ecuador","link":"https:\/\/catapa.be\/es\/category\/ecuador\/"},"img":{"alt_text":"","src":"https:\/\/i0.wp.com\/catapa.be\/wp-content\/uploads\/2024\/10\/IMG_9994.jpg?fit=1024%2C768&ssl=1&resize=350%2C200","width":350,"height":200,"srcset":"https:\/\/i0.wp.com\/catapa.be\/wp-content\/uploads\/2024\/10\/IMG_9994.jpg?fit=1024%2C768&ssl=1&resize=350%2C200 1x, https:\/\/i0.wp.com\/catapa.be\/wp-content\/uploads\/2024\/10\/IMG_9994.jpg?fit=1024%2C768&ssl=1&resize=525%2C300 1.5x, https:\/\/i0.wp.com\/catapa.be\/wp-content\/uploads\/2024\/10\/IMG_9994.jpg?fit=1024%2C768&ssl=1&resize=700%2C400 2x"},"classes":[]},{"id":33282,"url":"https:\/\/catapa.be\/es\/dia-mundial-del-agua-defendamos-nuestro-derecho-al-agua-potable\/","url_meta":{"origin":20211,"position":4},"title":"D\u00eda Mundial del Agua: defendamos nuestro derecho al agua potable","author":"Estefan\u00eda","date":"22\/03\/2023","format":false,"excerpt":"Cada a\u00f1o,\u00a0desde 1993, se celebra el D\u00eda Mundial del Agua para concienciar sobre la crisis mundial del acceso al agua y actuar en defensa de nuestros derechos. Seg\u00fan la ONU, m\u00e1s de 2.000 millones de personas siguen sin tener acceso a agua potable. La situaci\u00f3n es cr\u00edtica en la provincia\u2026","rel":"","context":"En \u00abGECOs on the road\u00bb","block_context":{"text":"GECOs on the road","link":"https:\/\/catapa.be\/es\/category\/catapa-in-de-kijker-es\/gecos-on-the-road-es\/"},"img":{"alt_text":"","src":"https:\/\/i0.wp.com\/catapa.be\/wp-content\/uploads\/2023\/03\/img6-e1679484475962.jpg?fit=900%2C1200&ssl=1&resize=350%2C200","width":350,"height":200,"srcset":"https:\/\/i0.wp.com\/catapa.be\/wp-content\/uploads\/2023\/03\/img6-e1679484475962.jpg?fit=900%2C1200&ssl=1&resize=350%2C200 1x, https:\/\/i0.wp.com\/catapa.be\/wp-content\/uploads\/2023\/03\/img6-e1679484475962.jpg?fit=900%2C1200&ssl=1&resize=525%2C300 1.5x, https:\/\/i0.wp.com\/catapa.be\/wp-content\/uploads\/2023\/03\/img6-e1679484475962.jpg?fit=900%2C1200&ssl=1&resize=700%2C400 2x"},"classes":[]},{"id":10414,"url":"https:\/\/catapa.be\/es\/feliz-dia-de-la-mujer\/","url_meta":{"origin":20211,"position":5},"title":"Feliz d\u00eda de la Mujer","author":"Karlijn Van den Broeck","date":"04\/03\/2019","format":false,"excerpt":"[vc_row][vc_column][vc_custom_heading text=\"Feliz d\u00eda de la Mujer\" font_container=\"tag:h2|text_align:center\" google_fonts=\"font_family:Quicksand%3A300%2Cregular%2C700|font_style:400%20regular%3A400%3Anormal\"][vc_column_text]Karlijn Van den Broeck, 11 de marzo 2018[\/vc_column_text][vc_column_text]8 de marzo, D\u00eda Internacional de la Mujer Cajamarca, Colombia Hay un grupo de j\u00f3venes activistas alemanes visitando Cajamarca. Van por un d\u00eda al P\u00e1ramo. Puedo ir con ellos. Me levanto alrededor de las 5.30 am.\u2026","rel":"","context":"En \u00abColombia\u00bb","block_context":{"text":"Colombia","link":"https:\/\/catapa.be\/es\/category\/colombia-es\/"},"img":{"alt_text":"","src":"https:\/\/i0.wp.com\/catapa.be\/wp-content\/uploads\/2019\/03\/feliz-dia-de-la-mujer-min.jpg?fit=859%2C639&ssl=1&resize=350%2C200","width":350,"height":200,"srcset":"https:\/\/i0.wp.com\/catapa.be\/wp-content\/uploads\/2019\/03\/feliz-dia-de-la-mujer-min.jpg?fit=859%2C639&ssl=1&resize=350%2C200 1x, https:\/\/i0.wp.com\/catapa.be\/wp-content\/uploads\/2019\/03\/feliz-dia-de-la-mujer-min.jpg?fit=859%2C639&ssl=1&resize=525%2C300 1.5x, https:\/\/i0.wp.com\/catapa.be\/wp-content\/uploads\/2019\/03\/feliz-dia-de-la-mujer-min.jpg?fit=859%2C639&ssl=1&resize=700%2C400 2x"},"classes":[]}],"_links":{"self":[{"href":"https:\/\/catapa.be\/es\/wp-json\/wp\/v2\/posts\/20211","targetHints":{"allow":["GET"]}}],"collection":[{"href":"https:\/\/catapa.be\/es\/wp-json\/wp\/v2\/posts"}],"about":[{"href":"https:\/\/catapa.be\/es\/wp-json\/wp\/v2\/types\/post"}],"author":[{"embeddable":true,"href":"https:\/\/catapa.be\/es\/wp-json\/wp\/v2\/users\/54"}],"replies":[{"embeddable":true,"href":"https:\/\/catapa.be\/es\/wp-json\/wp\/v2\/comments?post=20211"}],"version-history":[{"count":15,"href":"https:\/\/catapa.be\/es\/wp-json\/wp\/v2\/posts\/20211\/revisions"}],"predecessor-version":[{"id":20282,"href":"https:\/\/catapa.be\/es\/wp-json\/wp\/v2\/posts\/20211\/revisions\/20282"}],"wp:featuredmedia":[{"embeddable":true,"href":"https:\/\/catapa.be\/es\/wp-json\/wp\/v2\/media\/20220"}],"wp:attachment":[{"href":"https:\/\/catapa.be\/es\/wp-json\/wp\/v2\/media?parent=20211"}],"wp:term":[{"taxonomy":"category","embeddable":true,"href":"https:\/\/catapa.be\/es\/wp-json\/wp\/v2\/categories?post=20211"},{"taxonomy":"post_tag","embeddable":true,"href":"https:\/\/catapa.be\/es\/wp-json\/wp\/v2\/tags?post=20211"}],"curies":[{"name":"wp","href":"https:\/\/api.w.org\/{rel}","templated":true}]}}