{"id":28585,"date":"2022-03-22T15:45:49","date_gmt":"2022-03-22T14:45:49","guid":{"rendered":"https:\/\/catapa.be\/?p=28585"},"modified":"2022-03-22T16:20:49","modified_gmt":"2022-03-22T15:20:49","slug":"defensores-del-medio-ambiente-se-reunen-con-eurodiputados","status":"publish","type":"post","link":"https:\/\/catapa.be\/es\/defensores-del-medio-ambiente-se-reunen-con-eurodiputados\/","title":{"rendered":"DEFENSORES DEL MEDIO AMBIENTE SE RE\u00daNEN CON EURODIPUTADOS"},"content":{"rendered":"<div class=\"wpb-content-wrapper\"><p>[vc_row][vc_column][vc_column_text]<\/p>\n<h2><span style=\"font-weight: 400;\">DEFENSORES DEL MEDIO AMBIENTE Y REPRESENTANTES IND\u00cdGENAS DE LAS COMUNIDADES AFECTADAS POR LA MINER\u00cdA SE RE\u00daNEN CON EURODIPUTADOS EN RELACI\u00d3N A LA LEGISLACI\u00d3N DE LA UE SOBRE DILIGENCIA DEBIDA\u00a0<\/span><\/h2>\n<p><span style=\"font-weight: 400;\">Nuestros defensores del medio ambiente peruanos, junto con representantes ind\u00edgenas de Rusia y Guatemala, se reunieron con eurodiputados el pasado jueves 4 de marzo para compartir sus historias de lucha en defensa de sus comunidades ante los proyectos mineros destructivos.\u00a0<\/span>[\/vc_column_text][vc_column_text]<\/p>\n<blockquote><p>Las normas internacionales voluntarias sobre la conducta responsable de las empresas no han logrado incidir en los abusos contra el medio ambiente y los derechos humanos a lo largo de las cadenas de suministro<\/p><\/blockquote>\n<p>[\/vc_column_text][vc_column_text]<span style=\"font-weight: 400;\">Exigieron una legislaci\u00f3n m\u00e1s estricta en materia de bater\u00edas y diligencia debida que centre las voces y experiencias de las comunidades afectadas. En virtud de la &#8220;licencia social para operar&#8221;, un compromiso voluntario no vinculante de &#8220;buenas pr\u00e1cticas&#8221;, las empresas pueden maquillar de verde (<a class=\"_ps2id\" href=\"https:\/\/earthworks.org\/blog\/why-were-holding-chevron-accountable-for-its-greenwashing-campaigns\/\" data-ps2id-offset=\"\">greenwash<\/a>) sus operaciones. Las <a class=\"_ps2id\" href=\"https:\/\/doi.org\/10.1787\/9789264115415-en\" data-ps2id-offset=\"\">normas internacionales voluntarias<\/a> sobre la conducta responsable de las empresas no han conseguido incidir en los <a class=\"_ps2id\" href=\"https:\/\/www.business-humanrights.org\/en\/blog\/brumadinho-dam-collapse-lessons-in-corporate-due-diligence-and-remedy-for-harm-done\/\" data-ps2id-offset=\"\">abusos contra el medio ambiente y los derechos humanos<\/a> a lo largo de las cadenas de suministro.<\/span>[\/vc_column_text][vc_single_image image=&#8221;28556&#8243; img_size=&#8221;full&#8221; add_caption=&#8221;yes&#8221;][vc_column_text]<span style=\"font-weight: 400;\">La delegaci\u00f3n subray\u00f3 la importancia de mantener el cobre, la bauxita y el hierro dentro de las obligaciones de diligencia debida propuestas. Tambi\u00e9n llamaron la atenci\u00f3n sobre la necesidad de incluir las obligaciones relativas al impacto clim\u00e1tico.<\/span><\/p>\n<p><span style=\"font-weight: 400;\">\u00a0<\/span><\/p>\n<p><span style=\"font-weight: 400;\">Las <a class=\"_ps2id\" href=\"https:\/\/ec.europa.eu\/info\/sites\/default\/files\/1_1_183885_prop_dir_susta_en.pdf\" data-ps2id-offset=\"\">propuestas actuales de diligencia debida en materia de sostenibilidad empresarial<\/a> s\u00f3lo exigen a las empresas mineras de la UE con m\u00e1s de 250 empleados y una facturaci\u00f3n anual de 40 millones de euros que eviten los abusos contra los derechos humanos y el medio ambiente a lo largo de sus cadenas de suministro. Esto se aplica a menos del 0,2% de las empresas de la UE.\u00a0<\/span><\/p>\n<p><span style=\"font-weight: 400;\">\u00a0<\/span><\/p>\n<p><span style=\"font-weight: 400;\">Adem\u00e1s, las empresas s\u00f3lo estar\u00e1n obligadas a prevenir el impacto de los llamados socios comerciales &#8220;establecidos&#8221;. Esto no cubre las relaciones a corto plazo, incentivando a las empresas a cambiar regularmente de proveedores para evitar la responsabilidad.\u00a0<\/span><\/p>\n<p><span style=\"font-weight: 400;\">\u00a0<\/span><\/p>\n<p><span style=\"font-weight: 400;\">La propuesta de ley tampoco elimina los graves obst\u00e1culos legales que impiden que se presenten casos transnacionales contra las empresas, como los costes, los plazos cortos, la falta de acceso a las pruebas y una carga de la prueba desproporcionada.\u00a0<\/span>[\/vc_column_text][vc_single_image image=&#8221;28564&#8243; img_size=&#8221;full&#8221;][vc_column_text]<span style=\"font-weight: 400;\">M\u00e1s all\u00e1 de la sostenibilidad de las empresas, nuestros defensores del medio ambiente impulsaron una transformaci\u00f3n fundamental de nuestra sociedad y de nuestra relaci\u00f3n con la naturaleza. Nuestro actual modelo lineal de consumo y producci\u00f3n es una de las causas principales de la <a class=\"_ps2id\" href=\"https:\/\/www.independent.co.uk\/climate-change\/news\/soil-carbon-climate-crisis-global-warming-b1534409.html\" data-ps2id-offset=\"\">crisis clim\u00e1tica<\/a>. En este modelo &#8220;de usar y tirar&#8221;, la b\u00fasqueda del crecimiento, la producci\u00f3n y el consumo ilimitados est\u00e1n destruyendo nuestra biodiversidad, contaminando nuestros r\u00edos y <a class=\"_ps2id\" href=\"https:\/\/www.globalwitness.org\/en\/press-releases\/global-witness-reports-227-land-and-environmental-activists-murdered-single-year-worst-figure-record\/\" data-ps2id-offset=\"\">matando a quienes nos defienden<\/a>.<\/span><\/p>\n<p>&nbsp;<\/p>\n<p><span style=\"font-weight: 400;\">El consumo excesivo en la UE est\u00e1 directamente vinculado a proyectos mineros destructivos en Per\u00fa y Am\u00e9rica Latina. La huella material de la UE es de 14,5 toneladas per c\u00e1pita (de las cuales el 20% se importa de fuera de la UE). Esto supone el doble del l\u00edmite justo de consumo y <a class=\"_ps2id\" href=\"https:\/\/eeb.org\/wp-content\/uploads\/2021\/10\/Green-mining-report_EEB-FoEE-2021.pdf\" data-ps2id-offset=\"\">est\u00e1 utilizando hasta el 97% del &#8220;espacio operativo seguro<\/a>&#8221; del planeta.\u00a0<\/span><\/p>\n<p>&nbsp;<\/p>\n<p><span style=\"font-weight: 400;\">Despu\u00e9s de visitar el Parlamento de la UE, nuestros defensores del medio ambiente se reunieron con otros representantes ind\u00edgenas, OSC y eurodiputados en una cena para crear y reforzar los v\u00ednculos de solidaridad entre sus luchas por la justicia.<\/span><\/p>\n<p><span style=\"font-weight: 400;\">Este encuentro se produjo en colaboraci\u00f3n con la <a class=\"_ps2id\" href=\"https:\/\/eeb.org\/\" data-ps2id-offset=\"\">EEB<\/a>, en el marco del Speaker&#8217;s Tour 2022.<\/span>[\/vc_column_text][vc_column_text]<span style=\"font-weight: 400;\">Escrito por el catapista <a href=\"https:\/\/catapa.be\/en\/?s=connor\" target=\"_blank\" rel=\"noopener\">Connor Cashell.<\/a><\/span><\/p>\n<p><span style=\"font-weight: 400;\">Fuentes:\u00a0<\/span>[\/vc_column_text][vc_column_text]<\/p>\n<pre><span style=\"font-weight: 400;\">Business and Human Rights Centre Resource Centre., (2019). \r\n<\/span><i><span style=\"font-weight: 400;\">Brumadinho dam collapse: lessons in corporate due diligence and remedy for harm done<\/span><\/i><span style=\"font-weight: 400;\">. \r\nAvailable at: <\/span><a href=\"https:\/\/www.business-humanrights.org\/en\/blog\/brumadinho-dam-collapse-lessons-in-corporate-due-diligence-and-remedy-for-harm-done\/\"><span style=\"font-weight: 400;\">https:\/\/www.business-humanrights.org\/en\/blog\/brumadinho-dam-collapse-lessons-in-corporate-due-diligence-and-remedy-for-harm-done\/<\/span><\/a><span style=\"font-weight: 400;\"> \r\n[Accessed 22 March 2022].<\/span>\r\n\r\n<span style=\"font-weight: 400;\">Cockburn, H. (2020) \u2018Climate crisis: \r\nglobal temperature rise of 2C \u2018would release billions of tonnes of soil carbon\u2019, <\/span><i><span style=\"font-weight: 400;\">Independent<\/span><\/i><span style=\"font-weight: 400;\">, 2 November 2020. \r\nAvailable at: <\/span><a href=\"https:\/\/www.independent.co.uk\/climate-change\/news\/soil-carbon-climate-crisis-global-warming-b1534409.html\"><span style=\"font-weight: 400;\">https:\/\/www.independent.co.uk\/climate-change\/news\/soil-carbon-climate-crisis-global-warming-b1534409.html<\/span><\/a><span style=\"font-weight: 400;\"> \r\n[Accessed 22 March 2022].<\/span>\r\n\r\n<span style=\"font-weight: 400;\">European Commission (2021) \u2018<\/span><i><span style=\"font-weight: 400;\">Proposal for a Directive of the European Parliament and of the Council \r\non Corporate Sustainability Due Diligence and amending Directive (EU) 2019\/1937<\/span><\/i><span style=\"font-weight: 400;\">\u2019. \r\nAvailable at: <\/span><a href=\"https:\/\/ec.europa.eu\/info\/sites\/default\/files\/1_1_183885_prop_dir_susta_en.pdf\"><span style=\"font-weight: 400;\">https:\/\/ec.europa.eu\/info\/sites\/default\/files\/1_1_183885_prop_dir_susta_en.pdf<\/span><\/a><span style=\"font-weight: 400;\"> \r\n[Accessed 22 March 2022].<\/span>\r\n\r\n<span style=\"font-weight: 400;\">European Environmental Bureau, Friends of the Earth Europe (2021). \r\n<\/span><i><span style=\"font-weight: 400;\">Green mining is a myth\u2019: the case of cutting EU resource consumption<\/span><\/i><span style=\"font-weight: 400;\">. \r\nAvailable at: <\/span><a href=\"https:\/\/eeb.org\/wp-content\/uploads\/2021\/10\/Green-mining-report_EEB-FoEE-2021.pdf\"><span style=\"font-weight: 400;\">https:\/\/eeb.org\/wp-content\/uploads\/2021\/10\/Green-mining-report_EEB-FoEE-2021.pdf<\/span><\/a><span style=\"font-weight: 400;\"> \r\n[Accessed 22 March 2022].<\/span>\r\n\r\n<span style=\"font-weight: 400;\">MEP Antonius Manders (2021), <\/span><i><span style=\"font-weight: 400;\">Report on the liability of companies for environmental damage (2020\/2027(INI)) \r\nCommittee on Legal Affairs<\/span><\/i><span style=\"font-weight: 400;\">. \r\nAvailable at: <\/span><a href=\"https:\/\/www.europarl.europa.eu\/doceo\/document\/A-9-2021-0112_EN.pdf\"><span style=\"font-weight: 400;\">https:\/\/www.europarl.europa.eu\/doceo\/document\/A-9-2021-0112_EN.pdf<\/span><\/a><span style=\"font-weight: 400;\"> \r\n[Accessed 22 March 2022].<\/span>\r\n\r\n<span style=\"font-weight: 400;\">OECD (2011), <\/span><i><span style=\"font-weight: 400;\">Guidelines for Multinational Enterprises (2011 update)<\/span><\/i><span style=\"font-weight: 400;\">, \r\nAvailable at: <\/span><a href=\"https:\/\/doi.org\/10.1787\/9789264115415-en\"><span style=\"font-weight: 400;\">https:\/\/doi.org\/10.1787\/9789264115415-en<\/span><\/a><span style=\"font-weight: 400;\"> \r\n[Accessed 22 March 2022].\r\n<\/span><span style=\"font-weight: 400;\">\r\nUnited Nations (2011), <\/span><i><span style=\"font-weight: 400;\">Guiding Principles on Business and Human Rights: \r\nImplementing the United Nations \u2018Protect, Respect and Remedy\u2019 Framework<\/span><\/i><span style=\"font-weight: 400;\">. \r\nAvailable at <\/span><a href=\"https:\/\/www.ohchr.org\/Documents\/Publications\/GuidingPrinciplesBusinessHR_EN.pdf\"><span style=\"font-weight: 400;\">https:\/\/www.ohchr.org\/Documents\/Publications\/GuidingPrinciplesBusinessHR_EN.pdf<\/span><\/a><span style=\"font-weight: 400;\"> \r\n[Accessed 22 March 2022].\r\n<\/span><\/pre>\n<p>[\/vc_column_text][\/vc_column][\/vc_row]<\/p>\n<\/div>","protected":false},"excerpt":{"rendered":"<p>[vc_row][vc_column][vc_column_text] DEFENSORES DEL MEDIO AMBIENTE Y REPRESENTANTES IND\u00cdGENAS DE LAS COMUNIDADES AFECTADAS POR LA MINER\u00cdA SE RE\u00daNEN CON EURODIPUTADOS EN RELACI\u00d3N A LA LEGISLACI\u00d3N DE LA UE SOBRE DILIGENCIA DEBIDA\u00a0 Nuestros defensores del medio ambiente<br \/><a class=\"read-more\" href=\"https:\/\/catapa.be\/es\/defensores-del-medio-ambiente-se-reunen-con-eurodiputados\/\">Read More<\/a><\/p>\n","protected":false},"author":60,"featured_media":28553,"comment_status":"open","ping_status":"open","sticky":false,"template":"","format":"standard","meta":{"_exactmetrics_skip_tracking":false,"_exactmetrics_sitenote_active":false,"_exactmetrics_sitenote_note":"","_exactmetrics_sitenote_category":0,"jetpack_post_was_ever_published":false,"_jetpack_newsletter_access":"","_jetpack_dont_email_post_to_subs":false,"_jetpack_newsletter_tier_id":0,"_jetpack_memberships_contains_paywalled_content":false,"_jetpack_memberships_contains_paid_content":false,"footnotes":"","jetpack_publicize_message":"","jetpack_publicize_feature_enabled":true,"jetpack_social_post_already_shared":true,"jetpack_social_options":{"image_generator_settings":{"template":"highway","default_image_id":0,"font":"","enabled":false},"version":2}},"categories":[186],"tags":[],"class_list":["post-28585","post","type-post","status-publish","format-standard","has-post-thumbnail","hentry","category-sin-categorizar"],"yoast_head":"<!-- This site is optimized with the Yoast SEO plugin v26.8 - https:\/\/yoast.com\/product\/yoast-seo-wordpress\/ -->\n<title>DEFENSORES DEL MEDIO AMBIENTE SE RE\u00daNEN CON EURODIPUTADOS - CATAPA vzw<\/title>\n<meta name=\"description\" content=\"LOS DEFENSORES DEL MEDIO AMBIENTE Y LOS REPRESENTANTES IND\u00cdGENAS DE LAS COMUNIDADES AFECTADAS POR LA MINER\u00cdA SE RE\u00daNEN CON EURODIPUTADOS EN RELACI\u00d3N A LA LEGISLACI\u00d3N DE LA UE SOBRE DILIGENCIA DEBIDA\" \/>\n<meta name=\"robots\" content=\"index, follow, max-snippet:-1, max-image-preview:large, max-video-preview:-1\" \/>\n<link rel=\"canonical\" href=\"https:\/\/catapa.be\/es\/defensores-del-medio-ambiente-se-reunen-con-eurodiputados\/\" \/>\n<meta property=\"og:locale\" content=\"es_ES\" \/>\n<meta property=\"og:type\" content=\"article\" \/>\n<meta property=\"og:title\" content=\"DEFENSORES DEL MEDIO AMBIENTE SE RE\u00daNEN CON EURODIPUTADOS - CATAPA vzw\" \/>\n<meta property=\"og:description\" content=\"LOS DEFENSORES DEL MEDIO AMBIENTE Y LOS REPRESENTANTES IND\u00cdGENAS DE LAS COMUNIDADES AFECTADAS POR LA MINER\u00cdA SE RE\u00daNEN CON EURODIPUTADOS EN RELACI\u00d3N A LA LEGISLACI\u00d3N DE LA UE SOBRE DILIGENCIA DEBIDA\" \/>\n<meta property=\"og:url\" content=\"https:\/\/catapa.be\/es\/defensores-del-medio-ambiente-se-reunen-con-eurodiputados\/\" \/>\n<meta property=\"og:site_name\" content=\"CATAPA vzw\" \/>\n<meta property=\"article:publisher\" content=\"https:\/\/www.facebook.com\/catapa.belgium\/\" \/>\n<meta property=\"article:published_time\" content=\"2022-03-22T14:45:49+00:00\" \/>\n<meta property=\"article:modified_time\" content=\"2022-03-22T15:20:49+00:00\" \/>\n<meta property=\"og:image\" content=\"https:\/\/catapa.be\/wp-content\/uploads\/2022\/03\/Summary-MEP-day-speakers-tour-2022.jpg\" \/>\n\t<meta property=\"og:image:width\" content=\"535\" \/>\n\t<meta property=\"og:image:height\" content=\"299\" \/>\n\t<meta property=\"og:image:type\" content=\"image\/jpeg\" \/>\n<meta name=\"author\" content=\"Siel Vandamme\" \/>\n<meta name=\"twitter:card\" content=\"summary_large_image\" \/>\n<meta name=\"twitter:creator\" content=\"@CATAPA_Belgica\" \/>\n<meta name=\"twitter:site\" content=\"@CATAPA_Belgica\" \/>\n<meta name=\"twitter:label1\" content=\"Escrito por\" \/>\n\t<meta name=\"twitter:data1\" content=\"Siel Vandamme\" \/>\n\t<meta name=\"twitter:label2\" content=\"Tiempo de lectura\" \/>\n\t<meta name=\"twitter:data2\" content=\"4 minutes\" \/>\n<script type=\"application\/ld+json\" class=\"yoast-schema-graph\">{\"@context\":\"https:\/\/schema.org\",\"@graph\":[{\"@type\":\"Article\",\"@id\":\"https:\/\/catapa.be\/es\/defensores-del-medio-ambiente-se-reunen-con-eurodiputados\/#article\",\"isPartOf\":{\"@id\":\"https:\/\/catapa.be\/es\/defensores-del-medio-ambiente-se-reunen-con-eurodiputados\/\"},\"author\":{\"name\":\"Siel Vandamme\",\"@id\":\"https:\/\/catapa.be\/es\/#\/schema\/person\/e7a7cd72aaa4175694c40199c3187d7b\"},\"headline\":\"DEFENSORES DEL MEDIO AMBIENTE SE RE\u00daNEN CON EURODIPUTADOS\",\"datePublished\":\"2022-03-22T14:45:49+00:00\",\"dateModified\":\"2022-03-22T15:20:49+00:00\",\"mainEntityOfPage\":{\"@id\":\"https:\/\/catapa.be\/es\/defensores-del-medio-ambiente-se-reunen-con-eurodiputados\/\"},\"wordCount\":672,\"commentCount\":0,\"publisher\":{\"@id\":\"https:\/\/catapa.be\/es\/#organization\"},\"image\":{\"@id\":\"https:\/\/catapa.be\/es\/defensores-del-medio-ambiente-se-reunen-con-eurodiputados\/#primaryimage\"},\"thumbnailUrl\":\"https:\/\/i0.wp.com\/catapa.be\/wp-content\/uploads\/2022\/03\/Summary-MEP-day-speakers-tour-2022.jpg?fit=535%2C299&ssl=1\",\"articleSection\":[\"Sin categorizar\"],\"inLanguage\":\"es-ES\",\"potentialAction\":[{\"@type\":\"CommentAction\",\"name\":\"Comment\",\"target\":[\"https:\/\/catapa.be\/es\/defensores-del-medio-ambiente-se-reunen-con-eurodiputados\/#respond\"]}]},{\"@type\":\"WebPage\",\"@id\":\"https:\/\/catapa.be\/es\/defensores-del-medio-ambiente-se-reunen-con-eurodiputados\/\",\"url\":\"https:\/\/catapa.be\/es\/defensores-del-medio-ambiente-se-reunen-con-eurodiputados\/\",\"name\":\"DEFENSORES DEL MEDIO AMBIENTE SE RE\u00daNEN CON EURODIPUTADOS - CATAPA vzw\",\"isPartOf\":{\"@id\":\"https:\/\/catapa.be\/es\/#website\"},\"primaryImageOfPage\":{\"@id\":\"https:\/\/catapa.be\/es\/defensores-del-medio-ambiente-se-reunen-con-eurodiputados\/#primaryimage\"},\"image\":{\"@id\":\"https:\/\/catapa.be\/es\/defensores-del-medio-ambiente-se-reunen-con-eurodiputados\/#primaryimage\"},\"thumbnailUrl\":\"https:\/\/i0.wp.com\/catapa.be\/wp-content\/uploads\/2022\/03\/Summary-MEP-day-speakers-tour-2022.jpg?fit=535%2C299&ssl=1\",\"datePublished\":\"2022-03-22T14:45:49+00:00\",\"dateModified\":\"2022-03-22T15:20:49+00:00\",\"description\":\"LOS DEFENSORES DEL MEDIO AMBIENTE Y LOS REPRESENTANTES IND\u00cdGENAS DE LAS COMUNIDADES AFECTADAS POR LA MINER\u00cdA SE RE\u00daNEN CON EURODIPUTADOS EN RELACI\u00d3N A LA LEGISLACI\u00d3N DE LA UE SOBRE DILIGENCIA DEBIDA\",\"breadcrumb\":{\"@id\":\"https:\/\/catapa.be\/es\/defensores-del-medio-ambiente-se-reunen-con-eurodiputados\/#breadcrumb\"},\"inLanguage\":\"es-ES\",\"potentialAction\":[{\"@type\":\"ReadAction\",\"target\":[\"https:\/\/catapa.be\/es\/defensores-del-medio-ambiente-se-reunen-con-eurodiputados\/\"]}]},{\"@type\":\"ImageObject\",\"inLanguage\":\"es-ES\",\"@id\":\"https:\/\/catapa.be\/es\/defensores-del-medio-ambiente-se-reunen-con-eurodiputados\/#primaryimage\",\"url\":\"https:\/\/i0.wp.com\/catapa.be\/wp-content\/uploads\/2022\/03\/Summary-MEP-day-speakers-tour-2022.jpg?fit=535%2C299&ssl=1\",\"contentUrl\":\"https:\/\/i0.wp.com\/catapa.be\/wp-content\/uploads\/2022\/03\/Summary-MEP-day-speakers-tour-2022.jpg?fit=535%2C299&ssl=1\",\"width\":535,\"height\":299,\"caption\":\"Resumen del encuentro con eurodiputados Speakers Tour 2022\"},{\"@type\":\"BreadcrumbList\",\"@id\":\"https:\/\/catapa.be\/es\/defensores-del-medio-ambiente-se-reunen-con-eurodiputados\/#breadcrumb\",\"itemListElement\":[{\"@type\":\"ListItem\",\"position\":1,\"name\":\"Home\",\"item\":\"https:\/\/catapa.be\/es\/\"},{\"@type\":\"ListItem\",\"position\":2,\"name\":\"DEFENSORES DEL MEDIO AMBIENTE SE RE\u00daNEN CON EURODIPUTADOS\"}]},{\"@type\":\"WebSite\",\"@id\":\"https:\/\/catapa.be\/es\/#website\",\"url\":\"https:\/\/catapa.be\/es\/\",\"name\":\"CATAPA vzw\",\"description\":\"Comit\u00e9 Acad\u00e9mico T\u00e9cnico de Asesoramiento a Problemas Ambientales\",\"publisher\":{\"@id\":\"https:\/\/catapa.be\/es\/#organization\"},\"potentialAction\":[{\"@type\":\"SearchAction\",\"target\":{\"@type\":\"EntryPoint\",\"urlTemplate\":\"https:\/\/catapa.be\/es\/?s={search_term_string}\"},\"query-input\":{\"@type\":\"PropertyValueSpecification\",\"valueRequired\":true,\"valueName\":\"search_term_string\"}}],\"inLanguage\":\"es-ES\"},{\"@type\":\"Organization\",\"@id\":\"https:\/\/catapa.be\/es\/#organization\",\"name\":\"CATAPA vzw\",\"url\":\"https:\/\/catapa.be\/es\/\",\"logo\":{\"@type\":\"ImageObject\",\"inLanguage\":\"es-ES\",\"@id\":\"https:\/\/catapa.be\/es\/#\/schema\/logo\/image\/\",\"url\":\"https:\/\/i0.wp.com\/catapa.be\/wp-content\/uploads\/2019\/02\/NEW20LOGO20SHORT20PNG1.png?fit=1259%2C1321&ssl=1\",\"contentUrl\":\"https:\/\/i0.wp.com\/catapa.be\/wp-content\/uploads\/2019\/02\/NEW20LOGO20SHORT20PNG1.png?fit=1259%2C1321&ssl=1\",\"width\":1259,\"height\":1321,\"caption\":\"CATAPA vzw\"},\"image\":{\"@id\":\"https:\/\/catapa.be\/es\/#\/schema\/logo\/image\/\"},\"sameAs\":[\"https:\/\/www.facebook.com\/catapa.belgium\/\",\"https:\/\/x.com\/CATAPA_Belgica\",\"https:\/\/www.instagram.com\/catapa_vzw\/\",\"https:\/\/be.linkedin.com\/company\/catapavzw\",\"https:\/\/www.youtube.com\/channel\/UCE52-Fiyv-Fpqf2gi1qhf1g\"]},{\"@type\":\"Person\",\"@id\":\"https:\/\/catapa.be\/es\/#\/schema\/person\/e7a7cd72aaa4175694c40199c3187d7b\",\"name\":\"Siel Vandamme\",\"url\":\"https:\/\/catapa.be\/es\/author\/siel-vandamme\/\"}]}<\/script>\n<!-- \/ Yoast SEO plugin. -->","yoast_head_json":{"title":"DEFENSORES DEL MEDIO AMBIENTE SE RE\u00daNEN CON EURODIPUTADOS - CATAPA vzw","description":"LOS DEFENSORES DEL MEDIO AMBIENTE Y LOS REPRESENTANTES IND\u00cdGENAS DE LAS COMUNIDADES AFECTADAS POR LA MINER\u00cdA SE RE\u00daNEN CON EURODIPUTADOS EN RELACI\u00d3N A LA LEGISLACI\u00d3N DE LA UE SOBRE DILIGENCIA DEBIDA","robots":{"index":"index","follow":"follow","max-snippet":"max-snippet:-1","max-image-preview":"max-image-preview:large","max-video-preview":"max-video-preview:-1"},"canonical":"https:\/\/catapa.be\/es\/defensores-del-medio-ambiente-se-reunen-con-eurodiputados\/","og_locale":"es_ES","og_type":"article","og_title":"DEFENSORES DEL MEDIO AMBIENTE SE RE\u00daNEN CON EURODIPUTADOS - CATAPA vzw","og_description":"LOS DEFENSORES DEL MEDIO AMBIENTE Y LOS REPRESENTANTES IND\u00cdGENAS DE LAS COMUNIDADES AFECTADAS POR LA MINER\u00cdA SE RE\u00daNEN CON EURODIPUTADOS EN RELACI\u00d3N A LA LEGISLACI\u00d3N DE LA UE SOBRE DILIGENCIA DEBIDA","og_url":"https:\/\/catapa.be\/es\/defensores-del-medio-ambiente-se-reunen-con-eurodiputados\/","og_site_name":"CATAPA vzw","article_publisher":"https:\/\/www.facebook.com\/catapa.belgium\/","article_published_time":"2022-03-22T14:45:49+00:00","article_modified_time":"2022-03-22T15:20:49+00:00","og_image":[{"width":535,"height":299,"url":"https:\/\/catapa.be\/wp-content\/uploads\/2022\/03\/Summary-MEP-day-speakers-tour-2022.jpg","type":"image\/jpeg"}],"author":"Siel Vandamme","twitter_card":"summary_large_image","twitter_creator":"@CATAPA_Belgica","twitter_site":"@CATAPA_Belgica","twitter_misc":{"Escrito por":"Siel Vandamme","Tiempo de lectura":"4 minutes"},"schema":{"@context":"https:\/\/schema.org","@graph":[{"@type":"Article","@id":"https:\/\/catapa.be\/es\/defensores-del-medio-ambiente-se-reunen-con-eurodiputados\/#article","isPartOf":{"@id":"https:\/\/catapa.be\/es\/defensores-del-medio-ambiente-se-reunen-con-eurodiputados\/"},"author":{"name":"Siel Vandamme","@id":"https:\/\/catapa.be\/es\/#\/schema\/person\/e7a7cd72aaa4175694c40199c3187d7b"},"headline":"DEFENSORES DEL MEDIO AMBIENTE SE RE\u00daNEN CON EURODIPUTADOS","datePublished":"2022-03-22T14:45:49+00:00","dateModified":"2022-03-22T15:20:49+00:00","mainEntityOfPage":{"@id":"https:\/\/catapa.be\/es\/defensores-del-medio-ambiente-se-reunen-con-eurodiputados\/"},"wordCount":672,"commentCount":0,"publisher":{"@id":"https:\/\/catapa.be\/es\/#organization"},"image":{"@id":"https:\/\/catapa.be\/es\/defensores-del-medio-ambiente-se-reunen-con-eurodiputados\/#primaryimage"},"thumbnailUrl":"https:\/\/i0.wp.com\/catapa.be\/wp-content\/uploads\/2022\/03\/Summary-MEP-day-speakers-tour-2022.jpg?fit=535%2C299&ssl=1","articleSection":["Sin categorizar"],"inLanguage":"es-ES","potentialAction":[{"@type":"CommentAction","name":"Comment","target":["https:\/\/catapa.be\/es\/defensores-del-medio-ambiente-se-reunen-con-eurodiputados\/#respond"]}]},{"@type":"WebPage","@id":"https:\/\/catapa.be\/es\/defensores-del-medio-ambiente-se-reunen-con-eurodiputados\/","url":"https:\/\/catapa.be\/es\/defensores-del-medio-ambiente-se-reunen-con-eurodiputados\/","name":"DEFENSORES DEL MEDIO AMBIENTE SE RE\u00daNEN CON EURODIPUTADOS - CATAPA vzw","isPartOf":{"@id":"https:\/\/catapa.be\/es\/#website"},"primaryImageOfPage":{"@id":"https:\/\/catapa.be\/es\/defensores-del-medio-ambiente-se-reunen-con-eurodiputados\/#primaryimage"},"image":{"@id":"https:\/\/catapa.be\/es\/defensores-del-medio-ambiente-se-reunen-con-eurodiputados\/#primaryimage"},"thumbnailUrl":"https:\/\/i0.wp.com\/catapa.be\/wp-content\/uploads\/2022\/03\/Summary-MEP-day-speakers-tour-2022.jpg?fit=535%2C299&ssl=1","datePublished":"2022-03-22T14:45:49+00:00","dateModified":"2022-03-22T15:20:49+00:00","description":"LOS DEFENSORES DEL MEDIO AMBIENTE Y LOS REPRESENTANTES IND\u00cdGENAS DE LAS COMUNIDADES AFECTADAS POR LA MINER\u00cdA SE RE\u00daNEN CON EURODIPUTADOS EN RELACI\u00d3N A LA LEGISLACI\u00d3N DE LA UE SOBRE DILIGENCIA DEBIDA","breadcrumb":{"@id":"https:\/\/catapa.be\/es\/defensores-del-medio-ambiente-se-reunen-con-eurodiputados\/#breadcrumb"},"inLanguage":"es-ES","potentialAction":[{"@type":"ReadAction","target":["https:\/\/catapa.be\/es\/defensores-del-medio-ambiente-se-reunen-con-eurodiputados\/"]}]},{"@type":"ImageObject","inLanguage":"es-ES","@id":"https:\/\/catapa.be\/es\/defensores-del-medio-ambiente-se-reunen-con-eurodiputados\/#primaryimage","url":"https:\/\/i0.wp.com\/catapa.be\/wp-content\/uploads\/2022\/03\/Summary-MEP-day-speakers-tour-2022.jpg?fit=535%2C299&ssl=1","contentUrl":"https:\/\/i0.wp.com\/catapa.be\/wp-content\/uploads\/2022\/03\/Summary-MEP-day-speakers-tour-2022.jpg?fit=535%2C299&ssl=1","width":535,"height":299,"caption":"Resumen del encuentro con eurodiputados Speakers Tour 2022"},{"@type":"BreadcrumbList","@id":"https:\/\/catapa.be\/es\/defensores-del-medio-ambiente-se-reunen-con-eurodiputados\/#breadcrumb","itemListElement":[{"@type":"ListItem","position":1,"name":"Home","item":"https:\/\/catapa.be\/es\/"},{"@type":"ListItem","position":2,"name":"DEFENSORES DEL MEDIO AMBIENTE SE RE\u00daNEN CON EURODIPUTADOS"}]},{"@type":"WebSite","@id":"https:\/\/catapa.be\/es\/#website","url":"https:\/\/catapa.be\/es\/","name":"CATAPA vzw","description":"Comit\u00e9 Acad\u00e9mico T\u00e9cnico de Asesoramiento a Problemas Ambientales","publisher":{"@id":"https:\/\/catapa.be\/es\/#organization"},"potentialAction":[{"@type":"SearchAction","target":{"@type":"EntryPoint","urlTemplate":"https:\/\/catapa.be\/es\/?s={search_term_string}"},"query-input":{"@type":"PropertyValueSpecification","valueRequired":true,"valueName":"search_term_string"}}],"inLanguage":"es-ES"},{"@type":"Organization","@id":"https:\/\/catapa.be\/es\/#organization","name":"CATAPA vzw","url":"https:\/\/catapa.be\/es\/","logo":{"@type":"ImageObject","inLanguage":"es-ES","@id":"https:\/\/catapa.be\/es\/#\/schema\/logo\/image\/","url":"https:\/\/i0.wp.com\/catapa.be\/wp-content\/uploads\/2019\/02\/NEW20LOGO20SHORT20PNG1.png?fit=1259%2C1321&ssl=1","contentUrl":"https:\/\/i0.wp.com\/catapa.be\/wp-content\/uploads\/2019\/02\/NEW20LOGO20SHORT20PNG1.png?fit=1259%2C1321&ssl=1","width":1259,"height":1321,"caption":"CATAPA vzw"},"image":{"@id":"https:\/\/catapa.be\/es\/#\/schema\/logo\/image\/"},"sameAs":["https:\/\/www.facebook.com\/catapa.belgium\/","https:\/\/x.com\/CATAPA_Belgica","https:\/\/www.instagram.com\/catapa_vzw\/","https:\/\/be.linkedin.com\/company\/catapavzw","https:\/\/www.youtube.com\/channel\/UCE52-Fiyv-Fpqf2gi1qhf1g"]},{"@type":"Person","@id":"https:\/\/catapa.be\/es\/#\/schema\/person\/e7a7cd72aaa4175694c40199c3187d7b","name":"Siel Vandamme","url":"https:\/\/catapa.be\/es\/author\/siel-vandamme\/"}]}},"jetpack_publicize_connections":[],"jetpack_featured_media_url":"https:\/\/i0.wp.com\/catapa.be\/wp-content\/uploads\/2022\/03\/Summary-MEP-day-speakers-tour-2022.jpg?fit=535%2C299&ssl=1","jetpack_sharing_enabled":true,"jetpack_likes_enabled":true,"jetpack-related-posts":[{"id":34150,"url":"https:\/\/catapa.be\/es\/asesinan-a-un-defensor-del-medio-ambiente-en-colombia-exigimos-justicia\/","url_meta":{"origin":28585,"position":0},"title":"Asesinan a un defensor del medio ambiente en Colombia: \u00a1exigimos justicia!","author":"Estefan\u00eda","date":"05\/09\/2023","format":false,"excerpt":"Lamentamos compartir la noticia del asesinato de Johan Ferney Aguilar Gonz\u00e1lez. Aguilar era un defensor del medio ambiente colombiano y tambi\u00e9n el hijo de Wilder Antonio Aguilar Rodr\u00edguez,quien es un l\u00edder social y defensor del medio ambiente en el barrio de Santa Filomena, municipio de Falan, Colombia. Johan Ferney fue\u2026","rel":"","context":"En \u00abColombia\u00bb","block_context":{"text":"Colombia","link":"https:\/\/catapa.be\/es\/category\/colombia-es\/"},"img":{"alt_text":"","src":"https:\/\/i0.wp.com\/catapa.be\/wp-content\/uploads\/2023\/08\/WhatsApp-Image-2023-08-03-at-13.44.22.jpeg?fit=1177%2C1200&ssl=1&resize=350%2C200","width":350,"height":200,"srcset":"https:\/\/i0.wp.com\/catapa.be\/wp-content\/uploads\/2023\/08\/WhatsApp-Image-2023-08-03-at-13.44.22.jpeg?fit=1177%2C1200&ssl=1&resize=350%2C200 1x, https:\/\/i0.wp.com\/catapa.be\/wp-content\/uploads\/2023\/08\/WhatsApp-Image-2023-08-03-at-13.44.22.jpeg?fit=1177%2C1200&ssl=1&resize=525%2C300 1.5x, https:\/\/i0.wp.com\/catapa.be\/wp-content\/uploads\/2023\/08\/WhatsApp-Image-2023-08-03-at-13.44.22.jpeg?fit=1177%2C1200&ssl=1&resize=700%2C400 2x, https:\/\/i0.wp.com\/catapa.be\/wp-content\/uploads\/2023\/08\/WhatsApp-Image-2023-08-03-at-13.44.22.jpeg?fit=1177%2C1200&ssl=1&resize=1050%2C600 3x"},"classes":[]},{"id":34237,"url":"https:\/\/catapa.be\/es\/el-impacto-del-acuerdo-de-escazu-sobre-el-derecho-a-decir-no-en-america-latina\/","url_meta":{"origin":28585,"position":1},"title":"El impacto del Acuerdo de Escaz\u00fa sobre el derecho a decir no en Am\u00e9rica Latina","author":"Estefan\u00eda","date":"21\/09\/2023","format":false,"excerpt":"Este art\u00edculo presentar\u00e1 y explicar\u00e1 brevemente c\u00f3mo el Acuerdo de Escaz\u00fa puede repercutir positivamente en el derecho a decir no. Para entenderlo mejor, empezaremos explicando de d\u00f3nde viene, sus caracter\u00edsticas \u00fanicas, sus objetivos, los derechos que otorga y su v\u00ednculo con nuestra campa\u00f1a \"El Derecho a Decir No\" en Catapa\u2026","rel":"","context":"En \u00abRight To Say No\u00bb","block_context":{"text":"Right To Say No","link":"https:\/\/catapa.be\/es\/category\/right-to-say-no-es\/"},"img":{"alt_text":"Defense of the indigenous Colombian human rights ","src":"https:\/\/i0.wp.com\/catapa.be\/wp-content\/uploads\/2023\/09\/8556737751_6b4bd22d2d_b.jpg?fit=1023%2C682&ssl=1&resize=350%2C200","width":350,"height":200,"srcset":"https:\/\/i0.wp.com\/catapa.be\/wp-content\/uploads\/2023\/09\/8556737751_6b4bd22d2d_b.jpg?fit=1023%2C682&ssl=1&resize=350%2C200 1x, https:\/\/i0.wp.com\/catapa.be\/wp-content\/uploads\/2023\/09\/8556737751_6b4bd22d2d_b.jpg?fit=1023%2C682&ssl=1&resize=525%2C300 1.5x, https:\/\/i0.wp.com\/catapa.be\/wp-content\/uploads\/2023\/09\/8556737751_6b4bd22d2d_b.jpg?fit=1023%2C682&ssl=1&resize=700%2C400 2x"},"classes":[]},{"id":11130,"url":"https:\/\/catapa.be\/es\/mines-territory-marzo-2019\/","url_meta":{"origin":28585,"position":2},"title":"Mines &#038; Territory, Marzo 2019","author":"Dayana Corzo","date":"29\/04\/2019","format":false,"excerpt":"[vc_row][vc_column width=\"2\/3\"][vc_column_text] REVISTA MENSUAL SOBRE TEMAS EXTRACTIVISTAS EN COLOMBIA [\/vc_column_text][\/vc_column][vc_column width=\"1\/3\"][vc_column_text] EDICI\u00d3N 03 Marzo 2019 [\/vc_column_text][\/vc_column][vc_column][vc_column_text]Colecci\u00f3n resumen, traducci\u00f3n y edici\u00f3n por\u00a0Mattijs Vanden Bussche, Sam Packet, Karlijn Van den Broeck y Dayana Corzo[\/vc_column_text][vc_column_text]Descarga Mines & Territory, Marzo 2019 en espa\u00f1ol aqu\u00ed.[\/vc_column_text][vc_separator color=\"custom\" accent_color=\"#009c55\"][vc_empty_space][vc_custom_heading text=\"MINES & TERRITORY\" font_container=\"tag:h2|text_align:center\" google_fonts=\"font_family:Quicksand%3A300%2Cregular%2C700|font_style:400%20regular%3A400%3Anormal\"][vc_custom_heading text=\"Marzo 2019\" font_container=\"tag:h2|text_align:center\"\u2026","rel":"","context":"En \u00abColombia\u00bb","block_context":{"text":"Colombia","link":"https:\/\/catapa.be\/es\/category\/colombia-es\/"},"img":{"alt_text":"","src":"https:\/\/i0.wp.com\/catapa.be\/wp-content\/uploads\/2019\/02\/minesterritory-min.png?fit=600%2C600&ssl=1&resize=350%2C200","width":350,"height":200,"srcset":"https:\/\/i0.wp.com\/catapa.be\/wp-content\/uploads\/2019\/02\/minesterritory-min.png?fit=600%2C600&ssl=1&resize=350%2C200 1x, https:\/\/i0.wp.com\/catapa.be\/wp-content\/uploads\/2019\/02\/minesterritory-min.png?fit=600%2C600&ssl=1&resize=525%2C300 1.5x"},"classes":[]},{"id":11184,"url":"https:\/\/catapa.be\/es\/mines-territory-abril-2019\/","url_meta":{"origin":28585,"position":3},"title":"Mines &#038; Territory, Abril 2019","author":"Karlijn Van den Broeck","date":"15\/05\/2019","format":false,"excerpt":"[vc_row][vc_column width=\"2\/3\"][vc_column_text] REVISTA MENSUAL SOBRE TEMAS EXTRACTIVISTAS EN COLOMBIA [\/vc_column_text][\/vc_column][vc_column width=\"1\/3\"][vc_column_text] EDICI\u00d3N 04 Abril 2019 [\/vc_column_text][\/vc_column][vc_column][vc_column_text]Colecci\u00f3n resumen, traducci\u00f3n y edici\u00f3n por Sam Packet, Karlijn Van den Broeck y Laura Garc\u00eda[\/vc_column_text][vc_column_text]Descarga Mines & Territory, Abril 2019 en espa\u00f1ol aqu\u00ed.[\/vc_column_text][vc_separator color=\"custom\" accent_color=\"#009c55\"][vc_empty_space][vc_custom_heading text=\"MINES & TERRITORY\" font_container=\"tag:h2|text_align:center\" google_fonts=\"font_family:Quicksand%3A300%2Cregular%2C700|font_style:400%20regular%3A400%3Anormal\"][vc_custom_heading text=\"Abril 2019\" font_container=\"tag:h2|text_align:center\" google_fonts=\"font_family:Quicksand%3A300%2Cregular%2C700|font_style:300%20light%20regular%3A300%3Anormal\"][vc_column_text] Las\u2026","rel":"","context":"En \u00abColombia\u00bb","block_context":{"text":"Colombia","link":"https:\/\/catapa.be\/es\/category\/colombia-es\/"},"img":{"alt_text":"","src":"https:\/\/i0.wp.com\/catapa.be\/wp-content\/uploads\/2019\/02\/minesterritory-min.png?fit=600%2C600&ssl=1&resize=350%2C200","width":350,"height":200,"srcset":"https:\/\/i0.wp.com\/catapa.be\/wp-content\/uploads\/2019\/02\/minesterritory-min.png?fit=600%2C600&ssl=1&resize=350%2C200 1x, https:\/\/i0.wp.com\/catapa.be\/wp-content\/uploads\/2019\/02\/minesterritory-min.png?fit=600%2C600&ssl=1&resize=525%2C300 1.5x"},"classes":[]},{"id":28615,"url":"https:\/\/catapa.be\/es\/speakers-tour-2022-overview\/","url_meta":{"origin":28585,"position":4},"title":"Speakers Tour 2022 Overview","author":"Laura Blanco","date":"28\/03\/2022","format":false,"excerpt":"[vc_row][vc_column][vc_column_text] SPEAKERS TOUR 2022 OVERVIEW El Speakers Tour fue un gran \u00e9xito. \u00a1Muchas gracias a todos por hacerlo posible! Qu\u00e9 edici\u00f3n tan maravillosa. Este a\u00f1o, dos defensorxs del medio ambiente, Mirtha y Rosas, de Cajamarca, Per\u00fa, vinieron a hablar de su lucha. Compartieron su historia de lucha contra la gran\u2026","rel":"","context":"En \u00abCampa\u00f1as\u00bb","block_context":{"text":"Campa\u00f1as","link":"https:\/\/catapa.be\/es\/category\/campanas\/"},"img":{"alt_text":"","src":"https:\/\/i0.wp.com\/catapa.be\/wp-content\/uploads\/2022\/03\/1.png?fit=470%2C394&ssl=1&resize=350%2C200","width":350,"height":200},"classes":[]},{"id":34581,"url":"https:\/\/catapa.be\/es\/actualizacion-las-amenazas-contra-la-familia-de-don-wilder-continuan\/","url_meta":{"origin":28585,"position":5},"title":"Actualizaci\u00f3n: Las amenazas contra la familia de Don Wilder contin\u00faan\u2026","author":"Simon Berlo","date":"21\/12\/2023","format":false,"excerpt":"[vc_row][vc_column][vc_column_text]Anteriormente, compartimos la triste noticia de que Johan Ferney Aguilar Gonz\u00e1lez fue asesinado el 3 de septiembre. Un d\u00eda despu\u00e9s su padre, don Wilder Antonio Aguilar Rodr\u00edguez, interpuso una demanda contra la multinacional canadiense Mirandagold por amenazas dirigidas contra \u00e9l y su familia. Wilder es el l\u00edder social de la\u2026","rel":"","context":"En \u00abColombia\u00bb","block_context":{"text":"Colombia","link":"https:\/\/catapa.be\/es\/category\/colombia-es\/"},"img":{"alt_text":"","src":"https:\/\/i0.wp.com\/catapa.be\/wp-content\/uploads\/2023\/12\/interview-Wilmer.png?fit=1200%2C613&ssl=1&resize=350%2C200","width":350,"height":200,"srcset":"https:\/\/i0.wp.com\/catapa.be\/wp-content\/uploads\/2023\/12\/interview-Wilmer.png?fit=1200%2C613&ssl=1&resize=350%2C200 1x, https:\/\/i0.wp.com\/catapa.be\/wp-content\/uploads\/2023\/12\/interview-Wilmer.png?fit=1200%2C613&ssl=1&resize=525%2C300 1.5x, https:\/\/i0.wp.com\/catapa.be\/wp-content\/uploads\/2023\/12\/interview-Wilmer.png?fit=1200%2C613&ssl=1&resize=700%2C400 2x, https:\/\/i0.wp.com\/catapa.be\/wp-content\/uploads\/2023\/12\/interview-Wilmer.png?fit=1200%2C613&ssl=1&resize=1050%2C600 3x"},"classes":[]}],"_links":{"self":[{"href":"https:\/\/catapa.be\/es\/wp-json\/wp\/v2\/posts\/28585","targetHints":{"allow":["GET"]}}],"collection":[{"href":"https:\/\/catapa.be\/es\/wp-json\/wp\/v2\/posts"}],"about":[{"href":"https:\/\/catapa.be\/es\/wp-json\/wp\/v2\/types\/post"}],"author":[{"embeddable":true,"href":"https:\/\/catapa.be\/es\/wp-json\/wp\/v2\/users\/60"}],"replies":[{"embeddable":true,"href":"https:\/\/catapa.be\/es\/wp-json\/wp\/v2\/comments?post=28585"}],"version-history":[{"count":3,"href":"https:\/\/catapa.be\/es\/wp-json\/wp\/v2\/posts\/28585\/revisions"}],"predecessor-version":[{"id":28588,"href":"https:\/\/catapa.be\/es\/wp-json\/wp\/v2\/posts\/28585\/revisions\/28588"}],"wp:featuredmedia":[{"embeddable":true,"href":"https:\/\/catapa.be\/es\/wp-json\/wp\/v2\/media\/28553"}],"wp:attachment":[{"href":"https:\/\/catapa.be\/es\/wp-json\/wp\/v2\/media?parent=28585"}],"wp:term":[{"taxonomy":"category","embeddable":true,"href":"https:\/\/catapa.be\/es\/wp-json\/wp\/v2\/categories?post=28585"},{"taxonomy":"post_tag","embeddable":true,"href":"https:\/\/catapa.be\/es\/wp-json\/wp\/v2\/tags?post=28585"}],"curies":[{"name":"wp","href":"https:\/\/api.w.org\/{rel}","templated":true}]}}