{"id":28615,"date":"2022-03-28T11:07:15","date_gmt":"2022-03-28T09:07:15","guid":{"rendered":"https:\/\/catapa.be\/?p=28615"},"modified":"2022-03-28T11:07:35","modified_gmt":"2022-03-28T09:07:35","slug":"speakers-tour-2022-overview","status":"publish","type":"post","link":"https:\/\/catapa.be\/es\/speakers-tour-2022-overview\/","title":{"rendered":"Speakers Tour 2022 Overview"},"content":{"rendered":"<div class=\"wpb-content-wrapper\"><p>[vc_row][vc_column][vc_column_text]<\/p>\n<h2><span style=\"font-weight: 400;\">SPEAKERS TOUR 2022 OVERVIEW<\/span><\/h2>\n<p style=\"text-align: justify;\"><span style=\"font-weight: 400;\">El Speakers Tour fue un gran \u00e9xito. \u00a1Muchas gracias a todos por hacerlo posible! Qu\u00e9 edici\u00f3n tan maravillosa.<\/span><\/p>\n<p style=\"text-align: justify;\"><span style=\"font-weight: 400;\">Este a\u00f1o, dos defensorxs del medio ambiente, Mirtha y Rosas, de Cajamarca, Per\u00fa, vinieron a hablar de su lucha.<\/span><\/p>\n<p style=\"text-align: justify;\"><span style=\"font-weight: 400;\">Compartieron su historia de lucha contra la gran miner\u00eda en Per\u00fa y hablaron de c\u00f3mo defender sus derechos conlleva el riesgo y el miedo a ser intimidados, estigmatizados y perseguidos.\u00a0<\/span><\/p>\n<p style=\"text-align: justify;\"><span style=\"font-weight: 400;\">Durante su visita hablaron con estudiantes, pol\u00edticos locales y europeos, prensa, organizaciones de la sociedad civil e interesados.<\/span><\/p>\n<p style=\"text-align: justify;\"><span style=\"font-weight: 400;\">Recapitulemos todo lo que hicimos:<\/span><\/p>\n<p>[\/vc_column_text][vc_single_image image=&#8221;28626&#8243; img_size=&#8221;full&#8221; add_caption=&#8221;yes&#8221;][vc_column_text]<\/p>\n<p style=\"text-align: justify;\">Por fin ha llegado el d\u00eda: nuestros invitados llegar\u00e1n a B\u00e9lgica. En tiempos de Covid, esto no es una tarea f\u00e1cil. Cuando Rosas, Mirtha y Maxime deben embarcar en su primer avi\u00f3n en Cajamarca, Per\u00fa, con destino a Lima, a Mirtha y Maxime se les niega la entrada. Rosas consigue pasar y hace el viaje transcontinental \u00e9l solo. Por suerte, conseguimos encontrar vuelos para que Maxime y Mirtha tomen un avi\u00f3n al d\u00eda siguiente. Por la noche vamos a recoger a Rosas al aeropuerto de Bruselas. Pero, \u00a1no pasa por llegadas a la hora prevista! Luego nos enteramos de que su vuelo desde Lima se ha retrasado y ha perdido su vuelo de conexi\u00f3n. Cuatro horas m\u00e1s tarde de lo previsto, finalmente llega. Qu\u00e9 aventura, bienvenido a B\u00e9lgica Rosas, qu\u00e9 ganas de escuchar todas sus historias y la sabidur\u00eda que compartir\u00e1s con nosotros.<\/p>\n<p style=\"text-align: justify;\">Llegada de Mirtha y Maxime: Buenas noticias, nos enteramos de que Mirtha y Maxime pudieron iniciar su viaje y llegar\u00e1n por la tarde. Con Rosas ya empezamos los preparativos para las presentaciones que har\u00e1 durante su estancia aqu\u00ed. Parece que ha tra\u00eddo el sol, porque desde que lleg\u00f3 s\u00f3lo hemos tenido cielos azules. Tiene mucho que contarnos y tambi\u00e9n muchas preguntas que hacer. Por fin, Mirtha y Maxime son recogidos en la estaci\u00f3n de Gante. Lo celebramos comiendo patatas fritas belgas. Nuestros speakers se han reunido por fin, \u00a1la gira puede empezar!<\/p>\n<p>[\/vc_column_text][vc_single_image image=&#8221;28833&#8243; img_size=&#8221;full&#8221;][vc_column_text]<strong>Evento del EEB<\/strong><\/p>\n<p style=\"text-align: justify;\">Mirtha y Rosas, junto con representantes ind\u00edgenas de Rusia y Guatemala, se re\u00fanen con eurodiputados para compartir sus historias de lucha en primera l\u00ednea para defender a sus comunidades de los proyectos mineros destructivos.<\/p>\n<p style=\"text-align: justify;\">Exigen una legislaci\u00f3n m\u00e1s estricta en materia de bater\u00edas y diligencia debida que centre las voces y experiencias de las comunidades afectadas. Bajo la &#8220;licencia social para operar&#8221; (SLO), un compromiso voluntario no vinculante de &#8220;buenas pr\u00e1cticas&#8221;, las empresas pueden maquillar de verde sus operaciones. Las normas internacionales voluntarias sobre la conducta responsable de las empresas no han conseguido incidir en los abusos contra el medio ambiente y los derechos humanos a lo largo de las cadenas de suministro.<\/p>\n<p style=\"text-align: justify;\">La delegaci\u00f3n subray\u00f3 la importancia de mantener el cobre, la bauxita y el hierro dentro de las obligaciones de diligencia debida propuestas. Tambi\u00e9n llamaron la atenci\u00f3n sobre la necesidad de incluir las obligaciones relativas al impacto clim\u00e1tico.<\/p>\n<p style=\"text-align: justify;\">Puede leer el art\u00edculo completo <a href=\"https:\/\/catapa.be\/es\/defensores-del-medio-ambiente-se-reunen-con-eurodiputados\/\">aqu\u00ed<\/a><\/p>\n<p>[\/vc_column_text][vc_single_image image=&#8221;28836&#8243; img_size=&#8221;full&#8221;][vc_column_text]<\/p>\n<p style=\"text-align: justify;\"><strong>Acci\u00f3n p\u00fablica<\/strong><\/p>\n<p style=\"text-align: justify;\">El pueblo reclama el agua que es vida, porque la minera ensucia y contamina&#8230;&#8221;<\/p>\n<p style=\"text-align: justify;\">Cuando uno piensa en Cajamarca, piensa en el Carnaval. Como capital del Carnaval en Per\u00fa, no es de extra\u00f1ar que tambi\u00e9n podamos reconocer esta cultura del Carnaval en la lucha de los activistas contra las empresas mineras. Hay decenas de canciones de carnaval escritas sobre la defensa del agua y los derechos humanos. El arte es una de las formas m\u00e1s poderosas de protesta, y lo ha sido durante cientos y cientos de a\u00f1os. Murales, canciones, cuentos, poes\u00eda, pinturas, todas las formas de arte pueden ser poderosas formas de protesta. Piensa en el impacto que tuvo M\u00e1xima Acu\u00f1a cuando cant\u00f3 su historia cuando gan\u00f3 el Premio Ambiental Goldman en lugar de contarla&#8230;<\/p>\n<p style=\"text-align: justify;\">Y es ese pedazo de cultura cajamarquina, y el arte como una poderosa forma de protesta, lo que llevamos a Sint-Pietersplein, en Gante, el primer viernes del Speakers Tour. Cantamos canciones de resistencia t\u00edpicas del carnaval de Cajamarca sobre la defensa de sus r\u00edos, lagos y tierras como apertura de nuestra gira y por solidaridad con Cajamarca. \u00a1Agua s\u00ed, oro no!<\/p>\n<p style=\"text-align: justify;\"><strong>Kick Off<\/strong><\/p>\n<p style=\"text-align: justify;\">Despu\u00e9s de nuestra acci\u00f3n p\u00fablica, \u00a1el Speakers Tour puede empezar de verdad! En un ambiente agradable en el Sint-Pietersabdij, nos reunimos todos para conocer realmente a nuestros invitados por primera vez. Despu\u00e9s de unas agradables presentaciones por parte de Truike, que forma parte de la organizaci\u00f3n del Speakers Tour, Charlotte, como coordinadora de los socios, y Maxime como GECO en Cajamarca, finalmente tuvimos la oportunidad de escuchar las historias de Mirtha y Rosas de primera mano.<\/p>\n<p style=\"text-align: justify;\">Mirtha, directora de nuestro socio GRUFIDES, nos habl\u00f3 de la belleza de Cajamarca, un distrito situado en el norte de los Andes de Per\u00fa, y de c\u00f3mo sufre las actividades mineras. El 23,9%, casi una cuarta parte de Cajamarca, ya est\u00e1 vendida a las empresas mineras. Mirtha nos habl\u00f3 de los impactos de estas actividades mineras en su regi\u00f3n, en un discurso muy emotivo, y nos mostr\u00f3 a todos por qu\u00e9 debemos seguir luchando contra los proyectos mineros.<\/p>\n<p style=\"text-align: justify;\">Luego fue el turno de Rosas. Rosas viene del Valle de Condebamba en Cajamarca. Nos cont\u00f3 c\u00f3mo dedic\u00f3 su vida a luchar contra los proyectos mineros formales, informales e ilegales en su regi\u00f3n, c\u00f3mo pas\u00f3 meses en la monta\u00f1a entre miles de sus compa\u00f1eros e hizo que la empresa minera se fuera, c\u00f3mo ya fue denunciado 5 veces por defender su tierra. \u00a1Nos cont\u00f3 c\u00f3mo los productos de su Valle est\u00e1n completamente contaminados por metales pesados, y c\u00f3mo estos productos se exportan y se venden hasta en Carrefour en B\u00e9lgica! Esto nos demuestra una vez m\u00e1s que la lucha contra la actividad minera no es algo de lejos, es algo que nos impacta a todos, nosotros tambi\u00e9n estamos comiendo estos aguacates contaminados. \u00a1La lucha es de todxs!<\/p>\n<p>[\/vc_column_text][vc_single_image image=&#8221;28839&#8243; img_size=&#8221;full&#8221;][vc_column_text]<\/p>\n<p style=\"text-align: justify;\"><strong>Desayuno con rebeldes<\/strong><\/p>\n<p style=\"text-align: justify;\">\u00a1El primer evento p\u00fablico del tour! Un evento tradicional: nuestro Desayuno con Rebelde\/Ontbijt met een Rebel, que forma parte del Festival Gentian Belmundo. Junto con los socios FOS, GAPP, Linx+ y Cubanismo, colocamos a 6 rebeldes en mesas separadas. Todos los rebeldes ten\u00edan una interesante historia personal relacionada con los derechos humanos y de la naturaleza. Los participantes pudieron disfrutar de un brunch palestino mientras escuchaban estas inspiradoras historias. Dos rebeldes eran Rosas y Mirtha. Sus enriquecedoras historias mostraron la fuerte interrelaci\u00f3n entre los derechos humanos y de la naturaleza, desde una perspectiva peruana.<\/p>\n<p style=\"text-align: justify;\"><strong>Viaje tur\u00edstico en Gante<\/strong><\/p>\n<p style=\"text-align: justify;\">Los gu\u00edas Alberto y Silke mostraron a Mirtha y Rosas los alrededores de Gante. Estaban muy interesados en c\u00f3mo la ciudad se est\u00e1 transformando en una m\u00e1s amigable para los peatones y ciclistas. Y c\u00f3mo el sistema de agua en Gante fue reconstruido hacia objetivos recreativos y sostenibles. Nos tomamos un chocolate caliente y unos gofres belgas para entrar en calor.<\/p>\n<p>[\/vc_column_text][vc_single_image image=&#8221;28842&#8243; img_size=&#8221;full&#8221;][vc_column_text]<\/p>\n<p style=\"text-align: justify;\"><strong>Red Bel-Latam\u00a0<\/strong><\/p>\n<p style=\"text-align: justify;\">Mirtha particip\u00f3 en su primera reuni\u00f3n de la Red Bel-LatAM en la oficina del 11.11.11. Se sorprendi\u00f3 por la cantidad de gente que conoc\u00eda a Grufides y que hab\u00eda trabajado antes con Mirtha V\u00e1squez. Mirtha estaba muy dispuesta a compartir la pel\u00edcula donde se filma Maxima Acu\u00f1a en Cajamarca en Dic tambi\u00e9n, haciendo las conexiones con la proyecci\u00f3n aqu\u00ed en Bruselas. Mirtha termin\u00f3 la reuni\u00f3n compartiendo muchas historias y an\u00e9cdotas sobre las poblaciones analfabetas afectadas por la miner\u00eda y siendo muy vulnerables en c\u00f3mo protegerse al no tener acceso al idioma espa\u00f1ol, documentos o datos. Y c\u00f3mo la miner\u00eda se enmarca como necesaria para la llamada &#8220;transici\u00f3n verde&#8221; pero realmente afecta de nuevo a su territorio.\u00a0 Nuestro apoyo internacional es m\u00e1s necesario que nunca.<\/p>\n<p style=\"text-align: justify;\"><strong>Evento estudiantil en Lovaina\u00a0<\/strong><\/p>\n<p style=\"text-align: justify;\">Rosas viaj\u00f3 a la KU Leuven para dar testimonio sobre el impacto de varios proyectos mineros en su comunidad y su resistencia colectiva. En la segunda parte del evento, los estudiantes fueron desafiados a cuestionar los v\u00ednculos entre el extractivismo y su universidad.<\/p>\n<p style=\"text-align: justify;\"><strong>Reuni\u00f3n estrat\u00e9gica del grupo de CATAPA Per\u00fa<\/strong><\/p>\n<p style=\"text-align: justify;\">\u00a1\u00a1\u00a1Los miembros del grupo de Catapa Per\u00fa se reunieron por primera vez en persona!!! Tuvimos la oportunidad de escuchar directamente a Rosas hablar sobre la situaci\u00f3n actual en el valle de Condebamba donde las comunidades est\u00e1n amenazadas por la miner\u00eda informal y escuchamos a Mirtha actualiz\u00e1ndonos sobre las nuevas amenazas de la miner\u00eda subterr\u00e1nea que Yanacocha quiere iniciar. A continuaci\u00f3n, realizamos una lluvia de ideas sobre otras actividades que el grupo puede poner en marcha para apoyar la lucha de nuestros amigos.<\/p>\n<p>[\/vc_column_text][vc_single_image image=&#8221;28845&#8243; img_size=&#8221;full&#8221;][vc_column_text]<\/p>\n<p style=\"text-align: justify;\"><strong>Mesa redonda<\/strong><\/p>\n<p style=\"text-align: justify;\">El 8 de marzo, con motivo del D\u00eda Internacional de la Mujer, escuchamos el testimonio de defensoras de Per\u00fa, Colombia y Holanda\/Bolivia. Compartieron historias sobre el activismo clim\u00e1tico y sus experiencias y luchas dentro de la defensa de sus territorios, con el fin de promover la solidaridad y conectar las diferentes luchas por la justicia. Tambi\u00e9n hablaron del papel vital de las mujeres en el activismo.<\/p>\n<p style=\"text-align: justify;\"><strong>Evento estudiantil en Amberes<\/strong><\/p>\n<p style=\"text-align: justify;\">Rosas da un poderoso testimonio a estudiantes de la Universidad de Amberes. Tras una sesi\u00f3n de preguntas y respuestas, estudiantes participan en un consejo ciudadano en el que adoptan una postura cr\u00edtica sobre el v\u00ednculo entre la miner\u00eda y su universidad. Willy gu\u00eda a Rosas por Amberes y cenan en el restaurante Via Via.<\/p>\n<p>[\/vc_column_text][vc_single_image image=&#8221;28848&#8243; img_size=&#8221;full&#8221;][vc_column_text]<\/p>\n<p style=\"text-align: justify;\"><strong>Reuni\u00f3n con Quinoa<\/strong><\/p>\n<p style=\"text-align: justify;\">Mirtha se reuni\u00f3 con Quinoa, socia de Grufides, para presentar los proyectos en curso de Grufides, actualizar sobre la situaci\u00f3n actual en Cajamarca y discutir el programa del proyecto de verano de Quinoa para un grupo de voluntarios belgas<\/p>\n<p style=\"text-align: justify;\"><strong>Visita a la granja<\/strong><\/p>\n<p style=\"text-align: justify;\">Rosas se reuni\u00f3 con agricultores de Boerenforum, un colectivo de organizaciones que utilizan una serie de m\u00e9todos agroecol\u00f3gicos en Flandes, para intercambiar conocimientos y pr\u00e1cticas. La agroecolog\u00eda no es s\u00f3lo una ciencia pr\u00e1ctica que implica el uso cero de productos qu\u00edmicos y pesticidas, sino tambi\u00e9n un movimiento social. La agroecolog\u00eda reclama el completo desmantelamiento del sistema alimentario industrial y de la revoluci\u00f3n verde, que se centra en la producci\u00f3n de alimentos y en los beneficios por encima del acceso y los derechos de la naturaleza.<\/p>\n<p style=\"text-align: justify;\">La delegaci\u00f3n visit\u00f3 varias explotaciones agr\u00edcolas de la regi\u00f3n, entre ellas una granja de productos l\u00e1cteos biol\u00f3gicos que crea una variedad de productos agroecol\u00f3gicos, \u00a1incluido su propio y delicioso helado! La delegaci\u00f3n comparti\u00f3 sus experiencias de trabajo en diversos sistemas y entornos agr\u00edcolas. Tambi\u00e9n hablaron de los obst\u00e1culos que impiden la ampliaci\u00f3n de la agroecolog\u00eda tanto en la Uni\u00f3n Europea como en Per\u00fa, como el acceso a los conocimientos t\u00e9cnicos y la experiencia, el apoyo financiero, la tierra, el agua y la legislaci\u00f3n perjudicial que sigue dando prioridad a la agricultura industrial destructiva sobre el medio ambiente.<\/p>\n<p>[\/vc_column_text][vc_single_image image=&#8221;28851&#8243; img_size=&#8221;full&#8221;][vc_column_text]<\/p>\n<p style=\"text-align: justify;\"><strong>H-LEP y NEMO\u00a0<\/strong><\/p>\n<p style=\"text-align: justify;\">Mirtha y Rosas participaron en un panel experto de alto nivel (H-LEP) sobre el reciclaje de residuos mineros organizado por el proyecto NEMO de Horizonte 2020 de la UE. Junto a Mirtha y Rosas se sentaron a la mesa personas del mundo acad\u00e9mico, de la industria, de la sociedad civil, de la Comisi\u00f3n Europea y de las Naciones Unidas, en busca de una perspectiva global sobre la revalorizaci\u00f3n de los relaves mineros. Mirtha fue invitada como ponente y present\u00f3 la realidad de los residuos mineros y las luchas de la comunidad en Cajamarca. Termin\u00f3 su presentaci\u00f3n con cuatro recomendaciones para la Comisi\u00f3n Europea: proteger los Derechos Humanos, proporcionar una participaci\u00f3n significativa de la comunidad, empoderar a la comunidad para reconocer y reivindicar el conocimiento ind\u00edgena. Despu\u00e9s de la presentaci\u00f3n de Mirtha, tres ponentes presentaron una propuesta de reciclaje de residuos mineros en Bolivia, el reciclaje de residuos mineros en Suecia, y la evaluaci\u00f3n del ciclo de vida para evaluar el impacto del reciclaje de residuos mineros.<\/p>\n<p style=\"text-align: justify;\">Tras las presentaciones, Mirtha y Rosas participaron en mesas redondas para aportar sus perspectivas y experiencias. Conocerlas fue, para muchos, una prueba de realidad de la situaci\u00f3n al principio de nuestra cadena de suministro de metales.<\/p>\n<p style=\"text-align: justify;\"><strong>Red S\u00ed a la Vida No a la Miner\u00eda\u00a0<\/strong><\/p>\n<p style=\"text-align: justify;\">Mirtha se reuni\u00f3 con activistas de la sociedad civil afines de la red S\u00ed a la Vida No a la Miner\u00eda (YLNM) por la tarde y la noche. Fue una reuni\u00f3n h\u00edbrida internacional, a la que se sumaron personas de Bruselas, Reino Unido, Finlandia, Espa\u00f1a, B\u00e9lgica, Irlanda, Bolivia, Per\u00fa y muchos m\u00e1s pa\u00edses europeos y no europeos. El objetivo de la reuni\u00f3n era alinear entendimientos y estrategias sobre el Derecho a Decir No (RTSN). Mirtha describi\u00f3 con dolor la ausencia del RTSN en Cajamarca y en Per\u00fa en general y describi\u00f3 v\u00edvidamente las consecuencias de este vac\u00edo. Nuestro conocimiento de la RTSN est\u00e1 creciendo r\u00e1pidamente, al igual que la demanda de m\u00e1s metal para la transici\u00f3n verde para luchar contra el Cambio Clim\u00e1tico. Todav\u00eda tenemos que aprender muchas cosas, pero sabemos con certeza que comunidades como Cajamarca, y personas como Mirtha y Rosas, necesitan estar en el asiento del conductor cuando se trata de decidir sobre la explotaci\u00f3n de sus recursos y su calidad de vida. Necesitan tener el derecho a decir no.<\/p>\n<p>[\/vc_column_text][vc_single_image image=&#8221;28854&#8243; img_size=&#8221;full&#8221;][vc_column_text]<\/p>\n<p style=\"text-align: justify;\"><strong>Almuerzo con la ciudad de Gante<\/strong><\/p>\n<p style=\"text-align: justify;\">Hoy hemos almorzado con gente de la ciudad de Gante, \u00a1incluido un viceministro de cooperaci\u00f3n internacional!<\/p>\n<p style=\"text-align: justify;\"><strong>Pago a la tierra<\/strong><\/p>\n<p style=\"text-align: justify;\">En nuestra \u00faltima ma\u00f1ana de s\u00e1bado, una ma\u00f1ana soleada que anuncia que la primavera est\u00e1 por fin en camino, tomamos un autob\u00fas y un peque\u00f1o ferry para visitar la reserva natural de Levende Leie y terminar nuestro Speakers Tour con una ceremonia \u00edntima, un pago a la tierra. En la cultura peruana, durante estos pagos a la tierra se agradece a la Tierra todo lo que te ha dado y se le pide que te siga ayudando en el futuro. Dimos vueltas alrededor de algunos alimentos t\u00edpicos peruanos, semillas de Cajamarca, flores, productos naturales, e instrumentos cajamarquinos, y expresamos nuestra gratitud por estas dos \u00faltimas semanas, por todo lo que hemos aprendido y compartido, y garantizamos que siempre continuaremos esta lucha juntos.<\/p>\n<p style=\"text-align: justify;\"><strong>Viaje a Brujas<\/strong><\/p>\n<p style=\"text-align: justify;\">Rosas y Mirtha visitaron Brujas y les fascin\u00f3 el encanto de esta peque\u00f1a ciudad de Flandes: el centro hist\u00f3rico, las calles empedradas&#8230; Almorzamos muy bien y despu\u00e9s compartimos un gofre. Fue un d\u00eda muy agradable en el que compartimos an\u00e9cdotas del recorrido.<\/p>\n<p style=\"text-align: justify;\"><strong>Restart party<\/strong><\/p>\n<p style=\"text-align: justify;\">CATAPA, junto con Bos+, Repair&amp;Share, De Transformisten y Avansa, ofreci\u00f3 un adelanto de c\u00f3mo ser\u00eda un sistema de econom\u00eda circular, en la Restart Party de Amberes.<\/p>\n<p style=\"text-align: justify;\">Mientras los reparadores del Repair Caf\u00e9 intentaban que los electrodom\u00e9sticos volvieran a funcionar, nuestro taller profundiz\u00f3 en los peligros de la obsolescencia programada para las personas y el medio ambiente. Nos centramos en las acciones necesarias para despertar a pol\u00edticos y a las empresas para que pulsen el bot\u00f3n de reinicio. Rosas y Mirtha compartieron su historia y despu\u00e9s fuimos al acogedor Kringwinkel de @Circuit.<\/p>\n<p style=\"text-align: justify;\"><strong>Fin del Speakers Tour<\/strong><\/p>\n<p style=\"text-align: justify;\">El tour finalmente ha terminado. \u00a1Muchas gracias por hacer esto posible! Ha sido una edici\u00f3n maravillosa. Gracias a todxs que ayudaron de muchas maneras diferentes.\u00a0Que privilegio tenerles aqu\u00ed por este tiempo y que alegr\u00eda haberlo compartido con tantos.<\/p>\n<p style=\"text-align: justify;\">\u00a1\u00a1\u00a1\u00a1GRACIAS CATAPISTAS!!!! \u00a1Por la incre\u00edble organizaci\u00f3n! \u00a1\u00a1\u00a1Y las actividades e iniciativas super leuke!!!<\/p>\n<p>[\/vc_column_text][\/vc_column][\/vc_row]<\/p>\n<\/div>","protected":false},"excerpt":{"rendered":"<p>[vc_row][vc_column][vc_column_text] SPEAKERS TOUR 2022 OVERVIEW El Speakers Tour fue un gran \u00e9xito. \u00a1Muchas gracias a todos por hacerlo posible! Qu\u00e9 edici\u00f3n tan maravillosa. Este a\u00f1o, dos defensorxs del medio ambiente, Mirtha y Rosas, de Cajamarca,<br \/><a class=\"read-more\" href=\"https:\/\/catapa.be\/es\/speakers-tour-2022-overview\/\">Read More<\/a><\/p>\n","protected":false},"author":57,"featured_media":28638,"comment_status":"open","ping_status":"open","sticky":false,"template":"","format":"standard","meta":{"_exactmetrics_skip_tracking":false,"_exactmetrics_sitenote_active":false,"_exactmetrics_sitenote_note":"","_exactmetrics_sitenote_category":0,"jetpack_post_was_ever_published":false,"_jetpack_newsletter_access":"","_jetpack_dont_email_post_to_subs":false,"_jetpack_newsletter_tier_id":0,"_jetpack_memberships_contains_paywalled_content":false,"_jetpack_memberships_contains_paid_content":false,"footnotes":"","jetpack_publicize_message":"","jetpack_publicize_feature_enabled":true,"jetpack_social_post_already_shared":true,"jetpack_social_options":{"image_generator_settings":{"template":"highway","default_image_id":0,"font":"","enabled":false},"version":2}},"categories":[476,474,491],"tags":[],"class_list":["post-28615","post","type-post","status-publish","format-standard","has-post-thumbnail","hentry","category-campanas","category-open-mined-es","category-peru-es"],"yoast_head":"<!-- This site is optimized with the Yoast SEO plugin v26.8 - https:\/\/yoast.com\/product\/yoast-seo-wordpress\/ -->\n<title>Speakers Tour 2022 Overview - CATAPA vzw<\/title>\n<meta name=\"description\" content=\"LOS DEFENSORES DEL MEDIO AMBIENTE Y LOS REPRESENTANTES IND\u00cdGENAS DE LAS COMUNIDADES AFECTADAS POR LA MINER\u00cdA SE RE\u00daNEN CON EURODIPUTADOS EN RELACI\u00d3N A LA LEGISLACI\u00d3N DE LA UE SOBRE DILIGENCIA DEBIDA\" \/>\n<meta name=\"robots\" content=\"index, follow, max-snippet:-1, max-image-preview:large, max-video-preview:-1\" \/>\n<link rel=\"canonical\" href=\"https:\/\/catapa.be\/es\/speakers-tour-2022-overview\/\" \/>\n<meta property=\"og:locale\" content=\"es_ES\" \/>\n<meta property=\"og:type\" content=\"article\" \/>\n<meta property=\"og:title\" content=\"Speakers Tour 2022 Overview - CATAPA vzw\" \/>\n<meta property=\"og:description\" content=\"LOS DEFENSORES DEL MEDIO AMBIENTE Y LOS REPRESENTANTES IND\u00cdGENAS DE LAS COMUNIDADES AFECTADAS POR LA MINER\u00cdA SE RE\u00daNEN CON EURODIPUTADOS EN RELACI\u00d3N A LA LEGISLACI\u00d3N DE LA UE SOBRE DILIGENCIA DEBIDA\" \/>\n<meta property=\"og:url\" content=\"https:\/\/catapa.be\/es\/speakers-tour-2022-overview\/\" \/>\n<meta property=\"og:site_name\" content=\"CATAPA vzw\" \/>\n<meta property=\"article:publisher\" content=\"https:\/\/www.facebook.com\/catapa.belgium\/\" \/>\n<meta property=\"article:published_time\" content=\"2022-03-28T09:07:15+00:00\" \/>\n<meta property=\"article:modified_time\" content=\"2022-03-28T09:07:35+00:00\" \/>\n<meta property=\"og:image\" content=\"https:\/\/catapa.be\/wp-content\/uploads\/2022\/03\/1.png\" \/>\n\t<meta property=\"og:image:width\" content=\"470\" \/>\n\t<meta property=\"og:image:height\" content=\"394\" \/>\n\t<meta property=\"og:image:type\" content=\"image\/png\" \/>\n<meta name=\"author\" content=\"Laura Blanco\" \/>\n<meta name=\"twitter:card\" content=\"summary_large_image\" \/>\n<meta name=\"twitter:creator\" content=\"@CATAPA_Belgica\" \/>\n<meta name=\"twitter:site\" content=\"@CATAPA_Belgica\" \/>\n<meta name=\"twitter:label1\" content=\"Escrito por\" \/>\n\t<meta name=\"twitter:data1\" content=\"Laura Blanco\" \/>\n\t<meta name=\"twitter:label2\" content=\"Tiempo de lectura\" \/>\n\t<meta name=\"twitter:data2\" content=\"14 minutes\" \/>\n<script type=\"application\/ld+json\" class=\"yoast-schema-graph\">{\"@context\":\"https:\/\/schema.org\",\"@graph\":[{\"@type\":\"Article\",\"@id\":\"https:\/\/catapa.be\/es\/speakers-tour-2022-overview\/#article\",\"isPartOf\":{\"@id\":\"https:\/\/catapa.be\/es\/speakers-tour-2022-overview\/\"},\"author\":{\"name\":\"Laura Blanco\",\"@id\":\"https:\/\/catapa.be\/es\/#\/schema\/person\/ea5efb130a04848888228af954ea2280\"},\"headline\":\"Speakers Tour 2022 Overview\",\"datePublished\":\"2022-03-28T09:07:15+00:00\",\"dateModified\":\"2022-03-28T09:07:35+00:00\",\"mainEntityOfPage\":{\"@id\":\"https:\/\/catapa.be\/es\/speakers-tour-2022-overview\/\"},\"wordCount\":2787,\"commentCount\":0,\"publisher\":{\"@id\":\"https:\/\/catapa.be\/es\/#organization\"},\"image\":{\"@id\":\"https:\/\/catapa.be\/es\/speakers-tour-2022-overview\/#primaryimage\"},\"thumbnailUrl\":\"https:\/\/i0.wp.com\/catapa.be\/wp-content\/uploads\/2022\/03\/1.png?fit=470%2C394&ssl=1\",\"articleSection\":[\"Campa\u00f1as\",\"Open Min(e)d\",\"Per\u00fa\"],\"inLanguage\":\"es-ES\",\"potentialAction\":[{\"@type\":\"CommentAction\",\"name\":\"Comment\",\"target\":[\"https:\/\/catapa.be\/es\/speakers-tour-2022-overview\/#respond\"]}]},{\"@type\":\"WebPage\",\"@id\":\"https:\/\/catapa.be\/es\/speakers-tour-2022-overview\/\",\"url\":\"https:\/\/catapa.be\/es\/speakers-tour-2022-overview\/\",\"name\":\"Speakers Tour 2022 Overview - CATAPA vzw\",\"isPartOf\":{\"@id\":\"https:\/\/catapa.be\/es\/#website\"},\"primaryImageOfPage\":{\"@id\":\"https:\/\/catapa.be\/es\/speakers-tour-2022-overview\/#primaryimage\"},\"image\":{\"@id\":\"https:\/\/catapa.be\/es\/speakers-tour-2022-overview\/#primaryimage\"},\"thumbnailUrl\":\"https:\/\/i0.wp.com\/catapa.be\/wp-content\/uploads\/2022\/03\/1.png?fit=470%2C394&ssl=1\",\"datePublished\":\"2022-03-28T09:07:15+00:00\",\"dateModified\":\"2022-03-28T09:07:35+00:00\",\"description\":\"LOS DEFENSORES DEL MEDIO AMBIENTE Y LOS REPRESENTANTES IND\u00cdGENAS DE LAS COMUNIDADES AFECTADAS POR LA MINER\u00cdA SE RE\u00daNEN CON EURODIPUTADOS EN RELACI\u00d3N A LA LEGISLACI\u00d3N DE LA UE SOBRE DILIGENCIA DEBIDA\",\"breadcrumb\":{\"@id\":\"https:\/\/catapa.be\/es\/speakers-tour-2022-overview\/#breadcrumb\"},\"inLanguage\":\"es-ES\",\"potentialAction\":[{\"@type\":\"ReadAction\",\"target\":[\"https:\/\/catapa.be\/es\/speakers-tour-2022-overview\/\"]}]},{\"@type\":\"ImageObject\",\"inLanguage\":\"es-ES\",\"@id\":\"https:\/\/catapa.be\/es\/speakers-tour-2022-overview\/#primaryimage\",\"url\":\"https:\/\/i0.wp.com\/catapa.be\/wp-content\/uploads\/2022\/03\/1.png?fit=470%2C394&ssl=1\",\"contentUrl\":\"https:\/\/i0.wp.com\/catapa.be\/wp-content\/uploads\/2022\/03\/1.png?fit=470%2C394&ssl=1\",\"width\":470,\"height\":394},{\"@type\":\"BreadcrumbList\",\"@id\":\"https:\/\/catapa.be\/es\/speakers-tour-2022-overview\/#breadcrumb\",\"itemListElement\":[{\"@type\":\"ListItem\",\"position\":1,\"name\":\"Home\",\"item\":\"https:\/\/catapa.be\/es\/\"},{\"@type\":\"ListItem\",\"position\":2,\"name\":\"Speakers Tour 2022 Overview\"}]},{\"@type\":\"WebSite\",\"@id\":\"https:\/\/catapa.be\/es\/#website\",\"url\":\"https:\/\/catapa.be\/es\/\",\"name\":\"CATAPA vzw\",\"description\":\"Comit\u00e9 Acad\u00e9mico T\u00e9cnico de Asesoramiento a Problemas Ambientales\",\"publisher\":{\"@id\":\"https:\/\/catapa.be\/es\/#organization\"},\"potentialAction\":[{\"@type\":\"SearchAction\",\"target\":{\"@type\":\"EntryPoint\",\"urlTemplate\":\"https:\/\/catapa.be\/es\/?s={search_term_string}\"},\"query-input\":{\"@type\":\"PropertyValueSpecification\",\"valueRequired\":true,\"valueName\":\"search_term_string\"}}],\"inLanguage\":\"es-ES\"},{\"@type\":\"Organization\",\"@id\":\"https:\/\/catapa.be\/es\/#organization\",\"name\":\"CATAPA vzw\",\"url\":\"https:\/\/catapa.be\/es\/\",\"logo\":{\"@type\":\"ImageObject\",\"inLanguage\":\"es-ES\",\"@id\":\"https:\/\/catapa.be\/es\/#\/schema\/logo\/image\/\",\"url\":\"https:\/\/i0.wp.com\/catapa.be\/wp-content\/uploads\/2019\/02\/NEW20LOGO20SHORT20PNG1.png?fit=1259%2C1321&ssl=1\",\"contentUrl\":\"https:\/\/i0.wp.com\/catapa.be\/wp-content\/uploads\/2019\/02\/NEW20LOGO20SHORT20PNG1.png?fit=1259%2C1321&ssl=1\",\"width\":1259,\"height\":1321,\"caption\":\"CATAPA vzw\"},\"image\":{\"@id\":\"https:\/\/catapa.be\/es\/#\/schema\/logo\/image\/\"},\"sameAs\":[\"https:\/\/www.facebook.com\/catapa.belgium\/\",\"https:\/\/x.com\/CATAPA_Belgica\",\"https:\/\/www.instagram.com\/catapa_vzw\/\",\"https:\/\/be.linkedin.com\/company\/catapavzw\",\"https:\/\/www.youtube.com\/channel\/UCE52-Fiyv-Fpqf2gi1qhf1g\"]},{\"@type\":\"Person\",\"@id\":\"https:\/\/catapa.be\/es\/#\/schema\/person\/ea5efb130a04848888228af954ea2280\",\"name\":\"Laura Blanco\",\"url\":\"https:\/\/catapa.be\/es\/author\/laura-blanco\/\"}]}<\/script>\n<!-- \/ Yoast SEO plugin. -->","yoast_head_json":{"title":"Speakers Tour 2022 Overview - CATAPA vzw","description":"LOS DEFENSORES DEL MEDIO AMBIENTE Y LOS REPRESENTANTES IND\u00cdGENAS DE LAS COMUNIDADES AFECTADAS POR LA MINER\u00cdA SE RE\u00daNEN CON EURODIPUTADOS EN RELACI\u00d3N A LA LEGISLACI\u00d3N DE LA UE SOBRE DILIGENCIA DEBIDA","robots":{"index":"index","follow":"follow","max-snippet":"max-snippet:-1","max-image-preview":"max-image-preview:large","max-video-preview":"max-video-preview:-1"},"canonical":"https:\/\/catapa.be\/es\/speakers-tour-2022-overview\/","og_locale":"es_ES","og_type":"article","og_title":"Speakers Tour 2022 Overview - CATAPA vzw","og_description":"LOS DEFENSORES DEL MEDIO AMBIENTE Y LOS REPRESENTANTES IND\u00cdGENAS DE LAS COMUNIDADES AFECTADAS POR LA MINER\u00cdA SE RE\u00daNEN CON EURODIPUTADOS EN RELACI\u00d3N A LA LEGISLACI\u00d3N DE LA UE SOBRE DILIGENCIA DEBIDA","og_url":"https:\/\/catapa.be\/es\/speakers-tour-2022-overview\/","og_site_name":"CATAPA vzw","article_publisher":"https:\/\/www.facebook.com\/catapa.belgium\/","article_published_time":"2022-03-28T09:07:15+00:00","article_modified_time":"2022-03-28T09:07:35+00:00","og_image":[{"width":470,"height":394,"url":"https:\/\/catapa.be\/wp-content\/uploads\/2022\/03\/1.png","type":"image\/png"}],"author":"Laura Blanco","twitter_card":"summary_large_image","twitter_creator":"@CATAPA_Belgica","twitter_site":"@CATAPA_Belgica","twitter_misc":{"Escrito por":"Laura Blanco","Tiempo de lectura":"14 minutes"},"schema":{"@context":"https:\/\/schema.org","@graph":[{"@type":"Article","@id":"https:\/\/catapa.be\/es\/speakers-tour-2022-overview\/#article","isPartOf":{"@id":"https:\/\/catapa.be\/es\/speakers-tour-2022-overview\/"},"author":{"name":"Laura Blanco","@id":"https:\/\/catapa.be\/es\/#\/schema\/person\/ea5efb130a04848888228af954ea2280"},"headline":"Speakers Tour 2022 Overview","datePublished":"2022-03-28T09:07:15+00:00","dateModified":"2022-03-28T09:07:35+00:00","mainEntityOfPage":{"@id":"https:\/\/catapa.be\/es\/speakers-tour-2022-overview\/"},"wordCount":2787,"commentCount":0,"publisher":{"@id":"https:\/\/catapa.be\/es\/#organization"},"image":{"@id":"https:\/\/catapa.be\/es\/speakers-tour-2022-overview\/#primaryimage"},"thumbnailUrl":"https:\/\/i0.wp.com\/catapa.be\/wp-content\/uploads\/2022\/03\/1.png?fit=470%2C394&ssl=1","articleSection":["Campa\u00f1as","Open Min(e)d","Per\u00fa"],"inLanguage":"es-ES","potentialAction":[{"@type":"CommentAction","name":"Comment","target":["https:\/\/catapa.be\/es\/speakers-tour-2022-overview\/#respond"]}]},{"@type":"WebPage","@id":"https:\/\/catapa.be\/es\/speakers-tour-2022-overview\/","url":"https:\/\/catapa.be\/es\/speakers-tour-2022-overview\/","name":"Speakers Tour 2022 Overview - CATAPA vzw","isPartOf":{"@id":"https:\/\/catapa.be\/es\/#website"},"primaryImageOfPage":{"@id":"https:\/\/catapa.be\/es\/speakers-tour-2022-overview\/#primaryimage"},"image":{"@id":"https:\/\/catapa.be\/es\/speakers-tour-2022-overview\/#primaryimage"},"thumbnailUrl":"https:\/\/i0.wp.com\/catapa.be\/wp-content\/uploads\/2022\/03\/1.png?fit=470%2C394&ssl=1","datePublished":"2022-03-28T09:07:15+00:00","dateModified":"2022-03-28T09:07:35+00:00","description":"LOS DEFENSORES DEL MEDIO AMBIENTE Y LOS REPRESENTANTES IND\u00cdGENAS DE LAS COMUNIDADES AFECTADAS POR LA MINER\u00cdA SE RE\u00daNEN CON EURODIPUTADOS EN RELACI\u00d3N A LA LEGISLACI\u00d3N DE LA UE SOBRE DILIGENCIA DEBIDA","breadcrumb":{"@id":"https:\/\/catapa.be\/es\/speakers-tour-2022-overview\/#breadcrumb"},"inLanguage":"es-ES","potentialAction":[{"@type":"ReadAction","target":["https:\/\/catapa.be\/es\/speakers-tour-2022-overview\/"]}]},{"@type":"ImageObject","inLanguage":"es-ES","@id":"https:\/\/catapa.be\/es\/speakers-tour-2022-overview\/#primaryimage","url":"https:\/\/i0.wp.com\/catapa.be\/wp-content\/uploads\/2022\/03\/1.png?fit=470%2C394&ssl=1","contentUrl":"https:\/\/i0.wp.com\/catapa.be\/wp-content\/uploads\/2022\/03\/1.png?fit=470%2C394&ssl=1","width":470,"height":394},{"@type":"BreadcrumbList","@id":"https:\/\/catapa.be\/es\/speakers-tour-2022-overview\/#breadcrumb","itemListElement":[{"@type":"ListItem","position":1,"name":"Home","item":"https:\/\/catapa.be\/es\/"},{"@type":"ListItem","position":2,"name":"Speakers Tour 2022 Overview"}]},{"@type":"WebSite","@id":"https:\/\/catapa.be\/es\/#website","url":"https:\/\/catapa.be\/es\/","name":"CATAPA vzw","description":"Comit\u00e9 Acad\u00e9mico T\u00e9cnico de Asesoramiento a Problemas Ambientales","publisher":{"@id":"https:\/\/catapa.be\/es\/#organization"},"potentialAction":[{"@type":"SearchAction","target":{"@type":"EntryPoint","urlTemplate":"https:\/\/catapa.be\/es\/?s={search_term_string}"},"query-input":{"@type":"PropertyValueSpecification","valueRequired":true,"valueName":"search_term_string"}}],"inLanguage":"es-ES"},{"@type":"Organization","@id":"https:\/\/catapa.be\/es\/#organization","name":"CATAPA vzw","url":"https:\/\/catapa.be\/es\/","logo":{"@type":"ImageObject","inLanguage":"es-ES","@id":"https:\/\/catapa.be\/es\/#\/schema\/logo\/image\/","url":"https:\/\/i0.wp.com\/catapa.be\/wp-content\/uploads\/2019\/02\/NEW20LOGO20SHORT20PNG1.png?fit=1259%2C1321&ssl=1","contentUrl":"https:\/\/i0.wp.com\/catapa.be\/wp-content\/uploads\/2019\/02\/NEW20LOGO20SHORT20PNG1.png?fit=1259%2C1321&ssl=1","width":1259,"height":1321,"caption":"CATAPA vzw"},"image":{"@id":"https:\/\/catapa.be\/es\/#\/schema\/logo\/image\/"},"sameAs":["https:\/\/www.facebook.com\/catapa.belgium\/","https:\/\/x.com\/CATAPA_Belgica","https:\/\/www.instagram.com\/catapa_vzw\/","https:\/\/be.linkedin.com\/company\/catapavzw","https:\/\/www.youtube.com\/channel\/UCE52-Fiyv-Fpqf2gi1qhf1g"]},{"@type":"Person","@id":"https:\/\/catapa.be\/es\/#\/schema\/person\/ea5efb130a04848888228af954ea2280","name":"Laura Blanco","url":"https:\/\/catapa.be\/es\/author\/laura-blanco\/"}]}},"jetpack_publicize_connections":[],"jetpack_featured_media_url":"https:\/\/i0.wp.com\/catapa.be\/wp-content\/uploads\/2022\/03\/1.png?fit=470%2C394&ssl=1","jetpack_sharing_enabled":true,"jetpack_likes_enabled":true,"jetpack-related-posts":[{"id":22774,"url":"https:\/\/catapa.be\/es\/arte-y-unidad-en-cajamarca\/","url_meta":{"origin":28615,"position":0},"title":"Arte y unidad en Cajamarca","author":"Laura Blanco","date":"12\/10\/2021","format":false,"excerpt":"[vc_row][vc_column][vc_column_text] Arte y unidad en Cajamarca [\/vc_column_text][vc_column_text]\u201c\u00bfY si cantamos?\", pregunta mientras saca de su bolsillo un peque\u00f1o papel con unos garabatos que conforman una letra. Es una de las Defensoras de la Vida y la Pacha Mama de Cajamarca. Estamos en medio de nuestro \u00faltimo taller sobre periodismo ciudadano y\u2026","rel":"","context":"En \u00abNoticias\u00bb","block_context":{"text":"Noticias","link":"https:\/\/catapa.be\/es\/category\/noticias\/"},"img":{"alt_text":"Cajamarca Art and Unity","src":"https:\/\/i0.wp.com\/catapa.be\/wp-content\/uploads\/2021\/10\/241796638_4269925936408828_8650674339551983980_n.jpeg?fit=1200%2C800&ssl=1&resize=350%2C200","width":350,"height":200,"srcset":"https:\/\/i0.wp.com\/catapa.be\/wp-content\/uploads\/2021\/10\/241796638_4269925936408828_8650674339551983980_n.jpeg?fit=1200%2C800&ssl=1&resize=350%2C200 1x, https:\/\/i0.wp.com\/catapa.be\/wp-content\/uploads\/2021\/10\/241796638_4269925936408828_8650674339551983980_n.jpeg?fit=1200%2C800&ssl=1&resize=525%2C300 1.5x, https:\/\/i0.wp.com\/catapa.be\/wp-content\/uploads\/2021\/10\/241796638_4269925936408828_8650674339551983980_n.jpeg?fit=1200%2C800&ssl=1&resize=700%2C400 2x, https:\/\/i0.wp.com\/catapa.be\/wp-content\/uploads\/2021\/10\/241796638_4269925936408828_8650674339551983980_n.jpeg?fit=1200%2C800&ssl=1&resize=1050%2C600 3x"},"classes":[]},{"id":33920,"url":"https:\/\/catapa.be\/es\/falan-el-pueblo-de-colombia-donde-la-epoca-colonial-vuelve-una-y-otra-vez\/","url_meta":{"origin":28615,"position":1},"title":"Fal\u00e1n: el pueblo de Colombia donde la \u00e9poca colonial vuelve una y otra vez","author":"Estefan\u00eda","date":"07\/08\/2023","format":false,"excerpt":"[vc_row][vc_column][vc_column_text]Perder la lucha contra la miner\u00eda significar\u00eda desplazamiento, muerte... ser\u00eda volver del rev\u00e9s las monta\u00f1as. Ser\u00eda la desaparici\u00f3n de la cultura oral ancestral. Ser\u00eda poner a mucha gente en un escenario muy malo, gente luchando por su supervivencia, por el lugar donde viven. Ser\u00eda perder el r\u00edo Magdalena, ser\u00eda perder\u2026","rel":"","context":"En \u00abColombia\u00bb","block_context":{"text":"Colombia","link":"https:\/\/catapa.be\/es\/category\/colombia-es\/"},"img":{"alt_text":"","src":"https:\/\/i0.wp.com\/catapa.be\/wp-content\/uploads\/2023\/08\/WhatsApp-Image-2023-08-03-at-13.46.34.jpeg?fit=1200%2C900&ssl=1&resize=350%2C200","width":350,"height":200,"srcset":"https:\/\/i0.wp.com\/catapa.be\/wp-content\/uploads\/2023\/08\/WhatsApp-Image-2023-08-03-at-13.46.34.jpeg?fit=1200%2C900&ssl=1&resize=350%2C200 1x, https:\/\/i0.wp.com\/catapa.be\/wp-content\/uploads\/2023\/08\/WhatsApp-Image-2023-08-03-at-13.46.34.jpeg?fit=1200%2C900&ssl=1&resize=525%2C300 1.5x, https:\/\/i0.wp.com\/catapa.be\/wp-content\/uploads\/2023\/08\/WhatsApp-Image-2023-08-03-at-13.46.34.jpeg?fit=1200%2C900&ssl=1&resize=700%2C400 2x, https:\/\/i0.wp.com\/catapa.be\/wp-content\/uploads\/2023\/08\/WhatsApp-Image-2023-08-03-at-13.46.34.jpeg?fit=1200%2C900&ssl=1&resize=1050%2C600 3x"},"classes":[]},{"id":7527,"url":"https:\/\/catapa.be\/es\/preocupacion-por-el-otorgamiento-del-indulto-humanitario-irregular\/","url_meta":{"origin":28615,"position":2},"title":"Preocupaci\u00f3n por el otorgamiento del Indulto Humanitario irregular","author":"Alienor de Sas","date":"21\/08\/2018","format":false,"excerpt":"[vc_row][vc_column][vc_column_text] Bruselas, 29 de enero 2018 La Plataforma Europa Per\u00fa (PEP), la Red EU-LAT (ex CIFCA y Grupo Sur) y la CIDSE quieren expresar a la Uni\u00f3n Europea su m\u00e1s alta preocupaci\u00f3n por la situaci\u00f3n de los derechos humanos en el Per\u00fa, a ra\u00edz del indulto humanitario otorgado el pasado\u2026","rel":"","context":"En \u00abNoticias\u00bb","block_context":{"text":"Noticias","link":"https:\/\/catapa.be\/es\/category\/noticias\/"},"img":{"alt_text":"","src":"https:\/\/i0.wp.com\/catapa.be\/wp-content\/uploads\/2018\/08\/39361204632_f4620bcf65_b.jpg?fit=1024%2C668&ssl=1&resize=350%2C200","width":350,"height":200,"srcset":"https:\/\/i0.wp.com\/catapa.be\/wp-content\/uploads\/2018\/08\/39361204632_f4620bcf65_b.jpg?fit=1024%2C668&ssl=1&resize=350%2C200 1x, https:\/\/i0.wp.com\/catapa.be\/wp-content\/uploads\/2018\/08\/39361204632_f4620bcf65_b.jpg?fit=1024%2C668&ssl=1&resize=525%2C300 1.5x, https:\/\/i0.wp.com\/catapa.be\/wp-content\/uploads\/2018\/08\/39361204632_f4620bcf65_b.jpg?fit=1024%2C668&ssl=1&resize=700%2C400 2x"},"classes":[]},{"id":33282,"url":"https:\/\/catapa.be\/es\/dia-mundial-del-agua-defendamos-nuestro-derecho-al-agua-potable\/","url_meta":{"origin":28615,"position":3},"title":"D\u00eda Mundial del Agua: defendamos nuestro derecho al agua potable","author":"Estefan\u00eda","date":"22\/03\/2023","format":false,"excerpt":"Cada a\u00f1o,\u00a0desde 1993, se celebra el D\u00eda Mundial del Agua para concienciar sobre la crisis mundial del acceso al agua y actuar en defensa de nuestros derechos. Seg\u00fan la ONU, m\u00e1s de 2.000 millones de personas siguen sin tener acceso a agua potable. La situaci\u00f3n es cr\u00edtica en la provincia\u2026","rel":"","context":"En \u00abGECOs on the road\u00bb","block_context":{"text":"GECOs on the road","link":"https:\/\/catapa.be\/es\/category\/catapa-in-de-kijker-es\/gecos-on-the-road-es\/"},"img":{"alt_text":"","src":"https:\/\/i0.wp.com\/catapa.be\/wp-content\/uploads\/2023\/03\/img6-e1679484475962.jpg?fit=900%2C1200&ssl=1&resize=350%2C200","width":350,"height":200,"srcset":"https:\/\/i0.wp.com\/catapa.be\/wp-content\/uploads\/2023\/03\/img6-e1679484475962.jpg?fit=900%2C1200&ssl=1&resize=350%2C200 1x, https:\/\/i0.wp.com\/catapa.be\/wp-content\/uploads\/2023\/03\/img6-e1679484475962.jpg?fit=900%2C1200&ssl=1&resize=525%2C300 1.5x, https:\/\/i0.wp.com\/catapa.be\/wp-content\/uploads\/2023\/03\/img6-e1679484475962.jpg?fit=900%2C1200&ssl=1&resize=700%2C400 2x"},"classes":[]},{"id":7541,"url":"https:\/\/catapa.be\/es\/mirtha-vasquez-visita-catapa\/","url_meta":{"origin":28615,"position":4},"title":"Mirtha V\u00e1squez visita CATAPA","author":"Alienor de Sas","date":"24\/08\/2018","format":false,"excerpt":"[vc_row][vc_column][vc_custom_heading text=\"Mirtha V\u00e1squez visita CATAPA para tratar los problemas que las defensoras enfrentan cada d\u00eda\" font_container=\"tag:h2|text_align:center\" google_fonts=\"font_family:Quicksand%3A300%2Cregular%2C700|font_style:400%20regular%3A400%3Anormal\"][vc_column_text]17 de enero 2018[\/vc_column_text][vc_column_text] Esta semana Mirtha V\u00e1squez visit\u00f3 CATAPA. Ella es la directora de GRUFIDES, abogada de la famosa activista medioambiental M\u00e1xima Acu\u00f1a y se encuentra ubicada en Per\u00fa. La propuesta de su\u2026","rel":"","context":"En \u00abNoticias\u00bb","block_context":{"text":"Noticias","link":"https:\/\/catapa.be\/es\/category\/noticias\/"},"img":{"alt_text":"","src":"https:\/\/i0.wp.com\/catapa.be\/wp-content\/uploads\/2018\/08\/DSC3154.jpg?fit=1200%2C774&ssl=1&resize=350%2C200","width":350,"height":200,"srcset":"https:\/\/i0.wp.com\/catapa.be\/wp-content\/uploads\/2018\/08\/DSC3154.jpg?fit=1200%2C774&ssl=1&resize=350%2C200 1x, https:\/\/i0.wp.com\/catapa.be\/wp-content\/uploads\/2018\/08\/DSC3154.jpg?fit=1200%2C774&ssl=1&resize=525%2C300 1.5x, https:\/\/i0.wp.com\/catapa.be\/wp-content\/uploads\/2018\/08\/DSC3154.jpg?fit=1200%2C774&ssl=1&resize=700%2C400 2x, https:\/\/i0.wp.com\/catapa.be\/wp-content\/uploads\/2018\/08\/DSC3154.jpg?fit=1200%2C774&ssl=1&resize=1050%2C600 3x"},"classes":[]},{"id":28585,"url":"https:\/\/catapa.be\/es\/defensores-del-medio-ambiente-se-reunen-con-eurodiputados\/","url_meta":{"origin":28615,"position":5},"title":"DEFENSORES DEL MEDIO AMBIENTE SE RE\u00daNEN CON EURODIPUTADOS","author":"Siel Vandamme","date":"22\/03\/2022","format":false,"excerpt":"[vc_row][vc_column][vc_column_text] DEFENSORES DEL MEDIO AMBIENTE Y REPRESENTANTES IND\u00cdGENAS DE LAS COMUNIDADES AFECTADAS POR LA MINER\u00cdA SE RE\u00daNEN CON EURODIPUTADOS EN RELACI\u00d3N A LA LEGISLACI\u00d3N DE LA UE SOBRE DILIGENCIA DEBIDA\u00a0 Nuestros defensores del medio ambiente peruanos, junto con representantes ind\u00edgenas de Rusia y Guatemala, se reunieron con eurodiputados el pasado\u2026","rel":"","context":"En \u00abSin categorizar\u00bb","block_context":{"text":"Sin categorizar","link":"https:\/\/catapa.be\/es\/category\/sin-categorizar\/"},"img":{"alt_text":"Resumen del encuentro con eurodiputados Speakers Tour 2022","src":"https:\/\/i0.wp.com\/catapa.be\/wp-content\/uploads\/2022\/03\/Summary-MEP-day-speakers-tour-2022.jpg?fit=535%2C299&ssl=1&resize=350%2C200","width":350,"height":200,"srcset":"https:\/\/i0.wp.com\/catapa.be\/wp-content\/uploads\/2022\/03\/Summary-MEP-day-speakers-tour-2022.jpg?fit=535%2C299&ssl=1&resize=350%2C200 1x, https:\/\/i0.wp.com\/catapa.be\/wp-content\/uploads\/2022\/03\/Summary-MEP-day-speakers-tour-2022.jpg?fit=535%2C299&ssl=1&resize=525%2C300 1.5x"},"classes":[]}],"_links":{"self":[{"href":"https:\/\/catapa.be\/es\/wp-json\/wp\/v2\/posts\/28615","targetHints":{"allow":["GET"]}}],"collection":[{"href":"https:\/\/catapa.be\/es\/wp-json\/wp\/v2\/posts"}],"about":[{"href":"https:\/\/catapa.be\/es\/wp-json\/wp\/v2\/types\/post"}],"author":[{"embeddable":true,"href":"https:\/\/catapa.be\/es\/wp-json\/wp\/v2\/users\/57"}],"replies":[{"embeddable":true,"href":"https:\/\/catapa.be\/es\/wp-json\/wp\/v2\/comments?post=28615"}],"version-history":[{"count":9,"href":"https:\/\/catapa.be\/es\/wp-json\/wp\/v2\/posts\/28615\/revisions"}],"predecessor-version":[{"id":28882,"href":"https:\/\/catapa.be\/es\/wp-json\/wp\/v2\/posts\/28615\/revisions\/28882"}],"wp:featuredmedia":[{"embeddable":true,"href":"https:\/\/catapa.be\/es\/wp-json\/wp\/v2\/media\/28638"}],"wp:attachment":[{"href":"https:\/\/catapa.be\/es\/wp-json\/wp\/v2\/media?parent=28615"}],"wp:term":[{"taxonomy":"category","embeddable":true,"href":"https:\/\/catapa.be\/es\/wp-json\/wp\/v2\/categories?post=28615"},{"taxonomy":"post_tag","embeddable":true,"href":"https:\/\/catapa.be\/es\/wp-json\/wp\/v2\/tags?post=28615"}],"curies":[{"name":"wp","href":"https:\/\/api.w.org\/{rel}","templated":true}]}}