{"id":34581,"date":"2023-12-21T15:21:45","date_gmt":"2023-12-21T14:21:45","guid":{"rendered":"https:\/\/catapa.be\/actualizacion-las-amenazas-contra-la-familia-de-don-wilder-continuan\/"},"modified":"2023-12-21T19:08:10","modified_gmt":"2023-12-21T18:08:10","slug":"actualizacion-las-amenazas-contra-la-familia-de-don-wilder-continuan","status":"publish","type":"post","link":"https:\/\/catapa.be\/es\/actualizacion-las-amenazas-contra-la-familia-de-don-wilder-continuan\/","title":{"rendered":"Actualizaci\u00f3n: Las amenazas contra la familia de Don Wilder contin\u00faan\u2026"},"content":{"rendered":"<div class=\"wpb-content-wrapper\"><p>[vc_row][vc_column][vc_column_text]<span style=\"font-weight: 400;\">Anteriormente, compartimos la triste <a href=\"https:\/\/catapa.be\/es\/asesinan-a-un-defensor-del-medio-ambiente-en-colombia-exigimos-justicia\/\">noticia de que Johan Ferney Aguilar Gonz\u00e1lez fue asesinado el 3 de septiembr<\/a>e. Un d\u00eda despu\u00e9s su padre, don Wilder Antonio Aguilar Rodr\u00edguez, interpuso una demanda contra la multinacional canadiense Mirandagold por amenazas dirigidas contra \u00e9l y su familia. Wilder es el l\u00edder social de la Vereda Santa Filomena, una comunidad del pueblo de Falan, en Colombia, que se opone a la miner\u00eda en su h\u00e1bitat y que actualmente intenta detener los trabajos de exploraci\u00f3n de la multinacional en su territorio mediante procedimientos legales.\u00a0<\/span><\/p>\n<p><span style=\"font-weight: 400;\">Hasta ahora no se han presentado cargos contra nadie por el asesinato. La investigaci\u00f3n sigue su curso, pero los habitantes de Santa Filomena tienen claro qui\u00e9n est\u00e1 detr\u00e1s. En una entrevista con Luis Carlos Barrero, voluntario de nuestro socio <a href=\"https:\/\/www.facebook.com\/oficialcomiteambiental\/\">Comit\u00e9 Ambiental en Defensa de la Vida de Tolima<\/a>, Wilder habla del impacto del asesinato en su familia y su comunidad, que por supuesto, es enorme. Su familia est\u00e1 destrozada por el dolor y hay mucho miedo en la comunidad y mucho m\u00e1s all\u00e1. Pero a pesar de todo, Wilder sigue luchando por un futuro mejor para su comunidad. Vea la entrevista aqu\u00ed:<\/span>[\/vc_column_text][vc_video link=&#8221;https:\/\/www.youtube.com\/watch?v=tmdLH-TPgKU&#8221; el_width=&#8221;60&#8243; align=&#8221;center&#8221; title=&#8221;Entrevista Wilder&#8221;][vc_column_text]Por si todo esto fuera poco, Wilder volvi\u00f3 a enfrentarse a graves amenazas. Su familia sigue sin estar tranquila. Est\u00e1 claro que el gobierno colombiano no est\u00e1 haciendo lo suficiente para proteger a los defensores del medio ambiente y de los derechos humanos. Junto con nuestros socios, exigimos a las autoridades nacionales y al presidente Petro que tomen medidas urgentes para proteger la vida de Wilder y su familia.<\/p>\n<p><span style=\"font-weight: 400;\">En Falan, como en otras partes del pa\u00eds, defender el propio territorio se ha convertido en una actividad de alto riesgo. La gente apenas puede salir de sus casas y se siente constantemente insegura. <a href=\"https:\/\/catapa.be\/es\/labor\/campanas\/right-to-say-no\/\">Sin embargo, el derecho a la vida y a defender el propio territorio frente a amenazas externas son derechos humanos<\/a>. El estado colombiano tiene el deber de proteger estas libertades de todxs lxs colombianxs. Lee aqu\u00ed la denuncia de nuestros socios y su exigencia de justicia tras las nuevas amenazas:\u00a0<\/span><a href=\"https:\/\/catapa.be\/wp-content\/uploads\/2023\/12\/2023-FALAN-DENUNCIA-27-NOVIEMBRE-WILDER-.pdf\">Comunicado a la opini\u00f3n p\u00fablica<\/a>.[\/vc_column_text][vc_cta h2=&#8221;\u00bfTe gustar\u00eda contribuir?&#8221; add_button=&#8221;bottom&#8221; btn_title=&#8221;Apoyo el Derecho a Decir No&#8221; btn_color=&#8221;success&#8221; btn_align=&#8221;center&#8221; btn_link=&#8221;url:https%3A%2F%2Fcatapa.be%2Fes%2Flabor%2Fcampanas%2Fright-to-say-no%2F&#8221;]Juntos, fortalecemos a las comunidades en sus luchas locales y construimos alianzas que garanticen una lucha unida para proteger su derecho a decir no a la miner\u00eda en la regi\u00f3n andina.[\/vc_cta][\/vc_column][\/vc_row]<\/p>\n<\/div>","protected":false},"excerpt":{"rendered":"<p>[vc_row][vc_column][vc_column_text]Anteriormente, compartimos la triste noticia de que Johan Ferney Aguilar Gonz\u00e1lez fue asesinado el 3 de septiembre. Un d\u00eda despu\u00e9s su padre, don Wilder Antonio Aguilar Rodr\u00edguez, interpuso una demanda contra la multinacional canadiense Mirandagold<br \/><a class=\"read-more\" href=\"https:\/\/catapa.be\/es\/actualizacion-las-amenazas-contra-la-familia-de-don-wilder-continuan\/\">Read More<\/a><\/p>\n","protected":false},"author":68,"featured_media":34577,"comment_status":"open","ping_status":"open","sticky":false,"template":"","format":"standard","meta":{"_exactmetrics_skip_tracking":false,"_exactmetrics_sitenote_active":false,"_exactmetrics_sitenote_note":"","_exactmetrics_sitenote_category":0,"jetpack_post_was_ever_published":false,"_jetpack_newsletter_access":"","_jetpack_dont_email_post_to_subs":false,"_jetpack_newsletter_tier_id":0,"_jetpack_memberships_contains_paywalled_content":false,"_jetpack_memberships_contains_paid_content":false,"footnotes":"","jetpack_publicize_message":"","jetpack_publicize_feature_enabled":true,"jetpack_social_post_already_shared":true,"jetpack_social_options":{"image_generator_settings":{"template":"highway","default_image_id":0,"font":"","enabled":false},"version":2}},"categories":[482,1199],"tags":[709,815],"class_list":["post-34581","post","type-post","status-publish","format-standard","has-post-thumbnail","hentry","category-colombia-es","category-right-to-say-no-es","tag-colombia-es","tag-right-to-say-no-es"],"yoast_head":"<!-- This site is optimized with the Yoast SEO plugin v26.8 - https:\/\/yoast.com\/product\/yoast-seo-wordpress\/ -->\n<title>Actualizaci\u00f3n: Las amenazas contra la familia de Don Wilder contin\u00faan\u2026 - CATAPA vzw<\/title>\n<meta name=\"description\" content=\"Anteriormente, compartimos la triste noticia de que Johan Ferney Aguilar Gonz\u00e1lez fue asesinado el 3 de septiembre. Un d\u00eda despu\u00e9s su padre, don Wilder Antonio Aguilar Rodr\u00edguez, interpuso una deman...\" \/>\n<meta name=\"robots\" content=\"index, follow, max-snippet:-1, max-image-preview:large, max-video-preview:-1\" \/>\n<link rel=\"canonical\" href=\"https:\/\/catapa.be\/es\/actualizacion-las-amenazas-contra-la-familia-de-don-wilder-continuan\/\" \/>\n<meta property=\"og:locale\" content=\"es_ES\" \/>\n<meta property=\"og:type\" content=\"article\" \/>\n<meta property=\"og:title\" content=\"Actualizaci\u00f3n: Las amenazas contra la familia de Don Wilder contin\u00faan\u2026 - CATAPA vzw\" \/>\n<meta property=\"og:description\" content=\"Anteriormente, compartimos la triste noticia de que Johan Ferney Aguilar Gonz\u00e1lez fue asesinado el 3 de septiembre. Un d\u00eda despu\u00e9s su padre, don Wilder Antonio Aguilar Rodr\u00edguez, interpuso una deman...\" \/>\n<meta property=\"og:url\" content=\"https:\/\/catapa.be\/es\/actualizacion-las-amenazas-contra-la-familia-de-don-wilder-continuan\/\" \/>\n<meta property=\"og:site_name\" content=\"CATAPA vzw\" \/>\n<meta property=\"article:publisher\" content=\"https:\/\/www.facebook.com\/catapa.belgium\/\" \/>\n<meta property=\"article:published_time\" content=\"2023-12-21T14:21:45+00:00\" \/>\n<meta property=\"article:modified_time\" content=\"2023-12-21T18:08:10+00:00\" \/>\n<meta property=\"og:image\" content=\"https:\/\/catapa.be\/wp-content\/uploads\/2023\/12\/interview-Wilmer.png\" \/>\n\t<meta property=\"og:image:width\" content=\"1779\" \/>\n\t<meta property=\"og:image:height\" content=\"909\" \/>\n\t<meta property=\"og:image:type\" content=\"image\/png\" \/>\n<meta name=\"author\" content=\"Simon Berlo\" \/>\n<meta name=\"twitter:card\" content=\"summary_large_image\" \/>\n<meta name=\"twitter:creator\" content=\"@CATAPA_Belgica\" \/>\n<meta name=\"twitter:site\" content=\"@CATAPA_Belgica\" \/>\n<meta name=\"twitter:label1\" content=\"Escrito por\" \/>\n\t<meta name=\"twitter:data1\" content=\"Simon Berlo\" \/>\n\t<meta name=\"twitter:label2\" content=\"Tiempo de lectura\" \/>\n\t<meta name=\"twitter:data2\" content=\"2 minutes\" \/>\n<script type=\"application\/ld+json\" class=\"yoast-schema-graph\">{\"@context\":\"https:\/\/schema.org\",\"@graph\":[{\"@type\":\"Article\",\"@id\":\"https:\/\/catapa.be\/es\/actualizacion-las-amenazas-contra-la-familia-de-don-wilder-continuan\/#article\",\"isPartOf\":{\"@id\":\"https:\/\/catapa.be\/es\/actualizacion-las-amenazas-contra-la-familia-de-don-wilder-continuan\/\"},\"author\":{\"name\":\"Simon Berlo\",\"@id\":\"https:\/\/catapa.be\/es\/#\/schema\/person\/a943f7eaa0086e2552cb6279fec064be\"},\"headline\":\"Actualizaci\u00f3n: Las amenazas contra la familia de Don Wilder contin\u00faan\u2026\",\"datePublished\":\"2023-12-21T14:21:45+00:00\",\"dateModified\":\"2023-12-21T18:08:10+00:00\",\"mainEntityOfPage\":{\"@id\":\"https:\/\/catapa.be\/es\/actualizacion-las-amenazas-contra-la-familia-de-don-wilder-continuan\/\"},\"wordCount\":483,\"commentCount\":0,\"publisher\":{\"@id\":\"https:\/\/catapa.be\/es\/#organization\"},\"image\":{\"@id\":\"https:\/\/catapa.be\/es\/actualizacion-las-amenazas-contra-la-familia-de-don-wilder-continuan\/#primaryimage\"},\"thumbnailUrl\":\"https:\/\/i0.wp.com\/catapa.be\/wp-content\/uploads\/2023\/12\/interview-Wilmer.png?fit=1779%2C909&ssl=1\",\"keywords\":[\"Colombia\",\"right to say no\"],\"articleSection\":[\"Colombia\",\"Right To Say No\"],\"inLanguage\":\"es-ES\",\"potentialAction\":[{\"@type\":\"CommentAction\",\"name\":\"Comment\",\"target\":[\"https:\/\/catapa.be\/es\/actualizacion-las-amenazas-contra-la-familia-de-don-wilder-continuan\/#respond\"]}]},{\"@type\":\"WebPage\",\"@id\":\"https:\/\/catapa.be\/es\/actualizacion-las-amenazas-contra-la-familia-de-don-wilder-continuan\/\",\"url\":\"https:\/\/catapa.be\/es\/actualizacion-las-amenazas-contra-la-familia-de-don-wilder-continuan\/\",\"name\":\"Actualizaci\u00f3n: Las amenazas contra la familia de Don Wilder contin\u00faan\u2026 - CATAPA vzw\",\"isPartOf\":{\"@id\":\"https:\/\/catapa.be\/es\/#website\"},\"primaryImageOfPage\":{\"@id\":\"https:\/\/catapa.be\/es\/actualizacion-las-amenazas-contra-la-familia-de-don-wilder-continuan\/#primaryimage\"},\"image\":{\"@id\":\"https:\/\/catapa.be\/es\/actualizacion-las-amenazas-contra-la-familia-de-don-wilder-continuan\/#primaryimage\"},\"thumbnailUrl\":\"https:\/\/i0.wp.com\/catapa.be\/wp-content\/uploads\/2023\/12\/interview-Wilmer.png?fit=1779%2C909&ssl=1\",\"datePublished\":\"2023-12-21T14:21:45+00:00\",\"dateModified\":\"2023-12-21T18:08:10+00:00\",\"description\":\"Anteriormente, compartimos la triste noticia de que Johan Ferney Aguilar Gonz\u00e1lez fue asesinado el 3 de septiembre. Un d\u00eda despu\u00e9s su padre, don Wilder Antonio Aguilar Rodr\u00edguez, interpuso una deman...\",\"breadcrumb\":{\"@id\":\"https:\/\/catapa.be\/es\/actualizacion-las-amenazas-contra-la-familia-de-don-wilder-continuan\/#breadcrumb\"},\"inLanguage\":\"es-ES\",\"potentialAction\":[{\"@type\":\"ReadAction\",\"target\":[\"https:\/\/catapa.be\/es\/actualizacion-las-amenazas-contra-la-familia-de-don-wilder-continuan\/\"]}]},{\"@type\":\"ImageObject\",\"inLanguage\":\"es-ES\",\"@id\":\"https:\/\/catapa.be\/es\/actualizacion-las-amenazas-contra-la-familia-de-don-wilder-continuan\/#primaryimage\",\"url\":\"https:\/\/i0.wp.com\/catapa.be\/wp-content\/uploads\/2023\/12\/interview-Wilmer.png?fit=1779%2C909&ssl=1\",\"contentUrl\":\"https:\/\/i0.wp.com\/catapa.be\/wp-content\/uploads\/2023\/12\/interview-Wilmer.png?fit=1779%2C909&ssl=1\",\"width\":1779,\"height\":909},{\"@type\":\"BreadcrumbList\",\"@id\":\"https:\/\/catapa.be\/es\/actualizacion-las-amenazas-contra-la-familia-de-don-wilder-continuan\/#breadcrumb\",\"itemListElement\":[{\"@type\":\"ListItem\",\"position\":1,\"name\":\"Home\",\"item\":\"https:\/\/catapa.be\/es\/\"},{\"@type\":\"ListItem\",\"position\":2,\"name\":\"Actualizaci\u00f3n: Las amenazas contra la familia de Don Wilder contin\u00faan\u2026\"}]},{\"@type\":\"WebSite\",\"@id\":\"https:\/\/catapa.be\/es\/#website\",\"url\":\"https:\/\/catapa.be\/es\/\",\"name\":\"CATAPA vzw\",\"description\":\"Comit\u00e9 Acad\u00e9mico T\u00e9cnico de Asesoramiento a Problemas Ambientales\",\"publisher\":{\"@id\":\"https:\/\/catapa.be\/es\/#organization\"},\"potentialAction\":[{\"@type\":\"SearchAction\",\"target\":{\"@type\":\"EntryPoint\",\"urlTemplate\":\"https:\/\/catapa.be\/es\/?s={search_term_string}\"},\"query-input\":{\"@type\":\"PropertyValueSpecification\",\"valueRequired\":true,\"valueName\":\"search_term_string\"}}],\"inLanguage\":\"es-ES\"},{\"@type\":\"Organization\",\"@id\":\"https:\/\/catapa.be\/es\/#organization\",\"name\":\"CATAPA vzw\",\"url\":\"https:\/\/catapa.be\/es\/\",\"logo\":{\"@type\":\"ImageObject\",\"inLanguage\":\"es-ES\",\"@id\":\"https:\/\/catapa.be\/es\/#\/schema\/logo\/image\/\",\"url\":\"https:\/\/i0.wp.com\/catapa.be\/wp-content\/uploads\/2019\/02\/NEW20LOGO20SHORT20PNG1.png?fit=1259%2C1321&ssl=1\",\"contentUrl\":\"https:\/\/i0.wp.com\/catapa.be\/wp-content\/uploads\/2019\/02\/NEW20LOGO20SHORT20PNG1.png?fit=1259%2C1321&ssl=1\",\"width\":1259,\"height\":1321,\"caption\":\"CATAPA vzw\"},\"image\":{\"@id\":\"https:\/\/catapa.be\/es\/#\/schema\/logo\/image\/\"},\"sameAs\":[\"https:\/\/www.facebook.com\/catapa.belgium\/\",\"https:\/\/x.com\/CATAPA_Belgica\",\"https:\/\/www.instagram.com\/catapa_vzw\/\",\"https:\/\/be.linkedin.com\/company\/catapavzw\",\"https:\/\/www.youtube.com\/channel\/UCE52-Fiyv-Fpqf2gi1qhf1g\"]},{\"@type\":\"Person\",\"@id\":\"https:\/\/catapa.be\/es\/#\/schema\/person\/a943f7eaa0086e2552cb6279fec064be\",\"name\":\"Simon Berlo\",\"url\":\"https:\/\/catapa.be\/es\/author\/simon\/\"}]}<\/script>\n<!-- \/ Yoast SEO plugin. -->","yoast_head_json":{"title":"Actualizaci\u00f3n: Las amenazas contra la familia de Don Wilder contin\u00faan\u2026 - CATAPA vzw","description":"Anteriormente, compartimos la triste noticia de que Johan Ferney Aguilar Gonz\u00e1lez fue asesinado el 3 de septiembre. Un d\u00eda despu\u00e9s su padre, don Wilder Antonio Aguilar Rodr\u00edguez, interpuso una deman...","robots":{"index":"index","follow":"follow","max-snippet":"max-snippet:-1","max-image-preview":"max-image-preview:large","max-video-preview":"max-video-preview:-1"},"canonical":"https:\/\/catapa.be\/es\/actualizacion-las-amenazas-contra-la-familia-de-don-wilder-continuan\/","og_locale":"es_ES","og_type":"article","og_title":"Actualizaci\u00f3n: Las amenazas contra la familia de Don Wilder contin\u00faan\u2026 - CATAPA vzw","og_description":"Anteriormente, compartimos la triste noticia de que Johan Ferney Aguilar Gonz\u00e1lez fue asesinado el 3 de septiembre. Un d\u00eda despu\u00e9s su padre, don Wilder Antonio Aguilar Rodr\u00edguez, interpuso una deman...","og_url":"https:\/\/catapa.be\/es\/actualizacion-las-amenazas-contra-la-familia-de-don-wilder-continuan\/","og_site_name":"CATAPA vzw","article_publisher":"https:\/\/www.facebook.com\/catapa.belgium\/","article_published_time":"2023-12-21T14:21:45+00:00","article_modified_time":"2023-12-21T18:08:10+00:00","og_image":[{"width":1779,"height":909,"url":"https:\/\/catapa.be\/wp-content\/uploads\/2023\/12\/interview-Wilmer.png","type":"image\/png"}],"author":"Simon Berlo","twitter_card":"summary_large_image","twitter_creator":"@CATAPA_Belgica","twitter_site":"@CATAPA_Belgica","twitter_misc":{"Escrito por":"Simon Berlo","Tiempo de lectura":"2 minutes"},"schema":{"@context":"https:\/\/schema.org","@graph":[{"@type":"Article","@id":"https:\/\/catapa.be\/es\/actualizacion-las-amenazas-contra-la-familia-de-don-wilder-continuan\/#article","isPartOf":{"@id":"https:\/\/catapa.be\/es\/actualizacion-las-amenazas-contra-la-familia-de-don-wilder-continuan\/"},"author":{"name":"Simon Berlo","@id":"https:\/\/catapa.be\/es\/#\/schema\/person\/a943f7eaa0086e2552cb6279fec064be"},"headline":"Actualizaci\u00f3n: Las amenazas contra la familia de Don Wilder contin\u00faan\u2026","datePublished":"2023-12-21T14:21:45+00:00","dateModified":"2023-12-21T18:08:10+00:00","mainEntityOfPage":{"@id":"https:\/\/catapa.be\/es\/actualizacion-las-amenazas-contra-la-familia-de-don-wilder-continuan\/"},"wordCount":483,"commentCount":0,"publisher":{"@id":"https:\/\/catapa.be\/es\/#organization"},"image":{"@id":"https:\/\/catapa.be\/es\/actualizacion-las-amenazas-contra-la-familia-de-don-wilder-continuan\/#primaryimage"},"thumbnailUrl":"https:\/\/i0.wp.com\/catapa.be\/wp-content\/uploads\/2023\/12\/interview-Wilmer.png?fit=1779%2C909&ssl=1","keywords":["Colombia","right to say no"],"articleSection":["Colombia","Right To Say No"],"inLanguage":"es-ES","potentialAction":[{"@type":"CommentAction","name":"Comment","target":["https:\/\/catapa.be\/es\/actualizacion-las-amenazas-contra-la-familia-de-don-wilder-continuan\/#respond"]}]},{"@type":"WebPage","@id":"https:\/\/catapa.be\/es\/actualizacion-las-amenazas-contra-la-familia-de-don-wilder-continuan\/","url":"https:\/\/catapa.be\/es\/actualizacion-las-amenazas-contra-la-familia-de-don-wilder-continuan\/","name":"Actualizaci\u00f3n: Las amenazas contra la familia de Don Wilder contin\u00faan\u2026 - CATAPA vzw","isPartOf":{"@id":"https:\/\/catapa.be\/es\/#website"},"primaryImageOfPage":{"@id":"https:\/\/catapa.be\/es\/actualizacion-las-amenazas-contra-la-familia-de-don-wilder-continuan\/#primaryimage"},"image":{"@id":"https:\/\/catapa.be\/es\/actualizacion-las-amenazas-contra-la-familia-de-don-wilder-continuan\/#primaryimage"},"thumbnailUrl":"https:\/\/i0.wp.com\/catapa.be\/wp-content\/uploads\/2023\/12\/interview-Wilmer.png?fit=1779%2C909&ssl=1","datePublished":"2023-12-21T14:21:45+00:00","dateModified":"2023-12-21T18:08:10+00:00","description":"Anteriormente, compartimos la triste noticia de que Johan Ferney Aguilar Gonz\u00e1lez fue asesinado el 3 de septiembre. Un d\u00eda despu\u00e9s su padre, don Wilder Antonio Aguilar Rodr\u00edguez, interpuso una deman...","breadcrumb":{"@id":"https:\/\/catapa.be\/es\/actualizacion-las-amenazas-contra-la-familia-de-don-wilder-continuan\/#breadcrumb"},"inLanguage":"es-ES","potentialAction":[{"@type":"ReadAction","target":["https:\/\/catapa.be\/es\/actualizacion-las-amenazas-contra-la-familia-de-don-wilder-continuan\/"]}]},{"@type":"ImageObject","inLanguage":"es-ES","@id":"https:\/\/catapa.be\/es\/actualizacion-las-amenazas-contra-la-familia-de-don-wilder-continuan\/#primaryimage","url":"https:\/\/i0.wp.com\/catapa.be\/wp-content\/uploads\/2023\/12\/interview-Wilmer.png?fit=1779%2C909&ssl=1","contentUrl":"https:\/\/i0.wp.com\/catapa.be\/wp-content\/uploads\/2023\/12\/interview-Wilmer.png?fit=1779%2C909&ssl=1","width":1779,"height":909},{"@type":"BreadcrumbList","@id":"https:\/\/catapa.be\/es\/actualizacion-las-amenazas-contra-la-familia-de-don-wilder-continuan\/#breadcrumb","itemListElement":[{"@type":"ListItem","position":1,"name":"Home","item":"https:\/\/catapa.be\/es\/"},{"@type":"ListItem","position":2,"name":"Actualizaci\u00f3n: Las amenazas contra la familia de Don Wilder contin\u00faan\u2026"}]},{"@type":"WebSite","@id":"https:\/\/catapa.be\/es\/#website","url":"https:\/\/catapa.be\/es\/","name":"CATAPA vzw","description":"Comit\u00e9 Acad\u00e9mico T\u00e9cnico de Asesoramiento a Problemas Ambientales","publisher":{"@id":"https:\/\/catapa.be\/es\/#organization"},"potentialAction":[{"@type":"SearchAction","target":{"@type":"EntryPoint","urlTemplate":"https:\/\/catapa.be\/es\/?s={search_term_string}"},"query-input":{"@type":"PropertyValueSpecification","valueRequired":true,"valueName":"search_term_string"}}],"inLanguage":"es-ES"},{"@type":"Organization","@id":"https:\/\/catapa.be\/es\/#organization","name":"CATAPA vzw","url":"https:\/\/catapa.be\/es\/","logo":{"@type":"ImageObject","inLanguage":"es-ES","@id":"https:\/\/catapa.be\/es\/#\/schema\/logo\/image\/","url":"https:\/\/i0.wp.com\/catapa.be\/wp-content\/uploads\/2019\/02\/NEW20LOGO20SHORT20PNG1.png?fit=1259%2C1321&ssl=1","contentUrl":"https:\/\/i0.wp.com\/catapa.be\/wp-content\/uploads\/2019\/02\/NEW20LOGO20SHORT20PNG1.png?fit=1259%2C1321&ssl=1","width":1259,"height":1321,"caption":"CATAPA vzw"},"image":{"@id":"https:\/\/catapa.be\/es\/#\/schema\/logo\/image\/"},"sameAs":["https:\/\/www.facebook.com\/catapa.belgium\/","https:\/\/x.com\/CATAPA_Belgica","https:\/\/www.instagram.com\/catapa_vzw\/","https:\/\/be.linkedin.com\/company\/catapavzw","https:\/\/www.youtube.com\/channel\/UCE52-Fiyv-Fpqf2gi1qhf1g"]},{"@type":"Person","@id":"https:\/\/catapa.be\/es\/#\/schema\/person\/a943f7eaa0086e2552cb6279fec064be","name":"Simon Berlo","url":"https:\/\/catapa.be\/es\/author\/simon\/"}]}},"jetpack_publicize_connections":[],"jetpack_featured_media_url":"https:\/\/i0.wp.com\/catapa.be\/wp-content\/uploads\/2023\/12\/interview-Wilmer.png?fit=1779%2C909&ssl=1","jetpack_sharing_enabled":true,"jetpack_likes_enabled":true,"jetpack-related-posts":[{"id":34150,"url":"https:\/\/catapa.be\/es\/asesinan-a-un-defensor-del-medio-ambiente-en-colombia-exigimos-justicia\/","url_meta":{"origin":34581,"position":0},"title":"Asesinan a un defensor del medio ambiente en Colombia: \u00a1exigimos justicia!","author":"Estefan\u00eda","date":"05\/09\/2023","format":false,"excerpt":"Lamentamos compartir la noticia del asesinato de Johan Ferney Aguilar Gonz\u00e1lez. Aguilar era un defensor del medio ambiente colombiano y tambi\u00e9n el hijo de Wilder Antonio Aguilar Rodr\u00edguez,quien es un l\u00edder social y defensor del medio ambiente en el barrio de Santa Filomena, municipio de Falan, Colombia. Johan Ferney fue\u2026","rel":"","context":"En \u00abColombia\u00bb","block_context":{"text":"Colombia","link":"https:\/\/catapa.be\/es\/category\/colombia-es\/"},"img":{"alt_text":"","src":"https:\/\/i0.wp.com\/catapa.be\/wp-content\/uploads\/2023\/08\/WhatsApp-Image-2023-08-03-at-13.44.22.jpeg?fit=1177%2C1200&ssl=1&resize=350%2C200","width":350,"height":200,"srcset":"https:\/\/i0.wp.com\/catapa.be\/wp-content\/uploads\/2023\/08\/WhatsApp-Image-2023-08-03-at-13.44.22.jpeg?fit=1177%2C1200&ssl=1&resize=350%2C200 1x, https:\/\/i0.wp.com\/catapa.be\/wp-content\/uploads\/2023\/08\/WhatsApp-Image-2023-08-03-at-13.44.22.jpeg?fit=1177%2C1200&ssl=1&resize=525%2C300 1.5x, https:\/\/i0.wp.com\/catapa.be\/wp-content\/uploads\/2023\/08\/WhatsApp-Image-2023-08-03-at-13.44.22.jpeg?fit=1177%2C1200&ssl=1&resize=700%2C400 2x, https:\/\/i0.wp.com\/catapa.be\/wp-content\/uploads\/2023\/08\/WhatsApp-Image-2023-08-03-at-13.44.22.jpeg?fit=1177%2C1200&ssl=1&resize=1050%2C600 3x"},"classes":[]},{"id":33710,"url":"https:\/\/catapa.be\/es\/la-multinacional-minera-anglogold-ashanti-desenmascarada-durante-el-carnaval-de-ibague-colombia\/","url_meta":{"origin":34581,"position":1},"title":"La multinacional minera AngloGold Ashanti, desenmascarada durante el carnaval de Ibagu\u00e9, Colombia","author":"Estefan\u00eda","date":"14\/06\/2023","format":false,"excerpt":"El pasado viernes y por 14\u00aa vez tuvo lugar la Marcha Carnaval en Ibagu\u00e9, Colombia. Es una fiesta, pero al mismo tiempo una manifestaci\u00f3n, por la defensa de la vida, el agua y otros recursos naturales. Nuestra organizaci\u00f3n socia Comit\u00e9 Ambiental en Defensa de la Vida, junto con otros colectivos\u2026","rel":"","context":"En \u00abSin categorizar\u00bb","block_context":{"text":"Sin categorizar","link":"https:\/\/catapa.be\/es\/category\/sin-categorizar\/"},"img":{"alt_text":"","src":"https:\/\/i0.wp.com\/catapa.be\/wp-content\/uploads\/2023\/06\/WhatsApp-Image-2023-06-07-at-03.54.38.jpeg?fit=900%2C1200&ssl=1&resize=350%2C200","width":350,"height":200,"srcset":"https:\/\/i0.wp.com\/catapa.be\/wp-content\/uploads\/2023\/06\/WhatsApp-Image-2023-06-07-at-03.54.38.jpeg?fit=900%2C1200&ssl=1&resize=350%2C200 1x, https:\/\/i0.wp.com\/catapa.be\/wp-content\/uploads\/2023\/06\/WhatsApp-Image-2023-06-07-at-03.54.38.jpeg?fit=900%2C1200&ssl=1&resize=525%2C300 1.5x, https:\/\/i0.wp.com\/catapa.be\/wp-content\/uploads\/2023\/06\/WhatsApp-Image-2023-06-07-at-03.54.38.jpeg?fit=900%2C1200&ssl=1&resize=700%2C400 2x"},"classes":[]},{"id":33991,"url":"https:\/\/catapa.be\/es\/como-convencer-a-un-pueblo-para-que-destruya-su-futuro-un-manual-de-8-pasos\/","url_meta":{"origin":34581,"position":2},"title":"C\u00f3mo convencer a un pueblo para que destruya su futuro: un manual de 8 pasos.","author":"Estefan\u00eda","date":"14\/08\/2023","format":false,"excerpt":"[vc_row][vc_column][vc_column_text] En todo el mundo, las multinacionales mineras utilizan estrategias similares para convencer a las comunidades de sus proyectos extractivos y destructivos. \u00bfQuieres conocer sus secretos?\u00a0 Para esto debemos adentrarnos en el conflicto minero que tiene lugar actualmente en el pueblo de Falan (Colombia), donde empresas multinacionales como Anglogold Ashanti\u2026","rel":"","context":"En \u00abRight To Say No\u00bb","block_context":{"text":"Right To Say No","link":"https:\/\/catapa.be\/es\/category\/right-to-say-no-es\/"},"img":{"alt_text":"Gold mining","src":"https:\/\/i0.wp.com\/catapa.be\/wp-content\/uploads\/2023\/08\/2527670737_b7d4f21e50_c.jpg?fit=799%2C533&ssl=1&resize=350%2C200","width":350,"height":200,"srcset":"https:\/\/i0.wp.com\/catapa.be\/wp-content\/uploads\/2023\/08\/2527670737_b7d4f21e50_c.jpg?fit=799%2C533&ssl=1&resize=350%2C200 1x, https:\/\/i0.wp.com\/catapa.be\/wp-content\/uploads\/2023\/08\/2527670737_b7d4f21e50_c.jpg?fit=799%2C533&ssl=1&resize=525%2C300 1.5x, https:\/\/i0.wp.com\/catapa.be\/wp-content\/uploads\/2023\/08\/2527670737_b7d4f21e50_c.jpg?fit=799%2C533&ssl=1&resize=700%2C400 2x"},"classes":[]},{"id":11417,"url":"https:\/\/catapa.be\/es\/mines-territory-mayo-2019\/","url_meta":{"origin":34581,"position":3},"title":"Mines &#038; Territory, Mayo 2019","author":"admin","date":"13\/06\/2019","format":false,"excerpt":"[vc_row][vc_column width=\"2\/3\"][vc_column_text] REVISTA MENSUAL SOBRE TEMAS EXTRACTIVISTAS EN COLOMBIA [\/vc_column_text][\/vc_column][vc_column width=\"1\/3\"][vc_column_text] EDICI\u00d3N 05 Mayo 2019 [\/vc_column_text][\/vc_column][vc_column][vc_column_text]Colecci\u00f3n resumen, traducci\u00f3n y edici\u00f3n por Sam Packet, Karlijn Van den Broeck y Laura Garc\u00eda[\/vc_column_text][vc_column_text]Descarga Mines & Territory, Mayo 2019 en espa\u00f1ol aqu\u00ed.[\/vc_column_text][vc_separator color=\"custom\" accent_color=\"#009c55\"][vc_empty_space][vc_custom_heading text=\"MINES & TERRITORY\" font_container=\"tag:h2|text_align:center\" google_fonts=\"font_family:Quicksand%3A300%2Cregular%2C700|font_style:400%20regular%3A400%3Anormal\"][vc_custom_heading text=\"Mayo 2019\" font_container=\"tag:h2|text_align:center\" google_fonts=\"font_family:Quicksand%3A300%2Cregular%2C700|font_style:300%20light%20regular%3A300%3Anormal\"][vc_column_text] Las\u2026","rel":"","context":"En \u00abColombia\u00bb","block_context":{"text":"Colombia","link":"https:\/\/catapa.be\/es\/category\/colombia-es\/"},"img":{"alt_text":"","src":"https:\/\/i0.wp.com\/catapa.be\/wp-content\/uploads\/2019\/02\/minesterritory-min.png?fit=600%2C600&ssl=1&resize=350%2C200","width":350,"height":200,"srcset":"https:\/\/i0.wp.com\/catapa.be\/wp-content\/uploads\/2019\/02\/minesterritory-min.png?fit=600%2C600&ssl=1&resize=350%2C200 1x, https:\/\/i0.wp.com\/catapa.be\/wp-content\/uploads\/2019\/02\/minesterritory-min.png?fit=600%2C600&ssl=1&resize=525%2C300 1.5x"},"classes":[]},{"id":11130,"url":"https:\/\/catapa.be\/es\/mines-territory-marzo-2019\/","url_meta":{"origin":34581,"position":4},"title":"Mines &#038; Territory, Marzo 2019","author":"Dayana Corzo","date":"29\/04\/2019","format":false,"excerpt":"[vc_row][vc_column width=\"2\/3\"][vc_column_text] REVISTA MENSUAL SOBRE TEMAS EXTRACTIVISTAS EN COLOMBIA [\/vc_column_text][\/vc_column][vc_column width=\"1\/3\"][vc_column_text] EDICI\u00d3N 03 Marzo 2019 [\/vc_column_text][\/vc_column][vc_column][vc_column_text]Colecci\u00f3n resumen, traducci\u00f3n y edici\u00f3n por\u00a0Mattijs Vanden Bussche, Sam Packet, Karlijn Van den Broeck y Dayana Corzo[\/vc_column_text][vc_column_text]Descarga Mines & Territory, Marzo 2019 en espa\u00f1ol aqu\u00ed.[\/vc_column_text][vc_separator color=\"custom\" accent_color=\"#009c55\"][vc_empty_space][vc_custom_heading text=\"MINES & TERRITORY\" font_container=\"tag:h2|text_align:center\" google_fonts=\"font_family:Quicksand%3A300%2Cregular%2C700|font_style:400%20regular%3A400%3Anormal\"][vc_custom_heading text=\"Marzo 2019\" font_container=\"tag:h2|text_align:center\"\u2026","rel":"","context":"En \u00abColombia\u00bb","block_context":{"text":"Colombia","link":"https:\/\/catapa.be\/es\/category\/colombia-es\/"},"img":{"alt_text":"","src":"https:\/\/i0.wp.com\/catapa.be\/wp-content\/uploads\/2019\/02\/minesterritory-min.png?fit=600%2C600&ssl=1&resize=350%2C200","width":350,"height":200,"srcset":"https:\/\/i0.wp.com\/catapa.be\/wp-content\/uploads\/2019\/02\/minesterritory-min.png?fit=600%2C600&ssl=1&resize=350%2C200 1x, https:\/\/i0.wp.com\/catapa.be\/wp-content\/uploads\/2019\/02\/minesterritory-min.png?fit=600%2C600&ssl=1&resize=525%2C300 1.5x"},"classes":[]},{"id":7520,"url":"https:\/\/catapa.be\/es\/gloria-chicaiza-proyecto-mirador\/","url_meta":{"origin":34581,"position":5},"title":"Gloria Chicaiza: Proyecto Mirador","author":"Alienor de Sas","date":"21\/08\/2018","format":false,"excerpt":"[vc_row][vc_column][vc_custom_heading text=\"Acci\u00f3n Ecol\u00f3gica se resiste al proyecto minero junto con los lugare\u00f1os\" font_container=\"tag:h2|text_align:center\" google_fonts=\"font_family:Quicksand%3A300%2Cregular%2C700|font_style:400%20regular%3A400%3Anormal\"][vc_column_text]28 de febrero 2018 Gloria Chicaiza Aguilar es la directora de Acci\u00f3n Ecol\u00f3gica, una ONG ecuatoriana que lucha por la justicia social y ecol\u00f3gica siguiendo los principios del &quot;Buen Vivir&quot; y el ecologismo. Desde hace m\u00e1s de\u2026","rel":"","context":"En \u00abEcuador\u00bb","block_context":{"text":"Ecuador","link":"https:\/\/catapa.be\/es\/category\/ecuador\/"},"img":{"alt_text":"","src":"https:\/\/i0.wp.com\/catapa.be\/wp-content\/uploads\/2018\/08\/DSC3633.jpg?fit=1200%2C800&ssl=1&resize=350%2C200","width":350,"height":200,"srcset":"https:\/\/i0.wp.com\/catapa.be\/wp-content\/uploads\/2018\/08\/DSC3633.jpg?fit=1200%2C800&ssl=1&resize=350%2C200 1x, https:\/\/i0.wp.com\/catapa.be\/wp-content\/uploads\/2018\/08\/DSC3633.jpg?fit=1200%2C800&ssl=1&resize=525%2C300 1.5x, https:\/\/i0.wp.com\/catapa.be\/wp-content\/uploads\/2018\/08\/DSC3633.jpg?fit=1200%2C800&ssl=1&resize=700%2C400 2x, https:\/\/i0.wp.com\/catapa.be\/wp-content\/uploads\/2018\/08\/DSC3633.jpg?fit=1200%2C800&ssl=1&resize=1050%2C600 3x"},"classes":[]}],"_links":{"self":[{"href":"https:\/\/catapa.be\/es\/wp-json\/wp\/v2\/posts\/34581","targetHints":{"allow":["GET"]}}],"collection":[{"href":"https:\/\/catapa.be\/es\/wp-json\/wp\/v2\/posts"}],"about":[{"href":"https:\/\/catapa.be\/es\/wp-json\/wp\/v2\/types\/post"}],"author":[{"embeddable":true,"href":"https:\/\/catapa.be\/es\/wp-json\/wp\/v2\/users\/68"}],"replies":[{"embeddable":true,"href":"https:\/\/catapa.be\/es\/wp-json\/wp\/v2\/comments?post=34581"}],"version-history":[{"count":6,"href":"https:\/\/catapa.be\/es\/wp-json\/wp\/v2\/posts\/34581\/revisions"}],"predecessor-version":[{"id":34599,"href":"https:\/\/catapa.be\/es\/wp-json\/wp\/v2\/posts\/34581\/revisions\/34599"}],"wp:featuredmedia":[{"embeddable":true,"href":"https:\/\/catapa.be\/es\/wp-json\/wp\/v2\/media\/34577"}],"wp:attachment":[{"href":"https:\/\/catapa.be\/es\/wp-json\/wp\/v2\/media?parent=34581"}],"wp:term":[{"taxonomy":"category","embeddable":true,"href":"https:\/\/catapa.be\/es\/wp-json\/wp\/v2\/categories?post=34581"},{"taxonomy":"post_tag","embeddable":true,"href":"https:\/\/catapa.be\/es\/wp-json\/wp\/v2\/tags?post=34581"}],"curies":[{"name":"wp","href":"https:\/\/api.w.org\/{rel}","templated":true}]}}