{"id":39819,"date":"2026-08-10T15:48:19","date_gmt":"2026-08-10T13:48:19","guid":{"rendered":"https:\/\/catapa.be\/quien-puede-poseer-un-pais\/"},"modified":"2026-08-10T15:48:19","modified_gmt":"2026-08-10T13:48:19","slug":"quien-puede-poseer-un-pais","status":"publish","type":"post","link":"https:\/\/catapa.be\/es\/quien-puede-poseer-un-pais\/","title":{"rendered":"\u00bfQui\u00e9n puede poseer un pa\u00eds?"},"content":{"rendered":"<p><em>El texto original se public\u00f3 aqu\u00ed: https:\/\/otherwisepossible.substack.com\/p\/who-gets-to-own-a-country?r=1k5qck<\/em><\/p>\n<p>Actualizaci\u00f3n: Afortunadamente, gracias a la resistencia, la ley ha sido aprobada sin los pasajes sobre la propiedad de la tierra y la legislaci\u00f3n sobre incendios. Sin embargo, se ha facilitado desalojar a las comunidades ind\u00edgenas de sus tierras.<\/p>\n<p><span style=\"font-weight: 400;\">Cuando Demian Reidel, asesor del presidente argentino Javier Milei, dijo en un foro de inversi\u00f3n que Argentina tiene vastas extensiones de tierra y agua ideales para centros de datos de IA, pero que el \u00fanico problema del pa\u00eds es <\/span><a href=\"https:\/\/www.infobae.com\/politica\/2025\/03\/22\/demian-reidel-resalto-las-ventajas-de-argentina-para-el-desarrollo-de-ia-pero-aclaro-el-problema-es-que-esta-poblada-por-argentinos\/\"><span style=\"font-weight: 400;\">\u201cque est\u00e1 poblado por argentinos\u201d<\/span><\/a><span style=\"font-weight: 400;\"> no fue un error o una broma de mal gusto. M\u00e1s bien, reflejaba la visi\u00f3n del mundo de la administraci\u00f3n de Milei. El 6 de agosto, el Senado argentino votar\u00e1 un proyecto de ley que eliminar\u00eda los l\u00edmites de larga duraci\u00f3n a la propiedad extranjera de tierras rurales.<\/span><\/p>\n<p><span style=\"font-weight: 400;\">Argentina es el octavo pa\u00eds m\u00e1s grande del mundo y es rica en petr\u00f3leo, gas y minerales estrat\u00e9gicos como el litio. Permitir a los extranjeros el acceso sin restricciones al suelo, minerales y cuerpos de agua bajo la ley de &#8216;<\/span><a href=\"https:\/\/www.argentina.gob.ar\/sites\/default\/files\/la_inviolabilidad_de_la_propiedad_privada.pdf\"><span style=\"font-weight: 400;\">inviolabilidad de la propiedad privada<\/span><\/a><span style=\"font-weight: 400;\">&#8216; \u2014como ha sido denominado por sus defensores\u2014 forma parte de la estrategia actual del gobierno para atraer inversores y impulsar la econom\u00eda cr\u00f3nicamente inestable de Argentina. Adem\u00e1s, el proyecto modificar\u00eda la legislaci\u00f3n actual sobre incendios, que proh\u00edbe cambios en el uso del suelo tras un incendio para desalentar la quema intencionada con fines inmobiliarios y especulaci\u00f3n empresarial. Las organizaciones de la sociedad civil, los grupos ind\u00edgenas, los acad\u00e9micos y los agricultores preocupados por las consecuencias de estas reformas para la soberan\u00eda nacional, el desarrollo y los derechos sobre la tierra se est\u00e1n movilizando ahora para impedir que el proyecto de ley sea aprobado en el Senado.\u00a0<\/span><\/p>\n<p><span style=\"font-weight: 400;\">Actualmente, la <\/span><a href=\"https:\/\/www.magyp.gob.ar\/sitio\/areas\/tierras\/ley\/\"><i><span style=\"font-weight: 400;\">Ley de Tierras<\/span><\/i><\/a><span style=\"font-weight: 400;\"> de Argentina restringe la propiedad extranjera de tierras al establecer un tope del 15% para la propiedad provincial y distrital. Tambi\u00e9n proh\u00edbe la propiedad de masas de agua permanentes como lagos y restringe que cualquier persona pueda comprar m\u00e1s de 1000 hect\u00e1reas en las zonas agr\u00edcolas m\u00e1s f\u00e9rtiles del pa\u00eds. La ley fue promulgada en 2011 en respuesta a las crecientes preocupaciones sobre el alcance de la propiedad extranjera de tierras rurales.<\/span><\/p>\n<p><span style=\"font-weight: 400;\">Seg\u00fan el <\/span><a href=\"https:\/\/www.observatoriodetierras.ar\/2025\/12\/la-extranjerizacion-de-tierras-en.html?m=1\"><span style=\"font-weight: 400;\">Observatorio de Tierras<\/span><\/a><span style=\"font-weight: 400;\">, alrededor del 5% de las tierras argentinas son propiedad de extranjeros, aproximadamente 13 millones de hect\u00e1reas, una superficie similar en tama\u00f1o a Inglaterra. En provincias como Salta y Misiones esta cifra sube hasta alrededor del 11%. La situaci\u00f3n se vuelve m\u00e1s dram\u00e1tica a nivel distrital, donde 36 distritos superan el l\u00edmite legal y, en algunos casos, m\u00e1s de la mitad de la tierra est\u00e1 en propiedad extranjera. Al observar los <\/span><a href=\"https:\/\/iesyh.conicet.gov.ar\/observatorio-de-tierras\/\"><span style=\"font-weight: 400;\">mapas<\/span><\/a><span style=\"font-weight: 400;\"> del Observatorio, queda claro que estas tierras est\u00e1n concentradas en \u00e1reas estrat\u00e9gicamente importantes: regiones ricas en minerales y agua dulce, zonas fronterizas a lo largo de los Andes y territorios con acceso a la principal v\u00eda fluvial interior de Argentina, el r\u00edo Paran\u00e1.\u00a0<\/span><\/p>\n<p><span style=\"font-weight: 400;\">La din\u00e1mica de la propiedad de la tierra es tan diversa como las regiones a lo largo de casi 5000 km de norte a sur del pa\u00eds. En la provincia de Misiones, la empresa forestal chilena <\/span><a href=\"https:\/\/www.eldestapeweb.com\/politica\/alerta-misiones-cara-extrema-extranjerizacion-tierra-20267310549\"><span style=\"font-weight: 400;\">Arauco posee alrededor de 240.000 hect\u00e1reas<\/span><\/a><span style=\"font-weight: 400;\">, de las cuales casi 140.000 est\u00e1n dedicadas a plantaciones de pino y eucaliptos para la producci\u00f3n de papel. Estos monocultivos ex\u00f3ticos contrastan fuertemente con la diversidad de cultivos de peque\u00f1os y medianos agricultores, incluyendo yerba mate, c\u00edtricos y t\u00e9. Tambi\u00e9n suponen riesgos para la biodiversidad y los medios de vida rurales. Seg\u00fan <\/span><a href=\"https:\/\/huelladelsur.ar\/2025\/12\/06\/educacion-y-extractivismo-experiencia-del-movimiento-pedagogico-de-liberacion-entrevista-a-ruben-ortiz\/\"><span style=\"font-weight: 400;\">organizaciones sociales locales<\/span><\/a><span style=\"font-weight: 400;\">, mientras que 1.000 hect\u00e1reas de plantaciones de pino generan solo cinco empleos, la misma superficie sembrada con yerba mate genera alrededor de 188. A medida que el empleo disminuye, las poblaciones rurales migran a las ciudades y las escuelas rurales cierran.\u00a0<\/span><\/p>\n<p><span style=\"font-weight: 400;\">La Patagonia representa otro caso emblem\u00e1tico. La familia italiana Benetton, fundadora de la marca de ropa <\/span><i><span style=\"font-weight: 400;\">&#8216;United Colors of Benetton&#8217;<\/span><\/i><span style=\"font-weight: 400;\">, posee actualmente 920.000 hect\u00e1reas utilizadas principalmente para la ganader\u00eda ovina y la producci\u00f3n de lana. Los <\/span><a href=\"https:\/\/econosur.org\/insights\/argentina\/benetton\/\"><span style=\"font-weight: 400;\">conflictos territoriales<\/span><\/a><span style=\"font-weight: 400;\"> entre Benetton y las comunidades ind\u00edgenas mapuches han persistido durante d\u00e9cadas. Estas disputas tienen su ra\u00edz en la violenta incorporaci\u00f3n de la Patagonia por parte de Argentina durante el siglo XIX, que implic\u00f3 el despojo y masacre de pueblos ind\u00edgenas. Se han vuelto a\u00fan m\u00e1s agudas tras la decisi\u00f3n del gobierno actual de derogar la legislaci\u00f3n de emergencia que suspendi\u00f3 los desalojos de comunidades ind\u00edgenas.\u00a0<\/span><\/p>\n<p><span style=\"font-weight: 400;\">Argentina es un pa\u00eds marcado por el extractivismo y la gente no es ajena a los mitos de \u201csalvador\u201d asociados a las inversiones extranjeras. La agroindustria, la miner\u00eda, el petr\u00f3leo y el gas son los pilares de la econom\u00eda del pa\u00eds, pero casi todos los d\u00f3lares obtenidos de estas actividades se destinan a pagar las <\/span><a href=\"https:\/\/www.cadtm.org\/Extractivismo-es-deuda-deuda-es-extractivismo-desde-la-recolonizacion-hacia-la\"><span style=\"font-weight: 400;\">enormes deudas externas<\/span><\/a><span style=\"font-weight: 400;\"> y no a mejorar la calidad de vida de la gente. Sin embargo, el gobierno sigue intensificando este modelo; desde la llegada de Milei, ha aprobado el R\u00e9gimen de Incentivo para Grandes Inversiones (<\/span><a href=\"https:\/\/argentina.ar\/promargentina\/inverti\/incentivos-la-inversion\"><span style=\"font-weight: 400;\">RIGI<\/span><\/a><span style=\"font-weight: 400;\">), que concede exenciones fiscales a los principales inversores durante hasta 30 a\u00f1os, eliminando las obligaciones relacionadas con el empleo local. Adem\u00e1s, ha eliminado legislaci\u00f3n medioambiental destinada a <\/span><a href=\"https:\/\/www.bbc.com\/mundo\/articles\/c5yvjk178zgo\"><span style=\"font-weight: 400;\">proteger los glaciares de la miner\u00eda<\/span><\/a><span style=\"font-weight: 400;\">. Esta combinaci\u00f3n medioambiental y desreguladora fiscal ha atra\u00eddo la \u00faltima generaci\u00f3n de la codicia corporativa. Se han anunciado grandes inversiones en <\/span><a href=\"https:\/\/pulitzercenter.org\/stories\/ai-mega-data-centers-patagonia-promises-millions-and-concerns-over-lack-regulation-spanish\"><span style=\"font-weight: 400;\">centros de datos en la Patagonia<\/span><\/a><span style=\"font-weight: 400;\">. El clima fr\u00edo de la regi\u00f3n y su abundante agua dulce la hacen especialmente atractiva para estas instalaciones altamente intensivas en energ\u00eda. Si estos proyectos avanzan, los conflictos existentes por la tierra y, en particular, por el agua, se intensificar\u00e1n.\u00a0<\/span><\/p>\n<p><span style=\"font-weight: 400;\">Las consecuencias de las luchas por la propiedad de la tierra son complejas y multifac\u00e9ticas. El acceso a la tierra no solo es importante para asegurar un medio de vida y una fuente de bienes para el desarrollo econ\u00f3mico, sino que tambi\u00e9n moldea la identidad cultural, los derechos territoriales y la relaci\u00f3n de las personas con la tierra que habitan. En todo el pa\u00eds, comunidades ind\u00edgenas, estudiantes, trabajadores, agricultores y ecologistas se est\u00e1n movilizando para protestar contra este proyecto de ley y exigir su rechazo en el Senado. Si \u2014siguiendo el comentario de Reidel\u2014 el mayor obst\u00e1culo para la explotaci\u00f3n sin restricciones es su pueblo, entonces esperemos que los argentinos puedan darle raz\u00f3n. <\/span><\/p>\n","protected":false},"excerpt":{"rendered":"<p>El texto original se public\u00f3 aqu\u00ed: https:\/\/otherwisepossible.substack.com\/p\/who-gets-to-own-a-country?r=1k5qck Actualizaci\u00f3n: Afortunadamente, gracias a la resistencia, la ley ha sido aprobada sin los pasajes sobre la propiedad de la tierra y la legislaci\u00f3n sobre incendios. Sin embargo, se<br \/><a class=\"read-more\" href=\"https:\/\/catapa.be\/es\/quien-puede-poseer-un-pais\/\">Read More<\/a><\/p>\n","protected":false},"author":72,"featured_media":39818,"comment_status":"open","ping_status":"open","sticky":false,"template":"","format":"standard","meta":{"_exactmetrics_skip_tracking":false,"_exactmetrics_sitenote_active":false,"_exactmetrics_sitenote_note":"","_exactmetrics_sitenote_category":0,"jetpack_post_was_ever_published":false,"_jetpack_newsletter_access":"","_jetpack_dont_email_post_to_subs":false,"_jetpack_newsletter_tier_id":0,"_jetpack_memberships_contains_paywalled_content":false,"_jetpack_memberships_contains_paid_content":false,"footnotes":"","jetpack_publicize_message":"","jetpack_publicize_feature_enabled":true,"jetpack_social_post_already_shared":true,"jetpack_social_options":{"image_generator_settings":{"template":"highway","default_image_id":0,"font":"","enabled":false},"version":2}},"categories":[186],"tags":[],"class_list":["post-39819","post","type-post","status-publish","format-standard","has-post-thumbnail","hentry","category-sin-categorizar"],"yoast_head":"<!-- This site is optimized with the Yoast SEO plugin v26.8 - https:\/\/yoast.com\/product\/yoast-seo-wordpress\/ -->\n<title>\u00bfQui\u00e9n puede poseer un pa\u00eds? - CATAPA vzw<\/title>\n<meta name=\"robots\" content=\"index, follow, max-snippet:-1, max-image-preview:large, max-video-preview:-1\" \/>\n<link rel=\"canonical\" href=\"https:\/\/catapa.be\/es\/quien-puede-poseer-un-pais\/\" \/>\n<meta property=\"og:locale\" content=\"es_ES\" \/>\n<meta property=\"og:type\" content=\"article\" \/>\n<meta property=\"og:title\" content=\"\u00bfQui\u00e9n puede poseer un pa\u00eds? - CATAPA vzw\" \/>\n<meta property=\"og:description\" content=\"El texto original se public\u00f3 aqu\u00ed: https:\/\/otherwisepossible.substack.com\/p\/who-gets-to-own-a-country?r=1k5qck Actualizaci\u00f3n: Afortunadamente, gracias a la resistencia, la ley ha sido aprobada sin los pasajes sobre la propiedad de la tierra y la legislaci\u00f3n sobre incendios. Sin embargo, seRead More\" \/>\n<meta property=\"og:url\" content=\"https:\/\/catapa.be\/es\/quien-puede-poseer-un-pais\/\" \/>\n<meta property=\"og:site_name\" content=\"CATAPA vzw\" \/>\n<meta property=\"article:publisher\" content=\"https:\/\/www.facebook.com\/catapa.belgium\/\" \/>\n<meta property=\"article:published_time\" content=\"2026-08-10T13:48:19+00:00\" \/>\n<meta property=\"og:image\" content=\"https:\/\/catapa.be\/wp-content\/uploads\/2026\/08\/WhatsApp-Image-2026-08-04-at-17.44.34.jpeg\" \/>\n\t<meta property=\"og:image:width\" content=\"1600\" \/>\n\t<meta property=\"og:image:height\" content=\"1066\" \/>\n\t<meta property=\"og:image:type\" content=\"image\/jpeg\" \/>\n<meta name=\"author\" content=\"Koerian\" \/>\n<meta name=\"twitter:card\" content=\"summary_large_image\" \/>\n<meta name=\"twitter:creator\" content=\"@CATAPA_Belgica\" \/>\n<meta name=\"twitter:site\" content=\"@CATAPA_Belgica\" \/>\n<meta name=\"twitter:label1\" content=\"Escrito por\" \/>\n\t<meta name=\"twitter:data1\" content=\"Koerian\" \/>\n\t<meta name=\"twitter:label2\" content=\"Tiempo de lectura\" \/>\n\t<meta name=\"twitter:data2\" content=\"6 minutes\" \/>\n<script type=\"application\/ld+json\" class=\"yoast-schema-graph\">{\"@context\":\"https:\/\/schema.org\",\"@graph\":[{\"@type\":\"Article\",\"@id\":\"https:\/\/catapa.be\/es\/quien-puede-poseer-un-pais\/#article\",\"isPartOf\":{\"@id\":\"https:\/\/catapa.be\/es\/quien-puede-poseer-un-pais\/\"},\"author\":{\"name\":\"Koerian\",\"@id\":\"https:\/\/catapa.be\/es\/#\/schema\/person\/d875213343335dfce851c86002f55d18\"},\"headline\":\"\u00bfQui\u00e9n puede poseer un pa\u00eds?\",\"datePublished\":\"2026-08-10T13:48:19+00:00\",\"mainEntityOfPage\":{\"@id\":\"https:\/\/catapa.be\/es\/quien-puede-poseer-un-pais\/\"},\"wordCount\":1131,\"commentCount\":0,\"publisher\":{\"@id\":\"https:\/\/catapa.be\/es\/#organization\"},\"image\":{\"@id\":\"https:\/\/catapa.be\/es\/quien-puede-poseer-un-pais\/#primaryimage\"},\"thumbnailUrl\":\"https:\/\/i0.wp.com\/catapa.be\/wp-content\/uploads\/2026\/08\/WhatsApp-Image-2026-08-04-at-17.44.34.jpeg?fit=1600%2C1066&ssl=1\",\"articleSection\":[\"Sin categorizar\"],\"inLanguage\":\"es-ES\",\"potentialAction\":[{\"@type\":\"CommentAction\",\"name\":\"Comment\",\"target\":[\"https:\/\/catapa.be\/es\/quien-puede-poseer-un-pais\/#respond\"]}]},{\"@type\":\"WebPage\",\"@id\":\"https:\/\/catapa.be\/es\/quien-puede-poseer-un-pais\/\",\"url\":\"https:\/\/catapa.be\/es\/quien-puede-poseer-un-pais\/\",\"name\":\"\u00bfQui\u00e9n puede poseer un pa\u00eds? - CATAPA vzw\",\"isPartOf\":{\"@id\":\"https:\/\/catapa.be\/es\/#website\"},\"primaryImageOfPage\":{\"@id\":\"https:\/\/catapa.be\/es\/quien-puede-poseer-un-pais\/#primaryimage\"},\"image\":{\"@id\":\"https:\/\/catapa.be\/es\/quien-puede-poseer-un-pais\/#primaryimage\"},\"thumbnailUrl\":\"https:\/\/i0.wp.com\/catapa.be\/wp-content\/uploads\/2026\/08\/WhatsApp-Image-2026-08-04-at-17.44.34.jpeg?fit=1600%2C1066&ssl=1\",\"datePublished\":\"2026-08-10T13:48:19+00:00\",\"breadcrumb\":{\"@id\":\"https:\/\/catapa.be\/es\/quien-puede-poseer-un-pais\/#breadcrumb\"},\"inLanguage\":\"es-ES\",\"potentialAction\":[{\"@type\":\"ReadAction\",\"target\":[\"https:\/\/catapa.be\/es\/quien-puede-poseer-un-pais\/\"]}]},{\"@type\":\"ImageObject\",\"inLanguage\":\"es-ES\",\"@id\":\"https:\/\/catapa.be\/es\/quien-puede-poseer-un-pais\/#primaryimage\",\"url\":\"https:\/\/i0.wp.com\/catapa.be\/wp-content\/uploads\/2026\/08\/WhatsApp-Image-2026-08-04-at-17.44.34.jpeg?fit=1600%2C1066&ssl=1\",\"contentUrl\":\"https:\/\/i0.wp.com\/catapa.be\/wp-content\/uploads\/2026\/08\/WhatsApp-Image-2026-08-04-at-17.44.34.jpeg?fit=1600%2C1066&ssl=1\",\"width\":1600,\"height\":1066},{\"@type\":\"BreadcrumbList\",\"@id\":\"https:\/\/catapa.be\/es\/quien-puede-poseer-un-pais\/#breadcrumb\",\"itemListElement\":[{\"@type\":\"ListItem\",\"position\":1,\"name\":\"Home\",\"item\":\"https:\/\/catapa.be\/es\/\"},{\"@type\":\"ListItem\",\"position\":2,\"name\":\"\u00bfQui\u00e9n puede poseer un pa\u00eds?\"}]},{\"@type\":\"WebSite\",\"@id\":\"https:\/\/catapa.be\/es\/#website\",\"url\":\"https:\/\/catapa.be\/es\/\",\"name\":\"CATAPA vzw\",\"description\":\"Comit\u00e9 Acad\u00e9mico T\u00e9cnico de Asesoramiento a Problemas Ambientales\",\"publisher\":{\"@id\":\"https:\/\/catapa.be\/es\/#organization\"},\"potentialAction\":[{\"@type\":\"SearchAction\",\"target\":{\"@type\":\"EntryPoint\",\"urlTemplate\":\"https:\/\/catapa.be\/es\/?s={search_term_string}\"},\"query-input\":{\"@type\":\"PropertyValueSpecification\",\"valueRequired\":true,\"valueName\":\"search_term_string\"}}],\"inLanguage\":\"es-ES\"},{\"@type\":\"Organization\",\"@id\":\"https:\/\/catapa.be\/es\/#organization\",\"name\":\"CATAPA vzw\",\"url\":\"https:\/\/catapa.be\/es\/\",\"logo\":{\"@type\":\"ImageObject\",\"inLanguage\":\"es-ES\",\"@id\":\"https:\/\/catapa.be\/es\/#\/schema\/logo\/image\/\",\"url\":\"https:\/\/i0.wp.com\/catapa.be\/wp-content\/uploads\/2019\/02\/NEW20LOGO20SHORT20PNG1.png?fit=1259%2C1321&ssl=1\",\"contentUrl\":\"https:\/\/i0.wp.com\/catapa.be\/wp-content\/uploads\/2019\/02\/NEW20LOGO20SHORT20PNG1.png?fit=1259%2C1321&ssl=1\",\"width\":1259,\"height\":1321,\"caption\":\"CATAPA vzw\"},\"image\":{\"@id\":\"https:\/\/catapa.be\/es\/#\/schema\/logo\/image\/\"},\"sameAs\":[\"https:\/\/www.facebook.com\/catapa.belgium\/\",\"https:\/\/x.com\/CATAPA_Belgica\",\"https:\/\/www.instagram.com\/catapa_vzw\/\",\"https:\/\/be.linkedin.com\/company\/catapavzw\",\"https:\/\/www.youtube.com\/channel\/UCE52-Fiyv-Fpqf2gi1qhf1g\"]},{\"@type\":\"Person\",\"@id\":\"https:\/\/catapa.be\/es\/#\/schema\/person\/d875213343335dfce851c86002f55d18\",\"name\":\"Koerian\",\"url\":\"https:\/\/catapa.be\/es\/author\/koerian\/\"}]}<\/script>\n<!-- \/ Yoast SEO plugin. -->","yoast_head_json":{"title":"\u00bfQui\u00e9n puede poseer un pa\u00eds? - CATAPA vzw","robots":{"index":"index","follow":"follow","max-snippet":"max-snippet:-1","max-image-preview":"max-image-preview:large","max-video-preview":"max-video-preview:-1"},"canonical":"https:\/\/catapa.be\/es\/quien-puede-poseer-un-pais\/","og_locale":"es_ES","og_type":"article","og_title":"\u00bfQui\u00e9n puede poseer un pa\u00eds? - CATAPA vzw","og_description":"El texto original se public\u00f3 aqu\u00ed: https:\/\/otherwisepossible.substack.com\/p\/who-gets-to-own-a-country?r=1k5qck Actualizaci\u00f3n: Afortunadamente, gracias a la resistencia, la ley ha sido aprobada sin los pasajes sobre la propiedad de la tierra y la legislaci\u00f3n sobre incendios. Sin embargo, seRead More","og_url":"https:\/\/catapa.be\/es\/quien-puede-poseer-un-pais\/","og_site_name":"CATAPA vzw","article_publisher":"https:\/\/www.facebook.com\/catapa.belgium\/","article_published_time":"2026-08-10T13:48:19+00:00","og_image":[{"width":1600,"height":1066,"url":"https:\/\/catapa.be\/wp-content\/uploads\/2026\/08\/WhatsApp-Image-2026-08-04-at-17.44.34.jpeg","type":"image\/jpeg"}],"author":"Koerian","twitter_card":"summary_large_image","twitter_creator":"@CATAPA_Belgica","twitter_site":"@CATAPA_Belgica","twitter_misc":{"Escrito por":"Koerian","Tiempo de lectura":"6 minutes"},"schema":{"@context":"https:\/\/schema.org","@graph":[{"@type":"Article","@id":"https:\/\/catapa.be\/es\/quien-puede-poseer-un-pais\/#article","isPartOf":{"@id":"https:\/\/catapa.be\/es\/quien-puede-poseer-un-pais\/"},"author":{"name":"Koerian","@id":"https:\/\/catapa.be\/es\/#\/schema\/person\/d875213343335dfce851c86002f55d18"},"headline":"\u00bfQui\u00e9n puede poseer un pa\u00eds?","datePublished":"2026-08-10T13:48:19+00:00","mainEntityOfPage":{"@id":"https:\/\/catapa.be\/es\/quien-puede-poseer-un-pais\/"},"wordCount":1131,"commentCount":0,"publisher":{"@id":"https:\/\/catapa.be\/es\/#organization"},"image":{"@id":"https:\/\/catapa.be\/es\/quien-puede-poseer-un-pais\/#primaryimage"},"thumbnailUrl":"https:\/\/i0.wp.com\/catapa.be\/wp-content\/uploads\/2026\/08\/WhatsApp-Image-2026-08-04-at-17.44.34.jpeg?fit=1600%2C1066&ssl=1","articleSection":["Sin categorizar"],"inLanguage":"es-ES","potentialAction":[{"@type":"CommentAction","name":"Comment","target":["https:\/\/catapa.be\/es\/quien-puede-poseer-un-pais\/#respond"]}]},{"@type":"WebPage","@id":"https:\/\/catapa.be\/es\/quien-puede-poseer-un-pais\/","url":"https:\/\/catapa.be\/es\/quien-puede-poseer-un-pais\/","name":"\u00bfQui\u00e9n puede poseer un pa\u00eds? - CATAPA vzw","isPartOf":{"@id":"https:\/\/catapa.be\/es\/#website"},"primaryImageOfPage":{"@id":"https:\/\/catapa.be\/es\/quien-puede-poseer-un-pais\/#primaryimage"},"image":{"@id":"https:\/\/catapa.be\/es\/quien-puede-poseer-un-pais\/#primaryimage"},"thumbnailUrl":"https:\/\/i0.wp.com\/catapa.be\/wp-content\/uploads\/2026\/08\/WhatsApp-Image-2026-08-04-at-17.44.34.jpeg?fit=1600%2C1066&ssl=1","datePublished":"2026-08-10T13:48:19+00:00","breadcrumb":{"@id":"https:\/\/catapa.be\/es\/quien-puede-poseer-un-pais\/#breadcrumb"},"inLanguage":"es-ES","potentialAction":[{"@type":"ReadAction","target":["https:\/\/catapa.be\/es\/quien-puede-poseer-un-pais\/"]}]},{"@type":"ImageObject","inLanguage":"es-ES","@id":"https:\/\/catapa.be\/es\/quien-puede-poseer-un-pais\/#primaryimage","url":"https:\/\/i0.wp.com\/catapa.be\/wp-content\/uploads\/2026\/08\/WhatsApp-Image-2026-08-04-at-17.44.34.jpeg?fit=1600%2C1066&ssl=1","contentUrl":"https:\/\/i0.wp.com\/catapa.be\/wp-content\/uploads\/2026\/08\/WhatsApp-Image-2026-08-04-at-17.44.34.jpeg?fit=1600%2C1066&ssl=1","width":1600,"height":1066},{"@type":"BreadcrumbList","@id":"https:\/\/catapa.be\/es\/quien-puede-poseer-un-pais\/#breadcrumb","itemListElement":[{"@type":"ListItem","position":1,"name":"Home","item":"https:\/\/catapa.be\/es\/"},{"@type":"ListItem","position":2,"name":"\u00bfQui\u00e9n puede poseer un pa\u00eds?"}]},{"@type":"WebSite","@id":"https:\/\/catapa.be\/es\/#website","url":"https:\/\/catapa.be\/es\/","name":"CATAPA vzw","description":"Comit\u00e9 Acad\u00e9mico T\u00e9cnico de Asesoramiento a Problemas Ambientales","publisher":{"@id":"https:\/\/catapa.be\/es\/#organization"},"potentialAction":[{"@type":"SearchAction","target":{"@type":"EntryPoint","urlTemplate":"https:\/\/catapa.be\/es\/?s={search_term_string}"},"query-input":{"@type":"PropertyValueSpecification","valueRequired":true,"valueName":"search_term_string"}}],"inLanguage":"es-ES"},{"@type":"Organization","@id":"https:\/\/catapa.be\/es\/#organization","name":"CATAPA vzw","url":"https:\/\/catapa.be\/es\/","logo":{"@type":"ImageObject","inLanguage":"es-ES","@id":"https:\/\/catapa.be\/es\/#\/schema\/logo\/image\/","url":"https:\/\/i0.wp.com\/catapa.be\/wp-content\/uploads\/2019\/02\/NEW20LOGO20SHORT20PNG1.png?fit=1259%2C1321&ssl=1","contentUrl":"https:\/\/i0.wp.com\/catapa.be\/wp-content\/uploads\/2019\/02\/NEW20LOGO20SHORT20PNG1.png?fit=1259%2C1321&ssl=1","width":1259,"height":1321,"caption":"CATAPA vzw"},"image":{"@id":"https:\/\/catapa.be\/es\/#\/schema\/logo\/image\/"},"sameAs":["https:\/\/www.facebook.com\/catapa.belgium\/","https:\/\/x.com\/CATAPA_Belgica","https:\/\/www.instagram.com\/catapa_vzw\/","https:\/\/be.linkedin.com\/company\/catapavzw","https:\/\/www.youtube.com\/channel\/UCE52-Fiyv-Fpqf2gi1qhf1g"]},{"@type":"Person","@id":"https:\/\/catapa.be\/es\/#\/schema\/person\/d875213343335dfce851c86002f55d18","name":"Koerian","url":"https:\/\/catapa.be\/es\/author\/koerian\/"}]}},"jetpack_publicize_connections":[],"jetpack_featured_media_url":"https:\/\/i0.wp.com\/catapa.be\/wp-content\/uploads\/2026\/08\/WhatsApp-Image-2026-08-04-at-17.44.34.jpeg?fit=1600%2C1066&ssl=1","jetpack_sharing_enabled":true,"jetpack_likes_enabled":true,"jetpack-related-posts":[{"id":29001,"url":"https:\/\/catapa.be\/es\/en-el-nombre-del-litio-energia-limpia-para-quien\/","url_meta":{"origin":39819,"position":0},"title":"En El Nombre Del Litio &#8211; Energ\u00eda limpia, \u00bfpara qui\u00e9n?","author":"Siel Vandamme","date":"05\/04\/2022","format":false,"excerpt":"[vc_row][vc_column][vc_column_text] En El Nombre Del Litio - Energ\u00eda limpia, \u00bfpara qui\u00e9n? Soy la que va serpenteando por los cerros Mirando la vida crecer Con ojos de agua que ven nacer y morir el tiempo Voy curando las heridas del ser No me mates ni envenenes No me hagas parte de\u2026","rel":"","context":"Entrada similar","block_context":{"text":"Entrada similar","link":""},"img":{"alt_text":"","src":"https:\/\/i0.wp.com\/catapa.be\/wp-content\/uploads\/2022\/04\/01.jpg?fit=1200%2C633&ssl=1&resize=350%2C200","width":350,"height":200,"srcset":"https:\/\/i0.wp.com\/catapa.be\/wp-content\/uploads\/2022\/04\/01.jpg?fit=1200%2C633&ssl=1&resize=350%2C200 1x, https:\/\/i0.wp.com\/catapa.be\/wp-content\/uploads\/2022\/04\/01.jpg?fit=1200%2C633&ssl=1&resize=525%2C300 1.5x, https:\/\/i0.wp.com\/catapa.be\/wp-content\/uploads\/2022\/04\/01.jpg?fit=1200%2C633&ssl=1&resize=700%2C400 2x, https:\/\/i0.wp.com\/catapa.be\/wp-content\/uploads\/2022\/04\/01.jpg?fit=1200%2C633&ssl=1&resize=1050%2C600 3x"},"classes":[]},{"id":11130,"url":"https:\/\/catapa.be\/es\/mines-territory-marzo-2019\/","url_meta":{"origin":39819,"position":1},"title":"Mines &#038; Territory, Marzo 2019","author":"Dayana Corzo","date":"29\/04\/2019","format":false,"excerpt":"[vc_row][vc_column width=\"2\/3\"][vc_column_text] REVISTA MENSUAL SOBRE TEMAS EXTRACTIVISTAS EN COLOMBIA [\/vc_column_text][\/vc_column][vc_column width=\"1\/3\"][vc_column_text] EDICI\u00d3N 03 Marzo 2019 [\/vc_column_text][\/vc_column][vc_column][vc_column_text]Colecci\u00f3n resumen, traducci\u00f3n y edici\u00f3n por\u00a0Mattijs Vanden Bussche, Sam Packet, Karlijn Van den Broeck y Dayana Corzo[\/vc_column_text][vc_column_text]Descarga Mines & Territory, Marzo 2019 en espa\u00f1ol aqu\u00ed.[\/vc_column_text][vc_separator color=\"custom\" accent_color=\"#009c55\"][vc_empty_space][vc_custom_heading text=\"MINES & TERRITORY\" font_container=\"tag:h2|text_align:center\" google_fonts=\"font_family:Quicksand%3A300%2Cregular%2C700|font_style:400%20regular%3A400%3Anormal\"][vc_custom_heading text=\"Marzo 2019\" font_container=\"tag:h2|text_align:center\"\u2026","rel":"","context":"En \u00abColombia\u00bb","block_context":{"text":"Colombia","link":"https:\/\/catapa.be\/es\/category\/colombia-es\/"},"img":{"alt_text":"","src":"https:\/\/i0.wp.com\/catapa.be\/wp-content\/uploads\/2019\/02\/minesterritory-min.png?fit=600%2C600&ssl=1&resize=350%2C200","width":350,"height":200,"srcset":"https:\/\/i0.wp.com\/catapa.be\/wp-content\/uploads\/2019\/02\/minesterritory-min.png?fit=600%2C600&ssl=1&resize=350%2C200 1x, https:\/\/i0.wp.com\/catapa.be\/wp-content\/uploads\/2019\/02\/minesterritory-min.png?fit=600%2C600&ssl=1&resize=525%2C300 1.5x"},"classes":[]},{"id":33920,"url":"https:\/\/catapa.be\/es\/falan-el-pueblo-de-colombia-donde-la-epoca-colonial-vuelve-una-y-otra-vez\/","url_meta":{"origin":39819,"position":2},"title":"Fal\u00e1n: el pueblo de Colombia donde la \u00e9poca colonial vuelve una y otra vez","author":"Estefan\u00eda","date":"07\/08\/2023","format":false,"excerpt":"[vc_row][vc_column][vc_column_text]Perder la lucha contra la miner\u00eda significar\u00eda desplazamiento, muerte... ser\u00eda volver del rev\u00e9s las monta\u00f1as. Ser\u00eda la desaparici\u00f3n de la cultura oral ancestral. Ser\u00eda poner a mucha gente en un escenario muy malo, gente luchando por su supervivencia, por el lugar donde viven. Ser\u00eda perder el r\u00edo Magdalena, ser\u00eda perder\u2026","rel":"","context":"En \u00abColombia\u00bb","block_context":{"text":"Colombia","link":"https:\/\/catapa.be\/es\/category\/colombia-es\/"},"img":{"alt_text":"","src":"https:\/\/i0.wp.com\/catapa.be\/wp-content\/uploads\/2023\/08\/WhatsApp-Image-2023-08-03-at-13.46.34.jpeg?fit=1200%2C900&ssl=1&resize=350%2C200","width":350,"height":200,"srcset":"https:\/\/i0.wp.com\/catapa.be\/wp-content\/uploads\/2023\/08\/WhatsApp-Image-2023-08-03-at-13.46.34.jpeg?fit=1200%2C900&ssl=1&resize=350%2C200 1x, https:\/\/i0.wp.com\/catapa.be\/wp-content\/uploads\/2023\/08\/WhatsApp-Image-2023-08-03-at-13.46.34.jpeg?fit=1200%2C900&ssl=1&resize=525%2C300 1.5x, https:\/\/i0.wp.com\/catapa.be\/wp-content\/uploads\/2023\/08\/WhatsApp-Image-2023-08-03-at-13.46.34.jpeg?fit=1200%2C900&ssl=1&resize=700%2C400 2x, https:\/\/i0.wp.com\/catapa.be\/wp-content\/uploads\/2023\/08\/WhatsApp-Image-2023-08-03-at-13.46.34.jpeg?fit=1200%2C900&ssl=1&resize=1050%2C600 3x"},"classes":[]},{"id":33991,"url":"https:\/\/catapa.be\/es\/como-convencer-a-un-pueblo-para-que-destruya-su-futuro-un-manual-de-8-pasos\/","url_meta":{"origin":39819,"position":3},"title":"C\u00f3mo convencer a un pueblo para que destruya su futuro: un manual de 8 pasos.","author":"Estefan\u00eda","date":"14\/08\/2023","format":false,"excerpt":"[vc_row][vc_column][vc_column_text] En todo el mundo, las multinacionales mineras utilizan estrategias similares para convencer a las comunidades de sus proyectos extractivos y destructivos. \u00bfQuieres conocer sus secretos?\u00a0 Para esto debemos adentrarnos en el conflicto minero que tiene lugar actualmente en el pueblo de Falan (Colombia), donde empresas multinacionales como Anglogold Ashanti\u2026","rel":"","context":"En \u00abRight To Say No\u00bb","block_context":{"text":"Right To Say No","link":"https:\/\/catapa.be\/es\/category\/right-to-say-no-es\/"},"img":{"alt_text":"Gold mining","src":"https:\/\/i0.wp.com\/catapa.be\/wp-content\/uploads\/2023\/08\/2527670737_b7d4f21e50_c.jpg?fit=799%2C533&ssl=1&resize=350%2C200","width":350,"height":200,"srcset":"https:\/\/i0.wp.com\/catapa.be\/wp-content\/uploads\/2023\/08\/2527670737_b7d4f21e50_c.jpg?fit=799%2C533&ssl=1&resize=350%2C200 1x, https:\/\/i0.wp.com\/catapa.be\/wp-content\/uploads\/2023\/08\/2527670737_b7d4f21e50_c.jpg?fit=799%2C533&ssl=1&resize=525%2C300 1.5x, https:\/\/i0.wp.com\/catapa.be\/wp-content\/uploads\/2023\/08\/2527670737_b7d4f21e50_c.jpg?fit=799%2C533&ssl=1&resize=700%2C400 2x"},"classes":[]},{"id":34150,"url":"https:\/\/catapa.be\/es\/asesinan-a-un-defensor-del-medio-ambiente-en-colombia-exigimos-justicia\/","url_meta":{"origin":39819,"position":4},"title":"Asesinan a un defensor del medio ambiente en Colombia: \u00a1exigimos justicia!","author":"Estefan\u00eda","date":"05\/09\/2023","format":false,"excerpt":"Lamentamos compartir la noticia del asesinato de Johan Ferney Aguilar Gonz\u00e1lez. Aguilar era un defensor del medio ambiente colombiano y tambi\u00e9n el hijo de Wilder Antonio Aguilar Rodr\u00edguez,quien es un l\u00edder social y defensor del medio ambiente en el barrio de Santa Filomena, municipio de Falan, Colombia. Johan Ferney fue\u2026","rel":"","context":"En \u00abColombia\u00bb","block_context":{"text":"Colombia","link":"https:\/\/catapa.be\/es\/category\/colombia-es\/"},"img":{"alt_text":"","src":"https:\/\/i0.wp.com\/catapa.be\/wp-content\/uploads\/2023\/08\/WhatsApp-Image-2023-08-03-at-13.44.22.jpeg?fit=1177%2C1200&ssl=1&resize=350%2C200","width":350,"height":200,"srcset":"https:\/\/i0.wp.com\/catapa.be\/wp-content\/uploads\/2023\/08\/WhatsApp-Image-2023-08-03-at-13.44.22.jpeg?fit=1177%2C1200&ssl=1&resize=350%2C200 1x, https:\/\/i0.wp.com\/catapa.be\/wp-content\/uploads\/2023\/08\/WhatsApp-Image-2023-08-03-at-13.44.22.jpeg?fit=1177%2C1200&ssl=1&resize=525%2C300 1.5x, https:\/\/i0.wp.com\/catapa.be\/wp-content\/uploads\/2023\/08\/WhatsApp-Image-2023-08-03-at-13.44.22.jpeg?fit=1177%2C1200&ssl=1&resize=700%2C400 2x, https:\/\/i0.wp.com\/catapa.be\/wp-content\/uploads\/2023\/08\/WhatsApp-Image-2023-08-03-at-13.44.22.jpeg?fit=1177%2C1200&ssl=1&resize=1050%2C600 3x"},"classes":[]},{"id":36103,"url":"https:\/\/catapa.be\/es\/resistencia-turistica-liderada-por-mujeres-kichwa-como-alternativa-a-la-mineria-de-oro-en-la-amazonia-ecuatoriana\/","url_meta":{"origin":39819,"position":5},"title":"Resistencia tur\u00edstica liderada por mujeres Kichwa como alternativa a la miner\u00eda de oro en la Amazon\u00eda ecuatoriana","author":"Koerian","date":"10\/10\/2024","format":false,"excerpt":"[vc_row][vc_column][vc_column_text css=\".vc_custom_1728567913881{margin-top: 0px !important;margin-bottom: 35px !important;}\"]Margot Tjolle estudi\u00f3 una Maestr\u00eda en Medio Ambiente y Desarrollo en la Universidad de Copenhague. Para su tesis de maestr\u00eda, realiz\u00f3 trabajo de campo en la comunidad de Serena junto con sus dos compa\u00f1eros de investigaci\u00f3n, Filippo De Rossi y Marie Eenens. Decidieron colaborar y\u2026","rel":"","context":"En \u00abEcuador\u00bb","block_context":{"text":"Ecuador","link":"https:\/\/catapa.be\/es\/category\/ecuador\/"},"img":{"alt_text":"","src":"https:\/\/i0.wp.com\/catapa.be\/wp-content\/uploads\/2024\/10\/IMG_9994.jpg?fit=1024%2C768&ssl=1&resize=350%2C200","width":350,"height":200,"srcset":"https:\/\/i0.wp.com\/catapa.be\/wp-content\/uploads\/2024\/10\/IMG_9994.jpg?fit=1024%2C768&ssl=1&resize=350%2C200 1x, https:\/\/i0.wp.com\/catapa.be\/wp-content\/uploads\/2024\/10\/IMG_9994.jpg?fit=1024%2C768&ssl=1&resize=525%2C300 1.5x, https:\/\/i0.wp.com\/catapa.be\/wp-content\/uploads\/2024\/10\/IMG_9994.jpg?fit=1024%2C768&ssl=1&resize=700%2C400 2x"},"classes":[]}],"_links":{"self":[{"href":"https:\/\/catapa.be\/es\/wp-json\/wp\/v2\/posts\/39819","targetHints":{"allow":["GET"]}}],"collection":[{"href":"https:\/\/catapa.be\/es\/wp-json\/wp\/v2\/posts"}],"about":[{"href":"https:\/\/catapa.be\/es\/wp-json\/wp\/v2\/types\/post"}],"author":[{"embeddable":true,"href":"https:\/\/catapa.be\/es\/wp-json\/wp\/v2\/users\/72"}],"replies":[{"embeddable":true,"href":"https:\/\/catapa.be\/es\/wp-json\/wp\/v2\/comments?post=39819"}],"version-history":[{"count":0,"href":"https:\/\/catapa.be\/es\/wp-json\/wp\/v2\/posts\/39819\/revisions"}],"wp:featuredmedia":[{"embeddable":true,"href":"https:\/\/catapa.be\/es\/wp-json\/wp\/v2\/media\/39818"}],"wp:attachment":[{"href":"https:\/\/catapa.be\/es\/wp-json\/wp\/v2\/media?parent=39819"}],"wp:term":[{"taxonomy":"category","embeddable":true,"href":"https:\/\/catapa.be\/es\/wp-json\/wp\/v2\/categories?post=39819"},{"taxonomy":"post_tag","embeddable":true,"href":"https:\/\/catapa.be\/es\/wp-json\/wp\/v2\/tags?post=39819"}],"curies":[{"name":"wp","href":"https:\/\/api.w.org\/{rel}","templated":true}]}}