{"id":11071,"date":"2019-03-01T15:40:18","date_gmt":"2019-03-01T14:40:18","guid":{"rendered":"https:\/\/catapa.be\/?p=11071"},"modified":"2019-09-11T16:51:29","modified_gmt":"2019-09-11T14:51:29","slug":"fair-ict-flanders","status":"publish","type":"post","link":"https:\/\/catapa.be\/nl\/fair-ict-flanders\/","title":{"rendered":"Fair ICT Flanders"},"content":{"rendered":"<div class=\"wpb-content-wrapper\"><p>[vc_row][vc_column][vc_video link=&#8221;https:\/\/youtu.be\/MlY109sIIHY&#8221; align=&#8221;center&#8221;][vc_empty_space][vc_single_image image=&#8221;11552&#8243; img_size=&#8221;medium&#8221; alignment=&#8221;center&#8221;][vc_column_text]Met het project Fair ICT Flanders beogen CATAPA vzw, <a href=\"https:\/\/www.bondbeterleefmilieu.be\">Bond Beter Leefmilieu<\/a> en <a href=\"https:\/\/ondernemersvoorondernemers.be\">Ondernemers voor Ondernemers<\/a> een verduurzaming van het ICT-aankoop- en verwerkingsbeleid in Vlaanderen. CATAPA werkt reeds sinds 2005 rond de sociaal-ecologische impact van mijnbouw. Fair ICT Flanders is een 3-jarig project, gefinancierd door de Vlaamse overheid. Meer info op: <a href=\"http:\/\/www.fairictflanders.be\">fairictflanders.be<\/a><\/p>\n<p>&nbsp;<\/p>\n<p><strong>Context<\/strong><\/p>\n<p>Het produceren van ICT-producten zoals smartphones, computers en laptops heeft een erg grote impact op mens en milieu. De ontginning van metalen en mineralen nodig voor deze producten gaat vaak gepaard met mensenrechtenschendingen en ecologische destructie, de assemblage van laptops en smartphones gebeurt in lageloonfabrieken waar arbeidsrechten niet gerespecteerd worden. De gebruikduur is zeer kort en het ontwerp van ICT is niet gericht op hergebruik van de onderdelen, waardoor er een gigantische e-waste afvalberg ontstaat. Daarnaast is bijna vier procent van de wereldwijde uitstoot van broeikasgassen afkomstig van de ICT-sector.<\/p>\n<p>&nbsp;<\/p>\n<p><strong>Doelgroep<\/strong><\/p>\n<p>Dit project richt zich op de grote consumenten van ICT-producten in Vlaanderen. Hogeronderwijsinstellingen, lokale overheden en bedrijven kunnen als grote consumenten van ICT een belangrijke invloed uitoefenen op ICT bedrijven om hun productieketen op een structurele wijze te verduurzamen. Dit kan door sociale en ecologische criteria te hanteren bij aankoopprocedures. Een duurzaam ICT aankoopbeleid kan een belangrijke hefboom zijn tot een betere wereld.<\/p>\n<p>&nbsp;<\/p>\n<p><strong>Doelstellingen<\/strong><\/p>\n<p>Fair ICT Flanders beoogt dat bedrijven, overheden en hogeronderwijsinstellingen concrete stappen ondernemen om een duurzaam ICT-aankoop- en hergebruiksbeleid te ontwikkelen. Dit alles met het oog op een duurzamere toekomst en de verbetering van de werk- en leefomstandigheden van getroffen gemeenschappen in de extractivistische en ICT-productiesector in Latijns-Amerika, Azi\u00eb en Afrika.<\/p>\n<p>&nbsp;<\/p>\n<p><strong>Methodiek<\/strong><\/p>\n<p>Binnen het project zal er aan de hand van verschillende werkvormen een intensief begeleidingstraject aangeboden worden aan pilootinstellingen. Er zullen leerplatforms uitgebouwd worden, webinars, toolboxen,&#8230;om aankopers binnen de organisatie te kunnen begeleiden. Het gezamenlijk leerproces en de uitwisseling van goede praktijken tussen de verschillende instellingen<br \/>\nzullen inspirerend zijn voor uw ICT-beleid.<\/p>\n<p>&nbsp;<\/p>\n<p><strong>Wordt uw organisatie koploper?<\/strong><\/p>\n<p>Wil uw organisatie een koploper zijn op vlak van duurzaamheid? Wil uw organisatie \u2018mee\u2019 zijn met de toekomstige normering? Wil uw organisatie bewuster omgaan met de ICT-aankopen \u00e9n besparen? Wil uw organisatie de impact op het klimaat reduceren? Engageer u dan als pilootinstelling in dit project en profiteer van 3 jaar intensieve ondersteuning in deze zoektocht. Zo kan u concrete stappen ondernemen om uw ICT-aankoopbeleid te verduurzamen, met een focus op de reeds bestaande elektronica in omloop.<\/p>\n<p>&nbsp;<\/p>\n<p><strong>Interesse en\/of vragen?<\/strong><\/p>\n<p><a href=\"http:\/\/www.fairictflanders.be\">www.fairictflanders.be<\/a> of info@fairictflanders.be[\/vc_column_text][vc_empty_space][vc_column_text]De Vlaamse Overheid kan niet verantwoordelijke <img data-recalc-dims=\"1\" loading=\"lazy\" decoding=\"async\" class=\"wp-image-11085 alignright\" src=\"https:\/\/i0.wp.com\/catapa.be\/wp-content\/uploads\/2019\/04\/Vlaanderen_verbeelding-werkt.png?resize=173%2C73&#038;ssl=1\" alt=\"\" width=\"173\" height=\"73\" srcset=\"https:\/\/i0.wp.com\/catapa.be\/wp-content\/uploads\/2019\/04\/Vlaanderen_verbeelding-werkt.png?w=823&amp;ssl=1 823w, https:\/\/i0.wp.com\/catapa.be\/wp-content\/uploads\/2019\/04\/Vlaanderen_verbeelding-werkt.png?resize=300%2C126&amp;ssl=1 300w, https:\/\/i0.wp.com\/catapa.be\/wp-content\/uploads\/2019\/04\/Vlaanderen_verbeelding-werkt.png?resize=768%2C324&amp;ssl=1 768w\" sizes=\"auto, (max-width: 173px) 100vw, 173px\" \/><br \/>\ngesteld worden voor de inhoud van deze publicatie.[\/vc_column_text][\/vc_column][\/vc_row]<\/p>\n<\/div>","protected":false},"excerpt":{"rendered":"<p>[vc_row][vc_column][vc_video link=&#8221;https:\/\/youtu.be\/MlY109sIIHY&#8221; align=&#8221;center&#8221;][vc_empty_space][vc_single_image image=&#8221;11552&#8243; img_size=&#8221;medium&#8221; alignment=&#8221;center&#8221;][vc_column_text]Met het project Fair ICT Flanders beogen CATAPA vzw, Bond Beter Leefmilieu en Ondernemers voor Ondernemers een verduurzaming van het ICT-aankoop- en verwerkingsbeleid in Vlaanderen. CATAPA werkt reeds sinds 2005<br \/><a class=\"read-more\" href=\"https:\/\/catapa.be\/nl\/fair-ict-flanders\/\">Read More<\/a><\/p>\n","protected":false},"author":32,"featured_media":11217,"comment_status":"open","ping_status":"open","sticky":false,"template":"","format":"standard","meta":{"_exactmetrics_skip_tracking":false,"_exactmetrics_sitenote_active":false,"_exactmetrics_sitenote_note":"","_exactmetrics_sitenote_category":0,"jetpack_post_was_ever_published":false,"_jetpack_newsletter_access":"","_jetpack_dont_email_post_to_subs":false,"_jetpack_newsletter_tier_id":0,"_jetpack_memberships_contains_paywalled_content":false,"_jetpack_memberships_contains_paid_content":false,"footnotes":"","jetpack_publicize_message":"","jetpack_publicize_feature_enabled":true,"jetpack_social_post_already_shared":false,"jetpack_social_options":{"image_generator_settings":{"template":"highway","default_image_id":0,"font":"","enabled":false},"version":2}},"categories":[475],"tags":[],"class_list":["post-11071","post","type-post","status-publish","format-standard","has-post-thumbnail","hentry","category-campagnes"],"yoast_head":"<!-- This site is optimized with the Yoast SEO plugin v26.8 - https:\/\/yoast.com\/product\/yoast-seo-wordpress\/ -->\n<title>Fair ICT Flanders - CATAPA vzw<\/title>\n<meta name=\"robots\" content=\"index, follow, max-snippet:-1, max-image-preview:large, max-video-preview:-1\" \/>\n<link rel=\"canonical\" href=\"https:\/\/catapa.be\/nl\/fair-ict-flanders\/\" \/>\n<meta property=\"og:locale\" content=\"nl_NL\" \/>\n<meta property=\"og:type\" content=\"article\" \/>\n<meta property=\"og:title\" content=\"Fair ICT Flanders - CATAPA vzw\" \/>\n<meta property=\"og:description\" content=\"[vc_row][vc_column][vc_video link=&#8221;https:\/\/youtu.be\/MlY109sIIHY&#8221; align=&#8221;center&#8221;][vc_empty_space][vc_single_image image=&#8221;11552&#8243; img_size=&#8221;medium&#8221; alignment=&#8221;center&#8221;][vc_column_text]Met het project Fair ICT Flanders beogen CATAPA vzw, Bond Beter Leefmilieu en Ondernemers voor Ondernemers een verduurzaming van het ICT-aankoop- en verwerkingsbeleid in Vlaanderen. CATAPA werkt reeds sinds 2005Read More\" \/>\n<meta property=\"og:url\" content=\"https:\/\/catapa.be\/nl\/fair-ict-flanders\/\" \/>\n<meta property=\"og:site_name\" content=\"CATAPA vzw\" \/>\n<meta property=\"article:publisher\" content=\"https:\/\/www.facebook.com\/catapa.belgium\/\" \/>\n<meta property=\"article:published_time\" content=\"2019-03-01T14:40:18+00:00\" \/>\n<meta property=\"article:modified_time\" content=\"2019-09-11T14:51:29+00:00\" \/>\n<meta property=\"og:image\" content=\"https:\/\/i2.wp.com\/catapa.be\/wp-content\/uploads\/2019\/03\/Final-fair-ICT-flanders-1500px-e1558342008875.jpg?fit=2087%2C1254&ssl=1\" \/>\n\t<meta property=\"og:image:width\" content=\"2087\" \/>\n\t<meta property=\"og:image:height\" content=\"1254\" \/>\n\t<meta property=\"og:image:type\" content=\"image\/jpeg\" \/>\n<meta name=\"author\" content=\"Kim Claes\" \/>\n<meta name=\"twitter:card\" content=\"summary_large_image\" \/>\n<meta name=\"twitter:creator\" content=\"@CATAPA_Belgica\" \/>\n<meta name=\"twitter:site\" content=\"@CATAPA_Belgica\" \/>\n<meta name=\"twitter:label1\" content=\"Geschreven door\" \/>\n\t<meta name=\"twitter:data1\" content=\"Kim Claes\" \/>\n\t<meta name=\"twitter:label2\" content=\"Geschatte leestijd\" \/>\n\t<meta name=\"twitter:data2\" content=\"2 minuten\" \/>\n<script type=\"application\/ld+json\" class=\"yoast-schema-graph\">{\"@context\":\"https:\/\/schema.org\",\"@graph\":[{\"@type\":\"Article\",\"@id\":\"https:\/\/catapa.be\/nl\/fair-ict-flanders\/#article\",\"isPartOf\":{\"@id\":\"https:\/\/catapa.be\/nl\/fair-ict-flanders\/\"},\"author\":{\"name\":\"Kim Claes\",\"@id\":\"https:\/\/catapa.be\/nl\/#\/schema\/person\/02e07beb6bee4b3bac6b8f242a22bf38\"},\"headline\":\"Fair ICT Flanders\",\"datePublished\":\"2019-03-01T14:40:18+00:00\",\"dateModified\":\"2019-09-11T14:51:29+00:00\",\"mainEntityOfPage\":{\"@id\":\"https:\/\/catapa.be\/nl\/fair-ict-flanders\/\"},\"wordCount\":470,\"commentCount\":0,\"publisher\":{\"@id\":\"https:\/\/catapa.be\/nl\/#organization\"},\"image\":{\"@id\":\"https:\/\/catapa.be\/nl\/fair-ict-flanders\/#primaryimage\"},\"thumbnailUrl\":\"https:\/\/i0.wp.com\/catapa.be\/wp-content\/uploads\/2019\/03\/Final-fair-ICT-flanders-1500px-e1558342008875.jpg?fit=2087%2C1254&ssl=1\",\"articleSection\":[\"Campagnes\"],\"inLanguage\":\"nl-NL\",\"potentialAction\":[{\"@type\":\"CommentAction\",\"name\":\"Comment\",\"target\":[\"https:\/\/catapa.be\/nl\/fair-ict-flanders\/#respond\"]}]},{\"@type\":\"WebPage\",\"@id\":\"https:\/\/catapa.be\/nl\/fair-ict-flanders\/\",\"url\":\"https:\/\/catapa.be\/nl\/fair-ict-flanders\/\",\"name\":\"Fair ICT Flanders - CATAPA vzw\",\"isPartOf\":{\"@id\":\"https:\/\/catapa.be\/nl\/#website\"},\"primaryImageOfPage\":{\"@id\":\"https:\/\/catapa.be\/nl\/fair-ict-flanders\/#primaryimage\"},\"image\":{\"@id\":\"https:\/\/catapa.be\/nl\/fair-ict-flanders\/#primaryimage\"},\"thumbnailUrl\":\"https:\/\/i0.wp.com\/catapa.be\/wp-content\/uploads\/2019\/03\/Final-fair-ICT-flanders-1500px-e1558342008875.jpg?fit=2087%2C1254&ssl=1\",\"datePublished\":\"2019-03-01T14:40:18+00:00\",\"dateModified\":\"2019-09-11T14:51:29+00:00\",\"breadcrumb\":{\"@id\":\"https:\/\/catapa.be\/nl\/fair-ict-flanders\/#breadcrumb\"},\"inLanguage\":\"nl-NL\",\"potentialAction\":[{\"@type\":\"ReadAction\",\"target\":[\"https:\/\/catapa.be\/nl\/fair-ict-flanders\/\"]}]},{\"@type\":\"ImageObject\",\"inLanguage\":\"nl-NL\",\"@id\":\"https:\/\/catapa.be\/nl\/fair-ict-flanders\/#primaryimage\",\"url\":\"https:\/\/i0.wp.com\/catapa.be\/wp-content\/uploads\/2019\/03\/Final-fair-ICT-flanders-1500px-e1558342008875.jpg?fit=2087%2C1254&ssl=1\",\"contentUrl\":\"https:\/\/i0.wp.com\/catapa.be\/wp-content\/uploads\/2019\/03\/Final-fair-ICT-flanders-1500px-e1558342008875.jpg?fit=2087%2C1254&ssl=1\",\"width\":2087,\"height\":1254},{\"@type\":\"BreadcrumbList\",\"@id\":\"https:\/\/catapa.be\/nl\/fair-ict-flanders\/#breadcrumb\",\"itemListElement\":[{\"@type\":\"ListItem\",\"position\":1,\"name\":\"Home\",\"item\":\"https:\/\/catapa.be\/nl\/\"},{\"@type\":\"ListItem\",\"position\":2,\"name\":\"Fair ICT Flanders\"}]},{\"@type\":\"WebSite\",\"@id\":\"https:\/\/catapa.be\/nl\/#website\",\"url\":\"https:\/\/catapa.be\/nl\/\",\"name\":\"CATAPA vzw\",\"description\":\"Comit\u00e9 Acad\u00e9mico T\u00e9cnico de Asesoramiento a Problemas Ambientales\",\"publisher\":{\"@id\":\"https:\/\/catapa.be\/nl\/#organization\"},\"potentialAction\":[{\"@type\":\"SearchAction\",\"target\":{\"@type\":\"EntryPoint\",\"urlTemplate\":\"https:\/\/catapa.be\/nl\/?s={search_term_string}\"},\"query-input\":{\"@type\":\"PropertyValueSpecification\",\"valueRequired\":true,\"valueName\":\"search_term_string\"}}],\"inLanguage\":\"nl-NL\"},{\"@type\":\"Organization\",\"@id\":\"https:\/\/catapa.be\/nl\/#organization\",\"name\":\"CATAPA vzw\",\"url\":\"https:\/\/catapa.be\/nl\/\",\"logo\":{\"@type\":\"ImageObject\",\"inLanguage\":\"nl-NL\",\"@id\":\"https:\/\/catapa.be\/nl\/#\/schema\/logo\/image\/\",\"url\":\"https:\/\/i0.wp.com\/catapa.be\/wp-content\/uploads\/2019\/02\/NEW20LOGO20SHORT20PNG1.png?fit=1259%2C1321&ssl=1\",\"contentUrl\":\"https:\/\/i0.wp.com\/catapa.be\/wp-content\/uploads\/2019\/02\/NEW20LOGO20SHORT20PNG1.png?fit=1259%2C1321&ssl=1\",\"width\":1259,\"height\":1321,\"caption\":\"CATAPA vzw\"},\"image\":{\"@id\":\"https:\/\/catapa.be\/nl\/#\/schema\/logo\/image\/\"},\"sameAs\":[\"https:\/\/www.facebook.com\/catapa.belgium\/\",\"https:\/\/x.com\/CATAPA_Belgica\",\"https:\/\/www.instagram.com\/catapa_vzw\/\",\"https:\/\/be.linkedin.com\/company\/catapavzw\",\"https:\/\/www.youtube.com\/channel\/UCE52-Fiyv-Fpqf2gi1qhf1g\"]},{\"@type\":\"Person\",\"@id\":\"https:\/\/catapa.be\/nl\/#\/schema\/person\/02e07beb6bee4b3bac6b8f242a22bf38\",\"name\":\"Kim Claes\",\"sameAs\":[\"https:\/\/www.fairictflanders.be\"],\"url\":\"https:\/\/catapa.be\/nl\/author\/kim-claes\/\"}]}<\/script>\n<!-- \/ Yoast SEO plugin. -->","yoast_head_json":{"title":"Fair ICT Flanders - CATAPA vzw","robots":{"index":"index","follow":"follow","max-snippet":"max-snippet:-1","max-image-preview":"max-image-preview:large","max-video-preview":"max-video-preview:-1"},"canonical":"https:\/\/catapa.be\/nl\/fair-ict-flanders\/","og_locale":"nl_NL","og_type":"article","og_title":"Fair ICT Flanders - CATAPA vzw","og_description":"[vc_row][vc_column][vc_video link=&#8221;https:\/\/youtu.be\/MlY109sIIHY&#8221; align=&#8221;center&#8221;][vc_empty_space][vc_single_image image=&#8221;11552&#8243; img_size=&#8221;medium&#8221; alignment=&#8221;center&#8221;][vc_column_text]Met het project Fair ICT Flanders beogen CATAPA vzw, Bond Beter Leefmilieu en Ondernemers voor Ondernemers een verduurzaming van het ICT-aankoop- en verwerkingsbeleid in Vlaanderen. CATAPA werkt reeds sinds 2005Read More","og_url":"https:\/\/catapa.be\/nl\/fair-ict-flanders\/","og_site_name":"CATAPA vzw","article_publisher":"https:\/\/www.facebook.com\/catapa.belgium\/","article_published_time":"2019-03-01T14:40:18+00:00","article_modified_time":"2019-09-11T14:51:29+00:00","og_image":[{"width":2087,"height":1254,"url":"https:\/\/i2.wp.com\/catapa.be\/wp-content\/uploads\/2019\/03\/Final-fair-ICT-flanders-1500px-e1558342008875.jpg?fit=2087%2C1254&ssl=1","type":"image\/jpeg"}],"author":"Kim Claes","twitter_card":"summary_large_image","twitter_creator":"@CATAPA_Belgica","twitter_site":"@CATAPA_Belgica","twitter_misc":{"Geschreven door":"Kim Claes","Geschatte leestijd":"2 minuten"},"schema":{"@context":"https:\/\/schema.org","@graph":[{"@type":"Article","@id":"https:\/\/catapa.be\/nl\/fair-ict-flanders\/#article","isPartOf":{"@id":"https:\/\/catapa.be\/nl\/fair-ict-flanders\/"},"author":{"name":"Kim Claes","@id":"https:\/\/catapa.be\/nl\/#\/schema\/person\/02e07beb6bee4b3bac6b8f242a22bf38"},"headline":"Fair ICT Flanders","datePublished":"2019-03-01T14:40:18+00:00","dateModified":"2019-09-11T14:51:29+00:00","mainEntityOfPage":{"@id":"https:\/\/catapa.be\/nl\/fair-ict-flanders\/"},"wordCount":470,"commentCount":0,"publisher":{"@id":"https:\/\/catapa.be\/nl\/#organization"},"image":{"@id":"https:\/\/catapa.be\/nl\/fair-ict-flanders\/#primaryimage"},"thumbnailUrl":"https:\/\/i0.wp.com\/catapa.be\/wp-content\/uploads\/2019\/03\/Final-fair-ICT-flanders-1500px-e1558342008875.jpg?fit=2087%2C1254&ssl=1","articleSection":["Campagnes"],"inLanguage":"nl-NL","potentialAction":[{"@type":"CommentAction","name":"Comment","target":["https:\/\/catapa.be\/nl\/fair-ict-flanders\/#respond"]}]},{"@type":"WebPage","@id":"https:\/\/catapa.be\/nl\/fair-ict-flanders\/","url":"https:\/\/catapa.be\/nl\/fair-ict-flanders\/","name":"Fair ICT Flanders - CATAPA vzw","isPartOf":{"@id":"https:\/\/catapa.be\/nl\/#website"},"primaryImageOfPage":{"@id":"https:\/\/catapa.be\/nl\/fair-ict-flanders\/#primaryimage"},"image":{"@id":"https:\/\/catapa.be\/nl\/fair-ict-flanders\/#primaryimage"},"thumbnailUrl":"https:\/\/i0.wp.com\/catapa.be\/wp-content\/uploads\/2019\/03\/Final-fair-ICT-flanders-1500px-e1558342008875.jpg?fit=2087%2C1254&ssl=1","datePublished":"2019-03-01T14:40:18+00:00","dateModified":"2019-09-11T14:51:29+00:00","breadcrumb":{"@id":"https:\/\/catapa.be\/nl\/fair-ict-flanders\/#breadcrumb"},"inLanguage":"nl-NL","potentialAction":[{"@type":"ReadAction","target":["https:\/\/catapa.be\/nl\/fair-ict-flanders\/"]}]},{"@type":"ImageObject","inLanguage":"nl-NL","@id":"https:\/\/catapa.be\/nl\/fair-ict-flanders\/#primaryimage","url":"https:\/\/i0.wp.com\/catapa.be\/wp-content\/uploads\/2019\/03\/Final-fair-ICT-flanders-1500px-e1558342008875.jpg?fit=2087%2C1254&ssl=1","contentUrl":"https:\/\/i0.wp.com\/catapa.be\/wp-content\/uploads\/2019\/03\/Final-fair-ICT-flanders-1500px-e1558342008875.jpg?fit=2087%2C1254&ssl=1","width":2087,"height":1254},{"@type":"BreadcrumbList","@id":"https:\/\/catapa.be\/nl\/fair-ict-flanders\/#breadcrumb","itemListElement":[{"@type":"ListItem","position":1,"name":"Home","item":"https:\/\/catapa.be\/nl\/"},{"@type":"ListItem","position":2,"name":"Fair ICT Flanders"}]},{"@type":"WebSite","@id":"https:\/\/catapa.be\/nl\/#website","url":"https:\/\/catapa.be\/nl\/","name":"CATAPA vzw","description":"Comit\u00e9 Acad\u00e9mico T\u00e9cnico de Asesoramiento a Problemas Ambientales","publisher":{"@id":"https:\/\/catapa.be\/nl\/#organization"},"potentialAction":[{"@type":"SearchAction","target":{"@type":"EntryPoint","urlTemplate":"https:\/\/catapa.be\/nl\/?s={search_term_string}"},"query-input":{"@type":"PropertyValueSpecification","valueRequired":true,"valueName":"search_term_string"}}],"inLanguage":"nl-NL"},{"@type":"Organization","@id":"https:\/\/catapa.be\/nl\/#organization","name":"CATAPA vzw","url":"https:\/\/catapa.be\/nl\/","logo":{"@type":"ImageObject","inLanguage":"nl-NL","@id":"https:\/\/catapa.be\/nl\/#\/schema\/logo\/image\/","url":"https:\/\/i0.wp.com\/catapa.be\/wp-content\/uploads\/2019\/02\/NEW20LOGO20SHORT20PNG1.png?fit=1259%2C1321&ssl=1","contentUrl":"https:\/\/i0.wp.com\/catapa.be\/wp-content\/uploads\/2019\/02\/NEW20LOGO20SHORT20PNG1.png?fit=1259%2C1321&ssl=1","width":1259,"height":1321,"caption":"CATAPA vzw"},"image":{"@id":"https:\/\/catapa.be\/nl\/#\/schema\/logo\/image\/"},"sameAs":["https:\/\/www.facebook.com\/catapa.belgium\/","https:\/\/x.com\/CATAPA_Belgica","https:\/\/www.instagram.com\/catapa_vzw\/","https:\/\/be.linkedin.com\/company\/catapavzw","https:\/\/www.youtube.com\/channel\/UCE52-Fiyv-Fpqf2gi1qhf1g"]},{"@type":"Person","@id":"https:\/\/catapa.be\/nl\/#\/schema\/person\/02e07beb6bee4b3bac6b8f242a22bf38","name":"Kim Claes","sameAs":["https:\/\/www.fairictflanders.be"],"url":"https:\/\/catapa.be\/nl\/author\/kim-claes\/"}]}},"jetpack_publicize_connections":[],"jetpack_featured_media_url":"https:\/\/i0.wp.com\/catapa.be\/wp-content\/uploads\/2019\/03\/Final-fair-ICT-flanders-1500px-e1558342008875.jpg?fit=2087%2C1254&ssl=1","jetpack_sharing_enabled":true,"jetpack_likes_enabled":true,"jetpack-related-posts":[{"id":15542,"url":"https:\/\/catapa.be\/nl\/ding-mee-naar-de-eerste-prijs-voor-eerlijke-ict\/","url_meta":{"origin":11071,"position":0},"title":"Ding mee naar de eerste prijs voor eerlijke ICT","author":"Zlatka Dimitrova","date":"11 augustus 2020","format":false,"excerpt":"[vc_row][vc_column][vc_single_image image=\"15544\" img_size=\"full\"][vc_column_text] Ding mee naar de eerste prijs voor eerlijke ICT [\/vc_column_text][vc_column_text] PERSBERICHT CATAPA, Bond Beter Leefmilieu, Ondernemers voor Ondernemers en Vlaanderen Circulair\u00a0 [\/vc_column_text][vc_empty_space][vc_column_text] De ontginning van grondstoffen voor ICT-apparatuur en de fenomenale hoeveelheden elektronisch afval wegen zwaar op onze aarde. Verkleint jouw organisatie haar impact door bijvoorbeeld de\u2026","rel":"","context":"In &quot;Geen onderdeel van een categorie&quot;","block_context":{"text":"Geen onderdeel van een categorie","link":"https:\/\/catapa.be\/nl\/category\/geen-onderdeel-van-een-categorie\/"},"img":{"alt_text":"","src":"https:\/\/i0.wp.com\/catapa.be\/wp-content\/uploads\/2020\/08\/6-e1597141611473.jpg?fit=1200%2C1200&ssl=1&resize=350%2C200","width":350,"height":200,"srcset":"https:\/\/i0.wp.com\/catapa.be\/wp-content\/uploads\/2020\/08\/6-e1597141611473.jpg?fit=1200%2C1200&ssl=1&resize=350%2C200 1x, https:\/\/i0.wp.com\/catapa.be\/wp-content\/uploads\/2020\/08\/6-e1597141611473.jpg?fit=1200%2C1200&ssl=1&resize=525%2C300 1.5x, https:\/\/i0.wp.com\/catapa.be\/wp-content\/uploads\/2020\/08\/6-e1597141611473.jpg?fit=1200%2C1200&ssl=1&resize=700%2C400 2x, https:\/\/i0.wp.com\/catapa.be\/wp-content\/uploads\/2020\/08\/6-e1597141611473.jpg?fit=1200%2C1200&ssl=1&resize=1050%2C600 3x"},"classes":[]},{"id":13860,"url":"https:\/\/catapa.be\/nl\/paper-standaarden-certificaten-en-monitoringsystemen-in-de-ict-sector\/","url_meta":{"origin":11071,"position":1},"title":"Paper: Standaarden, certificaten, en monitoringsystemen in de ICT-sector","author":"Daniela Marques Branco","date":"20 april 2020","format":false,"excerpt":"[vc_row][vc_column][vc_column_text] Standaarden, certificaten, en monitoringsystemen in de ICT-sector: op weg naar een duurzame aankooppraktijk? [\/vc_column_text][vc_column_text] De ICT-sector kampt met heel wat uitdagingen op het vlak van duurzaamheid.\u00a0Het produceren van ICT-producten zoals smartphones, computers en laptops heeft een erg grote impact op mens en milieu. De ontginning van metalen en mineralen\u2026","rel":"","context":"In &quot;Geen onderdeel van een categorie&quot;","block_context":{"text":"Geen onderdeel van een categorie","link":"https:\/\/catapa.be\/nl\/category\/geen-onderdeel-van-een-categorie\/"},"img":{"alt_text":"","src":"https:\/\/i0.wp.com\/catapa.be\/wp-content\/uploads\/2020\/04\/fif-banner.jpg?fit=820%2C312&ssl=1&resize=350%2C200","width":350,"height":200,"srcset":"https:\/\/i0.wp.com\/catapa.be\/wp-content\/uploads\/2020\/04\/fif-banner.jpg?fit=820%2C312&ssl=1&resize=350%2C200 1x, https:\/\/i0.wp.com\/catapa.be\/wp-content\/uploads\/2020\/04\/fif-banner.jpg?fit=820%2C312&ssl=1&resize=525%2C300 1.5x, https:\/\/i0.wp.com\/catapa.be\/wp-content\/uploads\/2020\/04\/fif-banner.jpg?fit=820%2C312&ssl=1&resize=700%2C400 2x"},"classes":[]},{"id":13862,"url":"https:\/\/catapa.be\/en\/paper-standaarden-certificaten-en-monitoringsystemen-in-de-ict-sector\/","url_meta":{"origin":11071,"position":2},"title":"Paper: Standaarden, certificaten, en monitoringsystemen in de ICT-sector","author":"Daniela Marques Branco","date":"20 april 2020","format":false,"excerpt":"[vc_row][vc_column][vc_column_text] Standaarden, certificaten, en monitoringsystemen in de ICT-sector: op weg naar een duurzame aankooppraktijk? [\/vc_column_text][vc_column_text] De ICT-sector kampt met heel wat uitdagingen op het vlak van duurzaamheid.\u00a0Het produceren van ICT-producten zoals smartphones, computers en laptops heeft een erg grote impact op mens en milieu. De ontginning van metalen en mineralen\u2026","rel":"","context":"Soortgelijk bericht","block_context":{"text":"Soortgelijk bericht","link":""},"img":{"alt_text":"","src":"https:\/\/i0.wp.com\/catapa.be\/wp-content\/uploads\/2020\/04\/fif-banner.jpg?fit=820%2C312&ssl=1&resize=350%2C200","width":350,"height":200,"srcset":"https:\/\/i0.wp.com\/catapa.be\/wp-content\/uploads\/2020\/04\/fif-banner.jpg?fit=820%2C312&ssl=1&resize=350%2C200 1x, https:\/\/i0.wp.com\/catapa.be\/wp-content\/uploads\/2020\/04\/fif-banner.jpg?fit=820%2C312&ssl=1&resize=525%2C300 1.5x, https:\/\/i0.wp.com\/catapa.be\/wp-content\/uploads\/2020\/04\/fif-banner.jpg?fit=820%2C312&ssl=1&resize=700%2C400 2x"},"classes":[]},{"id":13863,"url":"https:\/\/catapa.be\/es\/paper-standaarden-certificaten-en-monitoringsystemen-in-de-ict-sector\/","url_meta":{"origin":11071,"position":3},"title":"Paper: Standaarden, certificaten, en monitoringsystemen in de ICT-sector","author":"Daniela Marques Branco","date":"20 april 2020","format":false,"excerpt":"[vc_row][vc_column][vc_column_text] Standaarden, certificaten, en monitoringsystemen in de ICT-sector: op weg naar een duurzame aankooppraktijk? [\/vc_column_text][vc_column_text] De ICT-sector kampt met heel wat uitdagingen op het vlak van duurzaamheid.\u00a0Het produceren van ICT-producten zoals smartphones, computers en laptops heeft een erg grote impact op mens en milieu. De ontginning van metalen en mineralen\u2026","rel":"","context":"In &quot;Sin categorizar&quot;","block_context":{"text":"Sin categorizar","link":"https:\/\/catapa.be\/es\/category\/sin-categorizar\/"},"img":{"alt_text":"","src":"https:\/\/i0.wp.com\/catapa.be\/wp-content\/uploads\/2020\/04\/fif-banner.jpg?fit=820%2C312&ssl=1&resize=350%2C200","width":350,"height":200,"srcset":"https:\/\/i0.wp.com\/catapa.be\/wp-content\/uploads\/2020\/04\/fif-banner.jpg?fit=820%2C312&ssl=1&resize=350%2C200 1x, https:\/\/i0.wp.com\/catapa.be\/wp-content\/uploads\/2020\/04\/fif-banner.jpg?fit=820%2C312&ssl=1&resize=525%2C300 1.5x, https:\/\/i0.wp.com\/catapa.be\/wp-content\/uploads\/2020\/04\/fif-banner.jpg?fit=820%2C312&ssl=1&resize=700%2C400 2x"},"classes":[]},{"id":14863,"url":"https:\/\/catapa.be\/en\/schrijf-je-in-voor-de-fair-ict-awards-2020\/","url_meta":{"origin":11071,"position":4},"title":"Schrijf je in voor de Fair ICT Awards 2020","author":"Julie Ballet","date":"22 juni 2020","format":false,"excerpt":"[vc_row][vc_column][vc_column_text] Fair ICT Awards 2020 Vlaamse bedrijven, non-profitorganisaties, instellingen hoger onderwijs en lokale besturen die inzetten op het duurzaam aankopen of beheren van ICT-apparatuur kunnen zich tot 14 november 2020 inschrijven voor de Fair ICT Awards.\u00a0 Heeft jouw bedrijf refurbished laptops aangekocht? Verleng je actief de gebruiksduur van je ICT\u2026","rel":"","context":"Soortgelijk bericht","block_context":{"text":"Soortgelijk bericht","link":""},"img":{"alt_text":"","src":"https:\/\/i0.wp.com\/catapa.be\/wp-content\/uploads\/2020\/06\/FIF-2020-Label-award_Tekengebied-1.png?fit=1200%2C697&ssl=1&resize=350%2C200","width":350,"height":200,"srcset":"https:\/\/i0.wp.com\/catapa.be\/wp-content\/uploads\/2020\/06\/FIF-2020-Label-award_Tekengebied-1.png?fit=1200%2C697&ssl=1&resize=350%2C200 1x, https:\/\/i0.wp.com\/catapa.be\/wp-content\/uploads\/2020\/06\/FIF-2020-Label-award_Tekengebied-1.png?fit=1200%2C697&ssl=1&resize=525%2C300 1.5x, https:\/\/i0.wp.com\/catapa.be\/wp-content\/uploads\/2020\/06\/FIF-2020-Label-award_Tekengebied-1.png?fit=1200%2C697&ssl=1&resize=700%2C400 2x, https:\/\/i0.wp.com\/catapa.be\/wp-content\/uploads\/2020\/06\/FIF-2020-Label-award_Tekengebied-1.png?fit=1200%2C697&ssl=1&resize=1050%2C600 3x"},"classes":[]},{"id":14880,"url":"https:\/\/catapa.be\/nl\/schrijf-je-in-voor-de-fair-ict-awards-2020\/","url_meta":{"origin":11071,"position":5},"title":"Schrijf je in voor de Fair ICT Awards 2020","author":"Julie Ballet","date":"22 juni 2020","format":false,"excerpt":"[vc_row][vc_column][vc_column_text] Fair ICT Awards 2020 Vlaamse bedrijven, non-profitorganisaties, instellingen hoger onderwijs en lokale besturen die inzetten op het duurzaam aankopen of beheren van ICT-apparatuur kunnen zich tot 14 november 2020 inschrijven voor de Fair ICT Awards.\u00a0 Heeft jouw bedrijf refurbished laptops aangekocht? Verleng je actief de gebruiksduur van je ICT\u2026","rel":"","context":"In &quot;Geen onderdeel van een categorie&quot;","block_context":{"text":"Geen onderdeel van een categorie","link":"https:\/\/catapa.be\/nl\/category\/geen-onderdeel-van-een-categorie\/"},"img":{"alt_text":"","src":"https:\/\/i0.wp.com\/catapa.be\/wp-content\/uploads\/2020\/06\/FIF-2020-Label-award_Tekengebied-1.png?fit=1200%2C697&ssl=1&resize=350%2C200","width":350,"height":200,"srcset":"https:\/\/i0.wp.com\/catapa.be\/wp-content\/uploads\/2020\/06\/FIF-2020-Label-award_Tekengebied-1.png?fit=1200%2C697&ssl=1&resize=350%2C200 1x, https:\/\/i0.wp.com\/catapa.be\/wp-content\/uploads\/2020\/06\/FIF-2020-Label-award_Tekengebied-1.png?fit=1200%2C697&ssl=1&resize=525%2C300 1.5x, https:\/\/i0.wp.com\/catapa.be\/wp-content\/uploads\/2020\/06\/FIF-2020-Label-award_Tekengebied-1.png?fit=1200%2C697&ssl=1&resize=700%2C400 2x, https:\/\/i0.wp.com\/catapa.be\/wp-content\/uploads\/2020\/06\/FIF-2020-Label-award_Tekengebied-1.png?fit=1200%2C697&ssl=1&resize=1050%2C600 3x"},"classes":[]}],"_links":{"self":[{"href":"https:\/\/catapa.be\/nl\/wp-json\/wp\/v2\/posts\/11071","targetHints":{"allow":["GET"]}}],"collection":[{"href":"https:\/\/catapa.be\/nl\/wp-json\/wp\/v2\/posts"}],"about":[{"href":"https:\/\/catapa.be\/nl\/wp-json\/wp\/v2\/types\/post"}],"author":[{"embeddable":true,"href":"https:\/\/catapa.be\/nl\/wp-json\/wp\/v2\/users\/32"}],"replies":[{"embeddable":true,"href":"https:\/\/catapa.be\/nl\/wp-json\/wp\/v2\/comments?post=11071"}],"version-history":[{"count":8,"href":"https:\/\/catapa.be\/nl\/wp-json\/wp\/v2\/posts\/11071\/revisions"}],"predecessor-version":[{"id":11878,"href":"https:\/\/catapa.be\/nl\/wp-json\/wp\/v2\/posts\/11071\/revisions\/11878"}],"wp:featuredmedia":[{"embeddable":true,"href":"https:\/\/catapa.be\/nl\/wp-json\/wp\/v2\/media\/11217"}],"wp:attachment":[{"href":"https:\/\/catapa.be\/nl\/wp-json\/wp\/v2\/media?parent=11071"}],"wp:term":[{"taxonomy":"category","embeddable":true,"href":"https:\/\/catapa.be\/nl\/wp-json\/wp\/v2\/categories?post=11071"},{"taxonomy":"post_tag","embeddable":true,"href":"https:\/\/catapa.be\/nl\/wp-json\/wp\/v2\/tags?post=11071"}],"curies":[{"name":"wp","href":"https:\/\/api.w.org\/{rel}","templated":true}]}}