{"id":11253,"date":"2019-05-22T16:51:58","date_gmt":"2019-05-22T14:51:58","guid":{"rendered":"https:\/\/catapa.be\/?p=11253"},"modified":"2019-05-22T16:53:21","modified_gmt":"2019-05-22T14:53:21","slug":"kandidaten-voor-het-europees-parlement-spreken-zich-uit-over-ict","status":"publish","type":"post","link":"https:\/\/catapa.be\/nl\/kandidaten-voor-het-europees-parlement-spreken-zich-uit-over-ict\/","title":{"rendered":"Kandidaten voor het Europees Parlement spreken zich uit over ICT"},"content":{"rendered":"<div class=\"wpb-content-wrapper\"><p>[vc_row][vc_column][vc_custom_heading text=&#8221;Kandidaten voor het Europees Parlement spreken zich uit over ICT&#8221; font_container=&#8221;tag:h2|text_align:center&#8221; google_fonts=&#8221;font_family:Quicksand%3A300%2Cregular%2C700|font_style:400%20regular%3A400%3Anormal&#8221;][vc_column_text]Bij een bevraging van alle Nederlandstalige kandidaat EU-parlementari\u00ebrs voor de komende verkiezingen, over welke stappen men op Europees niveau zal zetten om de toeleveringsketen van ICT producten (smartphone, laptops, etc.) te verduurzamen, kregen we alleen antwoorden van\u00a0Groen-kandidaten\u00a0Bart Staes\u00a0en\u00a0Petra De Sutter. De kandidaten van andere partijen reageerden niet op de gestelde vragen. Het toont dat er alvast nog heel wat werk aan de winkel is om politici te sensibiliseren over de negatieve impact van ICT en om actie te ondernemen.<\/p>\n<p>Bart Staes en Petra De Sutter engageerden zich persoonlijk, indien ze verkozen worden, om hier werk van te maken als EU-parlementari\u00ebr. Zij formuleerden het op deze manier:<\/p>\n<blockquote><p>&#8220;Schending van <span class=\"_5afx\"><span class=\"_58cm\">mensenrechten<\/span><\/span> bij de ontginning van grondstoffen voor\u00a0<span class=\"_5afx\"><span class=\"_58cm\">ICT-<\/span><\/span>apparatuur is ontoelaatbaar! Er moet een bindend kader komen voor Europese bedrijven en -instellingen om de impact te minimaliseren, ook wat betreft het <span class=\"_5afx\"><span class=\"_58cm\">milieu<\/span><\/span>!&#8221;<\/p><\/blockquote>\n<p>In deze PDF-bestanden &#8211; dit van <a href=\"https:\/\/catapa.be\/wp-content\/uploads\/2019\/05\/MAKE-ICT-FAIR-ACTION-AROUND-EP-ELECTIONS-2019_antwoorden-Petra-De-Sutter.pdf\">Petra de Sutter<\/a> en dit van <a href=\"https:\/\/catapa.be\/wp-content\/uploads\/2019\/05\/MAKE-ICT-FAIR-ACTION-AROUND-EP-ELECTIONS-2019_antwoorden-Bart-Staes.pdf\">Bart Staes<\/a> &#8211; kan je hun volledige antwoorden op onze vragen terug vinden. Die vragen kaderen binnen ons Europees <a href=\"https:\/\/catapa.be\/nl\/make-ict-fair\/\">Make ICT Fair<\/a> project dat als doel heeft om de volledige toeleveringsketen van ICT te verduurzamen. De Europese Unie en haar inwoners, wij dus, zijn \u00e9\u00e9n van de grootste consumenten van ICT wereldwijd en al die smartphones en laptops samen hebben een immense impact op mens en milieu. Er is dus dringend nood aan betere regelgeving om een duurzamere toeleveringsketen van ICT en alternatieven mogelijk te maken.[\/vc_column_text][\/vc_column][\/vc_row]<\/p>\n<\/div>","protected":false},"excerpt":{"rendered":"<p>[vc_row][vc_column][vc_custom_heading text=&#8221;Kandidaten voor het Europees Parlement spreken zich uit over ICT&#8221; font_container=&#8221;tag:h2|text_align:center&#8221; google_fonts=&#8221;font_family:Quicksand%3A300%2Cregular%2C700|font_style:400%20regular%3A400%3Anormal&#8221;][vc_column_text]Bij een bevraging van alle Nederlandstalige kandidaat EU-parlementari\u00ebrs voor de komende verkiezingen, over welke stappen men op Europees niveau zal zetten om de<br \/><a class=\"read-more\" href=\"https:\/\/catapa.be\/nl\/kandidaten-voor-het-europees-parlement-spreken-zich-uit-over-ict\/\">Read More<\/a><\/p>\n","protected":false},"author":1,"featured_media":11263,"comment_status":"open","ping_status":"open","sticky":false,"template":"","format":"standard","meta":{"_exactmetrics_skip_tracking":false,"_exactmetrics_sitenote_active":false,"_exactmetrics_sitenote_note":"","_exactmetrics_sitenote_category":0,"jetpack_post_was_ever_published":false,"_jetpack_newsletter_access":"","_jetpack_dont_email_post_to_subs":false,"_jetpack_newsletter_tier_id":0,"_jetpack_memberships_contains_paywalled_content":false,"_jetpack_memberships_contains_paid_content":false,"footnotes":"","jetpack_publicize_message":"","jetpack_publicize_feature_enabled":true,"jetpack_social_post_already_shared":false,"jetpack_social_options":{"image_generator_settings":{"template":"highway","default_image_id":0,"font":"","enabled":false},"version":2}},"categories":[382],"tags":[],"class_list":["post-11253","post","type-post","status-publish","format-standard","has-post-thumbnail","hentry","category-nieuws"],"yoast_head":"<!-- This site is optimized with the Yoast SEO plugin v26.8 - https:\/\/yoast.com\/product\/yoast-seo-wordpress\/ -->\n<title>Kandidaten voor het Europees Parlement spreken zich uit over ICT - CATAPA vzw<\/title>\n<meta name=\"robots\" content=\"index, follow, max-snippet:-1, max-image-preview:large, max-video-preview:-1\" \/>\n<link rel=\"canonical\" href=\"https:\/\/catapa.be\/nl\/kandidaten-voor-het-europees-parlement-spreken-zich-uit-over-ict\/\" \/>\n<meta property=\"og:locale\" content=\"nl_NL\" \/>\n<meta property=\"og:type\" content=\"article\" \/>\n<meta property=\"og:title\" content=\"Kandidaten voor het Europees Parlement spreken zich uit over ICT - CATAPA vzw\" \/>\n<meta property=\"og:description\" content=\"[vc_row][vc_column][vc_custom_heading text=&#8221;Kandidaten voor het Europees Parlement spreken zich uit over ICT&#8221; font_container=&#8221;tag:h2|text_align:center&#8221; google_fonts=&#8221;font_family:Quicksand%3A300%2Cregular%2C700|font_style:400%20regular%3A400%3Anormal&#8221;][vc_column_text]Bij een bevraging van alle Nederlandstalige kandidaat EU-parlementari\u00ebrs voor de komende verkiezingen, over welke stappen men op Europees niveau zal zetten om deRead More\" \/>\n<meta property=\"og:url\" content=\"https:\/\/catapa.be\/nl\/kandidaten-voor-het-europees-parlement-spreken-zich-uit-over-ict\/\" \/>\n<meta property=\"og:site_name\" content=\"CATAPA vzw\" \/>\n<meta property=\"article:publisher\" content=\"https:\/\/www.facebook.com\/catapa.belgium\/\" \/>\n<meta property=\"article:published_time\" content=\"2019-05-22T14:51:58+00:00\" \/>\n<meta property=\"article:modified_time\" content=\"2019-05-22T14:53:21+00:00\" \/>\n<meta property=\"og:image\" content=\"https:\/\/i1.wp.com\/catapa.be\/wp-content\/uploads\/2019\/05\/Mobile-phones-min.png?fit=1076%2C720&ssl=1\" \/>\n\t<meta property=\"og:image:width\" content=\"1076\" \/>\n\t<meta property=\"og:image:height\" content=\"720\" \/>\n\t<meta property=\"og:image:type\" content=\"image\/png\" \/>\n<meta name=\"author\" content=\"admin\" \/>\n<meta name=\"twitter:card\" content=\"summary_large_image\" \/>\n<meta name=\"twitter:creator\" content=\"@CATAPA_Belgica\" \/>\n<meta name=\"twitter:site\" content=\"@CATAPA_Belgica\" \/>\n<meta name=\"twitter:label1\" content=\"Geschreven door\" \/>\n\t<meta name=\"twitter:data1\" content=\"admin\" \/>\n\t<meta name=\"twitter:label2\" content=\"Geschatte leestijd\" \/>\n\t<meta name=\"twitter:data2\" content=\"1 minuut\" \/>\n<script type=\"application\/ld+json\" class=\"yoast-schema-graph\">{\"@context\":\"https:\/\/schema.org\",\"@graph\":[{\"@type\":\"Article\",\"@id\":\"https:\/\/catapa.be\/nl\/kandidaten-voor-het-europees-parlement-spreken-zich-uit-over-ict\/#article\",\"isPartOf\":{\"@id\":\"https:\/\/catapa.be\/nl\/kandidaten-voor-het-europees-parlement-spreken-zich-uit-over-ict\/\"},\"author\":{\"name\":\"admin\",\"@id\":\"https:\/\/catapa.be\/nl\/#\/schema\/person\/4ff7c54c9b853941b35cc6d8e46545de\"},\"headline\":\"Kandidaten voor het Europees Parlement spreken zich uit over ICT\",\"datePublished\":\"2019-05-22T14:51:58+00:00\",\"dateModified\":\"2019-05-22T14:53:21+00:00\",\"mainEntityOfPage\":{\"@id\":\"https:\/\/catapa.be\/nl\/kandidaten-voor-het-europees-parlement-spreken-zich-uit-over-ict\/\"},\"wordCount\":302,\"commentCount\":0,\"publisher\":{\"@id\":\"https:\/\/catapa.be\/nl\/#organization\"},\"image\":{\"@id\":\"https:\/\/catapa.be\/nl\/kandidaten-voor-het-europees-parlement-spreken-zich-uit-over-ict\/#primaryimage\"},\"thumbnailUrl\":\"https:\/\/i0.wp.com\/catapa.be\/wp-content\/uploads\/2019\/05\/Mobile-phones-min.png?fit=1076%2C720&ssl=1\",\"articleSection\":[\"Nieuws\"],\"inLanguage\":\"nl-NL\",\"potentialAction\":[{\"@type\":\"CommentAction\",\"name\":\"Comment\",\"target\":[\"https:\/\/catapa.be\/nl\/kandidaten-voor-het-europees-parlement-spreken-zich-uit-over-ict\/#respond\"]}]},{\"@type\":\"WebPage\",\"@id\":\"https:\/\/catapa.be\/nl\/kandidaten-voor-het-europees-parlement-spreken-zich-uit-over-ict\/\",\"url\":\"https:\/\/catapa.be\/nl\/kandidaten-voor-het-europees-parlement-spreken-zich-uit-over-ict\/\",\"name\":\"Kandidaten voor het Europees Parlement spreken zich uit over ICT - CATAPA vzw\",\"isPartOf\":{\"@id\":\"https:\/\/catapa.be\/nl\/#website\"},\"primaryImageOfPage\":{\"@id\":\"https:\/\/catapa.be\/nl\/kandidaten-voor-het-europees-parlement-spreken-zich-uit-over-ict\/#primaryimage\"},\"image\":{\"@id\":\"https:\/\/catapa.be\/nl\/kandidaten-voor-het-europees-parlement-spreken-zich-uit-over-ict\/#primaryimage\"},\"thumbnailUrl\":\"https:\/\/i0.wp.com\/catapa.be\/wp-content\/uploads\/2019\/05\/Mobile-phones-min.png?fit=1076%2C720&ssl=1\",\"datePublished\":\"2019-05-22T14:51:58+00:00\",\"dateModified\":\"2019-05-22T14:53:21+00:00\",\"breadcrumb\":{\"@id\":\"https:\/\/catapa.be\/nl\/kandidaten-voor-het-europees-parlement-spreken-zich-uit-over-ict\/#breadcrumb\"},\"inLanguage\":\"nl-NL\",\"potentialAction\":[{\"@type\":\"ReadAction\",\"target\":[\"https:\/\/catapa.be\/nl\/kandidaten-voor-het-europees-parlement-spreken-zich-uit-over-ict\/\"]}]},{\"@type\":\"ImageObject\",\"inLanguage\":\"nl-NL\",\"@id\":\"https:\/\/catapa.be\/nl\/kandidaten-voor-het-europees-parlement-spreken-zich-uit-over-ict\/#primaryimage\",\"url\":\"https:\/\/i0.wp.com\/catapa.be\/wp-content\/uploads\/2019\/05\/Mobile-phones-min.png?fit=1076%2C720&ssl=1\",\"contentUrl\":\"https:\/\/i0.wp.com\/catapa.be\/wp-content\/uploads\/2019\/05\/Mobile-phones-min.png?fit=1076%2C720&ssl=1\",\"width\":1076,\"height\":720},{\"@type\":\"BreadcrumbList\",\"@id\":\"https:\/\/catapa.be\/nl\/kandidaten-voor-het-europees-parlement-spreken-zich-uit-over-ict\/#breadcrumb\",\"itemListElement\":[{\"@type\":\"ListItem\",\"position\":1,\"name\":\"Home\",\"item\":\"https:\/\/catapa.be\/nl\/\"},{\"@type\":\"ListItem\",\"position\":2,\"name\":\"Kandidaten voor het Europees Parlement spreken zich uit over ICT\"}]},{\"@type\":\"WebSite\",\"@id\":\"https:\/\/catapa.be\/nl\/#website\",\"url\":\"https:\/\/catapa.be\/nl\/\",\"name\":\"CATAPA vzw\",\"description\":\"Comit\u00e9 Acad\u00e9mico T\u00e9cnico de Asesoramiento a Problemas Ambientales\",\"publisher\":{\"@id\":\"https:\/\/catapa.be\/nl\/#organization\"},\"potentialAction\":[{\"@type\":\"SearchAction\",\"target\":{\"@type\":\"EntryPoint\",\"urlTemplate\":\"https:\/\/catapa.be\/nl\/?s={search_term_string}\"},\"query-input\":{\"@type\":\"PropertyValueSpecification\",\"valueRequired\":true,\"valueName\":\"search_term_string\"}}],\"inLanguage\":\"nl-NL\"},{\"@type\":\"Organization\",\"@id\":\"https:\/\/catapa.be\/nl\/#organization\",\"name\":\"CATAPA vzw\",\"url\":\"https:\/\/catapa.be\/nl\/\",\"logo\":{\"@type\":\"ImageObject\",\"inLanguage\":\"nl-NL\",\"@id\":\"https:\/\/catapa.be\/nl\/#\/schema\/logo\/image\/\",\"url\":\"https:\/\/i0.wp.com\/catapa.be\/wp-content\/uploads\/2019\/02\/NEW20LOGO20SHORT20PNG1.png?fit=1259%2C1321&ssl=1\",\"contentUrl\":\"https:\/\/i0.wp.com\/catapa.be\/wp-content\/uploads\/2019\/02\/NEW20LOGO20SHORT20PNG1.png?fit=1259%2C1321&ssl=1\",\"width\":1259,\"height\":1321,\"caption\":\"CATAPA vzw\"},\"image\":{\"@id\":\"https:\/\/catapa.be\/nl\/#\/schema\/logo\/image\/\"},\"sameAs\":[\"https:\/\/www.facebook.com\/catapa.belgium\/\",\"https:\/\/x.com\/CATAPA_Belgica\",\"https:\/\/www.instagram.com\/catapa_vzw\/\",\"https:\/\/be.linkedin.com\/company\/catapavzw\",\"https:\/\/www.youtube.com\/channel\/UCE52-Fiyv-Fpqf2gi1qhf1g\"]},{\"@type\":\"Person\",\"@id\":\"https:\/\/catapa.be\/nl\/#\/schema\/person\/4ff7c54c9b853941b35cc6d8e46545de\",\"name\":\"admin\",\"url\":\"https:\/\/catapa.be\/nl\/author\/admin\/\"}]}<\/script>\n<!-- \/ Yoast SEO plugin. -->","yoast_head_json":{"title":"Kandidaten voor het Europees Parlement spreken zich uit over ICT - CATAPA vzw","robots":{"index":"index","follow":"follow","max-snippet":"max-snippet:-1","max-image-preview":"max-image-preview:large","max-video-preview":"max-video-preview:-1"},"canonical":"https:\/\/catapa.be\/nl\/kandidaten-voor-het-europees-parlement-spreken-zich-uit-over-ict\/","og_locale":"nl_NL","og_type":"article","og_title":"Kandidaten voor het Europees Parlement spreken zich uit over ICT - CATAPA vzw","og_description":"[vc_row][vc_column][vc_custom_heading text=&#8221;Kandidaten voor het Europees Parlement spreken zich uit over ICT&#8221; font_container=&#8221;tag:h2|text_align:center&#8221; google_fonts=&#8221;font_family:Quicksand%3A300%2Cregular%2C700|font_style:400%20regular%3A400%3Anormal&#8221;][vc_column_text]Bij een bevraging van alle Nederlandstalige kandidaat EU-parlementari\u00ebrs voor de komende verkiezingen, over welke stappen men op Europees niveau zal zetten om deRead More","og_url":"https:\/\/catapa.be\/nl\/kandidaten-voor-het-europees-parlement-spreken-zich-uit-over-ict\/","og_site_name":"CATAPA vzw","article_publisher":"https:\/\/www.facebook.com\/catapa.belgium\/","article_published_time":"2019-05-22T14:51:58+00:00","article_modified_time":"2019-05-22T14:53:21+00:00","og_image":[{"width":1076,"height":720,"url":"https:\/\/i1.wp.com\/catapa.be\/wp-content\/uploads\/2019\/05\/Mobile-phones-min.png?fit=1076%2C720&ssl=1","type":"image\/png"}],"author":"admin","twitter_card":"summary_large_image","twitter_creator":"@CATAPA_Belgica","twitter_site":"@CATAPA_Belgica","twitter_misc":{"Geschreven door":"admin","Geschatte leestijd":"1 minuut"},"schema":{"@context":"https:\/\/schema.org","@graph":[{"@type":"Article","@id":"https:\/\/catapa.be\/nl\/kandidaten-voor-het-europees-parlement-spreken-zich-uit-over-ict\/#article","isPartOf":{"@id":"https:\/\/catapa.be\/nl\/kandidaten-voor-het-europees-parlement-spreken-zich-uit-over-ict\/"},"author":{"name":"admin","@id":"https:\/\/catapa.be\/nl\/#\/schema\/person\/4ff7c54c9b853941b35cc6d8e46545de"},"headline":"Kandidaten voor het Europees Parlement spreken zich uit over ICT","datePublished":"2019-05-22T14:51:58+00:00","dateModified":"2019-05-22T14:53:21+00:00","mainEntityOfPage":{"@id":"https:\/\/catapa.be\/nl\/kandidaten-voor-het-europees-parlement-spreken-zich-uit-over-ict\/"},"wordCount":302,"commentCount":0,"publisher":{"@id":"https:\/\/catapa.be\/nl\/#organization"},"image":{"@id":"https:\/\/catapa.be\/nl\/kandidaten-voor-het-europees-parlement-spreken-zich-uit-over-ict\/#primaryimage"},"thumbnailUrl":"https:\/\/i0.wp.com\/catapa.be\/wp-content\/uploads\/2019\/05\/Mobile-phones-min.png?fit=1076%2C720&ssl=1","articleSection":["Nieuws"],"inLanguage":"nl-NL","potentialAction":[{"@type":"CommentAction","name":"Comment","target":["https:\/\/catapa.be\/nl\/kandidaten-voor-het-europees-parlement-spreken-zich-uit-over-ict\/#respond"]}]},{"@type":"WebPage","@id":"https:\/\/catapa.be\/nl\/kandidaten-voor-het-europees-parlement-spreken-zich-uit-over-ict\/","url":"https:\/\/catapa.be\/nl\/kandidaten-voor-het-europees-parlement-spreken-zich-uit-over-ict\/","name":"Kandidaten voor het Europees Parlement spreken zich uit over ICT - CATAPA vzw","isPartOf":{"@id":"https:\/\/catapa.be\/nl\/#website"},"primaryImageOfPage":{"@id":"https:\/\/catapa.be\/nl\/kandidaten-voor-het-europees-parlement-spreken-zich-uit-over-ict\/#primaryimage"},"image":{"@id":"https:\/\/catapa.be\/nl\/kandidaten-voor-het-europees-parlement-spreken-zich-uit-over-ict\/#primaryimage"},"thumbnailUrl":"https:\/\/i0.wp.com\/catapa.be\/wp-content\/uploads\/2019\/05\/Mobile-phones-min.png?fit=1076%2C720&ssl=1","datePublished":"2019-05-22T14:51:58+00:00","dateModified":"2019-05-22T14:53:21+00:00","breadcrumb":{"@id":"https:\/\/catapa.be\/nl\/kandidaten-voor-het-europees-parlement-spreken-zich-uit-over-ict\/#breadcrumb"},"inLanguage":"nl-NL","potentialAction":[{"@type":"ReadAction","target":["https:\/\/catapa.be\/nl\/kandidaten-voor-het-europees-parlement-spreken-zich-uit-over-ict\/"]}]},{"@type":"ImageObject","inLanguage":"nl-NL","@id":"https:\/\/catapa.be\/nl\/kandidaten-voor-het-europees-parlement-spreken-zich-uit-over-ict\/#primaryimage","url":"https:\/\/i0.wp.com\/catapa.be\/wp-content\/uploads\/2019\/05\/Mobile-phones-min.png?fit=1076%2C720&ssl=1","contentUrl":"https:\/\/i0.wp.com\/catapa.be\/wp-content\/uploads\/2019\/05\/Mobile-phones-min.png?fit=1076%2C720&ssl=1","width":1076,"height":720},{"@type":"BreadcrumbList","@id":"https:\/\/catapa.be\/nl\/kandidaten-voor-het-europees-parlement-spreken-zich-uit-over-ict\/#breadcrumb","itemListElement":[{"@type":"ListItem","position":1,"name":"Home","item":"https:\/\/catapa.be\/nl\/"},{"@type":"ListItem","position":2,"name":"Kandidaten voor het Europees Parlement spreken zich uit over ICT"}]},{"@type":"WebSite","@id":"https:\/\/catapa.be\/nl\/#website","url":"https:\/\/catapa.be\/nl\/","name":"CATAPA vzw","description":"Comit\u00e9 Acad\u00e9mico T\u00e9cnico de Asesoramiento a Problemas Ambientales","publisher":{"@id":"https:\/\/catapa.be\/nl\/#organization"},"potentialAction":[{"@type":"SearchAction","target":{"@type":"EntryPoint","urlTemplate":"https:\/\/catapa.be\/nl\/?s={search_term_string}"},"query-input":{"@type":"PropertyValueSpecification","valueRequired":true,"valueName":"search_term_string"}}],"inLanguage":"nl-NL"},{"@type":"Organization","@id":"https:\/\/catapa.be\/nl\/#organization","name":"CATAPA vzw","url":"https:\/\/catapa.be\/nl\/","logo":{"@type":"ImageObject","inLanguage":"nl-NL","@id":"https:\/\/catapa.be\/nl\/#\/schema\/logo\/image\/","url":"https:\/\/i0.wp.com\/catapa.be\/wp-content\/uploads\/2019\/02\/NEW20LOGO20SHORT20PNG1.png?fit=1259%2C1321&ssl=1","contentUrl":"https:\/\/i0.wp.com\/catapa.be\/wp-content\/uploads\/2019\/02\/NEW20LOGO20SHORT20PNG1.png?fit=1259%2C1321&ssl=1","width":1259,"height":1321,"caption":"CATAPA vzw"},"image":{"@id":"https:\/\/catapa.be\/nl\/#\/schema\/logo\/image\/"},"sameAs":["https:\/\/www.facebook.com\/catapa.belgium\/","https:\/\/x.com\/CATAPA_Belgica","https:\/\/www.instagram.com\/catapa_vzw\/","https:\/\/be.linkedin.com\/company\/catapavzw","https:\/\/www.youtube.com\/channel\/UCE52-Fiyv-Fpqf2gi1qhf1g"]},{"@type":"Person","@id":"https:\/\/catapa.be\/nl\/#\/schema\/person\/4ff7c54c9b853941b35cc6d8e46545de","name":"admin","url":"https:\/\/catapa.be\/nl\/author\/admin\/"}]}},"jetpack_publicize_connections":[],"jetpack_featured_media_url":"https:\/\/i0.wp.com\/catapa.be\/wp-content\/uploads\/2019\/05\/Mobile-phones-min.png?fit=1076%2C720&ssl=1","jetpack_sharing_enabled":true,"jetpack_likes_enabled":true,"jetpack-related-posts":[{"id":12280,"url":"https:\/\/catapa.be\/nl\/press-release-european-parliament-make-ict-fair\/","url_meta":{"origin":11253,"position":0},"title":"Persbericht: Make ICT Fair Ontbijt in het Europees Parlement","author":"Daniela Marques Branco","date":"1 oktober 2019","format":false,"excerpt":"[vc_row][vc_column][vc_column_text] Persbericht: Make ICT Fair Ontbijt in het Europees Parlement Sensibiliseert over de schendingen van de mensenrechten in de ICT-toeleveringsketens. [\/vc_column_text][vc_empty_space][vc_column_text]Op 1 oktober in de ochtend, hield het Make ICT Fair consortium een ontbijt-evenement\u00a0in het Europees Parlement in Brussel, bijgewoond door ongeveer 30 deelnemers.\u00a0 Het evenement werd voorgezeten door het\u2026","rel":"","context":"In &quot;Mijnbouw&quot;","block_context":{"text":"Mijnbouw","link":"https:\/\/catapa.be\/nl\/category\/mijnbouw\/"},"img":{"alt_text":"","src":"https:\/\/i0.wp.com\/catapa.be\/wp-content\/uploads\/2019\/10\/MIF-breakfast1-min.jpg?fit=1200%2C900&ssl=1&resize=350%2C200","width":350,"height":200,"srcset":"https:\/\/i0.wp.com\/catapa.be\/wp-content\/uploads\/2019\/10\/MIF-breakfast1-min.jpg?fit=1200%2C900&ssl=1&resize=350%2C200 1x, https:\/\/i0.wp.com\/catapa.be\/wp-content\/uploads\/2019\/10\/MIF-breakfast1-min.jpg?fit=1200%2C900&ssl=1&resize=525%2C300 1.5x, https:\/\/i0.wp.com\/catapa.be\/wp-content\/uploads\/2019\/10\/MIF-breakfast1-min.jpg?fit=1200%2C900&ssl=1&resize=700%2C400 2x, https:\/\/i0.wp.com\/catapa.be\/wp-content\/uploads\/2019\/10\/MIF-breakfast1-min.jpg?fit=1200%2C900&ssl=1&resize=1050%2C600 3x"},"classes":[]},{"id":9224,"url":"https:\/\/catapa.be\/nl\/make-ict-fair\/","url_meta":{"origin":11253,"position":1},"title":"Make ICT Fair","author":"Karolien Burvenich","date":"24 augustus 2018","format":false,"excerpt":"[vc_row][vc_column][vc_custom_heading text=\"Make ICT Fair\" font_container=\"tag:h2|text_align:center|color:%23000000\" google_fonts=\"font_family:Quicksand%3A300%2Cregular%2C700|font_style:700%20bold%20regular%3A700%3Anormal\"][\/vc_column][\/vc_row][vc_row][vc_column][vc_column_text]Het Make ICT Fair project begon in november 2017, toen 11 Europese organisaties de krachten bundelden met als uiteindelijk doel het leven en de leefomgeving van mensen die worden getroffen door ICT-toeleveringsketens te verbeteren. Make ICT Fair was een Europees gefinancierd project (gesubsidieerd door het\u2026","rel":"","context":"In &quot;Campagnes&quot;","block_context":{"text":"Campagnes","link":"https:\/\/catapa.be\/nl\/category\/campagnes\/"},"img":{"alt_text":"","src":"https:\/\/i0.wp.com\/catapa.be\/wp-content\/uploads\/2018\/09\/FINAL-LOGO-MICTF.png?fit=1166%2C1200&ssl=1&resize=350%2C200","width":350,"height":200,"srcset":"https:\/\/i0.wp.com\/catapa.be\/wp-content\/uploads\/2018\/09\/FINAL-LOGO-MICTF.png?fit=1166%2C1200&ssl=1&resize=350%2C200 1x, https:\/\/i0.wp.com\/catapa.be\/wp-content\/uploads\/2018\/09\/FINAL-LOGO-MICTF.png?fit=1166%2C1200&ssl=1&resize=525%2C300 1.5x, https:\/\/i0.wp.com\/catapa.be\/wp-content\/uploads\/2018\/09\/FINAL-LOGO-MICTF.png?fit=1166%2C1200&ssl=1&resize=700%2C400 2x, https:\/\/i0.wp.com\/catapa.be\/wp-content\/uploads\/2018\/09\/FINAL-LOGO-MICTF.png?fit=1166%2C1200&ssl=1&resize=1050%2C600 3x"},"classes":[]},{"id":30103,"url":"https:\/\/catapa.be\/nl\/eu-resolutie-ep-tegen-het-gebruik-van-cyanide\/","url_meta":{"origin":11253,"position":2},"title":"EU: resolutie EP tegen het gebruik van cyanide","author":"admin","date":"9 juli 2010","format":false,"excerpt":"[vc_row][vc_column][vc_column_text] EU: resolutie EP tegen het gebruik van cyanide Het is al even terug, maar op 5 mei van dit jaar heeft het Europees Parlement een resolutie goedgekeurd waarin het de Commissie en de EU-lidstaten oproept om het gebruik van cyanide te bannen tegen eind 2011 en naar alternatieven te\u2026","rel":"","context":"In &quot;Mining in Paradise&quot;","block_context":{"text":"Mining in Paradise","link":"https:\/\/catapa.be\/nl\/category\/afgelopen-campagnes-en-projecten\/mining-in-paradise\/"},"img":{"alt_text":"","src":"","width":0,"height":0},"classes":[]},{"id":30493,"url":"https:\/\/catapa.be\/nl\/rosia-montana-in-roemenie-europas-nieuwste-goudmijncase\/","url_meta":{"origin":11253,"position":3},"title":"Rosia Montana in Roemeni\u00eb: Europa\u2019s nieuwste goudmijncase.","author":"Alberto V\u00e1zquez Ruiz","date":"5 september 2013","format":false,"excerpt":"[vc_row][vc_column][vc_column_text] Op 8 september kwamen zo\u2019n 8.000 mensen bij elkaar in Boekarest \u2013 met \u00e9\u00e9n boodschap: \u201cNEE!\u201d tegen de uitbreiding en modernisering van de ouderwetse goudmijnen in Rosia Montana, Transsylvani\u00eb. Dezelfde boodschap werd uitgedragen door zo\u2019n 6.000 mensen in de stad Cluj, 900 in het dorp Brasov en vele anderen\u2026","rel":"","context":"In &quot;Goud:Eerlijk&quot;","block_context":{"text":"Goud:Eerlijk","link":"https:\/\/catapa.be\/nl\/category\/afgelopen-campagnes-en-projecten\/goudeerlijk\/"},"img":{"alt_text":"","src":"","width":0,"height":0},"classes":[]},{"id":21205,"url":"https:\/\/catapa.be\/nl\/pilootorganisaties-van-catapa-zich-in-voor-eerlijke-ict\/","url_meta":{"origin":11253,"position":4},"title":"Pilootorganisaties van CATAPA zetten zich in voor eerlijke ICT","author":"Jacoba","date":"20 mei 2021","format":false,"excerpt":"[vc_row][vc_column][vc_column_text] Pilootorganisaties van CATAPA zetten zich in voor eerlijke ICT\u00a0 \u00a0 [\/vc_column_text][vc_column_text css_animation=\"bounceInUp\"] De twee Gentse pilootorganisaties van het project \u2018Fair ICT Flanders\u2019, de Universiteit van Gent en District09 sluiten zich beiden aan bij Electronics Watch, een internationale organisatie die ijvert voor betere arbeidsomstandigheden in het productieproces van elektronica. [\/vc_column_text][vc_column_text]\u2026","rel":"","context":"In &quot;Nieuws&quot;","block_context":{"text":"Nieuws","link":"https:\/\/catapa.be\/nl\/category\/nieuws\/"},"img":{"alt_text":"","src":"https:\/\/i0.wp.com\/catapa.be\/wp-content\/uploads\/2021\/05\/5.png?fit=1200%2C675&ssl=1&resize=350%2C200","width":350,"height":200,"srcset":"https:\/\/i0.wp.com\/catapa.be\/wp-content\/uploads\/2021\/05\/5.png?fit=1200%2C675&ssl=1&resize=350%2C200 1x, https:\/\/i0.wp.com\/catapa.be\/wp-content\/uploads\/2021\/05\/5.png?fit=1200%2C675&ssl=1&resize=525%2C300 1.5x, https:\/\/i0.wp.com\/catapa.be\/wp-content\/uploads\/2021\/05\/5.png?fit=1200%2C675&ssl=1&resize=700%2C400 2x, https:\/\/i0.wp.com\/catapa.be\/wp-content\/uploads\/2021\/05\/5.png?fit=1200%2C675&ssl=1&resize=1050%2C600 3x"},"classes":[]},{"id":20166,"url":"https:\/\/catapa.be\/nl\/10-manieren-waarop-catapa-het-opnam-tegen-de-mijnbouwindustrie-in-2020\/","url_meta":{"origin":11253,"position":5},"title":"10 Manieren Waarop CATAPA het Opnam Tegen de Mijnbouwindustrie in 2020","author":"Harry Carter","date":"26 januari 2021","format":false,"excerpt":"[vc_row][vc_column][vc_column_text] 10 Manieren Waarop CATAPA het Opnam Tegen de Mijnbouwindusrie in 2020 Omwille van de Covid-19-pandemie is het wereldwijd een moeilijk jaar geweest, niet in het minst voor gemeenschappen die het hoofd moeten bieden aan mijnbouwprojecten die de situatie waarin we ons nu bevinden proberen uit te buiten. Ondanks deze\u2026","rel":"","context":"In &quot;Bolivia&quot;","block_context":{"text":"Bolivia","link":"https:\/\/catapa.be\/nl\/category\/partnerlanden\/bolivia\/"},"img":{"alt_text":"","src":"https:\/\/i0.wp.com\/catapa.be\/wp-content\/uploads\/2021\/01\/Star-Watchers-4.png?fit=640%2C640&ssl=1&resize=350%2C200","width":350,"height":200,"srcset":"https:\/\/i0.wp.com\/catapa.be\/wp-content\/uploads\/2021\/01\/Star-Watchers-4.png?fit=640%2C640&ssl=1&resize=350%2C200 1x, https:\/\/i0.wp.com\/catapa.be\/wp-content\/uploads\/2021\/01\/Star-Watchers-4.png?fit=640%2C640&ssl=1&resize=525%2C300 1.5x"},"classes":[]}],"_links":{"self":[{"href":"https:\/\/catapa.be\/nl\/wp-json\/wp\/v2\/posts\/11253","targetHints":{"allow":["GET"]}}],"collection":[{"href":"https:\/\/catapa.be\/nl\/wp-json\/wp\/v2\/posts"}],"about":[{"href":"https:\/\/catapa.be\/nl\/wp-json\/wp\/v2\/types\/post"}],"author":[{"embeddable":true,"href":"https:\/\/catapa.be\/nl\/wp-json\/wp\/v2\/users\/1"}],"replies":[{"embeddable":true,"href":"https:\/\/catapa.be\/nl\/wp-json\/wp\/v2\/comments?post=11253"}],"version-history":[{"count":2,"href":"https:\/\/catapa.be\/nl\/wp-json\/wp\/v2\/posts\/11253\/revisions"}],"predecessor-version":[{"id":11267,"href":"https:\/\/catapa.be\/nl\/wp-json\/wp\/v2\/posts\/11253\/revisions\/11267"}],"wp:featuredmedia":[{"embeddable":true,"href":"https:\/\/catapa.be\/nl\/wp-json\/wp\/v2\/media\/11263"}],"wp:attachment":[{"href":"https:\/\/catapa.be\/nl\/wp-json\/wp\/v2\/media?parent=11253"}],"wp:term":[{"taxonomy":"category","embeddable":true,"href":"https:\/\/catapa.be\/nl\/wp-json\/wp\/v2\/categories?post=11253"},{"taxonomy":"post_tag","embeddable":true,"href":"https:\/\/catapa.be\/nl\/wp-json\/wp\/v2\/tags?post=11253"}],"curies":[{"name":"wp","href":"https:\/\/api.w.org\/{rel}","templated":true}]}}