{"id":14435,"date":"2020-05-20T11:33:32","date_gmt":"2020-05-20T09:33:32","guid":{"rendered":"https:\/\/catapa.be\/ecuador-extractivism-in-the-midst-of-an-economic-and-sanitary-crisis-covid-19\/"},"modified":"2021-12-14T10:31:50","modified_gmt":"2021-12-14T09:31:50","slug":"ecuador-extractivism-in-the-midst-of-an-economic-and-sanitary-crisis-covid-19","status":"publish","type":"post","link":"https:\/\/catapa.be\/nl\/ecuador-extractivism-in-the-midst-of-an-economic-and-sanitary-crisis-covid-19\/","title":{"rendered":"Ecuador: extractivisme tijdens een economische en gezondheidscrisis (COVID-19)"},"content":{"rendered":"<div class=\"wpb-content-wrapper\"><p>[vc_row][vc_column][vc_column_text]<\/p>\n<h2 style=\"text-align: left;\"><strong>Ecuador: extractivisme tijdens een economische en gezondheidscrisis (COVID-19)<\/strong><\/h2>\n<h2 style=\"text-align: left;\"><strong>\u00a0<\/strong><\/h2>\n<p><em>Author: Kim Baert<\/em>[\/vc_column_text][vc_column_text]<\/p>\n<p style=\"text-align: justify;\">Na Brazili\u00eb en Peru is Ecuador het zwaarst getroffen land van Latijns-Amerika door het COVID-19 coronavirus. Tot vandaag (14 mei 2020) melden de offici\u00eble cijfers 30,502 bevestigde gevallen en 2,338 sterfgevallen. Deze aantallen worden echter vanuit verschillende hoeken in vraag gesteld, omdat ze een onderschatting van de realiteit zouden zijn. Ecuador, zoals andere landen in Latijns-Amerika, heeft een enorme achterstand bij het testen van grote delen van de bevolking op het virus, en ook het dodental zou veel hoger liggen dan aangegeven.<\/p>\n<p>[\/vc_column_text][vc_column_text]<\/p>\n<p style=\"text-align: justify;\">Het epicentrum van de epidemie in Ecuador bevindt zich in de havenstad Guayaquil, de op \u00e9\u00e9n na grootste stad van Ecuador. Eind maart doken de eerste beelden op van lijken die, in plastic gewikkeld, op straten en in afvalcontainers werden achtergelaten, en van kartonnen dozen die gebruikt werden om dode lichamen op te bergen. De stad telde in maart meer dan 70% van alle bevestigde gevallen in het land, een percentage dat ondertussen is gedaald naar 55%. Na Guayaquil is de hoofdstad Quito in de provincie Pichincha de hardst getroffen regio, maar bleef ze zoals andere delen van Ecuador grotendeels gespaard van dergelijke rampscenario\u2019s.<\/p>\n<p>[\/vc_column_text][vc_single_image image=&#8221;14421&#8243; img_size=&#8221;full&#8221; add_caption=&#8221;yes&#8221; alignment=&#8221;center&#8221;][vc_empty_space height=&#8221;45px&#8221;][vc_column_text]<\/p>\n<h4>Sanitair rampenplan vs. economische malaise<\/h4>\n<p style=\"text-align: justify;\">President Lenin Moreno kwam zwaar onder druk te staan. Talrijke organisaties en leden van het maatschappelijk middenveld vroegen zich af hoe de regering deze gezondheidscrisis zou aanpakken. Voor een land dat zich momenteel al in een economische en politieke crisis bevindt, vormt COVID-19 immers een immense uitdaging: een torenhoge buitenlandse schuld en de dalende olieprijs plaatsen Ecuador in een bijzonder kwetsbare positie.<\/p>\n<p style=\"text-align: justify;\">Het maatschappelijk middenveld en het parlement spoorden de regering aan om de voorziene terugbetaling van schulden in maart 2020\u00a0 uit te stellen, om zo meer middelen aan het gezondheidssysteem te kunnen besteden. De Ecuadoriaanse overheid betaalde op 24 maart uiteindelijk toch een bedrag van 325 miljoen dollar terug. De grootste schuldeisers zijn het Internationaal Monetair Fonds (IMF), de Wereldbank en China. Deze terugbetaling lokte heel wat kritiek uit in Ecuador, omdat het voor velen duidelijk maakte dat de huidige regering Moreno de gezondheid van haar burgers niet als prioritair beschouwt. Na verschillende onderhandelingen tussen Ecuador en de schuldeisers kwamen andere schuldaflossingen wel in aanmerking voor een uitstel van betaling. Bovendien werd bij het IMF financi\u00eble noodhulp aangevraagd om de huidige gezondheidscrisis het hoofd te kunnen bieden.<\/p>\n<p style=\"text-align: justify;\">De dalende olieprijs richtte extra schade toe aan een reeds wankele nationale economie, die voornamelijk afhankelijk is van olie-export. De sector kreeg het de laatste maanden erg hard te verduren. De coronacrisis, de dalende vraag naar olie, en het daaropvolgende conflict tussen Saudi-Arabi\u00eb en Rusland, leidde tot een daling van de globale olieprijs, en dit betekende een harde klap voor alle olie-exporterende landen, inclusief Ecuador. <a href=\"#_ftn1\" name=\"_ftnref1\"><sup>[1]<\/sup><\/a><\/p>\n<p style=\"text-align: justify;\">Hierop volgde dan\u00a0 een historische gebeurtenis : op 20 april 2020 daalde de olieprijs van de Amerikaanse WTI (West Texas Intermediate) tot wel liefst &#8211; $37 per vat, een prijs onder nul. De WTI geldt als maatstaf voor de olieprijs in Ecuador, waar dezelfde tendens zich voordeed. Deze negatieve prijs valt te verklaren door de lage vraag naar olie en het tekort aan opslagplaats om de olievaten te bewaren.<\/p>\n<p style=\"text-align: justify;\"><a href=\"#_ftnref1\" name=\"_ftn1\"><sup>[1]<\/sup><\/a> Op 1 januari 2020 trok Ecuador zich terug uit de OPEC, de Organisatie van Olie-exporterende Landen. Het land trad in 1973 toe tot de organisatie, trok zich in 1992 al eens terug om in 2007 opnieuw toe te treden. De terugtrekking heeft voornamelijk te maken met de vrijheid die het land verwerft om de olieproductie op te drijven.<\/p>\n<p>[\/vc_column_text][vc_single_image image=&#8221;14418&#8243; img_size=&#8221;full&#8221; add_caption=&#8221;yes&#8221; alignment=&#8221;center&#8221;][vc_empty_space height=&#8221;45px&#8221;][vc_column_text]<\/p>\n<h4 style=\"text-align: justify;\">Olielek in het noordelijke amazonegebied<\/h4>\n<p style=\"text-align: justify;\">Bovenop de dalende olieprijzen werd de olie-industrie getroffen door een zware klap met een grote ecologische impact. Op 7 april 2020 &#8211; te midden van de coronacrisis &#8211; bracht een olielek ernstige schade aan in het noordelijke amazonegebied van Ecuador, meer bepaald op de grens tussen de provincies Napo en Sucumbios.<\/p>\n<p style=\"text-align: justify;\">De oorzaak van het lek was de breuk van verschillende oliepijpleidingen, waaronder SOTE (Sistema de Oleoducto Transecuatoriano), OCP (Oleoducto de Crudos Pesados) en het Poliducto Shushufindi-Quito. De breuk deed zich voor na erosie in de rivier Coca, met grondverzakkingen en drukafname in de leidingen als gevolg.<\/p>\n<p style=\"text-align: justify;\">De bedrijven Petroecuador en OCP lieten meteen weten dat ze de productie van olie tijdelijk gingen opschorten. Nu, een maand later, hopen ze opnieuw te kunnen produceren, ondanks het feit dat er nog geen duidelijke maatregelen genomen werden om de schade van het lek te remedi\u00ebren.<\/p>\n<p>[\/vc_column_text][vc_single_image image=&#8221;14424&#8243; img_size=&#8221;full&#8221; add_caption=&#8221;yes&#8221; alignment=&#8221;center&#8221;][vc_column_text]<\/p>\n<p style=\"text-align: justify;\">De zone waar het olielek zich voordeed, wordt beschouwd als een uiterst risicovolle regio. Milieuorganisaties zoals Acci\u00f3n Ecol\u00f3gica en experten in geologie hadden bij de bouw van de oliepijpleidingen al gewaarschuwd voor de mogelijke ecologische en sociale gevolgen. De route van het olielek loopt namelijk niet alleen langs de actieve vulkaan Reventador maar ook langs drie beschermde nationale parken (<em>Cayambe Coca<\/em>, <em>Sumaco Napo Gelaras<\/em> en <em>Yasuni<\/em>). Ook de sociale impact van de breuk is groot: het lek doorkruist bevolkingscentra en vervuilde niet alleen de Coca rivier maar ook haar zijtakken, waardoor meer dan 35.000 personen zonder proper water achterblijven. Een ramp die op het slechtst mogelijke moment komt, midden in de coronacrisis.<\/p>\n<p>[\/vc_column_text][vc_empty_space height=&#8221;45px&#8221;][vc_column_text]<\/p>\n<h4 style=\"text-align: justify;\">Mijnbouw in tijden van corona<\/h4>\n<p style=\"text-align: justify;\">Als antwoord op de huidige economische en gezondheidscrisis, stelde de mijnbouwsector in Ecuador zich voorop als de mogelijke redding uit deze precaire situatie. In vergelijking met de lange geschiedenis van de oliesector, is mijnbouw een relatief nieuwe industrie in Ecuador, weliswaar met een gelijkaardige sociale en ecologische impact.<\/p>\n<p style=\"text-align: justify;\">Hoewel de regering midden maart vrij strenge maatregelen nam om de volksgezondheid te beschermen, gelden de quarantaineregels blijkbaar niet voor iedereen. De mijnbouwbedrijven die in Ecuador opereren, gaven aan hun activiteiten tijdelijk\u00a0 te zullen opschorten vanwege de uitbraak van COVID-19. In de praktijk gingen de werkzaamheden echter gewoon verder.<\/p>\n<p style=\"text-align: justify;\">Bovendien maakte de mijnbouwsector misbruik van de quarantainemaatregelen om materiaal voor verdere exploratie of exploitatie ter plaatse te krijgen. Dit gebeurde op verschillende locaties in het land. In de provincie Pichincha en meer bepaald in de regio van Pacto (DMQ), benutte een mijnbouwbedrijf op 16 maart de noodsituatie om met\u00a0 vrachtwagens binnen te rijden en er machines te installeren. Deze ontwikkelingen zouden onder normale omstandigheden niet zomaar mogelijk geweest zijn, omwille van het verzet van de lokale bevolking.<\/p>\n<p>[\/vc_column_text][vc_single_image image=&#8221;14427&#8243; img_size=&#8221;full&#8221; add_caption=&#8221;yes&#8221; alignment=&#8221;center&#8221;][vc_column_text]<\/p>\n<p style=\"text-align: justify;\">Mijnbouw &#8211; en oliebedrijven worden in Ecuador beschouwd als strategische sectoren en kregen daarom \u2018carte blanche\u2019 om verder te kunnen opereren. Er ontstond heel wat kritiek omdat bedrijven op die manier lokale en inheemse gemeenschappen in gevaar brengen. Volgens <em>MiningWatch Canada<\/em> vormen mijnbouwkampen, ondanks de huidige maatregelen, een groot risico voor de verdere verspreiding van het coronavirus. Mijnbouwregio\u2019s zijn vaak afgelegen van adequate medische voorzieningen en er is minder toegang tot veilig drinkwater. Zo meldde de inheemse Shuar-gemeenschap dat de aanwezigheid van mijnbouwbedrijven in de zuidelijke provincies van Ecuador hen in een zeer kwetsbare positie plaatst.<\/p>\n<p style=\"text-align: justify;\">De twee grootste mijnbouwprojecten in het land, Fruta del Norte (goudmijnbouw) en El Mirador (kopermijnbouw), die in 2019 officieel van start gingen met de opgraving en productie van goud en koper, hebben hun aantal werknemers op locatie wel met meer dan de helft verminderd. Lokale autoriteiten in de provincie Zamora Chinchipe, waar de projecten zich bevinden, hadden opgeroepen om de productie tijdelijk op te schorten om transport en verplaatsing in en uit het terrein te reduceren. El Mirador gaf gevolg aan deze oproep en besloot in tussentijd te focussen op de bouw van een tweede residu-dam (\u2018Tundayme\u2018) om chemisch afval in te bewaren. Eenmaal de corona-maatregelen worden opgeheven, zal El Mirador haar productie opnieuw volop opdrijven.<\/p>\n<p>[\/vc_column_text][vc_single_image image=&#8221;14430&#8243; img_size=&#8221;full&#8221; add_caption=&#8221;yes&#8221; alignment=&#8221;center&#8221;][vc_column_text]<\/p>\n<p style=\"text-align: justify;\">De recente ondergang van de olie-industrie in Ecuador doet vragen rijzen over de te grote afhankelijkheid van ruwe grondstoffen en het te stug vasthouden aan niet-hernieuwbare en eindige energiebronnen. Er heerst eveneens ongerustheid bij milieuorganisaties over de snelle opkomst van de mijnbouwsector, die belooft om de natie uit de crisis te loodsen, maar die net als de olie-industrie enorme schade berokkent aan lokale gemeenschappen en aan het milieu. De laatste decennia hebben reeds aangetoond dat de extreme afhankelijk van de winningsindustrie in Ecuador grote sociale en ecologische gevolgen heeft en het land in een kwetsbare positie plaatst. Een realiteit die door de huidige economische en gezondheidscrisis nog maar eens wordt bevestigd.<\/p>\n<p>[\/vc_column_text][vc_empty_space][vc_column_text]Lees meer over de gevolgen van de COVID-19 gezondheidscrisis voor Peru, de <a href=\"https:\/\/catapa.be\/nl\/ten-days-of-quarantine-in-peru\/\">eerste tien dagen van de quarantaine<\/a> en de huidige situatie in het <a href=\"https:\/\/catapa.be\/nl\/covid-19-in-the-peruvian-amazon-challenges-for-the-most-vulnerable-communities-of-loreto\/\">Peruaanse Amazonegebied<\/a>.[\/vc_column_text][\/vc_column][\/vc_row]<\/p>\n<\/div>","protected":false},"excerpt":{"rendered":"<p>[vc_row][vc_column][vc_column_text] Ecuador: extractivisme tijdens een economische en gezondheidscrisis (COVID-19) \u00a0 Author: Kim Baert[\/vc_column_text][vc_column_text] Na Brazili\u00eb en Peru is Ecuador het zwaarst getroffen land van Latijns-Amerika door het COVID-19 coronavirus. Tot vandaag (14 mei 2020) melden<br \/><a class=\"read-more\" href=\"https:\/\/catapa.be\/nl\/ecuador-extractivism-in-the-midst-of-an-economic-and-sanitary-crisis-covid-19\/\">Read More<\/a><\/p>\n","protected":false},"author":36,"featured_media":14418,"comment_status":"open","ping_status":"open","sticky":false,"template":"","format":"standard","meta":{"_exactmetrics_skip_tracking":false,"_exactmetrics_sitenote_active":false,"_exactmetrics_sitenote_note":"","_exactmetrics_sitenote_category":0,"jetpack_post_was_ever_published":false,"_jetpack_newsletter_access":"","_jetpack_dont_email_post_to_subs":false,"_jetpack_newsletter_tier_id":0,"_jetpack_memberships_contains_paywalled_content":false,"_jetpack_memberships_contains_paid_content":false,"footnotes":"","jetpack_publicize_message":"","jetpack_publicize_feature_enabled":true,"jetpack_social_post_already_shared":true,"jetpack_social_options":{"image_generator_settings":{"template":"highway","default_image_id":0,"font":"","enabled":false},"version":2}},"categories":[549,488,504,470],"tags":[],"class_list":["post-14435","post","type-post","status-publish","format-standard","has-post-thumbnail","hentry","category-covid-19","category-ecuador-2-partnerlanden","category-mining","category-news"],"yoast_head":"<!-- This site is optimized with the Yoast SEO plugin v26.8 - https:\/\/yoast.com\/product\/yoast-seo-wordpress\/ -->\n<title>Ecuador: extractivisme tijdens een economische en gezondheidscrisis (COVID-19) - CATAPA vzw<\/title>\n<meta name=\"robots\" content=\"index, follow, max-snippet:-1, max-image-preview:large, max-video-preview:-1\" \/>\n<link rel=\"canonical\" href=\"https:\/\/catapa.be\/nl\/ecuador-extractivism-in-the-midst-of-an-economic-and-sanitary-crisis-covid-19\/\" \/>\n<meta property=\"og:locale\" content=\"nl_NL\" \/>\n<meta property=\"og:type\" content=\"article\" \/>\n<meta property=\"og:title\" content=\"Ecuador: extractivisme tijdens een economische en gezondheidscrisis (COVID-19) - CATAPA vzw\" \/>\n<meta property=\"og:description\" content=\"[vc_row][vc_column][vc_column_text] Ecuador: extractivisme tijdens een economische en gezondheidscrisis (COVID-19) \u00a0 Author: Kim Baert[\/vc_column_text][vc_column_text] Na Brazili\u00eb en Peru is Ecuador het zwaarst getroffen land van Latijns-Amerika door het COVID-19 coronavirus. Tot vandaag (14 mei 2020) meldenRead More\" \/>\n<meta property=\"og:url\" content=\"https:\/\/catapa.be\/nl\/ecuador-extractivism-in-the-midst-of-an-economic-and-sanitary-crisis-covid-19\/\" \/>\n<meta property=\"og:site_name\" content=\"CATAPA vzw\" \/>\n<meta property=\"article:publisher\" content=\"https:\/\/www.facebook.com\/catapa.belgium\/\" \/>\n<meta property=\"article:published_time\" content=\"2020-05-20T09:33:32+00:00\" \/>\n<meta property=\"article:modified_time\" content=\"2021-12-14T09:31:50+00:00\" \/>\n<meta property=\"og:image\" content=\"https:\/\/catapa.be\/wp-content\/uploads\/2020\/05\/ecuadorpost1.png\" \/>\n\t<meta property=\"og:image:width\" content=\"960\" \/>\n\t<meta property=\"og:image:height\" content=\"640\" \/>\n\t<meta property=\"og:image:type\" content=\"image\/png\" \/>\n<meta name=\"author\" content=\"Daniela Marques Branco\" \/>\n<meta name=\"twitter:card\" content=\"summary_large_image\" \/>\n<meta name=\"twitter:creator\" content=\"@CATAPA_Belgica\" \/>\n<meta name=\"twitter:site\" content=\"@CATAPA_Belgica\" \/>\n<meta name=\"twitter:label1\" content=\"Geschreven door\" \/>\n\t<meta name=\"twitter:data1\" content=\"Daniela Marques Branco\" \/>\n\t<meta name=\"twitter:label2\" content=\"Geschatte leestijd\" \/>\n\t<meta name=\"twitter:data2\" content=\"8 minuten\" \/>\n<script type=\"application\/ld+json\" class=\"yoast-schema-graph\">{\"@context\":\"https:\/\/schema.org\",\"@graph\":[{\"@type\":\"Article\",\"@id\":\"https:\/\/catapa.be\/nl\/ecuador-extractivism-in-the-midst-of-an-economic-and-sanitary-crisis-covid-19\/#article\",\"isPartOf\":{\"@id\":\"https:\/\/catapa.be\/nl\/ecuador-extractivism-in-the-midst-of-an-economic-and-sanitary-crisis-covid-19\/\"},\"author\":{\"name\":\"Daniela Marques Branco\",\"@id\":\"https:\/\/catapa.be\/nl\/#\/schema\/person\/95bd3b08638eed476945cac7c45b182d\"},\"headline\":\"Ecuador: extractivisme tijdens een economische en gezondheidscrisis (COVID-19)\",\"datePublished\":\"2020-05-20T09:33:32+00:00\",\"dateModified\":\"2021-12-14T09:31:50+00:00\",\"mainEntityOfPage\":{\"@id\":\"https:\/\/catapa.be\/nl\/ecuador-extractivism-in-the-midst-of-an-economic-and-sanitary-crisis-covid-19\/\"},\"wordCount\":1509,\"commentCount\":0,\"publisher\":{\"@id\":\"https:\/\/catapa.be\/nl\/#organization\"},\"image\":{\"@id\":\"https:\/\/catapa.be\/nl\/ecuador-extractivism-in-the-midst-of-an-economic-and-sanitary-crisis-covid-19\/#primaryimage\"},\"thumbnailUrl\":\"https:\/\/i0.wp.com\/catapa.be\/wp-content\/uploads\/2020\/05\/ecuadorpost1.png?fit=960%2C640&ssl=1\",\"articleSection\":[\"COVID-19\",\"Ecuador\",\"Mining\",\"News\"],\"inLanguage\":\"nl-NL\",\"potentialAction\":[{\"@type\":\"CommentAction\",\"name\":\"Comment\",\"target\":[\"https:\/\/catapa.be\/nl\/ecuador-extractivism-in-the-midst-of-an-economic-and-sanitary-crisis-covid-19\/#respond\"]}]},{\"@type\":\"WebPage\",\"@id\":\"https:\/\/catapa.be\/nl\/ecuador-extractivism-in-the-midst-of-an-economic-and-sanitary-crisis-covid-19\/\",\"url\":\"https:\/\/catapa.be\/nl\/ecuador-extractivism-in-the-midst-of-an-economic-and-sanitary-crisis-covid-19\/\",\"name\":\"Ecuador: extractivisme tijdens een economische en gezondheidscrisis (COVID-19) - CATAPA vzw\",\"isPartOf\":{\"@id\":\"https:\/\/catapa.be\/nl\/#website\"},\"primaryImageOfPage\":{\"@id\":\"https:\/\/catapa.be\/nl\/ecuador-extractivism-in-the-midst-of-an-economic-and-sanitary-crisis-covid-19\/#primaryimage\"},\"image\":{\"@id\":\"https:\/\/catapa.be\/nl\/ecuador-extractivism-in-the-midst-of-an-economic-and-sanitary-crisis-covid-19\/#primaryimage\"},\"thumbnailUrl\":\"https:\/\/i0.wp.com\/catapa.be\/wp-content\/uploads\/2020\/05\/ecuadorpost1.png?fit=960%2C640&ssl=1\",\"datePublished\":\"2020-05-20T09:33:32+00:00\",\"dateModified\":\"2021-12-14T09:31:50+00:00\",\"breadcrumb\":{\"@id\":\"https:\/\/catapa.be\/nl\/ecuador-extractivism-in-the-midst-of-an-economic-and-sanitary-crisis-covid-19\/#breadcrumb\"},\"inLanguage\":\"nl-NL\",\"potentialAction\":[{\"@type\":\"ReadAction\",\"target\":[\"https:\/\/catapa.be\/nl\/ecuador-extractivism-in-the-midst-of-an-economic-and-sanitary-crisis-covid-19\/\"]}]},{\"@type\":\"ImageObject\",\"inLanguage\":\"nl-NL\",\"@id\":\"https:\/\/catapa.be\/nl\/ecuador-extractivism-in-the-midst-of-an-economic-and-sanitary-crisis-covid-19\/#primaryimage\",\"url\":\"https:\/\/i0.wp.com\/catapa.be\/wp-content\/uploads\/2020\/05\/ecuadorpost1.png?fit=960%2C640&ssl=1\",\"contentUrl\":\"https:\/\/i0.wp.com\/catapa.be\/wp-content\/uploads\/2020\/05\/ecuadorpost1.png?fit=960%2C640&ssl=1\",\"width\":960,\"height\":640,\"caption\":\"Foto: Corona epidemie in Guayaquil (Foto \u00a9 Ivan Castaneira)\"},{\"@type\":\"BreadcrumbList\",\"@id\":\"https:\/\/catapa.be\/nl\/ecuador-extractivism-in-the-midst-of-an-economic-and-sanitary-crisis-covid-19\/#breadcrumb\",\"itemListElement\":[{\"@type\":\"ListItem\",\"position\":1,\"name\":\"Home\",\"item\":\"https:\/\/catapa.be\/nl\/\"},{\"@type\":\"ListItem\",\"position\":2,\"name\":\"Ecuador: extractivisme tijdens een economische en gezondheidscrisis (COVID-19)\"}]},{\"@type\":\"WebSite\",\"@id\":\"https:\/\/catapa.be\/nl\/#website\",\"url\":\"https:\/\/catapa.be\/nl\/\",\"name\":\"CATAPA vzw\",\"description\":\"Comit\u00e9 Acad\u00e9mico T\u00e9cnico de Asesoramiento a Problemas Ambientales\",\"publisher\":{\"@id\":\"https:\/\/catapa.be\/nl\/#organization\"},\"potentialAction\":[{\"@type\":\"SearchAction\",\"target\":{\"@type\":\"EntryPoint\",\"urlTemplate\":\"https:\/\/catapa.be\/nl\/?s={search_term_string}\"},\"query-input\":{\"@type\":\"PropertyValueSpecification\",\"valueRequired\":true,\"valueName\":\"search_term_string\"}}],\"inLanguage\":\"nl-NL\"},{\"@type\":\"Organization\",\"@id\":\"https:\/\/catapa.be\/nl\/#organization\",\"name\":\"CATAPA vzw\",\"url\":\"https:\/\/catapa.be\/nl\/\",\"logo\":{\"@type\":\"ImageObject\",\"inLanguage\":\"nl-NL\",\"@id\":\"https:\/\/catapa.be\/nl\/#\/schema\/logo\/image\/\",\"url\":\"https:\/\/i0.wp.com\/catapa.be\/wp-content\/uploads\/2019\/02\/NEW20LOGO20SHORT20PNG1.png?fit=1259%2C1321&ssl=1\",\"contentUrl\":\"https:\/\/i0.wp.com\/catapa.be\/wp-content\/uploads\/2019\/02\/NEW20LOGO20SHORT20PNG1.png?fit=1259%2C1321&ssl=1\",\"width\":1259,\"height\":1321,\"caption\":\"CATAPA vzw\"},\"image\":{\"@id\":\"https:\/\/catapa.be\/nl\/#\/schema\/logo\/image\/\"},\"sameAs\":[\"https:\/\/www.facebook.com\/catapa.belgium\/\",\"https:\/\/x.com\/CATAPA_Belgica\",\"https:\/\/www.instagram.com\/catapa_vzw\/\",\"https:\/\/be.linkedin.com\/company\/catapavzw\",\"https:\/\/www.youtube.com\/channel\/UCE52-Fiyv-Fpqf2gi1qhf1g\"]},{\"@type\":\"Person\",\"@id\":\"https:\/\/catapa.be\/nl\/#\/schema\/person\/95bd3b08638eed476945cac7c45b182d\",\"name\":\"Daniela Marques Branco\",\"url\":\"https:\/\/catapa.be\/nl\/author\/daniela-marques\/\"}]}<\/script>\n<!-- \/ Yoast SEO plugin. -->","yoast_head_json":{"title":"Ecuador: extractivisme tijdens een economische en gezondheidscrisis (COVID-19) - CATAPA vzw","robots":{"index":"index","follow":"follow","max-snippet":"max-snippet:-1","max-image-preview":"max-image-preview:large","max-video-preview":"max-video-preview:-1"},"canonical":"https:\/\/catapa.be\/nl\/ecuador-extractivism-in-the-midst-of-an-economic-and-sanitary-crisis-covid-19\/","og_locale":"nl_NL","og_type":"article","og_title":"Ecuador: extractivisme tijdens een economische en gezondheidscrisis (COVID-19) - CATAPA vzw","og_description":"[vc_row][vc_column][vc_column_text] Ecuador: extractivisme tijdens een economische en gezondheidscrisis (COVID-19) \u00a0 Author: Kim Baert[\/vc_column_text][vc_column_text] Na Brazili\u00eb en Peru is Ecuador het zwaarst getroffen land van Latijns-Amerika door het COVID-19 coronavirus. Tot vandaag (14 mei 2020) meldenRead More","og_url":"https:\/\/catapa.be\/nl\/ecuador-extractivism-in-the-midst-of-an-economic-and-sanitary-crisis-covid-19\/","og_site_name":"CATAPA vzw","article_publisher":"https:\/\/www.facebook.com\/catapa.belgium\/","article_published_time":"2020-05-20T09:33:32+00:00","article_modified_time":"2021-12-14T09:31:50+00:00","og_image":[{"width":960,"height":640,"url":"https:\/\/catapa.be\/wp-content\/uploads\/2020\/05\/ecuadorpost1.png","type":"image\/png"}],"author":"Daniela Marques Branco","twitter_card":"summary_large_image","twitter_creator":"@CATAPA_Belgica","twitter_site":"@CATAPA_Belgica","twitter_misc":{"Geschreven door":"Daniela Marques Branco","Geschatte leestijd":"8 minuten"},"schema":{"@context":"https:\/\/schema.org","@graph":[{"@type":"Article","@id":"https:\/\/catapa.be\/nl\/ecuador-extractivism-in-the-midst-of-an-economic-and-sanitary-crisis-covid-19\/#article","isPartOf":{"@id":"https:\/\/catapa.be\/nl\/ecuador-extractivism-in-the-midst-of-an-economic-and-sanitary-crisis-covid-19\/"},"author":{"name":"Daniela Marques Branco","@id":"https:\/\/catapa.be\/nl\/#\/schema\/person\/95bd3b08638eed476945cac7c45b182d"},"headline":"Ecuador: extractivisme tijdens een economische en gezondheidscrisis (COVID-19)","datePublished":"2020-05-20T09:33:32+00:00","dateModified":"2021-12-14T09:31:50+00:00","mainEntityOfPage":{"@id":"https:\/\/catapa.be\/nl\/ecuador-extractivism-in-the-midst-of-an-economic-and-sanitary-crisis-covid-19\/"},"wordCount":1509,"commentCount":0,"publisher":{"@id":"https:\/\/catapa.be\/nl\/#organization"},"image":{"@id":"https:\/\/catapa.be\/nl\/ecuador-extractivism-in-the-midst-of-an-economic-and-sanitary-crisis-covid-19\/#primaryimage"},"thumbnailUrl":"https:\/\/i0.wp.com\/catapa.be\/wp-content\/uploads\/2020\/05\/ecuadorpost1.png?fit=960%2C640&ssl=1","articleSection":["COVID-19","Ecuador","Mining","News"],"inLanguage":"nl-NL","potentialAction":[{"@type":"CommentAction","name":"Comment","target":["https:\/\/catapa.be\/nl\/ecuador-extractivism-in-the-midst-of-an-economic-and-sanitary-crisis-covid-19\/#respond"]}]},{"@type":"WebPage","@id":"https:\/\/catapa.be\/nl\/ecuador-extractivism-in-the-midst-of-an-economic-and-sanitary-crisis-covid-19\/","url":"https:\/\/catapa.be\/nl\/ecuador-extractivism-in-the-midst-of-an-economic-and-sanitary-crisis-covid-19\/","name":"Ecuador: extractivisme tijdens een economische en gezondheidscrisis (COVID-19) - CATAPA vzw","isPartOf":{"@id":"https:\/\/catapa.be\/nl\/#website"},"primaryImageOfPage":{"@id":"https:\/\/catapa.be\/nl\/ecuador-extractivism-in-the-midst-of-an-economic-and-sanitary-crisis-covid-19\/#primaryimage"},"image":{"@id":"https:\/\/catapa.be\/nl\/ecuador-extractivism-in-the-midst-of-an-economic-and-sanitary-crisis-covid-19\/#primaryimage"},"thumbnailUrl":"https:\/\/i0.wp.com\/catapa.be\/wp-content\/uploads\/2020\/05\/ecuadorpost1.png?fit=960%2C640&ssl=1","datePublished":"2020-05-20T09:33:32+00:00","dateModified":"2021-12-14T09:31:50+00:00","breadcrumb":{"@id":"https:\/\/catapa.be\/nl\/ecuador-extractivism-in-the-midst-of-an-economic-and-sanitary-crisis-covid-19\/#breadcrumb"},"inLanguage":"nl-NL","potentialAction":[{"@type":"ReadAction","target":["https:\/\/catapa.be\/nl\/ecuador-extractivism-in-the-midst-of-an-economic-and-sanitary-crisis-covid-19\/"]}]},{"@type":"ImageObject","inLanguage":"nl-NL","@id":"https:\/\/catapa.be\/nl\/ecuador-extractivism-in-the-midst-of-an-economic-and-sanitary-crisis-covid-19\/#primaryimage","url":"https:\/\/i0.wp.com\/catapa.be\/wp-content\/uploads\/2020\/05\/ecuadorpost1.png?fit=960%2C640&ssl=1","contentUrl":"https:\/\/i0.wp.com\/catapa.be\/wp-content\/uploads\/2020\/05\/ecuadorpost1.png?fit=960%2C640&ssl=1","width":960,"height":640,"caption":"Foto: Corona epidemie in Guayaquil (Foto \u00a9 Ivan Castaneira)"},{"@type":"BreadcrumbList","@id":"https:\/\/catapa.be\/nl\/ecuador-extractivism-in-the-midst-of-an-economic-and-sanitary-crisis-covid-19\/#breadcrumb","itemListElement":[{"@type":"ListItem","position":1,"name":"Home","item":"https:\/\/catapa.be\/nl\/"},{"@type":"ListItem","position":2,"name":"Ecuador: extractivisme tijdens een economische en gezondheidscrisis (COVID-19)"}]},{"@type":"WebSite","@id":"https:\/\/catapa.be\/nl\/#website","url":"https:\/\/catapa.be\/nl\/","name":"CATAPA vzw","description":"Comit\u00e9 Acad\u00e9mico T\u00e9cnico de Asesoramiento a Problemas Ambientales","publisher":{"@id":"https:\/\/catapa.be\/nl\/#organization"},"potentialAction":[{"@type":"SearchAction","target":{"@type":"EntryPoint","urlTemplate":"https:\/\/catapa.be\/nl\/?s={search_term_string}"},"query-input":{"@type":"PropertyValueSpecification","valueRequired":true,"valueName":"search_term_string"}}],"inLanguage":"nl-NL"},{"@type":"Organization","@id":"https:\/\/catapa.be\/nl\/#organization","name":"CATAPA vzw","url":"https:\/\/catapa.be\/nl\/","logo":{"@type":"ImageObject","inLanguage":"nl-NL","@id":"https:\/\/catapa.be\/nl\/#\/schema\/logo\/image\/","url":"https:\/\/i0.wp.com\/catapa.be\/wp-content\/uploads\/2019\/02\/NEW20LOGO20SHORT20PNG1.png?fit=1259%2C1321&ssl=1","contentUrl":"https:\/\/i0.wp.com\/catapa.be\/wp-content\/uploads\/2019\/02\/NEW20LOGO20SHORT20PNG1.png?fit=1259%2C1321&ssl=1","width":1259,"height":1321,"caption":"CATAPA vzw"},"image":{"@id":"https:\/\/catapa.be\/nl\/#\/schema\/logo\/image\/"},"sameAs":["https:\/\/www.facebook.com\/catapa.belgium\/","https:\/\/x.com\/CATAPA_Belgica","https:\/\/www.instagram.com\/catapa_vzw\/","https:\/\/be.linkedin.com\/company\/catapavzw","https:\/\/www.youtube.com\/channel\/UCE52-Fiyv-Fpqf2gi1qhf1g"]},{"@type":"Person","@id":"https:\/\/catapa.be\/nl\/#\/schema\/person\/95bd3b08638eed476945cac7c45b182d","name":"Daniela Marques Branco","url":"https:\/\/catapa.be\/nl\/author\/daniela-marques\/"}]}},"jetpack_publicize_connections":[],"jetpack_featured_media_url":"https:\/\/i0.wp.com\/catapa.be\/wp-content\/uploads\/2020\/05\/ecuadorpost1.png?fit=960%2C640&ssl=1","jetpack_sharing_enabled":true,"jetpack_likes_enabled":true,"jetpack-related-posts":[{"id":33544,"url":"https:\/\/catapa.be\/nl\/het-recht-om-nee-te-zeggen-van-ecuador-tot-belgie\/","url_meta":{"origin":14435,"position":0},"title":"Het recht om &#8216;nee&#8217; te zeggen &#8211; van Ecuador tot Belgi\u00eb","author":"Estefan\u00eda","date":"17 april 2023","format":false,"excerpt":"[vc_row css=\".vc_custom_1681390284831{margin-top: 1px !important;margin-bottom: 1px !important;border-top-width: 1px !important;border-bottom-width: 1px !important;padding-top: 1px !important;padding-bottom: 1px !important;}\"][vc_column width=\"1\/2\" css=\".vc_custom_1681390575074{margin-bottom: 1px !important;border-bottom-width: 1px !important;padding-bottom: 1px !important;}\"][vc_gallery interval=\"3\" images=\"33475,33532,33484,33523,33526,33499,33463,33466,33472,33478,33481,33487,33490,33493,33502,33505,33511,33514,33517,33520,33529,33440,33436\" img_size=\"large\" onclick=\"\"][\/vc_column][vc_column width=\"1\/2\" css=\".vc_custom_1681390562725{margin-bottom: 1px !important;border-bottom-width: 1px !important;padding-bottom: 1px !important;}\"][vc_cta h2=\"\"]CATAPA verwelkomde eind februari 2023 activistes Danila Andagoya (Red de J\u00f3venes del Choc\u00f3 Andino) en Nathalia\u2026","rel":"","context":"In &quot;Campagnes&quot;","block_context":{"text":"Campagnes","link":"https:\/\/catapa.be\/nl\/category\/campagnes\/"},"img":{"alt_text":"","src":"https:\/\/i0.wp.com\/catapa.be\/wp-content\/uploads\/2023\/04\/337522251_129217756777423_8700985832291443237_n.jpg?fit=1200%2C800&ssl=1&resize=350%2C200","width":350,"height":200,"srcset":"https:\/\/i0.wp.com\/catapa.be\/wp-content\/uploads\/2023\/04\/337522251_129217756777423_8700985832291443237_n.jpg?fit=1200%2C800&ssl=1&resize=350%2C200 1x, https:\/\/i0.wp.com\/catapa.be\/wp-content\/uploads\/2023\/04\/337522251_129217756777423_8700985832291443237_n.jpg?fit=1200%2C800&ssl=1&resize=525%2C300 1.5x, https:\/\/i0.wp.com\/catapa.be\/wp-content\/uploads\/2023\/04\/337522251_129217756777423_8700985832291443237_n.jpg?fit=1200%2C800&ssl=1&resize=700%2C400 2x, https:\/\/i0.wp.com\/catapa.be\/wp-content\/uploads\/2023\/04\/337522251_129217756777423_8700985832291443237_n.jpg?fit=1200%2C800&ssl=1&resize=1050%2C600 3x"},"classes":[]},{"id":30097,"url":"https:\/\/catapa.be\/nl\/gemeenschappen-uit-peru-en-ecuador-wisselen-strategieen-tegen-mijnbouw-uit\/","url_meta":{"origin":14435,"position":1},"title":"Gemeenschappen uit Peru en Ecuador wisselen strategie\u00ebn tegen mijnbouw uit","author":"admin","date":"7 juli 2010","format":false,"excerpt":"[vc_row][vc_column][vc_column_text] Gemeenschappen uit Peru en Ecuador wisselen strategie\u00ebn tegen mijnbouw uit Van 2 tot en met 4 juli waren er een honderdtal Peruanen en Ecuadorianen samengekomen in de Peruaanse stad Piura. Allemaal kwamen ze uit gemeenschappen kwamen die getroffen worden door mijnbouw, en allemaal willen ze een toekomst waar duurzaam\u2026","rel":"","context":"In &quot;Ecuador&quot;","block_context":{"text":"Ecuador","link":"https:\/\/catapa.be\/nl\/category\/partnerlanden\/ecuador-nl\/"},"img":{"alt_text":"","src":"","width":0,"height":0},"classes":[]},{"id":30418,"url":"https:\/\/catapa.be\/nl\/mijnbouw-in-ecuador-een-oud-en-een-nieuw-verhaal-sied-iii\/","url_meta":{"origin":14435,"position":2},"title":"Mijnbouw in Ecuador, een oud en een nieuw verhaal (SIED III)","author":"Karlijn Van den Broeck","date":"27 september 2012","format":false,"excerpt":"[vc_row][vc_column][vc_column_text] Mijnbouw in Ecuador, een oud en een nieuw verhaal (SIED III) Na afloop van het seminarie in Cajamarca trokken we met de Catapista\u2019s en Zuid-deelnemers naar Zamora, een provincie in het uiterste zuiden van Ecuador. \u00a0 Waarom Zamora, Ecuador? Vooreerst omdat de provincie grenst aan Peru, en op die\u2026","rel":"","context":"In &quot;Ecuador&quot;","block_context":{"text":"Ecuador","link":"https:\/\/catapa.be\/nl\/category\/partnerlanden\/ecuador-nl\/"},"img":{"alt_text":"","src":"","width":0,"height":0},"classes":[]},{"id":30793,"url":"https:\/\/catapa.be\/nl\/mijnbouw-in-ecuador-een-oud-en-een-nieuw-verhaal-sied-iii-2\/","url_meta":{"origin":14435,"position":3},"title":"Mijnbouw in Ecuador, een oud en een nieuw verhaal (SIED III)","author":"Alan Gonz\u00e1lez Morales","date":"27 september 2012","format":false,"excerpt":"Na afloop van het seminarie in Cajamarca trokken we met de Catapista\u2019s en Zuid-deelnemers naar Zamora, een provincie in het uiterste zuiden van Ecuador. Waarom Zamora, Ecuador? Vooreerst omdat de provincie grenst aan Peru, en op die manier ook een impact heeft in Peru. In deze provincie zijnnamelijk heel wat\u2026","rel":"","context":"In &quot;Ecuador&quot;","block_context":{"text":"Ecuador","link":"https:\/\/catapa.be\/nl\/category\/partnerlanden\/ecuador-nl\/"},"img":{"alt_text":"","src":"https:\/\/i0.wp.com\/gt.catapa.be\/sites\/default\/files\/resize\/remote\/1b644e2ec1bc7d5794fadad5a235365e-400x300.jpg?resize=350%2C200&ssl=1","width":350,"height":200},"classes":[]},{"id":9206,"url":"https:\/\/catapa.be\/nl\/defensoras\/","url_meta":{"origin":14435,"position":4},"title":"Defensoras","author":"admin","date":"25 januari 2019","format":false,"excerpt":"Milieu- en mensenrechtenverdedigers zetten zich onvermoeibaar in voor gelijkheid en gerechtigheid. Helaas krijgen ze vaak te maken met discriminatie, geweld, criminalisering, schendingen van hun burgerrechten en de straffeloosheid van gewapende publieke (politie, leger) of ingehuurde (paramilitairen, doodseskaders) groepen. Alle activisten krijgen grote uitdagingen voorgeschoteld, maar vrouwelijke activistes krijgen daarbij ook\u2026","rel":"","context":"In &quot;Campagnes&quot;","block_context":{"text":"Campagnes","link":"https:\/\/catapa.be\/nl\/category\/campagnes\/"},"img":{"alt_text":"","src":"https:\/\/i0.wp.com\/catapa.be\/wp-content\/uploads\/2019\/01\/DEFENSORAS-PUBLIC-EVENT-WEB.jpg?fit=1200%2C750&ssl=1&resize=350%2C200","width":350,"height":200,"srcset":"https:\/\/i0.wp.com\/catapa.be\/wp-content\/uploads\/2019\/01\/DEFENSORAS-PUBLIC-EVENT-WEB.jpg?fit=1200%2C750&ssl=1&resize=350%2C200 1x, https:\/\/i0.wp.com\/catapa.be\/wp-content\/uploads\/2019\/01\/DEFENSORAS-PUBLIC-EVENT-WEB.jpg?fit=1200%2C750&ssl=1&resize=525%2C300 1.5x, https:\/\/i0.wp.com\/catapa.be\/wp-content\/uploads\/2019\/01\/DEFENSORAS-PUBLIC-EVENT-WEB.jpg?fit=1200%2C750&ssl=1&resize=700%2C400 2x, https:\/\/i0.wp.com\/catapa.be\/wp-content\/uploads\/2019\/01\/DEFENSORAS-PUBLIC-EVENT-WEB.jpg?fit=1200%2C750&ssl=1&resize=1050%2C600 3x"},"classes":[]},{"id":34048,"url":"https:\/\/catapa.be\/nl\/geweldig-nieuws-na-de-consulta-popular-in-ecuador\/","url_meta":{"origin":14435,"position":5},"title":"Geweldig nieuws na de \u2018consulta popular\u2019 in Ecuador","author":"Simon Berlo","date":"25 augustus 2023","format":false,"excerpt":"[vc_row][vc_column][vc_column_text]We zijn verheugd met de overtuigende overwinningen van de volksreferenda in Ecuador. De consulta popular van afgelopen weekend over de toekomst van Choc\u00f3 Andino en Yasun\u00ed draaide uit op een ingrijpende gebeurtenis. De inzet van lokale gemeenschappen en activisten leidde tot resultaten die een inspiratie kunnen zijn voor volksdemocratie en\u2026","rel":"","context":"In &quot;recht om 'nee' te zeggen&quot;","block_context":{"text":"recht om 'nee' te zeggen","link":"https:\/\/catapa.be\/nl\/category\/campagnes\/recht-om-nee-te-zeggen\/"},"img":{"alt_text":"campaign mural by Pamela Pinto","src":"https:\/\/i0.wp.com\/catapa.be\/wp-content\/uploads\/2023\/08\/QSM-Yasuni-consultas.jpg?fit=1200%2C720&ssl=1&resize=350%2C200","width":350,"height":200,"srcset":"https:\/\/i0.wp.com\/catapa.be\/wp-content\/uploads\/2023\/08\/QSM-Yasuni-consultas.jpg?fit=1200%2C720&ssl=1&resize=350%2C200 1x, https:\/\/i0.wp.com\/catapa.be\/wp-content\/uploads\/2023\/08\/QSM-Yasuni-consultas.jpg?fit=1200%2C720&ssl=1&resize=525%2C300 1.5x, https:\/\/i0.wp.com\/catapa.be\/wp-content\/uploads\/2023\/08\/QSM-Yasuni-consultas.jpg?fit=1200%2C720&ssl=1&resize=700%2C400 2x, https:\/\/i0.wp.com\/catapa.be\/wp-content\/uploads\/2023\/08\/QSM-Yasuni-consultas.jpg?fit=1200%2C720&ssl=1&resize=1050%2C600 3x"},"classes":[]}],"_links":{"self":[{"href":"https:\/\/catapa.be\/nl\/wp-json\/wp\/v2\/posts\/14435","targetHints":{"allow":["GET"]}}],"collection":[{"href":"https:\/\/catapa.be\/nl\/wp-json\/wp\/v2\/posts"}],"about":[{"href":"https:\/\/catapa.be\/nl\/wp-json\/wp\/v2\/types\/post"}],"author":[{"embeddable":true,"href":"https:\/\/catapa.be\/nl\/wp-json\/wp\/v2\/users\/36"}],"replies":[{"embeddable":true,"href":"https:\/\/catapa.be\/nl\/wp-json\/wp\/v2\/comments?post=14435"}],"version-history":[{"count":7,"href":"https:\/\/catapa.be\/nl\/wp-json\/wp\/v2\/posts\/14435\/revisions"}],"predecessor-version":[{"id":27245,"href":"https:\/\/catapa.be\/nl\/wp-json\/wp\/v2\/posts\/14435\/revisions\/27245"}],"wp:featuredmedia":[{"embeddable":true,"href":"https:\/\/catapa.be\/nl\/wp-json\/wp\/v2\/media\/14418"}],"wp:attachment":[{"href":"https:\/\/catapa.be\/nl\/wp-json\/wp\/v2\/media?parent=14435"}],"wp:term":[{"taxonomy":"category","embeddable":true,"href":"https:\/\/catapa.be\/nl\/wp-json\/wp\/v2\/categories?post=14435"},{"taxonomy":"post_tag","embeddable":true,"href":"https:\/\/catapa.be\/nl\/wp-json\/wp\/v2\/tags?post=14435"}],"curies":[{"name":"wp","href":"https:\/\/api.w.org\/{rel}","templated":true}]}}