{"id":28990,"date":"2022-04-05T17:15:16","date_gmt":"2022-04-05T15:15:16","guid":{"rendered":"https:\/\/catapa.be\/?p=28990"},"modified":"2022-04-05T17:38:19","modified_gmt":"2022-04-05T15:38:19","slug":"en-el-nombre-del-litio-schone-energie-voor-wie","status":"publish","type":"post","link":"https:\/\/catapa.be\/nl\/en-el-nombre-del-litio-schone-energie-voor-wie\/","title":{"rendered":"En El Nombre Del Litio &#8211; Schone energie, voor wie?"},"content":{"rendered":"<div class=\"wpb-content-wrapper\"><p>[vc_row][vc_column][vc_column_text]<\/p>\n<h1>En El Nombre Del Litio &#8211; Schone energie, voor wie?<\/h1>\n<p><i><span style=\"font-weight: 400;\">Ik ben degene die door de heuvels kronkelt<\/span><\/i><\/p>\n<p><i><span style=\"font-weight: 400;\">kijkend naar het leven dat groeit<\/span><\/i><\/p>\n<p><i><span style=\"font-weight: 400;\">Met ogen van water die de geboorte en dood van de tijd zien<\/span><\/i><\/p>\n<p><i><span style=\"font-weight: 400;\">Ik genees de wonden van het zijn<\/span><\/i><\/p>\n<p><i><span style=\"font-weight: 400;\">Dood me niet en vergiftig me niet<\/span><\/i><\/p>\n<p><i><span style=\"font-weight: 400;\">Maak me geen deel van dat lijden<\/span><\/i><\/p>\n<p><i><span style=\"font-weight: 400;\">Jij bent de dood, ik ben het leven<\/span><\/i><\/p>\n<p><i><span style=\"font-weight: 400;\">Jij bent het lithium, ik ben het gevoel van de pacha<\/span><\/i><\/p>\n<p><i><span style=\"font-weight: 400;\">Water!<\/span><\/i>[\/vc_column_text][vc_column_text]<\/p>\n<p><span style=\"font-weight: 400;\">CATAPA hield op 29 maart een vertoning van de documentaire &#8216;En el Nombre del Litio&#8217; in Studio Skoop in Gent, als onderdeel van het Belmundo Festival 2022.\u00a0<\/span><\/p>\n<p><span style=\"font-weight: 400;\"><a href=\"https:\/\/enelnombredellitio.org.ar\/home-2-en\/\" target=\"_blank\" rel=\"noopener\">Tachtig procent van &#8217;s werelds lithiumreserves bevinden zich in de &#8216;Lithiumdriehoek&#8217;; de zoutvlakten die Argentini\u00eb, Bolivia en Chili met elkaar verbinden<\/a>. De film toont de desastreuze gevolgen van lithiumwinning voor de inheemse gemeenschappen van de Salares Grandes. <strong>Voor de productie van \u00e9\u00e9n ton lithiumcarbonaat is twee miljoen liter water nodig.<\/strong> En waar gaat dit lithium naartoe?<strong> Elk elektrisch voertuig, dat centraal staat in de &#8220;groene overgang&#8221; van de EU van benzine- en dieselvervoer, bevat 4,5 kilogram lithium.<\/strong><\/span><\/p>\n<blockquote><p><i><span style=\"font-weight: 400;\">\u201c\u00bfEnerg\u00eda limpia para qui\u00e9n?\u201d <\/span><\/i><span style=\"font-weight: 400;\">(Clean energy for who?) (Clemente Flores, El Moreno)<\/span><\/p><\/blockquote>\n<p>[\/vc_column_text][vc_column_text]<\/p>\n<p><span style=\"font-weight: 400;\">Na de vertoning werden de deelnemers door Yblin Escobar Roman (CATAPA) uitgedaagd om na te denken over de verbanden tussen de documentaire en de materi\u00eble consumptie binnen de Europese Unie en Belgi\u00eb. Onder het mom van &#8216;<a href=\"https:\/\/eeb.org\/wp-content\/uploads\/2021\/10\/Green-mining-report_EEB-FoEE-2021.pdf\" target=\"_blank\" rel=\"noopener\">groene mijnbouw<\/a>&#8216; schetst de <a href=\"https:\/\/ec.europa.eu\/growth\/sectors\/raw-materials\/areas-specific-interest\/critical-raw-materials_en\" target=\"_blank\" rel=\"noopener\">Critical Raw Materials-lijst<\/a> van de EU een strategie voor de bevoorrading van meer dan dertig gedolven hulpbronnen, zoals lithium, die &#8216;nodig&#8217; worden geacht voor de groene transitie. Om de &#8216;groene overgang&#8217; te financieren, <a href=\"https:\/\/bankwatch.org\/project\/make-ict-fair-improving-electronics-supply-chain\" target=\"_blank\" rel=\"noopener\">zal de EU tegen 2050 zestig keer meer lithium nodig hebben voor batterijen voor elektrische voertuigen en energieopslag dan nu het geval is.<\/a>\u00a0<\/span><\/p>\n<p><span style=\"font-weight: 400;\">Elektrische voertuigen zijn niet de oplossing voor onze klimaatcrisis. Ons streven naar &#8216;groene mobiliteit&#8217; is doordrenkt van dezelfde extractivistische logica die onze planeet beschouwt als een onuitputtelijke hulpbron die moet worden ontgonnen en gedomineerd door de mensheid. Maar dit gaat voorbij aan de fundamentele tegenstrijdigheid:\u00a0<\/span><\/p>\n<h3 style=\"text-align: center;\"><b><i>We cannot mine our way out of the climate crisis<\/i><\/b><\/h3>\n<p>[\/vc_column_text][vc_single_image image=&#8221;28974&#8243; img_size=&#8221;large&#8221; alignment=&#8221;center&#8221;][vc_column_text]<\/p>\n<p><span style=\"font-weight: 400;\">Deze tegenstrijdigheid is de kern van &#8216;El Nombre Del Litio&#8217;. Door de barre omstandigheden zijn alleen micro-organismen aangepast om te overleven in het Salarbekken. Onder de salars leven kolonies, of &#8220;bossen&#8221; van micro-organismen die zich bezighouden met fotosynthese, en die al meer dan 3,5 miljard jaar als koolstofput fungeren, zuurstof afgeven en onze ozonlaag cre\u00ebren. In naam van de klimaatcrisis onttrekken transnationale bedrijven echter enorme hoeveelheden water aan het bekken, waardoor juist de micro-organismen die ons voortbestaan op Moeder Aarde mogelijk maken, worden uitgehongerd en vernietigd.<\/span>[\/vc_column_text][vc_column_text]<\/p>\n<h4><strong><i>Een rechtvaardige overgang naar toegankelijk, CO2-neutraal vervoer<\/i><\/strong><\/h4>\n<p><span style=\"font-weight: 400;\">In plaats van de status quo te handhaven door over te schakelen op elektrische auto&#8217;s, vereist een rechtvaardige overgang een fundamentele reorganisatie van onze steden en gemeenschappen in de richting van emissievrij openbaar, niet particulier vervoer. Vervoer is verantwoordelijk voor 27% van de wereldwijde uitstoot. C40 Cities stelt dat om de opwarming van de aarde tot 1,5\u00b0C te beperken, <a href=\"https:\/\/www.c40.org\/wp-content\/uploads\/2021\/11\/Global-coalition-statement-ENG.pdf\" target=\"_blank\" rel=\"noopener\">het gebruik van openbaar vervoer in steden tegen 2030 verdubbeld moet zijn<\/a>.<\/span><\/p>\n<p><span style=\"font-weight: 400;\">Desondanks zullen de jongste plannen van De Lijn toezien op de <a href=\"https:\/\/www.vrt.be\/vrtnws\/nl\/2021\/06\/21\/een-deel-bushaltes-in-en-rond-gent-dreigt-te-verdwijnen\/\" target=\"_blank\" rel=\"noopener\">verwijdering van 1 op 7 bushaltes in Gent &#8211; ongeveer 200 in totaal.<\/a> <a href=\"https:\/\/www.facebook.com\/zonderbushaltestraat\/\" target=\"_blank\" rel=\"noopener\">Zonder Bushalte Straat<\/a>, een actiegroep die campagne voert tegen deze veranderingen, stelt dat dit onvermijdelijk oudere en minder mobiele burgers zal verhinderen om de stad te betreden en te doorkruisen.\u00a0<\/span><span style=\"font-weight: 400;\">\u00a0<\/span>[\/vc_column_text][vc_column_text]<\/p>\n<h4><strong><i>Een rechtvaardige overgang naar het recht om nee te zeggen<\/i><\/strong><\/h4>\n<p><span style=\"font-weight: 400;\">In de documentaire wordt ook benadrukt dat een rechtvaardige overgang vereist dat inheemse en lokale gemeenschappen het recht hebben om nee te zeggen tegen mijnbouw. Lokale gemeenschappen moeten niet alleen het beslissende, wettelijk bindende woord hebben over het lot van mijnbouwprojecten, dit moet ook worden gerespecteerd.<\/span><\/p>\n<p><i><span style=\"font-weight: 400;\">Ik ben geboren op het platteland,<\/span><\/i><\/p>\n<p><i><span style=\"font-weight: 400;\">ik ben de zoon van een boer<\/span><\/i><\/p>\n<p><i><span style=\"font-weight: 400;\">Ik verdedig mijn traditie,<\/span><\/i><\/p>\n<p><i><span style=\"font-weight: 400;\">van heel het Argentijnse noorden<\/span><\/i><\/p>\n<p><i><span style=\"font-weight: 400;\">Mijn vader is de Cha\u00f1i berg<\/span><\/i><\/p>\n<p><i><span style=\"font-weight: 400;\">Mijn moeder de witte Salar<\/span><\/i><\/p>\n<p><span style=\"font-weight: 400;\">Tijdens de documentaire bespreken de inheemse gemeenschappen <a href=\"https:\/\/naturaljustice.org\/wp-content\/uploads\/2015\/12\/Kachi-Yupi-Huellas.pdf\">Kachi-Yupi <\/a>(letterlijke vertaling: zoutsporen), een document dat zij collectief hebben opgesteld voor het consultatieproces. Samen met internationale wetten over vrije, voorafgaande en ge\u00efnformeerde toestemming (<a href=\"https:\/\/www.un.org\/development\/desa\/indigenouspeoples\/publications\/2016\/10\/free-prior-and-informed-consent-an-indigenous-peoples-right-and-a-good-practice-for-local-communities-fao\/\">Free, Prior and Informed Consent<\/a>), eist dit document dat mijnbouwbedrijven toestemming moeten vragen aan alle inheemse gemeenschappen van het Salinas Grandes en Laguna de Guayatayoc bekken voordat ze verder gaan met een activiteit of project. Ondanks beloften werd het document nooit geformaliseerd in een officieel decreet. In plaats daarvan droeg de Argentijnse staat het eigendom van de gronden over aan <a href=\"http:\/\/jemse.gob.ar\/\">JEMSE<\/a> om zonder toestemming lithium te gaan winnen voor &#8220;ontwikkeling&#8221;.<\/span><\/p>\n<blockquote><p><span style=\"font-weight: 400;\"><i>&#8220;Als gemeenschappen niet actief deelnemen aan de staat, is de staat zinloos&#8221; <\/i>(Clemente Flores, El Moreno)<\/span><\/p><\/blockquote>\n<p>[\/vc_column_text][vc_column_text]<span style=\"font-weight: 400;\">Bedrijven streven ook naar een &#8216;Social Licence to Operate&#8217; door gemeenschappen te verdelen met valse beloften van banen, ontwikkeling en veiligheid. In de documentaire beloofde EXAR dat de lithiumwinning de plaatselijke gemeenschap direct en indirect zo&#8217;n achthonderd banen zou opleveren, en dat gedurende meer dan dertig jaar.<\/span><\/p>\n<p><span style=\"font-weight: 400;\">Grootschalige mijnbouwprojecten mogen dan op korte termijn banen opleveren, de verwoesting op lange termijn is niet te vergelijken. Het verlies van water verstoort de pastorale landbouw, een activiteit waarop de gemeenschap al duizenden jaren vertrouwt. Als de mijnbouwprojecten eenmaal zijn afgerond, gaan ook de banen mee en blijft een door geweld en conflicten besmette en verscheurde gemeenschap achter.<\/span><\/p>\n<blockquote><p><span style=\"font-weight: 400;\"><i>&#8220;Mijnbouw is brood voor vandaag, maar honger voor morgen&#8221; <\/i>(Gil Cruz, Susques)<\/span><\/p><\/blockquote>\n<p>[\/vc_column_text][vc_column_text]<\/p>\n<p><span style=\"font-weight: 400;\">In reactie hierop hebben de inheemse gemeenschappen van de Salinas Grandes en de Lagune van Guayatayoc zich gemobiliseerd om te protesteren tegen de schending van het internationale recht inzake inheemse rechten, tegen het feit dat de lithiummijnbouwbedrijven die actief zijn op het grondgebied van de Quebrale\u00f1a geen collectieve vergadering hebben geraadpleegd en tegen het feit dat ze een einde hebben ge\u00ebist aan alle mijnbouwactiviteiten in het gebied.\u00a0<\/span><\/p>\n<p><span style=\"font-weight: 400;\"><i>&#8220;Ik geef mijn leven voor de Salar. Ik kan dit niet accepteren. Als jullie willen, dood mij dan eerst. Dan zullen jullie door de Salar gaan.&#8221;<\/i> (Veronica Chavez, Santuario Tres Pozos)<\/span><\/p>\n<p><span style=\"font-weight: 400;\">Onze overgang naar duurzame energie moet niet alleen groen zijn, maar ook rechtvaardig. Dit kan niet worden bereikt via ons huidige pad van voortgezet extractivisme, dat niets anders belooft dan vernietiging. We staan op een tweesprong. In plaats van lithium te winnen voor elektrische auto&#8217;s, moet onze samenleving gebaseerd zijn op sociale en ecologische rechtvaardigheid, waarbij de winning van niet-hernieuwbare hulpbronnen niet langer nodig is.<\/span>[\/vc_column_text][vc_column_text]<\/p>\n<p><i><span style=\"font-weight: 400;\">Water, klein water<\/span><\/i><\/p>\n<p><i><span style=\"font-weight: 400;\">Ze roepen me en ze denken aan me<\/span><\/i><i><\/i><\/p>\n<p><i><span style=\"font-weight: 400;\">Water, klein water,<\/span><\/i><\/p>\n<p><i><span style=\"font-weight: 400;\">Ze zeggen tegen mij als ik voorbijga<\/span><\/i><i><\/i><\/p>\n<p><i><span style=\"font-weight: 400;\">Bescherm onze plaats<\/span><\/i><\/p>\n<p><i><span style=\"font-weight: 400;\">Nou chayadita mijn ziel zal blijven\u00a0<\/span><\/i><i><\/i><\/p>\n<p><i><span style=\"font-weight: 400;\">Met de dans van de suri&#8217;s zal ik stoppen<\/span><\/i><\/p>\n<p><i><span style=\"font-weight: 400;\">Met de draf van de vicu\u00f1as zal ik volgen<\/span><\/i><\/p>\n<p><i><span style=\"font-weight: 400;\">Met de condor zal ik vliegen<\/span><\/i><i><\/i><\/p>\n<p><i><span style=\"font-weight: 400;\">In de regen over de Andes zal ik terugkeren<\/span><\/i><i><\/i><\/p>\n<p><i><span style=\"font-weight: 400;\">Jallalla!\u00a0<\/span><\/i><\/p>\n<p><i><span style=\"font-weight: 400;\">\u00a0<\/span><\/i>[\/vc_column_text][vc_column_text]<\/p>\n<p><span style=\"font-weight: 400;\">En El Nombre del Litio is geproduceerd door Calme Cine &amp; FARN, en geregisseerd door Tian Cartier, Mart\u00edn Longo en P\u00eda Marchegiani. Je kunt meer lezen over de film en de inheemse gemeenschappen die strijden tegen de winning van lithium op hun website: <a href=\"https:\/\/enelnombredellitio.org.ar\" target=\"_blank\" rel=\"noopener\">https:\/\/enelnombredellitio.org.ar\u00a0<\/a><\/span><\/p>\n<p><span style=\"font-weight: 400;\">*Deze documentaire werd vertoond in het kader van Cinema Belmundo 2022. Cinema Belmundo is een samenwerking tussen verschillende organisaties die films vertonen om een impact te maken. Dit jaar bestaat het samenwerkingsverband uit Studio Skoop Cinema, 11.11.11, Amnesty International, BOS+, Broederlijk Delen, Dierenartsen Zonder Grenzen, FOS ngo en JEF.<\/span><\/p>\n<p><span style=\"font-weight: 400;\">Geschreven door Catapista Connor Cashell<\/span><\/p>\n<p>[\/vc_column_text][vc_column_text]<span style=\"font-weight: 400;\">Bronnen:<\/span><\/p>\n<p><span style=\"font-weight: 400;\">An Van Bost (2021) \u2018Ghent action group fights to preserve bus stops in and around Ghent with symbolic action\u2019, <\/span><i><span style=\"font-weight: 400;\">VRT<\/span><\/i><span style=\"font-weight: 400;\">, 21 June. Available at: <\/span><a href=\"https:\/\/www.vrt.be\/vrtnws\/nl\/2021\/06\/21\/een-deel-bushaltes-in-en-rond-gent-dreigt-te-verdwijnen\/\"><span style=\"font-weight: 400;\">https:\/\/www.vrt.be\/vrtnws\/nl\/2021\/06\/21\/een-deel-bushaltes-in-en-rond-gent-dreigt-te-verdwijnen\/<\/span><\/a><span style=\"font-weight: 400;\"> [Accessed 30 March 2022].<\/span><\/p>\n<p><span style=\"font-weight: 400;\">Bankwatch Network (2021). <\/span><i><span style=\"font-weight: 400;\">Raw Deal: Does the new EU development model mean more of the same destructive mining?<\/span><\/i><span style=\"font-weight: 400;\"> Available at: <\/span><a href=\"https:\/\/bankwatch.org\/wp-content\/uploads\/2021\/01\/RAW_DEAL.pdf\"><span style=\"font-weight: 400;\">https:\/\/bankwatch.org\/wp-content\/uploads\/2021\/01\/RAW_DEAL.pdf<\/span><\/a><span style=\"font-weight: 400;\"> [Accessed 30 March 2022].<\/span><\/p>\n<p><span style=\"font-weight: 400;\">C40 Cities, International Transport Workers\u2019 Federation (2021). <\/span><i><span style=\"font-weight: 400;\">Public transport global coalition statement<\/span><\/i><span style=\"font-weight: 400;\">. Available at: <\/span><a href=\"https:\/\/www.c40.org\/wp-content\/uploads\/2021\/11\/Global-coalition-statement-ENG.pdf\"><span style=\"font-weight: 400;\">https:\/\/www.c40.org\/wp-content\/uploads\/2021\/11\/Global-coalition-statement-ENG.pdf<\/span><\/a><span style=\"font-weight: 400;\"> [Accessed 30 March 2022]<\/span><\/p>\n<p><i><span style=\"font-weight: 400;\">En El Nombre Del Litio <\/span><\/i><span style=\"font-weight: 400;\">(2021) Directed by T. Cartier, Longo. M and Marchegiani.<\/span><span style=\"font-weight: 400;\">P\u00eda [Film]. El Salvador, Argentina: Calme Cine.<\/span><\/p>\n<p><span style=\"font-weight: 400;\">European Commission (2020) <\/span><i><span style=\"font-weight: 400;\">\u2018Critical Raw Materials Resilience: Charting a Path towards greater Security and Sustainability\u2019<\/span><\/i><span style=\"font-weight: 400;\">. Available at: <\/span><a href=\"https:\/\/eur-lex.europa.eu\/legal-content\/EN\/TXT\/?uri=CELEX:52020DC0474\"><span style=\"font-weight: 400;\">https:\/\/eur-lex.europa.eu\/legal-content\/EN\/TXT\/?uri=CELEX:52020DC0474<\/span><\/a><span style=\"font-weight: 400;\"> [Accessed 30 March 2022]<\/span><\/p>\n<p><span style=\"font-weight: 400;\">European Environmental Bureau, Friends of the Earth Europe (2021)\u00a0<\/span><\/p>\n<p><i><span style=\"font-weight: 400;\">\u2018Green mining is a myth\u2019: the case of cutting EU resource consumption<\/span><\/i><span style=\"font-weight: 400;\">.\u00a0<\/span><\/p>\n<p><span style=\"font-weight: 400;\">Available at:<\/span><a href=\"https:\/\/eeb.org\/wp-content\/uploads\/2021\/10\/Green-mining-report_EEB-FoEE-2021.pdf\"><span style=\"font-weight: 400;\"> https:\/\/eeb.org\/wp-content\/uploads\/2021\/10\/Green-mining-report_EEB-FoEE-2021.pdf<\/span><\/a><span style=\"font-weight: 400;\">\u00a0<\/span><\/p>\n<p><span style=\"font-weight: 400;\">[Accessed 22 March 2022].<\/span><\/p>\n<p><span style=\"font-weight: 400;\">FARN &amp; Calma Cine (2021) <\/span><i><span style=\"font-weight: 400;\">En el Nombre Del Litio<\/span><\/i><span style=\"font-weight: 400;\">. Available at: <\/span><a href=\"https:\/\/enelnombredellitio.org.ar\/home-2-en\/\"><span style=\"font-weight: 400;\">https:\/\/enelnombredellitio.org.ar\/home-2-en\/<\/span><\/a><span style=\"font-weight: 400;\">. [Accessed: 30 March 2022].<\/span><\/p>\n<p><span style=\"font-weight: 400;\">Kachi-Yupi (2015) <\/span><i><span style=\"font-weight: 400;\">Salt Traces: Free, Prior and Informed Consultation and Consent Procedure for the Indigenous Communities of the Salinas Grandes and Laguna de Guayatayoc Basin<\/span><\/i><span style=\"font-weight: 400;\">. Available at: <\/span><a href=\"https:\/\/naturaljustice.org\/wp-content\/uploads\/2015\/12\/Kachi-Yupi-Huellas.pdf\"><span style=\"font-weight: 400;\">https:\/\/naturaljustice.org\/wp-content\/uploads\/2015\/12\/Kachi-Yupi-Huellas.pdf<\/span><\/a><span style=\"font-weight: 400;\"> [Accessed 30 March 2022].\u00a0<\/span><\/p>\n<p><span style=\"font-weight: 400;\">United Nations, Department of Economic and Social Affairs: Indigenous Peoples (2016) Free Prior and Informed Consent &#8211; An Indigenous Peoples\u2019 right and a good practice for local communities &#8211; FAO. Available at: <\/span><a href=\"https:\/\/www.un.org\/development\/desa\/indigenouspeoples\/publications\/2016\/10\/free-prior-and-informed-consent-an-indigenous-peoples-right-and-a-good-practice-for-local-communities-fao\/\"><span style=\"font-weight: 400;\">https:\/\/www.un.org\/development\/desa\/indigenouspeoples\/publications\/2016\/10\/free-prior-and-informed-consent-an-indigenous-peoples-right-and-a-good-practice-for-local-communities-fao\/<\/span><\/a><span style=\"font-weight: 400;\"> [Accessed 30 March 2022]<\/span><\/p>\n<p><span style=\"font-weight: 400;\">Zonder Bushalte Straat (2022) [Facebook]. Available at: <\/span><a href=\"https:\/\/www.facebook.com\/zonderbushaltestraat\/\"><span style=\"font-weight: 400;\">https:\/\/www.facebook.com\/zonderbushaltestraat\/<\/span><\/a><span style=\"font-weight: 400;\"> [Accessed 30 March 2022].<\/span>[\/vc_column_text][\/vc_column][\/vc_row]<\/p>\n<\/div>","protected":false},"excerpt":{"rendered":"<p>[vc_row][vc_column][vc_column_text] En El Nombre Del Litio &#8211; Schone energie, voor wie? Ik ben degene die door de heuvels kronkelt kijkend naar het leven dat groeit Met ogen van water die de geboorte en dood van<br \/><a class=\"read-more\" href=\"https:\/\/catapa.be\/nl\/en-el-nombre-del-litio-schone-energie-voor-wie\/\">Read More<\/a><\/p>\n","protected":false},"author":60,"featured_media":28977,"comment_status":"open","ping_status":"open","sticky":false,"template":"","format":"standard","meta":{"_exactmetrics_skip_tracking":false,"_exactmetrics_sitenote_active":false,"_exactmetrics_sitenote_note":"","_exactmetrics_sitenote_category":0,"jetpack_post_was_ever_published":false,"_jetpack_newsletter_access":"","_jetpack_dont_email_post_to_subs":false,"_jetpack_newsletter_tier_id":0,"_jetpack_memberships_contains_paywalled_content":false,"_jetpack_memberships_contains_paid_content":false,"footnotes":"","jetpack_publicize_message":"","jetpack_publicize_feature_enabled":true,"jetpack_social_post_already_shared":false,"jetpack_social_options":{"image_generator_settings":{"template":"highway","default_image_id":0,"font":"","enabled":false},"version":2}},"categories":[185],"tags":[],"class_list":["post-28990","post","type-post","status-publish","format-standard","has-post-thumbnail","hentry","category-geen-onderdeel-van-een-categorie"],"yoast_head":"<!-- This site is optimized with the Yoast SEO plugin v26.8 - https:\/\/yoast.com\/product\/yoast-seo-wordpress\/ -->\n<title>En El Nombre Del Litio - Schone energie, voor wie? - CATAPA vzw<\/title>\n<meta name=\"description\" content=\"En El Nombre Del Litio - Clean Energy, For Who?\" \/>\n<meta name=\"robots\" content=\"index, follow, max-snippet:-1, max-image-preview:large, max-video-preview:-1\" \/>\n<link rel=\"canonical\" href=\"https:\/\/catapa.be\/nl\/en-el-nombre-del-litio-schone-energie-voor-wie\/\" \/>\n<meta property=\"og:locale\" content=\"nl_NL\" \/>\n<meta property=\"og:type\" content=\"article\" \/>\n<meta property=\"og:title\" content=\"En El Nombre Del Litio - Schone energie, voor wie? - CATAPA vzw\" \/>\n<meta property=\"og:description\" content=\"En El Nombre Del Litio - Clean Energy, For Who?\" \/>\n<meta property=\"og:url\" content=\"https:\/\/catapa.be\/nl\/en-el-nombre-del-litio-schone-energie-voor-wie\/\" \/>\n<meta property=\"og:site_name\" content=\"CATAPA vzw\" \/>\n<meta property=\"article:publisher\" content=\"https:\/\/www.facebook.com\/catapa.belgium\/\" \/>\n<meta property=\"article:published_time\" content=\"2022-04-05T15:15:16+00:00\" \/>\n<meta property=\"article:modified_time\" content=\"2022-04-05T15:38:19+00:00\" \/>\n<meta property=\"og:image\" content=\"https:\/\/catapa.be\/wp-content\/uploads\/2022\/04\/01.jpg\" \/>\n\t<meta property=\"og:image:width\" content=\"2048\" \/>\n\t<meta property=\"og:image:height\" content=\"1080\" \/>\n\t<meta property=\"og:image:type\" content=\"image\/jpeg\" \/>\n<meta name=\"author\" content=\"Siel Vandamme\" \/>\n<meta name=\"twitter:card\" content=\"summary_large_image\" \/>\n<meta name=\"twitter:creator\" content=\"@CATAPA_Belgica\" \/>\n<meta name=\"twitter:site\" content=\"@CATAPA_Belgica\" \/>\n<meta name=\"twitter:label1\" content=\"Geschreven door\" \/>\n\t<meta name=\"twitter:data1\" content=\"Siel Vandamme\" \/>\n\t<meta name=\"twitter:label2\" content=\"Geschatte leestijd\" \/>\n\t<meta name=\"twitter:data2\" content=\"8 minuten\" \/>\n<script type=\"application\/ld+json\" class=\"yoast-schema-graph\">{\"@context\":\"https:\/\/schema.org\",\"@graph\":[{\"@type\":\"Article\",\"@id\":\"https:\/\/catapa.be\/nl\/en-el-nombre-del-litio-schone-energie-voor-wie\/#article\",\"isPartOf\":{\"@id\":\"https:\/\/catapa.be\/nl\/en-el-nombre-del-litio-schone-energie-voor-wie\/\"},\"author\":{\"name\":\"Siel Vandamme\",\"@id\":\"https:\/\/catapa.be\/nl\/#\/schema\/person\/e7a7cd72aaa4175694c40199c3187d7b\"},\"headline\":\"En El Nombre Del Litio &#8211; Schone energie, voor wie?\",\"datePublished\":\"2022-04-05T15:15:16+00:00\",\"dateModified\":\"2022-04-05T15:38:19+00:00\",\"mainEntityOfPage\":{\"@id\":\"https:\/\/catapa.be\/nl\/en-el-nombre-del-litio-schone-energie-voor-wie\/\"},\"wordCount\":1581,\"commentCount\":0,\"publisher\":{\"@id\":\"https:\/\/catapa.be\/nl\/#organization\"},\"image\":{\"@id\":\"https:\/\/catapa.be\/nl\/en-el-nombre-del-litio-schone-energie-voor-wie\/#primaryimage\"},\"thumbnailUrl\":\"https:\/\/i0.wp.com\/catapa.be\/wp-content\/uploads\/2022\/04\/01.jpg?fit=2048%2C1080&ssl=1\",\"articleSection\":[\"Geen onderdeel van een categorie\"],\"inLanguage\":\"nl-NL\",\"potentialAction\":[{\"@type\":\"CommentAction\",\"name\":\"Comment\",\"target\":[\"https:\/\/catapa.be\/nl\/en-el-nombre-del-litio-schone-energie-voor-wie\/#respond\"]}]},{\"@type\":\"WebPage\",\"@id\":\"https:\/\/catapa.be\/nl\/en-el-nombre-del-litio-schone-energie-voor-wie\/\",\"url\":\"https:\/\/catapa.be\/nl\/en-el-nombre-del-litio-schone-energie-voor-wie\/\",\"name\":\"En El Nombre Del Litio - Schone energie, voor wie? - CATAPA vzw\",\"isPartOf\":{\"@id\":\"https:\/\/catapa.be\/nl\/#website\"},\"primaryImageOfPage\":{\"@id\":\"https:\/\/catapa.be\/nl\/en-el-nombre-del-litio-schone-energie-voor-wie\/#primaryimage\"},\"image\":{\"@id\":\"https:\/\/catapa.be\/nl\/en-el-nombre-del-litio-schone-energie-voor-wie\/#primaryimage\"},\"thumbnailUrl\":\"https:\/\/i0.wp.com\/catapa.be\/wp-content\/uploads\/2022\/04\/01.jpg?fit=2048%2C1080&ssl=1\",\"datePublished\":\"2022-04-05T15:15:16+00:00\",\"dateModified\":\"2022-04-05T15:38:19+00:00\",\"description\":\"En El Nombre Del Litio - Clean Energy, For Who?\",\"breadcrumb\":{\"@id\":\"https:\/\/catapa.be\/nl\/en-el-nombre-del-litio-schone-energie-voor-wie\/#breadcrumb\"},\"inLanguage\":\"nl-NL\",\"potentialAction\":[{\"@type\":\"ReadAction\",\"target\":[\"https:\/\/catapa.be\/nl\/en-el-nombre-del-litio-schone-energie-voor-wie\/\"]}]},{\"@type\":\"ImageObject\",\"inLanguage\":\"nl-NL\",\"@id\":\"https:\/\/catapa.be\/nl\/en-el-nombre-del-litio-schone-energie-voor-wie\/#primaryimage\",\"url\":\"https:\/\/i0.wp.com\/catapa.be\/wp-content\/uploads\/2022\/04\/01.jpg?fit=2048%2C1080&ssl=1\",\"contentUrl\":\"https:\/\/i0.wp.com\/catapa.be\/wp-content\/uploads\/2022\/04\/01.jpg?fit=2048%2C1080&ssl=1\",\"width\":2048,\"height\":1080},{\"@type\":\"BreadcrumbList\",\"@id\":\"https:\/\/catapa.be\/nl\/en-el-nombre-del-litio-schone-energie-voor-wie\/#breadcrumb\",\"itemListElement\":[{\"@type\":\"ListItem\",\"position\":1,\"name\":\"Home\",\"item\":\"https:\/\/catapa.be\/nl\/\"},{\"@type\":\"ListItem\",\"position\":2,\"name\":\"En El Nombre Del Litio &#8211; Schone energie, voor wie?\"}]},{\"@type\":\"WebSite\",\"@id\":\"https:\/\/catapa.be\/nl\/#website\",\"url\":\"https:\/\/catapa.be\/nl\/\",\"name\":\"CATAPA vzw\",\"description\":\"Comit\u00e9 Acad\u00e9mico T\u00e9cnico de Asesoramiento a Problemas Ambientales\",\"publisher\":{\"@id\":\"https:\/\/catapa.be\/nl\/#organization\"},\"potentialAction\":[{\"@type\":\"SearchAction\",\"target\":{\"@type\":\"EntryPoint\",\"urlTemplate\":\"https:\/\/catapa.be\/nl\/?s={search_term_string}\"},\"query-input\":{\"@type\":\"PropertyValueSpecification\",\"valueRequired\":true,\"valueName\":\"search_term_string\"}}],\"inLanguage\":\"nl-NL\"},{\"@type\":\"Organization\",\"@id\":\"https:\/\/catapa.be\/nl\/#organization\",\"name\":\"CATAPA vzw\",\"url\":\"https:\/\/catapa.be\/nl\/\",\"logo\":{\"@type\":\"ImageObject\",\"inLanguage\":\"nl-NL\",\"@id\":\"https:\/\/catapa.be\/nl\/#\/schema\/logo\/image\/\",\"url\":\"https:\/\/i0.wp.com\/catapa.be\/wp-content\/uploads\/2019\/02\/NEW20LOGO20SHORT20PNG1.png?fit=1259%2C1321&ssl=1\",\"contentUrl\":\"https:\/\/i0.wp.com\/catapa.be\/wp-content\/uploads\/2019\/02\/NEW20LOGO20SHORT20PNG1.png?fit=1259%2C1321&ssl=1\",\"width\":1259,\"height\":1321,\"caption\":\"CATAPA vzw\"},\"image\":{\"@id\":\"https:\/\/catapa.be\/nl\/#\/schema\/logo\/image\/\"},\"sameAs\":[\"https:\/\/www.facebook.com\/catapa.belgium\/\",\"https:\/\/x.com\/CATAPA_Belgica\",\"https:\/\/www.instagram.com\/catapa_vzw\/\",\"https:\/\/be.linkedin.com\/company\/catapavzw\",\"https:\/\/www.youtube.com\/channel\/UCE52-Fiyv-Fpqf2gi1qhf1g\"]},{\"@type\":\"Person\",\"@id\":\"https:\/\/catapa.be\/nl\/#\/schema\/person\/e7a7cd72aaa4175694c40199c3187d7b\",\"name\":\"Siel Vandamme\",\"url\":\"https:\/\/catapa.be\/nl\/author\/siel-vandamme\/\"}]}<\/script>\n<!-- \/ Yoast SEO plugin. -->","yoast_head_json":{"title":"En El Nombre Del Litio - Schone energie, voor wie? - CATAPA vzw","description":"En El Nombre Del Litio - Clean Energy, For Who?","robots":{"index":"index","follow":"follow","max-snippet":"max-snippet:-1","max-image-preview":"max-image-preview:large","max-video-preview":"max-video-preview:-1"},"canonical":"https:\/\/catapa.be\/nl\/en-el-nombre-del-litio-schone-energie-voor-wie\/","og_locale":"nl_NL","og_type":"article","og_title":"En El Nombre Del Litio - Schone energie, voor wie? - CATAPA vzw","og_description":"En El Nombre Del Litio - Clean Energy, For Who?","og_url":"https:\/\/catapa.be\/nl\/en-el-nombre-del-litio-schone-energie-voor-wie\/","og_site_name":"CATAPA vzw","article_publisher":"https:\/\/www.facebook.com\/catapa.belgium\/","article_published_time":"2022-04-05T15:15:16+00:00","article_modified_time":"2022-04-05T15:38:19+00:00","og_image":[{"width":2048,"height":1080,"url":"https:\/\/catapa.be\/wp-content\/uploads\/2022\/04\/01.jpg","type":"image\/jpeg"}],"author":"Siel Vandamme","twitter_card":"summary_large_image","twitter_creator":"@CATAPA_Belgica","twitter_site":"@CATAPA_Belgica","twitter_misc":{"Geschreven door":"Siel Vandamme","Geschatte leestijd":"8 minuten"},"schema":{"@context":"https:\/\/schema.org","@graph":[{"@type":"Article","@id":"https:\/\/catapa.be\/nl\/en-el-nombre-del-litio-schone-energie-voor-wie\/#article","isPartOf":{"@id":"https:\/\/catapa.be\/nl\/en-el-nombre-del-litio-schone-energie-voor-wie\/"},"author":{"name":"Siel Vandamme","@id":"https:\/\/catapa.be\/nl\/#\/schema\/person\/e7a7cd72aaa4175694c40199c3187d7b"},"headline":"En El Nombre Del Litio &#8211; Schone energie, voor wie?","datePublished":"2022-04-05T15:15:16+00:00","dateModified":"2022-04-05T15:38:19+00:00","mainEntityOfPage":{"@id":"https:\/\/catapa.be\/nl\/en-el-nombre-del-litio-schone-energie-voor-wie\/"},"wordCount":1581,"commentCount":0,"publisher":{"@id":"https:\/\/catapa.be\/nl\/#organization"},"image":{"@id":"https:\/\/catapa.be\/nl\/en-el-nombre-del-litio-schone-energie-voor-wie\/#primaryimage"},"thumbnailUrl":"https:\/\/i0.wp.com\/catapa.be\/wp-content\/uploads\/2022\/04\/01.jpg?fit=2048%2C1080&ssl=1","articleSection":["Geen onderdeel van een categorie"],"inLanguage":"nl-NL","potentialAction":[{"@type":"CommentAction","name":"Comment","target":["https:\/\/catapa.be\/nl\/en-el-nombre-del-litio-schone-energie-voor-wie\/#respond"]}]},{"@type":"WebPage","@id":"https:\/\/catapa.be\/nl\/en-el-nombre-del-litio-schone-energie-voor-wie\/","url":"https:\/\/catapa.be\/nl\/en-el-nombre-del-litio-schone-energie-voor-wie\/","name":"En El Nombre Del Litio - Schone energie, voor wie? - CATAPA vzw","isPartOf":{"@id":"https:\/\/catapa.be\/nl\/#website"},"primaryImageOfPage":{"@id":"https:\/\/catapa.be\/nl\/en-el-nombre-del-litio-schone-energie-voor-wie\/#primaryimage"},"image":{"@id":"https:\/\/catapa.be\/nl\/en-el-nombre-del-litio-schone-energie-voor-wie\/#primaryimage"},"thumbnailUrl":"https:\/\/i0.wp.com\/catapa.be\/wp-content\/uploads\/2022\/04\/01.jpg?fit=2048%2C1080&ssl=1","datePublished":"2022-04-05T15:15:16+00:00","dateModified":"2022-04-05T15:38:19+00:00","description":"En El Nombre Del Litio - Clean Energy, For Who?","breadcrumb":{"@id":"https:\/\/catapa.be\/nl\/en-el-nombre-del-litio-schone-energie-voor-wie\/#breadcrumb"},"inLanguage":"nl-NL","potentialAction":[{"@type":"ReadAction","target":["https:\/\/catapa.be\/nl\/en-el-nombre-del-litio-schone-energie-voor-wie\/"]}]},{"@type":"ImageObject","inLanguage":"nl-NL","@id":"https:\/\/catapa.be\/nl\/en-el-nombre-del-litio-schone-energie-voor-wie\/#primaryimage","url":"https:\/\/i0.wp.com\/catapa.be\/wp-content\/uploads\/2022\/04\/01.jpg?fit=2048%2C1080&ssl=1","contentUrl":"https:\/\/i0.wp.com\/catapa.be\/wp-content\/uploads\/2022\/04\/01.jpg?fit=2048%2C1080&ssl=1","width":2048,"height":1080},{"@type":"BreadcrumbList","@id":"https:\/\/catapa.be\/nl\/en-el-nombre-del-litio-schone-energie-voor-wie\/#breadcrumb","itemListElement":[{"@type":"ListItem","position":1,"name":"Home","item":"https:\/\/catapa.be\/nl\/"},{"@type":"ListItem","position":2,"name":"En El Nombre Del Litio &#8211; Schone energie, voor wie?"}]},{"@type":"WebSite","@id":"https:\/\/catapa.be\/nl\/#website","url":"https:\/\/catapa.be\/nl\/","name":"CATAPA vzw","description":"Comit\u00e9 Acad\u00e9mico T\u00e9cnico de Asesoramiento a Problemas Ambientales","publisher":{"@id":"https:\/\/catapa.be\/nl\/#organization"},"potentialAction":[{"@type":"SearchAction","target":{"@type":"EntryPoint","urlTemplate":"https:\/\/catapa.be\/nl\/?s={search_term_string}"},"query-input":{"@type":"PropertyValueSpecification","valueRequired":true,"valueName":"search_term_string"}}],"inLanguage":"nl-NL"},{"@type":"Organization","@id":"https:\/\/catapa.be\/nl\/#organization","name":"CATAPA vzw","url":"https:\/\/catapa.be\/nl\/","logo":{"@type":"ImageObject","inLanguage":"nl-NL","@id":"https:\/\/catapa.be\/nl\/#\/schema\/logo\/image\/","url":"https:\/\/i0.wp.com\/catapa.be\/wp-content\/uploads\/2019\/02\/NEW20LOGO20SHORT20PNG1.png?fit=1259%2C1321&ssl=1","contentUrl":"https:\/\/i0.wp.com\/catapa.be\/wp-content\/uploads\/2019\/02\/NEW20LOGO20SHORT20PNG1.png?fit=1259%2C1321&ssl=1","width":1259,"height":1321,"caption":"CATAPA vzw"},"image":{"@id":"https:\/\/catapa.be\/nl\/#\/schema\/logo\/image\/"},"sameAs":["https:\/\/www.facebook.com\/catapa.belgium\/","https:\/\/x.com\/CATAPA_Belgica","https:\/\/www.instagram.com\/catapa_vzw\/","https:\/\/be.linkedin.com\/company\/catapavzw","https:\/\/www.youtube.com\/channel\/UCE52-Fiyv-Fpqf2gi1qhf1g"]},{"@type":"Person","@id":"https:\/\/catapa.be\/nl\/#\/schema\/person\/e7a7cd72aaa4175694c40199c3187d7b","name":"Siel Vandamme","url":"https:\/\/catapa.be\/nl\/author\/siel-vandamme\/"}]}},"jetpack_publicize_connections":[],"jetpack_featured_media_url":"https:\/\/i0.wp.com\/catapa.be\/wp-content\/uploads\/2022\/04\/01.jpg?fit=2048%2C1080&ssl=1","jetpack_sharing_enabled":true,"jetpack_likes_enabled":true,"jetpack-related-posts":[{"id":14646,"url":"https:\/\/catapa.be\/nl\/spookstad-choropampa-twintig-jaar-na-de-ramp\/","url_meta":{"origin":28990,"position":0},"title":"Spookstad Choropampa: Twintig Jaar na de Ramp","author":"Daniela Marques Branco","date":"2 juni 2020","format":false,"excerpt":"[vc_row][vc_column][vc_column_text] Author: Maxime Degroote \u00a0 Spookstad Choropampa: Twintig Jaar na de Ramp \u00a0 Op 2 juni 2000 verloor een vrachtwagen met vracht van de mijn Yanacocha zo\u00b4n 150 kilo kwik in de kleine gemeenschap Choropampa in de provincie Cajamarca, in het noorden van Peru. Twintig jaar later is het dorp\u2026","rel":"","context":"In &quot;Geen onderdeel van een categorie&quot;","block_context":{"text":"Geen onderdeel van een categorie","link":"https:\/\/catapa.be\/nl\/category\/geen-onderdeel-van-een-categorie\/"},"img":{"alt_text":"","src":"https:\/\/i0.wp.com\/catapa.be\/wp-content\/uploads\/2020\/06\/1.jpg?fit=1200%2C800&ssl=1&resize=350%2C200","width":350,"height":200,"srcset":"https:\/\/i0.wp.com\/catapa.be\/wp-content\/uploads\/2020\/06\/1.jpg?fit=1200%2C800&ssl=1&resize=350%2C200 1x, https:\/\/i0.wp.com\/catapa.be\/wp-content\/uploads\/2020\/06\/1.jpg?fit=1200%2C800&ssl=1&resize=525%2C300 1.5x, https:\/\/i0.wp.com\/catapa.be\/wp-content\/uploads\/2020\/06\/1.jpg?fit=1200%2C800&ssl=1&resize=700%2C400 2x, https:\/\/i0.wp.com\/catapa.be\/wp-content\/uploads\/2020\/06\/1.jpg?fit=1200%2C800&ssl=1&resize=1050%2C600 3x"},"classes":[]},{"id":35167,"url":"https:\/\/catapa.be\/nl\/carolina-en-het-recht-om-nee-te-zeggen\/","url_meta":{"origin":28990,"position":1},"title":"Carolina en het Recht om Nee te Zeggen","author":"Koerian","date":"29 februari 2024","format":false,"excerpt":"Carolina is een milieuverdediger uit Falan, Colombia. Ze vecht voor het recht om nee te zeggen tegen extractivisme en ja tegen een sterke en veerkrachtige gemeenschap. Samen met Don Wilder toert ze deze maart door Belgi\u00eb tijdens de Right to Say No Tour. Neem deel aan de evenementen om te\u2026","rel":"","context":"In &quot;Geen onderdeel van een categorie&quot;","block_context":{"text":"Geen onderdeel van een categorie","link":"https:\/\/catapa.be\/nl\/category\/geen-onderdeel-van-een-categorie\/"},"img":{"alt_text":"","src":"https:\/\/i0.wp.com\/catapa.be\/wp-content\/uploads\/2024\/02\/IMG_7111.jpg?fit=900%2C1200&ssl=1&resize=350%2C200","width":350,"height":200,"srcset":"https:\/\/i0.wp.com\/catapa.be\/wp-content\/uploads\/2024\/02\/IMG_7111.jpg?fit=900%2C1200&ssl=1&resize=350%2C200 1x, https:\/\/i0.wp.com\/catapa.be\/wp-content\/uploads\/2024\/02\/IMG_7111.jpg?fit=900%2C1200&ssl=1&resize=525%2C300 1.5x, https:\/\/i0.wp.com\/catapa.be\/wp-content\/uploads\/2024\/02\/IMG_7111.jpg?fit=900%2C1200&ssl=1&resize=700%2C400 2x"},"classes":[]},{"id":30020,"url":"https:\/\/catapa.be\/nl\/la-mina-2-in-het-hol-van-de-leeuw\/","url_meta":{"origin":28990,"position":2},"title":"La Mina 2 &#8211; In het hol van de leeuw","author":"Karlijn Van den Broeck","date":"1 augustus 2009","format":false,"excerpt":"[vc_row][vc_column][vc_column_text] La Mina 2 - In het hol van de leeuw Dinsdag 28 juli. 4u40. Daan komt ons wekken. Vandaag mogen 14 deelnemers van SIED II de Marlin-mijn van Montana in San Miguel Ixtahuac\u00e1n en Sipakapa bezoeken. Door de Noche belga gisteren hebben we slechts 4 uur geslapen, maar door\u2026","rel":"","context":"In &quot;Guatemala&quot;","block_context":{"text":"Guatemala","link":"https:\/\/catapa.be\/nl\/category\/partnerlanden\/guatemala-partnerlanden\/"},"img":{"alt_text":"","src":"","width":0,"height":0},"classes":[]},{"id":10448,"url":"https:\/\/catapa.be\/nl\/voor-hen-die-geen-stem-meer-hebben-meer-en-meer-peruaanse-vrouwen-strijden-voor-hun-rechten\/","url_meta":{"origin":28990,"position":3},"title":"Voor hen die geen stem meer hebben: meer en meer Peruaanse vrouwen strijden voor hun rechten","author":"Maxime Degroote","date":"5 maart 2019","format":false,"excerpt":"[vc_row][vc_column][vc_custom_heading text=\"Voor hen die geen stem meer hebben: meer en meer Peruaanse vrouwen strijden voor hun rechten\" font_container=\"tag:h2|text_align:center\" google_fonts=\"font_family:Quicksand%3A300%2Cregular%2C700|font_style:400%20regular%3A400%3Anormal\"][vc_column_text]Maxime Degroote, 4 april 2018[\/vc_column_text][vc_column_text] Dat het op acht maart Internationale Vrouwendag\u00a0is, daar kun je niet omheen hier in Peru. De felicitatieberichtjes stromen binnen bij het opstaan, gelukwensen worden gedeeld met moeders,\u2026","rel":"","context":"In &quot;Peru&quot;","block_context":{"text":"Peru","link":"https:\/\/catapa.be\/nl\/category\/partnerlanden\/peru-nl\/"},"img":{"alt_text":"","src":"https:\/\/i0.wp.com\/catapa.be\/wp-content\/uploads\/2019\/03\/main-pic-min-1.png?fit=736%2C489&ssl=1&resize=350%2C200","width":350,"height":200,"srcset":"https:\/\/i0.wp.com\/catapa.be\/wp-content\/uploads\/2019\/03\/main-pic-min-1.png?fit=736%2C489&ssl=1&resize=350%2C200 1x, https:\/\/i0.wp.com\/catapa.be\/wp-content\/uploads\/2019\/03\/main-pic-min-1.png?fit=736%2C489&ssl=1&resize=525%2C300 1.5x, https:\/\/i0.wp.com\/catapa.be\/wp-content\/uploads\/2019\/03\/main-pic-min-1.png?fit=736%2C489&ssl=1&resize=700%2C400 2x"},"classes":[]},{"id":30657,"url":"https:\/\/catapa.be\/nl\/van-een-dood-land-kan-niemand-leven\/","url_meta":{"origin":28990,"position":4},"title":"Van een dood land kan niemand leven","author":"Connor Cashell","date":"5 juli 2017","format":false,"excerpt":"[vc_row][vc_column][vc_column_text] Van een dood land kan niemand leven Latijns-Amerika klinkt voor velen als ongerepte natuur en een cultuur die zijn \u201cPachamama\u201d\u00a0in ere houdt. Aan de ene kant is dat zeker waar, anderzijds wordt de vervuiling van de omgeving hier met de dag erger. Eduardo Gudynas schreef in een\u00a0recent artikel\u00a0over de\u2026","rel":"","context":"In &quot;Bolivia&quot;","block_context":{"text":"Bolivia","link":"https:\/\/catapa.be\/nl\/category\/partnerlanden\/bolivia-nl\/"},"img":{"alt_text":"","src":"","width":0,"height":0},"classes":[]},{"id":35442,"url":"https:\/\/catapa.be\/nl\/het-beste-afscheidscadeau-voor-frauke-stop-expresdefect-to-the-rescue-dit-is-wat-je-kan-doen\/","url_meta":{"origin":28990,"position":5},"title":"Het beste afscheidscadeau voor Frauke? Stop #ExpresDefect to the rescue! Dit is wat je kan doen.","author":"Koerian","date":"25 april 2024","format":false,"excerpt":"[vc_row][vc_column][vc_column_text]Ik hoop dat jullie allemaal gelukkig en gezond zijn. Allereerst heb ik spijtig nieuws. April was mijn laatste werkmaand bij CATAPA. Vervanging is voorzien voor midden augustus. Ondertussen zal Maud de Stop #ExpresDefect campagne blijven co\u00f6rdineren. Maar we hebben jullie nu dus meer dan ooit nodig om de campagne draaiende\u2026","rel":"","context":"In &quot;Geen onderdeel van een categorie&quot;","block_context":{"text":"Geen onderdeel van een categorie","link":"https:\/\/catapa.be\/nl\/category\/geen-onderdeel-van-een-categorie\/"},"img":{"alt_text":"","src":"https:\/\/i0.wp.com\/catapa.be\/wp-content\/uploads\/2024\/04\/frk-stopexpresdefect.jpg?fit=900%2C1200&ssl=1&resize=350%2C200","width":350,"height":200,"srcset":"https:\/\/i0.wp.com\/catapa.be\/wp-content\/uploads\/2024\/04\/frk-stopexpresdefect.jpg?fit=900%2C1200&ssl=1&resize=350%2C200 1x, https:\/\/i0.wp.com\/catapa.be\/wp-content\/uploads\/2024\/04\/frk-stopexpresdefect.jpg?fit=900%2C1200&ssl=1&resize=525%2C300 1.5x, https:\/\/i0.wp.com\/catapa.be\/wp-content\/uploads\/2024\/04\/frk-stopexpresdefect.jpg?fit=900%2C1200&ssl=1&resize=700%2C400 2x"},"classes":[]}],"_links":{"self":[{"href":"https:\/\/catapa.be\/nl\/wp-json\/wp\/v2\/posts\/28990","targetHints":{"allow":["GET"]}}],"collection":[{"href":"https:\/\/catapa.be\/nl\/wp-json\/wp\/v2\/posts"}],"about":[{"href":"https:\/\/catapa.be\/nl\/wp-json\/wp\/v2\/types\/post"}],"author":[{"embeddable":true,"href":"https:\/\/catapa.be\/nl\/wp-json\/wp\/v2\/users\/60"}],"replies":[{"embeddable":true,"href":"https:\/\/catapa.be\/nl\/wp-json\/wp\/v2\/comments?post=28990"}],"version-history":[{"count":5,"href":"https:\/\/catapa.be\/nl\/wp-json\/wp\/v2\/posts\/28990\/revisions"}],"predecessor-version":[{"id":28995,"href":"https:\/\/catapa.be\/nl\/wp-json\/wp\/v2\/posts\/28990\/revisions\/28995"}],"wp:featuredmedia":[{"embeddable":true,"href":"https:\/\/catapa.be\/nl\/wp-json\/wp\/v2\/media\/28977"}],"wp:attachment":[{"href":"https:\/\/catapa.be\/nl\/wp-json\/wp\/v2\/media?parent=28990"}],"wp:term":[{"taxonomy":"category","embeddable":true,"href":"https:\/\/catapa.be\/nl\/wp-json\/wp\/v2\/categories?post=28990"},{"taxonomy":"post_tag","embeddable":true,"href":"https:\/\/catapa.be\/nl\/wp-json\/wp\/v2\/tags?post=28990"}],"curies":[{"name":"wp","href":"https:\/\/api.w.org\/{rel}","templated":true}]}}