{"id":29153,"date":"2022-04-22T15:35:52","date_gmt":"2022-04-22T13:35:52","guid":{"rendered":"https:\/\/catapa.be\/?p=29153"},"modified":"2023-10-27T18:20:25","modified_gmt":"2023-10-27T16:20:25","slug":"mechelen-tekent-als-eerste-stad-ons-ctrl-alt-del-charter","status":"publish","type":"post","link":"https:\/\/catapa.be\/nl\/mechelen-tekent-als-eerste-stad-ons-ctrl-alt-del-charter\/","title":{"rendered":"Mechelen tekent als eerste stad ons CTRL ALT DEL charter!"},"content":{"rendered":"<h1>Mechelen tekent als eerste stad ons CTRL ALT DEL charter!<\/h1>\n<p>Op 17 februari organiseerde de Mechelse afdeling van CATAPA een debat over (de)kolonisering, waar ook de Mechelse schepen Rina Rabau op was uitgenodigd. Naar aanleiding van dit debat engageerde de stad Mechelen zich om de CTRL ALT DEL campagne tegen geplande veroudering te steunen. Op 22 april, de &#8216;Dag van de Aarde&#8217;, werd <a class=\"_ps2id\" href=\"https:\/\/drive.google.com\/file\/d\/1Xu05_1gTy5Cpa_Y_QbMj6w8fZyHwxEL1\/view?usp=share_link\" data-ps2id-offset=\"\">het CTRL ALT DEL charter<\/a> getekend door schepen Rina Rabau, Walter Andino (vrijwilliger CATAPA Mechelen) en staflid David Huylebroeck.<\/p>\n<p>&nbsp;<\/p>\n<figure id=\"attachment_29157\" aria-describedby=\"caption-attachment-29157\" style=\"width: 453px\" class=\"wp-caption aligncenter\"><img data-recalc-dims=\"1\" loading=\"lazy\" decoding=\"async\" class=\" wp-image-29157\" src=\"https:\/\/i0.wp.com\/catapa.be\/wp-content\/uploads\/2022\/04\/mechelen-1.jpg?resize=453%2C298&#038;ssl=1\" alt=\"\" width=\"453\" height=\"298\" srcset=\"https:\/\/i0.wp.com\/catapa.be\/wp-content\/uploads\/2022\/04\/mechelen-1.jpg?resize=300%2C197&amp;ssl=1 300w, https:\/\/i0.wp.com\/catapa.be\/wp-content\/uploads\/2022\/04\/mechelen-1.jpg?resize=1024%2C673&amp;ssl=1 1024w, https:\/\/i0.wp.com\/catapa.be\/wp-content\/uploads\/2022\/04\/mechelen-1.jpg?resize=768%2C505&amp;ssl=1 768w, https:\/\/i0.wp.com\/catapa.be\/wp-content\/uploads\/2022\/04\/mechelen-1.jpg?w=1289&amp;ssl=1 1289w\" sizes=\"auto, (max-width: 453px) 100vw, 453px\" \/><figcaption id=\"caption-attachment-29157\" class=\"wp-caption-text\">v.l.n.r.: David Huylebroeck (bewegingswerker Catapa), schepen Rina Rabau Nkandu, Walter Andino (Catapa Mechelen)<\/figcaption><\/figure>\n<p>Dit grootse nieuws haalde het tot in <a href=\"https:\/\/www.hln.be\/mechelen\/stad-tekent-ctrl-alt-del-charter-voor-duurzamer-ict-materiaal~ac653f6c\/?fbclid=IwAR2CIa7hL1wJ1zOcM5YZZsLO09lMwLGBs0OH3UpM5JxVBcekBq9-DgUWgc0\">Het Laatste Nieuws<\/a> en <a href=\"https:\/\/www.nieuwsblad.be\/cnt\/dmf20220422_94448685?fbclid=IwAR0pfQc6RblP8kf9lMlKWxbceOQ51T0OUArOV4Sn-OB7_T9058aGPKcEQM4\">het Nieuwsblad<\/a>!<\/p>\n<p>Mechelen is de eerste stad die actief onze campagne steunt, hopelijk volgen er nog veel meer. Lees <a href=\"https:\/\/catapa.be\/nl\/ctrlaltdelete-onze-eisen-visie\/\">hier<\/a> meer over onze CTRL ALT DEL campagne en onze eisen.\u00a0Wil je helpen om ook jouw stad of gemeente te overtuigen onze campagne te steunen? Contacteer David via david.huylebroeck@catapa.be<\/p>\n<p><img data-recalc-dims=\"1\" loading=\"lazy\" decoding=\"async\" class=\"wp-image-29166 aligncenter\" src=\"https:\/\/i0.wp.com\/catapa.be\/wp-content\/uploads\/2022\/04\/Mechelen-3.jpg?resize=458%2C305&#038;ssl=1\" alt=\"\" width=\"458\" height=\"305\" srcset=\"https:\/\/i0.wp.com\/catapa.be\/wp-content\/uploads\/2022\/04\/Mechelen-3.jpg?resize=300%2C200&amp;ssl=1 300w, https:\/\/i0.wp.com\/catapa.be\/wp-content\/uploads\/2022\/04\/Mechelen-3.jpg?resize=1024%2C683&amp;ssl=1 1024w, https:\/\/i0.wp.com\/catapa.be\/wp-content\/uploads\/2022\/04\/Mechelen-3.jpg?resize=768%2C512&amp;ssl=1 768w, https:\/\/i0.wp.com\/catapa.be\/wp-content\/uploads\/2022\/04\/Mechelen-3.jpg?resize=1536%2C1024&amp;ssl=1 1536w, https:\/\/i0.wp.com\/catapa.be\/wp-content\/uploads\/2022\/04\/Mechelen-3.jpg?w=2048&amp;ssl=1 2048w, https:\/\/i0.wp.com\/catapa.be\/wp-content\/uploads\/2022\/04\/Mechelen-3.jpg?w=1280&amp;ssl=1 1280w, https:\/\/i0.wp.com\/catapa.be\/wp-content\/uploads\/2022\/04\/Mechelen-3.jpg?w=1920&amp;ssl=1 1920w\" sizes=\"auto, (max-width: 458px) 100vw, 458px\" \/><\/p>\n","protected":false},"excerpt":{"rendered":"<p>Mechelen tekent als eerste stad ons CTRL ALT DEL charter! Op 17 februari organiseerde de Mechelse afdeling van CATAPA een debat over (de)kolonisering, waar ook de Mechelse schepen Rina Rabau op was uitgenodigd. Naar aanleiding<br \/><a class=\"read-more\" href=\"https:\/\/catapa.be\/nl\/mechelen-tekent-als-eerste-stad-ons-ctrl-alt-del-charter\/\">Read More<\/a><\/p>\n","protected":false},"author":17,"featured_media":29157,"comment_status":"open","ping_status":"open","sticky":false,"template":"","format":"standard","meta":{"_exactmetrics_skip_tracking":false,"_exactmetrics_sitenote_active":false,"_exactmetrics_sitenote_note":"","_exactmetrics_sitenote_category":0,"jetpack_post_was_ever_published":false,"_jetpack_newsletter_access":"","_jetpack_dont_email_post_to_subs":false,"_jetpack_newsletter_tier_id":0,"_jetpack_memberships_contains_paywalled_content":false,"_jetpack_memberships_contains_paid_content":false,"footnotes":"","jetpack_publicize_message":"","jetpack_publicize_feature_enabled":true,"jetpack_social_post_already_shared":true,"jetpack_social_options":{"image_generator_settings":{"template":"highway","default_image_id":0,"font":"","enabled":false},"version":2}},"categories":[852],"tags":[],"class_list":["post-29153","post","type-post","status-publish","format-standard","has-post-thumbnail","hentry","category-ctrl-alt-delete"],"yoast_head":"<!-- This site is optimized with the Yoast SEO plugin v26.8 - https:\/\/yoast.com\/product\/yoast-seo-wordpress\/ -->\n<title>Mechelen tekent als eerste stad ons CTRL ALT DEL charter! - CATAPA vzw<\/title>\n<meta name=\"robots\" content=\"index, follow, max-snippet:-1, max-image-preview:large, max-video-preview:-1\" \/>\n<link rel=\"canonical\" href=\"https:\/\/catapa.be\/nl\/mechelen-tekent-als-eerste-stad-ons-ctrl-alt-del-charter\/\" \/>\n<meta property=\"og:locale\" content=\"nl_NL\" \/>\n<meta property=\"og:type\" content=\"article\" \/>\n<meta property=\"og:title\" content=\"Mechelen tekent als eerste stad ons CTRL ALT DEL charter! - CATAPA vzw\" \/>\n<meta property=\"og:description\" content=\"Mechelen tekent als eerste stad ons CTRL ALT DEL charter! Op 17 februari organiseerde de Mechelse afdeling van CATAPA een debat over (de)kolonisering, waar ook de Mechelse schepen Rina Rabau op was uitgenodigd. Naar aanleidingRead More\" \/>\n<meta property=\"og:url\" content=\"https:\/\/catapa.be\/nl\/mechelen-tekent-als-eerste-stad-ons-ctrl-alt-del-charter\/\" \/>\n<meta property=\"og:site_name\" content=\"CATAPA vzw\" \/>\n<meta property=\"article:publisher\" content=\"https:\/\/www.facebook.com\/catapa.belgium\/\" \/>\n<meta property=\"article:published_time\" content=\"2022-04-22T13:35:52+00:00\" \/>\n<meta property=\"article:modified_time\" content=\"2023-10-27T16:20:25+00:00\" \/>\n<meta property=\"og:image\" content=\"https:\/\/catapa.be\/wp-content\/uploads\/2022\/04\/mechelen-1.jpg\" \/>\n\t<meta property=\"og:image:width\" content=\"1289\" \/>\n\t<meta property=\"og:image:height\" content=\"847\" \/>\n\t<meta property=\"og:image:type\" content=\"image\/jpeg\" \/>\n<meta name=\"author\" content=\"Truike Geerts\" \/>\n<meta name=\"twitter:card\" content=\"summary_large_image\" \/>\n<meta name=\"twitter:creator\" content=\"@CATAPA_Belgica\" \/>\n<meta name=\"twitter:site\" content=\"@CATAPA_Belgica\" \/>\n<meta name=\"twitter:label1\" content=\"Geschreven door\" \/>\n\t<meta name=\"twitter:data1\" content=\"Truike Geerts\" \/>\n\t<meta name=\"twitter:label2\" content=\"Geschatte leestijd\" \/>\n\t<meta name=\"twitter:data2\" content=\"2 minuten\" \/>\n<script type=\"application\/ld+json\" class=\"yoast-schema-graph\">{\"@context\":\"https:\/\/schema.org\",\"@graph\":[{\"@type\":\"Article\",\"@id\":\"https:\/\/catapa.be\/nl\/mechelen-tekent-als-eerste-stad-ons-ctrl-alt-del-charter\/#article\",\"isPartOf\":{\"@id\":\"https:\/\/catapa.be\/nl\/mechelen-tekent-als-eerste-stad-ons-ctrl-alt-del-charter\/\"},\"author\":{\"name\":\"Truike Geerts\",\"@id\":\"https:\/\/catapa.be\/nl\/#\/schema\/person\/5b69e90152347308a517590385dbf533\"},\"headline\":\"Mechelen tekent als eerste stad ons CTRL ALT DEL charter!\",\"datePublished\":\"2022-04-22T13:35:52+00:00\",\"dateModified\":\"2023-10-27T16:20:25+00:00\",\"mainEntityOfPage\":{\"@id\":\"https:\/\/catapa.be\/nl\/mechelen-tekent-als-eerste-stad-ons-ctrl-alt-del-charter\/\"},\"wordCount\":178,\"commentCount\":0,\"publisher\":{\"@id\":\"https:\/\/catapa.be\/nl\/#organization\"},\"image\":{\"@id\":\"https:\/\/catapa.be\/nl\/mechelen-tekent-als-eerste-stad-ons-ctrl-alt-del-charter\/#primaryimage\"},\"thumbnailUrl\":\"https:\/\/i0.wp.com\/catapa.be\/wp-content\/uploads\/2022\/04\/mechelen-1.jpg?fit=1289%2C847&ssl=1\",\"articleSection\":[\"CtrlAltDelete\"],\"inLanguage\":\"nl-NL\",\"potentialAction\":[{\"@type\":\"CommentAction\",\"name\":\"Comment\",\"target\":[\"https:\/\/catapa.be\/nl\/mechelen-tekent-als-eerste-stad-ons-ctrl-alt-del-charter\/#respond\"]}]},{\"@type\":\"WebPage\",\"@id\":\"https:\/\/catapa.be\/nl\/mechelen-tekent-als-eerste-stad-ons-ctrl-alt-del-charter\/\",\"url\":\"https:\/\/catapa.be\/nl\/mechelen-tekent-als-eerste-stad-ons-ctrl-alt-del-charter\/\",\"name\":\"Mechelen tekent als eerste stad ons CTRL ALT DEL charter! - CATAPA vzw\",\"isPartOf\":{\"@id\":\"https:\/\/catapa.be\/nl\/#website\"},\"primaryImageOfPage\":{\"@id\":\"https:\/\/catapa.be\/nl\/mechelen-tekent-als-eerste-stad-ons-ctrl-alt-del-charter\/#primaryimage\"},\"image\":{\"@id\":\"https:\/\/catapa.be\/nl\/mechelen-tekent-als-eerste-stad-ons-ctrl-alt-del-charter\/#primaryimage\"},\"thumbnailUrl\":\"https:\/\/i0.wp.com\/catapa.be\/wp-content\/uploads\/2022\/04\/mechelen-1.jpg?fit=1289%2C847&ssl=1\",\"datePublished\":\"2022-04-22T13:35:52+00:00\",\"dateModified\":\"2023-10-27T16:20:25+00:00\",\"breadcrumb\":{\"@id\":\"https:\/\/catapa.be\/nl\/mechelen-tekent-als-eerste-stad-ons-ctrl-alt-del-charter\/#breadcrumb\"},\"inLanguage\":\"nl-NL\",\"potentialAction\":[{\"@type\":\"ReadAction\",\"target\":[\"https:\/\/catapa.be\/nl\/mechelen-tekent-als-eerste-stad-ons-ctrl-alt-del-charter\/\"]}]},{\"@type\":\"ImageObject\",\"inLanguage\":\"nl-NL\",\"@id\":\"https:\/\/catapa.be\/nl\/mechelen-tekent-als-eerste-stad-ons-ctrl-alt-del-charter\/#primaryimage\",\"url\":\"https:\/\/i0.wp.com\/catapa.be\/wp-content\/uploads\/2022\/04\/mechelen-1.jpg?fit=1289%2C847&ssl=1\",\"contentUrl\":\"https:\/\/i0.wp.com\/catapa.be\/wp-content\/uploads\/2022\/04\/mechelen-1.jpg?fit=1289%2C847&ssl=1\",\"width\":1289,\"height\":847,\"caption\":\"v.l.n.r.: David Huylebroeck (bewegingswerker Catapa), schepen Rina Rabau Nkandu, Walter Andino (Catapa Mechelen)\"},{\"@type\":\"BreadcrumbList\",\"@id\":\"https:\/\/catapa.be\/nl\/mechelen-tekent-als-eerste-stad-ons-ctrl-alt-del-charter\/#breadcrumb\",\"itemListElement\":[{\"@type\":\"ListItem\",\"position\":1,\"name\":\"Home\",\"item\":\"https:\/\/catapa.be\/nl\/\"},{\"@type\":\"ListItem\",\"position\":2,\"name\":\"Mechelen tekent als eerste stad ons CTRL ALT DEL charter!\"}]},{\"@type\":\"WebSite\",\"@id\":\"https:\/\/catapa.be\/nl\/#website\",\"url\":\"https:\/\/catapa.be\/nl\/\",\"name\":\"CATAPA vzw\",\"description\":\"Comit\u00e9 Acad\u00e9mico T\u00e9cnico de Asesoramiento a Problemas Ambientales\",\"publisher\":{\"@id\":\"https:\/\/catapa.be\/nl\/#organization\"},\"potentialAction\":[{\"@type\":\"SearchAction\",\"target\":{\"@type\":\"EntryPoint\",\"urlTemplate\":\"https:\/\/catapa.be\/nl\/?s={search_term_string}\"},\"query-input\":{\"@type\":\"PropertyValueSpecification\",\"valueRequired\":true,\"valueName\":\"search_term_string\"}}],\"inLanguage\":\"nl-NL\"},{\"@type\":\"Organization\",\"@id\":\"https:\/\/catapa.be\/nl\/#organization\",\"name\":\"CATAPA vzw\",\"url\":\"https:\/\/catapa.be\/nl\/\",\"logo\":{\"@type\":\"ImageObject\",\"inLanguage\":\"nl-NL\",\"@id\":\"https:\/\/catapa.be\/nl\/#\/schema\/logo\/image\/\",\"url\":\"https:\/\/i0.wp.com\/catapa.be\/wp-content\/uploads\/2019\/02\/NEW20LOGO20SHORT20PNG1.png?fit=1259%2C1321&ssl=1\",\"contentUrl\":\"https:\/\/i0.wp.com\/catapa.be\/wp-content\/uploads\/2019\/02\/NEW20LOGO20SHORT20PNG1.png?fit=1259%2C1321&ssl=1\",\"width\":1259,\"height\":1321,\"caption\":\"CATAPA vzw\"},\"image\":{\"@id\":\"https:\/\/catapa.be\/nl\/#\/schema\/logo\/image\/\"},\"sameAs\":[\"https:\/\/www.facebook.com\/catapa.belgium\/\",\"https:\/\/x.com\/CATAPA_Belgica\",\"https:\/\/www.instagram.com\/catapa_vzw\/\",\"https:\/\/be.linkedin.com\/company\/catapavzw\",\"https:\/\/www.youtube.com\/channel\/UCE52-Fiyv-Fpqf2gi1qhf1g\"]},{\"@type\":\"Person\",\"@id\":\"https:\/\/catapa.be\/nl\/#\/schema\/person\/5b69e90152347308a517590385dbf533\",\"name\":\"Truike Geerts\",\"url\":\"https:\/\/catapa.be\/nl\/author\/truike\/\"}]}<\/script>\n<!-- \/ Yoast SEO plugin. -->","yoast_head_json":{"title":"Mechelen tekent als eerste stad ons CTRL ALT DEL charter! - CATAPA vzw","robots":{"index":"index","follow":"follow","max-snippet":"max-snippet:-1","max-image-preview":"max-image-preview:large","max-video-preview":"max-video-preview:-1"},"canonical":"https:\/\/catapa.be\/nl\/mechelen-tekent-als-eerste-stad-ons-ctrl-alt-del-charter\/","og_locale":"nl_NL","og_type":"article","og_title":"Mechelen tekent als eerste stad ons CTRL ALT DEL charter! - CATAPA vzw","og_description":"Mechelen tekent als eerste stad ons CTRL ALT DEL charter! Op 17 februari organiseerde de Mechelse afdeling van CATAPA een debat over (de)kolonisering, waar ook de Mechelse schepen Rina Rabau op was uitgenodigd. Naar aanleidingRead More","og_url":"https:\/\/catapa.be\/nl\/mechelen-tekent-als-eerste-stad-ons-ctrl-alt-del-charter\/","og_site_name":"CATAPA vzw","article_publisher":"https:\/\/www.facebook.com\/catapa.belgium\/","article_published_time":"2022-04-22T13:35:52+00:00","article_modified_time":"2023-10-27T16:20:25+00:00","og_image":[{"width":1289,"height":847,"url":"https:\/\/catapa.be\/wp-content\/uploads\/2022\/04\/mechelen-1.jpg","type":"image\/jpeg"}],"author":"Truike Geerts","twitter_card":"summary_large_image","twitter_creator":"@CATAPA_Belgica","twitter_site":"@CATAPA_Belgica","twitter_misc":{"Geschreven door":"Truike Geerts","Geschatte leestijd":"2 minuten"},"schema":{"@context":"https:\/\/schema.org","@graph":[{"@type":"Article","@id":"https:\/\/catapa.be\/nl\/mechelen-tekent-als-eerste-stad-ons-ctrl-alt-del-charter\/#article","isPartOf":{"@id":"https:\/\/catapa.be\/nl\/mechelen-tekent-als-eerste-stad-ons-ctrl-alt-del-charter\/"},"author":{"name":"Truike Geerts","@id":"https:\/\/catapa.be\/nl\/#\/schema\/person\/5b69e90152347308a517590385dbf533"},"headline":"Mechelen tekent als eerste stad ons CTRL ALT DEL charter!","datePublished":"2022-04-22T13:35:52+00:00","dateModified":"2023-10-27T16:20:25+00:00","mainEntityOfPage":{"@id":"https:\/\/catapa.be\/nl\/mechelen-tekent-als-eerste-stad-ons-ctrl-alt-del-charter\/"},"wordCount":178,"commentCount":0,"publisher":{"@id":"https:\/\/catapa.be\/nl\/#organization"},"image":{"@id":"https:\/\/catapa.be\/nl\/mechelen-tekent-als-eerste-stad-ons-ctrl-alt-del-charter\/#primaryimage"},"thumbnailUrl":"https:\/\/i0.wp.com\/catapa.be\/wp-content\/uploads\/2022\/04\/mechelen-1.jpg?fit=1289%2C847&ssl=1","articleSection":["CtrlAltDelete"],"inLanguage":"nl-NL","potentialAction":[{"@type":"CommentAction","name":"Comment","target":["https:\/\/catapa.be\/nl\/mechelen-tekent-als-eerste-stad-ons-ctrl-alt-del-charter\/#respond"]}]},{"@type":"WebPage","@id":"https:\/\/catapa.be\/nl\/mechelen-tekent-als-eerste-stad-ons-ctrl-alt-del-charter\/","url":"https:\/\/catapa.be\/nl\/mechelen-tekent-als-eerste-stad-ons-ctrl-alt-del-charter\/","name":"Mechelen tekent als eerste stad ons CTRL ALT DEL charter! - CATAPA vzw","isPartOf":{"@id":"https:\/\/catapa.be\/nl\/#website"},"primaryImageOfPage":{"@id":"https:\/\/catapa.be\/nl\/mechelen-tekent-als-eerste-stad-ons-ctrl-alt-del-charter\/#primaryimage"},"image":{"@id":"https:\/\/catapa.be\/nl\/mechelen-tekent-als-eerste-stad-ons-ctrl-alt-del-charter\/#primaryimage"},"thumbnailUrl":"https:\/\/i0.wp.com\/catapa.be\/wp-content\/uploads\/2022\/04\/mechelen-1.jpg?fit=1289%2C847&ssl=1","datePublished":"2022-04-22T13:35:52+00:00","dateModified":"2023-10-27T16:20:25+00:00","breadcrumb":{"@id":"https:\/\/catapa.be\/nl\/mechelen-tekent-als-eerste-stad-ons-ctrl-alt-del-charter\/#breadcrumb"},"inLanguage":"nl-NL","potentialAction":[{"@type":"ReadAction","target":["https:\/\/catapa.be\/nl\/mechelen-tekent-als-eerste-stad-ons-ctrl-alt-del-charter\/"]}]},{"@type":"ImageObject","inLanguage":"nl-NL","@id":"https:\/\/catapa.be\/nl\/mechelen-tekent-als-eerste-stad-ons-ctrl-alt-del-charter\/#primaryimage","url":"https:\/\/i0.wp.com\/catapa.be\/wp-content\/uploads\/2022\/04\/mechelen-1.jpg?fit=1289%2C847&ssl=1","contentUrl":"https:\/\/i0.wp.com\/catapa.be\/wp-content\/uploads\/2022\/04\/mechelen-1.jpg?fit=1289%2C847&ssl=1","width":1289,"height":847,"caption":"v.l.n.r.: David Huylebroeck (bewegingswerker Catapa), schepen Rina Rabau Nkandu, Walter Andino (Catapa Mechelen)"},{"@type":"BreadcrumbList","@id":"https:\/\/catapa.be\/nl\/mechelen-tekent-als-eerste-stad-ons-ctrl-alt-del-charter\/#breadcrumb","itemListElement":[{"@type":"ListItem","position":1,"name":"Home","item":"https:\/\/catapa.be\/nl\/"},{"@type":"ListItem","position":2,"name":"Mechelen tekent als eerste stad ons CTRL ALT DEL charter!"}]},{"@type":"WebSite","@id":"https:\/\/catapa.be\/nl\/#website","url":"https:\/\/catapa.be\/nl\/","name":"CATAPA vzw","description":"Comit\u00e9 Acad\u00e9mico T\u00e9cnico de Asesoramiento a Problemas Ambientales","publisher":{"@id":"https:\/\/catapa.be\/nl\/#organization"},"potentialAction":[{"@type":"SearchAction","target":{"@type":"EntryPoint","urlTemplate":"https:\/\/catapa.be\/nl\/?s={search_term_string}"},"query-input":{"@type":"PropertyValueSpecification","valueRequired":true,"valueName":"search_term_string"}}],"inLanguage":"nl-NL"},{"@type":"Organization","@id":"https:\/\/catapa.be\/nl\/#organization","name":"CATAPA vzw","url":"https:\/\/catapa.be\/nl\/","logo":{"@type":"ImageObject","inLanguage":"nl-NL","@id":"https:\/\/catapa.be\/nl\/#\/schema\/logo\/image\/","url":"https:\/\/i0.wp.com\/catapa.be\/wp-content\/uploads\/2019\/02\/NEW20LOGO20SHORT20PNG1.png?fit=1259%2C1321&ssl=1","contentUrl":"https:\/\/i0.wp.com\/catapa.be\/wp-content\/uploads\/2019\/02\/NEW20LOGO20SHORT20PNG1.png?fit=1259%2C1321&ssl=1","width":1259,"height":1321,"caption":"CATAPA vzw"},"image":{"@id":"https:\/\/catapa.be\/nl\/#\/schema\/logo\/image\/"},"sameAs":["https:\/\/www.facebook.com\/catapa.belgium\/","https:\/\/x.com\/CATAPA_Belgica","https:\/\/www.instagram.com\/catapa_vzw\/","https:\/\/be.linkedin.com\/company\/catapavzw","https:\/\/www.youtube.com\/channel\/UCE52-Fiyv-Fpqf2gi1qhf1g"]},{"@type":"Person","@id":"https:\/\/catapa.be\/nl\/#\/schema\/person\/5b69e90152347308a517590385dbf533","name":"Truike Geerts","url":"https:\/\/catapa.be\/nl\/author\/truike\/"}]}},"jetpack_publicize_connections":[],"jetpack_featured_media_url":"https:\/\/i0.wp.com\/catapa.be\/wp-content\/uploads\/2022\/04\/mechelen-1.jpg?fit=1289%2C847&ssl=1","jetpack_sharing_enabled":true,"jetpack_likes_enabled":true,"jetpack-related-posts":[{"id":29171,"url":"https:\/\/catapa.be\/en\/mechelen-is-the-first-city-to-sign-our-ctrl-alt-del-charter\/","url_meta":{"origin":29153,"position":0},"title":"Mechelen is the first city to sign our CTRL ALT DEL charter!","author":"Truike Geerts","date":"22 april 2022","format":false,"excerpt":"Mechelen is the first city to sign our CTRL ALT DEL charter! On February 17, CATAPA Mechelen organised a debate about (de)colonisation. Alderwoman of Mechelen, Rina Rabau, also took part in the panel. As a result of this debate, the city of Mechelen committed itself to support our CTRL ALT\u2026","rel":"","context":"Soortgelijk bericht","block_context":{"text":"Soortgelijk bericht","link":""},"img":{"alt_text":"","src":"https:\/\/i0.wp.com\/catapa.be\/wp-content\/uploads\/2022\/04\/mechelen-1.jpg?fit=1200%2C789&ssl=1&resize=350%2C200","width":350,"height":200,"srcset":"https:\/\/i0.wp.com\/catapa.be\/wp-content\/uploads\/2022\/04\/mechelen-1.jpg?fit=1200%2C789&ssl=1&resize=350%2C200 1x, https:\/\/i0.wp.com\/catapa.be\/wp-content\/uploads\/2022\/04\/mechelen-1.jpg?fit=1200%2C789&ssl=1&resize=525%2C300 1.5x, https:\/\/i0.wp.com\/catapa.be\/wp-content\/uploads\/2022\/04\/mechelen-1.jpg?fit=1200%2C789&ssl=1&resize=700%2C400 2x, https:\/\/i0.wp.com\/catapa.be\/wp-content\/uploads\/2022\/04\/mechelen-1.jpg?fit=1200%2C789&ssl=1&resize=1050%2C600 3x"},"classes":[]},{"id":30973,"url":"https:\/\/catapa.be\/nl\/stad-gent-roept-een-halt-toe-aan-geplande-veroudering\/","url_meta":{"origin":29153,"position":1},"title":"Stad Gent roept een halt toe aan geplande veroudering!","author":"Truike Geerts","date":"14 juli 2022","format":false,"excerpt":"Na Mechelen ondertekende stad Gent vorige week als tweede stad ons CTRL-ALT-DEL-charter! Daarmee steunt de stad onze campagne voor sterkere regelgeving rond circulaire elektronica. Voor deze plechtige gebeurtenis kwamen Catapistas samen met schepen voor internationale solidariteit en aankoopbeleid Hafsa El-Bazioui, schepen voor milieu en circulaire economie Tine Heyse en Conny\u2026","rel":"","context":"In &quot;Geen onderdeel van een categorie&quot;","block_context":{"text":"Geen onderdeel van een categorie","link":"https:\/\/catapa.be\/nl\/category\/geen-onderdeel-van-een-categorie\/"},"img":{"alt_text":"","src":"https:\/\/i0.wp.com\/catapa.be\/wp-content\/uploads\/2022\/07\/WhatsApp-Image-2022-07-13-at-5.22.39-PM-1.jpeg?fit=1143%2C1200&ssl=1&resize=350%2C200","width":350,"height":200,"srcset":"https:\/\/i0.wp.com\/catapa.be\/wp-content\/uploads\/2022\/07\/WhatsApp-Image-2022-07-13-at-5.22.39-PM-1.jpeg?fit=1143%2C1200&ssl=1&resize=350%2C200 1x, https:\/\/i0.wp.com\/catapa.be\/wp-content\/uploads\/2022\/07\/WhatsApp-Image-2022-07-13-at-5.22.39-PM-1.jpeg?fit=1143%2C1200&ssl=1&resize=525%2C300 1.5x, https:\/\/i0.wp.com\/catapa.be\/wp-content\/uploads\/2022\/07\/WhatsApp-Image-2022-07-13-at-5.22.39-PM-1.jpeg?fit=1143%2C1200&ssl=1&resize=700%2C400 2x, https:\/\/i0.wp.com\/catapa.be\/wp-content\/uploads\/2022\/07\/WhatsApp-Image-2022-07-13-at-5.22.39-PM-1.jpeg?fit=1143%2C1200&ssl=1&resize=1050%2C600 3x"},"classes":[]},{"id":29901,"url":"https:\/\/catapa.be\/nl\/doe-mee-en-stop-expresdefect\/","url_meta":{"origin":29153,"position":2},"title":"Doe mee en Stop #ExpresDefect","author":"Truike Geerts","date":"3 juni 2022","format":false,"excerpt":"In ons vorig blogartikel kon je lezen waarom mijnbouw nooit 'groen' zal zijn of op een \u2018verantwoorde\u2019 manier kan worden uitgevoerd. Daarom moeten we de nood aan nieuw ontgonnen grondstoffen drastisch verminderen. We kunnen niet op dezelfde manier metalen en mineralen blijven ontginnen.\u00a0 We moeten een halt te roepen aan\u2026","rel":"","context":"In &quot;Geen onderdeel van een categorie&quot;","block_context":{"text":"Geen onderdeel van een categorie","link":"https:\/\/catapa.be\/nl\/category\/geen-onderdeel-van-een-categorie\/"},"img":{"alt_text":"","src":"https:\/\/i0.wp.com\/catapa.be\/wp-content\/uploads\/2022\/06\/WhatsApp-Image-2022-06-01-at-10.05.17-AM.jpeg?fit=1200%2C801&ssl=1&resize=350%2C200","width":350,"height":200,"srcset":"https:\/\/i0.wp.com\/catapa.be\/wp-content\/uploads\/2022\/06\/WhatsApp-Image-2022-06-01-at-10.05.17-AM.jpeg?fit=1200%2C801&ssl=1&resize=350%2C200 1x, https:\/\/i0.wp.com\/catapa.be\/wp-content\/uploads\/2022\/06\/WhatsApp-Image-2022-06-01-at-10.05.17-AM.jpeg?fit=1200%2C801&ssl=1&resize=525%2C300 1.5x, https:\/\/i0.wp.com\/catapa.be\/wp-content\/uploads\/2022\/06\/WhatsApp-Image-2022-06-01-at-10.05.17-AM.jpeg?fit=1200%2C801&ssl=1&resize=700%2C400 2x, https:\/\/i0.wp.com\/catapa.be\/wp-content\/uploads\/2022\/06\/WhatsApp-Image-2022-06-01-at-10.05.17-AM.jpeg?fit=1200%2C801&ssl=1&resize=1050%2C600 3x"},"classes":[]},{"id":30986,"url":"https:\/\/catapa.be\/en\/city-of-ghent-puts-a-stop-to-planned-obsolescence\/","url_meta":{"origin":29153,"position":3},"title":"City of Ghent puts a stop to planned obsolescence!","author":"Truike Geerts","date":"14 juli 2022","format":false,"excerpt":"After Mechelen, last week the city of Ghent was the second city to sign our CTRL-ALT-DEL charter. By doing so, the city supports our campaign for stronger regulation on circular electronics. For this special occasion, Catapistas came together with deputy minister for international solidarity and purchasing policy Hafsa El-Bazioui, deputy\u2026","rel":"","context":"Soortgelijk bericht","block_context":{"text":"Soortgelijk bericht","link":""},"img":{"alt_text":"","src":"https:\/\/i0.wp.com\/catapa.be\/wp-content\/uploads\/2022\/07\/WhatsApp-Image-2022-07-13-at-5.22.39-PM-1.jpeg?fit=1143%2C1200&ssl=1&resize=350%2C200","width":350,"height":200,"srcset":"https:\/\/i0.wp.com\/catapa.be\/wp-content\/uploads\/2022\/07\/WhatsApp-Image-2022-07-13-at-5.22.39-PM-1.jpeg?fit=1143%2C1200&ssl=1&resize=350%2C200 1x, https:\/\/i0.wp.com\/catapa.be\/wp-content\/uploads\/2022\/07\/WhatsApp-Image-2022-07-13-at-5.22.39-PM-1.jpeg?fit=1143%2C1200&ssl=1&resize=525%2C300 1.5x, https:\/\/i0.wp.com\/catapa.be\/wp-content\/uploads\/2022\/07\/WhatsApp-Image-2022-07-13-at-5.22.39-PM-1.jpeg?fit=1143%2C1200&ssl=1&resize=700%2C400 2x, https:\/\/i0.wp.com\/catapa.be\/wp-content\/uploads\/2022\/07\/WhatsApp-Image-2022-07-13-at-5.22.39-PM-1.jpeg?fit=1143%2C1200&ssl=1&resize=1050%2C600 3x"},"classes":[]},{"id":22825,"url":"https:\/\/catapa.be\/nl\/ctrl-alt-del-campagne\/","url_meta":{"origin":29153,"position":4},"title":"Ctrl Alt Del Campagne","author":"Siel Vandamme","date":"5 oktober 2021","format":false,"excerpt":"[vc_row][vc_column][vc_btn title=\"Ctrl Alt Delete website\" color=\"sky\" size=\"lg\" align=\"center\" css_animation=\"bounceInLeft\" button_block=\"true\" link=\"url:https%3A%2F%2Fwww.ctrlaltdelete.be%2F|target:_blank\"][vc_column_text] Lancering Ctrl Alt Del Campagne Reset het systeem & stop geplande veroudering! De aarde raakt uitgeput. Overstromingen, bosbranden, smeltende gletsjers, \u2026: we worden alsmaar vaker geconfronteerd met natuurrampen. De gevolgen zijn desastreus & onbetwistbaar: we zijn de limieten van\u2026","rel":"","context":"In &quot;Catapistas&quot;","block_context":{"text":"Catapistas","link":"https:\/\/catapa.be\/nl\/category\/catapistas-nl\/"},"img":{"alt_text":"Ctr alt del logo","src":"https:\/\/i0.wp.com\/catapa.be\/wp-content\/uploads\/2021\/10\/Ilustracio%CC%81n_sin_ti%CC%81tulo-e1637778733652.png?fit=1200%2C1150&ssl=1&resize=350%2C200","width":350,"height":200,"srcset":"https:\/\/i0.wp.com\/catapa.be\/wp-content\/uploads\/2021\/10\/Ilustracio%CC%81n_sin_ti%CC%81tulo-e1637778733652.png?fit=1200%2C1150&ssl=1&resize=350%2C200 1x, https:\/\/i0.wp.com\/catapa.be\/wp-content\/uploads\/2021\/10\/Ilustracio%CC%81n_sin_ti%CC%81tulo-e1637778733652.png?fit=1200%2C1150&ssl=1&resize=525%2C300 1.5x, https:\/\/i0.wp.com\/catapa.be\/wp-content\/uploads\/2021\/10\/Ilustracio%CC%81n_sin_ti%CC%81tulo-e1637778733652.png?fit=1200%2C1150&ssl=1&resize=700%2C400 2x, https:\/\/i0.wp.com\/catapa.be\/wp-content\/uploads\/2021\/10\/Ilustracio%CC%81n_sin_ti%CC%81tulo-e1637778733652.png?fit=1200%2C1150&ssl=1&resize=1050%2C600 3x"},"classes":[]},{"id":30042,"url":"https:\/\/catapa.be\/nl\/de-peruaanse-dictatuur-leg-het-volk-het-zwijgen-op\/","url_meta":{"origin":29153,"position":5},"title":"De Peruaanse dictatuur: leg het volk het zwijgen op","author":"David Huylebroeck","date":"18 augustus 2012","format":false,"excerpt":"[vc_row][vc_column][vc_column_text] De Peruaanse dictatuur: leg het volk het zwijgen op Het is stil in Cajamarca. De stem van het volk is niet langer te horen in de straten, het geluid van getunede mototaxis en motoren van Japanse, Koreaanse en Chinese makelij vullen de stad. Het Conga-conflict kende in het voorjaar\u2026","rel":"","context":"In &quot;Mining in Paradise&quot;","block_context":{"text":"Mining in Paradise","link":"https:\/\/catapa.be\/nl\/category\/afgelopen-campagnes-en-projecten\/mining-in-paradise\/"},"img":{"alt_text":"","src":"","width":0,"height":0},"classes":[]}],"_links":{"self":[{"href":"https:\/\/catapa.be\/nl\/wp-json\/wp\/v2\/posts\/29153","targetHints":{"allow":["GET"]}}],"collection":[{"href":"https:\/\/catapa.be\/nl\/wp-json\/wp\/v2\/posts"}],"about":[{"href":"https:\/\/catapa.be\/nl\/wp-json\/wp\/v2\/types\/post"}],"author":[{"embeddable":true,"href":"https:\/\/catapa.be\/nl\/wp-json\/wp\/v2\/users\/17"}],"replies":[{"embeddable":true,"href":"https:\/\/catapa.be\/nl\/wp-json\/wp\/v2\/comments?post=29153"}],"version-history":[{"count":4,"href":"https:\/\/catapa.be\/nl\/wp-json\/wp\/v2\/posts\/29153\/revisions"}],"predecessor-version":[{"id":34428,"href":"https:\/\/catapa.be\/nl\/wp-json\/wp\/v2\/posts\/29153\/revisions\/34428"}],"wp:featuredmedia":[{"embeddable":true,"href":"https:\/\/catapa.be\/nl\/wp-json\/wp\/v2\/media\/29157"}],"wp:attachment":[{"href":"https:\/\/catapa.be\/nl\/wp-json\/wp\/v2\/media?parent=29153"}],"wp:term":[{"taxonomy":"category","embeddable":true,"href":"https:\/\/catapa.be\/nl\/wp-json\/wp\/v2\/categories?post=29153"},{"taxonomy":"post_tag","embeddable":true,"href":"https:\/\/catapa.be\/nl\/wp-json\/wp\/v2\/tags?post=29153"}],"curies":[{"name":"wp","href":"https:\/\/api.w.org\/{rel}","templated":true}]}}