{"id":29984,"date":"2009-03-18T20:55:26","date_gmt":"2009-03-18T19:55:26","guid":{"rendered":"https:\/\/catapa.be\/?p=29984"},"modified":"2022-07-05T11:45:59","modified_gmt":"2022-07-05T09:45:59","slug":"president-van-ecuador-toont-ware-gelaat-accion-ecologica-opgeheven","status":"publish","type":"post","link":"https:\/\/catapa.be\/nl\/president-van-ecuador-toont-ware-gelaat-accion-ecologica-opgeheven\/","title":{"rendered":"President van Ecuador toont ware gelaat: Acci\u00f3n Ecol\u00f3gica opgeheven"},"content":{"rendered":"<div class=\"wpb-content-wrapper\"><p>[vc_row][vc_column][vc_column_text]<\/p>\n<p style=\"text-align: justify;\">Rafael Correa, voor lange tijd aanzien als \u00e9\u00e9n van de nieuwe progresieve, linkse krachten in Latijns Amerika, heeft deze week zijn roodkleurig masker laten vallen.<br \/>\nIn een ministerieel besluit besliste zijn regering om de rechtspersoon van \u00e9\u00e9n van de voornaamste ecologische organisaties van het land, Acci\u00f3n Ecol\u00f3gica, zonder voorafgaande waarschuwing of weerwoord af te nemen.<br \/>\nDe organisatie werkt al 20 jaar lang met het oog op een gezonder leefmilieu en kwam onlangs regelrecht in aanvaring met de President over de nieuwe mijnbouw wetgeving die de weg moet vrijmaken voor grootschalige mijnbouwprojecten in het land.<br \/>\nBlijkbaar stuitte het hevig protest vanuit milieu- en inheemse groeperingen de President danig tegen de borst want in een interview na de feiten wist hij te vertellen dat &#8220;er vele van dergelijke NGOs zijn die maar doen waar ze zin in hebben, zich mengen in politiek&#8230; het is een chaos waar we stilaan orde in aan het brengen zijn.&#8217;<br \/>\nAls reactie op de ontbinding kwam er een stormvloed van steunbetuigingen en verontwaardigde reacties los bij verschillende nationale en internationale organisaties.<\/p>\n<p style=\"text-align: justify;\">CATAPA berichtte onlangs nog over de toenemende repressie tegen organisaties en personen die niet akkoord zijn met de grondstoffenpolitiek in Ecuador. Acci\u00f3n Ecol\u00f3gica is al jaren een partnerorganisatie van Broederlijk Delen en ook CATAPA stond op punt om met Acci\u00f3n Ecol\u00f3gica een verregaande samenwerking op te starten.<\/p>\n<p style=\"text-align: justify;\">CATAPA vindt dit een zeer gevaarlijk precedent en klaagt deze beslissing van Correa dan ook ten stelligste aan. We vragen jullie om massaal mee te doen aan een briefschrijfactie rechtstreeks gericht aan President Correa om hem ervan overtuigen om op zijn stappen terug te keren. Hopelijk reageren jullie massaal!<\/p>\n<p style=\"text-align: justify;\">Je kan de brief onderaan zelf opsturen of hem ondertekenen op de website van Acci\u00f3n Ecol\u00f3gica (in het spaans).<\/p>\n<p style=\"text-align: justify;\"><em>To:<a href=\"mailto:rafael.correadelgado@presidencia.gov.ec\"> rafael.correadelgado@presidencia.gov.ec<\/a><\/em><\/p>\n<p style=\"text-align: justify;\"><em>Copied to:<\/em><\/p>\n<p style=\"text-align: justify;\"><em><a href=\"mailto:alexis.mera@presidencia.gov.ec\">alexis.mera@presidencia.gov.ec<\/a><\/em><\/p>\n<p style=\"text-align: justify;\"><em><a href=\"mailto:ffalconi@hotmail.com\">ffalconi@hotmail.com<\/a><\/em><\/p>\n<p style=\"text-align: justify;\"><em><a href=\"mailto:info@accionecologica.org\">info@accionecologica.org<\/a><\/em><\/p>\n<p style=\"text-align: justify;\"><em>Dear President Correa,<\/em><\/p>\n<p style=\"text-align: justify;\"><em>I would like to express you my dismay about the decision taken by your administration to close down Acci\u00f3n Ecol\u00f3gica by withdrawing its legal capacity (personer\u00eda juridica). Such a decision could have been expected from the previous anti-people and anti-nature governments, but not from yours. I have been among the many people that applauded the recognition of the rights of nature and the right to \u201cwell-being\u201d (buen vivir) in the new Ecuadorian Constitution promoted and approved during your mandate as President.<\/em><\/p>\n<p style=\"text-align: justify;\"><em>Within Ecuador, there is no doubt that one of the few organizations that has for years been defending nature and local peoples\u2019 well-being is Acci\u00f3n Ecol\u00f3gica. Everyone around the world knows its dedication to defending the Amazon and its peoples from oil companies such as Texaco. Everyone that has been in contact with them knows about their courage, intelligence and commitment to protecting the country\u2019s social and ecological wealth against the economic interests of national and transnational corporations eager to exploit them in a socially unjust and environmentally unsustainable manner. Everyone who has had the privilege of working with them can only express admiration.<\/em><\/p>\n<p style=\"text-align: justify;\"><em>Protecting the country\u2019s natural resources and peoples against industrial logging, commercial shrimp farming, oil exploration and extraction, monoculture tree plantations, biopiracy, water privatization and so on \u2013as Acci\u00f3n Ecol\u00f3gica has been doing over many years- is clearly in line with the new Ecuadorian Constitution. Even more so: it is an obligation for any person, organization and institution in Ecuador.<\/em><\/p>\n<p style=\"text-align: justify;\"><em>I therefore find that this decision taken by your administration is in total contradiction with the aims stated in the new Constitution and can only think that it is a mistake made by some ill-informed person within your administration.<\/em><\/p>\n<p style=\"text-align: justify;\"><em>Your government is seen by many as one of the most progressive within the region and as an example to many other governments that do not respect nature or people\u2019s well-being. Your government is also a sign of hope for those of us who are fighting for a socially just and environmentally sustainable world.<\/em><\/p>\n<p style=\"text-align: justify;\"><em>However, the credibility of your government is now at stake as a result of this attack against one of the most respected civil society organizations of your country: Acci\u00f3n Ecol\u00f3gica.<\/em><\/p>\n<p style=\"text-align: justify;\"><em>I therefore trust that you will intervene on this issue and ensure that Acci\u00f3n Ecol\u00f3gica\u2019s legal capacity is restored immediately so that they can continue doing what they do best: protecting people\u2019s and nature\u2019s rights.<\/em><\/p>\n<p style=\"text-align: justify;\"><em>Yours sincerely,<\/em><\/p>\n<p style=\"text-align: justify;\"><em>SIGNATURE<\/em><\/p>\n<p style=\"text-align: justify;\">Auteur: Johan Van de Wauw<\/p>\n<p>[\/vc_column_text][\/vc_column][\/vc_row]<\/p>\n<\/div>","protected":false},"excerpt":{"rendered":"<p>[vc_row][vc_column][vc_column_text] Rafael Correa, voor lange tijd aanzien als \u00e9\u00e9n van de nieuwe progresieve, linkse krachten in Latijns Amerika, heeft deze week zijn roodkleurig masker laten vallen. In een ministerieel besluit besliste zijn regering om de<br \/><a class=\"read-more\" href=\"https:\/\/catapa.be\/nl\/president-van-ecuador-toont-ware-gelaat-accion-ecologica-opgeheven\/\">Read More<\/a><\/p>\n","protected":false},"author":65,"featured_media":0,"comment_status":"open","ping_status":"open","sticky":false,"template":"","format":"standard","meta":{"_exactmetrics_skip_tracking":false,"_exactmetrics_sitenote_active":false,"_exactmetrics_sitenote_note":"","_exactmetrics_sitenote_category":0,"jetpack_post_was_ever_published":false,"_jetpack_newsletter_access":"","_jetpack_dont_email_post_to_subs":false,"_jetpack_newsletter_tier_id":0,"_jetpack_memberships_contains_paywalled_content":false,"_jetpack_memberships_contains_paid_content":false,"footnotes":"","jetpack_publicize_message":"President van Ecuador toont ware gelaat: Acci\u00f3n Ecol\u00f3gica opgeheven","jetpack_publicize_feature_enabled":true,"jetpack_social_post_already_shared":true,"jetpack_social_options":{"image_generator_settings":{"template":"highway","default_image_id":0,"font":"","enabled":false},"version":2}},"categories":[487,853],"tags":[857,860,858,861,862,859],"class_list":["post-29984","post","type-post","status-publish","format-standard","hentry","category-ecuador-nl","category-mining-in-paradise","tag-accion-ecologica","tag-buen-vivir","tag-correa","tag-ecuador-nl","tag-oil-nl","tag-petition"],"yoast_head":"<!-- This site is optimized with the Yoast SEO plugin v26.8 - https:\/\/yoast.com\/product\/yoast-seo-wordpress\/ -->\n<title>President van Ecuador toont ware gelaat: Acci\u00f3n Ecol\u00f3gica opgeheven - CATAPA vzw<\/title>\n<meta name=\"robots\" content=\"index, follow, max-snippet:-1, max-image-preview:large, max-video-preview:-1\" \/>\n<link rel=\"canonical\" href=\"https:\/\/catapa.be\/nl\/president-van-ecuador-toont-ware-gelaat-accion-ecologica-opgeheven\/\" \/>\n<meta property=\"og:locale\" content=\"nl_NL\" \/>\n<meta property=\"og:type\" content=\"article\" \/>\n<meta property=\"og:title\" content=\"President van Ecuador toont ware gelaat: Acci\u00f3n Ecol\u00f3gica opgeheven - CATAPA vzw\" \/>\n<meta property=\"og:description\" content=\"[vc_row][vc_column][vc_column_text] Rafael Correa, voor lange tijd aanzien als \u00e9\u00e9n van de nieuwe progresieve, linkse krachten in Latijns Amerika, heeft deze week zijn roodkleurig masker laten vallen. In een ministerieel besluit besliste zijn regering om deRead More\" \/>\n<meta property=\"og:url\" content=\"https:\/\/catapa.be\/nl\/president-van-ecuador-toont-ware-gelaat-accion-ecologica-opgeheven\/\" \/>\n<meta property=\"og:site_name\" content=\"CATAPA vzw\" \/>\n<meta property=\"article:publisher\" content=\"https:\/\/www.facebook.com\/catapa.belgium\/\" \/>\n<meta property=\"article:published_time\" content=\"2009-03-18T19:55:26+00:00\" \/>\n<meta property=\"article:modified_time\" content=\"2022-07-05T09:45:59+00:00\" \/>\n<meta name=\"author\" content=\"Connor Cashell\" \/>\n<meta name=\"twitter:card\" content=\"summary_large_image\" \/>\n<meta name=\"twitter:creator\" content=\"@CATAPA_Belgica\" \/>\n<meta name=\"twitter:site\" content=\"@CATAPA_Belgica\" \/>\n<meta name=\"twitter:label1\" content=\"Geschreven door\" \/>\n\t<meta name=\"twitter:data1\" content=\"Connor Cashell\" \/>\n\t<meta name=\"twitter:label2\" content=\"Geschatte leestijd\" \/>\n\t<meta name=\"twitter:data2\" content=\"4 minuten\" \/>\n<script type=\"application\/ld+json\" class=\"yoast-schema-graph\">{\"@context\":\"https:\/\/schema.org\",\"@graph\":[{\"@type\":\"Article\",\"@id\":\"https:\/\/catapa.be\/nl\/president-van-ecuador-toont-ware-gelaat-accion-ecologica-opgeheven\/#article\",\"isPartOf\":{\"@id\":\"https:\/\/catapa.be\/nl\/president-van-ecuador-toont-ware-gelaat-accion-ecologica-opgeheven\/\"},\"author\":{\"name\":\"Connor Cashell\",\"@id\":\"https:\/\/catapa.be\/nl\/#\/schema\/person\/2e9ad79a0b4401b872e9456dc7ff6716\"},\"headline\":\"President van Ecuador toont ware gelaat: Acci\u00f3n Ecol\u00f3gica opgeheven\",\"datePublished\":\"2009-03-18T19:55:26+00:00\",\"dateModified\":\"2022-07-05T09:45:59+00:00\",\"mainEntityOfPage\":{\"@id\":\"https:\/\/catapa.be\/nl\/president-van-ecuador-toont-ware-gelaat-accion-ecologica-opgeheven\/\"},\"wordCount\":771,\"commentCount\":0,\"publisher\":{\"@id\":\"https:\/\/catapa.be\/nl\/#organization\"},\"keywords\":[\"Acci\u00f3n Ecol\u00f3gica\",\"buen vivir\",\"Correa\",\"Ecuador\",\"oil\",\"petition\"],\"articleSection\":[\"Ecuador\",\"Mining in Paradise\"],\"inLanguage\":\"nl-NL\",\"potentialAction\":[{\"@type\":\"CommentAction\",\"name\":\"Comment\",\"target\":[\"https:\/\/catapa.be\/nl\/president-van-ecuador-toont-ware-gelaat-accion-ecologica-opgeheven\/#respond\"]}]},{\"@type\":\"WebPage\",\"@id\":\"https:\/\/catapa.be\/nl\/president-van-ecuador-toont-ware-gelaat-accion-ecologica-opgeheven\/\",\"url\":\"https:\/\/catapa.be\/nl\/president-van-ecuador-toont-ware-gelaat-accion-ecologica-opgeheven\/\",\"name\":\"President van Ecuador toont ware gelaat: Acci\u00f3n Ecol\u00f3gica opgeheven - CATAPA vzw\",\"isPartOf\":{\"@id\":\"https:\/\/catapa.be\/nl\/#website\"},\"datePublished\":\"2009-03-18T19:55:26+00:00\",\"dateModified\":\"2022-07-05T09:45:59+00:00\",\"breadcrumb\":{\"@id\":\"https:\/\/catapa.be\/nl\/president-van-ecuador-toont-ware-gelaat-accion-ecologica-opgeheven\/#breadcrumb\"},\"inLanguage\":\"nl-NL\",\"potentialAction\":[{\"@type\":\"ReadAction\",\"target\":[\"https:\/\/catapa.be\/nl\/president-van-ecuador-toont-ware-gelaat-accion-ecologica-opgeheven\/\"]}]},{\"@type\":\"BreadcrumbList\",\"@id\":\"https:\/\/catapa.be\/nl\/president-van-ecuador-toont-ware-gelaat-accion-ecologica-opgeheven\/#breadcrumb\",\"itemListElement\":[{\"@type\":\"ListItem\",\"position\":1,\"name\":\"Home\",\"item\":\"https:\/\/catapa.be\/nl\/\"},{\"@type\":\"ListItem\",\"position\":2,\"name\":\"President van Ecuador toont ware gelaat: Acci\u00f3n Ecol\u00f3gica opgeheven\"}]},{\"@type\":\"WebSite\",\"@id\":\"https:\/\/catapa.be\/nl\/#website\",\"url\":\"https:\/\/catapa.be\/nl\/\",\"name\":\"CATAPA vzw\",\"description\":\"Comit\u00e9 Acad\u00e9mico T\u00e9cnico de Asesoramiento a Problemas Ambientales\",\"publisher\":{\"@id\":\"https:\/\/catapa.be\/nl\/#organization\"},\"potentialAction\":[{\"@type\":\"SearchAction\",\"target\":{\"@type\":\"EntryPoint\",\"urlTemplate\":\"https:\/\/catapa.be\/nl\/?s={search_term_string}\"},\"query-input\":{\"@type\":\"PropertyValueSpecification\",\"valueRequired\":true,\"valueName\":\"search_term_string\"}}],\"inLanguage\":\"nl-NL\"},{\"@type\":\"Organization\",\"@id\":\"https:\/\/catapa.be\/nl\/#organization\",\"name\":\"CATAPA vzw\",\"url\":\"https:\/\/catapa.be\/nl\/\",\"logo\":{\"@type\":\"ImageObject\",\"inLanguage\":\"nl-NL\",\"@id\":\"https:\/\/catapa.be\/nl\/#\/schema\/logo\/image\/\",\"url\":\"https:\/\/i0.wp.com\/catapa.be\/wp-content\/uploads\/2019\/02\/NEW20LOGO20SHORT20PNG1.png?fit=1259%2C1321&ssl=1\",\"contentUrl\":\"https:\/\/i0.wp.com\/catapa.be\/wp-content\/uploads\/2019\/02\/NEW20LOGO20SHORT20PNG1.png?fit=1259%2C1321&ssl=1\",\"width\":1259,\"height\":1321,\"caption\":\"CATAPA vzw\"},\"image\":{\"@id\":\"https:\/\/catapa.be\/nl\/#\/schema\/logo\/image\/\"},\"sameAs\":[\"https:\/\/www.facebook.com\/catapa.belgium\/\",\"https:\/\/x.com\/CATAPA_Belgica\",\"https:\/\/www.instagram.com\/catapa_vzw\/\",\"https:\/\/be.linkedin.com\/company\/catapavzw\",\"https:\/\/www.youtube.com\/channel\/UCE52-Fiyv-Fpqf2gi1qhf1g\"]},{\"@type\":\"Person\",\"@id\":\"https:\/\/catapa.be\/nl\/#\/schema\/person\/2e9ad79a0b4401b872e9456dc7ff6716\",\"name\":\"Connor Cashell\",\"sameAs\":[\"https:\/\/catapa.be\/\"],\"url\":\"https:\/\/catapa.be\/nl\/author\/connor\/\"}]}<\/script>\n<!-- \/ Yoast SEO plugin. -->","yoast_head_json":{"title":"President van Ecuador toont ware gelaat: Acci\u00f3n Ecol\u00f3gica opgeheven - CATAPA vzw","robots":{"index":"index","follow":"follow","max-snippet":"max-snippet:-1","max-image-preview":"max-image-preview:large","max-video-preview":"max-video-preview:-1"},"canonical":"https:\/\/catapa.be\/nl\/president-van-ecuador-toont-ware-gelaat-accion-ecologica-opgeheven\/","og_locale":"nl_NL","og_type":"article","og_title":"President van Ecuador toont ware gelaat: Acci\u00f3n Ecol\u00f3gica opgeheven - CATAPA vzw","og_description":"[vc_row][vc_column][vc_column_text] Rafael Correa, voor lange tijd aanzien als \u00e9\u00e9n van de nieuwe progresieve, linkse krachten in Latijns Amerika, heeft deze week zijn roodkleurig masker laten vallen. In een ministerieel besluit besliste zijn regering om deRead More","og_url":"https:\/\/catapa.be\/nl\/president-van-ecuador-toont-ware-gelaat-accion-ecologica-opgeheven\/","og_site_name":"CATAPA vzw","article_publisher":"https:\/\/www.facebook.com\/catapa.belgium\/","article_published_time":"2009-03-18T19:55:26+00:00","article_modified_time":"2022-07-05T09:45:59+00:00","author":"Connor Cashell","twitter_card":"summary_large_image","twitter_creator":"@CATAPA_Belgica","twitter_site":"@CATAPA_Belgica","twitter_misc":{"Geschreven door":"Connor Cashell","Geschatte leestijd":"4 minuten"},"schema":{"@context":"https:\/\/schema.org","@graph":[{"@type":"Article","@id":"https:\/\/catapa.be\/nl\/president-van-ecuador-toont-ware-gelaat-accion-ecologica-opgeheven\/#article","isPartOf":{"@id":"https:\/\/catapa.be\/nl\/president-van-ecuador-toont-ware-gelaat-accion-ecologica-opgeheven\/"},"author":{"name":"Connor Cashell","@id":"https:\/\/catapa.be\/nl\/#\/schema\/person\/2e9ad79a0b4401b872e9456dc7ff6716"},"headline":"President van Ecuador toont ware gelaat: Acci\u00f3n Ecol\u00f3gica opgeheven","datePublished":"2009-03-18T19:55:26+00:00","dateModified":"2022-07-05T09:45:59+00:00","mainEntityOfPage":{"@id":"https:\/\/catapa.be\/nl\/president-van-ecuador-toont-ware-gelaat-accion-ecologica-opgeheven\/"},"wordCount":771,"commentCount":0,"publisher":{"@id":"https:\/\/catapa.be\/nl\/#organization"},"keywords":["Acci\u00f3n Ecol\u00f3gica","buen vivir","Correa","Ecuador","oil","petition"],"articleSection":["Ecuador","Mining in Paradise"],"inLanguage":"nl-NL","potentialAction":[{"@type":"CommentAction","name":"Comment","target":["https:\/\/catapa.be\/nl\/president-van-ecuador-toont-ware-gelaat-accion-ecologica-opgeheven\/#respond"]}]},{"@type":"WebPage","@id":"https:\/\/catapa.be\/nl\/president-van-ecuador-toont-ware-gelaat-accion-ecologica-opgeheven\/","url":"https:\/\/catapa.be\/nl\/president-van-ecuador-toont-ware-gelaat-accion-ecologica-opgeheven\/","name":"President van Ecuador toont ware gelaat: Acci\u00f3n Ecol\u00f3gica opgeheven - CATAPA vzw","isPartOf":{"@id":"https:\/\/catapa.be\/nl\/#website"},"datePublished":"2009-03-18T19:55:26+00:00","dateModified":"2022-07-05T09:45:59+00:00","breadcrumb":{"@id":"https:\/\/catapa.be\/nl\/president-van-ecuador-toont-ware-gelaat-accion-ecologica-opgeheven\/#breadcrumb"},"inLanguage":"nl-NL","potentialAction":[{"@type":"ReadAction","target":["https:\/\/catapa.be\/nl\/president-van-ecuador-toont-ware-gelaat-accion-ecologica-opgeheven\/"]}]},{"@type":"BreadcrumbList","@id":"https:\/\/catapa.be\/nl\/president-van-ecuador-toont-ware-gelaat-accion-ecologica-opgeheven\/#breadcrumb","itemListElement":[{"@type":"ListItem","position":1,"name":"Home","item":"https:\/\/catapa.be\/nl\/"},{"@type":"ListItem","position":2,"name":"President van Ecuador toont ware gelaat: Acci\u00f3n Ecol\u00f3gica opgeheven"}]},{"@type":"WebSite","@id":"https:\/\/catapa.be\/nl\/#website","url":"https:\/\/catapa.be\/nl\/","name":"CATAPA vzw","description":"Comit\u00e9 Acad\u00e9mico T\u00e9cnico de Asesoramiento a Problemas Ambientales","publisher":{"@id":"https:\/\/catapa.be\/nl\/#organization"},"potentialAction":[{"@type":"SearchAction","target":{"@type":"EntryPoint","urlTemplate":"https:\/\/catapa.be\/nl\/?s={search_term_string}"},"query-input":{"@type":"PropertyValueSpecification","valueRequired":true,"valueName":"search_term_string"}}],"inLanguage":"nl-NL"},{"@type":"Organization","@id":"https:\/\/catapa.be\/nl\/#organization","name":"CATAPA vzw","url":"https:\/\/catapa.be\/nl\/","logo":{"@type":"ImageObject","inLanguage":"nl-NL","@id":"https:\/\/catapa.be\/nl\/#\/schema\/logo\/image\/","url":"https:\/\/i0.wp.com\/catapa.be\/wp-content\/uploads\/2019\/02\/NEW20LOGO20SHORT20PNG1.png?fit=1259%2C1321&ssl=1","contentUrl":"https:\/\/i0.wp.com\/catapa.be\/wp-content\/uploads\/2019\/02\/NEW20LOGO20SHORT20PNG1.png?fit=1259%2C1321&ssl=1","width":1259,"height":1321,"caption":"CATAPA vzw"},"image":{"@id":"https:\/\/catapa.be\/nl\/#\/schema\/logo\/image\/"},"sameAs":["https:\/\/www.facebook.com\/catapa.belgium\/","https:\/\/x.com\/CATAPA_Belgica","https:\/\/www.instagram.com\/catapa_vzw\/","https:\/\/be.linkedin.com\/company\/catapavzw","https:\/\/www.youtube.com\/channel\/UCE52-Fiyv-Fpqf2gi1qhf1g"]},{"@type":"Person","@id":"https:\/\/catapa.be\/nl\/#\/schema\/person\/2e9ad79a0b4401b872e9456dc7ff6716","name":"Connor Cashell","sameAs":["https:\/\/catapa.be\/"],"url":"https:\/\/catapa.be\/nl\/author\/connor\/"}]}},"jetpack_publicize_connections":[],"jetpack_featured_media_url":"","jetpack_sharing_enabled":true,"jetpack_likes_enabled":true,"jetpack-related-posts":[{"id":30585,"url":"https:\/\/catapa.be\/nl\/proyecto-mirador-mijnbouw-in-cordillera-del-condor-ecuador\/","url_meta":{"origin":29984,"position":0},"title":"Proyecto Mirador: Mijnbouw in Cordillera del Condor, Ecuador","author":"Alan Gonz\u00e1lez Morales","date":"28 februari 2018","format":false,"excerpt":"[vc_row][vc_column][vc_column_text] Gloria Chicaiza Aguilar is directrice van Acci\u00f3n Ecol\u00f3gica, een Ecuadoriaanse ngo die streeft naar sociale en ecologische rechtvaardigheid via de principes van 'buen vivir' en het ecologisme. Al meer dan 20 jaar verzet de organisatie zich tegen de private belangen van de extractivistische industrie en geeft ze een stem\u2026","rel":"","context":"In &quot;Ecuador&quot;","block_context":{"text":"Ecuador","link":"https:\/\/catapa.be\/nl\/category\/partnerlanden\/ecuador-nl\/"},"img":{"alt_text":"","src":"","width":0,"height":0},"classes":[]},{"id":31980,"url":"https:\/\/catapa.be\/nl\/het-recht-om-nee-te-zeggen-in-ecuador-quitosinmineria\/","url_meta":{"origin":29984,"position":1},"title":"Het recht om &#8216;nee&#8217; te zeggen in Ecuador: #QuitoSinMineria","author":"Connor Cashell","date":"25 augustus 2022","format":false,"excerpt":"[vc_row][vc_column][vc_column_text]\"Quito sin mineria\" werd in maart 2022 gelanceerd door een groep organisaties, collectieven en mensen uit de gemeenschappen in het noordwesten van Quito die het Metropolitan District van Quito (MDQ) willen verdedigen tegen mijnbouw. Met de campagne willen ze genoeg handtekeningen verzamelen (en laten valideren door de overheid) om de\u2026","rel":"","context":"In &quot;Geen onderdeel van een categorie&quot;","block_context":{"text":"Geen onderdeel van een categorie","link":"https:\/\/catapa.be\/nl\/category\/geen-onderdeel-van-een-categorie\/"},"img":{"alt_text":"","src":"https:\/\/i0.wp.com\/catapa.be\/wp-content\/uploads\/2022\/08\/Quito1.jpg?fit=960%2C530&ssl=1&resize=350%2C200","width":350,"height":200,"srcset":"https:\/\/i0.wp.com\/catapa.be\/wp-content\/uploads\/2022\/08\/Quito1.jpg?fit=960%2C530&ssl=1&resize=350%2C200 1x, https:\/\/i0.wp.com\/catapa.be\/wp-content\/uploads\/2022\/08\/Quito1.jpg?fit=960%2C530&ssl=1&resize=525%2C300 1.5x, https:\/\/i0.wp.com\/catapa.be\/wp-content\/uploads\/2022\/08\/Quito1.jpg?fit=960%2C530&ssl=1&resize=700%2C400 2x"},"classes":[]},{"id":30418,"url":"https:\/\/catapa.be\/nl\/mijnbouw-in-ecuador-een-oud-en-een-nieuw-verhaal-sied-iii\/","url_meta":{"origin":29984,"position":2},"title":"Mijnbouw in Ecuador, een oud en een nieuw verhaal (SIED III)","author":"Karlijn Van den Broeck","date":"27 september 2012","format":false,"excerpt":"[vc_row][vc_column][vc_column_text] Mijnbouw in Ecuador, een oud en een nieuw verhaal (SIED III) Na afloop van het seminarie in Cajamarca trokken we met de Catapista\u2019s en Zuid-deelnemers naar Zamora, een provincie in het uiterste zuiden van Ecuador. \u00a0 Waarom Zamora, Ecuador? Vooreerst omdat de provincie grenst aan Peru, en op die\u2026","rel":"","context":"In &quot;Ecuador&quot;","block_context":{"text":"Ecuador","link":"https:\/\/catapa.be\/nl\/category\/partnerlanden\/ecuador-nl\/"},"img":{"alt_text":"","src":"","width":0,"height":0},"classes":[]},{"id":31931,"url":"https:\/\/catapa.be\/nl\/verzet-wereldwijd-een-avond-vol-verzet-en-solidariteit\/","url_meta":{"origin":29984,"position":3},"title":"Verzet Wereldwijd: een avond vol verzet en solidariteit!","author":"Simon Berlo","date":"15 december 2022","format":false,"excerpt":"[vc_row][vc_column][vc_column_text]Wat betekent 'nee' zeggen voor jou? Als een mijnbouwbedrijf besluit om jouw huis te slopen zodat er een nieuwe mijn kan komen - zou je hen dan kunnen tegenhouden? En hoe kun je niet alleen nee zeggen tegen mijnbouw en vervuiling, maar ook ja zeggen tegen een andere manier van\u2026","rel":"","context":"In &quot;Catapistas&quot;","block_context":{"text":"Catapistas","link":"https:\/\/catapa.be\/nl\/category\/catapistas\/"},"img":{"alt_text":"","src":"https:\/\/i0.wp.com\/catapa.be\/wp-content\/uploads\/2022\/12\/verzet-wereldwijd-foto-estefania-moreno-amador-8.jpg?fit=1200%2C800&ssl=1&resize=350%2C200","width":350,"height":200,"srcset":"https:\/\/i0.wp.com\/catapa.be\/wp-content\/uploads\/2022\/12\/verzet-wereldwijd-foto-estefania-moreno-amador-8.jpg?fit=1200%2C800&ssl=1&resize=350%2C200 1x, https:\/\/i0.wp.com\/catapa.be\/wp-content\/uploads\/2022\/12\/verzet-wereldwijd-foto-estefania-moreno-amador-8.jpg?fit=1200%2C800&ssl=1&resize=525%2C300 1.5x, https:\/\/i0.wp.com\/catapa.be\/wp-content\/uploads\/2022\/12\/verzet-wereldwijd-foto-estefania-moreno-amador-8.jpg?fit=1200%2C800&ssl=1&resize=700%2C400 2x, https:\/\/i0.wp.com\/catapa.be\/wp-content\/uploads\/2022\/12\/verzet-wereldwijd-foto-estefania-moreno-amador-8.jpg?fit=1200%2C800&ssl=1&resize=1050%2C600 3x"},"classes":[]},{"id":30793,"url":"https:\/\/catapa.be\/nl\/mijnbouw-in-ecuador-een-oud-en-een-nieuw-verhaal-sied-iii-2\/","url_meta":{"origin":29984,"position":4},"title":"Mijnbouw in Ecuador, een oud en een nieuw verhaal (SIED III)","author":"Alan Gonz\u00e1lez Morales","date":"27 september 2012","format":false,"excerpt":"Na afloop van het seminarie in Cajamarca trokken we met de Catapista\u2019s en Zuid-deelnemers naar Zamora, een provincie in het uiterste zuiden van Ecuador. Waarom Zamora, Ecuador? Vooreerst omdat de provincie grenst aan Peru, en op die manier ook een impact heeft in Peru. In deze provincie zijnnamelijk heel wat\u2026","rel":"","context":"In &quot;Ecuador&quot;","block_context":{"text":"Ecuador","link":"https:\/\/catapa.be\/nl\/category\/partnerlanden\/ecuador-nl\/"},"img":{"alt_text":"","src":"https:\/\/i0.wp.com\/gt.catapa.be\/sites\/default\/files\/resize\/remote\/1b644e2ec1bc7d5794fadad5a235365e-400x300.jpg?resize=350%2C200&ssl=1","width":350,"height":200},"classes":[]},{"id":14435,"url":"https:\/\/catapa.be\/nl\/ecuador-extractivism-in-the-midst-of-an-economic-and-sanitary-crisis-covid-19\/","url_meta":{"origin":29984,"position":5},"title":"Ecuador: extractivisme tijdens een economische en gezondheidscrisis (COVID-19)","author":"Daniela Marques Branco","date":"20 mei 2020","format":false,"excerpt":"[vc_row][vc_column][vc_column_text] Ecuador: extractivisme tijdens een economische en gezondheidscrisis (COVID-19) \u00a0 Author: Kim Baert[\/vc_column_text][vc_column_text] Na Brazili\u00eb en Peru is Ecuador het zwaarst getroffen land van Latijns-Amerika door het COVID-19 coronavirus. Tot vandaag (14 mei 2020) melden de offici\u00eble cijfers 30,502 bevestigde gevallen en 2,338 sterfgevallen. Deze aantallen worden echter vanuit verschillende\u2026","rel":"","context":"In &quot;COVID-19&quot;","block_context":{"text":"COVID-19","link":"https:\/\/catapa.be\/nl\/category\/news\/covid-19\/"},"img":{"alt_text":"","src":"https:\/\/i0.wp.com\/catapa.be\/wp-content\/uploads\/2020\/05\/ecuadorpost1.png?fit=960%2C640&ssl=1&resize=350%2C200","width":350,"height":200,"srcset":"https:\/\/i0.wp.com\/catapa.be\/wp-content\/uploads\/2020\/05\/ecuadorpost1.png?fit=960%2C640&ssl=1&resize=350%2C200 1x, https:\/\/i0.wp.com\/catapa.be\/wp-content\/uploads\/2020\/05\/ecuadorpost1.png?fit=960%2C640&ssl=1&resize=525%2C300 1.5x, https:\/\/i0.wp.com\/catapa.be\/wp-content\/uploads\/2020\/05\/ecuadorpost1.png?fit=960%2C640&ssl=1&resize=700%2C400 2x"},"classes":[]}],"_links":{"self":[{"href":"https:\/\/catapa.be\/nl\/wp-json\/wp\/v2\/posts\/29984","targetHints":{"allow":["GET"]}}],"collection":[{"href":"https:\/\/catapa.be\/nl\/wp-json\/wp\/v2\/posts"}],"about":[{"href":"https:\/\/catapa.be\/nl\/wp-json\/wp\/v2\/types\/post"}],"author":[{"embeddable":true,"href":"https:\/\/catapa.be\/nl\/wp-json\/wp\/v2\/users\/65"}],"replies":[{"embeddable":true,"href":"https:\/\/catapa.be\/nl\/wp-json\/wp\/v2\/comments?post=29984"}],"version-history":[{"count":3,"href":"https:\/\/catapa.be\/nl\/wp-json\/wp\/v2\/posts\/29984\/revisions"}],"predecessor-version":[{"id":30380,"href":"https:\/\/catapa.be\/nl\/wp-json\/wp\/v2\/posts\/29984\/revisions\/30380"}],"wp:attachment":[{"href":"https:\/\/catapa.be\/nl\/wp-json\/wp\/v2\/media?parent=29984"}],"wp:term":[{"taxonomy":"category","embeddable":true,"href":"https:\/\/catapa.be\/nl\/wp-json\/wp\/v2\/categories?post=29984"},{"taxonomy":"post_tag","embeddable":true,"href":"https:\/\/catapa.be\/nl\/wp-json\/wp\/v2\/tags?post=29984"}],"curies":[{"name":"wp","href":"https:\/\/api.w.org\/{rel}","templated":true}]}}