{"id":29997,"date":"2009-04-30T12:12:38","date_gmt":"2009-04-30T10:12:38","guid":{"rendered":"https:\/\/catapa.be\/?p=29997"},"modified":"2022-06-14T12:19:59","modified_gmt":"2022-06-14T10:19:59","slug":"peru-het-amazonegebied-is-in-staking","status":"publish","type":"post","link":"https:\/\/catapa.be\/nl\/peru-het-amazonegebied-is-in-staking\/","title":{"rendered":"Peru: Het Amazonegebied is in staking!"},"content":{"rendered":"<div class=\"wpb-content-wrapper\"><p>[vc_row][vc_column][vc_column_text]<\/p>\n<p style=\"text-align: justify;\">Op 9 april begon de staking van de inheemse bevolking van het Amazonegebied in Peru. Hun actie is gericht tegen het beleid van president Alan Garcia. Ze uitten een noodkreet voor het behoud van de Amazone. Hoewel het ecologische bewustzijn in de wereld steeds groter wordt, gaat de roofbouw op de Amazone onverminderd verder. Grote stukken van de jungle van Peru zijn in concessie gegeven aan petroleum- en mijnbedrijven (in 2008 besloegen de mijnconcessies 13,4% van de totale oppervlakte van Peru in vergelijking met 7,3% in 2005) en de houtkap eist elke jaar 150.000 hectaren bos op. De bewoners van de Amazone voelen zich in de steek gelaten door de regering en beschuldigen Alan Garcia ervan het land en zijn rijkdommen weg te geven aan multinationale bedrijven.<\/p>\n<p style=\"text-align: justify;\">Dat er iets mis is met het milieubeleid van de huidige Peruaanse regering is reeds langer bekend. Dit wordt aangetoond door het feit dat de helft van de sociale conflicten in Peru &#8211; en dat zijn er heel wat (161 in 2008) &#8211; gerelateerd zijn aan het behoud van ecosystemen.<\/p>\n<p style=\"text-align: justify;\">De Peruviaanse regering voert een erg neoliberale koers en pleit openlijk voor de ontginning van zoveel mogelijk natuurlijke bronnen. Recent werden er wetten gestemd die de toegang tot natuurlijke hulpbronnen zoals bos, water, mineralen en land vereenvoudigen voor multinationale bedrijven. Het is tegen deze nieuwe wetten dat de Amazone bevolking reageert. Ze vragen de terugtrekking van de decreten 1020, 1064, 1089 uit de wet 29338 over fauna en flora en 1090 van de wet 29317 over water.<\/p>\n<p style=\"text-align: justify;\">De dialoog met de regering verloopt erg stroef. Het Congres gaf gisteren, 28 april, het signaal dat ze verder zullen gaan met de ontginning van het regenwoud en zijn hulpbronnen en het toekennen van concessies aan multinationale bedrijven. Op deze manier wil de regering zorgen voor de verdere ontwikkeling van Peru en het bestrijden van de armoede.<\/p>\n<p style=\"text-align: justify;\">De Amazone bevolking stelde dat als de regering geen stap achteruit doet, zij dit ook niet zullen doen. \u201cHet protest zal verder gaan tot er iets verandert en het protest zal zich radicaliseren\u201d.<\/p>\n<p style=\"text-align: justify;\">Alberto Pizango, voorzitter van de nationale beweging van de inheemse bevolking (AIDESP), verklaarde dat als gevolg van de radicalisering drie stations van Petroper\u00fa (nr. 5, 6 en 7) bezet zijn. Door de actie wordt het oppompen van ruwe aardolie voor onbepaalde tijd stil gelegd. Daarnaast is er een vlieghaven geblokkeerd in Atalay. Ook de weg naar Tarapoto en Yurimaguas blijft afgesloten. In 7 van de 24 regio&#8217;s van Peru zullen de acties opgevoerd en geradicaliseerd worden.<\/p>\n<p style=\"text-align: justify;\">Omdat het protest verspreid is over zeven regio&#8217;s valt moeilijk in te schatten hoeveel mensen exact deelnemen aan de protestactie. De overheid schildert het af als een lokaal protest van weinig belang. Dit is echter niet het geval. De gehele Amazonebevolking is in staking. Gisteren hebben ook enkele leiders uit de Andes zich ge\u00ebngageerd de strijd van de inheemse bevolking met woord en daad te ondersteunen.<\/p>\n<p style=\"text-align: justify;\">Het protest groeit niet alleen in acties, ook in aantal protestanten. De spanning stijgt. Ook de overheid organiseert zich. Strategische punten worden voorzien van militairen, verdeeldheid wordt gezaaid. De strijd gaat verder&#8230;<\/p>\n<p style=\"text-align: justify;\">Thomas Quirynen<\/p>\n<p>[\/vc_column_text][\/vc_column][\/vc_row]<\/p>\n<\/div>","protected":false},"excerpt":{"rendered":"<p>[vc_row][vc_column][vc_column_text] Op 9 april begon de staking van de inheemse bevolking van het Amazonegebied in Peru. Hun actie is gericht tegen het beleid van president Alan Garcia. Ze uitten een noodkreet voor het behoud van<br \/><a class=\"read-more\" href=\"https:\/\/catapa.be\/nl\/peru-het-amazonegebied-is-in-staking\/\">Read More<\/a><\/p>\n","protected":false},"author":32,"featured_media":0,"comment_status":"open","ping_status":"open","sticky":false,"template":"","format":"standard","meta":{"_exactmetrics_skip_tracking":false,"_exactmetrics_sitenote_active":false,"_exactmetrics_sitenote_note":"","_exactmetrics_sitenote_category":0,"jetpack_post_was_ever_published":false,"_jetpack_newsletter_access":"","_jetpack_dont_email_post_to_subs":false,"_jetpack_newsletter_tier_id":0,"_jetpack_memberships_contains_paywalled_content":false,"_jetpack_memberships_contains_paid_content":false,"footnotes":"","jetpack_publicize_message":"Peru: Het Amazonegebied is in staking!","jetpack_publicize_feature_enabled":true,"jetpack_social_post_already_shared":true,"jetpack_social_options":{"image_generator_settings":{"template":"highway","default_image_id":0,"font":"","enabled":false},"version":2}},"categories":[853,490],"tags":[872,870,871,854,700,742],"class_list":["post-29997","post","type-post","status-publish","format-standard","hentry","category-mining-in-paradise","category-peru-nl","tag-alan-garcia","tag-amazone","tag-bagua","tag-mijnbouw","tag-peru-nl","tag-protest-nl"],"yoast_head":"<!-- This site is optimized with the Yoast SEO plugin v26.8 - https:\/\/yoast.com\/product\/yoast-seo-wordpress\/ -->\n<title>Peru: Het Amazonegebied is in staking! - CATAPA vzw<\/title>\n<meta name=\"robots\" content=\"index, follow, max-snippet:-1, max-image-preview:large, max-video-preview:-1\" \/>\n<link rel=\"canonical\" href=\"https:\/\/catapa.be\/nl\/peru-het-amazonegebied-is-in-staking\/\" \/>\n<meta property=\"og:locale\" content=\"nl_NL\" \/>\n<meta property=\"og:type\" content=\"article\" \/>\n<meta property=\"og:title\" content=\"Peru: Het Amazonegebied is in staking! - CATAPA vzw\" \/>\n<meta property=\"og:description\" content=\"[vc_row][vc_column][vc_column_text] Op 9 april begon de staking van de inheemse bevolking van het Amazonegebied in Peru. Hun actie is gericht tegen het beleid van president Alan Garcia. Ze uitten een noodkreet voor het behoud vanRead More\" \/>\n<meta property=\"og:url\" content=\"https:\/\/catapa.be\/nl\/peru-het-amazonegebied-is-in-staking\/\" \/>\n<meta property=\"og:site_name\" content=\"CATAPA vzw\" \/>\n<meta property=\"article:publisher\" content=\"https:\/\/www.facebook.com\/catapa.belgium\/\" \/>\n<meta property=\"article:published_time\" content=\"2009-04-30T10:12:38+00:00\" \/>\n<meta property=\"article:modified_time\" content=\"2022-06-14T10:19:59+00:00\" \/>\n<meta name=\"author\" content=\"Kim Claes\" \/>\n<meta name=\"twitter:card\" content=\"summary_large_image\" \/>\n<meta name=\"twitter:creator\" content=\"@CATAPA_Belgica\" \/>\n<meta name=\"twitter:site\" content=\"@CATAPA_Belgica\" \/>\n<meta name=\"twitter:label1\" content=\"Geschreven door\" \/>\n\t<meta name=\"twitter:data1\" content=\"Kim Claes\" \/>\n\t<meta name=\"twitter:label2\" content=\"Geschatte leestijd\" \/>\n\t<meta name=\"twitter:data2\" content=\"3 minuten\" \/>\n<script type=\"application\/ld+json\" class=\"yoast-schema-graph\">{\"@context\":\"https:\/\/schema.org\",\"@graph\":[{\"@type\":\"Article\",\"@id\":\"https:\/\/catapa.be\/nl\/peru-het-amazonegebied-is-in-staking\/#article\",\"isPartOf\":{\"@id\":\"https:\/\/catapa.be\/nl\/peru-het-amazonegebied-is-in-staking\/\"},\"author\":{\"name\":\"Kim Claes\",\"@id\":\"https:\/\/catapa.be\/nl\/#\/schema\/person\/02e07beb6bee4b3bac6b8f242a22bf38\"},\"headline\":\"Peru: Het Amazonegebied is in staking!\",\"datePublished\":\"2009-04-30T10:12:38+00:00\",\"dateModified\":\"2022-06-14T10:19:59+00:00\",\"mainEntityOfPage\":{\"@id\":\"https:\/\/catapa.be\/nl\/peru-het-amazonegebied-is-in-staking\/\"},\"wordCount\":521,\"commentCount\":0,\"publisher\":{\"@id\":\"https:\/\/catapa.be\/nl\/#organization\"},\"keywords\":[\"Alan Garcia\",\"amazone\",\"Bagua\",\"mijnbouw\",\"Peru\",\"protest\"],\"articleSection\":[\"Mining in Paradise\",\"Peru\"],\"inLanguage\":\"nl-NL\",\"potentialAction\":[{\"@type\":\"CommentAction\",\"name\":\"Comment\",\"target\":[\"https:\/\/catapa.be\/nl\/peru-het-amazonegebied-is-in-staking\/#respond\"]}]},{\"@type\":\"WebPage\",\"@id\":\"https:\/\/catapa.be\/nl\/peru-het-amazonegebied-is-in-staking\/\",\"url\":\"https:\/\/catapa.be\/nl\/peru-het-amazonegebied-is-in-staking\/\",\"name\":\"Peru: Het Amazonegebied is in staking! - CATAPA vzw\",\"isPartOf\":{\"@id\":\"https:\/\/catapa.be\/nl\/#website\"},\"datePublished\":\"2009-04-30T10:12:38+00:00\",\"dateModified\":\"2022-06-14T10:19:59+00:00\",\"breadcrumb\":{\"@id\":\"https:\/\/catapa.be\/nl\/peru-het-amazonegebied-is-in-staking\/#breadcrumb\"},\"inLanguage\":\"nl-NL\",\"potentialAction\":[{\"@type\":\"ReadAction\",\"target\":[\"https:\/\/catapa.be\/nl\/peru-het-amazonegebied-is-in-staking\/\"]}]},{\"@type\":\"BreadcrumbList\",\"@id\":\"https:\/\/catapa.be\/nl\/peru-het-amazonegebied-is-in-staking\/#breadcrumb\",\"itemListElement\":[{\"@type\":\"ListItem\",\"position\":1,\"name\":\"Home\",\"item\":\"https:\/\/catapa.be\/nl\/\"},{\"@type\":\"ListItem\",\"position\":2,\"name\":\"Peru: Het Amazonegebied is in staking!\"}]},{\"@type\":\"WebSite\",\"@id\":\"https:\/\/catapa.be\/nl\/#website\",\"url\":\"https:\/\/catapa.be\/nl\/\",\"name\":\"CATAPA vzw\",\"description\":\"Comit\u00e9 Acad\u00e9mico T\u00e9cnico de Asesoramiento a Problemas Ambientales\",\"publisher\":{\"@id\":\"https:\/\/catapa.be\/nl\/#organization\"},\"potentialAction\":[{\"@type\":\"SearchAction\",\"target\":{\"@type\":\"EntryPoint\",\"urlTemplate\":\"https:\/\/catapa.be\/nl\/?s={search_term_string}\"},\"query-input\":{\"@type\":\"PropertyValueSpecification\",\"valueRequired\":true,\"valueName\":\"search_term_string\"}}],\"inLanguage\":\"nl-NL\"},{\"@type\":\"Organization\",\"@id\":\"https:\/\/catapa.be\/nl\/#organization\",\"name\":\"CATAPA vzw\",\"url\":\"https:\/\/catapa.be\/nl\/\",\"logo\":{\"@type\":\"ImageObject\",\"inLanguage\":\"nl-NL\",\"@id\":\"https:\/\/catapa.be\/nl\/#\/schema\/logo\/image\/\",\"url\":\"https:\/\/i0.wp.com\/catapa.be\/wp-content\/uploads\/2019\/02\/NEW20LOGO20SHORT20PNG1.png?fit=1259%2C1321&ssl=1\",\"contentUrl\":\"https:\/\/i0.wp.com\/catapa.be\/wp-content\/uploads\/2019\/02\/NEW20LOGO20SHORT20PNG1.png?fit=1259%2C1321&ssl=1\",\"width\":1259,\"height\":1321,\"caption\":\"CATAPA vzw\"},\"image\":{\"@id\":\"https:\/\/catapa.be\/nl\/#\/schema\/logo\/image\/\"},\"sameAs\":[\"https:\/\/www.facebook.com\/catapa.belgium\/\",\"https:\/\/x.com\/CATAPA_Belgica\",\"https:\/\/www.instagram.com\/catapa_vzw\/\",\"https:\/\/be.linkedin.com\/company\/catapavzw\",\"https:\/\/www.youtube.com\/channel\/UCE52-Fiyv-Fpqf2gi1qhf1g\"]},{\"@type\":\"Person\",\"@id\":\"https:\/\/catapa.be\/nl\/#\/schema\/person\/02e07beb6bee4b3bac6b8f242a22bf38\",\"name\":\"Kim Claes\",\"sameAs\":[\"https:\/\/www.fairictflanders.be\"],\"url\":\"https:\/\/catapa.be\/nl\/author\/kim-claes\/\"}]}<\/script>\n<!-- \/ Yoast SEO plugin. -->","yoast_head_json":{"title":"Peru: Het Amazonegebied is in staking! - CATAPA vzw","robots":{"index":"index","follow":"follow","max-snippet":"max-snippet:-1","max-image-preview":"max-image-preview:large","max-video-preview":"max-video-preview:-1"},"canonical":"https:\/\/catapa.be\/nl\/peru-het-amazonegebied-is-in-staking\/","og_locale":"nl_NL","og_type":"article","og_title":"Peru: Het Amazonegebied is in staking! - CATAPA vzw","og_description":"[vc_row][vc_column][vc_column_text] Op 9 april begon de staking van de inheemse bevolking van het Amazonegebied in Peru. Hun actie is gericht tegen het beleid van president Alan Garcia. Ze uitten een noodkreet voor het behoud vanRead More","og_url":"https:\/\/catapa.be\/nl\/peru-het-amazonegebied-is-in-staking\/","og_site_name":"CATAPA vzw","article_publisher":"https:\/\/www.facebook.com\/catapa.belgium\/","article_published_time":"2009-04-30T10:12:38+00:00","article_modified_time":"2022-06-14T10:19:59+00:00","author":"Kim Claes","twitter_card":"summary_large_image","twitter_creator":"@CATAPA_Belgica","twitter_site":"@CATAPA_Belgica","twitter_misc":{"Geschreven door":"Kim Claes","Geschatte leestijd":"3 minuten"},"schema":{"@context":"https:\/\/schema.org","@graph":[{"@type":"Article","@id":"https:\/\/catapa.be\/nl\/peru-het-amazonegebied-is-in-staking\/#article","isPartOf":{"@id":"https:\/\/catapa.be\/nl\/peru-het-amazonegebied-is-in-staking\/"},"author":{"name":"Kim Claes","@id":"https:\/\/catapa.be\/nl\/#\/schema\/person\/02e07beb6bee4b3bac6b8f242a22bf38"},"headline":"Peru: Het Amazonegebied is in staking!","datePublished":"2009-04-30T10:12:38+00:00","dateModified":"2022-06-14T10:19:59+00:00","mainEntityOfPage":{"@id":"https:\/\/catapa.be\/nl\/peru-het-amazonegebied-is-in-staking\/"},"wordCount":521,"commentCount":0,"publisher":{"@id":"https:\/\/catapa.be\/nl\/#organization"},"keywords":["Alan Garcia","amazone","Bagua","mijnbouw","Peru","protest"],"articleSection":["Mining in Paradise","Peru"],"inLanguage":"nl-NL","potentialAction":[{"@type":"CommentAction","name":"Comment","target":["https:\/\/catapa.be\/nl\/peru-het-amazonegebied-is-in-staking\/#respond"]}]},{"@type":"WebPage","@id":"https:\/\/catapa.be\/nl\/peru-het-amazonegebied-is-in-staking\/","url":"https:\/\/catapa.be\/nl\/peru-het-amazonegebied-is-in-staking\/","name":"Peru: Het Amazonegebied is in staking! - CATAPA vzw","isPartOf":{"@id":"https:\/\/catapa.be\/nl\/#website"},"datePublished":"2009-04-30T10:12:38+00:00","dateModified":"2022-06-14T10:19:59+00:00","breadcrumb":{"@id":"https:\/\/catapa.be\/nl\/peru-het-amazonegebied-is-in-staking\/#breadcrumb"},"inLanguage":"nl-NL","potentialAction":[{"@type":"ReadAction","target":["https:\/\/catapa.be\/nl\/peru-het-amazonegebied-is-in-staking\/"]}]},{"@type":"BreadcrumbList","@id":"https:\/\/catapa.be\/nl\/peru-het-amazonegebied-is-in-staking\/#breadcrumb","itemListElement":[{"@type":"ListItem","position":1,"name":"Home","item":"https:\/\/catapa.be\/nl\/"},{"@type":"ListItem","position":2,"name":"Peru: Het Amazonegebied is in staking!"}]},{"@type":"WebSite","@id":"https:\/\/catapa.be\/nl\/#website","url":"https:\/\/catapa.be\/nl\/","name":"CATAPA vzw","description":"Comit\u00e9 Acad\u00e9mico T\u00e9cnico de Asesoramiento a Problemas Ambientales","publisher":{"@id":"https:\/\/catapa.be\/nl\/#organization"},"potentialAction":[{"@type":"SearchAction","target":{"@type":"EntryPoint","urlTemplate":"https:\/\/catapa.be\/nl\/?s={search_term_string}"},"query-input":{"@type":"PropertyValueSpecification","valueRequired":true,"valueName":"search_term_string"}}],"inLanguage":"nl-NL"},{"@type":"Organization","@id":"https:\/\/catapa.be\/nl\/#organization","name":"CATAPA vzw","url":"https:\/\/catapa.be\/nl\/","logo":{"@type":"ImageObject","inLanguage":"nl-NL","@id":"https:\/\/catapa.be\/nl\/#\/schema\/logo\/image\/","url":"https:\/\/i0.wp.com\/catapa.be\/wp-content\/uploads\/2019\/02\/NEW20LOGO20SHORT20PNG1.png?fit=1259%2C1321&ssl=1","contentUrl":"https:\/\/i0.wp.com\/catapa.be\/wp-content\/uploads\/2019\/02\/NEW20LOGO20SHORT20PNG1.png?fit=1259%2C1321&ssl=1","width":1259,"height":1321,"caption":"CATAPA vzw"},"image":{"@id":"https:\/\/catapa.be\/nl\/#\/schema\/logo\/image\/"},"sameAs":["https:\/\/www.facebook.com\/catapa.belgium\/","https:\/\/x.com\/CATAPA_Belgica","https:\/\/www.instagram.com\/catapa_vzw\/","https:\/\/be.linkedin.com\/company\/catapavzw","https:\/\/www.youtube.com\/channel\/UCE52-Fiyv-Fpqf2gi1qhf1g"]},{"@type":"Person","@id":"https:\/\/catapa.be\/nl\/#\/schema\/person\/02e07beb6bee4b3bac6b8f242a22bf38","name":"Kim Claes","sameAs":["https:\/\/www.fairictflanders.be"],"url":"https:\/\/catapa.be\/nl\/author\/kim-claes\/"}]}},"jetpack_publicize_connections":[],"jetpack_featured_media_url":"","jetpack_sharing_enabled":true,"jetpack_likes_enabled":true,"jetpack-related-posts":[{"id":29996,"url":"https:\/\/catapa.be\/nl\/persbericht-2-vlaamse-vrijwilligers-waren-getuige-van-bloedig-conflict-in-noord-peru\/","url_meta":{"origin":29997,"position":0},"title":"[PERSBERICHT] 2 Vlaamse vrijwilligers waren getuige van bloedig conflict in Noord-Peru","author":"admin","date":"6 juni 2009","format":false,"excerpt":"[vc_row][vc_column][vc_column_text] Gent, 6 juni 2009. Twee Vlaamse vrijwilligers van CATAPA, een Vlaamse NGO die werkt rond mijnbouw in Latijns-Amerika, waren aanwezig bij de rellen in Noord-Peru. CATAPA distantieert zich van het geweld en veroordeelt de reactie van de Peruviaanse overheid, maar steunt wel de legitieme claim van inheemse volkeren op\u2026","rel":"","context":"In &quot;Mining in Paradise&quot;","block_context":{"text":"Mining in Paradise","link":"https:\/\/catapa.be\/nl\/category\/afgelopen-campagnes-en-projecten\/mining-in-paradise\/"},"img":{"alt_text":"","src":"https:\/\/i0.wp.com\/img.youtube.com\/vi\/RlD-_NB1CVA\/0.jpg?resize=350%2C200","width":350,"height":200},"classes":[]},{"id":30111,"url":"https:\/\/catapa.be\/nl\/persbericht-inheemsen-gerespecteerd-maar-amazone-bedreigd-in-peru\/","url_meta":{"origin":29997,"position":1},"title":"Persbericht : Inheemsen gerespecteerd maar Amazone bedreigd in Peru?","author":"Kim Claes","date":"4 juni 2010","format":false,"excerpt":"[vc_row][vc_column][vc_column_text] Een jaar geleden, op 5 juni 2009, werden Peru en de wereld opgeschrikt door het ergste geweld dat het land in jaren gekend had. 33 burgers en politiemensen lieten het leven en 82 mensen raakten gewond door kogels. Dit gebeurde tijdens de ontruiming van een wegblokkade in Bagua. Duizenden\u2026","rel":"","context":"In &quot;Mining in Paradise&quot;","block_context":{"text":"Mining in Paradise","link":"https:\/\/catapa.be\/nl\/category\/afgelopen-campagnes-en-projecten\/mining-in-paradise\/"},"img":{"alt_text":"","src":"","width":0,"height":0},"classes":[]},{"id":30075,"url":"https:\/\/catapa.be\/nl\/peru-te-vroeg-victorie-gekraaid-met-de-wet-op-raadpleging\/","url_meta":{"origin":29997,"position":2},"title":"Peru: te vroeg victorie gekraaid met de wet op raadpleging?","author":"admin","date":"19 juni 2010","format":false,"excerpt":"[vc_row][vc_column][vc_column_text] 19 mei\u00a0was een glorieuze dag voor de inheemse bevolking in Peru. Eindelijjk had het Congres een\u00a0wet op raadpleging\u00a0gestemd en goedgekeurd. Eindelijk, want sinds 1995 was Conventie 169 van de Internatonale Arbeidsorganisatie (ILO), die het recht op raadpleging van inheemse volkeren garandeert bij administratieve of wettelijke maatregelen die een impact\u2026","rel":"","context":"In &quot;Mining in Paradise&quot;","block_context":{"text":"Mining in Paradise","link":"https:\/\/catapa.be\/nl\/category\/afgelopen-campagnes-en-projecten\/mining-in-paradise\/"},"img":{"alt_text":"","src":"","width":0,"height":0},"classes":[]},{"id":30713,"url":"https:\/\/catapa.be\/nl\/vervolgingen-en-valse-beloftes-in-perus-amazonegebied\/","url_meta":{"origin":29997,"position":3},"title":"Vervolgingen en valse beloftes in Peru\u2019s Amazonegebied","author":"Connor Cashell","date":"3 juli 2017","format":false,"excerpt":"[vc_row][vc_column][vc_column_text] Vervolgingen en valse beloftes in Peru\u2019s Amazonegebied In Belgi\u00eb\u00a0is de zomer aangebroken en hier in Loreto, de grootste regio van Peru, is het fris. Dat is normaal weet ik intussen, het patroonfeest San Juan komt eraan en dan dalen naar aloude gewoonte de temperaturen in dit deel van de\u2026","rel":"","context":"In &quot;Generatie Transitie&quot;","block_context":{"text":"Generatie Transitie","link":"https:\/\/catapa.be\/nl\/category\/afgelopen-campagnes-en-projecten\/generatie-transitie\/"},"img":{"alt_text":"","src":"","width":0,"height":0},"classes":[]},{"id":30118,"url":"https:\/\/catapa.be\/nl\/de-campagne-in-noord-peru-een-terug-en-vooruitblik\/","url_meta":{"origin":29997,"position":4},"title":"De campagne in Noord-Peru: een terug- en vooruitblik","author":"admin","date":"10 december 2010","format":false,"excerpt":"[vc_row][vc_column][vc_column_text] De campagne in Noord-Peru: een terug- en vooruitblik Het voorbije weekend liepen de Europese actieweken van de campagne\u00a0Mining in Paradise?\u00a0af. Terwijl in Europa de succesvolle sprekerstoer werd afgerond, was in de Piuraanse Andes het Peruaanse campagneteam aanwezig op de herdenkingsplechtigheid van 2 december. Vorig jaar werden op die dag\u2026","rel":"","context":"In &quot;Mining in Paradise&quot;","block_context":{"text":"Mining in Paradise","link":"https:\/\/catapa.be\/nl\/category\/afgelopen-campagnes-en-projecten\/mining-in-paradise\/"},"img":{"alt_text":"","src":"","width":0,"height":0},"classes":[]},{"id":30000,"url":"https:\/\/catapa.be\/nl\/een-bewogen-week-voor-catapa\/","url_meta":{"origin":29997,"position":5},"title":"Een bewogen week voor CATAPA","author":"Kim Claes","date":"17 juni 2009","format":false,"excerpt":"[vc_row][vc_column][vc_column_text] Vrijdag 5 juni bereiken ons enkele onrustwekkende telefoons uit Peru. De hel lijkt uitgebroken, de chaos is totaal. Vrijdagavond werd met een aantal Catapistas een pijnlijke stand van zaken opgemaakt; waar we al drie jaar voor vrezen, is gebeurd, en dat op een brutalere manier dan ooit gedacht. Vanaf\u2026","rel":"","context":"In &quot;Mining in Paradise&quot;","block_context":{"text":"Mining in Paradise","link":"https:\/\/catapa.be\/nl\/category\/afgelopen-campagnes-en-projecten\/mining-in-paradise\/"},"img":{"alt_text":"","src":"","width":0,"height":0},"classes":[]}],"_links":{"self":[{"href":"https:\/\/catapa.be\/nl\/wp-json\/wp\/v2\/posts\/29997","targetHints":{"allow":["GET"]}}],"collection":[{"href":"https:\/\/catapa.be\/nl\/wp-json\/wp\/v2\/posts"}],"about":[{"href":"https:\/\/catapa.be\/nl\/wp-json\/wp\/v2\/types\/post"}],"author":[{"embeddable":true,"href":"https:\/\/catapa.be\/nl\/wp-json\/wp\/v2\/users\/32"}],"replies":[{"embeddable":true,"href":"https:\/\/catapa.be\/nl\/wp-json\/wp\/v2\/comments?post=29997"}],"version-history":[{"count":1,"href":"https:\/\/catapa.be\/nl\/wp-json\/wp\/v2\/posts\/29997\/revisions"}],"predecessor-version":[{"id":29999,"href":"https:\/\/catapa.be\/nl\/wp-json\/wp\/v2\/posts\/29997\/revisions\/29999"}],"wp:attachment":[{"href":"https:\/\/catapa.be\/nl\/wp-json\/wp\/v2\/media?parent=29997"}],"wp:term":[{"taxonomy":"category","embeddable":true,"href":"https:\/\/catapa.be\/nl\/wp-json\/wp\/v2\/categories?post=29997"},{"taxonomy":"post_tag","embeddable":true,"href":"https:\/\/catapa.be\/nl\/wp-json\/wp\/v2\/tags?post=29997"}],"curies":[{"name":"wp","href":"https:\/\/api.w.org\/{rel}","templated":true}]}}