{"id":30042,"date":"2012-08-18T13:23:52","date_gmt":"2012-08-18T11:23:52","guid":{"rendered":"https:\/\/catapa.be\/?p=30042"},"modified":"2022-06-14T13:39:24","modified_gmt":"2022-06-14T11:39:24","slug":"de-peruaanse-dictatuur-leg-het-volk-het-zwijgen-op","status":"publish","type":"post","link":"https:\/\/catapa.be\/nl\/de-peruaanse-dictatuur-leg-het-volk-het-zwijgen-op\/","title":{"rendered":"De Peruaanse dictatuur: leg het volk het zwijgen op"},"content":{"rendered":"<div class=\"wpb-content-wrapper\"><p>[vc_row][vc_column][vc_column_text]<\/p>\n<h1 style=\"text-align: justify;\">De Peruaanse dictatuur: leg het volk het zwijgen op<\/h1>\n<p style=\"text-align: justify;\">Het is stil in Cajamarca. De stem van het volk is niet langer te horen in de straten, het geluid van getunede mototaxis en motoren van Japanse, Koreaanse en Chinese makelij vullen de stad.<\/p>\n<p style=\"text-align: justify;\">Het Conga-conflict kende in het voorjaar een voorspelbaar verloop. Een blinde zag het noodlot aankomen; eind mei en juni intensifieerde het verzet. Het enige antwoord van de weinig creatieve Peruaanse regering was de installatie van meer troepen. We waren getuige van het eerste politiegeweld in Cajamarca stad, begin juni 2012. Hoe zeer dit ons schokte, hoe snel we dit gewoon werden. Tijdens de maand juni was de sfeer in de stad te snijden; van heinde en verre kwamen demonstranten, hun roep werd luider. Dagen voor de moordpartijen in Celend\u00edn en Bambamarca spraken we al over het gevaar van een tweede Bagua. Trieste en profetische woorden. Schaamteloos schoten de zwaar bewapende troepen van Humala 5 burgers neer. Een onderzoek werd aangekondigd om de eigenlijke omstandigheden van \u2018deze ongelukkige incidenten\u2019 te onderzoeken. De noodtoestand werd aangekondigd, \u2018om het publieke leven te herstellen en de burgers te beschermen\u2019. De eerste noodtoestand werd op 4 juli afgekondigd. Tijdens deze eerste maand werd een dialoog opgestart; twee geestelijken, Miguel Cabrejos en Gast\u00f3n Garatea, gingen praten met de verschillende partijen.<\/p>\n<p style=\"text-align: justify;\">Op 4 augustus, vanuit het niets en met een simpele vingerknip verlengde men de noodtoestand met een bijkomende maand. Opvallend was de onwetendheid in Cajamarca op 3 augustus; geen ziel wist wanneer de noodtoestand nu eindelijk eindigde, laat staan of men het nog een extra maand ging verlengen. Op zich was dit niet zo verbazend, want wat deze noodtoestand tekent, is de afwezigheid van politie of leger. Het dagelijkse leven gaat door, bij wijlen zie ik minder politie dan in de maanden voor de noodtoestand. Bovendien stoort men zich weinig aan deze maatregel; indien er een nachtklok is, sommigen beweren van wel, anderen van niet, dan negeert die men al te graag. Het is als het ware een \u2018light\u2019 versie van de noodtoestand, een normalisering van deze maatregel; de regering gebruikt het te pas, maar eerder te onpas, en de moegeslagen burgers halen hun schouders op.<\/p>\n<p style=\"text-align: justify;\">Op dergelijke momenten voel je het gecentraliseerde Peru aan den lijve. De economische en politieke top beslissen in het grijze Lima, al dan niet in overleg, hoe het verder moet met het land. Na de eigenlijke afkondiging van de extra maand noodtoestand vielen velen uit de lucht; waarom werd de noodtoestand verlengd? Wat is het motief van Humala?<\/p>\n<p style=\"text-align: justify;\">Waar de verantwoording voor de eerste noodtoestand nog enigszins steek hield, is dit bij de tweede versie niet het geval. De enige reden is het onderdrukken van de dissidente stem in de straten van Cajamarca. In een antwoord op deze dictatoriale maatregel verklaarde Marco Arana, \u00e9\u00e9n van de verzetsleiders, dat het protest gewoon zal verder gaan in de andere 10 provincies van regio Cajamarca, waar de noodtoestand niet van toepassing is. Daags erop werd een preventieve aanklacht uitgesproken door de regering, wat de lamlegging van elk protest in de andere 10 provincies betekende. Humala slaagt in zijn opzet; het aantal manifestaties werd tot een minimum herleid, kranten verleggen hun focus, Peruaanse arbeiders uit andere windstreken stromen toe om te werken in Minas Conga, &#8230; . Het verzet gaat op zoek naar andere strategie\u00ebn, maar dit blijk niet makkelijk.<\/p>\n<p style=\"text-align: justify;\">En juist ja, de dialoog opgestart door de regering, o.l.v. de twee geestelijken. Gisteren gingen ze praten met de CEO van Newmont Mining. Wanneer we eindelijk resultaat mogen verwachten, en wat het resultaat zal wezen, god knows. Hoop doet leven, en ondertussen werkt men vrolijk door in Minas Conga.<\/p>\n<p>Auteur: David Verstockt[\/vc_column_text][\/vc_column][\/vc_row]<\/p>\n<\/div>","protected":false},"excerpt":{"rendered":"<p>[vc_row][vc_column][vc_column_text] De Peruaanse dictatuur: leg het volk het zwijgen op Het is stil in Cajamarca. De stem van het volk is niet langer te horen in de straten, het geluid van getunede mototaxis en motoren<br \/><a class=\"read-more\" href=\"https:\/\/catapa.be\/nl\/de-peruaanse-dictatuur-leg-het-volk-het-zwijgen-op\/\">Read More<\/a><\/p>\n","protected":false},"author":64,"featured_media":0,"comment_status":"open","ping_status":"open","sticky":false,"template":"","format":"standard","meta":{"_exactmetrics_skip_tracking":false,"_exactmetrics_sitenote_active":false,"_exactmetrics_sitenote_note":"","_exactmetrics_sitenote_category":0,"jetpack_post_was_ever_published":false,"_jetpack_newsletter_access":"","_jetpack_dont_email_post_to_subs":false,"_jetpack_newsletter_tier_id":0,"_jetpack_memberships_contains_paywalled_content":false,"_jetpack_memberships_contains_paid_content":false,"footnotes":"","jetpack_publicize_message":"","jetpack_publicize_feature_enabled":true,"jetpack_social_post_already_shared":true,"jetpack_social_options":{"image_generator_settings":{"template":"highway","default_image_id":0,"font":"","enabled":false},"version":2}},"categories":[853],"tags":[931,916,930,878,915,933,932,854,431,700],"class_list":["post-30042","post","type-post","status-publish","format-standard","hentry","category-mining-in-paradise","tag-bambamarca","tag-cajamarca-nl","tag-celendin","tag-conflict-nl","tag-conga","tag-gaston-garatea","tag-miguel-cabrejos","tag-mijnbouw","tag-newmont","tag-peru-nl"],"yoast_head":"<!-- This site is optimized with the Yoast SEO plugin v26.8 - https:\/\/yoast.com\/product\/yoast-seo-wordpress\/ -->\n<title>De Peruaanse dictatuur: leg het volk het zwijgen op - CATAPA vzw<\/title>\n<meta name=\"robots\" content=\"index, follow, max-snippet:-1, max-image-preview:large, max-video-preview:-1\" \/>\n<link rel=\"canonical\" href=\"https:\/\/catapa.be\/nl\/de-peruaanse-dictatuur-leg-het-volk-het-zwijgen-op\/\" \/>\n<meta property=\"og:locale\" content=\"nl_NL\" \/>\n<meta property=\"og:type\" content=\"article\" \/>\n<meta property=\"og:title\" content=\"De Peruaanse dictatuur: leg het volk het zwijgen op - CATAPA vzw\" \/>\n<meta property=\"og:description\" content=\"[vc_row][vc_column][vc_column_text] De Peruaanse dictatuur: leg het volk het zwijgen op Het is stil in Cajamarca. De stem van het volk is niet langer te horen in de straten, het geluid van getunede mototaxis en motorenRead More\" \/>\n<meta property=\"og:url\" content=\"https:\/\/catapa.be\/nl\/de-peruaanse-dictatuur-leg-het-volk-het-zwijgen-op\/\" \/>\n<meta property=\"og:site_name\" content=\"CATAPA vzw\" \/>\n<meta property=\"article:publisher\" content=\"https:\/\/www.facebook.com\/catapa.belgium\/\" \/>\n<meta property=\"article:published_time\" content=\"2012-08-18T11:23:52+00:00\" \/>\n<meta property=\"article:modified_time\" content=\"2022-06-14T11:39:24+00:00\" \/>\n<meta name=\"author\" content=\"David Huylebroeck\" \/>\n<meta name=\"twitter:card\" content=\"summary_large_image\" \/>\n<meta name=\"twitter:creator\" content=\"@CATAPA_Belgica\" \/>\n<meta name=\"twitter:site\" content=\"@CATAPA_Belgica\" \/>\n<meta name=\"twitter:label1\" content=\"Geschreven door\" \/>\n\t<meta name=\"twitter:data1\" content=\"David Huylebroeck\" \/>\n\t<meta name=\"twitter:label2\" content=\"Geschatte leestijd\" \/>\n\t<meta name=\"twitter:data2\" content=\"3 minuten\" \/>\n<script type=\"application\/ld+json\" class=\"yoast-schema-graph\">{\"@context\":\"https:\/\/schema.org\",\"@graph\":[{\"@type\":\"Article\",\"@id\":\"https:\/\/catapa.be\/nl\/de-peruaanse-dictatuur-leg-het-volk-het-zwijgen-op\/#article\",\"isPartOf\":{\"@id\":\"https:\/\/catapa.be\/nl\/de-peruaanse-dictatuur-leg-het-volk-het-zwijgen-op\/\"},\"author\":{\"name\":\"David Huylebroeck\",\"@id\":\"https:\/\/catapa.be\/nl\/#\/schema\/person\/b724a40bed61b9384b816c8be73b49ad\"},\"headline\":\"De Peruaanse dictatuur: leg het volk het zwijgen op\",\"datePublished\":\"2012-08-18T11:23:52+00:00\",\"dateModified\":\"2022-06-14T11:39:24+00:00\",\"mainEntityOfPage\":{\"@id\":\"https:\/\/catapa.be\/nl\/de-peruaanse-dictatuur-leg-het-volk-het-zwijgen-op\/\"},\"wordCount\":630,\"commentCount\":0,\"publisher\":{\"@id\":\"https:\/\/catapa.be\/nl\/#organization\"},\"keywords\":[\"Bambamarca\",\"Cajamarca\",\"Celend\u00edn\",\"conflict\",\"Conga\",\"Gast\u00f3n Garatea\",\"Miguel Cabrejos\",\"mijnbouw\",\"Newmont\",\"Peru\"],\"articleSection\":[\"Mining in Paradise\"],\"inLanguage\":\"nl-NL\",\"potentialAction\":[{\"@type\":\"CommentAction\",\"name\":\"Comment\",\"target\":[\"https:\/\/catapa.be\/nl\/de-peruaanse-dictatuur-leg-het-volk-het-zwijgen-op\/#respond\"]}]},{\"@type\":\"WebPage\",\"@id\":\"https:\/\/catapa.be\/nl\/de-peruaanse-dictatuur-leg-het-volk-het-zwijgen-op\/\",\"url\":\"https:\/\/catapa.be\/nl\/de-peruaanse-dictatuur-leg-het-volk-het-zwijgen-op\/\",\"name\":\"De Peruaanse dictatuur: leg het volk het zwijgen op - CATAPA vzw\",\"isPartOf\":{\"@id\":\"https:\/\/catapa.be\/nl\/#website\"},\"datePublished\":\"2012-08-18T11:23:52+00:00\",\"dateModified\":\"2022-06-14T11:39:24+00:00\",\"breadcrumb\":{\"@id\":\"https:\/\/catapa.be\/nl\/de-peruaanse-dictatuur-leg-het-volk-het-zwijgen-op\/#breadcrumb\"},\"inLanguage\":\"nl-NL\",\"potentialAction\":[{\"@type\":\"ReadAction\",\"target\":[\"https:\/\/catapa.be\/nl\/de-peruaanse-dictatuur-leg-het-volk-het-zwijgen-op\/\"]}]},{\"@type\":\"BreadcrumbList\",\"@id\":\"https:\/\/catapa.be\/nl\/de-peruaanse-dictatuur-leg-het-volk-het-zwijgen-op\/#breadcrumb\",\"itemListElement\":[{\"@type\":\"ListItem\",\"position\":1,\"name\":\"Home\",\"item\":\"https:\/\/catapa.be\/nl\/\"},{\"@type\":\"ListItem\",\"position\":2,\"name\":\"De Peruaanse dictatuur: leg het volk het zwijgen op\"}]},{\"@type\":\"WebSite\",\"@id\":\"https:\/\/catapa.be\/nl\/#website\",\"url\":\"https:\/\/catapa.be\/nl\/\",\"name\":\"CATAPA vzw\",\"description\":\"Comit\u00e9 Acad\u00e9mico T\u00e9cnico de Asesoramiento a Problemas Ambientales\",\"publisher\":{\"@id\":\"https:\/\/catapa.be\/nl\/#organization\"},\"potentialAction\":[{\"@type\":\"SearchAction\",\"target\":{\"@type\":\"EntryPoint\",\"urlTemplate\":\"https:\/\/catapa.be\/nl\/?s={search_term_string}\"},\"query-input\":{\"@type\":\"PropertyValueSpecification\",\"valueRequired\":true,\"valueName\":\"search_term_string\"}}],\"inLanguage\":\"nl-NL\"},{\"@type\":\"Organization\",\"@id\":\"https:\/\/catapa.be\/nl\/#organization\",\"name\":\"CATAPA vzw\",\"url\":\"https:\/\/catapa.be\/nl\/\",\"logo\":{\"@type\":\"ImageObject\",\"inLanguage\":\"nl-NL\",\"@id\":\"https:\/\/catapa.be\/nl\/#\/schema\/logo\/image\/\",\"url\":\"https:\/\/i0.wp.com\/catapa.be\/wp-content\/uploads\/2019\/02\/NEW20LOGO20SHORT20PNG1.png?fit=1259%2C1321&ssl=1\",\"contentUrl\":\"https:\/\/i0.wp.com\/catapa.be\/wp-content\/uploads\/2019\/02\/NEW20LOGO20SHORT20PNG1.png?fit=1259%2C1321&ssl=1\",\"width\":1259,\"height\":1321,\"caption\":\"CATAPA vzw\"},\"image\":{\"@id\":\"https:\/\/catapa.be\/nl\/#\/schema\/logo\/image\/\"},\"sameAs\":[\"https:\/\/www.facebook.com\/catapa.belgium\/\",\"https:\/\/x.com\/CATAPA_Belgica\",\"https:\/\/www.instagram.com\/catapa_vzw\/\",\"https:\/\/be.linkedin.com\/company\/catapavzw\",\"https:\/\/www.youtube.com\/channel\/UCE52-Fiyv-Fpqf2gi1qhf1g\"]},{\"@type\":\"Person\",\"@id\":\"https:\/\/catapa.be\/nl\/#\/schema\/person\/b724a40bed61b9384b816c8be73b49ad\",\"name\":\"David Huylebroeck\",\"sameAs\":[\"https:\/\/catapa.be\/\"],\"url\":\"https:\/\/catapa.be\/nl\/author\/david\/\"}]}<\/script>\n<!-- \/ Yoast SEO plugin. -->","yoast_head_json":{"title":"De Peruaanse dictatuur: leg het volk het zwijgen op - CATAPA vzw","robots":{"index":"index","follow":"follow","max-snippet":"max-snippet:-1","max-image-preview":"max-image-preview:large","max-video-preview":"max-video-preview:-1"},"canonical":"https:\/\/catapa.be\/nl\/de-peruaanse-dictatuur-leg-het-volk-het-zwijgen-op\/","og_locale":"nl_NL","og_type":"article","og_title":"De Peruaanse dictatuur: leg het volk het zwijgen op - CATAPA vzw","og_description":"[vc_row][vc_column][vc_column_text] De Peruaanse dictatuur: leg het volk het zwijgen op Het is stil in Cajamarca. De stem van het volk is niet langer te horen in de straten, het geluid van getunede mototaxis en motorenRead More","og_url":"https:\/\/catapa.be\/nl\/de-peruaanse-dictatuur-leg-het-volk-het-zwijgen-op\/","og_site_name":"CATAPA vzw","article_publisher":"https:\/\/www.facebook.com\/catapa.belgium\/","article_published_time":"2012-08-18T11:23:52+00:00","article_modified_time":"2022-06-14T11:39:24+00:00","author":"David Huylebroeck","twitter_card":"summary_large_image","twitter_creator":"@CATAPA_Belgica","twitter_site":"@CATAPA_Belgica","twitter_misc":{"Geschreven door":"David Huylebroeck","Geschatte leestijd":"3 minuten"},"schema":{"@context":"https:\/\/schema.org","@graph":[{"@type":"Article","@id":"https:\/\/catapa.be\/nl\/de-peruaanse-dictatuur-leg-het-volk-het-zwijgen-op\/#article","isPartOf":{"@id":"https:\/\/catapa.be\/nl\/de-peruaanse-dictatuur-leg-het-volk-het-zwijgen-op\/"},"author":{"name":"David Huylebroeck","@id":"https:\/\/catapa.be\/nl\/#\/schema\/person\/b724a40bed61b9384b816c8be73b49ad"},"headline":"De Peruaanse dictatuur: leg het volk het zwijgen op","datePublished":"2012-08-18T11:23:52+00:00","dateModified":"2022-06-14T11:39:24+00:00","mainEntityOfPage":{"@id":"https:\/\/catapa.be\/nl\/de-peruaanse-dictatuur-leg-het-volk-het-zwijgen-op\/"},"wordCount":630,"commentCount":0,"publisher":{"@id":"https:\/\/catapa.be\/nl\/#organization"},"keywords":["Bambamarca","Cajamarca","Celend\u00edn","conflict","Conga","Gast\u00f3n Garatea","Miguel Cabrejos","mijnbouw","Newmont","Peru"],"articleSection":["Mining in Paradise"],"inLanguage":"nl-NL","potentialAction":[{"@type":"CommentAction","name":"Comment","target":["https:\/\/catapa.be\/nl\/de-peruaanse-dictatuur-leg-het-volk-het-zwijgen-op\/#respond"]}]},{"@type":"WebPage","@id":"https:\/\/catapa.be\/nl\/de-peruaanse-dictatuur-leg-het-volk-het-zwijgen-op\/","url":"https:\/\/catapa.be\/nl\/de-peruaanse-dictatuur-leg-het-volk-het-zwijgen-op\/","name":"De Peruaanse dictatuur: leg het volk het zwijgen op - CATAPA vzw","isPartOf":{"@id":"https:\/\/catapa.be\/nl\/#website"},"datePublished":"2012-08-18T11:23:52+00:00","dateModified":"2022-06-14T11:39:24+00:00","breadcrumb":{"@id":"https:\/\/catapa.be\/nl\/de-peruaanse-dictatuur-leg-het-volk-het-zwijgen-op\/#breadcrumb"},"inLanguage":"nl-NL","potentialAction":[{"@type":"ReadAction","target":["https:\/\/catapa.be\/nl\/de-peruaanse-dictatuur-leg-het-volk-het-zwijgen-op\/"]}]},{"@type":"BreadcrumbList","@id":"https:\/\/catapa.be\/nl\/de-peruaanse-dictatuur-leg-het-volk-het-zwijgen-op\/#breadcrumb","itemListElement":[{"@type":"ListItem","position":1,"name":"Home","item":"https:\/\/catapa.be\/nl\/"},{"@type":"ListItem","position":2,"name":"De Peruaanse dictatuur: leg het volk het zwijgen op"}]},{"@type":"WebSite","@id":"https:\/\/catapa.be\/nl\/#website","url":"https:\/\/catapa.be\/nl\/","name":"CATAPA vzw","description":"Comit\u00e9 Acad\u00e9mico T\u00e9cnico de Asesoramiento a Problemas Ambientales","publisher":{"@id":"https:\/\/catapa.be\/nl\/#organization"},"potentialAction":[{"@type":"SearchAction","target":{"@type":"EntryPoint","urlTemplate":"https:\/\/catapa.be\/nl\/?s={search_term_string}"},"query-input":{"@type":"PropertyValueSpecification","valueRequired":true,"valueName":"search_term_string"}}],"inLanguage":"nl-NL"},{"@type":"Organization","@id":"https:\/\/catapa.be\/nl\/#organization","name":"CATAPA vzw","url":"https:\/\/catapa.be\/nl\/","logo":{"@type":"ImageObject","inLanguage":"nl-NL","@id":"https:\/\/catapa.be\/nl\/#\/schema\/logo\/image\/","url":"https:\/\/i0.wp.com\/catapa.be\/wp-content\/uploads\/2019\/02\/NEW20LOGO20SHORT20PNG1.png?fit=1259%2C1321&ssl=1","contentUrl":"https:\/\/i0.wp.com\/catapa.be\/wp-content\/uploads\/2019\/02\/NEW20LOGO20SHORT20PNG1.png?fit=1259%2C1321&ssl=1","width":1259,"height":1321,"caption":"CATAPA vzw"},"image":{"@id":"https:\/\/catapa.be\/nl\/#\/schema\/logo\/image\/"},"sameAs":["https:\/\/www.facebook.com\/catapa.belgium\/","https:\/\/x.com\/CATAPA_Belgica","https:\/\/www.instagram.com\/catapa_vzw\/","https:\/\/be.linkedin.com\/company\/catapavzw","https:\/\/www.youtube.com\/channel\/UCE52-Fiyv-Fpqf2gi1qhf1g"]},{"@type":"Person","@id":"https:\/\/catapa.be\/nl\/#\/schema\/person\/b724a40bed61b9384b816c8be73b49ad","name":"David Huylebroeck","sameAs":["https:\/\/catapa.be\/"],"url":"https:\/\/catapa.be\/nl\/author\/david\/"}]}},"jetpack_publicize_connections":[],"jetpack_featured_media_url":"","jetpack_sharing_enabled":true,"jetpack_likes_enabled":true,"jetpack-related-posts":[{"id":30653,"url":"https:\/\/catapa.be\/nl\/conga-in-de-startblokken-het-conflict-naar-een-nieuw-hoogtepunt\/","url_meta":{"origin":30042,"position":0},"title":"Conga in de startblokken &#8211; het conflict naar een nieuw hoogtepunt?","author":"Karlijn Van den Broeck","date":"2 juni 2013","format":false,"excerpt":"[vc_row][vc_column][vc_column_text] Conga in de startblokken - het conflict naar een nieuw hoogtepunt? Mijnbouwproject Conga in Cajamarca staat\u00a0on hold, dat was de boodschap van president Humala na de intensifi\u00ebring van het lokale protest in de lente van 2012. Vijf dodelijke slachtoffers, honderden gewonden, juridische vervolging van sociale leiders en manifestanten, militarisering\u2026","rel":"","context":"In &quot;GECOs on the road&quot;","block_context":{"text":"GECOs on the road","link":"https:\/\/catapa.be\/nl\/category\/catapa-in-de-kijker-nl\/gecos-on-the-road-nl\/"},"img":{"alt_text":"","src":"","width":0,"height":0},"classes":[]},{"id":30453,"url":"https:\/\/catapa.be\/nl\/catapa-in-peru-het-congaproject\/","url_meta":{"origin":30042,"position":1},"title":"CATAPA in Peru: het Congaproject","author":"Alan Gonz\u00e1lez Morales","date":"1 mei 2012","format":false,"excerpt":"[vc_row][vc_column][vc_column_text] Het milieu-effectenrapport over de gevolgen van het Congaproject werd op 27 oktober 2010 door het ministerie van Energie en Mijnen goedgekeurd. Minera Yanacocha, eigenaar van het project, is een multinationale onderneming. Het investeringskapitaal is afkomstig van het Noord-Amerikaanse Newmont Mining Corporation (51,35 %), van het Peruaanse Compa\u00f1\u00eda de Minas\u2026","rel":"","context":"In &quot;Goud:Eerlijk&quot;","block_context":{"text":"Goud:Eerlijk","link":"https:\/\/catapa.be\/nl\/category\/afgelopen-campagnes-en-projecten\/goudeerlijk\/"},"img":{"alt_text":"","src":"https:\/\/i0.wp.com\/catapa.be\/wp-content\/uploads\/2022\/07\/mars1.jpg?fit=610%2C405&ssl=1&resize=350%2C200","width":350,"height":200,"srcset":"https:\/\/i0.wp.com\/catapa.be\/wp-content\/uploads\/2022\/07\/mars1.jpg?fit=610%2C405&ssl=1&resize=350%2C200 1x, https:\/\/i0.wp.com\/catapa.be\/wp-content\/uploads\/2022\/07\/mars1.jpg?fit=610%2C405&ssl=1&resize=525%2C300 1.5x"},"classes":[]},{"id":30341,"url":"https:\/\/catapa.be\/nl\/mogelijke-klacht-tegen-peruaanse-staat-wegens-mensenrechtenschendingen-conga\/","url_meta":{"origin":30042,"position":2},"title":"Mogelijke klacht tegen Peruaanse staat wegens mensenrechtenschendingen (CONGA)","author":"admin","date":"22 maart 2013","format":false,"excerpt":"[vc_row][vc_column][vc_column_text] Op 11 maart 2013 werd een klacht ingediend bij het Inter-Amerikaanse Hof voor de Rechten van de Mens betreffende mensenrechtenschendingen tijdens sociale protesten in Peru. Een Peruaanse delegatie advocaten, waaronder Mirtha V\u00e1squez van NGO Grufides, gaf tijdens een hoorzitting uitleg bij de klacht. Het is onduidelijk of de commissie,\u2026","rel":"","context":"In &quot;Mining in Paradise&quot;","block_context":{"text":"Mining in Paradise","link":"https:\/\/catapa.be\/nl\/category\/afgelopen-campagnes-en-projecten\/mining-in-paradise\/"},"img":{"alt_text":"","src":"","width":0,"height":0},"classes":[]},{"id":30316,"url":"https:\/\/catapa.be\/nl\/militarisering-in-cajamarca-wegens-mijnbouwproject-conga\/","url_meta":{"origin":30042,"position":3},"title":"Militarisering in Cajamarca wegens mijnbouwproject Conga","author":"admin","date":"5 april 2012","format":false,"excerpt":"[vc_row][vc_column][vc_column_text]De Peruaanse regering besliste om leger- en politietroepen te sturen naar de gemeenten die door het mijnbouwproject Conga be\u00efnvloed zouden worden, enkele dagen v\u00f3\u00f3r de bekendmaking van de internationale doorlichting van het Milieueffectenrapport. De bevolking van Cajamarca keurde onmiddelijk de maatregel van de regering af, die tot doel zou hebben\u2026","rel":"","context":"In &quot;Geen onderdeel van een categorie&quot;","block_context":{"text":"Geen onderdeel van een categorie","link":"https:\/\/catapa.be\/nl\/category\/geen-onderdeel-van-een-categorie\/"},"img":{"alt_text":"","src":"","width":0,"height":0},"classes":[]},{"id":30360,"url":"https:\/\/catapa.be\/nl\/conga-kroniek-van-een-aanhoudend-conflict\/","url_meta":{"origin":30042,"position":4},"title":"Conga: kroniek van een aanhoudend conflict","author":"Connor Cashell","date":"29 december 2011","format":false,"excerpt":"[vc_row][vc_column][vc_column_text] Conga: kroniek van een aanhoudend conflict De Peruaanse regering zal de milieueffectenstudie van het project Minas Conga laten doorlichten door internationale experts. Dat liet de nieuwe premier Oscar Vald\u00e9s weten bij zijn aantreden op 11 december. Gisteren nodigde hij vertegenwoordigers van Cajamarca uit in Lima om tot een akkoord\u2026","rel":"","context":"In &quot;Campagnes&quot;","block_context":{"text":"Campagnes","link":"https:\/\/catapa.be\/nl\/category\/campagnes\/"},"img":{"alt_text":"","src":"","width":0,"height":0},"classes":[]},{"id":30385,"url":"https:\/\/catapa.be\/nl\/opinie-catapa-roept-op-tot-internationale-waakzaamheid-voor-mijnbouwconflict-in-peru\/","url_meta":{"origin":30042,"position":5},"title":"(OPINIE) CATAPA roept op tot internationale waakzaamheid voor mijnbouwconflict in Peru","author":"Karlijn Van den Broeck","date":"4 juli 2012","format":false,"excerpt":"[vc_row][vc_column][vc_column_text] (OPINIE) CATAPA roept op tot internationale waakzaamheid voor mijnbouwconflict in Peru CATAPA veroordeelt het geweld in Cajamarca en betuigt haar medeleven met de families van de slachtoffers. Op vraag van haar partnerorganisaties in Peru, roept CATAPA op tot een grondig onderzoek naar de omstandigheden waarin de vijf slachtoffers om\u2026","rel":"","context":"In &quot;GECOs on the road&quot;","block_context":{"text":"GECOs on the road","link":"https:\/\/catapa.be\/nl\/category\/catapa-in-de-kijker-nl\/gecos-on-the-road-nl\/"},"img":{"alt_text":"","src":"","width":0,"height":0},"classes":[]}],"_links":{"self":[{"href":"https:\/\/catapa.be\/nl\/wp-json\/wp\/v2\/posts\/30042","targetHints":{"allow":["GET"]}}],"collection":[{"href":"https:\/\/catapa.be\/nl\/wp-json\/wp\/v2\/posts"}],"about":[{"href":"https:\/\/catapa.be\/nl\/wp-json\/wp\/v2\/types\/post"}],"author":[{"embeddable":true,"href":"https:\/\/catapa.be\/nl\/wp-json\/wp\/v2\/users\/64"}],"replies":[{"embeddable":true,"href":"https:\/\/catapa.be\/nl\/wp-json\/wp\/v2\/comments?post=30042"}],"version-history":[{"count":2,"href":"https:\/\/catapa.be\/nl\/wp-json\/wp\/v2\/posts\/30042\/revisions"}],"predecessor-version":[{"id":30048,"href":"https:\/\/catapa.be\/nl\/wp-json\/wp\/v2\/posts\/30042\/revisions\/30048"}],"wp:attachment":[{"href":"https:\/\/catapa.be\/nl\/wp-json\/wp\/v2\/media?parent=30042"}],"wp:term":[{"taxonomy":"category","embeddable":true,"href":"https:\/\/catapa.be\/nl\/wp-json\/wp\/v2\/categories?post=30042"},{"taxonomy":"post_tag","embeddable":true,"href":"https:\/\/catapa.be\/nl\/wp-json\/wp\/v2\/tags?post=30042"}],"curies":[{"name":"wp","href":"https:\/\/api.w.org\/{rel}","templated":true}]}}