{"id":30069,"date":"2009-09-30T15:26:56","date_gmt":"2009-09-30T13:26:56","guid":{"rendered":"https:\/\/catapa.be\/?p=30069"},"modified":"2022-06-14T15:31:23","modified_gmt":"2022-06-14T13:31:23","slug":"voor-de-26e-keer-in-huehuetenango-no-a-la-mineria","status":"publish","type":"post","link":"https:\/\/catapa.be\/nl\/voor-de-26e-keer-in-huehuetenango-no-a-la-mineria\/","title":{"rendered":"Voor de 26e keer in Huehuetenango: \u201cNo a la miner\u00eda\u201d"},"content":{"rendered":"<div class=\"wpb-content-wrapper\"><p>[vc_row][vc_column][vc_column_text]<\/p>\n<p style=\"text-align: justify;\">Vorige week donderdag, 24 september vond de 26e consulta comunitaria\u00a0plaats in San Sebastian Coat\u00e1n, een dorp gelegen op 2300m hoogte in het Cuchumatanes-gebergte in Guatemala.<\/p>\n<p style=\"text-align: justify;\">In het westelijke departement Huehuetenango begon men de consultas te organiseren in 2006, als reactie op de vele negatieve gevolgen van de reeds bestaande mijnbouw en de bitter weinige mate waarin men rekening hield met de mening van de lokale bevolking over een dergelijke exploitatie. Lokale bestuurders en\/of sociale organisaties nemen de organisatie op zich, in samenwerking met de \u2018Asamblea Departemental por la Defensa de los Recursos Naturales de Huehuetenango\u2019.<\/p>\n<p style=\"text-align: justify;\">Samen met enkele collega\u2019s en vele vrijwilligers werd er die dag een groep observatoren gevormd. Wij hadden de taak informatie te verzamelen en toe te kijken op het verloop van de consultas in de verschillende gemeenschappen. In de vroege ochtend, na 2 uur rijden werd ik dan afgezet in Calhuitz, en was ik getuige van een relatief goed geoliede organisatie, gezien de omstandigheden. De consulta in Calhuitz werd georganiseerd door de gemeenteraad en de leerkrachten van het schooltje. Er werd voortdurend uitleg gegeven over het hoe en waarom van deze bijeenkomst, terwijl de hele gemeenschap aankwam en zich inschreef. Het grootste deel van de activiteit werd in het Chuj gehouden, aangezien veel inheemse inwoners van deze regio geen Spaans spreken. Een paar uur later was het dan tijd voor de stemming: er werden rijen gevormd, van kinderen, jongeren, vrouwen en mannen, en d\u00e9 vraag werd gesteld. De bedoeling is dat eerst zij die v\u00f3\u00f3r de mijnbouw zijn hun hand opsteken, en daarna degenen die tegen zijn. Het resultaat was niet verwonderlijk: de hele gemeenschap stemde tegen.<\/p>\n<p style=\"text-align: justify;\">Gelijkaardige resultaten werden opgetekend door andere compa\u00f1eros. En zo werd er werden er ongeveer 13.000 nee-stemmen toegevoegd aan een totaal van bijna een half miljoen inwoners die zich uitsproken tegen de mijnbouw.<\/p>\n<p>Auteur: Inge Goossenaerts[\/vc_column_text][\/vc_column][\/vc_row]<\/p>\n<\/div>","protected":false},"excerpt":{"rendered":"<p>[vc_row][vc_column][vc_column_text] Vorige week donderdag, 24 september vond de 26e consulta comunitaria\u00a0plaats in San Sebastian Coat\u00e1n, een dorp gelegen op 2300m hoogte in het Cuchumatanes-gebergte in Guatemala. In het westelijke departement Huehuetenango begon men de consultas<br \/><a class=\"read-more\" href=\"https:\/\/catapa.be\/nl\/voor-de-26e-keer-in-huehuetenango-no-a-la-mineria\/\">Read More<\/a><\/p>\n","protected":false},"author":32,"featured_media":0,"comment_status":"open","ping_status":"open","sticky":false,"template":"","format":"standard","meta":{"_exactmetrics_skip_tracking":false,"_exactmetrics_sitenote_active":false,"_exactmetrics_sitenote_note":"","_exactmetrics_sitenote_category":0,"jetpack_post_was_ever_published":false,"_jetpack_newsletter_access":"","_jetpack_dont_email_post_to_subs":false,"_jetpack_newsletter_tier_id":0,"_jetpack_memberships_contains_paywalled_content":false,"_jetpack_memberships_contains_paid_content":false,"footnotes":"","jetpack_publicize_message":"Voor de 26e keer in Huehuetenango: \u201cNo a la miner\u00eda\u201d","jetpack_publicize_feature_enabled":true,"jetpack_social_post_already_shared":true,"jetpack_social_options":{"image_generator_settings":{"template":"highway","default_image_id":0,"font":"","enabled":false},"version":2}},"categories":[880],"tags":[885,854,952],"class_list":["post-30069","post","type-post","status-publish","format-standard","hentry","category-guatemala","tag-guatemala-nl","tag-mijnbouw","tag-volksraadpleging"],"yoast_head":"<!-- This site is optimized with the Yoast SEO plugin v26.8 - https:\/\/yoast.com\/product\/yoast-seo-wordpress\/ -->\n<title>Voor de 26e keer in Huehuetenango: \u201cNo a la miner\u00eda\u201d - CATAPA vzw<\/title>\n<meta name=\"robots\" content=\"index, follow, max-snippet:-1, max-image-preview:large, max-video-preview:-1\" \/>\n<link rel=\"canonical\" href=\"https:\/\/catapa.be\/nl\/voor-de-26e-keer-in-huehuetenango-no-a-la-mineria\/\" \/>\n<meta property=\"og:locale\" content=\"nl_NL\" \/>\n<meta property=\"og:type\" content=\"article\" \/>\n<meta property=\"og:title\" content=\"Voor de 26e keer in Huehuetenango: \u201cNo a la miner\u00eda\u201d - CATAPA vzw\" \/>\n<meta property=\"og:description\" content=\"[vc_row][vc_column][vc_column_text] Vorige week donderdag, 24 september vond de 26e consulta comunitaria\u00a0plaats in San Sebastian Coat\u00e1n, een dorp gelegen op 2300m hoogte in het Cuchumatanes-gebergte in Guatemala. In het westelijke departement Huehuetenango begon men de consultasRead More\" \/>\n<meta property=\"og:url\" content=\"https:\/\/catapa.be\/nl\/voor-de-26e-keer-in-huehuetenango-no-a-la-mineria\/\" \/>\n<meta property=\"og:site_name\" content=\"CATAPA vzw\" \/>\n<meta property=\"article:publisher\" content=\"https:\/\/www.facebook.com\/catapa.belgium\/\" \/>\n<meta property=\"article:published_time\" content=\"2009-09-30T13:26:56+00:00\" \/>\n<meta property=\"article:modified_time\" content=\"2022-06-14T13:31:23+00:00\" \/>\n<meta name=\"author\" content=\"Kim Claes\" \/>\n<meta name=\"twitter:card\" content=\"summary_large_image\" \/>\n<meta name=\"twitter:creator\" content=\"@CATAPA_Belgica\" \/>\n<meta name=\"twitter:site\" content=\"@CATAPA_Belgica\" \/>\n<meta name=\"twitter:label1\" content=\"Geschreven door\" \/>\n\t<meta name=\"twitter:data1\" content=\"Kim Claes\" \/>\n\t<meta name=\"twitter:label2\" content=\"Geschatte leestijd\" \/>\n\t<meta name=\"twitter:data2\" content=\"2 minuten\" \/>\n<script type=\"application\/ld+json\" class=\"yoast-schema-graph\">{\"@context\":\"https:\/\/schema.org\",\"@graph\":[{\"@type\":\"Article\",\"@id\":\"https:\/\/catapa.be\/nl\/voor-de-26e-keer-in-huehuetenango-no-a-la-mineria\/#article\",\"isPartOf\":{\"@id\":\"https:\/\/catapa.be\/nl\/voor-de-26e-keer-in-huehuetenango-no-a-la-mineria\/\"},\"author\":{\"name\":\"Kim Claes\",\"@id\":\"https:\/\/catapa.be\/nl\/#\/schema\/person\/02e07beb6bee4b3bac6b8f242a22bf38\"},\"headline\":\"Voor de 26e keer in Huehuetenango: \u201cNo a la miner\u00eda\u201d\",\"datePublished\":\"2009-09-30T13:26:56+00:00\",\"dateModified\":\"2022-06-14T13:31:23+00:00\",\"mainEntityOfPage\":{\"@id\":\"https:\/\/catapa.be\/nl\/voor-de-26e-keer-in-huehuetenango-no-a-la-mineria\/\"},\"wordCount\":333,\"commentCount\":0,\"publisher\":{\"@id\":\"https:\/\/catapa.be\/nl\/#organization\"},\"keywords\":[\"Guatemala\",\"mijnbouw\",\"volksraadpleging\"],\"articleSection\":[\"Guatemala\"],\"inLanguage\":\"nl-NL\",\"potentialAction\":[{\"@type\":\"CommentAction\",\"name\":\"Comment\",\"target\":[\"https:\/\/catapa.be\/nl\/voor-de-26e-keer-in-huehuetenango-no-a-la-mineria\/#respond\"]}]},{\"@type\":\"WebPage\",\"@id\":\"https:\/\/catapa.be\/nl\/voor-de-26e-keer-in-huehuetenango-no-a-la-mineria\/\",\"url\":\"https:\/\/catapa.be\/nl\/voor-de-26e-keer-in-huehuetenango-no-a-la-mineria\/\",\"name\":\"Voor de 26e keer in Huehuetenango: \u201cNo a la miner\u00eda\u201d - CATAPA vzw\",\"isPartOf\":{\"@id\":\"https:\/\/catapa.be\/nl\/#website\"},\"datePublished\":\"2009-09-30T13:26:56+00:00\",\"dateModified\":\"2022-06-14T13:31:23+00:00\",\"breadcrumb\":{\"@id\":\"https:\/\/catapa.be\/nl\/voor-de-26e-keer-in-huehuetenango-no-a-la-mineria\/#breadcrumb\"},\"inLanguage\":\"nl-NL\",\"potentialAction\":[{\"@type\":\"ReadAction\",\"target\":[\"https:\/\/catapa.be\/nl\/voor-de-26e-keer-in-huehuetenango-no-a-la-mineria\/\"]}]},{\"@type\":\"BreadcrumbList\",\"@id\":\"https:\/\/catapa.be\/nl\/voor-de-26e-keer-in-huehuetenango-no-a-la-mineria\/#breadcrumb\",\"itemListElement\":[{\"@type\":\"ListItem\",\"position\":1,\"name\":\"Home\",\"item\":\"https:\/\/catapa.be\/nl\/\"},{\"@type\":\"ListItem\",\"position\":2,\"name\":\"Voor de 26e keer in Huehuetenango: \u201cNo a la miner\u00eda\u201d\"}]},{\"@type\":\"WebSite\",\"@id\":\"https:\/\/catapa.be\/nl\/#website\",\"url\":\"https:\/\/catapa.be\/nl\/\",\"name\":\"CATAPA vzw\",\"description\":\"Comit\u00e9 Acad\u00e9mico T\u00e9cnico de Asesoramiento a Problemas Ambientales\",\"publisher\":{\"@id\":\"https:\/\/catapa.be\/nl\/#organization\"},\"potentialAction\":[{\"@type\":\"SearchAction\",\"target\":{\"@type\":\"EntryPoint\",\"urlTemplate\":\"https:\/\/catapa.be\/nl\/?s={search_term_string}\"},\"query-input\":{\"@type\":\"PropertyValueSpecification\",\"valueRequired\":true,\"valueName\":\"search_term_string\"}}],\"inLanguage\":\"nl-NL\"},{\"@type\":\"Organization\",\"@id\":\"https:\/\/catapa.be\/nl\/#organization\",\"name\":\"CATAPA vzw\",\"url\":\"https:\/\/catapa.be\/nl\/\",\"logo\":{\"@type\":\"ImageObject\",\"inLanguage\":\"nl-NL\",\"@id\":\"https:\/\/catapa.be\/nl\/#\/schema\/logo\/image\/\",\"url\":\"https:\/\/i0.wp.com\/catapa.be\/wp-content\/uploads\/2019\/02\/NEW20LOGO20SHORT20PNG1.png?fit=1259%2C1321&ssl=1\",\"contentUrl\":\"https:\/\/i0.wp.com\/catapa.be\/wp-content\/uploads\/2019\/02\/NEW20LOGO20SHORT20PNG1.png?fit=1259%2C1321&ssl=1\",\"width\":1259,\"height\":1321,\"caption\":\"CATAPA vzw\"},\"image\":{\"@id\":\"https:\/\/catapa.be\/nl\/#\/schema\/logo\/image\/\"},\"sameAs\":[\"https:\/\/www.facebook.com\/catapa.belgium\/\",\"https:\/\/x.com\/CATAPA_Belgica\",\"https:\/\/www.instagram.com\/catapa_vzw\/\",\"https:\/\/be.linkedin.com\/company\/catapavzw\",\"https:\/\/www.youtube.com\/channel\/UCE52-Fiyv-Fpqf2gi1qhf1g\"]},{\"@type\":\"Person\",\"@id\":\"https:\/\/catapa.be\/nl\/#\/schema\/person\/02e07beb6bee4b3bac6b8f242a22bf38\",\"name\":\"Kim Claes\",\"sameAs\":[\"https:\/\/www.fairictflanders.be\"],\"url\":\"https:\/\/catapa.be\/nl\/author\/kim-claes\/\"}]}<\/script>\n<!-- \/ Yoast SEO plugin. -->","yoast_head_json":{"title":"Voor de 26e keer in Huehuetenango: \u201cNo a la miner\u00eda\u201d - CATAPA vzw","robots":{"index":"index","follow":"follow","max-snippet":"max-snippet:-1","max-image-preview":"max-image-preview:large","max-video-preview":"max-video-preview:-1"},"canonical":"https:\/\/catapa.be\/nl\/voor-de-26e-keer-in-huehuetenango-no-a-la-mineria\/","og_locale":"nl_NL","og_type":"article","og_title":"Voor de 26e keer in Huehuetenango: \u201cNo a la miner\u00eda\u201d - CATAPA vzw","og_description":"[vc_row][vc_column][vc_column_text] Vorige week donderdag, 24 september vond de 26e consulta comunitaria\u00a0plaats in San Sebastian Coat\u00e1n, een dorp gelegen op 2300m hoogte in het Cuchumatanes-gebergte in Guatemala. In het westelijke departement Huehuetenango begon men de consultasRead More","og_url":"https:\/\/catapa.be\/nl\/voor-de-26e-keer-in-huehuetenango-no-a-la-mineria\/","og_site_name":"CATAPA vzw","article_publisher":"https:\/\/www.facebook.com\/catapa.belgium\/","article_published_time":"2009-09-30T13:26:56+00:00","article_modified_time":"2022-06-14T13:31:23+00:00","author":"Kim Claes","twitter_card":"summary_large_image","twitter_creator":"@CATAPA_Belgica","twitter_site":"@CATAPA_Belgica","twitter_misc":{"Geschreven door":"Kim Claes","Geschatte leestijd":"2 minuten"},"schema":{"@context":"https:\/\/schema.org","@graph":[{"@type":"Article","@id":"https:\/\/catapa.be\/nl\/voor-de-26e-keer-in-huehuetenango-no-a-la-mineria\/#article","isPartOf":{"@id":"https:\/\/catapa.be\/nl\/voor-de-26e-keer-in-huehuetenango-no-a-la-mineria\/"},"author":{"name":"Kim Claes","@id":"https:\/\/catapa.be\/nl\/#\/schema\/person\/02e07beb6bee4b3bac6b8f242a22bf38"},"headline":"Voor de 26e keer in Huehuetenango: \u201cNo a la miner\u00eda\u201d","datePublished":"2009-09-30T13:26:56+00:00","dateModified":"2022-06-14T13:31:23+00:00","mainEntityOfPage":{"@id":"https:\/\/catapa.be\/nl\/voor-de-26e-keer-in-huehuetenango-no-a-la-mineria\/"},"wordCount":333,"commentCount":0,"publisher":{"@id":"https:\/\/catapa.be\/nl\/#organization"},"keywords":["Guatemala","mijnbouw","volksraadpleging"],"articleSection":["Guatemala"],"inLanguage":"nl-NL","potentialAction":[{"@type":"CommentAction","name":"Comment","target":["https:\/\/catapa.be\/nl\/voor-de-26e-keer-in-huehuetenango-no-a-la-mineria\/#respond"]}]},{"@type":"WebPage","@id":"https:\/\/catapa.be\/nl\/voor-de-26e-keer-in-huehuetenango-no-a-la-mineria\/","url":"https:\/\/catapa.be\/nl\/voor-de-26e-keer-in-huehuetenango-no-a-la-mineria\/","name":"Voor de 26e keer in Huehuetenango: \u201cNo a la miner\u00eda\u201d - CATAPA vzw","isPartOf":{"@id":"https:\/\/catapa.be\/nl\/#website"},"datePublished":"2009-09-30T13:26:56+00:00","dateModified":"2022-06-14T13:31:23+00:00","breadcrumb":{"@id":"https:\/\/catapa.be\/nl\/voor-de-26e-keer-in-huehuetenango-no-a-la-mineria\/#breadcrumb"},"inLanguage":"nl-NL","potentialAction":[{"@type":"ReadAction","target":["https:\/\/catapa.be\/nl\/voor-de-26e-keer-in-huehuetenango-no-a-la-mineria\/"]}]},{"@type":"BreadcrumbList","@id":"https:\/\/catapa.be\/nl\/voor-de-26e-keer-in-huehuetenango-no-a-la-mineria\/#breadcrumb","itemListElement":[{"@type":"ListItem","position":1,"name":"Home","item":"https:\/\/catapa.be\/nl\/"},{"@type":"ListItem","position":2,"name":"Voor de 26e keer in Huehuetenango: \u201cNo a la miner\u00eda\u201d"}]},{"@type":"WebSite","@id":"https:\/\/catapa.be\/nl\/#website","url":"https:\/\/catapa.be\/nl\/","name":"CATAPA vzw","description":"Comit\u00e9 Acad\u00e9mico T\u00e9cnico de Asesoramiento a Problemas Ambientales","publisher":{"@id":"https:\/\/catapa.be\/nl\/#organization"},"potentialAction":[{"@type":"SearchAction","target":{"@type":"EntryPoint","urlTemplate":"https:\/\/catapa.be\/nl\/?s={search_term_string}"},"query-input":{"@type":"PropertyValueSpecification","valueRequired":true,"valueName":"search_term_string"}}],"inLanguage":"nl-NL"},{"@type":"Organization","@id":"https:\/\/catapa.be\/nl\/#organization","name":"CATAPA vzw","url":"https:\/\/catapa.be\/nl\/","logo":{"@type":"ImageObject","inLanguage":"nl-NL","@id":"https:\/\/catapa.be\/nl\/#\/schema\/logo\/image\/","url":"https:\/\/i0.wp.com\/catapa.be\/wp-content\/uploads\/2019\/02\/NEW20LOGO20SHORT20PNG1.png?fit=1259%2C1321&ssl=1","contentUrl":"https:\/\/i0.wp.com\/catapa.be\/wp-content\/uploads\/2019\/02\/NEW20LOGO20SHORT20PNG1.png?fit=1259%2C1321&ssl=1","width":1259,"height":1321,"caption":"CATAPA vzw"},"image":{"@id":"https:\/\/catapa.be\/nl\/#\/schema\/logo\/image\/"},"sameAs":["https:\/\/www.facebook.com\/catapa.belgium\/","https:\/\/x.com\/CATAPA_Belgica","https:\/\/www.instagram.com\/catapa_vzw\/","https:\/\/be.linkedin.com\/company\/catapavzw","https:\/\/www.youtube.com\/channel\/UCE52-Fiyv-Fpqf2gi1qhf1g"]},{"@type":"Person","@id":"https:\/\/catapa.be\/nl\/#\/schema\/person\/02e07beb6bee4b3bac6b8f242a22bf38","name":"Kim Claes","sameAs":["https:\/\/www.fairictflanders.be"],"url":"https:\/\/catapa.be\/nl\/author\/kim-claes\/"}]}},"jetpack_publicize_connections":[],"jetpack_featured_media_url":"","jetpack_sharing_enabled":true,"jetpack_likes_enabled":true,"jetpack-related-posts":[{"id":30045,"url":"https:\/\/catapa.be\/nl\/verklaring-van-antigua\/","url_meta":{"origin":30069,"position":0},"title":"Verklaring van Antigua","author":"Kim Claes","date":"22 augustus 2009","format":false,"excerpt":"[vc_row][vc_column][vc_column_text] De Internationale Conferentie over Mijnbouw in Antigua werd afgesloten met de Verklaring van Antigua, waarin het internationale middenveld waarschuwt voor de enorme gevolgen van grootschalige mijnbouw. Daarnaast stelden ze 5 uitdagingen voor om de mijnbouwproblematiek het hoofd te bieden. We roepen iedereen op om de Verklaring te ondertekenen.\u00a0 \u00a0\u2026","rel":"","context":"In &quot;Geen onderdeel van een categorie&quot;","block_context":{"text":"Geen onderdeel van een categorie","link":"https:\/\/catapa.be\/nl\/category\/geen-onderdeel-van-een-categorie\/"},"img":{"alt_text":"","src":"","width":0,"height":0},"classes":[]},{"id":30059,"url":"https:\/\/catapa.be\/nl\/guatemalteekse-regering-schorst-marlin-mijn\/","url_meta":{"origin":30069,"position":1},"title":"Guatemalteekse regering schorst Marlin-mijn","author":"admin","date":"24 juni 2009","format":false,"excerpt":"[vc_row][vc_column][vc_column_text] Op 23 juni liet de Guatemalteekse president Col\u00f3m weten dat de regering de voorzorgsmaatregelen zou naleven die hen opgelegd werden door de Interamerikaanse Commissie voor Mensenrechten (IACMR), waaronder de schorsing van de Marlin-mijn. Deze voorzorgsmaatregelen werden opgelegd in het teken van een mensenrechtenstudie rond de Marlin-mijn in de westelijke\u2026","rel":"","context":"In &quot;Guatemala&quot;","block_context":{"text":"Guatemala","link":"https:\/\/catapa.be\/nl\/category\/partnerlanden\/guatemala-partnerlanden\/"},"img":{"alt_text":"","src":"","width":0,"height":0},"classes":[]},{"id":29967,"url":"https:\/\/catapa.be\/nl\/11-vlaamse-jongeren-organiseren-internationaal-seminarie-over-mijnbouw-in-guatemala\/","url_meta":{"origin":30069,"position":2},"title":"11 Vlaamse jongeren organiseren internationaal seminarie over mijnbouw in Guatemala","author":"Kim Claes","date":"13 juli 2009","format":false,"excerpt":"[vc_row][vc_column][vc_column_text] Van 22 juli t.e.m. 9 augustus trekken 11 Vlaamse jongeren naar Guatemala om er samen met de Latijns-Amerikaanse partners van CATAPA vzw een internationaal seminarie rond mijnbouw te organiseren. De 11 jongeren zullen nadien een heel jaar werken rond mijnbouw en Latijns-Amerika door info-avonden te organiseren in Vlaanderen. De\u2026","rel":"","context":"In &quot;Guatemala&quot;","block_context":{"text":"Guatemala","link":"https:\/\/catapa.be\/nl\/category\/guatemala\/"},"img":{"alt_text":"","src":"","width":0,"height":0},"classes":[]},{"id":30352,"url":"https:\/\/catapa.be\/nl\/inleiding-tot-de-majaz-case\/","url_meta":{"origin":30069,"position":3},"title":"Inleiding tot de Majaz Case","author":"Truike Geerts","date":"16 september 2007","format":false,"excerpt":"[vc_row][vc_column][vc_column_text] De Andes, die van Venezuela tot Vuurland over het Zuidamerikaanse continent waakt, kent ter hoogte van Huancabamba een depressie, waarbij haar dak tot op zo\u00b4n 3500 meter hoogte zakt. Deze grensregio tussen Peru en Ecuador kenmerkt zich door een uniek ecosysteem en een enorme biodiversiteit. Hier, bij het samenkomen\u2026","rel":"","context":"In &quot;Mining in Paradise&quot;","block_context":{"text":"Mining in Paradise","link":"https:\/\/catapa.be\/nl\/category\/afgelopen-campagnes-en-projecten\/mining-in-paradise\/"},"img":{"alt_text":"","src":"","width":0,"height":0},"classes":[]},{"id":30857,"url":"https:\/\/catapa.be\/nl\/de-bewoners-van-cajamarca-bereiden-zich-voor-op-consulta-popular\/","url_meta":{"origin":30069,"position":4},"title":"De bewoners van Cajamarca bereiden zich voor op Consulta Popular","author":"Alan Gonz\u00e1lez Morales","date":"22 maart 2017","format":false,"excerpt":"In 2003 streek het Zuid-Afrikaanse mijnbouwbedrijf AngloGold Ashanti neer in Colombia. Vier jaar lang gingen ze op zoek naar goud en kochten ze mijnbouwconcessies op in het hele land. In 2007 vond het bedrijf eindelijk waar het op gehoopt had:\u00a0gigantische goudreserves in de ondergrond van de gemeente Cajamarca\u00a0in het departement\u2026","rel":"","context":"In &quot;Colombia&quot;","block_context":{"text":"Colombia","link":"https:\/\/catapa.be\/nl\/category\/partnerlanden\/colombia-nl\/"},"img":{"alt_text":"","src":"","width":0,"height":0},"classes":[]},{"id":30461,"url":"https:\/\/catapa.be\/nl\/meer-problemen-voor-colombia-de-intrede-van-grootschalige-mijnbouwprojecten\/","url_meta":{"origin":30069,"position":5},"title":"Foto-essay: Meer problemen voor Colombia, de intrede van grootschalige mijnbouwprojecten","author":"Truike Geerts","date":"5 februari 2014","format":false,"excerpt":"Colombia begeeft zich dit jaar al 50 jaar in een intern conflict en er blijven maar problemen\u00a0bijkomen. Colombia staat te koop, de afgelopen 12 jaar is er voor meer dan 1,5 miljoen hectare\u00a0aan grond verkocht aan buitenlandse multinationals. Uiteindelijk zal hier maar een klein deel\u00a0van gebruikt worden voor mijnbouw, de\u2026","rel":"","context":"In &quot;Colombia&quot;","block_context":{"text":"Colombia","link":"https:\/\/catapa.be\/nl\/category\/partnerlanden\/colombia-nl\/"},"img":{"alt_text":"","src":"https:\/\/i0.wp.com\/catapa.be\/wp-content\/uploads\/2022\/07\/24.jpg?fit=395%2C526&ssl=1&resize=350%2C200","width":350,"height":200},"classes":[]}],"_links":{"self":[{"href":"https:\/\/catapa.be\/nl\/wp-json\/wp\/v2\/posts\/30069","targetHints":{"allow":["GET"]}}],"collection":[{"href":"https:\/\/catapa.be\/nl\/wp-json\/wp\/v2\/posts"}],"about":[{"href":"https:\/\/catapa.be\/nl\/wp-json\/wp\/v2\/types\/post"}],"author":[{"embeddable":true,"href":"https:\/\/catapa.be\/nl\/wp-json\/wp\/v2\/users\/32"}],"replies":[{"embeddable":true,"href":"https:\/\/catapa.be\/nl\/wp-json\/wp\/v2\/comments?post=30069"}],"version-history":[{"count":1,"href":"https:\/\/catapa.be\/nl\/wp-json\/wp\/v2\/posts\/30069\/revisions"}],"predecessor-version":[{"id":30070,"href":"https:\/\/catapa.be\/nl\/wp-json\/wp\/v2\/posts\/30069\/revisions\/30070"}],"wp:attachment":[{"href":"https:\/\/catapa.be\/nl\/wp-json\/wp\/v2\/media?parent=30069"}],"wp:term":[{"taxonomy":"category","embeddable":true,"href":"https:\/\/catapa.be\/nl\/wp-json\/wp\/v2\/categories?post=30069"},{"taxonomy":"post_tag","embeddable":true,"href":"https:\/\/catapa.be\/nl\/wp-json\/wp\/v2\/tags?post=30069"}],"curies":[{"name":"wp","href":"https:\/\/api.w.org\/{rel}","templated":true}]}}