{"id":30179,"date":"2022-06-15T06:57:37","date_gmt":"2022-06-15T04:57:37","guid":{"rendered":"https:\/\/catapa.be\/defensoras-2\/"},"modified":"2022-06-15T07:30:51","modified_gmt":"2022-06-15T05:30:51","slug":"defensoras-2","status":"publish","type":"post","link":"https:\/\/catapa.be\/nl\/defensoras-2\/","title":{"rendered":"DEFENSORAS"},"content":{"rendered":"<p><b>Het beschermen van hun land en van hun lichaam was nooit een keuze, maar een noodzaak. Met hoop en dromen voor een andere realiteit zetten zij hun strijd tegen extractivisme en patriarchale onderdrukking voort.<\/b><\/p>\n<p><i><span style=\"font-weight: 400;\">Op 8 maart, internationale vrouwendag, kwamen we samen in Brussel. Defensoras: Tierras que resisten en manos de mujeres. Oftewel &#8220;Aardes die verzet bieden in de handen van vrouwen&#8221; was het thema van de avond. Een panel van vier feministische milieuactivisten: Mirtha, Dayana, Chihiro en Sandra, namen ons mee op een reis over het beschermen van de aarde, over het wat het betekent om vrouw te zijn en om te zorgen, voor het land en voor elkaar. Door middel van twee schriftelijke reflecties wil ik de krachtige boodschappen en gedachten die de panelleden die avond naar voren brachten, aan jullie, de lezers, doorgeven. Laten we starten met het ontrafelen van de woorden Defensoras en Tierra. <\/span><\/i><\/p>\n<p><b><img data-recalc-dims=\"1\" loading=\"lazy\" decoding=\"async\" class=\" wp-image-30172 aligncenter\" src=\"https:\/\/i0.wp.com\/catapa.be\/wp-content\/uploads\/2022\/06\/Banner-Round-Table.png?resize=620%2C349&#038;ssl=1\" alt=\"\" width=\"620\" height=\"349\" srcset=\"https:\/\/i0.wp.com\/catapa.be\/wp-content\/uploads\/2022\/06\/Banner-Round-Table.png?resize=300%2C169&amp;ssl=1 300w, https:\/\/i0.wp.com\/catapa.be\/wp-content\/uploads\/2022\/06\/Banner-Round-Table.png?w=550&amp;ssl=1 550w\" sizes=\"auto, (max-width: 620px) 100vw, 620px\" \/><\/b><\/p>\n<p><b>Defensoras<\/b><span style=\"font-weight: 400;\">.<\/span><\/p>\n<p><span style=\"font-weight: 400;\">De mensenrechtenschendingen door multinationals in hun regio&#8217;s hebben ervoor gezorgd dat deze vrouwen milieurechtenverdedigsters of Defensoras werden.\u00a0<\/span><\/p>\n<p><span style=\"font-weight: 400;\">Hebben we ons ooit afgevraagd of defensoras wel defensoras <\/span><i><span style=\"font-weight: 400;\">willen <\/span><\/i><span style=\"font-weight: 400;\">zijn?\u00a0<\/span><\/p>\n<p><span style=\"font-weight: 400;\">De extractivistische multinationals die naar Latijns-Amerika gaan en er het land binnenvallen alsof het hun thuis is, ontnemen de defensoras het recht om te beslissen wie ze willen zijn. Alsook de mogelijkheid om hun eigen leven en dromen vorm te geven. De enige optie die ze hebben is te vechten tegen de aanwezigheid van die multinationals en de gevaren die ze met zich mee brengen. Gevaren voor het voortbestaan en welzijn van de defensoras, die van hun omgeving en van hun gemeenschap.\u00a0<\/span><\/p>\n<p><span style=\"font-weight: 400;\">Ze deelden hun dromen over hoe hun leven eruit zou kunnen zien zonder extractivisme. Wonen in een hutje in de natuur, filmmaker worden, werken met boerinnen, muzikant zijn of reisleider, vogels observeren, een beetje land hebben om te delen met de mensen om hen heen en met mensen van over de hele wereld. Nu zijn ze er trots op dat ze defensoras zijn. Zij hebben deze rol op zich genomen en zich die eigen gemaakt. Niettemin is het een rol die voortkwam uit hun onderdrukking en de bezetting van het land dat zij hun thuis noemen.\u00a0<\/span><\/p>\n<p><b>Tierra<\/b><span style=\"font-weight: 400;\">.<\/span><\/p>\n<p><span style=\"font-weight: 400;\">Wat verdedigen de defensoras? Wat is de Aarde?\u00a0<\/span><\/p>\n<p><span style=\"font-weight: 400;\">Verlichting heeft de manier waarop we naar onze omgeving kijken verstoord. Het heeft gezorgd voor een duale en wrede manier van denken, die geworteld is in de menselijke suprematie, die dicteert dat alles wat niet menselijk is minder intelligent en passief is en dus overheerst en onderdrukt kan worden.<\/span><\/p>\n<p><span style=\"font-weight: 400;\">Zij lieten ons conceptualiseren wat de Aarde is, wat wij zijn. We werden filosofen en conceptualiseerders van de Aarde in plaats van een deel van haar. Somos necesariamente la tierra, wij zijn in essentie de Aarde. En als ze haar kapot maken, maken ze ons kapot. Als ze haar ontginnen, doen ze ons pijn. We moeten erkennen hoe extractivisme de Aarde aantast en hoe wij eronder lijden.<\/span><\/p>\n<p><span style=\"font-weight: 400;\">Hoe moeten we de Aarde dan zien? We kunnen haar zien als la red de vida, het netwerk van het leven, omdat alles met elkaar verbonden is. La pacha mama, Moeder Aarde, la madre. In de Andische wereld is de Aarde wat ons leven geeft. Het is ons gemeenschappelijk huis. We moeten het water, de aarde en de bergen bedanken, omdat die voor ons zorgen. Omgekeerd zorgen wij voor haar. Het beschermen van ons land is zorg dragen. Wij ondermijnen het land niet en buiten het niet uit, wij ontvangen en geven terug.\u00a0<\/span><\/p>\n<p><span style=\"font-weight: 400;\">Het concept van de Aarde evolueert wanneer mensen zich realiseren dat ze ook deel uitmaken van de Aarde. Door dat inzicht kiezen defensoras ervoor om zich te verbinden en verbonden te blijven met hun leefomgeving, met het land en met het zijn van activiste.<\/span><\/p>\n<p><span style=\"font-weight: 400;\">Leidy, een milieuactiviste en feministe uit Antioquia, Colombia, en ook een dierbare vriendin, schreef een gedicht speciaal voor deze avond. Ik sluit deze reflectie graag af met de laatste woorden van haar gedicht:<\/span><\/p>\n<blockquote><p><i><span style=\"font-weight: 400;\">\u201cA las que est\u00e1n reunidas les digo,<br \/>\n<\/span><\/i><i><span style=\"font-weight: 400;\">esta frontera remota entre ustedes y yo,<br \/>\n<\/span><\/i><i><span style=\"font-weight: 400;\">no existe.<br \/>\n<\/span><\/i><i><span style=\"font-weight: 400;\">Porque hoy, de sur a norte, de oriente a occidente,<br \/>\n<\/span><\/i><i><span style=\"font-weight: 400;\">somos una sola fibra; intr\u00e9pida, briosa,<br \/>\n<\/span><\/i><i><span style=\"font-weight: 400;\">nunca m\u00e1s callada.<\/span><\/i><span style=\"font-weight: 400;\">\u201d<\/span><\/p><\/blockquote>\n<blockquote><p><i><span style=\"font-weight: 400;\">\u201cAan de vrouwen die vanavond herenigd zijn zou ik willen zeggen,<br \/>\n<\/span><\/i><i><span style=\"font-weight: 400;\">deze verre grens tussen jou en mij,<br \/>\n<\/span><\/i><i><span style=\"font-weight: 400;\">bestaat niet.<br \/>\n<\/span><\/i><i><span style=\"font-weight: 400;\">Want vandaag, van zuid naar noord, van oost naar west,<br \/>\n<\/span><\/i><i><span style=\"font-weight: 400;\">zijn we \u00e9\u00e9n enkele draad, onbevreesd, levendig,<br \/>\n<\/span><\/i><i><span style=\"font-weight: 400;\">nooit meer zwijgend.\u201d\u00a0\u00a0<\/span><\/i><\/p><\/blockquote>\n<p style=\"text-align: right;\"><span style=\"font-weight: 400;\">\u00a0&#8211; Leidy.<\/span><\/p>\n<p><span style=\"font-weight: 400;\">Dank je wel Sandra, Chihiro, Mirtha en Dayana voor het delen van jullie wijsheid, strijd en verhalen. Voor het verbinden, met elkaar, met ons, met de aarde.\u00a0<\/span><\/p>\n<p><img data-recalc-dims=\"1\" loading=\"lazy\" decoding=\"async\" class=\" wp-image-30169 aligncenter\" src=\"https:\/\/i0.wp.com\/catapa.be\/wp-content\/uploads\/2022\/06\/20220308_203739_1_76.jpg?resize=568%2C426&#038;ssl=1\" alt=\"\" width=\"568\" height=\"426\" srcset=\"https:\/\/i0.wp.com\/catapa.be\/wp-content\/uploads\/2022\/06\/20220308_203739_1_76-scaled.jpg?resize=300%2C225&amp;ssl=1 300w, https:\/\/i0.wp.com\/catapa.be\/wp-content\/uploads\/2022\/06\/20220308_203739_1_76-scaled.jpg?resize=1024%2C768&amp;ssl=1 1024w, https:\/\/i0.wp.com\/catapa.be\/wp-content\/uploads\/2022\/06\/20220308_203739_1_76-scaled.jpg?resize=768%2C576&amp;ssl=1 768w, https:\/\/i0.wp.com\/catapa.be\/wp-content\/uploads\/2022\/06\/20220308_203739_1_76-scaled.jpg?resize=1536%2C1152&amp;ssl=1 1536w, https:\/\/i0.wp.com\/catapa.be\/wp-content\/uploads\/2022\/06\/20220308_203739_1_76-scaled.jpg?resize=2048%2C1536&amp;ssl=1 2048w, https:\/\/i0.wp.com\/catapa.be\/wp-content\/uploads\/2022\/06\/20220308_203739_1_76-scaled.jpg?w=1280&amp;ssl=1 1280w, https:\/\/i0.wp.com\/catapa.be\/wp-content\/uploads\/2022\/06\/20220308_203739_1_76-scaled.jpg?w=1920&amp;ssl=1 1920w\" sizes=\"auto, (max-width: 568px) 100vw, 568px\" \/><\/p>\n","protected":false},"excerpt":{"rendered":"<p>Het beschermen van hun land en van hun lichaam was nooit een keuze, maar een noodzaak. Met hoop en dromen voor een andere realiteit zetten zij hun strijd tegen extractivisme en patriarchale onderdrukking voort. Op<br \/><a class=\"read-more\" href=\"https:\/\/catapa.be\/nl\/defensoras-2\/\">Read More<\/a><\/p>\n","protected":false},"author":17,"featured_media":30175,"comment_status":"open","ping_status":"open","sticky":false,"template":"","format":"standard","meta":{"_exactmetrics_skip_tracking":false,"_exactmetrics_sitenote_active":false,"_exactmetrics_sitenote_note":"","_exactmetrics_sitenote_category":0,"jetpack_post_was_ever_published":false,"_jetpack_newsletter_access":"","_jetpack_dont_email_post_to_subs":false,"_jetpack_newsletter_tier_id":0,"_jetpack_memberships_contains_paywalled_content":false,"_jetpack_memberships_contains_paid_content":false,"footnotes":"","jetpack_publicize_message":"","jetpack_publicize_feature_enabled":true,"jetpack_social_post_already_shared":true,"jetpack_social_options":{"image_generator_settings":{"template":"highway","default_image_id":0,"font":"","enabled":false},"version":2}},"categories":[472,484],"tags":[],"class_list":["post-30179","post","type-post","status-publish","format-standard","has-post-thumbnail","hentry","category-open-mined-nl","category-vrouwenrechten"],"yoast_head":"<!-- This site is optimized with the Yoast SEO plugin v26.8 - https:\/\/yoast.com\/product\/yoast-seo-wordpress\/ -->\n<title>DEFENSORAS - CATAPA vzw<\/title>\n<meta name=\"robots\" content=\"index, follow, max-snippet:-1, max-image-preview:large, max-video-preview:-1\" \/>\n<link rel=\"canonical\" href=\"https:\/\/catapa.be\/nl\/defensoras-2\/\" \/>\n<meta property=\"og:locale\" content=\"nl_NL\" \/>\n<meta property=\"og:type\" content=\"article\" \/>\n<meta property=\"og:title\" content=\"DEFENSORAS - CATAPA vzw\" \/>\n<meta property=\"og:description\" content=\"Het beschermen van hun land en van hun lichaam was nooit een keuze, maar een noodzaak. Met hoop en dromen voor een andere realiteit zetten zij hun strijd tegen extractivisme en patriarchale onderdrukking voort. OpRead More\" \/>\n<meta property=\"og:url\" content=\"https:\/\/catapa.be\/nl\/defensoras-2\/\" \/>\n<meta property=\"og:site_name\" content=\"CATAPA vzw\" \/>\n<meta property=\"article:publisher\" content=\"https:\/\/www.facebook.com\/catapa.belgium\/\" \/>\n<meta property=\"article:published_time\" content=\"2022-06-15T04:57:37+00:00\" \/>\n<meta property=\"article:modified_time\" content=\"2022-06-15T05:30:51+00:00\" \/>\n<meta property=\"og:image\" content=\"https:\/\/catapa.be\/wp-content\/uploads\/2022\/06\/IMG_20220308_204001_68-scaled.jpg\" \/>\n\t<meta property=\"og:image:width\" content=\"2560\" \/>\n\t<meta property=\"og:image:height\" content=\"1920\" \/>\n\t<meta property=\"og:image:type\" content=\"image\/jpeg\" \/>\n<meta name=\"author\" content=\"Truike Geerts\" \/>\n<meta name=\"twitter:card\" content=\"summary_large_image\" \/>\n<meta name=\"twitter:creator\" content=\"@CATAPA_Belgica\" \/>\n<meta name=\"twitter:site\" content=\"@CATAPA_Belgica\" \/>\n<meta name=\"twitter:label1\" content=\"Geschreven door\" \/>\n\t<meta name=\"twitter:data1\" content=\"Truike Geerts\" \/>\n\t<meta name=\"twitter:label2\" content=\"Geschatte leestijd\" \/>\n\t<meta name=\"twitter:data2\" content=\"4 minuten\" \/>\n<script type=\"application\/ld+json\" class=\"yoast-schema-graph\">{\"@context\":\"https:\/\/schema.org\",\"@graph\":[{\"@type\":\"Article\",\"@id\":\"https:\/\/catapa.be\/nl\/defensoras-2\/#article\",\"isPartOf\":{\"@id\":\"https:\/\/catapa.be\/nl\/defensoras-2\/\"},\"author\":{\"name\":\"Truike Geerts\",\"@id\":\"https:\/\/catapa.be\/nl\/#\/schema\/person\/5b69e90152347308a517590385dbf533\"},\"headline\":\"DEFENSORAS\",\"datePublished\":\"2022-06-15T04:57:37+00:00\",\"dateModified\":\"2022-06-15T05:30:51+00:00\",\"mainEntityOfPage\":{\"@id\":\"https:\/\/catapa.be\/nl\/defensoras-2\/\"},\"wordCount\":757,\"commentCount\":0,\"publisher\":{\"@id\":\"https:\/\/catapa.be\/nl\/#organization\"},\"image\":{\"@id\":\"https:\/\/catapa.be\/nl\/defensoras-2\/#primaryimage\"},\"thumbnailUrl\":\"https:\/\/i0.wp.com\/catapa.be\/wp-content\/uploads\/2022\/06\/IMG_20220308_204001_68-scaled.jpg?fit=2560%2C1920&ssl=1\",\"articleSection\":[\"Open Min(e)d\",\"vrouwenrechten\"],\"inLanguage\":\"nl-NL\",\"potentialAction\":[{\"@type\":\"CommentAction\",\"name\":\"Comment\",\"target\":[\"https:\/\/catapa.be\/nl\/defensoras-2\/#respond\"]}]},{\"@type\":\"WebPage\",\"@id\":\"https:\/\/catapa.be\/nl\/defensoras-2\/\",\"url\":\"https:\/\/catapa.be\/nl\/defensoras-2\/\",\"name\":\"DEFENSORAS - CATAPA vzw\",\"isPartOf\":{\"@id\":\"https:\/\/catapa.be\/nl\/#website\"},\"primaryImageOfPage\":{\"@id\":\"https:\/\/catapa.be\/nl\/defensoras-2\/#primaryimage\"},\"image\":{\"@id\":\"https:\/\/catapa.be\/nl\/defensoras-2\/#primaryimage\"},\"thumbnailUrl\":\"https:\/\/i0.wp.com\/catapa.be\/wp-content\/uploads\/2022\/06\/IMG_20220308_204001_68-scaled.jpg?fit=2560%2C1920&ssl=1\",\"datePublished\":\"2022-06-15T04:57:37+00:00\",\"dateModified\":\"2022-06-15T05:30:51+00:00\",\"breadcrumb\":{\"@id\":\"https:\/\/catapa.be\/nl\/defensoras-2\/#breadcrumb\"},\"inLanguage\":\"nl-NL\",\"potentialAction\":[{\"@type\":\"ReadAction\",\"target\":[\"https:\/\/catapa.be\/nl\/defensoras-2\/\"]}]},{\"@type\":\"ImageObject\",\"inLanguage\":\"nl-NL\",\"@id\":\"https:\/\/catapa.be\/nl\/defensoras-2\/#primaryimage\",\"url\":\"https:\/\/i0.wp.com\/catapa.be\/wp-content\/uploads\/2022\/06\/IMG_20220308_204001_68-scaled.jpg?fit=2560%2C1920&ssl=1\",\"contentUrl\":\"https:\/\/i0.wp.com\/catapa.be\/wp-content\/uploads\/2022\/06\/IMG_20220308_204001_68-scaled.jpg?fit=2560%2C1920&ssl=1\",\"width\":2560,\"height\":1920,\"caption\":\"sdr\"},{\"@type\":\"BreadcrumbList\",\"@id\":\"https:\/\/catapa.be\/nl\/defensoras-2\/#breadcrumb\",\"itemListElement\":[{\"@type\":\"ListItem\",\"position\":1,\"name\":\"Home\",\"item\":\"https:\/\/catapa.be\/nl\/\"},{\"@type\":\"ListItem\",\"position\":2,\"name\":\"DEFENSORAS\"}]},{\"@type\":\"WebSite\",\"@id\":\"https:\/\/catapa.be\/nl\/#website\",\"url\":\"https:\/\/catapa.be\/nl\/\",\"name\":\"CATAPA vzw\",\"description\":\"Comit\u00e9 Acad\u00e9mico T\u00e9cnico de Asesoramiento a Problemas Ambientales\",\"publisher\":{\"@id\":\"https:\/\/catapa.be\/nl\/#organization\"},\"potentialAction\":[{\"@type\":\"SearchAction\",\"target\":{\"@type\":\"EntryPoint\",\"urlTemplate\":\"https:\/\/catapa.be\/nl\/?s={search_term_string}\"},\"query-input\":{\"@type\":\"PropertyValueSpecification\",\"valueRequired\":true,\"valueName\":\"search_term_string\"}}],\"inLanguage\":\"nl-NL\"},{\"@type\":\"Organization\",\"@id\":\"https:\/\/catapa.be\/nl\/#organization\",\"name\":\"CATAPA vzw\",\"url\":\"https:\/\/catapa.be\/nl\/\",\"logo\":{\"@type\":\"ImageObject\",\"inLanguage\":\"nl-NL\",\"@id\":\"https:\/\/catapa.be\/nl\/#\/schema\/logo\/image\/\",\"url\":\"https:\/\/i0.wp.com\/catapa.be\/wp-content\/uploads\/2019\/02\/NEW20LOGO20SHORT20PNG1.png?fit=1259%2C1321&ssl=1\",\"contentUrl\":\"https:\/\/i0.wp.com\/catapa.be\/wp-content\/uploads\/2019\/02\/NEW20LOGO20SHORT20PNG1.png?fit=1259%2C1321&ssl=1\",\"width\":1259,\"height\":1321,\"caption\":\"CATAPA vzw\"},\"image\":{\"@id\":\"https:\/\/catapa.be\/nl\/#\/schema\/logo\/image\/\"},\"sameAs\":[\"https:\/\/www.facebook.com\/catapa.belgium\/\",\"https:\/\/x.com\/CATAPA_Belgica\",\"https:\/\/www.instagram.com\/catapa_vzw\/\",\"https:\/\/be.linkedin.com\/company\/catapavzw\",\"https:\/\/www.youtube.com\/channel\/UCE52-Fiyv-Fpqf2gi1qhf1g\"]},{\"@type\":\"Person\",\"@id\":\"https:\/\/catapa.be\/nl\/#\/schema\/person\/5b69e90152347308a517590385dbf533\",\"name\":\"Truike Geerts\",\"url\":\"https:\/\/catapa.be\/nl\/author\/truike\/\"}]}<\/script>\n<!-- \/ Yoast SEO plugin. -->","yoast_head_json":{"title":"DEFENSORAS - CATAPA vzw","robots":{"index":"index","follow":"follow","max-snippet":"max-snippet:-1","max-image-preview":"max-image-preview:large","max-video-preview":"max-video-preview:-1"},"canonical":"https:\/\/catapa.be\/nl\/defensoras-2\/","og_locale":"nl_NL","og_type":"article","og_title":"DEFENSORAS - CATAPA vzw","og_description":"Het beschermen van hun land en van hun lichaam was nooit een keuze, maar een noodzaak. Met hoop en dromen voor een andere realiteit zetten zij hun strijd tegen extractivisme en patriarchale onderdrukking voort. OpRead More","og_url":"https:\/\/catapa.be\/nl\/defensoras-2\/","og_site_name":"CATAPA vzw","article_publisher":"https:\/\/www.facebook.com\/catapa.belgium\/","article_published_time":"2022-06-15T04:57:37+00:00","article_modified_time":"2022-06-15T05:30:51+00:00","og_image":[{"width":2560,"height":1920,"url":"https:\/\/catapa.be\/wp-content\/uploads\/2022\/06\/IMG_20220308_204001_68-scaled.jpg","type":"image\/jpeg"}],"author":"Truike Geerts","twitter_card":"summary_large_image","twitter_creator":"@CATAPA_Belgica","twitter_site":"@CATAPA_Belgica","twitter_misc":{"Geschreven door":"Truike Geerts","Geschatte leestijd":"4 minuten"},"schema":{"@context":"https:\/\/schema.org","@graph":[{"@type":"Article","@id":"https:\/\/catapa.be\/nl\/defensoras-2\/#article","isPartOf":{"@id":"https:\/\/catapa.be\/nl\/defensoras-2\/"},"author":{"name":"Truike Geerts","@id":"https:\/\/catapa.be\/nl\/#\/schema\/person\/5b69e90152347308a517590385dbf533"},"headline":"DEFENSORAS","datePublished":"2022-06-15T04:57:37+00:00","dateModified":"2022-06-15T05:30:51+00:00","mainEntityOfPage":{"@id":"https:\/\/catapa.be\/nl\/defensoras-2\/"},"wordCount":757,"commentCount":0,"publisher":{"@id":"https:\/\/catapa.be\/nl\/#organization"},"image":{"@id":"https:\/\/catapa.be\/nl\/defensoras-2\/#primaryimage"},"thumbnailUrl":"https:\/\/i0.wp.com\/catapa.be\/wp-content\/uploads\/2022\/06\/IMG_20220308_204001_68-scaled.jpg?fit=2560%2C1920&ssl=1","articleSection":["Open Min(e)d","vrouwenrechten"],"inLanguage":"nl-NL","potentialAction":[{"@type":"CommentAction","name":"Comment","target":["https:\/\/catapa.be\/nl\/defensoras-2\/#respond"]}]},{"@type":"WebPage","@id":"https:\/\/catapa.be\/nl\/defensoras-2\/","url":"https:\/\/catapa.be\/nl\/defensoras-2\/","name":"DEFENSORAS - CATAPA vzw","isPartOf":{"@id":"https:\/\/catapa.be\/nl\/#website"},"primaryImageOfPage":{"@id":"https:\/\/catapa.be\/nl\/defensoras-2\/#primaryimage"},"image":{"@id":"https:\/\/catapa.be\/nl\/defensoras-2\/#primaryimage"},"thumbnailUrl":"https:\/\/i0.wp.com\/catapa.be\/wp-content\/uploads\/2022\/06\/IMG_20220308_204001_68-scaled.jpg?fit=2560%2C1920&ssl=1","datePublished":"2022-06-15T04:57:37+00:00","dateModified":"2022-06-15T05:30:51+00:00","breadcrumb":{"@id":"https:\/\/catapa.be\/nl\/defensoras-2\/#breadcrumb"},"inLanguage":"nl-NL","potentialAction":[{"@type":"ReadAction","target":["https:\/\/catapa.be\/nl\/defensoras-2\/"]}]},{"@type":"ImageObject","inLanguage":"nl-NL","@id":"https:\/\/catapa.be\/nl\/defensoras-2\/#primaryimage","url":"https:\/\/i0.wp.com\/catapa.be\/wp-content\/uploads\/2022\/06\/IMG_20220308_204001_68-scaled.jpg?fit=2560%2C1920&ssl=1","contentUrl":"https:\/\/i0.wp.com\/catapa.be\/wp-content\/uploads\/2022\/06\/IMG_20220308_204001_68-scaled.jpg?fit=2560%2C1920&ssl=1","width":2560,"height":1920,"caption":"sdr"},{"@type":"BreadcrumbList","@id":"https:\/\/catapa.be\/nl\/defensoras-2\/#breadcrumb","itemListElement":[{"@type":"ListItem","position":1,"name":"Home","item":"https:\/\/catapa.be\/nl\/"},{"@type":"ListItem","position":2,"name":"DEFENSORAS"}]},{"@type":"WebSite","@id":"https:\/\/catapa.be\/nl\/#website","url":"https:\/\/catapa.be\/nl\/","name":"CATAPA vzw","description":"Comit\u00e9 Acad\u00e9mico T\u00e9cnico de Asesoramiento a Problemas Ambientales","publisher":{"@id":"https:\/\/catapa.be\/nl\/#organization"},"potentialAction":[{"@type":"SearchAction","target":{"@type":"EntryPoint","urlTemplate":"https:\/\/catapa.be\/nl\/?s={search_term_string}"},"query-input":{"@type":"PropertyValueSpecification","valueRequired":true,"valueName":"search_term_string"}}],"inLanguage":"nl-NL"},{"@type":"Organization","@id":"https:\/\/catapa.be\/nl\/#organization","name":"CATAPA vzw","url":"https:\/\/catapa.be\/nl\/","logo":{"@type":"ImageObject","inLanguage":"nl-NL","@id":"https:\/\/catapa.be\/nl\/#\/schema\/logo\/image\/","url":"https:\/\/i0.wp.com\/catapa.be\/wp-content\/uploads\/2019\/02\/NEW20LOGO20SHORT20PNG1.png?fit=1259%2C1321&ssl=1","contentUrl":"https:\/\/i0.wp.com\/catapa.be\/wp-content\/uploads\/2019\/02\/NEW20LOGO20SHORT20PNG1.png?fit=1259%2C1321&ssl=1","width":1259,"height":1321,"caption":"CATAPA vzw"},"image":{"@id":"https:\/\/catapa.be\/nl\/#\/schema\/logo\/image\/"},"sameAs":["https:\/\/www.facebook.com\/catapa.belgium\/","https:\/\/x.com\/CATAPA_Belgica","https:\/\/www.instagram.com\/catapa_vzw\/","https:\/\/be.linkedin.com\/company\/catapavzw","https:\/\/www.youtube.com\/channel\/UCE52-Fiyv-Fpqf2gi1qhf1g"]},{"@type":"Person","@id":"https:\/\/catapa.be\/nl\/#\/schema\/person\/5b69e90152347308a517590385dbf533","name":"Truike Geerts","url":"https:\/\/catapa.be\/nl\/author\/truike\/"}]}},"jetpack_publicize_connections":[],"jetpack_featured_media_url":"https:\/\/i0.wp.com\/catapa.be\/wp-content\/uploads\/2022\/06\/IMG_20220308_204001_68-scaled.jpg?fit=2560%2C1920&ssl=1","jetpack_sharing_enabled":true,"jetpack_likes_enabled":true,"jetpack-related-posts":[{"id":28616,"url":"https:\/\/catapa.be\/nl\/speakers-tour-2022-overzicht\/","url_meta":{"origin":30179,"position":0},"title":"Speakers Tour 2022 Overzicht","author":"Laura Blanco","date":"28 maart 2022","format":false,"excerpt":"[vc_row][vc_column][vc_column_text] Speakers Tour 2022 Overzicht De Speakers Tour 2022 was een groot succes! Heel erg bedankt dat jullie dit mogelijk hebben gemaakt! Wat een prachtige editie. Dit jaar nodigde Catapa twee milieuactivisten, Mirtha en Rosas uit Cajamarca, Per\u00fa, uit om te praten over hun strijd en om deze onder de\u2026","rel":"","context":"In &quot;Geen onderdeel van een categorie&quot;","block_context":{"text":"Geen onderdeel van een categorie","link":"https:\/\/catapa.be\/nl\/category\/geen-onderdeel-van-een-categorie\/"},"img":{"alt_text":"","src":"https:\/\/i0.wp.com\/catapa.be\/wp-content\/uploads\/2022\/03\/1.png?fit=470%2C394&ssl=1&resize=350%2C200","width":350,"height":200},"classes":[]},{"id":33544,"url":"https:\/\/catapa.be\/nl\/het-recht-om-nee-te-zeggen-van-ecuador-tot-belgie\/","url_meta":{"origin":30179,"position":1},"title":"Het recht om &#8216;nee&#8217; te zeggen &#8211; van Ecuador tot Belgi\u00eb","author":"Estefan\u00eda","date":"17 april 2023","format":false,"excerpt":"[vc_row css=\".vc_custom_1681390284831{margin-top: 1px !important;margin-bottom: 1px !important;border-top-width: 1px !important;border-bottom-width: 1px !important;padding-top: 1px !important;padding-bottom: 1px !important;}\"][vc_column width=\"1\/2\" css=\".vc_custom_1681390575074{margin-bottom: 1px !important;border-bottom-width: 1px !important;padding-bottom: 1px !important;}\"][vc_gallery interval=\"3\" images=\"33475,33532,33484,33523,33526,33499,33463,33466,33472,33478,33481,33487,33490,33493,33502,33505,33511,33514,33517,33520,33529,33440,33436\" img_size=\"large\" onclick=\"\"][\/vc_column][vc_column width=\"1\/2\" css=\".vc_custom_1681390562725{margin-bottom: 1px !important;border-bottom-width: 1px !important;padding-bottom: 1px !important;}\"][vc_cta h2=\"\"]CATAPA verwelkomde eind februari 2023 activistes Danila Andagoya (Red de J\u00f3venes del Choc\u00f3 Andino) en Nathalia\u2026","rel":"","context":"In &quot;Campagnes&quot;","block_context":{"text":"Campagnes","link":"https:\/\/catapa.be\/nl\/category\/campagnes\/"},"img":{"alt_text":"","src":"https:\/\/i0.wp.com\/catapa.be\/wp-content\/uploads\/2023\/04\/337522251_129217756777423_8700985832291443237_n.jpg?fit=1200%2C800&ssl=1&resize=350%2C200","width":350,"height":200,"srcset":"https:\/\/i0.wp.com\/catapa.be\/wp-content\/uploads\/2023\/04\/337522251_129217756777423_8700985832291443237_n.jpg?fit=1200%2C800&ssl=1&resize=350%2C200 1x, https:\/\/i0.wp.com\/catapa.be\/wp-content\/uploads\/2023\/04\/337522251_129217756777423_8700985832291443237_n.jpg?fit=1200%2C800&ssl=1&resize=525%2C300 1.5x, https:\/\/i0.wp.com\/catapa.be\/wp-content\/uploads\/2023\/04\/337522251_129217756777423_8700985832291443237_n.jpg?fit=1200%2C800&ssl=1&resize=700%2C400 2x, https:\/\/i0.wp.com\/catapa.be\/wp-content\/uploads\/2023\/04\/337522251_129217756777423_8700985832291443237_n.jpg?fit=1200%2C800&ssl=1&resize=1050%2C600 3x"},"classes":[]},{"id":34048,"url":"https:\/\/catapa.be\/nl\/geweldig-nieuws-na-de-consulta-popular-in-ecuador\/","url_meta":{"origin":30179,"position":2},"title":"Geweldig nieuws na de \u2018consulta popular\u2019 in Ecuador","author":"Simon Berlo","date":"25 augustus 2023","format":false,"excerpt":"[vc_row][vc_column][vc_column_text]We zijn verheugd met de overtuigende overwinningen van de volksreferenda in Ecuador. De consulta popular van afgelopen weekend over de toekomst van Choc\u00f3 Andino en Yasun\u00ed draaide uit op een ingrijpende gebeurtenis. De inzet van lokale gemeenschappen en activisten leidde tot resultaten die een inspiratie kunnen zijn voor volksdemocratie en\u2026","rel":"","context":"In &quot;recht om 'nee' te zeggen&quot;","block_context":{"text":"recht om 'nee' te zeggen","link":"https:\/\/catapa.be\/nl\/category\/campagnes\/recht-om-nee-te-zeggen\/"},"img":{"alt_text":"campaign mural by Pamela Pinto","src":"https:\/\/i0.wp.com\/catapa.be\/wp-content\/uploads\/2023\/08\/QSM-Yasuni-consultas.jpg?fit=1200%2C720&ssl=1&resize=350%2C200","width":350,"height":200,"srcset":"https:\/\/i0.wp.com\/catapa.be\/wp-content\/uploads\/2023\/08\/QSM-Yasuni-consultas.jpg?fit=1200%2C720&ssl=1&resize=350%2C200 1x, https:\/\/i0.wp.com\/catapa.be\/wp-content\/uploads\/2023\/08\/QSM-Yasuni-consultas.jpg?fit=1200%2C720&ssl=1&resize=525%2C300 1.5x, https:\/\/i0.wp.com\/catapa.be\/wp-content\/uploads\/2023\/08\/QSM-Yasuni-consultas.jpg?fit=1200%2C720&ssl=1&resize=700%2C400 2x, https:\/\/i0.wp.com\/catapa.be\/wp-content\/uploads\/2023\/08\/QSM-Yasuni-consultas.jpg?fit=1200%2C720&ssl=1&resize=1050%2C600 3x"},"classes":[]},{"id":34156,"url":"https:\/\/catapa.be\/nl\/we-eisen-gerechtigheid-voor-vermoorde-milieuverdediger-in-colombia\/","url_meta":{"origin":30179,"position":3},"title":"We eisen gerechtigheid voor vermoorde milieuverdediger in Colombia!","author":"Estefan\u00eda","date":"5 september 2023","format":false,"excerpt":"Met spijt delen wij het nieuws van de moord op Johan Ferney Aguilar Gonz\u00e1lez. Hij was een Colombiaanse milieuverdediger en de zoon van Wilder Antonio Aguilar Rodr\u00edguez , die een sociaal leider en milieuverdediger is in de gemeente Falan, Colombia. Johan Ferney werd op 3 september vermoord, enkele uren na\u2026","rel":"","context":"In &quot;Colombia&quot;","block_context":{"text":"Colombia","link":"https:\/\/catapa.be\/nl\/category\/partnerlanden\/colombia-nl\/"},"img":{"alt_text":"","src":"https:\/\/i0.wp.com\/catapa.be\/wp-content\/uploads\/2023\/08\/WhatsApp-Image-2023-08-03-at-13.44.22.jpeg?fit=1177%2C1200&ssl=1&resize=350%2C200","width":350,"height":200,"srcset":"https:\/\/i0.wp.com\/catapa.be\/wp-content\/uploads\/2023\/08\/WhatsApp-Image-2023-08-03-at-13.44.22.jpeg?fit=1177%2C1200&ssl=1&resize=350%2C200 1x, https:\/\/i0.wp.com\/catapa.be\/wp-content\/uploads\/2023\/08\/WhatsApp-Image-2023-08-03-at-13.44.22.jpeg?fit=1177%2C1200&ssl=1&resize=525%2C300 1.5x, https:\/\/i0.wp.com\/catapa.be\/wp-content\/uploads\/2023\/08\/WhatsApp-Image-2023-08-03-at-13.44.22.jpeg?fit=1177%2C1200&ssl=1&resize=700%2C400 2x, https:\/\/i0.wp.com\/catapa.be\/wp-content\/uploads\/2023\/08\/WhatsApp-Image-2023-08-03-at-13.44.22.jpeg?fit=1177%2C1200&ssl=1&resize=1050%2C600 3x"},"classes":[]},{"id":35084,"url":"https:\/\/catapa.be\/nl\/verslag-encuentro-del-derecho-a-decir-no\/","url_meta":{"origin":30179,"position":4},"title":"Verslag Encuentro del Derecho a Decir No","author":"Koerian","date":"14 februari 2024","format":false,"excerpt":"Tussen 15 en 23 november ontmoetten ecologische verdedigers, organisaties en sociale bewegingen van over heel Zuid-Amerika elkaar in Quito, tijdens de \u2018Encuentro del Derecho a Decir No\u2019, georganiseerd door CATAPA. Het grootstedelijk gebied van Quito, met daarin het Choc\u00f3 Andino biosfeerreservaat, was een bewuste keuze. Zo konden we leren uit\u2026","rel":"","context":"In &quot;recht om 'nee' te zeggen&quot;","block_context":{"text":"recht om 'nee' te zeggen","link":"https:\/\/catapa.be\/nl\/category\/campagnes\/recht-om-nee-te-zeggen\/"},"img":{"alt_text":"","src":"https:\/\/i0.wp.com\/catapa.be\/wp-content\/uploads\/2024\/02\/image2.png?fit=1200%2C900&ssl=1&resize=350%2C200","width":350,"height":200,"srcset":"https:\/\/i0.wp.com\/catapa.be\/wp-content\/uploads\/2024\/02\/image2.png?fit=1200%2C900&ssl=1&resize=350%2C200 1x, https:\/\/i0.wp.com\/catapa.be\/wp-content\/uploads\/2024\/02\/image2.png?fit=1200%2C900&ssl=1&resize=525%2C300 1.5x, https:\/\/i0.wp.com\/catapa.be\/wp-content\/uploads\/2024\/02\/image2.png?fit=1200%2C900&ssl=1&resize=700%2C400 2x, https:\/\/i0.wp.com\/catapa.be\/wp-content\/uploads\/2024\/02\/image2.png?fit=1200%2C900&ssl=1&resize=1050%2C600 3x"},"classes":[]},{"id":30109,"url":"https:\/\/catapa.be\/nl\/vrouwen-getuigen-over-mijnbouw\/","url_meta":{"origin":30179,"position":5},"title":"Vrouwen getuigen over mijnbouw","author":"admin","date":"18 oktober 2009","format":false,"excerpt":"[vc_row][vc_column][vc_column_text] Vrouwen getuigen over mijnbouw Ze heten Carmen Francis Mej\u00eda (Guatemala), Maria Estefana Sian (Guatemala), Lina Solano (Ecuador), Elizabeth Cunya Novillo (Peru) en Martha Garc\u00eda (Guatemala). Donderdagavond brachten deze vijf vrouwen moedige en soms heel intieme getuigenissen over hun ervaringen met de mijnbouwprojecten van grote multinationals in hun landen. \u201cIndrukwekkend\u2026","rel":"","context":"In &quot;Mining in Paradise&quot;","block_context":{"text":"Mining in Paradise","link":"https:\/\/catapa.be\/nl\/category\/afgelopen-campagnes-en-projecten\/mining-in-paradise\/"},"img":{"alt_text":"","src":"","width":0,"height":0},"classes":[]}],"_links":{"self":[{"href":"https:\/\/catapa.be\/nl\/wp-json\/wp\/v2\/posts\/30179","targetHints":{"allow":["GET"]}}],"collection":[{"href":"https:\/\/catapa.be\/nl\/wp-json\/wp\/v2\/posts"}],"about":[{"href":"https:\/\/catapa.be\/nl\/wp-json\/wp\/v2\/types\/post"}],"author":[{"embeddable":true,"href":"https:\/\/catapa.be\/nl\/wp-json\/wp\/v2\/users\/17"}],"replies":[{"embeddable":true,"href":"https:\/\/catapa.be\/nl\/wp-json\/wp\/v2\/comments?post=30179"}],"version-history":[{"count":2,"href":"https:\/\/catapa.be\/nl\/wp-json\/wp\/v2\/posts\/30179\/revisions"}],"predecessor-version":[{"id":30181,"href":"https:\/\/catapa.be\/nl\/wp-json\/wp\/v2\/posts\/30179\/revisions\/30181"}],"wp:featuredmedia":[{"embeddable":true,"href":"https:\/\/catapa.be\/nl\/wp-json\/wp\/v2\/media\/30175"}],"wp:attachment":[{"href":"https:\/\/catapa.be\/nl\/wp-json\/wp\/v2\/media?parent=30179"}],"wp:term":[{"taxonomy":"category","embeddable":true,"href":"https:\/\/catapa.be\/nl\/wp-json\/wp\/v2\/categories?post=30179"},{"taxonomy":"post_tag","embeddable":true,"href":"https:\/\/catapa.be\/nl\/wp-json\/wp\/v2\/tags?post=30179"}],"curies":[{"name":"wp","href":"https:\/\/api.w.org\/{rel}","templated":true}]}}