{"id":30461,"date":"2014-02-05T12:20:07","date_gmt":"2014-02-05T11:20:07","guid":{"rendered":"https:\/\/catapa.be\/?p=30461"},"modified":"2022-07-05T12:28:26","modified_gmt":"2022-07-05T10:28:26","slug":"meer-problemen-voor-colombia-de-intrede-van-grootschalige-mijnbouwprojecten","status":"publish","type":"post","link":"https:\/\/catapa.be\/nl\/meer-problemen-voor-colombia-de-intrede-van-grootschalige-mijnbouwprojecten\/","title":{"rendered":"Foto-essay: Meer problemen voor Colombia, de intrede van grootschalige mijnbouwprojecten"},"content":{"rendered":"<div class=\"intro\" style=\"text-align: justify;\">\n<p>Colombia begeeft zich dit jaar al 50 jaar in een intern conflict en er blijven maar problemen\u00a0bijkomen. Colombia staat te koop, de afgelopen 12 jaar is er voor meer dan 1,5 miljoen hectare\u00a0aan grond verkocht aan buitenlandse multinationals. Uiteindelijk zal hier maar een klein deel\u00a0van gebruikt worden voor mijnbouw, de dreiging is echter overal te voelen. De bevolking vreest\u00a0dat de multinationals die hun grondgebieden intreden weinig rekening zullen houden met lokale\u00a0ecosystemen en gemeenschappen zullen ontwrichten.<\/p>\n<p><strong>Door Bram Ebus<\/strong><\/p>\n<p>Grote milieuconflicten verspreid over heel Latijns-Amerika zijn meestal veroorzaakt door de extractieve industrie. De situatie in het gehele continent geeft het Colombiaanse middenveld weinig vertrouwen voor een andere situatie in Colombia. Op dit moment zijn de meeste projecten nog in ontwikkeling, maar is er reeds veel verzet tegen de door de overheid benoemde \u2018energie en mijnbouw locomotief\u2019 die de Colombiaanse economie moet gaan trekken. Nu al zijn er talloze slachtoffers gerelateerd aan de intrede van de transnationale mijnbouwindustrie. Onder meer verdwenen activisten, vermoorde vakbondsmannen, bedreigde gemeenschapsleiders en het grote milieurisico zorgden voor een groot aantal nationale protesten, wegblokkades en wijdverspreide acties tegen de komst en de start van grootschalige mijnbouwprojecten in de nabije toekomst.<\/p>\n<\/div>\n<div class=\"entry-content\">\n<p style=\"text-align: justify;\"><a href=\"https:\/\/i0.wp.com\/lh3.googleusercontent.com\/-WF0VVN4G7IM\/Uvt9ILTU6PI\/AAAAAAAAANM\/Lozafq_AyA0\/w740-h555-no\/1.JPG?ssl=1\"><img data-recalc-dims=\"1\" decoding=\"async\" src=\"https:\/\/i0.wp.com\/lh3.googleusercontent.com\/-WF0VVN4G7IM\/Uvt9ILTU6PI\/AAAAAAAAANM\/Lozafq_AyA0\/w758-h569-no\/1.JPG?w=640&#038;ssl=1\" alt=\"\" \/><\/a><\/p>\n<p style=\"text-align: justify;\">In de provinciehoofdstad van Tolima, Ibagu\u00e9, kwamen op 5 juni 2013 duizenden mensen bijeen\u00a0om te demonsteren tegen het extractieve overheidsdiscours en het megaproject La Colosa van\u00a0goudmijnbouwreus AngloGold Ashanti. La Colosa zal volgens de Brits- Zuid-Afrikaanse multinational\u00a0zelf de grootste goudmijn van Latijns Amerika zou moeten worden.<\/p>\n<p style=\"text-align: justify;\"><a href=\"https:\/\/i0.wp.com\/lh4.googleusercontent.com\/-nHBESY1lsfA\/Uvt9HPHP5iI\/AAAAAAAAANA\/9ZgG1ROGys8\/w740-h555-no\/2.JPG?ssl=1\"><img data-recalc-dims=\"1\" decoding=\"async\" src=\"https:\/\/i0.wp.com\/lh4.googleusercontent.com\/-nHBESY1lsfA\/Uvt9HPHP5iI\/AAAAAAAAANA\/9ZgG1ROGys8\/w758-h569-no\/2.JPG?w=640&#038;ssl=1\" alt=\"\" \/><\/a><\/p>\n<p style=\"text-align: justify;\">Een inwoner van Cajamarca-Tolima kijkt uit over de heuveltoppen waar het La Colosa project zal\u00a0worden uitgevoerd, de geplande \u2018open-pit\u2019 mijn zal niet alleen een enorme krater in het landschap\u00a0achterlaten.. Zijn regio die ook wel de \u2018landbouw provisiekast\u2019 van Colombia\u00a0wordt\u00a0genoemd,\u00a0verzorgt onder meer het grootste gedeelte van de voedsel- en watervoorziening van hoofdstad\u00a0Bogota waar meer dan 10 miljoen mensen leefzaam zijn. Tolima als landbouwprovincie zal bedreigd\u00a0worden door AngloGold Ashanti, daarbij is goudmijnbouw een van de meest waterintensieve\u00a0industri\u00eben en brengt een groot risico op vervuiling met zich mee. De concessie van AngloGold\u00a0Ashanti bevindt zich met 50 hectaren in een beschermde\u00a0<em>paramo\u00a0<\/em>(nevelwoud) en nabij de vulkaan Machin..<\/p>\n<p style=\"text-align: justify;\"><a href=\"https:\/\/i0.wp.com\/lh6.googleusercontent.com\/-FLF7BgJr7gw\/Uvt9K2JGWDI\/AAAAAAAAANk\/blHhi5HdnZs\/w740-h555-no\/3.jpg?ssl=1\"><img data-recalc-dims=\"1\" decoding=\"async\" src=\"https:\/\/i0.wp.com\/lh6.googleusercontent.com\/-FLF7BgJr7gw\/Uvt9K2JGWDI\/AAAAAAAAANk\/blHhi5HdnZs\/w758-h569-no\/3.jpg?w=640&#038;ssl=1\" alt=\"\" \/><\/a><\/p>\n<p style=\"text-align: justify;\">Ook in de afro-Colombiaanse traditionele mijnbouwersgemeenschappen Su\u00e1rez-La Toma in\u00a0het noorden van de provincie Cauca, probeerde AngloGold Ashanti binnen te komen. Uiteindelijk\u00a0verliet AngloGold Ashanti de regio omdat de goudreserves in Tolima interessanter zouden zijn.\u00a0Het vermoeden is echter dat AngloGold Ashanti is gezwicht onder internationale druk toen\u00a0zij in deze regio sterk werden gelinkt aan de Aguilas Negras (Zwarte Adelaars), een para-militaire\u00a0groepering die de tegenstanders van grootschalige-mijnbouwprojecten als \u2018militair-doelwit\u2019\u00a0hadden aangestipt. Daarnaast waren zij simpelweg niet welkom. Volgens de International Labour\u00a0Organization moeten inheemse (en in Colombia afro-) gemeenschappen geconsulteerd worden. Dit\u00a0gebeurde niet terwijl de gemeenschap zich vrijwel unaniem tegen de komst van het bedrijf opstelde.<\/p>\n<p style=\"text-align: justify;\"><a href=\"https:\/\/i0.wp.com\/lh5.googleusercontent.com\/-5Zk_9r1Da-g\/Uvt9KHp-MkI\/AAAAAAAAANc\/TtbGpZAakXk\/w740-h555-no\/4.jpg?ssl=1\"><img data-recalc-dims=\"1\" decoding=\"async\" src=\"https:\/\/i0.wp.com\/lh6.googleusercontent.com\/-5Zk_9r1Da-g\/Uvt9KHp-MkI\/AAAAAAAAANc\/TtbGpZAakXk\/w701-h526-no\/4.jpg?w=640&#038;ssl=1\" alt=\"\" \/><\/a><\/p>\n<p style=\"text-align: justify;\">Para-militairen en guerilla groeperingen blijven dominant aanwezig in de Cauca provincie. Op 30 september 2013 werd een milieu-activiste voor de ogen van haar eigen kinderen vermoord in Cauca. Zij sprak zich openbaar uit tegen AngloGold Ashanti, dat mijnbouwconcessies kocht voor het gehele oppervlak van haar gemeente.<\/p>\n<p style=\"text-align: justify;\"><a href=\"https:\/\/i0.wp.com\/lh5.googleusercontent.com\/-Rr4gqdH4p0M\/Uvt9JLwk2zI\/AAAAAAAAANU\/AuBUVbElRWM\/w740-h555-no\/5.JPG?ssl=1\"><img data-recalc-dims=\"1\" decoding=\"async\" src=\"https:\/\/i0.wp.com\/lh6.googleusercontent.com\/-Rr4gqdH4p0M\/Uvt9JLwk2zI\/AAAAAAAAANU\/AuBUVbElRWM\/w701-h526-no\/5.JPG?w=640&#038;ssl=1\" alt=\"\" \/><\/a><\/p>\n<p style=\"text-align: justify;\">Terwijl het bedrijf probeert de lokale bevolking in te palmen met beloftes over werkgelegenheid, infrastructurele voorzieningen en economische vooruitgang, stuit dit veelal op ongeloof. De negatieve gevolgen van de megaprojecten lijkt de (lokale bevolking) meer ongerust te maken dan dat er in een positieve ontwikkeling wordt geloofd.<\/p>\n<p style=\"text-align: justify;\"><a href=\"https:\/\/i0.wp.com\/lh4.googleusercontent.com\/-2IYBxgYNyfc\/Uvt9GuSarEI\/AAAAAAAAAM8\/1tBwd1QKm4s\/w417-h555-no\/6.JPG?ssl=1\"><img data-recalc-dims=\"1\" decoding=\"async\" src=\"https:\/\/i0.wp.com\/lh5.googleusercontent.com\/-2IYBxgYNyfc\/Uvt9GuSarEI\/AAAAAAAAAM8\/1tBwd1QKm4s\/w395-h526-no\/6.JPG?w=640&#038;ssl=1\" alt=\"\" \/><\/a><\/p>\n<p style=\"text-align: justify;\">In Doima-Tolima verzetten de lokale inwoners zich tegen de komst van AngloGold Ashanti dat in de buurt een militair bataljon tot haar beschikking heeft. In totaal wordt 30% van het budget van het Colombiaanse Ministerie van Defensie besteed aan het beschermen van buitenlandse multinationals en haar projecten.<\/p>\n<p style=\"text-align: justify;\"><a href=\"https:\/\/i0.wp.com\/lh5.googleusercontent.com\/-z_eicHc8o8E\/Uvt9P0HzWdI\/AAAAAAAAAOU\/1YzHB0ivx7Y\/w740-h555-no\/7.jpg?ssl=1\"><img data-recalc-dims=\"1\" decoding=\"async\" src=\"https:\/\/i0.wp.com\/lh6.googleusercontent.com\/-z_eicHc8o8E\/Uvt9P0HzWdI\/AAAAAAAAAOU\/1YzHB0ivx7Y\/w701-h526-no\/7.jpg?w=640&#038;ssl=1\" alt=\"\" \/><\/a><\/p>\n<p style=\"text-align: justify;\">Doima is een dorp gelegen in de gemeente Piedras, hier werd op 28 juli 2013 de eerste<i>\u00a0consulta popular\u00a0<\/i>(volksreferendum) ooit in Colombia gehouden. Een stemming voor of tegen de komst van een project van AngloGold Ashanti. Met een hogere opkomst dan bij de nationale verkiezingen, stemde 98% van de inwoners tegen het project.<\/p>\n<p style=\"text-align: justify;\"><a href=\"https:\/\/i0.wp.com\/lh5.googleusercontent.com\/-TFMLFDKesv8\/Uvt9RVyFsJI\/AAAAAAAAAOg\/e4UO_OEdruQ\/w740-h555-no\/8.jpg?ssl=1\"><img data-recalc-dims=\"1\" decoding=\"async\" src=\"https:\/\/i0.wp.com\/lh6.googleusercontent.com\/-TFMLFDKesv8\/Uvt9RVyFsJI\/AAAAAAAAAOg\/e4UO_OEdruQ\/w701-h526-no\/8.jpg?w=640&#038;ssl=1\" alt=\"\" \/><\/a><a href=\"https:\/\/i0.wp.com\/lh4.googleusercontent.com\/-eINs1oVDUrg\/Uvt9QauowmI\/AAAAAAAAARA\/8AKYAfeA2Xk\/w740-h555-no\/9.jpg?ssl=1\"><img data-recalc-dims=\"1\" decoding=\"async\" src=\"https:\/\/i0.wp.com\/lh5.googleusercontent.com\/-eINs1oVDUrg\/Uvt9QauowmI\/AAAAAAAAAOk\/j0EhxtEKrFI\/w701-h526-no\/9.jpg?w=640&#038;ssl=1\" alt=\"\" \/><\/a><\/p>\n<p style=\"text-align: justify;\">De uitbundig gevierde overwinning was echter niet meer dan een klap in het sociale gezicht van de multinational. AngloGold Ashanti liet weten de beslissing te accepteren, maar door te gaan met het \u2018socialiseren\u2019 van hun project, omdat de lokale bevolking volgens het bedrijf niet zou weten welke lokale vooruitgang zij anders zouden mislopen. De nationale overheid juichde de\u00a0<i>consulta<\/i>\u00a0toe, maar meldde dat het geen bindend referendum was, mijnbouw is namelijk van overtreffend nationaal belang.<\/p>\n<p style=\"text-align: justify;\"><a href=\"https:\/\/i0.wp.com\/lh5.googleusercontent.com\/-aRmuZDgDBKA\/Uvt9LrL6AuI\/AAAAAAAAAQA\/8E1v-W5NSoE\/w740-h555-no\/10.JPG?ssl=1\"><img data-recalc-dims=\"1\" decoding=\"async\" src=\"https:\/\/i0.wp.com\/lh4.googleusercontent.com\/-aRmuZDgDBKA\/Uvt9LrL6AuI\/AAAAAAAAAQA\/8E1v-W5NSoE\/w701-h526-no\/10.JPG?w=640&#038;ssl=1\" alt=\"\" \/><\/a><\/p>\n<p style=\"text-align: justify;\">Tijdens de\u00a0<i>consulta popular<\/i>, ging de nationale staking van de kleinschalige mijnbouwsector de 12<sup>de<\/sup>\u00a0dag in. De \u2018goudberg\u2019 met het dorp Marmato op de top, liep langzaam leeg toen traditionele mijnbouwers een lagergelegen doorgangsroute blokkeerden. Hun belangrijkste claim is dat hun levensvoorziening wordt bedreigd door het Canadese goudmijnbouwbedrijf, Gran Colombia Gold.<\/p>\n<p style=\"text-align: justify;\"><a href=\"https:\/\/i0.wp.com\/lh3.googleusercontent.com\/-DqaI9iRjA5M\/Uvt9MZ8h5aI\/AAAAAAAAAN0\/iHyzUJUvJwE\/w740-h555-no\/11.JPG?ssl=1\"><img data-recalc-dims=\"1\" decoding=\"async\" src=\"https:\/\/i0.wp.com\/lh6.googleusercontent.com\/-DqaI9iRjA5M\/Uvt9MZ8h5aI\/AAAAAAAAAN0\/iHyzUJUvJwE\/w701-h526-no\/11.JPG?w=640&#038;ssl=1\" alt=\"\" \/><\/a><\/p>\n<p style=\"text-align: justify;\">De mijnbouwers\u00a0organiseerden\u00a0zich om hun traditionele vorm van mijnbouw te beschermen, in Marmato-Caldas wordt al sinds de invasie van de Spanjaarden goud ontgonnen. Door de komst van het Canadese\u00a0Gran Colombia Gold, vrezen de meeste mijnbouwers hun werk te verliezen.<\/p>\n<p style=\"text-align: justify;\"><a href=\"https:\/\/i0.wp.com\/lh5.googleusercontent.com\/-_2xicSX-8UQ\/Uvt9NsyWxLI\/AAAAAAAAAN8\/PQurtTAjWDI\/w740-h555-no\/12.JPG?ssl=1\"><img data-recalc-dims=\"1\" decoding=\"async\" src=\"https:\/\/i0.wp.com\/lh4.googleusercontent.com\/-_2xicSX-8UQ\/Uvt9NsyWxLI\/AAAAAAAAAN8\/PQurtTAjWDI\/w701-h526-no\/12.JPG?w=640&#038;ssl=1\" alt=\"\" \/><\/a><br \/>\n<a href=\"https:\/\/i0.wp.com\/lh5.googleusercontent.com\/-WJs4NcQc75Y\/Uvt9OYcr4CI\/AAAAAAAAAOE\/aWe_Ik8SZhA\/w740-h555-no\/13.JPG?ssl=1\"><img data-recalc-dims=\"1\" decoding=\"async\" src=\"https:\/\/i0.wp.com\/lh4.googleusercontent.com\/-WJs4NcQc75Y\/Uvt9OYcr4CI\/AAAAAAAAAOE\/aWe_Ik8SZhA\/w701-h526-no\/13.JPG?w=640&#038;ssl=1\" alt=\"\" \/><\/a><br \/>\n<a href=\"https:\/\/i0.wp.com\/lh3.googleusercontent.com\/-UoCoS2iCj9w\/Uvt9PDles9I\/AAAAAAAAAOM\/zkEkgu_mEAs\/w740-h555-no\/14.jpg?ssl=1\"><img data-recalc-dims=\"1\" decoding=\"async\" src=\"https:\/\/i0.wp.com\/lh6.googleusercontent.com\/-UoCoS2iCj9w\/Uvt9PDles9I\/AAAAAAAAAOM\/zkEkgu_mEAs\/w701-h526-no\/14.jpg?w=640&#038;ssl=1\" alt=\"\" \/><\/a><\/p>\n<p style=\"text-align: justify;\">Hevige clashes tussen de goed voorbereide traditionele mijnbouwers en de om het gebruik van buitenproportioneel geweld bekend staande ESMAD (mobiele anti-rel politie) zorgden tijdens de nationale protesten alleen maar voor meer criminalisering \u00a0en onderdrukking voor de reeds zwaar onder vuur liggende sector.<\/p>\n<p style=\"text-align: justify;\"><a href=\"https:\/\/lh4.googleusercontent.com\/-IAZR5tiLSnk\/Uvt9SyR0VLI\/AAAAAAAAAO0\/GMgUlXlTlK8\/w740-h555-no\/15.JPG\"><img decoding=\"async\" src=\"https:\/\/lh4.googleusercontent.com\/AIINmCae1D4z2TLCsHW_46yfDPlH-GHo35YK3KhAgH8=w701-h526-no\" alt=\"\" \/><\/a><br \/>\n<a href=\"https:\/\/lh6.googleusercontent.com\/-sWr3CG050QA\/Uvt9Tt3DCJI\/AAAAAAAAAO8\/jeZPqJLHQC0\/w740-h555-no\/16.jpg\"><img decoding=\"async\" src=\"https:\/\/lh6.googleusercontent.com\/uW5sReMepqsCoO521sF44OItTAYyAQqQErehccRlgVU=w701-h526-no\" alt=\"\" \/><\/a><\/p>\n<p style=\"text-align: justify;\">Ook in Aguachica-Cesar, kwamen de kleinschalige mijnbouwers (voornamelijk uit Sur de Bol\u00edvar) bij elkaar. Een groep van bijna vierduizend, kampeerde een maand langs een van de belangrijkste doorgangsroutes tussen Bogota en de Noordkust.<\/p>\n<p style=\"text-align: justify;\"><a href=\"https:\/\/i0.wp.com\/lh6.googleusercontent.com\/-l6JGZwuFb08\/Uvt9SAAN7sI\/AAAAAAAAAOs\/yPhj8cvJbkg\/w740-h555-no\/17.JPG?ssl=1\"><img data-recalc-dims=\"1\" decoding=\"async\" src=\"https:\/\/i0.wp.com\/lh5.googleusercontent.com\/-l6JGZwuFb08\/Uvt9SAAN7sI\/AAAAAAAAAOs\/yPhj8cvJbkg\/w701-h526-no\/17.JPG?w=640&#038;ssl=1\" alt=\"\" \/><\/a><br \/>\n<a href=\"https:\/\/lh3.googleusercontent.com\/--4gxnz4hLrU\/Uvt9Y3zOgzI\/AAAAAAAAAPw\/16Ul3yFTwDU\/w417-h555-no\/18.JPG\"><img decoding=\"async\" src=\"https:\/\/lh3.googleusercontent.com\/5-x2F20OoiTDi5vlY4UD9w0z1ikxm6oLvhHyWYfJ72o=w395-h526-no\" alt=\"\" \/><\/a><\/p>\n<p style=\"text-align: justify;\">Verschillende onderhandelingsrondes met de staat, leverde geen vruchtbare akkoorden af. De mijnbouwers die veelal slachtoffers zijn van het interne conflict, zijn meestal al verschillende keren op de vlucht geweest en vrezen opnieuw slachtoffer van onteigening te worden.<\/p>\n<p style=\"text-align: justify;\"><a href=\"https:\/\/lh6.googleusercontent.com\/--qaJKO2PR6E\/Uvt9UvdftWI\/AAAAAAAAAPA\/omVbbyGjb0E\/w740-h555-no\/19.JPG\"><img decoding=\"async\" src=\"https:\/\/lh5.googleusercontent.com\/BwH420343EzDsLxsMPtj67VaMiMol7Zz9r5F2H4pJlo=w701-h526-no\" alt=\"\" \/><\/a><br \/>\n<a href=\"https:\/\/i0.wp.com\/lh4.googleusercontent.com\/-h2GJovDVqqo\/Uvt9YdZ3DeI\/AAAAAAAAAPs\/EvZHR8497pA\/w963-h542-no\/20.JPG?ssl=1\"><img data-recalc-dims=\"1\" decoding=\"async\" src=\"https:\/\/i0.wp.com\/lh3.googleusercontent.com\/-h2GJovDVqqo\/Uvt9YdZ3DeI\/AAAAAAAAAPs\/EvZHR8497pA\/w937-h526-no\/20.JPG?w=640&#038;ssl=1\" alt=\"\" \/><\/a><\/p>\n<p style=\"text-align: justify;\">Met name AngloGold Ashanti kocht veel concessies in de mijnbouwregio Sur de Bol\u00edvar, vele mijnbouwers vrezen opnieuw van hun terreinen gedreven te worden. Mede dankzij de toegenomen aanwezigheid van het leger in de regio.<\/p>\n<p style=\"text-align: justify;\"><a href=\"https:\/\/i0.wp.com\/lh5.googleusercontent.com\/-A6QhwUFdKA0\/Uvt9VfxPbjI\/AAAAAAAAAPM\/Z5n-xyOFjPs\/w627-h555-no\/21.JPG?ssl=1\"><img data-recalc-dims=\"1\" decoding=\"async\" src=\"https:\/\/i0.wp.com\/lh3.googleusercontent.com\/-A6QhwUFdKA0\/Uvt9VfxPbjI\/AAAAAAAAAPM\/Z5n-xyOFjPs\/w595-h526-no\/21.JPG?w=640&#038;ssl=1\" alt=\"\" \/><\/a><\/p>\n<p style=\"text-align: justify;\">De vakbond van kleinschalige mijnbouwers in Sur de Bol\u00edvar ligt continue onder vuur. Door de hoge guerrilla-aanwezigheid in de streek, worden de kleinschalige mijnbouwers vaak gedwongen een deel van hun inkomsten af te staan. Het nabij gelegen legerbataljon zet de mijnbouwers sinds de interesse van multinationals in de regio hevig onder druk. Volgens een ooggetuige heeft het leger zich hier onder meer schuldig gemaakt aan moord op een vakbondsman, terwijl ook \u00a0bekend is dat zij de interesses van AngloGold Ashanti beschermen.<\/p>\n<p style=\"text-align: justify;\"><a href=\"https:\/\/i0.wp.com\/lh3.googleusercontent.com\/-CF095m3rpbI\/Uvt9XqvvmeI\/AAAAAAAAAQ0\/5r8M7QuzeTs\/w417-h555-no\/22.JPG?ssl=1\"><img data-recalc-dims=\"1\" decoding=\"async\" src=\"https:\/\/i0.wp.com\/lh6.googleusercontent.com\/-CF095m3rpbI\/Uvt9XqvvmeI\/AAAAAAAAAQ0\/5r8M7QuzeTs\/w395-h526-no\/22.JPG?w=640&#038;ssl=1\" alt=\"\" \/><\/a><br \/>\n<a href=\"https:\/\/i0.wp.com\/lh4.googleusercontent.com\/-ZO5MZYDLYOk\/Uvt9W7E7soI\/AAAAAAAAAPc\/ncQx49DoW5I\/w417-h555-no\/23.JPG?ssl=1\"><img data-recalc-dims=\"1\" decoding=\"async\" src=\"https:\/\/i0.wp.com\/lh3.googleusercontent.com\/-ZO5MZYDLYOk\/Uvt9W7E7soI\/AAAAAAAAAPc\/ncQx49DoW5I\/w395-h526-no\/23.JPG?w=640&#038;ssl=1\" alt=\"\" \/><\/a><\/p>\n<p style=\"text-align: justify;\">De traditionele mijnbouwers beschikken niet altijd over de benodigde legale papieren. De mijnbouwcode van 2001, ingefluisterd door de Canadese mijnbouwlobby, maakt het hun onmogelijk om verplichte formaliseringen door te voeren. De kosten liggen veelal te hoog, daar zij geen steun van de eigen overheid krijgen. Bovendien zijn ze vaak niet geinformeerd over de benodigde stappen tot formalisering.<\/p>\n<p style=\"text-align: justify;\"><a href=\"https:\/\/i0.wp.com\/lh4.googleusercontent.com\/-RpK5J25P4v0\/Uvt9WEP-6kI\/AAAAAAAAAPU\/eJvDO9o7isI\/w417-h555-no\/24.JPG?ssl=1\"><img data-recalc-dims=\"1\" decoding=\"async\" src=\"https:\/\/i0.wp.com\/lh3.googleusercontent.com\/-RpK5J25P4v0\/Uvt9WEP-6kI\/AAAAAAAAAPU\/eJvDO9o7isI\/w395-h526-no\/24.JPG?w=640&#038;ssl=1\" alt=\"\" \/><\/a><\/p>\n<p style=\"text-align: justify;\">De kleinschalige mijnbouwers in Sur de Bol\u00edvar maken vaak lange dagen in zuurstofarme tunnels. Lokale mijnbouwers vertellen dat zij gevlucht zijn tijdens perioden van geweld elders in Colombia. Het zware werk in de mijnschachten, biedt echter een uitkomst om te overleven en voor hun families te kunnen zorgen.<\/p>\n<p style=\"text-align: justify;\"><a href=\"https:\/\/i0.wp.com\/lh4.googleusercontent.com\/-iccc-TM7AEc\/UvzPMw8mgGI\/AAAAAAAAARI\/EQ00JmI4dsI\/w417-h555-no\/26.jpg?ssl=1\"><img data-recalc-dims=\"1\" decoding=\"async\" class=\"alignnone\" src=\"https:\/\/i0.wp.com\/lh4.googleusercontent.com\/-iccc-TM7AEc\/UvzPMw8mgGI\/AAAAAAAAARI\/EQ00JmI4dsI\/w338-h450-no\/26.jpg?w=640&#038;ssl=1\" alt=\"\" \/><\/a><\/p>\n<p style=\"text-align: justify;\">De overheid blijkt geen intenties te hebben om de status van de talloze kleinschalige mijnbouwers te formaliseren en hun te helpen in betere omstandigheden te werken. De mijnbouwlocomotief is immers op gang gekomen. De kolengiganten in het Noorden van Colombia lappen de Colombiaanse milieu-wetgeving al structureel aan hun laars, AngloGold Ashanti heeft ook al vele milieu-wetten overtreden zonder reeds 1 gram goud te ontginnen. Het leger als zowel para-militaire groepen maken dankbaar gebruikt van het groot kapitaal dat Colombia binnenkomt en hun bescherming nodig heeft. Het overheidsorgaan de \u00a0<i>Contralor\u00eda<\/i>\u00a0gaf reeds in een onderzoek aan dat Colombia op lange termijn vrijwel alleen\u00a0 negatieve economische effecten zal ondervinden aan grootschalige mijnbouwprojecten.<\/p>\n<p style=\"text-align: justify;\">Terwijl de mijnbouwlocomotief door stoomt, werd in 2013 duidelijk dat de Colombiaanse bevolking er alles aan zal doen deze een halt toe te roepen.<\/p>\n<\/div>\n","protected":false},"excerpt":{"rendered":"<p>Colombia begeeft zich dit jaar al 50 jaar in een intern conflict en er blijven maar problemen\u00a0bijkomen. Colombia staat te koop, de afgelopen 12 jaar is er voor meer dan 1,5 miljoen hectare\u00a0aan grond verkocht<br \/><a class=\"read-more\" href=\"https:\/\/catapa.be\/nl\/meer-problemen-voor-colombia-de-intrede-van-grootschalige-mijnbouwprojecten\/\">Read More<\/a><\/p>\n","protected":false},"author":17,"featured_media":30469,"comment_status":"open","ping_status":"open","sticky":false,"template":"","format":"standard","meta":{"_exactmetrics_skip_tracking":false,"_exactmetrics_sitenote_active":false,"_exactmetrics_sitenote_note":"","_exactmetrics_sitenote_category":0,"jetpack_post_was_ever_published":false,"_jetpack_newsletter_access":"","_jetpack_dont_email_post_to_subs":false,"_jetpack_newsletter_tier_id":0,"_jetpack_memberships_contains_paywalled_content":false,"_jetpack_memberships_contains_paid_content":false,"footnotes":"","jetpack_publicize_message":"","jetpack_publicize_feature_enabled":true,"jetpack_social_post_already_shared":true,"jetpack_social_options":{"image_generator_settings":{"template":"highway","default_image_id":0,"font":"","enabled":false},"version":2}},"categories":[479,522,851],"tags":[],"class_list":["post-30461","post","type-post","status-publish","format-standard","has-post-thumbnail","hentry","category-colombia-nl","category-consulta-popular-nl","category-goudeerlijk"],"yoast_head":"<!-- This site is optimized with the Yoast SEO plugin v26.8 - https:\/\/yoast.com\/product\/yoast-seo-wordpress\/ -->\n<title>Foto-essay: Meer problemen voor Colombia, de intrede van grootschalige mijnbouwprojecten - CATAPA vzw<\/title>\n<meta name=\"robots\" content=\"index, follow, max-snippet:-1, max-image-preview:large, max-video-preview:-1\" \/>\n<link rel=\"canonical\" href=\"https:\/\/catapa.be\/nl\/meer-problemen-voor-colombia-de-intrede-van-grootschalige-mijnbouwprojecten\/\" \/>\n<meta property=\"og:locale\" content=\"nl_NL\" \/>\n<meta property=\"og:type\" content=\"article\" \/>\n<meta property=\"og:title\" content=\"Foto-essay: Meer problemen voor Colombia, de intrede van grootschalige mijnbouwprojecten - CATAPA vzw\" \/>\n<meta property=\"og:description\" content=\"Colombia begeeft zich dit jaar al 50 jaar in een intern conflict en er blijven maar problemen\u00a0bijkomen. Colombia staat te koop, de afgelopen 12 jaar is er voor meer dan 1,5 miljoen hectare\u00a0aan grond verkochtRead More\" \/>\n<meta property=\"og:url\" content=\"https:\/\/catapa.be\/nl\/meer-problemen-voor-colombia-de-intrede-van-grootschalige-mijnbouwprojecten\/\" \/>\n<meta property=\"og:site_name\" content=\"CATAPA vzw\" \/>\n<meta property=\"article:publisher\" content=\"https:\/\/www.facebook.com\/catapa.belgium\/\" \/>\n<meta property=\"article:published_time\" content=\"2014-02-05T11:20:07+00:00\" \/>\n<meta property=\"article:modified_time\" content=\"2022-07-05T10:28:26+00:00\" \/>\n<meta property=\"og:image\" content=\"https:\/\/catapa.be\/wp-content\/uploads\/2022\/07\/24.jpg\" \/>\n\t<meta property=\"og:image:width\" content=\"395\" \/>\n\t<meta property=\"og:image:height\" content=\"526\" \/>\n\t<meta property=\"og:image:type\" content=\"image\/jpeg\" \/>\n<meta name=\"author\" content=\"Truike Geerts\" \/>\n<meta name=\"twitter:card\" content=\"summary_large_image\" \/>\n<meta name=\"twitter:creator\" content=\"@CATAPA_Belgica\" \/>\n<meta name=\"twitter:site\" content=\"@CATAPA_Belgica\" \/>\n<meta name=\"twitter:label1\" content=\"Geschreven door\" \/>\n\t<meta name=\"twitter:data1\" content=\"Truike Geerts\" \/>\n\t<meta name=\"twitter:label2\" content=\"Geschatte leestijd\" \/>\n\t<meta name=\"twitter:data2\" content=\"11 minuten\" \/>\n<script type=\"application\/ld+json\" class=\"yoast-schema-graph\">{\"@context\":\"https:\/\/schema.org\",\"@graph\":[{\"@type\":\"Article\",\"@id\":\"https:\/\/catapa.be\/nl\/meer-problemen-voor-colombia-de-intrede-van-grootschalige-mijnbouwprojecten\/#article\",\"isPartOf\":{\"@id\":\"https:\/\/catapa.be\/nl\/meer-problemen-voor-colombia-de-intrede-van-grootschalige-mijnbouwprojecten\/\"},\"author\":{\"name\":\"Truike Geerts\",\"@id\":\"https:\/\/catapa.be\/nl\/#\/schema\/person\/5b69e90152347308a517590385dbf533\"},\"headline\":\"Foto-essay: Meer problemen voor Colombia, de intrede van grootschalige mijnbouwprojecten\",\"datePublished\":\"2014-02-05T11:20:07+00:00\",\"dateModified\":\"2022-07-05T10:28:26+00:00\",\"mainEntityOfPage\":{\"@id\":\"https:\/\/catapa.be\/nl\/meer-problemen-voor-colombia-de-intrede-van-grootschalige-mijnbouwprojecten\/\"},\"wordCount\":1295,\"commentCount\":0,\"publisher\":{\"@id\":\"https:\/\/catapa.be\/nl\/#organization\"},\"image\":{\"@id\":\"https:\/\/catapa.be\/nl\/meer-problemen-voor-colombia-de-intrede-van-grootschalige-mijnbouwprojecten\/#primaryimage\"},\"thumbnailUrl\":\"https:\/\/i0.wp.com\/catapa.be\/wp-content\/uploads\/2022\/07\/24.jpg?fit=395%2C526&ssl=1\",\"articleSection\":[\"Colombia\",\"Consulta popular\",\"Goud:Eerlijk\"],\"inLanguage\":\"nl-NL\",\"potentialAction\":[{\"@type\":\"CommentAction\",\"name\":\"Comment\",\"target\":[\"https:\/\/catapa.be\/nl\/meer-problemen-voor-colombia-de-intrede-van-grootschalige-mijnbouwprojecten\/#respond\"]}]},{\"@type\":\"WebPage\",\"@id\":\"https:\/\/catapa.be\/nl\/meer-problemen-voor-colombia-de-intrede-van-grootschalige-mijnbouwprojecten\/\",\"url\":\"https:\/\/catapa.be\/nl\/meer-problemen-voor-colombia-de-intrede-van-grootschalige-mijnbouwprojecten\/\",\"name\":\"Foto-essay: Meer problemen voor Colombia, de intrede van grootschalige mijnbouwprojecten - CATAPA vzw\",\"isPartOf\":{\"@id\":\"https:\/\/catapa.be\/nl\/#website\"},\"primaryImageOfPage\":{\"@id\":\"https:\/\/catapa.be\/nl\/meer-problemen-voor-colombia-de-intrede-van-grootschalige-mijnbouwprojecten\/#primaryimage\"},\"image\":{\"@id\":\"https:\/\/catapa.be\/nl\/meer-problemen-voor-colombia-de-intrede-van-grootschalige-mijnbouwprojecten\/#primaryimage\"},\"thumbnailUrl\":\"https:\/\/i0.wp.com\/catapa.be\/wp-content\/uploads\/2022\/07\/24.jpg?fit=395%2C526&ssl=1\",\"datePublished\":\"2014-02-05T11:20:07+00:00\",\"dateModified\":\"2022-07-05T10:28:26+00:00\",\"breadcrumb\":{\"@id\":\"https:\/\/catapa.be\/nl\/meer-problemen-voor-colombia-de-intrede-van-grootschalige-mijnbouwprojecten\/#breadcrumb\"},\"inLanguage\":\"nl-NL\",\"potentialAction\":[{\"@type\":\"ReadAction\",\"target\":[\"https:\/\/catapa.be\/nl\/meer-problemen-voor-colombia-de-intrede-van-grootschalige-mijnbouwprojecten\/\"]}]},{\"@type\":\"ImageObject\",\"inLanguage\":\"nl-NL\",\"@id\":\"https:\/\/catapa.be\/nl\/meer-problemen-voor-colombia-de-intrede-van-grootschalige-mijnbouwprojecten\/#primaryimage\",\"url\":\"https:\/\/i0.wp.com\/catapa.be\/wp-content\/uploads\/2022\/07\/24.jpg?fit=395%2C526&ssl=1\",\"contentUrl\":\"https:\/\/i0.wp.com\/catapa.be\/wp-content\/uploads\/2022\/07\/24.jpg?fit=395%2C526&ssl=1\",\"width\":395,\"height\":526},{\"@type\":\"BreadcrumbList\",\"@id\":\"https:\/\/catapa.be\/nl\/meer-problemen-voor-colombia-de-intrede-van-grootschalige-mijnbouwprojecten\/#breadcrumb\",\"itemListElement\":[{\"@type\":\"ListItem\",\"position\":1,\"name\":\"Home\",\"item\":\"https:\/\/catapa.be\/nl\/\"},{\"@type\":\"ListItem\",\"position\":2,\"name\":\"Foto-essay: Meer problemen voor Colombia, de intrede van grootschalige mijnbouwprojecten\"}]},{\"@type\":\"WebSite\",\"@id\":\"https:\/\/catapa.be\/nl\/#website\",\"url\":\"https:\/\/catapa.be\/nl\/\",\"name\":\"CATAPA vzw\",\"description\":\"Comit\u00e9 Acad\u00e9mico T\u00e9cnico de Asesoramiento a Problemas Ambientales\",\"publisher\":{\"@id\":\"https:\/\/catapa.be\/nl\/#organization\"},\"potentialAction\":[{\"@type\":\"SearchAction\",\"target\":{\"@type\":\"EntryPoint\",\"urlTemplate\":\"https:\/\/catapa.be\/nl\/?s={search_term_string}\"},\"query-input\":{\"@type\":\"PropertyValueSpecification\",\"valueRequired\":true,\"valueName\":\"search_term_string\"}}],\"inLanguage\":\"nl-NL\"},{\"@type\":\"Organization\",\"@id\":\"https:\/\/catapa.be\/nl\/#organization\",\"name\":\"CATAPA vzw\",\"url\":\"https:\/\/catapa.be\/nl\/\",\"logo\":{\"@type\":\"ImageObject\",\"inLanguage\":\"nl-NL\",\"@id\":\"https:\/\/catapa.be\/nl\/#\/schema\/logo\/image\/\",\"url\":\"https:\/\/i0.wp.com\/catapa.be\/wp-content\/uploads\/2019\/02\/NEW20LOGO20SHORT20PNG1.png?fit=1259%2C1321&ssl=1\",\"contentUrl\":\"https:\/\/i0.wp.com\/catapa.be\/wp-content\/uploads\/2019\/02\/NEW20LOGO20SHORT20PNG1.png?fit=1259%2C1321&ssl=1\",\"width\":1259,\"height\":1321,\"caption\":\"CATAPA vzw\"},\"image\":{\"@id\":\"https:\/\/catapa.be\/nl\/#\/schema\/logo\/image\/\"},\"sameAs\":[\"https:\/\/www.facebook.com\/catapa.belgium\/\",\"https:\/\/x.com\/CATAPA_Belgica\",\"https:\/\/www.instagram.com\/catapa_vzw\/\",\"https:\/\/be.linkedin.com\/company\/catapavzw\",\"https:\/\/www.youtube.com\/channel\/UCE52-Fiyv-Fpqf2gi1qhf1g\"]},{\"@type\":\"Person\",\"@id\":\"https:\/\/catapa.be\/nl\/#\/schema\/person\/5b69e90152347308a517590385dbf533\",\"name\":\"Truike Geerts\",\"url\":\"https:\/\/catapa.be\/nl\/author\/truike\/\"}]}<\/script>\n<!-- \/ Yoast SEO plugin. -->","yoast_head_json":{"title":"Foto-essay: Meer problemen voor Colombia, de intrede van grootschalige mijnbouwprojecten - CATAPA vzw","robots":{"index":"index","follow":"follow","max-snippet":"max-snippet:-1","max-image-preview":"max-image-preview:large","max-video-preview":"max-video-preview:-1"},"canonical":"https:\/\/catapa.be\/nl\/meer-problemen-voor-colombia-de-intrede-van-grootschalige-mijnbouwprojecten\/","og_locale":"nl_NL","og_type":"article","og_title":"Foto-essay: Meer problemen voor Colombia, de intrede van grootschalige mijnbouwprojecten - CATAPA vzw","og_description":"Colombia begeeft zich dit jaar al 50 jaar in een intern conflict en er blijven maar problemen\u00a0bijkomen. Colombia staat te koop, de afgelopen 12 jaar is er voor meer dan 1,5 miljoen hectare\u00a0aan grond verkochtRead More","og_url":"https:\/\/catapa.be\/nl\/meer-problemen-voor-colombia-de-intrede-van-grootschalige-mijnbouwprojecten\/","og_site_name":"CATAPA vzw","article_publisher":"https:\/\/www.facebook.com\/catapa.belgium\/","article_published_time":"2014-02-05T11:20:07+00:00","article_modified_time":"2022-07-05T10:28:26+00:00","og_image":[{"width":395,"height":526,"url":"https:\/\/catapa.be\/wp-content\/uploads\/2022\/07\/24.jpg","type":"image\/jpeg"}],"author":"Truike Geerts","twitter_card":"summary_large_image","twitter_creator":"@CATAPA_Belgica","twitter_site":"@CATAPA_Belgica","twitter_misc":{"Geschreven door":"Truike Geerts","Geschatte leestijd":"11 minuten"},"schema":{"@context":"https:\/\/schema.org","@graph":[{"@type":"Article","@id":"https:\/\/catapa.be\/nl\/meer-problemen-voor-colombia-de-intrede-van-grootschalige-mijnbouwprojecten\/#article","isPartOf":{"@id":"https:\/\/catapa.be\/nl\/meer-problemen-voor-colombia-de-intrede-van-grootschalige-mijnbouwprojecten\/"},"author":{"name":"Truike Geerts","@id":"https:\/\/catapa.be\/nl\/#\/schema\/person\/5b69e90152347308a517590385dbf533"},"headline":"Foto-essay: Meer problemen voor Colombia, de intrede van grootschalige mijnbouwprojecten","datePublished":"2014-02-05T11:20:07+00:00","dateModified":"2022-07-05T10:28:26+00:00","mainEntityOfPage":{"@id":"https:\/\/catapa.be\/nl\/meer-problemen-voor-colombia-de-intrede-van-grootschalige-mijnbouwprojecten\/"},"wordCount":1295,"commentCount":0,"publisher":{"@id":"https:\/\/catapa.be\/nl\/#organization"},"image":{"@id":"https:\/\/catapa.be\/nl\/meer-problemen-voor-colombia-de-intrede-van-grootschalige-mijnbouwprojecten\/#primaryimage"},"thumbnailUrl":"https:\/\/i0.wp.com\/catapa.be\/wp-content\/uploads\/2022\/07\/24.jpg?fit=395%2C526&ssl=1","articleSection":["Colombia","Consulta popular","Goud:Eerlijk"],"inLanguage":"nl-NL","potentialAction":[{"@type":"CommentAction","name":"Comment","target":["https:\/\/catapa.be\/nl\/meer-problemen-voor-colombia-de-intrede-van-grootschalige-mijnbouwprojecten\/#respond"]}]},{"@type":"WebPage","@id":"https:\/\/catapa.be\/nl\/meer-problemen-voor-colombia-de-intrede-van-grootschalige-mijnbouwprojecten\/","url":"https:\/\/catapa.be\/nl\/meer-problemen-voor-colombia-de-intrede-van-grootschalige-mijnbouwprojecten\/","name":"Foto-essay: Meer problemen voor Colombia, de intrede van grootschalige mijnbouwprojecten - CATAPA vzw","isPartOf":{"@id":"https:\/\/catapa.be\/nl\/#website"},"primaryImageOfPage":{"@id":"https:\/\/catapa.be\/nl\/meer-problemen-voor-colombia-de-intrede-van-grootschalige-mijnbouwprojecten\/#primaryimage"},"image":{"@id":"https:\/\/catapa.be\/nl\/meer-problemen-voor-colombia-de-intrede-van-grootschalige-mijnbouwprojecten\/#primaryimage"},"thumbnailUrl":"https:\/\/i0.wp.com\/catapa.be\/wp-content\/uploads\/2022\/07\/24.jpg?fit=395%2C526&ssl=1","datePublished":"2014-02-05T11:20:07+00:00","dateModified":"2022-07-05T10:28:26+00:00","breadcrumb":{"@id":"https:\/\/catapa.be\/nl\/meer-problemen-voor-colombia-de-intrede-van-grootschalige-mijnbouwprojecten\/#breadcrumb"},"inLanguage":"nl-NL","potentialAction":[{"@type":"ReadAction","target":["https:\/\/catapa.be\/nl\/meer-problemen-voor-colombia-de-intrede-van-grootschalige-mijnbouwprojecten\/"]}]},{"@type":"ImageObject","inLanguage":"nl-NL","@id":"https:\/\/catapa.be\/nl\/meer-problemen-voor-colombia-de-intrede-van-grootschalige-mijnbouwprojecten\/#primaryimage","url":"https:\/\/i0.wp.com\/catapa.be\/wp-content\/uploads\/2022\/07\/24.jpg?fit=395%2C526&ssl=1","contentUrl":"https:\/\/i0.wp.com\/catapa.be\/wp-content\/uploads\/2022\/07\/24.jpg?fit=395%2C526&ssl=1","width":395,"height":526},{"@type":"BreadcrumbList","@id":"https:\/\/catapa.be\/nl\/meer-problemen-voor-colombia-de-intrede-van-grootschalige-mijnbouwprojecten\/#breadcrumb","itemListElement":[{"@type":"ListItem","position":1,"name":"Home","item":"https:\/\/catapa.be\/nl\/"},{"@type":"ListItem","position":2,"name":"Foto-essay: Meer problemen voor Colombia, de intrede van grootschalige mijnbouwprojecten"}]},{"@type":"WebSite","@id":"https:\/\/catapa.be\/nl\/#website","url":"https:\/\/catapa.be\/nl\/","name":"CATAPA vzw","description":"Comit\u00e9 Acad\u00e9mico T\u00e9cnico de Asesoramiento a Problemas Ambientales","publisher":{"@id":"https:\/\/catapa.be\/nl\/#organization"},"potentialAction":[{"@type":"SearchAction","target":{"@type":"EntryPoint","urlTemplate":"https:\/\/catapa.be\/nl\/?s={search_term_string}"},"query-input":{"@type":"PropertyValueSpecification","valueRequired":true,"valueName":"search_term_string"}}],"inLanguage":"nl-NL"},{"@type":"Organization","@id":"https:\/\/catapa.be\/nl\/#organization","name":"CATAPA vzw","url":"https:\/\/catapa.be\/nl\/","logo":{"@type":"ImageObject","inLanguage":"nl-NL","@id":"https:\/\/catapa.be\/nl\/#\/schema\/logo\/image\/","url":"https:\/\/i0.wp.com\/catapa.be\/wp-content\/uploads\/2019\/02\/NEW20LOGO20SHORT20PNG1.png?fit=1259%2C1321&ssl=1","contentUrl":"https:\/\/i0.wp.com\/catapa.be\/wp-content\/uploads\/2019\/02\/NEW20LOGO20SHORT20PNG1.png?fit=1259%2C1321&ssl=1","width":1259,"height":1321,"caption":"CATAPA vzw"},"image":{"@id":"https:\/\/catapa.be\/nl\/#\/schema\/logo\/image\/"},"sameAs":["https:\/\/www.facebook.com\/catapa.belgium\/","https:\/\/x.com\/CATAPA_Belgica","https:\/\/www.instagram.com\/catapa_vzw\/","https:\/\/be.linkedin.com\/company\/catapavzw","https:\/\/www.youtube.com\/channel\/UCE52-Fiyv-Fpqf2gi1qhf1g"]},{"@type":"Person","@id":"https:\/\/catapa.be\/nl\/#\/schema\/person\/5b69e90152347308a517590385dbf533","name":"Truike Geerts","url":"https:\/\/catapa.be\/nl\/author\/truike\/"}]}},"jetpack_publicize_connections":[],"jetpack_featured_media_url":"https:\/\/i0.wp.com\/catapa.be\/wp-content\/uploads\/2022\/07\/24.jpg?fit=395%2C526&ssl=1","jetpack_sharing_enabled":true,"jetpack_likes_enabled":true,"jetpack-related-posts":[{"id":30061,"url":"https:\/\/catapa.be\/nl\/colombia-netwerk-tegen-grootschalige-mijnbouw-ziet-het-levenslicht\/","url_meta":{"origin":30461,"position":0},"title":"Colombia: Netwerk tegen Grootschalige Mijnbouw ziet het levenslicht","author":"David Huylebroeck","date":"17 februari 2010","format":false,"excerpt":"[vc_row][vc_column][vc_column_text] Colombia: Netwerk tegen Grootschalige Mijnbouw ziet het levenslicht Zo'n 30-tal organisaties van over heel Colombia kwamen vorige weekend samen om zich over een prangend nationaal probleem te buigen: dat van de grootschalige mijnbouw. Een problematiek die ook in Colombia steeds meer lokale gemeenschappen voor grote problemen stelt: milieuvervuiling, maar\u2026","rel":"","context":"In &quot;Mining in Paradise&quot;","block_context":{"text":"Mining in Paradise","link":"https:\/\/catapa.be\/nl\/category\/afgelopen-campagnes-en-projecten\/mining-in-paradise\/"},"img":{"alt_text":"","src":"","width":0,"height":0},"classes":[]},{"id":30685,"url":"https:\/\/catapa.be\/nl\/altiplano-onder-invloed-van-droogte\/","url_meta":{"origin":30461,"position":1},"title":"Altiplano onder invloed van droogte","author":"Alan Gonz\u00e1lez Morales","date":"4 december 2016","format":false,"excerpt":"[vc_row][vc_column][vc_column_text] De situatie op de Altiplano is kritiek. Het regenseizoen blijft uit en de meren en reservoirs liggen droog. In de stad is de watertoevoer her en der afgesloten waardoor protesten ontstaan, maar des te kritieker is de situatie op het platteland. Het vee heeft water nodig, er is natuurlijk\u2026","rel":"","context":"In &quot;Geen onderdeel van een categorie&quot;","block_context":{"text":"Geen onderdeel van een categorie","link":"https:\/\/catapa.be\/nl\/category\/geen-onderdeel-van-een-categorie\/"},"img":{"alt_text":" \u00a9 Avalon Veldstra, CATAPA","src":"https:\/\/i0.wp.com\/gt.catapa.be\/sites\/default\/files\/resize\/wysiwyg\/Cases\/Bolivia\/Artikels\/untavi_droogte-400x300.jpg?resize=350%2C200&ssl=1","width":350,"height":200},"classes":[]},{"id":9217,"url":"https:\/\/catapa.be\/nl\/waarom-catapa-meeloopt-in-de-klimaatmars\/","url_meta":{"origin":30461,"position":2},"title":"Waarom CATAPA meeloopt in de Klimaatmars","author":"Myrah Vandermeulen","date":"28 januari 2019","format":false,"excerpt":"[vc_row][vc_column][vc_custom_heading text=\"Waarom CATAPA meeloopt in de Klimaatmars\" font_container=\"tag:h2|text_align:center\" google_fonts=\"font_family:Quicksand%3A300%2Cregular%2C700|font_style:400%20regular%3A400%3Anormal\"][vc_column_text]Myrah Vandermeulen, 2 december 2018[\/vc_column_text][vc_column_text]CATAPA voor het klimaat! Op 2 december zijn ook wij erbij om het klimaat te claimen! Het is dan de eerste dag van COP24, de Klimaatconferentie van de Verenigde Naties, en een kans voor Belgi\u00eb (niet enkel de\u2026","rel":"","context":"In &quot;Nieuws&quot;","block_context":{"text":"Nieuws","link":"https:\/\/catapa.be\/nl\/category\/nieuws\/"},"img":{"alt_text":"","src":"https:\/\/i0.wp.com\/catapa.be\/wp-content\/uploads\/2019\/01\/Claim-the-climate-with-Catapa.jpg?fit=960%2C502&ssl=1&resize=350%2C200","width":350,"height":200,"srcset":"https:\/\/i0.wp.com\/catapa.be\/wp-content\/uploads\/2019\/01\/Claim-the-climate-with-Catapa.jpg?fit=960%2C502&ssl=1&resize=350%2C200 1x, https:\/\/i0.wp.com\/catapa.be\/wp-content\/uploads\/2019\/01\/Claim-the-climate-with-Catapa.jpg?fit=960%2C502&ssl=1&resize=525%2C300 1.5x, https:\/\/i0.wp.com\/catapa.be\/wp-content\/uploads\/2019\/01\/Claim-the-climate-with-Catapa.jpg?fit=960%2C502&ssl=1&resize=700%2C400 2x"},"classes":[]},{"id":30546,"url":"https:\/\/catapa.be\/nl\/waarom-catapa-meeloopt-de-klimaatmars\/","url_meta":{"origin":30461,"position":3},"title":"Waarom CATAPA meeloopt in de Klimaatmars","author":"Kim Claes","date":"28 november 2018","format":false,"excerpt":"[vc_row][vc_column][vc_column_text] CATAPA voor het klimaat! Op 2 december zijn ook wij erbij om het klimaat te claimen! Het is dan de eerste dag van COP24, de Klimaatconferentie van de Verenigde Naties, en een kans voor Belgi\u00eb (niet enkel de politici, maar iedereen!) om te tonen dat we verandering \u2013 en\u2026","rel":"","context":"In &quot;Generatie Transitie&quot;","block_context":{"text":"Generatie Transitie","link":"https:\/\/catapa.be\/nl\/category\/afgelopen-campagnes-en-projecten\/generatie-transitie\/"},"img":{"alt_text":"","src":"","width":0,"height":0},"classes":[]},{"id":33995,"url":"https:\/\/catapa.be\/nl\/hoe-overtuig-je-een-dorp-ervan-zijn-toekomst-te-vernietigen-een-handleiding-in-8-stappen\/","url_meta":{"origin":30461,"position":4},"title":"Hoe overtuig je een dorp ervan zijn toekomst te vernietigen? Een handleiding in 8 stappen","author":"Estefan\u00eda","date":"14 augustus 2023","format":false,"excerpt":"[vc_row][vc_column][vc_column_text] Over de hele wereld gebruiken mijnbouwmultinationals vergelijkbare strategie\u00ebn om gemeenschappen van hun vernietigende projecten te overtuigen. Wil je hun geheime recept weten? We duiken in het mijnbouwconflict dat momenteel plaatsvindt in het dorp Fal\u00e1n in Colombia, waar multinationals zoals Anglogold Ashanti het dorp voorbereiden op de mijnen die ze\u2026","rel":"","context":"In &quot;recht om 'nee' te zeggen&quot;","block_context":{"text":"recht om 'nee' te zeggen","link":"https:\/\/catapa.be\/nl\/category\/campagnes\/recht-om-nee-te-zeggen\/"},"img":{"alt_text":"Gold mining","src":"https:\/\/i0.wp.com\/catapa.be\/wp-content\/uploads\/2023\/08\/2527670737_b7d4f21e50_c.jpg?fit=799%2C533&ssl=1&resize=350%2C200","width":350,"height":200,"srcset":"https:\/\/i0.wp.com\/catapa.be\/wp-content\/uploads\/2023\/08\/2527670737_b7d4f21e50_c.jpg?fit=799%2C533&ssl=1&resize=350%2C200 1x, https:\/\/i0.wp.com\/catapa.be\/wp-content\/uploads\/2023\/08\/2527670737_b7d4f21e50_c.jpg?fit=799%2C533&ssl=1&resize=525%2C300 1.5x, https:\/\/i0.wp.com\/catapa.be\/wp-content\/uploads\/2023\/08\/2527670737_b7d4f21e50_c.jpg?fit=799%2C533&ssl=1&resize=700%2C400 2x"},"classes":[]},{"id":28258,"url":"https:\/\/catapa.be\/nl\/speakers-tour-2022-overview-activities\/","url_meta":{"origin":30461,"position":5},"title":"Speaker&#8217;s Tour 2022 &#8211; Activiteitenoverzicht","author":"Laura Blanco","date":"25 februari 2022","format":false,"excerpt":"[vc_row][vc_column][vc_column_text]De volgende editie van\u00a0CATAPA\u2019s Speakers Tour komt eraan! Van 3 tot 13 maart hebben we twee Peruaanse gasten op bezoek in Belgi\u00eb: Rosas Duran Carrera, een boer en activiste uit de Valle de Condebamba in Cajamarca, en Mirtha Villanueava, directrice van onze partnerorganisatie GRUFIDES. Hun dagen zullen gevuld zijn met\u2026","rel":"","context":"In &quot;Geen onderdeel van een categorie&quot;","block_context":{"text":"Geen onderdeel van een categorie","link":"https:\/\/catapa.be\/nl\/category\/geen-onderdeel-van-een-categorie\/"},"img":{"alt_text":"","src":"https:\/\/i0.wp.com\/catapa.be\/wp-content\/uploads\/2022\/02\/afbeelding.png?fit=550%2C310&ssl=1&resize=350%2C200","width":350,"height":200,"srcset":"https:\/\/i0.wp.com\/catapa.be\/wp-content\/uploads\/2022\/02\/afbeelding.png?fit=550%2C310&ssl=1&resize=350%2C200 1x, https:\/\/i0.wp.com\/catapa.be\/wp-content\/uploads\/2022\/02\/afbeelding.png?fit=550%2C310&ssl=1&resize=525%2C300 1.5x"},"classes":[]}],"_links":{"self":[{"href":"https:\/\/catapa.be\/nl\/wp-json\/wp\/v2\/posts\/30461","targetHints":{"allow":["GET"]}}],"collection":[{"href":"https:\/\/catapa.be\/nl\/wp-json\/wp\/v2\/posts"}],"about":[{"href":"https:\/\/catapa.be\/nl\/wp-json\/wp\/v2\/types\/post"}],"author":[{"embeddable":true,"href":"https:\/\/catapa.be\/nl\/wp-json\/wp\/v2\/users\/17"}],"replies":[{"embeddable":true,"href":"https:\/\/catapa.be\/nl\/wp-json\/wp\/v2\/comments?post=30461"}],"version-history":[{"count":4,"href":"https:\/\/catapa.be\/nl\/wp-json\/wp\/v2\/posts\/30461\/revisions"}],"predecessor-version":[{"id":30498,"href":"https:\/\/catapa.be\/nl\/wp-json\/wp\/v2\/posts\/30461\/revisions\/30498"}],"wp:featuredmedia":[{"embeddable":true,"href":"https:\/\/catapa.be\/nl\/wp-json\/wp\/v2\/media\/30469"}],"wp:attachment":[{"href":"https:\/\/catapa.be\/nl\/wp-json\/wp\/v2\/media?parent=30461"}],"wp:term":[{"taxonomy":"category","embeddable":true,"href":"https:\/\/catapa.be\/nl\/wp-json\/wp\/v2\/categories?post=30461"},{"taxonomy":"post_tag","embeddable":true,"href":"https:\/\/catapa.be\/nl\/wp-json\/wp\/v2\/tags?post=30461"}],"curies":[{"name":"wp","href":"https:\/\/api.w.org\/{rel}","templated":true}]}}