{"id":30515,"date":"2013-03-03T12:39:53","date_gmt":"2013-03-03T11:39:53","guid":{"rendered":"https:\/\/catapa.be\/?p=30515"},"modified":"2022-07-05T12:46:24","modified_gmt":"2022-07-05T10:46:24","slug":"referendum-over-conga-oplossing-niet-in-zicht","status":"publish","type":"post","link":"https:\/\/catapa.be\/nl\/referendum-over-conga-oplossing-niet-in-zicht\/","title":{"rendered":"Referendum over Conga? Oplossing niet in zicht"},"content":{"rendered":"<div class=\"wpb-content-wrapper\"><p>[vc_row][vc_column][vc_column_text]<\/p>\n<p style=\"text-align: justify;\">Begin deze maand maakte het Comando Unitario de lucha de Cajamarca, een verzameling van de belangrijkste verzetsleiders te Cajamarca, bekend dat men een referendum (Consulta) over de implementatie van het Conga-project wil organiseren op 7 juli 2013. Het referendum is gepland in de steden Celend\u00edn en Bambamarca en zal de toekomst van het project bevragen. Het belang van een referendum over het Conga-project mag niet worden onderschat. Het maakt immers officieel wat velen reeds aanvoelen, dat er geen sociaal draagvlak is voor het Conga-project in Cajamarca. Het volledige gebrek aan sociale legitimiteit kan voor heel wat imagoschade zorgen, niet alleen voor Minera Yanacocha, maar ook voor de Peruaanse staat.<\/p>\n<p style=\"text-align: justify;\">Begin deze maand maakte het Comando Unitario de lucha de Cajamarca, een verzameling van de belangrijkste verzetsleiders te Cajamarca, bekend dat men een referendum (Consulta) over de implementatie van het Conga-project wil organiseren op 7 juli 2013. Het referendum is gepland in de steden Celend\u00edn en Bambamarca en zal de toekomst van het project bevragen. Het belang van een referendum over het Conga-project mag niet worden onderschat. Het maakt immers officieel wat velen reeds aanvoelen, dat er geen sociaal draagvlak is voor het Conga-project in Cajamarca. Het volledige gebrek aan sociale legitimiteit kan voor heel wat imagoschade zorgen, niet alleen voor Minera Yanacocha, maar ook voor de Peruaanse staat.<\/p>\n<h4 style=\"text-align: justify;\"><strong>Einde conflict nog niet in zicht<\/strong><\/h4>\n<p style=\"text-align: justify;\">Het conflict woekert ondertussen gewoon door. De zogeheten \u2018opschorting\u2019 van de werken in het concessiegebied, om de druk af de ketel te halen en dialoog mogelijk te maken, wordt door vele bronnen nog steeds ontkend. Marco Arana verduidelijkte dat \u201cde werken aan 2 waterreservoiren nog steeds gewoon doorgaan.\u201d Bovendien is het nog steeds muisstil rond de bemiddelingspogingen van geestelijken Garatea en Cabrejos en blijft het aanklachten regenen tegen manifestanten en bewoners van het concessiegebied, waaronder de familie Chaupe. Het betreft een van de weinige families die nog niet zijn vertrokken uit het concessiegebied, wat hen al veel heeft gekost. Deze familie werd reeds meermaals fysiek en psychologisch bedreigd, en werd in oktober 2012 veroordeeld tot 3 jaar voorwaardelijk en een boete van 200 Nieuwe Peruaanse Soles met betrekking tot een landconflict met het mijnbedrijf. (een getuigenis van de bedreigingen jegens deze familie: http:\/\/www.youtube.com\/watch?v=KL-iw6aNW50).<\/p>\n<p style=\"text-align: justify;\">Het Comando Unitario de lucha de Cajamarca kondigde enkele dagen geleden een 3-daagse actie in het concessiegebied van de Conga-mijn aan. In een persconferentie riep Edy Benavides, verzetsleider uit Bambamarca, de bevolking van regio Cajamarca op massaal af te zakken naar Conga. Aan zijn zijde maakte Marco Arana, leider van politieke partij Tierra y Libertad en ecoligist van het eerste uur, duidelijk dat de actie te Conga geen provocatie is. \u201cDe bergmeren behoren immers toe aan de bevolking\u201d, zei hij. \u201cProvoceren is het weigeren van toegang tot de Conga-zone en de installatie van gewapende troepen\u201d, voegde hij eraan toe. In november 2011 liep een manifestatie in het gebied uit de hand toen bewakingsagenten buitensporig geweld gebruikten. Verschillende manifestanten raakten zwaargewond, waaronder 1 lokale verzetsleider die zijn oog verloor.<\/p>\n<p style=\"text-align: justify;\">Het verzet tegen het Conga-project is nu reeds meer dan 18 maanden aan de gang.<\/p>\n<p>[\/vc_column_text][\/vc_column][\/vc_row]<\/p>\n<\/div>","protected":false},"excerpt":{"rendered":"<p>[vc_row][vc_column][vc_column_text] Begin deze maand maakte het Comando Unitario de lucha de Cajamarca, een verzameling van de belangrijkste verzetsleiders te Cajamarca, bekend dat men een referendum (Consulta) over de implementatie van het Conga-project wil organiseren op<br \/><a class=\"read-more\" href=\"https:\/\/catapa.be\/nl\/referendum-over-conga-oplossing-niet-in-zicht\/\">Read More<\/a><\/p>\n","protected":false},"author":32,"featured_media":0,"comment_status":"open","ping_status":"open","sticky":false,"template":"","format":"standard","meta":{"_exactmetrics_skip_tracking":false,"_exactmetrics_sitenote_active":false,"_exactmetrics_sitenote_note":"","_exactmetrics_sitenote_category":0,"jetpack_post_was_ever_published":false,"_jetpack_newsletter_access":"","_jetpack_dont_email_post_to_subs":false,"_jetpack_newsletter_tier_id":0,"_jetpack_memberships_contains_paywalled_content":false,"_jetpack_memberships_contains_paid_content":false,"footnotes":"","jetpack_publicize_message":"Referendum over Conga? Oplossing niet in zicht","jetpack_publicize_feature_enabled":true,"jetpack_social_post_already_shared":true,"jetpack_social_options":{"image_generator_settings":{"template":"highway","default_image_id":0,"font":"","enabled":false},"version":2}},"categories":[547,851,490],"tags":[916,878,915,700,1078,952],"class_list":["post-30515","post","type-post","status-publish","format-standard","hentry","category-gecos-on-the-road-nl","category-goudeerlijk","category-peru-nl","tag-cajamarca-nl","tag-conflict-nl","tag-conga","tag-peru-nl","tag-referendum-nl","tag-volksraadpleging"],"yoast_head":"<!-- This site is optimized with the Yoast SEO plugin v26.8 - https:\/\/yoast.com\/product\/yoast-seo-wordpress\/ -->\n<title>Referendum over Conga? Oplossing niet in zicht - CATAPA vzw<\/title>\n<meta name=\"robots\" content=\"index, follow, max-snippet:-1, max-image-preview:large, max-video-preview:-1\" \/>\n<link rel=\"canonical\" href=\"https:\/\/catapa.be\/nl\/referendum-over-conga-oplossing-niet-in-zicht\/\" \/>\n<meta property=\"og:locale\" content=\"nl_NL\" \/>\n<meta property=\"og:type\" content=\"article\" \/>\n<meta property=\"og:title\" content=\"Referendum over Conga? Oplossing niet in zicht - CATAPA vzw\" \/>\n<meta property=\"og:description\" content=\"[vc_row][vc_column][vc_column_text] Begin deze maand maakte het Comando Unitario de lucha de Cajamarca, een verzameling van de belangrijkste verzetsleiders te Cajamarca, bekend dat men een referendum (Consulta) over de implementatie van het Conga-project wil organiseren opRead More\" \/>\n<meta property=\"og:url\" content=\"https:\/\/catapa.be\/nl\/referendum-over-conga-oplossing-niet-in-zicht\/\" \/>\n<meta property=\"og:site_name\" content=\"CATAPA vzw\" \/>\n<meta property=\"article:publisher\" content=\"https:\/\/www.facebook.com\/catapa.belgium\/\" \/>\n<meta property=\"article:published_time\" content=\"2013-03-03T11:39:53+00:00\" \/>\n<meta property=\"article:modified_time\" content=\"2022-07-05T10:46:24+00:00\" \/>\n<meta name=\"author\" content=\"Kim Claes\" \/>\n<meta name=\"twitter:card\" content=\"summary_large_image\" \/>\n<meta name=\"twitter:creator\" content=\"@CATAPA_Belgica\" \/>\n<meta name=\"twitter:site\" content=\"@CATAPA_Belgica\" \/>\n<meta name=\"twitter:label1\" content=\"Geschreven door\" \/>\n\t<meta name=\"twitter:data1\" content=\"Kim Claes\" \/>\n\t<meta name=\"twitter:label2\" content=\"Geschatte leestijd\" \/>\n\t<meta name=\"twitter:data2\" content=\"3 minuten\" \/>\n<script type=\"application\/ld+json\" class=\"yoast-schema-graph\">{\"@context\":\"https:\/\/schema.org\",\"@graph\":[{\"@type\":\"Article\",\"@id\":\"https:\/\/catapa.be\/nl\/referendum-over-conga-oplossing-niet-in-zicht\/#article\",\"isPartOf\":{\"@id\":\"https:\/\/catapa.be\/nl\/referendum-over-conga-oplossing-niet-in-zicht\/\"},\"author\":{\"name\":\"Kim Claes\",\"@id\":\"https:\/\/catapa.be\/nl\/#\/schema\/person\/02e07beb6bee4b3bac6b8f242a22bf38\"},\"headline\":\"Referendum over Conga? Oplossing niet in zicht\",\"datePublished\":\"2013-03-03T11:39:53+00:00\",\"dateModified\":\"2022-07-05T10:46:24+00:00\",\"mainEntityOfPage\":{\"@id\":\"https:\/\/catapa.be\/nl\/referendum-over-conga-oplossing-niet-in-zicht\/\"},\"wordCount\":529,\"commentCount\":0,\"publisher\":{\"@id\":\"https:\/\/catapa.be\/nl\/#organization\"},\"keywords\":[\"Cajamarca\",\"conflict\",\"Conga\",\"Peru\",\"referendum\",\"volksraadpleging\"],\"articleSection\":[\"GECOs on the road\",\"Goud:Eerlijk\",\"Peru\"],\"inLanguage\":\"nl-NL\",\"potentialAction\":[{\"@type\":\"CommentAction\",\"name\":\"Comment\",\"target\":[\"https:\/\/catapa.be\/nl\/referendum-over-conga-oplossing-niet-in-zicht\/#respond\"]}]},{\"@type\":\"WebPage\",\"@id\":\"https:\/\/catapa.be\/nl\/referendum-over-conga-oplossing-niet-in-zicht\/\",\"url\":\"https:\/\/catapa.be\/nl\/referendum-over-conga-oplossing-niet-in-zicht\/\",\"name\":\"Referendum over Conga? Oplossing niet in zicht - CATAPA vzw\",\"isPartOf\":{\"@id\":\"https:\/\/catapa.be\/nl\/#website\"},\"datePublished\":\"2013-03-03T11:39:53+00:00\",\"dateModified\":\"2022-07-05T10:46:24+00:00\",\"breadcrumb\":{\"@id\":\"https:\/\/catapa.be\/nl\/referendum-over-conga-oplossing-niet-in-zicht\/#breadcrumb\"},\"inLanguage\":\"nl-NL\",\"potentialAction\":[{\"@type\":\"ReadAction\",\"target\":[\"https:\/\/catapa.be\/nl\/referendum-over-conga-oplossing-niet-in-zicht\/\"]}]},{\"@type\":\"BreadcrumbList\",\"@id\":\"https:\/\/catapa.be\/nl\/referendum-over-conga-oplossing-niet-in-zicht\/#breadcrumb\",\"itemListElement\":[{\"@type\":\"ListItem\",\"position\":1,\"name\":\"Home\",\"item\":\"https:\/\/catapa.be\/nl\/\"},{\"@type\":\"ListItem\",\"position\":2,\"name\":\"Referendum over Conga? Oplossing niet in zicht\"}]},{\"@type\":\"WebSite\",\"@id\":\"https:\/\/catapa.be\/nl\/#website\",\"url\":\"https:\/\/catapa.be\/nl\/\",\"name\":\"CATAPA vzw\",\"description\":\"Comit\u00e9 Acad\u00e9mico T\u00e9cnico de Asesoramiento a Problemas Ambientales\",\"publisher\":{\"@id\":\"https:\/\/catapa.be\/nl\/#organization\"},\"potentialAction\":[{\"@type\":\"SearchAction\",\"target\":{\"@type\":\"EntryPoint\",\"urlTemplate\":\"https:\/\/catapa.be\/nl\/?s={search_term_string}\"},\"query-input\":{\"@type\":\"PropertyValueSpecification\",\"valueRequired\":true,\"valueName\":\"search_term_string\"}}],\"inLanguage\":\"nl-NL\"},{\"@type\":\"Organization\",\"@id\":\"https:\/\/catapa.be\/nl\/#organization\",\"name\":\"CATAPA vzw\",\"url\":\"https:\/\/catapa.be\/nl\/\",\"logo\":{\"@type\":\"ImageObject\",\"inLanguage\":\"nl-NL\",\"@id\":\"https:\/\/catapa.be\/nl\/#\/schema\/logo\/image\/\",\"url\":\"https:\/\/i0.wp.com\/catapa.be\/wp-content\/uploads\/2019\/02\/NEW20LOGO20SHORT20PNG1.png?fit=1259%2C1321&ssl=1\",\"contentUrl\":\"https:\/\/i0.wp.com\/catapa.be\/wp-content\/uploads\/2019\/02\/NEW20LOGO20SHORT20PNG1.png?fit=1259%2C1321&ssl=1\",\"width\":1259,\"height\":1321,\"caption\":\"CATAPA vzw\"},\"image\":{\"@id\":\"https:\/\/catapa.be\/nl\/#\/schema\/logo\/image\/\"},\"sameAs\":[\"https:\/\/www.facebook.com\/catapa.belgium\/\",\"https:\/\/x.com\/CATAPA_Belgica\",\"https:\/\/www.instagram.com\/catapa_vzw\/\",\"https:\/\/be.linkedin.com\/company\/catapavzw\",\"https:\/\/www.youtube.com\/channel\/UCE52-Fiyv-Fpqf2gi1qhf1g\"]},{\"@type\":\"Person\",\"@id\":\"https:\/\/catapa.be\/nl\/#\/schema\/person\/02e07beb6bee4b3bac6b8f242a22bf38\",\"name\":\"Kim Claes\",\"sameAs\":[\"https:\/\/www.fairictflanders.be\"],\"url\":\"https:\/\/catapa.be\/nl\/author\/kim-claes\/\"}]}<\/script>\n<!-- \/ Yoast SEO plugin. -->","yoast_head_json":{"title":"Referendum over Conga? Oplossing niet in zicht - CATAPA vzw","robots":{"index":"index","follow":"follow","max-snippet":"max-snippet:-1","max-image-preview":"max-image-preview:large","max-video-preview":"max-video-preview:-1"},"canonical":"https:\/\/catapa.be\/nl\/referendum-over-conga-oplossing-niet-in-zicht\/","og_locale":"nl_NL","og_type":"article","og_title":"Referendum over Conga? Oplossing niet in zicht - CATAPA vzw","og_description":"[vc_row][vc_column][vc_column_text] Begin deze maand maakte het Comando Unitario de lucha de Cajamarca, een verzameling van de belangrijkste verzetsleiders te Cajamarca, bekend dat men een referendum (Consulta) over de implementatie van het Conga-project wil organiseren opRead More","og_url":"https:\/\/catapa.be\/nl\/referendum-over-conga-oplossing-niet-in-zicht\/","og_site_name":"CATAPA vzw","article_publisher":"https:\/\/www.facebook.com\/catapa.belgium\/","article_published_time":"2013-03-03T11:39:53+00:00","article_modified_time":"2022-07-05T10:46:24+00:00","author":"Kim Claes","twitter_card":"summary_large_image","twitter_creator":"@CATAPA_Belgica","twitter_site":"@CATAPA_Belgica","twitter_misc":{"Geschreven door":"Kim Claes","Geschatte leestijd":"3 minuten"},"schema":{"@context":"https:\/\/schema.org","@graph":[{"@type":"Article","@id":"https:\/\/catapa.be\/nl\/referendum-over-conga-oplossing-niet-in-zicht\/#article","isPartOf":{"@id":"https:\/\/catapa.be\/nl\/referendum-over-conga-oplossing-niet-in-zicht\/"},"author":{"name":"Kim Claes","@id":"https:\/\/catapa.be\/nl\/#\/schema\/person\/02e07beb6bee4b3bac6b8f242a22bf38"},"headline":"Referendum over Conga? Oplossing niet in zicht","datePublished":"2013-03-03T11:39:53+00:00","dateModified":"2022-07-05T10:46:24+00:00","mainEntityOfPage":{"@id":"https:\/\/catapa.be\/nl\/referendum-over-conga-oplossing-niet-in-zicht\/"},"wordCount":529,"commentCount":0,"publisher":{"@id":"https:\/\/catapa.be\/nl\/#organization"},"keywords":["Cajamarca","conflict","Conga","Peru","referendum","volksraadpleging"],"articleSection":["GECOs on the road","Goud:Eerlijk","Peru"],"inLanguage":"nl-NL","potentialAction":[{"@type":"CommentAction","name":"Comment","target":["https:\/\/catapa.be\/nl\/referendum-over-conga-oplossing-niet-in-zicht\/#respond"]}]},{"@type":"WebPage","@id":"https:\/\/catapa.be\/nl\/referendum-over-conga-oplossing-niet-in-zicht\/","url":"https:\/\/catapa.be\/nl\/referendum-over-conga-oplossing-niet-in-zicht\/","name":"Referendum over Conga? Oplossing niet in zicht - CATAPA vzw","isPartOf":{"@id":"https:\/\/catapa.be\/nl\/#website"},"datePublished":"2013-03-03T11:39:53+00:00","dateModified":"2022-07-05T10:46:24+00:00","breadcrumb":{"@id":"https:\/\/catapa.be\/nl\/referendum-over-conga-oplossing-niet-in-zicht\/#breadcrumb"},"inLanguage":"nl-NL","potentialAction":[{"@type":"ReadAction","target":["https:\/\/catapa.be\/nl\/referendum-over-conga-oplossing-niet-in-zicht\/"]}]},{"@type":"BreadcrumbList","@id":"https:\/\/catapa.be\/nl\/referendum-over-conga-oplossing-niet-in-zicht\/#breadcrumb","itemListElement":[{"@type":"ListItem","position":1,"name":"Home","item":"https:\/\/catapa.be\/nl\/"},{"@type":"ListItem","position":2,"name":"Referendum over Conga? Oplossing niet in zicht"}]},{"@type":"WebSite","@id":"https:\/\/catapa.be\/nl\/#website","url":"https:\/\/catapa.be\/nl\/","name":"CATAPA vzw","description":"Comit\u00e9 Acad\u00e9mico T\u00e9cnico de Asesoramiento a Problemas Ambientales","publisher":{"@id":"https:\/\/catapa.be\/nl\/#organization"},"potentialAction":[{"@type":"SearchAction","target":{"@type":"EntryPoint","urlTemplate":"https:\/\/catapa.be\/nl\/?s={search_term_string}"},"query-input":{"@type":"PropertyValueSpecification","valueRequired":true,"valueName":"search_term_string"}}],"inLanguage":"nl-NL"},{"@type":"Organization","@id":"https:\/\/catapa.be\/nl\/#organization","name":"CATAPA vzw","url":"https:\/\/catapa.be\/nl\/","logo":{"@type":"ImageObject","inLanguage":"nl-NL","@id":"https:\/\/catapa.be\/nl\/#\/schema\/logo\/image\/","url":"https:\/\/i0.wp.com\/catapa.be\/wp-content\/uploads\/2019\/02\/NEW20LOGO20SHORT20PNG1.png?fit=1259%2C1321&ssl=1","contentUrl":"https:\/\/i0.wp.com\/catapa.be\/wp-content\/uploads\/2019\/02\/NEW20LOGO20SHORT20PNG1.png?fit=1259%2C1321&ssl=1","width":1259,"height":1321,"caption":"CATAPA vzw"},"image":{"@id":"https:\/\/catapa.be\/nl\/#\/schema\/logo\/image\/"},"sameAs":["https:\/\/www.facebook.com\/catapa.belgium\/","https:\/\/x.com\/CATAPA_Belgica","https:\/\/www.instagram.com\/catapa_vzw\/","https:\/\/be.linkedin.com\/company\/catapavzw","https:\/\/www.youtube.com\/channel\/UCE52-Fiyv-Fpqf2gi1qhf1g"]},{"@type":"Person","@id":"https:\/\/catapa.be\/nl\/#\/schema\/person\/02e07beb6bee4b3bac6b8f242a22bf38","name":"Kim Claes","sameAs":["https:\/\/www.fairictflanders.be"],"url":"https:\/\/catapa.be\/nl\/author\/kim-claes\/"}]}},"jetpack_publicize_connections":[],"jetpack_featured_media_url":"","jetpack_sharing_enabled":true,"jetpack_likes_enabled":true,"jetpack-related-posts":[{"id":30653,"url":"https:\/\/catapa.be\/nl\/conga-in-de-startblokken-het-conflict-naar-een-nieuw-hoogtepunt\/","url_meta":{"origin":30515,"position":0},"title":"Conga in de startblokken &#8211; het conflict naar een nieuw hoogtepunt?","author":"Karlijn Van den Broeck","date":"2 juni 2013","format":false,"excerpt":"[vc_row][vc_column][vc_column_text] Conga in de startblokken - het conflict naar een nieuw hoogtepunt? Mijnbouwproject Conga in Cajamarca staat\u00a0on hold, dat was de boodschap van president Humala na de intensifi\u00ebring van het lokale protest in de lente van 2012. Vijf dodelijke slachtoffers, honderden gewonden, juridische vervolging van sociale leiders en manifestanten, militarisering\u2026","rel":"","context":"In &quot;GECOs on the road&quot;","block_context":{"text":"GECOs on the road","link":"https:\/\/catapa.be\/nl\/category\/catapa-in-de-kijker-nl\/gecos-on-the-road-nl\/"},"img":{"alt_text":"","src":"","width":0,"height":0},"classes":[]},{"id":30360,"url":"https:\/\/catapa.be\/nl\/conga-kroniek-van-een-aanhoudend-conflict\/","url_meta":{"origin":30515,"position":1},"title":"Conga: kroniek van een aanhoudend conflict","author":"Connor Cashell","date":"29 december 2011","format":false,"excerpt":"[vc_row][vc_column][vc_column_text] Conga: kroniek van een aanhoudend conflict De Peruaanse regering zal de milieueffectenstudie van het project Minas Conga laten doorlichten door internationale experts. Dat liet de nieuwe premier Oscar Vald\u00e9s weten bij zijn aantreden op 11 december. Gisteren nodigde hij vertegenwoordigers van Cajamarca uit in Lima om tot een akkoord\u2026","rel":"","context":"In &quot;Campagnes&quot;","block_context":{"text":"Campagnes","link":"https:\/\/catapa.be\/nl\/category\/campagnes\/"},"img":{"alt_text":"","src":"","width":0,"height":0},"classes":[]},{"id":30771,"url":"https:\/\/catapa.be\/nl\/wereldwijde-acties-rondom-bijeenkomst-wereldbank-in-peru-zeg-nee-tegen-de-conga-mijn\/","url_meta":{"origin":30515,"position":2},"title":"Wereldwijde acties rondom bijeenkomst Wereldbank in Peru: Zeg NEE tegen de Conga mijn!","author":"Alan Gonz\u00e1lez Morales","date":"30 september 2015","format":false,"excerpt":"Van 9 tot 11 oktober vindt de jaarlijkse algemene vergadering van de Wereldbank plaats in Lima, Peru. Voor het eerst sinds 1967 trekt de Wereldbank met haar jaarlijkse bijeenkomst opnieuw naar Latijns-Amerika. Deze bijeenkomst van de Wereldbank Groep (WBG) en het Internationaal Monetair Fonds (IMF) brengt bankiers, ministers van Financi\u00ebn\u2026","rel":"","context":"In &quot;Generatie Transitie&quot;","block_context":{"text":"Generatie Transitie","link":"https:\/\/catapa.be\/nl\/category\/afgelopen-campagnes-en-projecten\/generatie-transitie\/"},"img":{"alt_text":"","src":"","width":0,"height":0},"classes":[]},{"id":30031,"url":"https:\/\/catapa.be\/nl\/internationale-oproep-tegen-criminalisering-protest-conga\/","url_meta":{"origin":30515,"position":3},"title":"Internationale oproep tegen criminalisering protest Conga","author":"Kim Claes","date":"26 april 2014","format":false,"excerpt":"[vc_row][vc_column][vc_column_text] Meer dan 50 organisaties wereldwijd hebben een verklaring ondertekend tegen de criminalisering van het protest tegen het mijnbouwproject Conga. Het project, in handen van het Noord-Amerikaanse Newmont Mining, beoogt de exploitatie van goud- en koperreservers in het departement Cajamarca (Peru). Deze geplande uitbreiding van de huidige Yanacocha goudmijn, momenteel\u2026","rel":"","context":"In &quot;Peru&quot;","block_context":{"text":"Peru","link":"https:\/\/catapa.be\/nl\/category\/partnerlanden\/peru-nl\/"},"img":{"alt_text":"","src":"","width":0,"height":0},"classes":[]},{"id":30161,"url":"https:\/\/catapa.be\/nl\/conga-conflict-zet-peruaanse-regering-onder-druk\/","url_meta":{"origin":30515,"position":4},"title":"Conga-conflict zet Peruaanse regering onder druk","author":"Karlijn Van den Broeck","date":"30 november 2011","format":false,"excerpt":"[vc_row][vc_column][vc_column_text] Conga-conflict zet Peruaanse regering onder druk Sinds donderdag 24 november heerst in de Peruaanse regio Cajamarca een staking van onbepaalde duur uit protest tegen het mijnbouwproject Minas Conga. De tegenstanders zeggen dat het project onleefbaar is, omdat het onherstelbare schade zal toebrengen aan de waterhuishouding in de streek. Het\u2026","rel":"","context":"In &quot;Peru&quot;","block_context":{"text":"Peru","link":"https:\/\/catapa.be\/nl\/category\/partnerlanden\/peru-nl\/"},"img":{"alt_text":"","src":"","width":0,"height":0},"classes":[]},{"id":30754,"url":"https:\/\/catapa.be\/nl\/maxima-wint-goldman-environmental-prize-yanacocha-blijft-slapende-reus\/","url_meta":{"origin":30515,"position":5},"title":"M\u00e1xima wint Goldman Environmental Prize, Yanacocha blijft slapende reus","author":"Karlijn Van den Broeck","date":"13 mei 2016","format":false,"excerpt":"[vc_row][vc_column][vc_column_text] Op 18 april nam M\u00e0xima Acu\u00f1a de Chaupe in San Francisco de Goldman Environmental Prize in ontvangst, \u2018s werelds meest prestigieuze erkenning voor grassroots milieuactivisten. Hoewel aandeelhouders Newmont Mining en Buenaventura aankondigen het project voorlopig niet van start te laten gaan, betekent dit niet het definitieve einde van mijnbouwproject\u2026","rel":"","context":"In &quot;Generatie Transitie&quot;","block_context":{"text":"Generatie Transitie","link":"https:\/\/catapa.be\/nl\/category\/afgelopen-campagnes-en-projecten\/generatie-transitie\/"},"img":{"alt_text":"","src":"https:\/\/i0.wp.com\/gt.catapa.be\/sites\/default\/files\/wysiwyg\/2016-05-05_11.52.14_1.jpg?resize=350%2C200","width":350,"height":200,"srcset":"https:\/\/i0.wp.com\/gt.catapa.be\/sites\/default\/files\/wysiwyg\/2016-05-05_11.52.14_1.jpg?resize=350%2C200 1x, https:\/\/i0.wp.com\/gt.catapa.be\/sites\/default\/files\/wysiwyg\/2016-05-05_11.52.14_1.jpg?resize=525%2C300 1.5x"},"classes":[]}],"_links":{"self":[{"href":"https:\/\/catapa.be\/nl\/wp-json\/wp\/v2\/posts\/30515","targetHints":{"allow":["GET"]}}],"collection":[{"href":"https:\/\/catapa.be\/nl\/wp-json\/wp\/v2\/posts"}],"about":[{"href":"https:\/\/catapa.be\/nl\/wp-json\/wp\/v2\/types\/post"}],"author":[{"embeddable":true,"href":"https:\/\/catapa.be\/nl\/wp-json\/wp\/v2\/users\/32"}],"replies":[{"embeddable":true,"href":"https:\/\/catapa.be\/nl\/wp-json\/wp\/v2\/comments?post=30515"}],"version-history":[{"count":1,"href":"https:\/\/catapa.be\/nl\/wp-json\/wp\/v2\/posts\/30515\/revisions"}],"predecessor-version":[{"id":30526,"href":"https:\/\/catapa.be\/nl\/wp-json\/wp\/v2\/posts\/30515\/revisions\/30526"}],"wp:attachment":[{"href":"https:\/\/catapa.be\/nl\/wp-json\/wp\/v2\/media?parent=30515"}],"wp:term":[{"taxonomy":"category","embeddable":true,"href":"https:\/\/catapa.be\/nl\/wp-json\/wp\/v2\/categories?post=30515"},{"taxonomy":"post_tag","embeddable":true,"href":"https:\/\/catapa.be\/nl\/wp-json\/wp\/v2\/tags?post=30515"}],"curies":[{"name":"wp","href":"https:\/\/api.w.org\/{rel}","templated":true}]}}