{"id":30673,"date":"2017-09-12T15:03:43","date_gmt":"2017-09-12T13:03:43","guid":{"rendered":"https:\/\/catapa.be\/?p=30673"},"modified":"2022-07-05T15:18:27","modified_gmt":"2022-07-05T13:18:27","slug":"gemeenschappen-lopen-leeg","status":"publish","type":"post","link":"https:\/\/catapa.be\/nl\/gemeenschappen-lopen-leeg\/","title":{"rendered":"Gemeenschappen lopen leeg"},"content":{"rendered":"<div class=\"wpb-content-wrapper\"><p>[vc_row][vc_column][vc_column_text]<\/p>\n<h1><em style=\"font-size: 35px;\">\u201cMilieumigranten\u201d op de Boliviaanse Altiplano<\/em><\/h1>\n<div class=\"ds-1col node node-nieuws node-promoted view-mode-full clearfix\">\n<div class=\"field field-name-body field-type-text-with-summary field-label-hidden field-wysiwyg\">\n<div class=\"field-items\">\n<h2 style=\"text-align: justify;\"><em>Het grondwater ruikt naar copajira<\/em><\/h2>\n<p style=\"text-align: justify;\"><span class=\"caption right\"><a href=\"https:\/\/i0.wp.com\/gt.catapa.be\/sites\/default\/files\/wysiwyg\/catapa_migratie_1.jpg?ssl=1\" target=\"_blank\" rel=\"noopener\"><img data-recalc-dims=\"1\" loading=\"lazy\" decoding=\"async\" src=\"https:\/\/i0.wp.com\/gt.catapa.be\/sites\/default\/files\/resize\/wysiwyg\/catapa_migratie_1-280x193.jpg?resize=280%2C193&#038;ssl=1\" alt=\" Zuur water met zware metalen uit de Bolivarmijn stoomt door het Paz\u00f1a rivierbekken\" width=\"280\" height=\"193\" \/><\/a><\/span><\/p>\n<p style=\"text-align: justify;\">Zuur water met zware metalen uit de Bolivarmijn stoomt door het Paz\u00f1a rivierbekken<\/p>\n<p style=\"text-align: justify;\">Vijf families wonen er nog in Alanta\u00f1ita, een\u00a0gemeenschap op zo\u2019n 35 km ten zuiden van de stad Oruro. Ze hebben hun thuis zien veranderen tot een natuurlijke stortplaats van mijnafval. De Huanunimijn loost sinds meer dan een eeuw zijn afvalwater rechtstreeks in de rivier San Juan de Sora Sora, vanwaar het\u00a0doorstroomt tot in Alanta\u00f1ita en vervolgens naar Kochi Pia Kala.\u00a0Sinds de jaren `70 gebruikt men echter ook het giftige acetaat voor de extractie van tin, waardoor het sediment dat zich als een waaier uitspreiden over het land nog sterker\u00a0verontreinigd is.<\/p>\n<p style=\"text-align: justify;\"><span class=\"caption left\"><a href=\"https:\/\/i0.wp.com\/gt.catapa.be\/sites\/default\/files\/wysiwyg\/Artikels\/migration\/catapa_migratie_2.jpg?ssl=1\"><img data-recalc-dims=\"1\" loading=\"lazy\" decoding=\"async\" src=\"https:\/\/i0.wp.com\/gt.catapa.be\/sites\/default\/files\/resize\/wysiwyg\/Artikels\/migration\/catapa_migratie_2-280x193.jpg?resize=280%2C193&#038;ssl=1\" alt=\" Mensen werken in het mijnafval om de laatste beetjes metaal te ontginnen\" width=\"280\" height=\"193\" \/><\/a><\/span><\/p>\n<p style=\"text-align: justify;\">Mensen werken in het mijnafval om de laatste beetjes metaal te ontginnen<\/p>\n<p style=\"text-align: justify;\">Het rivierwater kunnen ze niet meer gebruiken voor consumptie, hun akkers of hun dieren. Sinds het begin van de huidige eeuw heeft de vervuiling zelfs het grondwater bereikt.<\/p>\n<p style=\"text-align: justify;\">\u201cHet grondwater ruikt naar\u00a0copajira\u00a0(zuur mijnwater)\u201d, vertelt Jos\u00e9 (72) uit Kochi Pia Kala die vlakbij het meest zuidelijk punt van het Uru Urumeer woont, \u201clandbouwproductie is er al jaren niet meer, want de aarde is vervuild en er is niets meer dat groeit\u201d.<br \/>\n<span class=\"caption right\"><a href=\"https:\/\/i0.wp.com\/gt.catapa.be\/sites\/default\/files\/wysiwyg\/Artikels\/migration\/catapa_migratie_3.jpg?ssl=1\"><img data-recalc-dims=\"1\" loading=\"lazy\" decoding=\"async\" src=\"https:\/\/i0.wp.com\/gt.catapa.be\/sites\/default\/files\/resize\/wysiwyg\/Artikels\/migration\/catapa_migratie_3-290x193.jpg?resize=290%2C193&#038;ssl=1\" alt=\" Bijeenkomst CORIDUP tijdens het bezoek van de milieuverantwoordelijke van de Huanunimijn\" width=\"290\" height=\"193\" \/><\/a><\/span><\/p>\n<p style=\"text-align: justify;\">Bijeenkomst CORIDUP tijdens het bezoek van de milieuverantwoordelijke van de Huanunimijn<\/p>\n<p style=\"text-align: justify;\">Francisco (60) wil niet weg van het land dat zijn ouders en grootouders goed verzorgden. Hij trekt voor periodes naar het stadje Huanuni, waar hij letterlijk in het afval van de\u00a0mijn werkt om er de laatste beetjes mineraal uit te halen: \u201cGezond is het zeker niet, maar waar ga je anders je brood verdienen op deze plek?\u201d.<br \/>\nIn 2009 werd het rivierbekken van de mijn op nationaal niveau erkend als rampgebied (het zogenaamde\u00a0Decreto Supremo 0335). \u201cEr is sindsdien echter geen verbetering geboekt\u201d klaagt het bestuur van CORIDUP. Sinds 2007 werd de volksbeweging voor de bescherming van de Desaguadero rivier en de meren Uru Uru en Poop\u00f3 opgericht (CORIDUP,\u00a0Coordinadora en Defensa del R\u00edo Desaguadero y Lagos Uru Uru y Poop\u00f3). \u201cDe beloofde opvangbekken is na vele jaren nog steeds niet in gebruik en de geaffecteerde gemeenschappen hebben sindsdien geen enkele vorm van ondersteuning ontvangen.\u201d Sinds 2011 belooft het mijnbedrijf dit opvangbekken te bouwen, echter tot op vandaag is deze tot een \u201c60%\u201d gevorderd volgens de milieuverantwoordelijke.<\/p>\n<h1 style=\"text-align: justify;\">Het vee is met 90% in aantal afgenomen<\/h1>\n<p style=\"text-align: justify;\"><span class=\"caption left\"><a href=\"https:\/\/i0.wp.com\/gt.catapa.be\/sites\/default\/files\/wysiwyg\/Artikels\/migration\/catapa_migratie_4.jpg?ssl=1\"><img data-recalc-dims=\"1\" loading=\"lazy\" decoding=\"async\" src=\"https:\/\/i0.wp.com\/gt.catapa.be\/sites\/default\/files\/resize\/wysiwyg\/Artikels\/migration\/catapa_migratie_4-300x200.jpg?resize=300%2C200&#038;ssl=1\" alt=\" Jonge lammetjes sterven door vervuild rivierwater (Bongaerts A., 2017)\" width=\"300\" height=\"200\" \/><\/a><\/span><\/p>\n<p style=\"text-align: justify;\">Jonge lammetjes sterven door vervuild rivierwater (Bongaerts A., 2017)<\/p>\n<p style=\"text-align: justify;\">Stroomafwaarts van de Kori Kollo goudmijn zijn er waterputten die droog komen staan door de grote wijzigingen die werden aangebracht in de stroming van de Desaguadero rivier. Tijdens de activiteiten van de mijn tussen 1980 en 2010 gebruikte de mijn dagelijks 22.040.000 liter water (Layme F., 2012) of 77% van wat de hele stad per dag verbruikt (SELA, 2011), momenteel zijn de activiteiten stilgelegd, maar wordt de open-put nog voortdurend gevuld met water uit de rivier.<\/p>\n<p style=\"text-align: justify;\"><span class=\"caption right\"><a href=\"https:\/\/i0.wp.com\/gt.catapa.be\/sites\/default\/files\/wysiwyg\/Artikels\/migration\/catapa_migratie_5.jpg?ssl=1\" target=\"_blank\" rel=\"noopener\"><img data-recalc-dims=\"1\" loading=\"lazy\" decoding=\"async\" src=\"https:\/\/i0.wp.com\/gt.catapa.be\/sites\/default\/files\/resize\/wysiwyg\/Artikels\/migration\/catapa_migratie_5-300x200.jpg?resize=300%2C200&#038;ssl=1\" alt=\" Mensen leggen 2 tot 10 km af voor drinkbaar water (Bongaerts A., 2017)\" width=\"300\" height=\"200\" \/><\/a><\/span><\/p>\n<p style=\"text-align: justify;\">Mensen leggen 2 tot 10 km af voor drinkbaar water (Bongaerts A., 2017)<\/p>\n<p style=\"text-align: justify;\">Rom\u00e1n (64) herinnert ooit 800 schapen te hebben gehad. \u201cveel zijn gestorven door het drinken van vervuild water, voor anderen was er niet voldoende drinkwater of gras om te overleven\u201d. Vooral de veeteelt heeft veel geleden onder de vervuiling en is de laatste vijf jaar met 90% afgenomen in Alanta\u00f1ita (Bongaerts A., 2017).<br \/>\n\u201cDe oevers van de rivier worden volledig wit tijdens het droogseizoen\u201d, vertelt Jaime die net ten zuiden van Kori Kollo\u2019s kleine broer \u2013de Kori Chacamijn\u2013 woont. Het water van de Desaguadero rivier is sinds de start van de operaties sterk gezouten ter hoogte van de gemeenschap Santo Tom\u00e1s.<\/p>\n<p style=\"text-align: justify;\"><span class=\"caption left\"><a href=\"https:\/\/i0.wp.com\/gt.catapa.be\/sites\/default\/files\/wysiwyg\/Artikels\/migration\/catapa_migratie_6.jpg?ssl=1\" target=\"_blank\" rel=\"noopener\"><img data-recalc-dims=\"1\" loading=\"lazy\" decoding=\"async\" src=\"https:\/\/i0.wp.com\/gt.catapa.be\/sites\/default\/files\/resize\/wysiwyg\/Artikels\/migration\/catapa_migratie_6-300x200.jpg?resize=300%2C200&#038;ssl=1\" alt=\" De open-put mijn van Kori Kollo heeft een enorme hoop mijnafval achtergelaten\" width=\"300\" height=\"200\" \/><\/a><\/span><\/p>\n<p style=\"text-align: justify;\">De open-put mijn van Kori Kollo heeft een enorme hoop mijnafval achtergelaten<\/p>\n<p style=\"text-align: justify;\">Gemeenschappen stroomafwaarts van de Kori Kollomijn kunnen hun vee niet meer onderhouden en de aantallen zijn sterk ingekrompen. Sommige verzamelen nu stro om te verkopen voor het maken van matrassen, andere proberen bij te verdienen als bouwvakker of door handwerk te verkopen in de stad. Jobs zijn schaars op gedegradeerd land.<\/p>\n<p style=\"text-align: justify;\">Het volk van het water<\/p>\n<p style=\"text-align: justify;\"><span class=\"caption right\"><a href=\"https:\/\/i0.wp.com\/gt.catapa.be\/sites\/default\/files\/wysiwyg\/Artikels\/migration\/catapa_migratie_7.jpg?ssl=1\" target=\"_blank\" rel=\"noopener\"><img data-recalc-dims=\"1\" loading=\"lazy\" decoding=\"async\" src=\"https:\/\/i0.wp.com\/gt.catapa.be\/sites\/default\/files\/resize\/wysiwyg\/Artikels\/migration\/catapa_migratie_7-300x200.jpg?resize=300%2C200&#038;ssl=1\" alt=\" Daniel was ooit Mallku Kota (inheems leider) van de drie Uru Murato gemeenschappen\" width=\"300\" height=\"200\" \/><\/a><\/span><\/p>\n<p style=\"text-align: justify;\">Daniel was ooit Mallku Kota (inheems leider) van de drie Uru Murato gemeenschappen<\/p>\n<p style=\"text-align: justify;\">De inheemse Uru-gemeenschappen noemen zichzelf, \u2018het volk van het water\u2019. Zij ondervinden, meer nog dan van de vervuiling, last van het verdwijnen van het Poop\u00f3meer.\u00a0Hun hele bestaan en geschiedenis is gebaseerd op het meer.\u00a0Door de Aymaras, Inca\u2019s en Spanjaarden werden ze ooit verdreven, waardoor een leven op het meer de enige uitweg was.<\/p>\n<p style=\"text-align: justify;\">De Uru\u2019s zijn wellicht de oudste bewoners van de\u00a0Altiplano en leven traditioneel van vis, gevogelte (vooral eenden en flamingo\u2019s) en vogeleieren. Hun kleding werd van oudsher vervaardigd van pluimen en riet (totora) uit het meer.<\/p>\n<p style=\"text-align: justify;\"><span class=\"caption none\"><a href=\"https:\/\/i0.wp.com\/gt.catapa.be\/sites\/default\/files\/wysiwyg\/Artikels\/migration\/catapa_migratie_9.jpg?ssl=1\" target=\"_blank\" rel=\"noopener\"><img data-recalc-dims=\"1\" loading=\"lazy\" decoding=\"async\" src=\"https:\/\/i0.wp.com\/gt.catapa.be\/sites\/default\/files\/resize\/wysiwyg\/Artikels\/migration\/catapa_migratie_9-280x187.jpg?resize=280%2C187&#038;ssl=1\" alt=\" De jeugd van Pu\u00f1aca leert opnieuw de inheemse Uru-cultuur en -taal\" width=\"280\" height=\"187\" \/><\/a><\/span><\/p>\n<p style=\"text-align: justify;\">De jeugd van Pu\u00f1aca leert opnieuw de inheemse Uru-cultuur en -taal<\/p>\n<p style=\"text-align: justify;\"><span class=\"caption right\"><a href=\"https:\/\/i0.wp.com\/gt.catapa.be\/sites\/default\/files\/wysiwyg\/Artikels\/migration\/catapa_migratie_8.jpg?ssl=1\" target=\"_blank\" rel=\"noopener\"><img data-recalc-dims=\"1\" loading=\"lazy\" decoding=\"async\" src=\"https:\/\/i0.wp.com\/gt.catapa.be\/sites\/default\/files\/resize\/wysiwyg\/Artikels\/migration\/catapa_migratie_8-280x187.jpg?resize=280%2C187&#038;ssl=1\" alt=\" Het Poop\u00f3meer lijkt op een gigantische zoutvlakte\" width=\"280\" height=\"187\" \/><\/a><\/span><\/p>\n<p style=\"text-align: justify;\">Het Poop\u00f3meer lijkt op een gigantische zoutvlakte<\/p>\n<p style=\"text-align: justify;\">Nu zijn ze niet enkel hun inkomstenbron kwijt, ook alternatieven zijn schaars. Door hun vroegere leven op het meer, hebben ze nu amper gronden en kennis ter beschikking om over te schakelen op landbouw of veeteelt.\u00a0Hun cultuur en tradities komen in gevaar, waardoor de hoop nu bij de nieuwe generatie licht. Slagen ze erin hun identiteit te bewaren? En weten ze inkomsten te genereren met de middelen die ze hebben zoals het maken van handwerk of door het implementeren van gemeenschapstoerisme? Of kiezen ze uiteindelijk voor de uitweg in de stad zoals reeds vele Uru\u2019s hun voordeden?<\/p>\n<h1 style=\"text-align: justify;\">Alternatieven buitenshuis<\/h1>\n<p style=\"text-align: justify;\"><span class=\"caption left\"><a href=\"https:\/\/i0.wp.com\/gt.catapa.be\/sites\/default\/files\/wysiwyg\/Artikels\/migration\/catapa_migratie_10.jpg?ssl=1\" target=\"_blank\" rel=\"noopener\"><img data-recalc-dims=\"1\" loading=\"lazy\" decoding=\"async\" src=\"https:\/\/i0.wp.com\/gt.catapa.be\/sites\/default\/files\/resize\/wysiwyg\/Artikels\/migration\/catapa_migratie_10-300x200.jpg?resize=300%2C200&#038;ssl=1\" alt=\" Quinoa is een van de enige granen die op deze zoute gronden kan groeien\" width=\"300\" height=\"200\" \/><\/a><\/span><\/p>\n<p style=\"text-align: justify;\">Quinoa is een van de enige granen die op deze zoute gronden kan groeien<\/p>\n<p style=\"text-align: justify;\">Als je niet meer in je levensonderhoud kan voorzien en gedwongen moet overschakelen op kortstondige werkjes. Men werkt noodgedwongen voor mensen in de stad of in een ander dorp dat vaak tamelijk slecht bereikbaar is door een gebrek aan wegen. Op dat moment is de stap klein je geschiedenis achter te laten en te vertrekken richting de stad.<\/p>\n<p style=\"text-align: justify;\">Ze geven de voortdurende zoektocht naar een manier om de eindjes aan elkaar te knopen op en proberen hun geluk te vinden in de stad. Deze migranten worden door de stadbewoners vaak gezien als een bedreiging voor het goede leven in hun stad, al blijken ze uiteindelijk goedkope werkkrachten die meer dan eens te leiden hebben onder uitbuiting.<\/p>\n<p style=\"text-align: justify;\"><span class=\"caption right\"><a href=\"https:\/\/i0.wp.com\/gt.catapa.be\/sites\/default\/files\/wysiwyg\/Artikels\/migration\/catapa_migratie_11.jpg?ssl=1\" target=\"_blank\" rel=\"noopener\"><img data-recalc-dims=\"1\" loading=\"lazy\" decoding=\"async\" src=\"https:\/\/i0.wp.com\/gt.catapa.be\/sites\/default\/files\/resize\/wysiwyg\/Artikels\/migration\/catapa_migratie_11-300x200.jpg?resize=300%2C200&#038;ssl=1\" alt=\" De stad Oruro is onderhevig aan een enorme groei\" width=\"300\" height=\"200\" \/><\/a><\/span><\/p>\n<p style=\"text-align: justify;\">De stad Oruro is onderhevig aan een enorme groei<\/p>\n<p style=\"text-align: justify;\">Vooral jongvolwassenen, maar ook hele gezinnen gaan op de vlucht voor een veranderend milieu en een onleefbare omgeving. En zo loopt momenteel de uitgestrekte Altiplano leeg en groeien de steden aan. Sommigen vertrekken naar de buurlanden zoals Argentini\u00eb en Chili.<br \/>\nNiet alle migranten die in de stad aankomen blijven daar ook, omdat ze zien dat de kansen beperkt zijn, dat hun werk niet geapprecieerd wordt en omdat ze merken dat ze worden uitgebuit. In vele gevallen gaat het over mensen die nooit goed hebben leren schrijven en problemen ondervinden om zich goed te integreren. Ze proberen terug te keren naar een veiligere en bekende omgeving, hoewel dit niet steeds evident is door gebrek aan middelen of omdat men is bang om als mislukkeling bekeken te worden door vrienden en familie.<\/p>\n<p style=\"text-align: justify;\">De zogenaamde \u201cdubbele residentie\u201d is hier op de schrale Altiplano nog het meest voorkomende fenomeen: Door de week werkt men in de stad, maar in het weekend keert men steevast naar \u201chuis\u201d. Men voelt zich nog deel van zijn gemeenschap op het platteland en wil daar geen verandering in brengen. Leven van het land dat men vroeger bewerkte of waar men vroeger vee op liet grazen, kan echter niet meer.<br \/>\nIn het dorp Pu\u00f1aca is er bijvoorbeeld zo goed als niemand, die niet ooit uit het dorp is weggetrokken. In Alanta\u00f1ita wonen nog 5 gezinnen op leeftijd. De jeugd en 50tal families (Perreault, 2011) hebben andere oorden opgezocht. Vanuit het dorp worden zij die emigreren slecht bekeken of men denk dat ze rijk en verwend zijn. Onderlinge relaties worden er in elk geval niet beter op. Hun cultuur, gewoonten, geschiedenis\u2026 hun hele identiteit en voorouderlijke kennis gaan daarbij verloren.<\/p>\n<h1 style=\"text-align: justify;\">Is een milieumigrant werkelijk een vluchteling?<\/h1>\n<p style=\"text-align: justify;\"><span class=\"caption left\"><img data-recalc-dims=\"1\" loading=\"lazy\" decoding=\"async\" src=\"https:\/\/i0.wp.com\/gt.catapa.be\/sites\/default\/files\/resize\/wysiwyg\/Artikels\/migration\/catapa_migratie_12-300x200.jpg?resize=300%2C200&#038;ssl=1\" alt=\" Het huis van Don Francisco (66) in Alanta\u00f1ita\" width=\"300\" height=\"200\" \/><\/span><\/p>\n<p style=\"text-align: justify;\">Het huis van Don Francisco (66) in Alanta\u00f1ita<\/p>\n<p style=\"text-align: justify;\">De mens heeft al heel de geschiedenis migraties of massamigraties meegemaakt door veranderingen in het klimaat of milieudegradatie. Echter, de laatste jaren is dat aantal enorm toegenomen en de voorspellingen zijn niet beter: zo zou het aantal personen dat onder watertekort leidt, wordt verwacht toe te nemen van 1400 miljoen in 2005 tot 2800 \u00e0 6900 miljoen in 2050 (Castillo J.M., 2011).<br \/>\n<span class=\"caption right\"><a href=\"https:\/\/i0.wp.com\/gt.catapa.be\/sites\/default\/files\/wysiwyg\/catapa_migratie_14.jpg?ssl=1\" target=\"_blank\" rel=\"noopener\"><img data-recalc-dims=\"1\" loading=\"lazy\" decoding=\"async\" src=\"https:\/\/i0.wp.com\/gt.catapa.be\/sites\/default\/files\/resize\/wysiwyg\/catapa_migratie_14-300x200.jpg?resize=300%2C200&#038;ssl=1\" alt=\"Het derde congres van de CORIDUP kiest opvolgers voor de directie voor de komende 3 jaar\" width=\"300\" height=\"200\" \/><\/a><\/span><\/p>\n<p style=\"text-align: justify;\">Het derde congres van de CORIDUP kiest opvolgers voor de directie voor de komende 3 jaar<\/p>\n<p style=\"text-align: justify;\">\u201cMilieuvluchteling\u201d is een nieuw begrip in discussie. Met het huidige juridische kader om erkend te worden als vluchteling moet de reden voor asiel erkend zijn door het ontvangende land, moet het leven van de migrant duidelijk bedreigd zijn en moet de verplaatsing naar een ander land zijn.<br \/>\nSinds de goedkeuring van Conventie van Gen\u00e8ve in 1951 waarin dit kader werd vastgelegd is er echter veel verandert in relatie tot de afkomst en motieven van de gedwongen migraties. In 2005, tijdens de Wereldconferentie over de preventie van natuurrampen in Kobe werd overeengekomen ook ondersteuning en bescherming te bieden aan de migranten die zich gedwongen verplaatsen met als reden de degradatie van hun omgeving. Dit akkoord is voorlopig echter beperkt tot wat letters op papier.<br \/>\nDeze migranten op de Boliviaanse Altiplano zullen ten tweede vaak socio-economische redenen aanhalen voor hun migratie, hoewel een directe bedreiging door een verandering in hun milieu de eigenlijke oorzaak is. De grens tussen gedwongen en vrijwillige migratie is dan ook heel moeilijk te trekken.<br \/>\n<span class=\"caption left\"><a href=\"https:\/\/i0.wp.com\/gt.catapa.be\/sites\/default\/files\/wysiwyg\/Artikels\/migration\/catapa_migratie_15.jpg?ssl=1\" target=\"_blank\" rel=\"noopener\"><img data-recalc-dims=\"1\" loading=\"lazy\" decoding=\"async\" src=\"https:\/\/i0.wp.com\/gt.catapa.be\/sites\/default\/files\/resize\/wysiwyg\/Artikels\/migration\/catapa_migratie_15-300x200.jpg?resize=300%2C200&#038;ssl=1\" alt=\" De tinmijn in Huanuni loost het gebruikte water zonder enige behandeling in de rivier\" width=\"300\" height=\"200\" \/><\/a><\/span><\/p>\n<p style=\"text-align: justify;\">De tinmijn in Huanuni loost het gebruikte water zonder enige behandeling in de rivier<\/p>\n<p style=\"text-align: justify;\">Tot slot zijn onmogelijk getallen op te plakken omdat de meeste milieumigranten in eigen land blijven en de redenen niet altijd eenduidig zijn.<br \/>\nMijnen die zogezegd jobs en welvaart brengen, geven inkomsten aan enkelingen, maar verstoren op lange termijn sociale structuren en trekken hele families uiteen.<\/p>\n<p style=\"text-align: justify;\"><strong>Alberto V\u00e1zquez Ruiz &amp; Silke Ronsse<\/strong><\/p>\n<\/div>\n<\/div>\n<\/div>\n<p>[\/vc_column_text][\/vc_column][\/vc_row]<\/p>\n<\/div>","protected":false},"excerpt":{"rendered":"<p>[vc_row][vc_column][vc_column_text] \u201cMilieumigranten\u201d op de Boliviaanse Altiplano Het grondwater ruikt naar copajira Zuur water met zware metalen uit de Bolivarmijn stoomt door het Paz\u00f1a rivierbekken Vijf families wonen er nog in Alanta\u00f1ita, een\u00a0gemeenschap op zo\u2019n 35<br \/><a class=\"read-more\" href=\"https:\/\/catapa.be\/nl\/gemeenschappen-lopen-leeg\/\">Read More<\/a><\/p>\n","protected":false},"author":27,"featured_media":0,"comment_status":"open","ping_status":"open","sticky":false,"template":"","format":"standard","meta":{"_exactmetrics_skip_tracking":false,"_exactmetrics_sitenote_active":false,"_exactmetrics_sitenote_note":"","_exactmetrics_sitenote_category":0,"jetpack_post_was_ever_published":false,"_jetpack_newsletter_access":"","_jetpack_dont_email_post_to_subs":false,"_jetpack_newsletter_tier_id":0,"_jetpack_memberships_contains_paywalled_content":false,"_jetpack_memberships_contains_paid_content":false,"footnotes":"","jetpack_publicize_message":"","jetpack_publicize_feature_enabled":true,"jetpack_social_post_already_shared":true,"jetpack_social_options":{"image_generator_settings":{"template":"highway","default_image_id":0,"font":"","enabled":false},"version":2}},"categories":[494,850],"tags":[1146,699,984,1151,968,1152],"class_list":["post-30673","post","type-post","status-publish","format-standard","hentry","category-bolivia-nl","category-generatie-transitie","tag-altiplano","tag-bolivia-nl","tag-klimaat","tag-migratie","tag-oruro","tag-vluchteling"],"yoast_head":"<!-- This site is optimized with the Yoast SEO plugin v26.8 - https:\/\/yoast.com\/product\/yoast-seo-wordpress\/ -->\n<title>Gemeenschappen lopen leeg - CATAPA vzw<\/title>\n<meta name=\"robots\" content=\"index, follow, max-snippet:-1, max-image-preview:large, max-video-preview:-1\" \/>\n<link rel=\"canonical\" href=\"https:\/\/catapa.be\/nl\/gemeenschappen-lopen-leeg\/\" \/>\n<meta property=\"og:locale\" content=\"nl_NL\" \/>\n<meta property=\"og:type\" content=\"article\" \/>\n<meta property=\"og:title\" content=\"Gemeenschappen lopen leeg - CATAPA vzw\" \/>\n<meta property=\"og:description\" content=\"[vc_row][vc_column][vc_column_text] \u201cMilieumigranten\u201d op de Boliviaanse Altiplano Het grondwater ruikt naar copajira Zuur water met zware metalen uit de Bolivarmijn stoomt door het Paz\u00f1a rivierbekken Vijf families wonen er nog in Alanta\u00f1ita, een\u00a0gemeenschap op zo\u2019n 35Read More\" \/>\n<meta property=\"og:url\" content=\"https:\/\/catapa.be\/nl\/gemeenschappen-lopen-leeg\/\" \/>\n<meta property=\"og:site_name\" content=\"CATAPA vzw\" \/>\n<meta property=\"article:publisher\" content=\"https:\/\/www.facebook.com\/catapa.belgium\/\" \/>\n<meta property=\"article:published_time\" content=\"2017-09-12T13:03:43+00:00\" \/>\n<meta property=\"article:modified_time\" content=\"2022-07-05T13:18:27+00:00\" \/>\n<meta property=\"og:image\" content=\"https:\/\/gt.catapa.be\/sites\/default\/files\/resize\/wysiwyg\/catapa_migratie_1-280x193.jpg\" \/>\n<meta name=\"author\" content=\"Karlijn Van den Broeck\" \/>\n<meta name=\"twitter:card\" content=\"summary_large_image\" \/>\n<meta name=\"twitter:creator\" content=\"@CATAPA_Belgica\" \/>\n<meta name=\"twitter:site\" content=\"@CATAPA_Belgica\" \/>\n<meta name=\"twitter:label1\" content=\"Geschreven door\" \/>\n\t<meta name=\"twitter:data1\" content=\"Karlijn Van den Broeck\" \/>\n\t<meta name=\"twitter:label2\" content=\"Geschatte leestijd\" \/>\n\t<meta name=\"twitter:data2\" content=\"10 minuten\" \/>\n<script type=\"application\/ld+json\" class=\"yoast-schema-graph\">{\"@context\":\"https:\/\/schema.org\",\"@graph\":[{\"@type\":\"Article\",\"@id\":\"https:\/\/catapa.be\/nl\/gemeenschappen-lopen-leeg\/#article\",\"isPartOf\":{\"@id\":\"https:\/\/catapa.be\/nl\/gemeenschappen-lopen-leeg\/\"},\"author\":{\"name\":\"Karlijn Van den Broeck\",\"@id\":\"https:\/\/catapa.be\/nl\/#\/schema\/person\/336950e24c234446f44d3a9531697b5b\"},\"headline\":\"Gemeenschappen lopen leeg\",\"datePublished\":\"2017-09-12T13:03:43+00:00\",\"dateModified\":\"2022-07-05T13:18:27+00:00\",\"mainEntityOfPage\":{\"@id\":\"https:\/\/catapa.be\/nl\/gemeenschappen-lopen-leeg\/\"},\"wordCount\":1622,\"commentCount\":0,\"publisher\":{\"@id\":\"https:\/\/catapa.be\/nl\/#organization\"},\"image\":{\"@id\":\"https:\/\/catapa.be\/nl\/gemeenschappen-lopen-leeg\/#primaryimage\"},\"thumbnailUrl\":\"https:\/\/gt.catapa.be\/sites\/default\/files\/resize\/wysiwyg\/catapa_migratie_1-280x193.jpg\",\"keywords\":[\"Altiplano\",\"Bolivia\",\"klimaat\",\"migratie\",\"Oruro\",\"vluchteling\"],\"articleSection\":[\"Bolivia\",\"Generatie Transitie\"],\"inLanguage\":\"nl-NL\",\"potentialAction\":[{\"@type\":\"CommentAction\",\"name\":\"Comment\",\"target\":[\"https:\/\/catapa.be\/nl\/gemeenschappen-lopen-leeg\/#respond\"]}]},{\"@type\":\"WebPage\",\"@id\":\"https:\/\/catapa.be\/nl\/gemeenschappen-lopen-leeg\/\",\"url\":\"https:\/\/catapa.be\/nl\/gemeenschappen-lopen-leeg\/\",\"name\":\"Gemeenschappen lopen leeg - CATAPA vzw\",\"isPartOf\":{\"@id\":\"https:\/\/catapa.be\/nl\/#website\"},\"primaryImageOfPage\":{\"@id\":\"https:\/\/catapa.be\/nl\/gemeenschappen-lopen-leeg\/#primaryimage\"},\"image\":{\"@id\":\"https:\/\/catapa.be\/nl\/gemeenschappen-lopen-leeg\/#primaryimage\"},\"thumbnailUrl\":\"https:\/\/gt.catapa.be\/sites\/default\/files\/resize\/wysiwyg\/catapa_migratie_1-280x193.jpg\",\"datePublished\":\"2017-09-12T13:03:43+00:00\",\"dateModified\":\"2022-07-05T13:18:27+00:00\",\"breadcrumb\":{\"@id\":\"https:\/\/catapa.be\/nl\/gemeenschappen-lopen-leeg\/#breadcrumb\"},\"inLanguage\":\"nl-NL\",\"potentialAction\":[{\"@type\":\"ReadAction\",\"target\":[\"https:\/\/catapa.be\/nl\/gemeenschappen-lopen-leeg\/\"]}]},{\"@type\":\"ImageObject\",\"inLanguage\":\"nl-NL\",\"@id\":\"https:\/\/catapa.be\/nl\/gemeenschappen-lopen-leeg\/#primaryimage\",\"url\":\"https:\/\/gt.catapa.be\/sites\/default\/files\/resize\/wysiwyg\/catapa_migratie_1-280x193.jpg\",\"contentUrl\":\"https:\/\/gt.catapa.be\/sites\/default\/files\/resize\/wysiwyg\/catapa_migratie_1-280x193.jpg\"},{\"@type\":\"BreadcrumbList\",\"@id\":\"https:\/\/catapa.be\/nl\/gemeenschappen-lopen-leeg\/#breadcrumb\",\"itemListElement\":[{\"@type\":\"ListItem\",\"position\":1,\"name\":\"Home\",\"item\":\"https:\/\/catapa.be\/nl\/\"},{\"@type\":\"ListItem\",\"position\":2,\"name\":\"Gemeenschappen lopen leeg\"}]},{\"@type\":\"WebSite\",\"@id\":\"https:\/\/catapa.be\/nl\/#website\",\"url\":\"https:\/\/catapa.be\/nl\/\",\"name\":\"CATAPA vzw\",\"description\":\"Comit\u00e9 Acad\u00e9mico T\u00e9cnico de Asesoramiento a Problemas Ambientales\",\"publisher\":{\"@id\":\"https:\/\/catapa.be\/nl\/#organization\"},\"potentialAction\":[{\"@type\":\"SearchAction\",\"target\":{\"@type\":\"EntryPoint\",\"urlTemplate\":\"https:\/\/catapa.be\/nl\/?s={search_term_string}\"},\"query-input\":{\"@type\":\"PropertyValueSpecification\",\"valueRequired\":true,\"valueName\":\"search_term_string\"}}],\"inLanguage\":\"nl-NL\"},{\"@type\":\"Organization\",\"@id\":\"https:\/\/catapa.be\/nl\/#organization\",\"name\":\"CATAPA vzw\",\"url\":\"https:\/\/catapa.be\/nl\/\",\"logo\":{\"@type\":\"ImageObject\",\"inLanguage\":\"nl-NL\",\"@id\":\"https:\/\/catapa.be\/nl\/#\/schema\/logo\/image\/\",\"url\":\"https:\/\/i0.wp.com\/catapa.be\/wp-content\/uploads\/2019\/02\/NEW20LOGO20SHORT20PNG1.png?fit=1259%2C1321&ssl=1\",\"contentUrl\":\"https:\/\/i0.wp.com\/catapa.be\/wp-content\/uploads\/2019\/02\/NEW20LOGO20SHORT20PNG1.png?fit=1259%2C1321&ssl=1\",\"width\":1259,\"height\":1321,\"caption\":\"CATAPA vzw\"},\"image\":{\"@id\":\"https:\/\/catapa.be\/nl\/#\/schema\/logo\/image\/\"},\"sameAs\":[\"https:\/\/www.facebook.com\/catapa.belgium\/\",\"https:\/\/x.com\/CATAPA_Belgica\",\"https:\/\/www.instagram.com\/catapa_vzw\/\",\"https:\/\/be.linkedin.com\/company\/catapavzw\",\"https:\/\/www.youtube.com\/channel\/UCE52-Fiyv-Fpqf2gi1qhf1g\"]},{\"@type\":\"Person\",\"@id\":\"https:\/\/catapa.be\/nl\/#\/schema\/person\/336950e24c234446f44d3a9531697b5b\",\"name\":\"Karlijn Van den Broeck\",\"url\":\"https:\/\/catapa.be\/nl\/author\/karlijn\/\"}]}<\/script>\n<!-- \/ Yoast SEO plugin. -->","yoast_head_json":{"title":"Gemeenschappen lopen leeg - CATAPA vzw","robots":{"index":"index","follow":"follow","max-snippet":"max-snippet:-1","max-image-preview":"max-image-preview:large","max-video-preview":"max-video-preview:-1"},"canonical":"https:\/\/catapa.be\/nl\/gemeenschappen-lopen-leeg\/","og_locale":"nl_NL","og_type":"article","og_title":"Gemeenschappen lopen leeg - CATAPA vzw","og_description":"[vc_row][vc_column][vc_column_text] \u201cMilieumigranten\u201d op de Boliviaanse Altiplano Het grondwater ruikt naar copajira Zuur water met zware metalen uit de Bolivarmijn stoomt door het Paz\u00f1a rivierbekken Vijf families wonen er nog in Alanta\u00f1ita, een\u00a0gemeenschap op zo\u2019n 35Read More","og_url":"https:\/\/catapa.be\/nl\/gemeenschappen-lopen-leeg\/","og_site_name":"CATAPA vzw","article_publisher":"https:\/\/www.facebook.com\/catapa.belgium\/","article_published_time":"2017-09-12T13:03:43+00:00","article_modified_time":"2022-07-05T13:18:27+00:00","og_image":[{"url":"https:\/\/gt.catapa.be\/sites\/default\/files\/resize\/wysiwyg\/catapa_migratie_1-280x193.jpg","type":"","width":"","height":""}],"author":"Karlijn Van den Broeck","twitter_card":"summary_large_image","twitter_creator":"@CATAPA_Belgica","twitter_site":"@CATAPA_Belgica","twitter_misc":{"Geschreven door":"Karlijn Van den Broeck","Geschatte leestijd":"10 minuten"},"schema":{"@context":"https:\/\/schema.org","@graph":[{"@type":"Article","@id":"https:\/\/catapa.be\/nl\/gemeenschappen-lopen-leeg\/#article","isPartOf":{"@id":"https:\/\/catapa.be\/nl\/gemeenschappen-lopen-leeg\/"},"author":{"name":"Karlijn Van den Broeck","@id":"https:\/\/catapa.be\/nl\/#\/schema\/person\/336950e24c234446f44d3a9531697b5b"},"headline":"Gemeenschappen lopen leeg","datePublished":"2017-09-12T13:03:43+00:00","dateModified":"2022-07-05T13:18:27+00:00","mainEntityOfPage":{"@id":"https:\/\/catapa.be\/nl\/gemeenschappen-lopen-leeg\/"},"wordCount":1622,"commentCount":0,"publisher":{"@id":"https:\/\/catapa.be\/nl\/#organization"},"image":{"@id":"https:\/\/catapa.be\/nl\/gemeenschappen-lopen-leeg\/#primaryimage"},"thumbnailUrl":"https:\/\/gt.catapa.be\/sites\/default\/files\/resize\/wysiwyg\/catapa_migratie_1-280x193.jpg","keywords":["Altiplano","Bolivia","klimaat","migratie","Oruro","vluchteling"],"articleSection":["Bolivia","Generatie Transitie"],"inLanguage":"nl-NL","potentialAction":[{"@type":"CommentAction","name":"Comment","target":["https:\/\/catapa.be\/nl\/gemeenschappen-lopen-leeg\/#respond"]}]},{"@type":"WebPage","@id":"https:\/\/catapa.be\/nl\/gemeenschappen-lopen-leeg\/","url":"https:\/\/catapa.be\/nl\/gemeenschappen-lopen-leeg\/","name":"Gemeenschappen lopen leeg - CATAPA vzw","isPartOf":{"@id":"https:\/\/catapa.be\/nl\/#website"},"primaryImageOfPage":{"@id":"https:\/\/catapa.be\/nl\/gemeenschappen-lopen-leeg\/#primaryimage"},"image":{"@id":"https:\/\/catapa.be\/nl\/gemeenschappen-lopen-leeg\/#primaryimage"},"thumbnailUrl":"https:\/\/gt.catapa.be\/sites\/default\/files\/resize\/wysiwyg\/catapa_migratie_1-280x193.jpg","datePublished":"2017-09-12T13:03:43+00:00","dateModified":"2022-07-05T13:18:27+00:00","breadcrumb":{"@id":"https:\/\/catapa.be\/nl\/gemeenschappen-lopen-leeg\/#breadcrumb"},"inLanguage":"nl-NL","potentialAction":[{"@type":"ReadAction","target":["https:\/\/catapa.be\/nl\/gemeenschappen-lopen-leeg\/"]}]},{"@type":"ImageObject","inLanguage":"nl-NL","@id":"https:\/\/catapa.be\/nl\/gemeenschappen-lopen-leeg\/#primaryimage","url":"https:\/\/gt.catapa.be\/sites\/default\/files\/resize\/wysiwyg\/catapa_migratie_1-280x193.jpg","contentUrl":"https:\/\/gt.catapa.be\/sites\/default\/files\/resize\/wysiwyg\/catapa_migratie_1-280x193.jpg"},{"@type":"BreadcrumbList","@id":"https:\/\/catapa.be\/nl\/gemeenschappen-lopen-leeg\/#breadcrumb","itemListElement":[{"@type":"ListItem","position":1,"name":"Home","item":"https:\/\/catapa.be\/nl\/"},{"@type":"ListItem","position":2,"name":"Gemeenschappen lopen leeg"}]},{"@type":"WebSite","@id":"https:\/\/catapa.be\/nl\/#website","url":"https:\/\/catapa.be\/nl\/","name":"CATAPA vzw","description":"Comit\u00e9 Acad\u00e9mico T\u00e9cnico de Asesoramiento a Problemas Ambientales","publisher":{"@id":"https:\/\/catapa.be\/nl\/#organization"},"potentialAction":[{"@type":"SearchAction","target":{"@type":"EntryPoint","urlTemplate":"https:\/\/catapa.be\/nl\/?s={search_term_string}"},"query-input":{"@type":"PropertyValueSpecification","valueRequired":true,"valueName":"search_term_string"}}],"inLanguage":"nl-NL"},{"@type":"Organization","@id":"https:\/\/catapa.be\/nl\/#organization","name":"CATAPA vzw","url":"https:\/\/catapa.be\/nl\/","logo":{"@type":"ImageObject","inLanguage":"nl-NL","@id":"https:\/\/catapa.be\/nl\/#\/schema\/logo\/image\/","url":"https:\/\/i0.wp.com\/catapa.be\/wp-content\/uploads\/2019\/02\/NEW20LOGO20SHORT20PNG1.png?fit=1259%2C1321&ssl=1","contentUrl":"https:\/\/i0.wp.com\/catapa.be\/wp-content\/uploads\/2019\/02\/NEW20LOGO20SHORT20PNG1.png?fit=1259%2C1321&ssl=1","width":1259,"height":1321,"caption":"CATAPA vzw"},"image":{"@id":"https:\/\/catapa.be\/nl\/#\/schema\/logo\/image\/"},"sameAs":["https:\/\/www.facebook.com\/catapa.belgium\/","https:\/\/x.com\/CATAPA_Belgica","https:\/\/www.instagram.com\/catapa_vzw\/","https:\/\/be.linkedin.com\/company\/catapavzw","https:\/\/www.youtube.com\/channel\/UCE52-Fiyv-Fpqf2gi1qhf1g"]},{"@type":"Person","@id":"https:\/\/catapa.be\/nl\/#\/schema\/person\/336950e24c234446f44d3a9531697b5b","name":"Karlijn Van den Broeck","url":"https:\/\/catapa.be\/nl\/author\/karlijn\/"}]}},"jetpack_publicize_connections":[],"jetpack_featured_media_url":"","jetpack_sharing_enabled":true,"jetpack_likes_enabled":true,"jetpack-related-posts":[{"id":30685,"url":"https:\/\/catapa.be\/nl\/altiplano-onder-invloed-van-droogte\/","url_meta":{"origin":30673,"position":0},"title":"Altiplano onder invloed van droogte","author":"Alan Gonz\u00e1lez Morales","date":"4 december 2016","format":false,"excerpt":"[vc_row][vc_column][vc_column_text] De situatie op de Altiplano is kritiek. Het regenseizoen blijft uit en de meren en reservoirs liggen droog. In de stad is de watertoevoer her en der afgesloten waardoor protesten ontstaan, maar des te kritieker is de situatie op het platteland. Het vee heeft water nodig, er is natuurlijk\u2026","rel":"","context":"In &quot;Geen onderdeel van een categorie&quot;","block_context":{"text":"Geen onderdeel van een categorie","link":"https:\/\/catapa.be\/nl\/category\/geen-onderdeel-van-een-categorie\/"},"img":{"alt_text":" \u00a9 Avalon Veldstra, CATAPA","src":"https:\/\/i0.wp.com\/gt.catapa.be\/sites\/default\/files\/resize\/wysiwyg\/Cases\/Bolivia\/Artikels\/untavi_droogte-400x300.jpg?resize=350%2C200&ssl=1","width":350,"height":200},"classes":[]},{"id":10156,"url":"https:\/\/catapa.be\/nl\/neo-extractivisme-en-repressie-van-sociaal-protest-in-bolivia\/","url_meta":{"origin":30673,"position":1},"title":"Neo-extractivisme en repressie van sociaal protest in Bolivia","author":"Lore Raport","date":"26 februari 2019","format":false,"excerpt":"[vc_row][vc_column][vc_custom_heading text=\"Neo-extractivisme en repressie van sociaal protest in Bolivia\" font_container=\"tag:h2|text_align:center\" google_fonts=\"font_family:Quicksand%3A300%2Cregular%2C700|font_style:400%20regular%3A400%3Anormal\"][vc_column_text]Lore Raport, 18 februari 2019[\/vc_column_text][vc_column_text]Boliviaanse Altiplano We kijken uit over een gigantische droge zoutvlakte. Bootjes liggen omgekeerd op de barsten in de zilte grond. In de dorpen rondom leggen technisch werkloze vissers zich noodgedwongen toe op het verbouwen van quinoa\u2026","rel":"","context":"In &quot;Bolivia&quot;","block_context":{"text":"Bolivia","link":"https:\/\/catapa.be\/nl\/category\/partnerlanden\/bolivia-nl\/"},"img":{"alt_text":"","src":"https:\/\/i0.wp.com\/catapa.be\/wp-content\/uploads\/2019\/02\/chinos_altiplano-min.jpg?fit=1200%2C800&ssl=1&resize=350%2C200","width":350,"height":200,"srcset":"https:\/\/i0.wp.com\/catapa.be\/wp-content\/uploads\/2019\/02\/chinos_altiplano-min.jpg?fit=1200%2C800&ssl=1&resize=350%2C200 1x, https:\/\/i0.wp.com\/catapa.be\/wp-content\/uploads\/2019\/02\/chinos_altiplano-min.jpg?fit=1200%2C800&ssl=1&resize=525%2C300 1.5x, https:\/\/i0.wp.com\/catapa.be\/wp-content\/uploads\/2019\/02\/chinos_altiplano-min.jpg?fit=1200%2C800&ssl=1&resize=700%2C400 2x, https:\/\/i0.wp.com\/catapa.be\/wp-content\/uploads\/2019\/02\/chinos_altiplano-min.jpg?fit=1200%2C800&ssl=1&resize=1050%2C600 3x"},"classes":[]},{"id":30343,"url":"https:\/\/catapa.be\/nl\/milieurapport-kori-kollo-goudmijn-oruro-bolivia-prangende-vragen-en-teleurstellende-antwoorden\/","url_meta":{"origin":30673,"position":2},"title":"Milieurapport Kori Kollo goudmijn (Oruro, Bolivia): Prangende vragen en teleurstellende antwoorden","author":"Truike Geerts","date":"19 november 2012","format":false,"excerpt":"[vc_row][vc_column][vc_column_text]De stad Oruro (Bolivia) is al een mijnbouwstad sinds haar ontstaan in 1606. Dat laat zijn sporen na. Aan het begin van de 21ste eeuw zijn de recentste sporen afkomstig van de Amerikaanse multinational Newmont Mining die er tot 2009 aandeelhouder was van 2 open pit mijnen. In \u00e9\u00e9n van\u2026","rel":"","context":"In &quot;Bolivia&quot;","block_context":{"text":"Bolivia","link":"https:\/\/catapa.be\/nl\/category\/partnerlanden\/bolivia-nl\/"},"img":{"alt_text":"","src":"","width":0,"height":0},"classes":[]},{"id":30371,"url":"https:\/\/catapa.be\/nl\/klimaatverandering-en-mijnbouwvervuiling-veroorzaken-milieuramp-in-het-poopo-meer-bolivia\/","url_meta":{"origin":30673,"position":3},"title":"Klimaatverandering en mijnbouwvervuiling veroorzaken milieuramp in het Poop\u00f3 meer, Bolivia","author":"admin","date":"3 januari 2015","format":false,"excerpt":"[vc_row][vc_column][vc_column_text] In het hart van de Boliviaanse altiplano wordt het Poop\u00f3 meer reeds decennia lang bedreigd door uitdroging, verzilting en vervuiling. Het meer wordt beschermd door de internationale RAMSAR conventie voor watergebieden en vormt voor vele inwoners van de regio Oruro de voornaamste bron van inkomsten en (over)leven. De aantasting\u2026","rel":"","context":"In &quot;Bolivia&quot;","block_context":{"text":"Bolivia","link":"https:\/\/catapa.be\/nl\/category\/partnerlanden\/bolivia-nl\/"},"img":{"alt_text":"","src":"","width":0,"height":0},"classes":[]},{"id":30384,"url":"https:\/\/catapa.be\/nl\/een-magere-vangst-dit-jaar\/","url_meta":{"origin":30673,"position":4},"title":"&#8220;Een magere vangst dit jaar&#8221;","author":"Connor Cashell","date":"30 april 2012","format":false,"excerpt":"[vc_row][vc_column][vc_column_text] \"Een magere vangst dit jaar\" \u201cGisterennacht\u00a0 haalde ik maar 2 kilogram vis op ... \u201d vertelt Felix Quiroz, \u201c... net genoeg om mijn familie eten te geven. Ik moet deze nacht toch zeker 20 kilo proberen binnenhalen.\u201d Don Felix Quiroz is al meer dan 20 jaar visser op het\u2026","rel":"","context":"In &quot;Bolivia&quot;","block_context":{"text":"Bolivia","link":"https:\/\/catapa.be\/nl\/category\/partnerlanden\/bolivia-nl\/"},"img":{"alt_text":"","src":"","width":0,"height":0},"classes":[]},{"id":30864,"url":"https:\/\/catapa.be\/nl\/een-jaar-in-oruro\/","url_meta":{"origin":30673,"position":5},"title":"Een jaar in Oruro","author":"Alan Gonz\u00e1lez Morales","date":"7 mei 2017","format":false,"excerpt":"Sinds mei 2016 was antropologe Avalon werkzaam in Oruro, op de Boliviaanse hoogvlakte. Via CATAPA en de Nederlandse stichting\u00a0Samenwerkingsverband Hooglanden Indianen (SHI)\u00a0co\u00f6rdineerde zij het project \u2018Oogsten van Hemelwater\u2019 bij de lokale partnerorganisatie\u00a0Centro de Ecolog\u00eda y Pueblos Andinos (CEPA). Nu een jaar later is zij teruggekeerd en vertelt ze over haar\u2026","rel":"","context":"In &quot;Bolivia&quot;","block_context":{"text":"Bolivia","link":"https:\/\/catapa.be\/nl\/category\/partnerlanden\/bolivia-nl\/"},"img":{"alt_text":"","src":"https:\/\/i0.wp.com\/gt.catapa.be\/sites\/default\/files\/wysiwyg\/Events\/CATAPA\/others\/_dsc7670.jpg?resize=350%2C200&ssl=1","width":350,"height":200,"srcset":"https:\/\/i0.wp.com\/gt.catapa.be\/sites\/default\/files\/wysiwyg\/Events\/CATAPA\/others\/_dsc7670.jpg?resize=350%2C200&ssl=1 1x, https:\/\/i0.wp.com\/gt.catapa.be\/sites\/default\/files\/wysiwyg\/Events\/CATAPA\/others\/_dsc7670.jpg?resize=525%2C300&ssl=1 1.5x, https:\/\/i0.wp.com\/gt.catapa.be\/sites\/default\/files\/wysiwyg\/Events\/CATAPA\/others\/_dsc7670.jpg?resize=700%2C400&ssl=1 2x, https:\/\/i0.wp.com\/gt.catapa.be\/sites\/default\/files\/wysiwyg\/Events\/CATAPA\/others\/_dsc7670.jpg?resize=1050%2C600&ssl=1 3x"},"classes":[]}],"_links":{"self":[{"href":"https:\/\/catapa.be\/nl\/wp-json\/wp\/v2\/posts\/30673","targetHints":{"allow":["GET"]}}],"collection":[{"href":"https:\/\/catapa.be\/nl\/wp-json\/wp\/v2\/posts"}],"about":[{"href":"https:\/\/catapa.be\/nl\/wp-json\/wp\/v2\/types\/post"}],"author":[{"embeddable":true,"href":"https:\/\/catapa.be\/nl\/wp-json\/wp\/v2\/users\/27"}],"replies":[{"embeddable":true,"href":"https:\/\/catapa.be\/nl\/wp-json\/wp\/v2\/comments?post=30673"}],"version-history":[{"count":2,"href":"https:\/\/catapa.be\/nl\/wp-json\/wp\/v2\/posts\/30673\/revisions"}],"predecessor-version":[{"id":30708,"href":"https:\/\/catapa.be\/nl\/wp-json\/wp\/v2\/posts\/30673\/revisions\/30708"}],"wp:attachment":[{"href":"https:\/\/catapa.be\/nl\/wp-json\/wp\/v2\/media?parent=30673"}],"wp:term":[{"taxonomy":"category","embeddable":true,"href":"https:\/\/catapa.be\/nl\/wp-json\/wp\/v2\/categories?post=30673"},{"taxonomy":"post_tag","embeddable":true,"href":"https:\/\/catapa.be\/nl\/wp-json\/wp\/v2\/tags?post=30673"}],"curies":[{"name":"wp","href":"https:\/\/api.w.org\/{rel}","templated":true}]}}