{"id":30793,"date":"2012-09-27T00:00:49","date_gmt":"2012-09-26T22:00:49","guid":{"rendered":"https:\/\/catapa.be\/?p=30793"},"modified":"2022-07-05T15:59:07","modified_gmt":"2022-07-05T13:59:07","slug":"mijnbouw-in-ecuador-een-oud-en-een-nieuw-verhaal-sied-iii-2","status":"publish","type":"post","link":"https:\/\/catapa.be\/nl\/mijnbouw-in-ecuador-een-oud-en-een-nieuw-verhaal-sied-iii-2\/","title":{"rendered":"Mijnbouw in Ecuador, een oud en een nieuw verhaal (SIED III)"},"content":{"rendered":"<p style=\"text-align: justify\"><strong>Na afloop van het seminarie in Cajamarca trokken we met de Catapista\u2019s en Zuid-deelnemers naar Zamora, een provincie in het uiterste zuiden van Ecuador.<\/strong><\/p>\n<h2>Waarom Zamora, Ecuador?<\/h2>\n<p style=\"text-align: justify\">Vooreerst omdat de provincie grenst aan Peru, en op die manier ook een impact heeft in Peru. In deze provincie zijnnamelijk heel wat kleine, illegale mijnbouwbedrijfjes te vinden die reeds decennia de waterkwaliteit en -kwantiteit van de streek, o.a. rivieren die naar Peru vloeien, aantasten. Bovendien staat het eerste grootschalige mijnbouwproject in het Zuiden van Ecuador in deze provincie gepland. Het project Mirador hoopt in het kanton El Pangui koper boven te halen; het staat nu reeds vast dat dit een gecontesteerde en emblematische case wordt.<\/p>\n<p style=\"text-align: justify\">Vijf deelnemers van ons seminarie in Cajamarca zijn afkomstig van de provincie Zamora. Vier van hen zijn van inheemse origine (Shuar). Zij zullen de eerste slachtoffers zijn van de negatieve effecten van het mijnbouwproject. Gedurende het seminarie in Cajamarca vertelden ze reeds over hun (geplande) verzet. Deze week bood ons de kans de realiteit van naderbij te bekijken.<\/p>\n<p style=\"text-align: justify\">Een laatste reden waarom we voor Zamora hebben gekozen, is het driedaagse binationale forum dat handelt over de mijnbouwproblematiek in Peru en Ecuador. Dit forum werd georganiseerd door Acci\u00f3n Ecol\u00f3gica, Fepnash, ISF, Redex, Inredh en EntrePueblos. Net zoals SIED beoogde men een uitwisseling van ervaring en kennis, en de versterking van de samenwerking tussen de Zuid-organisaties. Het leek ons opportuun dit event bij te wonen, het bood de Catapista\u2019s de kans kennis te maken met heel wat belangrijke NGO\u2019s uit Peru en Ecuador.<\/p>\n<h2>Het mijnbouwproject Mirador<\/h2>\n<p style=\"text-align: justify\">Het stadje Zamora, dat zich beter als een dorp kan laten omschrijven, begeeft zich momenteel in het oog van de mijnbouworkaan die Ecuador bereikt heeft. Nu de regio al enkele decennia lang gebukt gaat onder de invloed van artisanale goudmijnbouw, stellen nu ook multinationale ondernemingen hun intrede veilig. Het megaproject \u2018Mirador\u2019 zal zich tegoed doen aan de kopervoorraden die de regio rijk is.<\/p>\n<ul>\n<li>Enkele gegevens over het project:<\/li>\n<\/ul>\n<p style=\"text-align: justify\">Reeds enkele jaren bereidt Ecuador zich voor op de komst van grootschalige mijnbouwprojecten, met name door de geleidelijke aanpassingen van het juridische kader. Het project Mirador is momenteel het enige grootschalige mijnbouwproject dat werd goedgekeurd; het speelt als het ware een voortrekkersrol voor andere projecten.<\/p>\n<p style=\"text-align: justify\">Het project is in handen van het Chinese China Railway Construction Corporation en de Tongling Nonferrous Metals groep, dat het in 2010 van het Canadese Corriente Resources overkocht.<\/p>\n<p style=\"text-align: justify\">Het wordt een\u00a0open pit-mijn (volgens de MER op zijn minst 250 meter diep en 1,2 km breed) met een levensduur van 17 jaar. De productie wordt geschat op 208.800 ton koper per jaar, 535.000\u00a0ounces\u00a0goud gedurende het hele project.<\/p>\n<p style=\"text-align: justify\">De MER wordt door verschillende experten in twijfel getrokken; voornaamste criticus is Canadees William Sacher die het rapport als onvolledig en fout bestempelt.<\/p>\n<ul>\n<li>Het project houdt meerdere risico\u2019s in:<\/li>\n<\/ul>\n<p style=\"text-align: justify\">Het project staat gepland in de Cordillera del Cond\u00f3r; een bijzonder rijk, maar fragiel ecosysteem gelegen in het grensgebied tussen Ecuador en Peru. Deze streek, overgangsgebied tussen Andes en Amazone (wordt ook omschreven als tropische Andes), herbergt bijzonder veel endemische soorten; het is \u00e9\u00e9n van de meest biodiverse streken in de wereld. Dit is vooral te wijten aan de 16 verschillende ecosystemen die men hier kon onderscheiden. Het project staat gelijk aan de verwoesting van talloze ecosystemen en de verdwijning van specifieke fauna en flora.<\/p>\n<p style=\"text-align: justify\">5 van de belangrijkste rivieren uit deze regio ontspringen in deze zone. De watervoorziening, op kwalitatief en op kwantitatief vlak, van de provincie Zamora en het Noorden van Peru wordt bedreigd.<\/p>\n<p style=\"text-align: justify\">De geteisterde inheemse bevolking van deze regio, de Shuar (Ecuador) en de Awaj\u00fan (Peru), werden gedurende de voorbije decennia verjaagd en trokken zich terug, dieper in de Cordillera. Het project staat gepland in het kanton El Pangui, waar momenteel de grootste gemeenschappen Shuar zich hebben gevestigd. Bijgevolg bedreigt het project het voortbestaan van de Shuar-cultuur. Deze minderheid erkent dit gevaar en is de voornaamste tegenstander tegen dit project.<\/p>\n<h2>Artisanaal?<\/h2>\n<p style=\"text-align: justify\">Tijdens deze week maakten we ook kennis met een ander facet van de gehele mijnbouwproblematiek; de zogenaamde \u2018artisanale mijnbouw\u2019. Zamora Chinchipe is een provincie waar vele gelukzoekers reeds eeuwen op zoek zijn naar het El Dorado. We trokken na een gesprek met de\u00a0prefecto\u00a0van de provincie naar China Pintza, een dorp vlak aan de Ecuadoriaanse-Peruaanse grens waar goudzoekers van de provincie hun geluk opzoeken.<\/p>\n<p style=\"text-align: justify\">Het was een trieste realiteit die we mochten aanschouwen. Werkomstandigheden die alle normen negeren; mannen die kwik verbranden zonder mondmasker, open vaten met resten cyanide, &#8230; . De president van de mijnbouwersvereniging die ons gidste verdedigde zijn sector echter met hand en tand. Ook toen we hem wezen op de grote berg mijnafval die zonder enige bescherming naast het dorp lag, vervuild met heel wat zware metalen. Bij de minste regenval lopen de met zandzakken geconstrueerde dijken ongetwijfeld over, rampzalig voor de lagergelegen dorpen. Maar ook hier herhaalde de man steeds dezelfde dogma\u2019s; \u201cde overheid is tegens ons\u201d, \u201cer zijn geen alternatieven\u201d, \u201cer is geen vervuiling, de overheid gebruikt dit excuus om grootschalige mijnbouwprojecten in te plannen\u201d, &#8230; . Hij benadrukte steeds de economische realiteit, iets wat volgens hem primeert op onze ernstige bezorgdheden voor gezondheid en milieu. Het viel echter op dat dit een spookdorp is. Alle inwoners zijn economische migranten die hopen dat ene duur stukje grond te vinden. Het is een kleine gemeenschap in een bijzonder vruchtbare streek, die hun ogen sluiten voor alle mogelijke alternatieven en zich liever vasthouden aan een klein sprankeltje hoop.<\/p>\n<h2>Transnationale mijnbouwconflicten<\/h2>\n<p style=\"text-align: justify\">De nabijheid van de Peruaanse grens viel op. Dergelijke mijnbouwdorpjes hebben ongetwijfeld een negatieve invloed op Peruaans grondgebied. En het zal hier niet bij blijven. Waar er in 2005 amper concessies in grensgebieden waren te bespeuren, het is immers verboden op minder dan 40 km van de grens een project te implementeren, is dit in 2012 niet langer het geval. De gehele grensstreek ligt bezaaid met concessies. De noodzaak aan een binationaal beleidsplan omtrent deze problematiek is overduidelijk, maar ook een samenwerking tussen verzetsorganisaties in Zuid-Ecuador en Noord-Peru is noodzakelijk. Deze samenwerking staat nog in zijn kinderschoenen, dit maakte het forum in Zamora ons duidelijk. Dit forum kan echter een begin betekenen. Net zoals het internationale seminarie dat we organiseerden in Cajamarca. We kozen ervoor om voor de eerste maal een Ecuadoriaanse delegatie uit Zuid-Ecuador uit te nodigen. En wel juist om deze reden, om deze jonge Zuid-Zuid samenwerking te stimuleren. Jos\u00e9 Arcentales, deelnemer van SIED III en woonachtig in El Pangui, vatte het tijdens het binationaal forum in Zamora goed samen: \u201cwat ik zag in Cajamarca, mogen we hier niet laten gebeuren.\u201d<\/p>\n<div>\n<div><span class=\"caption none\"><a href=\"https:\/\/i0.wp.com\/old.catapa.be\/files\/photos\/DSCN1435.JPG\"><img data-recalc-dims=\"1\" loading=\"lazy\" decoding=\"async\" title=\"\" src=\"https:\/\/i0.wp.com\/gt.catapa.be\/sites\/default\/files\/resize\/remote\/1b644e2ec1bc7d5794fadad5a235365e-400x300.jpg?resize=400%2C300&#038;ssl=1\" alt=\"\" width=\"400\" height=\"300\" \/><\/a><\/span><a style=\"font-size: 16px\" href=\"https:\/\/i0.wp.com\/old.catapa.be\/files\/photos\/IMG_7354.JPG\"><img data-recalc-dims=\"1\" loading=\"lazy\" decoding=\"async\" title=\"\" src=\"https:\/\/i0.wp.com\/gt.catapa.be\/sites\/default\/files\/resize\/remote\/ae3ee0bd345dbfe499610f61ef82771c-400x300.jpg?resize=400%2C300&#038;ssl=1\" alt=\"\" width=\"400\" height=\"300\" \/><\/a><\/div>\n<\/div>\n<div><\/div>\n<div><\/div>\n<div><em><br \/>\nAuteur: David Verstockt<\/em><\/div>\n","protected":false},"excerpt":{"rendered":"<p>Na afloop van het seminarie in Cajamarca trokken we met de Catapista\u2019s en Zuid-deelnemers naar Zamora, een provincie in het uiterste zuiden van Ecuador. Waarom Zamora, Ecuador? Vooreerst omdat de provincie grenst aan Peru, en<br \/><a class=\"read-more\" href=\"https:\/\/catapa.be\/nl\/mijnbouw-in-ecuador-een-oud-en-een-nieuw-verhaal-sied-iii-2\/\">Read More<\/a><\/p>\n","protected":false},"author":66,"featured_media":0,"comment_status":"open","ping_status":"open","sticky":false,"template":"","format":"standard","meta":{"_exactmetrics_skip_tracking":false,"_exactmetrics_sitenote_active":false,"_exactmetrics_sitenote_note":"","_exactmetrics_sitenote_category":0,"jetpack_post_was_ever_published":false,"_jetpack_newsletter_access":"","_jetpack_dont_email_post_to_subs":false,"_jetpack_newsletter_tier_id":0,"_jetpack_memberships_contains_paywalled_content":false,"_jetpack_memberships_contains_paid_content":false,"footnotes":"","jetpack_publicize_message":"Mijnbouw in Ecuador, een oud en een nieuw verhaal (SIED III)","jetpack_publicize_feature_enabled":true,"jetpack_social_post_already_shared":true,"jetpack_social_options":{"image_generator_settings":{"template":"highway","default_image_id":0,"font":"","enabled":false},"version":2}},"categories":[487,850,490],"tags":[],"class_list":["post-30793","post","type-post","status-publish","format-standard","hentry","category-ecuador-nl","category-generatie-transitie","category-peru-nl"],"yoast_head":"<!-- This site is optimized with the Yoast SEO plugin v26.8 - https:\/\/yoast.com\/product\/yoast-seo-wordpress\/ -->\n<title>Mijnbouw in Ecuador, een oud en een nieuw verhaal (SIED III) - CATAPA vzw<\/title>\n<meta name=\"robots\" content=\"index, follow, max-snippet:-1, max-image-preview:large, max-video-preview:-1\" \/>\n<link rel=\"canonical\" href=\"https:\/\/catapa.be\/nl\/mijnbouw-in-ecuador-een-oud-en-een-nieuw-verhaal-sied-iii-2\/\" \/>\n<meta property=\"og:locale\" content=\"nl_NL\" \/>\n<meta property=\"og:type\" content=\"article\" \/>\n<meta property=\"og:title\" content=\"Mijnbouw in Ecuador, een oud en een nieuw verhaal (SIED III) - CATAPA vzw\" \/>\n<meta property=\"og:description\" content=\"Na afloop van het seminarie in Cajamarca trokken we met de Catapista\u2019s en Zuid-deelnemers naar Zamora, een provincie in het uiterste zuiden van Ecuador. Waarom Zamora, Ecuador? Vooreerst omdat de provincie grenst aan Peru, enRead More\" \/>\n<meta property=\"og:url\" content=\"https:\/\/catapa.be\/nl\/mijnbouw-in-ecuador-een-oud-en-een-nieuw-verhaal-sied-iii-2\/\" \/>\n<meta property=\"og:site_name\" content=\"CATAPA vzw\" \/>\n<meta property=\"article:publisher\" content=\"https:\/\/www.facebook.com\/catapa.belgium\/\" \/>\n<meta property=\"article:published_time\" content=\"2012-09-26T22:00:49+00:00\" \/>\n<meta property=\"article:modified_time\" content=\"2022-07-05T13:59:07+00:00\" \/>\n<meta property=\"og:image\" content=\"https:\/\/gt.catapa.be\/sites\/default\/files\/resize\/remote\/1b644e2ec1bc7d5794fadad5a235365e-400x300.jpg\" \/>\n<meta name=\"author\" content=\"Alan Gonz\u00e1lez Morales\" \/>\n<meta name=\"twitter:card\" content=\"summary_large_image\" \/>\n<meta name=\"twitter:creator\" content=\"@CATAPA_Belgica\" \/>\n<meta name=\"twitter:site\" content=\"@CATAPA_Belgica\" \/>\n<meta name=\"twitter:label1\" content=\"Geschreven door\" \/>\n\t<meta name=\"twitter:data1\" content=\"Alan Gonz\u00e1lez Morales\" \/>\n\t<meta name=\"twitter:label2\" content=\"Geschatte leestijd\" \/>\n\t<meta name=\"twitter:data2\" content=\"6 minuten\" \/>\n<script type=\"application\/ld+json\" class=\"yoast-schema-graph\">{\"@context\":\"https:\/\/schema.org\",\"@graph\":[{\"@type\":\"Article\",\"@id\":\"https:\/\/catapa.be\/nl\/mijnbouw-in-ecuador-een-oud-en-een-nieuw-verhaal-sied-iii-2\/#article\",\"isPartOf\":{\"@id\":\"https:\/\/catapa.be\/nl\/mijnbouw-in-ecuador-een-oud-en-een-nieuw-verhaal-sied-iii-2\/\"},\"author\":{\"name\":\"Alan Gonz\u00e1lez Morales\",\"@id\":\"https:\/\/catapa.be\/nl\/#\/schema\/person\/35a08714d394a0f0efdbb724df28c584\"},\"headline\":\"Mijnbouw in Ecuador, een oud en een nieuw verhaal (SIED III)\",\"datePublished\":\"2012-09-26T22:00:49+00:00\",\"dateModified\":\"2022-07-05T13:59:07+00:00\",\"mainEntityOfPage\":{\"@id\":\"https:\/\/catapa.be\/nl\/mijnbouw-in-ecuador-een-oud-en-een-nieuw-verhaal-sied-iii-2\/\"},\"wordCount\":1100,\"commentCount\":0,\"publisher\":{\"@id\":\"https:\/\/catapa.be\/nl\/#organization\"},\"image\":{\"@id\":\"https:\/\/catapa.be\/nl\/mijnbouw-in-ecuador-een-oud-en-een-nieuw-verhaal-sied-iii-2\/#primaryimage\"},\"thumbnailUrl\":\"https:\/\/gt.catapa.be\/sites\/default\/files\/resize\/remote\/1b644e2ec1bc7d5794fadad5a235365e-400x300.jpg\",\"articleSection\":[\"Ecuador\",\"Generatie Transitie\",\"Peru\"],\"inLanguage\":\"nl-NL\",\"potentialAction\":[{\"@type\":\"CommentAction\",\"name\":\"Comment\",\"target\":[\"https:\/\/catapa.be\/nl\/mijnbouw-in-ecuador-een-oud-en-een-nieuw-verhaal-sied-iii-2\/#respond\"]}]},{\"@type\":\"WebPage\",\"@id\":\"https:\/\/catapa.be\/nl\/mijnbouw-in-ecuador-een-oud-en-een-nieuw-verhaal-sied-iii-2\/\",\"url\":\"https:\/\/catapa.be\/nl\/mijnbouw-in-ecuador-een-oud-en-een-nieuw-verhaal-sied-iii-2\/\",\"name\":\"Mijnbouw in Ecuador, een oud en een nieuw verhaal (SIED III) - CATAPA vzw\",\"isPartOf\":{\"@id\":\"https:\/\/catapa.be\/nl\/#website\"},\"primaryImageOfPage\":{\"@id\":\"https:\/\/catapa.be\/nl\/mijnbouw-in-ecuador-een-oud-en-een-nieuw-verhaal-sied-iii-2\/#primaryimage\"},\"image\":{\"@id\":\"https:\/\/catapa.be\/nl\/mijnbouw-in-ecuador-een-oud-en-een-nieuw-verhaal-sied-iii-2\/#primaryimage\"},\"thumbnailUrl\":\"https:\/\/gt.catapa.be\/sites\/default\/files\/resize\/remote\/1b644e2ec1bc7d5794fadad5a235365e-400x300.jpg\",\"datePublished\":\"2012-09-26T22:00:49+00:00\",\"dateModified\":\"2022-07-05T13:59:07+00:00\",\"breadcrumb\":{\"@id\":\"https:\/\/catapa.be\/nl\/mijnbouw-in-ecuador-een-oud-en-een-nieuw-verhaal-sied-iii-2\/#breadcrumb\"},\"inLanguage\":\"nl-NL\",\"potentialAction\":[{\"@type\":\"ReadAction\",\"target\":[\"https:\/\/catapa.be\/nl\/mijnbouw-in-ecuador-een-oud-en-een-nieuw-verhaal-sied-iii-2\/\"]}]},{\"@type\":\"ImageObject\",\"inLanguage\":\"nl-NL\",\"@id\":\"https:\/\/catapa.be\/nl\/mijnbouw-in-ecuador-een-oud-en-een-nieuw-verhaal-sied-iii-2\/#primaryimage\",\"url\":\"https:\/\/gt.catapa.be\/sites\/default\/files\/resize\/remote\/1b644e2ec1bc7d5794fadad5a235365e-400x300.jpg\",\"contentUrl\":\"https:\/\/gt.catapa.be\/sites\/default\/files\/resize\/remote\/1b644e2ec1bc7d5794fadad5a235365e-400x300.jpg\"},{\"@type\":\"BreadcrumbList\",\"@id\":\"https:\/\/catapa.be\/nl\/mijnbouw-in-ecuador-een-oud-en-een-nieuw-verhaal-sied-iii-2\/#breadcrumb\",\"itemListElement\":[{\"@type\":\"ListItem\",\"position\":1,\"name\":\"Home\",\"item\":\"https:\/\/catapa.be\/nl\/\"},{\"@type\":\"ListItem\",\"position\":2,\"name\":\"Mijnbouw in Ecuador, een oud en een nieuw verhaal (SIED III)\"}]},{\"@type\":\"WebSite\",\"@id\":\"https:\/\/catapa.be\/nl\/#website\",\"url\":\"https:\/\/catapa.be\/nl\/\",\"name\":\"CATAPA vzw\",\"description\":\"Comit\u00e9 Acad\u00e9mico T\u00e9cnico de Asesoramiento a Problemas Ambientales\",\"publisher\":{\"@id\":\"https:\/\/catapa.be\/nl\/#organization\"},\"potentialAction\":[{\"@type\":\"SearchAction\",\"target\":{\"@type\":\"EntryPoint\",\"urlTemplate\":\"https:\/\/catapa.be\/nl\/?s={search_term_string}\"},\"query-input\":{\"@type\":\"PropertyValueSpecification\",\"valueRequired\":true,\"valueName\":\"search_term_string\"}}],\"inLanguage\":\"nl-NL\"},{\"@type\":\"Organization\",\"@id\":\"https:\/\/catapa.be\/nl\/#organization\",\"name\":\"CATAPA vzw\",\"url\":\"https:\/\/catapa.be\/nl\/\",\"logo\":{\"@type\":\"ImageObject\",\"inLanguage\":\"nl-NL\",\"@id\":\"https:\/\/catapa.be\/nl\/#\/schema\/logo\/image\/\",\"url\":\"https:\/\/i0.wp.com\/catapa.be\/wp-content\/uploads\/2019\/02\/NEW20LOGO20SHORT20PNG1.png?fit=1259%2C1321&ssl=1\",\"contentUrl\":\"https:\/\/i0.wp.com\/catapa.be\/wp-content\/uploads\/2019\/02\/NEW20LOGO20SHORT20PNG1.png?fit=1259%2C1321&ssl=1\",\"width\":1259,\"height\":1321,\"caption\":\"CATAPA vzw\"},\"image\":{\"@id\":\"https:\/\/catapa.be\/nl\/#\/schema\/logo\/image\/\"},\"sameAs\":[\"https:\/\/www.facebook.com\/catapa.belgium\/\",\"https:\/\/x.com\/CATAPA_Belgica\",\"https:\/\/www.instagram.com\/catapa_vzw\/\",\"https:\/\/be.linkedin.com\/company\/catapavzw\",\"https:\/\/www.youtube.com\/channel\/UCE52-Fiyv-Fpqf2gi1qhf1g\"]},{\"@type\":\"Person\",\"@id\":\"https:\/\/catapa.be\/nl\/#\/schema\/person\/35a08714d394a0f0efdbb724df28c584\",\"name\":\"Alan Gonz\u00e1lez Morales\",\"url\":\"https:\/\/catapa.be\/nl\/author\/alan\/\"}]}<\/script>\n<!-- \/ Yoast SEO plugin. -->","yoast_head_json":{"title":"Mijnbouw in Ecuador, een oud en een nieuw verhaal (SIED III) - CATAPA vzw","robots":{"index":"index","follow":"follow","max-snippet":"max-snippet:-1","max-image-preview":"max-image-preview:large","max-video-preview":"max-video-preview:-1"},"canonical":"https:\/\/catapa.be\/nl\/mijnbouw-in-ecuador-een-oud-en-een-nieuw-verhaal-sied-iii-2\/","og_locale":"nl_NL","og_type":"article","og_title":"Mijnbouw in Ecuador, een oud en een nieuw verhaal (SIED III) - CATAPA vzw","og_description":"Na afloop van het seminarie in Cajamarca trokken we met de Catapista\u2019s en Zuid-deelnemers naar Zamora, een provincie in het uiterste zuiden van Ecuador. Waarom Zamora, Ecuador? Vooreerst omdat de provincie grenst aan Peru, enRead More","og_url":"https:\/\/catapa.be\/nl\/mijnbouw-in-ecuador-een-oud-en-een-nieuw-verhaal-sied-iii-2\/","og_site_name":"CATAPA vzw","article_publisher":"https:\/\/www.facebook.com\/catapa.belgium\/","article_published_time":"2012-09-26T22:00:49+00:00","article_modified_time":"2022-07-05T13:59:07+00:00","og_image":[{"url":"https:\/\/gt.catapa.be\/sites\/default\/files\/resize\/remote\/1b644e2ec1bc7d5794fadad5a235365e-400x300.jpg","type":"","width":"","height":""}],"author":"Alan Gonz\u00e1lez Morales","twitter_card":"summary_large_image","twitter_creator":"@CATAPA_Belgica","twitter_site":"@CATAPA_Belgica","twitter_misc":{"Geschreven door":"Alan Gonz\u00e1lez Morales","Geschatte leestijd":"6 minuten"},"schema":{"@context":"https:\/\/schema.org","@graph":[{"@type":"Article","@id":"https:\/\/catapa.be\/nl\/mijnbouw-in-ecuador-een-oud-en-een-nieuw-verhaal-sied-iii-2\/#article","isPartOf":{"@id":"https:\/\/catapa.be\/nl\/mijnbouw-in-ecuador-een-oud-en-een-nieuw-verhaal-sied-iii-2\/"},"author":{"name":"Alan Gonz\u00e1lez Morales","@id":"https:\/\/catapa.be\/nl\/#\/schema\/person\/35a08714d394a0f0efdbb724df28c584"},"headline":"Mijnbouw in Ecuador, een oud en een nieuw verhaal (SIED III)","datePublished":"2012-09-26T22:00:49+00:00","dateModified":"2022-07-05T13:59:07+00:00","mainEntityOfPage":{"@id":"https:\/\/catapa.be\/nl\/mijnbouw-in-ecuador-een-oud-en-een-nieuw-verhaal-sied-iii-2\/"},"wordCount":1100,"commentCount":0,"publisher":{"@id":"https:\/\/catapa.be\/nl\/#organization"},"image":{"@id":"https:\/\/catapa.be\/nl\/mijnbouw-in-ecuador-een-oud-en-een-nieuw-verhaal-sied-iii-2\/#primaryimage"},"thumbnailUrl":"https:\/\/gt.catapa.be\/sites\/default\/files\/resize\/remote\/1b644e2ec1bc7d5794fadad5a235365e-400x300.jpg","articleSection":["Ecuador","Generatie Transitie","Peru"],"inLanguage":"nl-NL","potentialAction":[{"@type":"CommentAction","name":"Comment","target":["https:\/\/catapa.be\/nl\/mijnbouw-in-ecuador-een-oud-en-een-nieuw-verhaal-sied-iii-2\/#respond"]}]},{"@type":"WebPage","@id":"https:\/\/catapa.be\/nl\/mijnbouw-in-ecuador-een-oud-en-een-nieuw-verhaal-sied-iii-2\/","url":"https:\/\/catapa.be\/nl\/mijnbouw-in-ecuador-een-oud-en-een-nieuw-verhaal-sied-iii-2\/","name":"Mijnbouw in Ecuador, een oud en een nieuw verhaal (SIED III) - CATAPA vzw","isPartOf":{"@id":"https:\/\/catapa.be\/nl\/#website"},"primaryImageOfPage":{"@id":"https:\/\/catapa.be\/nl\/mijnbouw-in-ecuador-een-oud-en-een-nieuw-verhaal-sied-iii-2\/#primaryimage"},"image":{"@id":"https:\/\/catapa.be\/nl\/mijnbouw-in-ecuador-een-oud-en-een-nieuw-verhaal-sied-iii-2\/#primaryimage"},"thumbnailUrl":"https:\/\/gt.catapa.be\/sites\/default\/files\/resize\/remote\/1b644e2ec1bc7d5794fadad5a235365e-400x300.jpg","datePublished":"2012-09-26T22:00:49+00:00","dateModified":"2022-07-05T13:59:07+00:00","breadcrumb":{"@id":"https:\/\/catapa.be\/nl\/mijnbouw-in-ecuador-een-oud-en-een-nieuw-verhaal-sied-iii-2\/#breadcrumb"},"inLanguage":"nl-NL","potentialAction":[{"@type":"ReadAction","target":["https:\/\/catapa.be\/nl\/mijnbouw-in-ecuador-een-oud-en-een-nieuw-verhaal-sied-iii-2\/"]}]},{"@type":"ImageObject","inLanguage":"nl-NL","@id":"https:\/\/catapa.be\/nl\/mijnbouw-in-ecuador-een-oud-en-een-nieuw-verhaal-sied-iii-2\/#primaryimage","url":"https:\/\/gt.catapa.be\/sites\/default\/files\/resize\/remote\/1b644e2ec1bc7d5794fadad5a235365e-400x300.jpg","contentUrl":"https:\/\/gt.catapa.be\/sites\/default\/files\/resize\/remote\/1b644e2ec1bc7d5794fadad5a235365e-400x300.jpg"},{"@type":"BreadcrumbList","@id":"https:\/\/catapa.be\/nl\/mijnbouw-in-ecuador-een-oud-en-een-nieuw-verhaal-sied-iii-2\/#breadcrumb","itemListElement":[{"@type":"ListItem","position":1,"name":"Home","item":"https:\/\/catapa.be\/nl\/"},{"@type":"ListItem","position":2,"name":"Mijnbouw in Ecuador, een oud en een nieuw verhaal (SIED III)"}]},{"@type":"WebSite","@id":"https:\/\/catapa.be\/nl\/#website","url":"https:\/\/catapa.be\/nl\/","name":"CATAPA vzw","description":"Comit\u00e9 Acad\u00e9mico T\u00e9cnico de Asesoramiento a Problemas Ambientales","publisher":{"@id":"https:\/\/catapa.be\/nl\/#organization"},"potentialAction":[{"@type":"SearchAction","target":{"@type":"EntryPoint","urlTemplate":"https:\/\/catapa.be\/nl\/?s={search_term_string}"},"query-input":{"@type":"PropertyValueSpecification","valueRequired":true,"valueName":"search_term_string"}}],"inLanguage":"nl-NL"},{"@type":"Organization","@id":"https:\/\/catapa.be\/nl\/#organization","name":"CATAPA vzw","url":"https:\/\/catapa.be\/nl\/","logo":{"@type":"ImageObject","inLanguage":"nl-NL","@id":"https:\/\/catapa.be\/nl\/#\/schema\/logo\/image\/","url":"https:\/\/i0.wp.com\/catapa.be\/wp-content\/uploads\/2019\/02\/NEW20LOGO20SHORT20PNG1.png?fit=1259%2C1321&ssl=1","contentUrl":"https:\/\/i0.wp.com\/catapa.be\/wp-content\/uploads\/2019\/02\/NEW20LOGO20SHORT20PNG1.png?fit=1259%2C1321&ssl=1","width":1259,"height":1321,"caption":"CATAPA vzw"},"image":{"@id":"https:\/\/catapa.be\/nl\/#\/schema\/logo\/image\/"},"sameAs":["https:\/\/www.facebook.com\/catapa.belgium\/","https:\/\/x.com\/CATAPA_Belgica","https:\/\/www.instagram.com\/catapa_vzw\/","https:\/\/be.linkedin.com\/company\/catapavzw","https:\/\/www.youtube.com\/channel\/UCE52-Fiyv-Fpqf2gi1qhf1g"]},{"@type":"Person","@id":"https:\/\/catapa.be\/nl\/#\/schema\/person\/35a08714d394a0f0efdbb724df28c584","name":"Alan Gonz\u00e1lez Morales","url":"https:\/\/catapa.be\/nl\/author\/alan\/"}]}},"jetpack_publicize_connections":[],"jetpack_featured_media_url":"","jetpack_sharing_enabled":true,"jetpack_likes_enabled":true,"jetpack-related-posts":[{"id":30418,"url":"https:\/\/catapa.be\/nl\/mijnbouw-in-ecuador-een-oud-en-een-nieuw-verhaal-sied-iii\/","url_meta":{"origin":30793,"position":0},"title":"Mijnbouw in Ecuador, een oud en een nieuw verhaal (SIED III)","author":"Karlijn Van den Broeck","date":"27 september 2012","format":false,"excerpt":"[vc_row][vc_column][vc_column_text] Mijnbouw in Ecuador, een oud en een nieuw verhaal (SIED III) Na afloop van het seminarie in Cajamarca trokken we met de Catapista\u2019s en Zuid-deelnemers naar Zamora, een provincie in het uiterste zuiden van Ecuador. \u00a0 Waarom Zamora, Ecuador? Vooreerst omdat de provincie grenst aan Peru, en op die\u2026","rel":"","context":"In &quot;Ecuador&quot;","block_context":{"text":"Ecuador","link":"https:\/\/catapa.be\/nl\/category\/partnerlanden\/ecuador-nl\/"},"img":{"alt_text":"","src":"","width":0,"height":0},"classes":[]},{"id":14435,"url":"https:\/\/catapa.be\/nl\/ecuador-extractivism-in-the-midst-of-an-economic-and-sanitary-crisis-covid-19\/","url_meta":{"origin":30793,"position":1},"title":"Ecuador: extractivisme tijdens een economische en gezondheidscrisis (COVID-19)","author":"Daniela Marques Branco","date":"20 mei 2020","format":false,"excerpt":"[vc_row][vc_column][vc_column_text] Ecuador: extractivisme tijdens een economische en gezondheidscrisis (COVID-19) \u00a0 Author: Kim Baert[\/vc_column_text][vc_column_text] Na Brazili\u00eb en Peru is Ecuador het zwaarst getroffen land van Latijns-Amerika door het COVID-19 coronavirus. Tot vandaag (14 mei 2020) melden de offici\u00eble cijfers 30,502 bevestigde gevallen en 2,338 sterfgevallen. Deze aantallen worden echter vanuit verschillende\u2026","rel":"","context":"In &quot;COVID-19&quot;","block_context":{"text":"COVID-19","link":"https:\/\/catapa.be\/nl\/category\/news\/covid-19\/"},"img":{"alt_text":"","src":"https:\/\/i0.wp.com\/catapa.be\/wp-content\/uploads\/2020\/05\/ecuadorpost1.png?fit=960%2C640&ssl=1&resize=350%2C200","width":350,"height":200,"srcset":"https:\/\/i0.wp.com\/catapa.be\/wp-content\/uploads\/2020\/05\/ecuadorpost1.png?fit=960%2C640&ssl=1&resize=350%2C200 1x, https:\/\/i0.wp.com\/catapa.be\/wp-content\/uploads\/2020\/05\/ecuadorpost1.png?fit=960%2C640&ssl=1&resize=525%2C300 1.5x, https:\/\/i0.wp.com\/catapa.be\/wp-content\/uploads\/2020\/05\/ecuadorpost1.png?fit=960%2C640&ssl=1&resize=700%2C400 2x"},"classes":[]},{"id":30097,"url":"https:\/\/catapa.be\/nl\/gemeenschappen-uit-peru-en-ecuador-wisselen-strategieen-tegen-mijnbouw-uit\/","url_meta":{"origin":30793,"position":2},"title":"Gemeenschappen uit Peru en Ecuador wisselen strategie\u00ebn tegen mijnbouw uit","author":"admin","date":"7 juli 2010","format":false,"excerpt":"[vc_row][vc_column][vc_column_text] Gemeenschappen uit Peru en Ecuador wisselen strategie\u00ebn tegen mijnbouw uit Van 2 tot en met 4 juli waren er een honderdtal Peruanen en Ecuadorianen samengekomen in de Peruaanse stad Piura. Allemaal kwamen ze uit gemeenschappen kwamen die getroffen worden door mijnbouw, en allemaal willen ze een toekomst waar duurzaam\u2026","rel":"","context":"In &quot;Ecuador&quot;","block_context":{"text":"Ecuador","link":"https:\/\/catapa.be\/nl\/category\/partnerlanden\/ecuador-nl\/"},"img":{"alt_text":"","src":"","width":0,"height":0},"classes":[]},{"id":30341,"url":"https:\/\/catapa.be\/nl\/mogelijke-klacht-tegen-peruaanse-staat-wegens-mensenrechtenschendingen-conga\/","url_meta":{"origin":30793,"position":3},"title":"Mogelijke klacht tegen Peruaanse staat wegens mensenrechtenschendingen (CONGA)","author":"admin","date":"22 maart 2013","format":false,"excerpt":"[vc_row][vc_column][vc_column_text] Op 11 maart 2013 werd een klacht ingediend bij het Inter-Amerikaanse Hof voor de Rechten van de Mens betreffende mensenrechtenschendingen tijdens sociale protesten in Peru. Een Peruaanse delegatie advocaten, waaronder Mirtha V\u00e1squez van NGO Grufides, gaf tijdens een hoorzitting uitleg bij de klacht. Het is onduidelijk of de commissie,\u2026","rel":"","context":"In &quot;Mining in Paradise&quot;","block_context":{"text":"Mining in Paradise","link":"https:\/\/catapa.be\/nl\/category\/afgelopen-campagnes-en-projecten\/mining-in-paradise\/"},"img":{"alt_text":"","src":"","width":0,"height":0},"classes":[]},{"id":30453,"url":"https:\/\/catapa.be\/nl\/catapa-in-peru-het-congaproject\/","url_meta":{"origin":30793,"position":4},"title":"CATAPA in Peru: het Congaproject","author":"Alan Gonz\u00e1lez Morales","date":"1 mei 2012","format":false,"excerpt":"[vc_row][vc_column][vc_column_text] Het milieu-effectenrapport over de gevolgen van het Congaproject werd op 27 oktober 2010 door het ministerie van Energie en Mijnen goedgekeurd. Minera Yanacocha, eigenaar van het project, is een multinationale onderneming. Het investeringskapitaal is afkomstig van het Noord-Amerikaanse Newmont Mining Corporation (51,35 %), van het Peruaanse Compa\u00f1\u00eda de Minas\u2026","rel":"","context":"In &quot;Goud:Eerlijk&quot;","block_context":{"text":"Goud:Eerlijk","link":"https:\/\/catapa.be\/nl\/category\/afgelopen-campagnes-en-projecten\/goudeerlijk\/"},"img":{"alt_text":"","src":"https:\/\/i0.wp.com\/catapa.be\/wp-content\/uploads\/2022\/07\/mars1.jpg?fit=610%2C405&ssl=1&resize=350%2C200","width":350,"height":200,"srcset":"https:\/\/i0.wp.com\/catapa.be\/wp-content\/uploads\/2022\/07\/mars1.jpg?fit=610%2C405&ssl=1&resize=350%2C200 1x, https:\/\/i0.wp.com\/catapa.be\/wp-content\/uploads\/2022\/07\/mars1.jpg?fit=610%2C405&ssl=1&resize=525%2C300 1.5x"},"classes":[]},{"id":12243,"url":"https:\/\/catapa.be\/nl\/mining-in-azuay-a-david-vs-goliath-story\/","url_meta":{"origin":30793,"position":5},"title":"Mijnbouw in Azuay: een David vs. Goliath verhaal","author":"Kim Baert","date":"1 oktober 2019","format":false,"excerpt":"[vc_row][vc_column][vc_column_text] Mijnbouw in Azuay: een David vs. Goliath verhaal\u00a0 [\/vc_column_text][vc_empty_space][vc_column_text]Azuay, een provincie in het Zuiden van Ecuador met Cuenca als historische en culturele provinciehoofdstad, groeide de laatste maanden snel uit tot een emblematische regio in de strijd tegen mijnbouw.\u00a0 In het canton Gir\u00f3n, in de provincie Azuay, werd op 24\u2026","rel":"","context":"In &quot;Ecuador&quot;","block_context":{"text":"Ecuador","link":"https:\/\/catapa.be\/nl\/category\/partnerlanden\/ecuador-nl\/"},"img":{"alt_text":"","src":"https:\/\/i0.wp.com\/catapa.be\/wp-content\/uploads\/2019\/10\/Ecuador-post-Kim2-min.jpeg?fit=1200%2C800&ssl=1&resize=350%2C200","width":350,"height":200,"srcset":"https:\/\/i0.wp.com\/catapa.be\/wp-content\/uploads\/2019\/10\/Ecuador-post-Kim2-min.jpeg?fit=1200%2C800&ssl=1&resize=350%2C200 1x, https:\/\/i0.wp.com\/catapa.be\/wp-content\/uploads\/2019\/10\/Ecuador-post-Kim2-min.jpeg?fit=1200%2C800&ssl=1&resize=525%2C300 1.5x, https:\/\/i0.wp.com\/catapa.be\/wp-content\/uploads\/2019\/10\/Ecuador-post-Kim2-min.jpeg?fit=1200%2C800&ssl=1&resize=700%2C400 2x, https:\/\/i0.wp.com\/catapa.be\/wp-content\/uploads\/2019\/10\/Ecuador-post-Kim2-min.jpeg?fit=1200%2C800&ssl=1&resize=1050%2C600 3x"},"classes":[]}],"_links":{"self":[{"href":"https:\/\/catapa.be\/nl\/wp-json\/wp\/v2\/posts\/30793","targetHints":{"allow":["GET"]}}],"collection":[{"href":"https:\/\/catapa.be\/nl\/wp-json\/wp\/v2\/posts"}],"about":[{"href":"https:\/\/catapa.be\/nl\/wp-json\/wp\/v2\/types\/post"}],"author":[{"embeddable":true,"href":"https:\/\/catapa.be\/nl\/wp-json\/wp\/v2\/users\/66"}],"replies":[{"embeddable":true,"href":"https:\/\/catapa.be\/nl\/wp-json\/wp\/v2\/comments?post=30793"}],"version-history":[{"count":3,"href":"https:\/\/catapa.be\/nl\/wp-json\/wp\/v2\/posts\/30793\/revisions"}],"predecessor-version":[{"id":30799,"href":"https:\/\/catapa.be\/nl\/wp-json\/wp\/v2\/posts\/30793\/revisions\/30799"}],"wp:attachment":[{"href":"https:\/\/catapa.be\/nl\/wp-json\/wp\/v2\/media?parent=30793"}],"wp:term":[{"taxonomy":"category","embeddable":true,"href":"https:\/\/catapa.be\/nl\/wp-json\/wp\/v2\/categories?post=30793"},{"taxonomy":"post_tag","embeddable":true,"href":"https:\/\/catapa.be\/nl\/wp-json\/wp\/v2\/tags?post=30793"}],"curies":[{"name":"wp","href":"https:\/\/api.w.org\/{rel}","templated":true}]}}