{"id":30973,"date":"2022-07-14T12:05:36","date_gmt":"2022-07-14T10:05:36","guid":{"rendered":"https:\/\/catapa.be\/?p=30973"},"modified":"2022-07-14T14:04:40","modified_gmt":"2022-07-14T12:04:40","slug":"stad-gent-roept-een-halt-toe-aan-geplande-veroudering","status":"publish","type":"post","link":"https:\/\/catapa.be\/nl\/stad-gent-roept-een-halt-toe-aan-geplande-veroudering\/","title":{"rendered":"Stad Gent roept een halt toe aan geplande veroudering!"},"content":{"rendered":"<p style=\"text-align: justify;\"><span style=\"font-weight: 400;\">Na Mechelen ondertekende stad Gent vorige week als tweede stad ons CTRL-ALT-DEL-charter! Daarmee steunt de stad onze campagne voor sterkere regelgeving rond circulaire elektronica. Voor deze plechtige gebeurtenis kwamen Catapistas samen met schepen voor internationale solidariteit en aankoopbeleid Hafsa El-Bazioui, schepen voor milieu en circulaire economie Tine Heyse en Conny Van Achte van District09, de ICT-partner van Stad Gent.\u00a0<\/span><\/p>\n<p style=\"text-align: justify;\"><span style=\"font-weight: 400;\"><img data-recalc-dims=\"1\" loading=\"lazy\" decoding=\"async\" class=\"wp-image-30980 aligncenter\" src=\"https:\/\/i0.wp.com\/catapa.be\/wp-content\/uploads\/2022\/07\/WhatsApp-Image-2022-07-13-at-5.22.38-PM-1.jpeg?resize=629%2C340&#038;ssl=1\" alt=\"\" width=\"629\" height=\"340\" srcset=\"https:\/\/i0.wp.com\/catapa.be\/wp-content\/uploads\/2022\/07\/WhatsApp-Image-2022-07-13-at-5.22.38-PM-1.jpeg?resize=300%2C162&amp;ssl=1 300w, https:\/\/i0.wp.com\/catapa.be\/wp-content\/uploads\/2022\/07\/WhatsApp-Image-2022-07-13-at-5.22.38-PM-1.jpeg?resize=1024%2C552&amp;ssl=1 1024w, https:\/\/i0.wp.com\/catapa.be\/wp-content\/uploads\/2022\/07\/WhatsApp-Image-2022-07-13-at-5.22.38-PM-1.jpeg?resize=768%2C414&amp;ssl=1 768w, https:\/\/i0.wp.com\/catapa.be\/wp-content\/uploads\/2022\/07\/WhatsApp-Image-2022-07-13-at-5.22.38-PM-1.jpeg?resize=1536%2C828&amp;ssl=1 1536w, https:\/\/i0.wp.com\/catapa.be\/wp-content\/uploads\/2022\/07\/WhatsApp-Image-2022-07-13-at-5.22.38-PM-1.jpeg?w=2048&amp;ssl=1 2048w, https:\/\/i0.wp.com\/catapa.be\/wp-content\/uploads\/2022\/07\/WhatsApp-Image-2022-07-13-at-5.22.38-PM-1.jpeg?w=1280&amp;ssl=1 1280w, https:\/\/i0.wp.com\/catapa.be\/wp-content\/uploads\/2022\/07\/WhatsApp-Image-2022-07-13-at-5.22.38-PM-1.jpeg?w=1920&amp;ssl=1 1920w\" sizes=\"auto, (max-width: 629px) 100vw, 629px\" \/><\/span><\/p>\n<p style=\"text-align: justify;\"><span style=\"font-weight: 400;\">Met de ondertekening verbindt stad Gent zich ertoe om zelf het goede voorbeeld te geven op vlak van circulaire ICT. Enerzijds door de lokale herstel- en maak<\/span><span style=\"font-weight: 400;\">economie te blijven ondersteunen. Anderzijds door duurzame elektronica aan te kopen \u00e9n deze toestellen op een circulaire manier te gebruiken. Hierrond onderneemt de stad reeds enorme stappen. Onder andere door <\/span><a href=\"https:\/\/www.ugent.be\/nl\/actueel\/persberichten\/ugent-electronics-watch.htm\"><span style=\"font-weight: 400;\">zich aan te sluiten bij Electronics Watch<\/span><\/a><span style=\"font-weight: 400;\">. District 09 was niets voor niets <\/span><a href=\"https:\/\/fairictflanders.be\/2021\/district09-stad-gent-wint-fair-ict-awards-2021\/\"><span style=\"font-weight: 400;\">de winnaar van CATAPA\u2019s Fair ICT Awards in 2021<\/span><\/a><span style=\"font-weight: 400;\">. De ondertekening van ons charter was dus een logische stap!\u00a0<\/span><\/p>\n<p style=\"text-align: center;\"><span style=\"font-weight: 400;\">Stop #Exp<\/span>resDefect<\/p>\n<div class=\"sbi-embed-wrap\">\n<blockquote class=\"instagram-media sbi-embed\" data-instgrm-captioned data-instgrm-permalink=\"https:\/\/www.instagram.com\/reel\/Cfyk9bHJSem\/?utm_source=ig_embed&amp;utm_campaign=loading\" data-instgrm-version=\"14\" style=\" background:#FFF; border:0; border-radius:3px; box-shadow:0 0 1px 0 rgba(0,0,0,0.5),0 1px 10px 0 rgba(0,0,0,0.15); margin: 1px; max-width:640px; min-width:326px; padding:0; width:99.375%; width:-webkit-calc(100% - 2px); width:calc(100% - 2px);\">\n<div style=\"padding:16px;\"> <a href=\"https:\/\/www.instagram.com\/reel\/Cfyk9bHJSem\/?utm_source=ig_embed&amp;utm_campaign=loading\" style=\" background:#FFFFFF; line-height:0; padding:0 0; text-align:center; text-decoration:none; width:100%;\" target=\"_blank\"> <\/p>\n<div style=\" display: flex; flex-direction: row; align-items: center;\">\n<div style=\"background-color: #F4F4F4; border-radius: 50%; flex-grow: 0; height: 40px; margin-right: 14px; width: 40px;\"><\/div>\n<div style=\"display: flex; flex-direction: column; flex-grow: 1; justify-content: center;\">\n<div style=\" background-color: #F4F4F4; border-radius: 4px; flex-grow: 0; height: 14px; margin-bottom: 6px; width: 100px;\"><\/div>\n<div style=\" background-color: #F4F4F4; border-radius: 4px; flex-grow: 0; height: 14px; width: 60px;\"><\/div>\n<\/div>\n<\/div>\n<div style=\"padding: 19% 0;\"><\/div>\n<div style=\"display:block; height:50px; margin:0 auto 12px; width:50px;\"><svg width=\"50px\" height=\"50px\" viewBox=\"0 0 60 60\" version=\"1.1\" xmlns=\"https:\/\/www.w3.org\/2000\/svg\" xmlns:xlink=\"https:\/\/www.w3.org\/1999\/xlink\"><g stroke=\"none\" stroke-width=\"1\" fill=\"none\" fill-rule=\"evenodd\"><g transform=\"translate(-511.000000, -20.000000)\" fill=\"#000000\"><g><path d=\"M556.869,30.41 C554.814,30.41 553.148,32.076 553.148,34.131 C553.148,36.186 554.814,37.852 556.869,37.852 C558.924,37.852 560.59,36.186 560.59,34.131 C560.59,32.076 558.924,30.41 556.869,30.41 M541,60.657 C535.114,60.657 530.342,55.887 530.342,50 C530.342,44.114 535.114,39.342 541,39.342 C546.887,39.342 551.658,44.114 551.658,50 C551.658,55.887 546.887,60.657 541,60.657 M541,33.886 C532.1,33.886 524.886,41.1 524.886,50 C524.886,58.899 532.1,66.113 541,66.113 C549.9,66.113 557.115,58.899 557.115,50 C557.115,41.1 549.9,33.886 541,33.886 M565.378,62.101 C565.244,65.022 564.756,66.606 564.346,67.663 C563.803,69.06 563.154,70.057 562.106,71.106 C561.058,72.155 560.06,72.803 558.662,73.347 C557.607,73.757 556.021,74.244 553.102,74.378 C549.944,74.521 548.997,74.552 541,74.552 C533.003,74.552 532.056,74.521 528.898,74.378 C525.979,74.244 524.393,73.757 523.338,73.347 C521.94,72.803 520.942,72.155 519.894,71.106 C518.846,70.057 518.197,69.06 517.654,67.663 C517.244,66.606 516.755,65.022 516.623,62.101 C516.479,58.943 516.448,57.996 516.448,50 C516.448,42.003 516.479,41.056 516.623,37.899 C516.755,34.978 517.244,33.391 517.654,32.338 C518.197,30.938 518.846,29.942 519.894,28.894 C520.942,27.846 521.94,27.196 523.338,26.654 C524.393,26.244 525.979,25.756 528.898,25.623 C532.057,25.479 533.004,25.448 541,25.448 C548.997,25.448 549.943,25.479 553.102,25.623 C556.021,25.756 557.607,26.244 558.662,26.654 C560.06,27.196 561.058,27.846 562.106,28.894 C563.154,29.942 563.803,30.938 564.346,32.338 C564.756,33.391 565.244,34.978 565.378,37.899 C565.522,41.056 565.552,42.003 565.552,50 C565.552,57.996 565.522,58.943 565.378,62.101 M570.82,37.631 C570.674,34.438 570.167,32.258 569.425,30.349 C568.659,28.377 567.633,26.702 565.965,25.035 C564.297,23.368 562.623,22.342 560.652,21.575 C558.743,20.834 556.562,20.326 553.369,20.18 C550.169,20.033 549.148,20 541,20 C532.853,20 531.831,20.033 528.631,20.18 C525.438,20.326 523.257,20.834 521.349,21.575 C519.376,22.342 517.703,23.368 516.035,25.035 C514.368,26.702 513.342,28.377 512.574,30.349 C511.834,32.258 511.326,34.438 511.181,37.631 C511.035,40.831 511,41.851 511,50 C511,58.147 511.035,59.17 511.181,62.369 C511.326,65.562 511.834,67.743 512.574,69.651 C513.342,71.625 514.368,73.296 516.035,74.965 C517.703,76.634 519.376,77.658 521.349,78.425 C523.257,79.167 525.438,79.673 528.631,79.82 C531.831,79.965 532.853,80.001 541,80.001 C549.148,80.001 550.169,79.965 553.369,79.82 C556.562,79.673 558.743,79.167 560.652,78.425 C562.623,77.658 564.297,76.634 565.965,74.965 C567.633,73.296 568.659,71.625 569.425,69.651 C570.167,67.743 570.674,65.562 570.82,62.369 C570.966,59.17 571,58.147 571,50 C571,41.851 570.966,40.831 570.82,37.631\"><\/path><\/g><\/g><\/g><\/svg><\/div>\n<div style=\"padding-top: 8px;\">\n<div style=\" color:#3897f0; font-family:Arial,sans-serif; font-size:14px; font-style:normal; font-weight:550; line-height:18px;\">View this post on Instagram<\/div>\n<\/div>\n<div style=\"padding: 12.5% 0;\"><\/div>\n<div style=\"display: flex; flex-direction: row; margin-bottom: 14px; align-items: center;\">\n<div>\n<div style=\"background-color: #F4F4F4; border-radius: 50%; height: 12.5px; width: 12.5px; transform: translateX(0px) translateY(7px);\"><\/div>\n<div style=\"background-color: #F4F4F4; height: 12.5px; transform: rotate(-45deg) translateX(3px) translateY(1px); width: 12.5px; flex-grow: 0; margin-right: 14px; margin-left: 2px;\"><\/div>\n<div style=\"background-color: #F4F4F4; border-radius: 50%; height: 12.5px; width: 12.5px; transform: translateX(9px) translateY(-18px);\"><\/div>\n<\/div>\n<div style=\"margin-left: 8px;\">\n<div style=\" background-color: #F4F4F4; border-radius: 50%; flex-grow: 0; height: 20px; width: 20px;\"><\/div>\n<div style=\" width: 0; height: 0; border-top: 2px solid transparent; border-left: 6px solid #f4f4f4; border-bottom: 2px solid transparent; transform: translateX(16px) translateY(-4px) rotate(30deg)\"><\/div>\n<\/div>\n<div style=\"margin-left: auto;\">\n<div style=\" width: 0px; border-top: 8px solid #F4F4F4; border-right: 8px solid transparent; transform: translateY(16px);\"><\/div>\n<div style=\" background-color: #F4F4F4; flex-grow: 0; height: 12px; width: 16px; transform: translateY(-4px);\"><\/div>\n<div style=\" width: 0; height: 0; border-top: 8px solid #F4F4F4; border-left: 8px solid transparent; transform: translateY(-4px) translateX(8px);\"><\/div>\n<\/div>\n<\/div>\n<div style=\"display: flex; flex-direction: column; flex-grow: 1; justify-content: center; margin-bottom: 24px;\">\n<div style=\" background-color: #F4F4F4; border-radius: 4px; flex-grow: 0; height: 14px; margin-bottom: 6px; width: 224px;\"><\/div>\n<div style=\" background-color: #F4F4F4; border-radius: 4px; flex-grow: 0; height: 14px; width: 144px;\"><\/div>\n<\/div>\n<p><\/a><\/p>\n<p style=\" color:#c9c8cd; font-family:Arial,sans-serif; font-size:14px; line-height:17px; margin-bottom:0; margin-top:8px; overflow:hidden; padding:8px 0 7px; text-align:center; text-overflow:ellipsis; white-space:nowrap;\"><a href=\"https:\/\/www.instagram.com\/reel\/Cfyk9bHJSem\/?utm_source=ig_embed&amp;utm_campaign=loading\" style=\" color:#c9c8cd; font-family:Arial,sans-serif; font-size:14px; font-style:normal; font-weight:normal; line-height:17px; text-decoration:none;\" target=\"_blank\">A post shared by CATAPA vzw (@catapa_vzw)<\/a><\/p>\n<\/div>\n<\/blockquote>\n<p><script async src=\"\/\/platform.instagram.com\/en_US\/embeds.js\"><\/script><\/div>\n<figure id=\"attachment_30974\" aria-describedby=\"caption-attachment-30974\" style=\"width: 538px\" class=\"wp-caption aligncenter\"><img data-recalc-dims=\"1\" loading=\"lazy\" decoding=\"async\" class=\"wp-image-30974\" style=\"font-size: 17px;\" src=\"https:\/\/i0.wp.com\/catapa.be\/wp-content\/uploads\/2022\/07\/WhatsApp-Image-2022-07-13-at-5.22.40-PM-1.jpeg?resize=538%2C575&#038;ssl=1\" alt=\"\" width=\"538\" height=\"575\" srcset=\"https:\/\/i0.wp.com\/catapa.be\/wp-content\/uploads\/2022\/07\/WhatsApp-Image-2022-07-13-at-5.22.40-PM-1.jpeg?resize=281%2C300&amp;ssl=1 281w, https:\/\/i0.wp.com\/catapa.be\/wp-content\/uploads\/2022\/07\/WhatsApp-Image-2022-07-13-at-5.22.40-PM-1.jpeg?resize=960%2C1024&amp;ssl=1 960w, https:\/\/i0.wp.com\/catapa.be\/wp-content\/uploads\/2022\/07\/WhatsApp-Image-2022-07-13-at-5.22.40-PM-1.jpeg?resize=768%2C820&amp;ssl=1 768w, https:\/\/i0.wp.com\/catapa.be\/wp-content\/uploads\/2022\/07\/WhatsApp-Image-2022-07-13-at-5.22.40-PM-1.jpeg?resize=1439%2C1536&amp;ssl=1 1439w, https:\/\/i0.wp.com\/catapa.be\/wp-content\/uploads\/2022\/07\/WhatsApp-Image-2022-07-13-at-5.22.40-PM-1.jpeg?w=1919&amp;ssl=1 1919w, https:\/\/i0.wp.com\/catapa.be\/wp-content\/uploads\/2022\/07\/WhatsApp-Image-2022-07-13-at-5.22.40-PM-1.jpeg?w=1280&amp;ssl=1 1280w\" sizes=\"auto, (max-width: 538px) 100vw, 538px\" \/><figcaption id=\"caption-attachment-30974\" class=\"wp-caption-text\">Catapistas voor het stadshuis van Gent.<\/figcaption><\/figure>\n","protected":false},"excerpt":{"rendered":"<p>Na Mechelen ondertekende stad Gent vorige week als tweede stad ons CTRL-ALT-DEL-charter! Daarmee steunt de stad onze campagne voor sterkere regelgeving rond circulaire elektronica. Voor deze plechtige gebeurtenis kwamen Catapistas samen met schepen voor internationale<br \/><a class=\"read-more\" href=\"https:\/\/catapa.be\/nl\/stad-gent-roept-een-halt-toe-aan-geplande-veroudering\/\">Read More<\/a><\/p>\n","protected":false},"author":17,"featured_media":30977,"comment_status":"open","ping_status":"open","sticky":false,"template":"","format":"standard","meta":{"_exactmetrics_skip_tracking":false,"_exactmetrics_sitenote_active":false,"_exactmetrics_sitenote_note":"","_exactmetrics_sitenote_category":0,"jetpack_post_was_ever_published":false,"_jetpack_newsletter_access":"","_jetpack_dont_email_post_to_subs":false,"_jetpack_newsletter_tier_id":0,"_jetpack_memberships_contains_paywalled_content":false,"_jetpack_memberships_contains_paid_content":false,"footnotes":"","jetpack_publicize_message":"","jetpack_publicize_feature_enabled":true,"jetpack_social_post_already_shared":true,"jetpack_social_options":{"image_generator_settings":{"template":"highway","default_image_id":0,"font":"","enabled":false},"version":2}},"categories":[185],"tags":[],"class_list":["post-30973","post","type-post","status-publish","format-standard","has-post-thumbnail","hentry","category-geen-onderdeel-van-een-categorie"],"yoast_head":"<!-- This site is optimized with the Yoast SEO plugin v26.8 - https:\/\/yoast.com\/product\/yoast-seo-wordpress\/ -->\n<title>Stad Gent roept een halt toe aan geplande veroudering! - CATAPA vzw<\/title>\n<meta name=\"robots\" content=\"index, follow, max-snippet:-1, max-image-preview:large, max-video-preview:-1\" \/>\n<link rel=\"canonical\" href=\"https:\/\/catapa.be\/nl\/stad-gent-roept-een-halt-toe-aan-geplande-veroudering\/\" \/>\n<meta property=\"og:locale\" content=\"nl_NL\" \/>\n<meta property=\"og:type\" content=\"article\" \/>\n<meta property=\"og:title\" content=\"Stad Gent roept een halt toe aan geplande veroudering! - CATAPA vzw\" \/>\n<meta property=\"og:description\" content=\"Na Mechelen ondertekende stad Gent vorige week als tweede stad ons CTRL-ALT-DEL-charter! Daarmee steunt de stad onze campagne voor sterkere regelgeving rond circulaire elektronica. Voor deze plechtige gebeurtenis kwamen Catapistas samen met schepen voor internationaleRead More\" \/>\n<meta property=\"og:url\" content=\"https:\/\/catapa.be\/nl\/stad-gent-roept-een-halt-toe-aan-geplande-veroudering\/\" \/>\n<meta property=\"og:site_name\" content=\"CATAPA vzw\" \/>\n<meta property=\"article:publisher\" content=\"https:\/\/www.facebook.com\/catapa.belgium\/\" \/>\n<meta property=\"article:published_time\" content=\"2022-07-14T10:05:36+00:00\" \/>\n<meta property=\"article:modified_time\" content=\"2022-07-14T12:04:40+00:00\" \/>\n<meta property=\"og:image\" content=\"https:\/\/catapa.be\/wp-content\/uploads\/2022\/07\/WhatsApp-Image-2022-07-13-at-5.22.39-PM-1.jpeg\" \/>\n\t<meta property=\"og:image:width\" content=\"1950\" \/>\n\t<meta property=\"og:image:height\" content=\"2048\" \/>\n\t<meta property=\"og:image:type\" content=\"image\/jpeg\" \/>\n<meta name=\"author\" content=\"Truike Geerts\" \/>\n<meta name=\"twitter:card\" content=\"summary_large_image\" \/>\n<meta name=\"twitter:creator\" content=\"@CATAPA_Belgica\" \/>\n<meta name=\"twitter:site\" content=\"@CATAPA_Belgica\" \/>\n<meta name=\"twitter:label1\" content=\"Geschreven door\" \/>\n\t<meta name=\"twitter:data1\" content=\"Truike Geerts\" \/>\n\t<meta name=\"twitter:label2\" content=\"Geschatte leestijd\" \/>\n\t<meta name=\"twitter:data2\" content=\"1 minuut\" \/>\n<script type=\"application\/ld+json\" class=\"yoast-schema-graph\">{\"@context\":\"https:\/\/schema.org\",\"@graph\":[{\"@type\":\"Article\",\"@id\":\"https:\/\/catapa.be\/nl\/stad-gent-roept-een-halt-toe-aan-geplande-veroudering\/#article\",\"isPartOf\":{\"@id\":\"https:\/\/catapa.be\/nl\/stad-gent-roept-een-halt-toe-aan-geplande-veroudering\/\"},\"author\":{\"name\":\"Truike Geerts\",\"@id\":\"https:\/\/catapa.be\/nl\/#\/schema\/person\/5b69e90152347308a517590385dbf533\"},\"headline\":\"Stad Gent roept een halt toe aan geplande veroudering!\",\"datePublished\":\"2022-07-14T10:05:36+00:00\",\"dateModified\":\"2022-07-14T12:04:40+00:00\",\"mainEntityOfPage\":{\"@id\":\"https:\/\/catapa.be\/nl\/stad-gent-roept-een-halt-toe-aan-geplande-veroudering\/\"},\"wordCount\":178,\"commentCount\":0,\"publisher\":{\"@id\":\"https:\/\/catapa.be\/nl\/#organization\"},\"image\":{\"@id\":\"https:\/\/catapa.be\/nl\/stad-gent-roept-een-halt-toe-aan-geplande-veroudering\/#primaryimage\"},\"thumbnailUrl\":\"https:\/\/i0.wp.com\/catapa.be\/wp-content\/uploads\/2022\/07\/WhatsApp-Image-2022-07-13-at-5.22.39-PM-1.jpeg?fit=1950%2C2048&ssl=1\",\"articleSection\":[\"Geen onderdeel van een categorie\"],\"inLanguage\":\"nl-NL\",\"potentialAction\":[{\"@type\":\"CommentAction\",\"name\":\"Comment\",\"target\":[\"https:\/\/catapa.be\/nl\/stad-gent-roept-een-halt-toe-aan-geplande-veroudering\/#respond\"]}]},{\"@type\":\"WebPage\",\"@id\":\"https:\/\/catapa.be\/nl\/stad-gent-roept-een-halt-toe-aan-geplande-veroudering\/\",\"url\":\"https:\/\/catapa.be\/nl\/stad-gent-roept-een-halt-toe-aan-geplande-veroudering\/\",\"name\":\"Stad Gent roept een halt toe aan geplande veroudering! - CATAPA vzw\",\"isPartOf\":{\"@id\":\"https:\/\/catapa.be\/nl\/#website\"},\"primaryImageOfPage\":{\"@id\":\"https:\/\/catapa.be\/nl\/stad-gent-roept-een-halt-toe-aan-geplande-veroudering\/#primaryimage\"},\"image\":{\"@id\":\"https:\/\/catapa.be\/nl\/stad-gent-roept-een-halt-toe-aan-geplande-veroudering\/#primaryimage\"},\"thumbnailUrl\":\"https:\/\/i0.wp.com\/catapa.be\/wp-content\/uploads\/2022\/07\/WhatsApp-Image-2022-07-13-at-5.22.39-PM-1.jpeg?fit=1950%2C2048&ssl=1\",\"datePublished\":\"2022-07-14T10:05:36+00:00\",\"dateModified\":\"2022-07-14T12:04:40+00:00\",\"breadcrumb\":{\"@id\":\"https:\/\/catapa.be\/nl\/stad-gent-roept-een-halt-toe-aan-geplande-veroudering\/#breadcrumb\"},\"inLanguage\":\"nl-NL\",\"potentialAction\":[{\"@type\":\"ReadAction\",\"target\":[\"https:\/\/catapa.be\/nl\/stad-gent-roept-een-halt-toe-aan-geplande-veroudering\/\"]}]},{\"@type\":\"ImageObject\",\"inLanguage\":\"nl-NL\",\"@id\":\"https:\/\/catapa.be\/nl\/stad-gent-roept-een-halt-toe-aan-geplande-veroudering\/#primaryimage\",\"url\":\"https:\/\/i0.wp.com\/catapa.be\/wp-content\/uploads\/2022\/07\/WhatsApp-Image-2022-07-13-at-5.22.39-PM-1.jpeg?fit=1950%2C2048&ssl=1\",\"contentUrl\":\"https:\/\/i0.wp.com\/catapa.be\/wp-content\/uploads\/2022\/07\/WhatsApp-Image-2022-07-13-at-5.22.39-PM-1.jpeg?fit=1950%2C2048&ssl=1\",\"width\":1950,\"height\":2048},{\"@type\":\"BreadcrumbList\",\"@id\":\"https:\/\/catapa.be\/nl\/stad-gent-roept-een-halt-toe-aan-geplande-veroudering\/#breadcrumb\",\"itemListElement\":[{\"@type\":\"ListItem\",\"position\":1,\"name\":\"Home\",\"item\":\"https:\/\/catapa.be\/nl\/\"},{\"@type\":\"ListItem\",\"position\":2,\"name\":\"Stad Gent roept een halt toe aan geplande veroudering!\"}]},{\"@type\":\"WebSite\",\"@id\":\"https:\/\/catapa.be\/nl\/#website\",\"url\":\"https:\/\/catapa.be\/nl\/\",\"name\":\"CATAPA vzw\",\"description\":\"Comit\u00e9 Acad\u00e9mico T\u00e9cnico de Asesoramiento a Problemas Ambientales\",\"publisher\":{\"@id\":\"https:\/\/catapa.be\/nl\/#organization\"},\"potentialAction\":[{\"@type\":\"SearchAction\",\"target\":{\"@type\":\"EntryPoint\",\"urlTemplate\":\"https:\/\/catapa.be\/nl\/?s={search_term_string}\"},\"query-input\":{\"@type\":\"PropertyValueSpecification\",\"valueRequired\":true,\"valueName\":\"search_term_string\"}}],\"inLanguage\":\"nl-NL\"},{\"@type\":\"Organization\",\"@id\":\"https:\/\/catapa.be\/nl\/#organization\",\"name\":\"CATAPA vzw\",\"url\":\"https:\/\/catapa.be\/nl\/\",\"logo\":{\"@type\":\"ImageObject\",\"inLanguage\":\"nl-NL\",\"@id\":\"https:\/\/catapa.be\/nl\/#\/schema\/logo\/image\/\",\"url\":\"https:\/\/i0.wp.com\/catapa.be\/wp-content\/uploads\/2019\/02\/NEW20LOGO20SHORT20PNG1.png?fit=1259%2C1321&ssl=1\",\"contentUrl\":\"https:\/\/i0.wp.com\/catapa.be\/wp-content\/uploads\/2019\/02\/NEW20LOGO20SHORT20PNG1.png?fit=1259%2C1321&ssl=1\",\"width\":1259,\"height\":1321,\"caption\":\"CATAPA vzw\"},\"image\":{\"@id\":\"https:\/\/catapa.be\/nl\/#\/schema\/logo\/image\/\"},\"sameAs\":[\"https:\/\/www.facebook.com\/catapa.belgium\/\",\"https:\/\/x.com\/CATAPA_Belgica\",\"https:\/\/www.instagram.com\/catapa_vzw\/\",\"https:\/\/be.linkedin.com\/company\/catapavzw\",\"https:\/\/www.youtube.com\/channel\/UCE52-Fiyv-Fpqf2gi1qhf1g\"]},{\"@type\":\"Person\",\"@id\":\"https:\/\/catapa.be\/nl\/#\/schema\/person\/5b69e90152347308a517590385dbf533\",\"name\":\"Truike Geerts\",\"url\":\"https:\/\/catapa.be\/nl\/author\/truike\/\"}]}<\/script>\n<!-- \/ Yoast SEO plugin. -->","yoast_head_json":{"title":"Stad Gent roept een halt toe aan geplande veroudering! - CATAPA vzw","robots":{"index":"index","follow":"follow","max-snippet":"max-snippet:-1","max-image-preview":"max-image-preview:large","max-video-preview":"max-video-preview:-1"},"canonical":"https:\/\/catapa.be\/nl\/stad-gent-roept-een-halt-toe-aan-geplande-veroudering\/","og_locale":"nl_NL","og_type":"article","og_title":"Stad Gent roept een halt toe aan geplande veroudering! - CATAPA vzw","og_description":"Na Mechelen ondertekende stad Gent vorige week als tweede stad ons CTRL-ALT-DEL-charter! Daarmee steunt de stad onze campagne voor sterkere regelgeving rond circulaire elektronica. Voor deze plechtige gebeurtenis kwamen Catapistas samen met schepen voor internationaleRead More","og_url":"https:\/\/catapa.be\/nl\/stad-gent-roept-een-halt-toe-aan-geplande-veroudering\/","og_site_name":"CATAPA vzw","article_publisher":"https:\/\/www.facebook.com\/catapa.belgium\/","article_published_time":"2022-07-14T10:05:36+00:00","article_modified_time":"2022-07-14T12:04:40+00:00","og_image":[{"width":1950,"height":2048,"url":"https:\/\/catapa.be\/wp-content\/uploads\/2022\/07\/WhatsApp-Image-2022-07-13-at-5.22.39-PM-1.jpeg","type":"image\/jpeg"}],"author":"Truike Geerts","twitter_card":"summary_large_image","twitter_creator":"@CATAPA_Belgica","twitter_site":"@CATAPA_Belgica","twitter_misc":{"Geschreven door":"Truike Geerts","Geschatte leestijd":"1 minuut"},"schema":{"@context":"https:\/\/schema.org","@graph":[{"@type":"Article","@id":"https:\/\/catapa.be\/nl\/stad-gent-roept-een-halt-toe-aan-geplande-veroudering\/#article","isPartOf":{"@id":"https:\/\/catapa.be\/nl\/stad-gent-roept-een-halt-toe-aan-geplande-veroudering\/"},"author":{"name":"Truike Geerts","@id":"https:\/\/catapa.be\/nl\/#\/schema\/person\/5b69e90152347308a517590385dbf533"},"headline":"Stad Gent roept een halt toe aan geplande veroudering!","datePublished":"2022-07-14T10:05:36+00:00","dateModified":"2022-07-14T12:04:40+00:00","mainEntityOfPage":{"@id":"https:\/\/catapa.be\/nl\/stad-gent-roept-een-halt-toe-aan-geplande-veroudering\/"},"wordCount":178,"commentCount":0,"publisher":{"@id":"https:\/\/catapa.be\/nl\/#organization"},"image":{"@id":"https:\/\/catapa.be\/nl\/stad-gent-roept-een-halt-toe-aan-geplande-veroudering\/#primaryimage"},"thumbnailUrl":"https:\/\/i0.wp.com\/catapa.be\/wp-content\/uploads\/2022\/07\/WhatsApp-Image-2022-07-13-at-5.22.39-PM-1.jpeg?fit=1950%2C2048&ssl=1","articleSection":["Geen onderdeel van een categorie"],"inLanguage":"nl-NL","potentialAction":[{"@type":"CommentAction","name":"Comment","target":["https:\/\/catapa.be\/nl\/stad-gent-roept-een-halt-toe-aan-geplande-veroudering\/#respond"]}]},{"@type":"WebPage","@id":"https:\/\/catapa.be\/nl\/stad-gent-roept-een-halt-toe-aan-geplande-veroudering\/","url":"https:\/\/catapa.be\/nl\/stad-gent-roept-een-halt-toe-aan-geplande-veroudering\/","name":"Stad Gent roept een halt toe aan geplande veroudering! - CATAPA vzw","isPartOf":{"@id":"https:\/\/catapa.be\/nl\/#website"},"primaryImageOfPage":{"@id":"https:\/\/catapa.be\/nl\/stad-gent-roept-een-halt-toe-aan-geplande-veroudering\/#primaryimage"},"image":{"@id":"https:\/\/catapa.be\/nl\/stad-gent-roept-een-halt-toe-aan-geplande-veroudering\/#primaryimage"},"thumbnailUrl":"https:\/\/i0.wp.com\/catapa.be\/wp-content\/uploads\/2022\/07\/WhatsApp-Image-2022-07-13-at-5.22.39-PM-1.jpeg?fit=1950%2C2048&ssl=1","datePublished":"2022-07-14T10:05:36+00:00","dateModified":"2022-07-14T12:04:40+00:00","breadcrumb":{"@id":"https:\/\/catapa.be\/nl\/stad-gent-roept-een-halt-toe-aan-geplande-veroudering\/#breadcrumb"},"inLanguage":"nl-NL","potentialAction":[{"@type":"ReadAction","target":["https:\/\/catapa.be\/nl\/stad-gent-roept-een-halt-toe-aan-geplande-veroudering\/"]}]},{"@type":"ImageObject","inLanguage":"nl-NL","@id":"https:\/\/catapa.be\/nl\/stad-gent-roept-een-halt-toe-aan-geplande-veroudering\/#primaryimage","url":"https:\/\/i0.wp.com\/catapa.be\/wp-content\/uploads\/2022\/07\/WhatsApp-Image-2022-07-13-at-5.22.39-PM-1.jpeg?fit=1950%2C2048&ssl=1","contentUrl":"https:\/\/i0.wp.com\/catapa.be\/wp-content\/uploads\/2022\/07\/WhatsApp-Image-2022-07-13-at-5.22.39-PM-1.jpeg?fit=1950%2C2048&ssl=1","width":1950,"height":2048},{"@type":"BreadcrumbList","@id":"https:\/\/catapa.be\/nl\/stad-gent-roept-een-halt-toe-aan-geplande-veroudering\/#breadcrumb","itemListElement":[{"@type":"ListItem","position":1,"name":"Home","item":"https:\/\/catapa.be\/nl\/"},{"@type":"ListItem","position":2,"name":"Stad Gent roept een halt toe aan geplande veroudering!"}]},{"@type":"WebSite","@id":"https:\/\/catapa.be\/nl\/#website","url":"https:\/\/catapa.be\/nl\/","name":"CATAPA vzw","description":"Comit\u00e9 Acad\u00e9mico T\u00e9cnico de Asesoramiento a Problemas Ambientales","publisher":{"@id":"https:\/\/catapa.be\/nl\/#organization"},"potentialAction":[{"@type":"SearchAction","target":{"@type":"EntryPoint","urlTemplate":"https:\/\/catapa.be\/nl\/?s={search_term_string}"},"query-input":{"@type":"PropertyValueSpecification","valueRequired":true,"valueName":"search_term_string"}}],"inLanguage":"nl-NL"},{"@type":"Organization","@id":"https:\/\/catapa.be\/nl\/#organization","name":"CATAPA vzw","url":"https:\/\/catapa.be\/nl\/","logo":{"@type":"ImageObject","inLanguage":"nl-NL","@id":"https:\/\/catapa.be\/nl\/#\/schema\/logo\/image\/","url":"https:\/\/i0.wp.com\/catapa.be\/wp-content\/uploads\/2019\/02\/NEW20LOGO20SHORT20PNG1.png?fit=1259%2C1321&ssl=1","contentUrl":"https:\/\/i0.wp.com\/catapa.be\/wp-content\/uploads\/2019\/02\/NEW20LOGO20SHORT20PNG1.png?fit=1259%2C1321&ssl=1","width":1259,"height":1321,"caption":"CATAPA vzw"},"image":{"@id":"https:\/\/catapa.be\/nl\/#\/schema\/logo\/image\/"},"sameAs":["https:\/\/www.facebook.com\/catapa.belgium\/","https:\/\/x.com\/CATAPA_Belgica","https:\/\/www.instagram.com\/catapa_vzw\/","https:\/\/be.linkedin.com\/company\/catapavzw","https:\/\/www.youtube.com\/channel\/UCE52-Fiyv-Fpqf2gi1qhf1g"]},{"@type":"Person","@id":"https:\/\/catapa.be\/nl\/#\/schema\/person\/5b69e90152347308a517590385dbf533","name":"Truike Geerts","url":"https:\/\/catapa.be\/nl\/author\/truike\/"}]}},"jetpack_publicize_connections":[],"jetpack_featured_media_url":"https:\/\/i0.wp.com\/catapa.be\/wp-content\/uploads\/2022\/07\/WhatsApp-Image-2022-07-13-at-5.22.39-PM-1.jpeg?fit=1950%2C2048&ssl=1","jetpack_sharing_enabled":true,"jetpack_likes_enabled":true,"jetpack-related-posts":[{"id":21205,"url":"https:\/\/catapa.be\/nl\/pilootorganisaties-van-catapa-zich-in-voor-eerlijke-ict\/","url_meta":{"origin":30973,"position":0},"title":"Pilootorganisaties van CATAPA zetten zich in voor eerlijke ICT","author":"Jacoba","date":"20 mei 2021","format":false,"excerpt":"[vc_row][vc_column][vc_column_text] Pilootorganisaties van CATAPA zetten zich in voor eerlijke ICT\u00a0 \u00a0 [\/vc_column_text][vc_column_text css_animation=\"bounceInUp\"] De twee Gentse pilootorganisaties van het project \u2018Fair ICT Flanders\u2019, de Universiteit van Gent en District09 sluiten zich beiden aan bij Electronics Watch, een internationale organisatie die ijvert voor betere arbeidsomstandigheden in het productieproces van elektronica. [\/vc_column_text][vc_column_text]\u2026","rel":"","context":"In &quot;Nieuws&quot;","block_context":{"text":"Nieuws","link":"https:\/\/catapa.be\/nl\/category\/nieuws\/"},"img":{"alt_text":"","src":"https:\/\/i0.wp.com\/catapa.be\/wp-content\/uploads\/2021\/05\/5.png?fit=1200%2C675&ssl=1&resize=350%2C200","width":350,"height":200,"srcset":"https:\/\/i0.wp.com\/catapa.be\/wp-content\/uploads\/2021\/05\/5.png?fit=1200%2C675&ssl=1&resize=350%2C200 1x, https:\/\/i0.wp.com\/catapa.be\/wp-content\/uploads\/2021\/05\/5.png?fit=1200%2C675&ssl=1&resize=525%2C300 1.5x, https:\/\/i0.wp.com\/catapa.be\/wp-content\/uploads\/2021\/05\/5.png?fit=1200%2C675&ssl=1&resize=700%2C400 2x, https:\/\/i0.wp.com\/catapa.be\/wp-content\/uploads\/2021\/05\/5.png?fit=1200%2C675&ssl=1&resize=1050%2C600 3x"},"classes":[]},{"id":30547,"url":"https:\/\/catapa.be\/nl\/divest-gent-roept-stad-gent-op-tot-ethisch-investeren\/","url_meta":{"origin":30973,"position":1},"title":"Divest Gent roept Stad Gent op tot ethisch investeren","author":"Alan Gonz\u00e1lez Morales","date":"18 mei 2018","format":false,"excerpt":"[vc_row][vc_column][vc_column_text] Gent, 18 mei 2018 - Geen vuile beleggingen meer! Dat is het einddoel waarvoor een pak organisaties zich hebben verenigd in de alliantie \u201cDivest Gent\u201d. De stad Gent moet haar beleggingen en pensioenfondsen 100% duurzaam herbestemmen. De terugtrekking van publieke middelen uit beleggingen in de mijnbouw-, olie-, kolen- of\u2026","rel":"","context":"In &quot;Generatie Transitie&quot;","block_context":{"text":"Generatie Transitie","link":"https:\/\/catapa.be\/nl\/category\/afgelopen-campagnes-en-projecten\/generatie-transitie\/"},"img":{"alt_text":"","src":"","width":0,"height":0},"classes":[]},{"id":30807,"url":"https:\/\/catapa.be\/nl\/divest-gent-roept-stad-gent-op-tot-ethisch-investeren-2\/","url_meta":{"origin":30973,"position":2},"title":"Divest Gent roept Stad Gent op tot ethisch investeren","author":"Alan Gonz\u00e1lez Morales","date":"18 mei 2018","format":false,"excerpt":"Gent, 18 mei 2018 - Geen vuile beleggingen meer! Dat is het einddoel waarvoor een pak organisaties zich hebben verenigd in de alliantie \u201cDivest Gent\u201d. De stad Gent moet haar beleggingen en pensioenfondsen 100% duurzaam herbestemmen. De terugtrekking van publieke middelen uit beleggingen in de mijnbouw-, olie-, kolen- of gas-industrie\u2026","rel":"","context":"In &quot;Generatie Transitie&quot;","block_context":{"text":"Generatie Transitie","link":"https:\/\/catapa.be\/nl\/category\/afgelopen-campagnes-en-projecten\/generatie-transitie\/"},"img":{"alt_text":"","src":"","width":0,"height":0},"classes":[]},{"id":27556,"url":"https:\/\/catapa.be\/nl\/wegwijzers-richting-duurzamere-ict-in-vlaanderen\/","url_meta":{"origin":30973,"position":3},"title":"Wegwijzers richting duurzamere ICT in Vlaanderen","author":"Laura Blanco","date":"11 januari 2022","format":false,"excerpt":"De afgelopen jaren is er in Vlaanderen heel wat pionierswerk verricht op vlak van duurzame ICT. Als overheden zelf het goede voorbeeld geven en een kader cre\u00ebren voor ICT-aankopers, dan kunnen ze van circulaire economie en maatschappelijk verantwoord ondernemen de norm maken. Hier lees je onze\u00a0beleidsaanbevelingen\u00a0om dat waar te maken.\u2026","rel":"","context":"In &quot;Geen onderdeel van een categorie&quot;","block_context":{"text":"Geen onderdeel van een categorie","link":"https:\/\/catapa.be\/nl\/category\/geen-onderdeel-van-een-categorie\/"},"img":{"alt_text":"","src":"https:\/\/i0.wp.com\/catapa.be\/wp-content\/uploads\/2022\/01\/thisisengineering-raeng-32PpagSzeGs-unsplash.jpeg?fit=1200%2C750&ssl=1&resize=350%2C200","width":350,"height":200,"srcset":"https:\/\/i0.wp.com\/catapa.be\/wp-content\/uploads\/2022\/01\/thisisengineering-raeng-32PpagSzeGs-unsplash.jpeg?fit=1200%2C750&ssl=1&resize=350%2C200 1x, https:\/\/i0.wp.com\/catapa.be\/wp-content\/uploads\/2022\/01\/thisisengineering-raeng-32PpagSzeGs-unsplash.jpeg?fit=1200%2C750&ssl=1&resize=525%2C300 1.5x, https:\/\/i0.wp.com\/catapa.be\/wp-content\/uploads\/2022\/01\/thisisengineering-raeng-32PpagSzeGs-unsplash.jpeg?fit=1200%2C750&ssl=1&resize=700%2C400 2x, https:\/\/i0.wp.com\/catapa.be\/wp-content\/uploads\/2022\/01\/thisisengineering-raeng-32PpagSzeGs-unsplash.jpeg?fit=1200%2C750&ssl=1&resize=1050%2C600 3x"},"classes":[]},{"id":29153,"url":"https:\/\/catapa.be\/nl\/mechelen-tekent-als-eerste-stad-ons-ctrl-alt-del-charter\/","url_meta":{"origin":30973,"position":4},"title":"Mechelen tekent als eerste stad ons CTRL ALT DEL charter!","author":"Truike Geerts","date":"22 april 2022","format":false,"excerpt":"Mechelen tekent als eerste stad ons CTRL ALT DEL charter! Op 17 februari organiseerde de Mechelse afdeling van CATAPA een debat over (de)kolonisering, waar ook de Mechelse schepen Rina Rabau op was uitgenodigd. Naar aanleiding van dit debat engageerde de stad Mechelen zich om de CTRL ALT DEL campagne tegen\u2026","rel":"","context":"In &quot;CtrlAltDelete&quot;","block_context":{"text":"CtrlAltDelete","link":"https:\/\/catapa.be\/nl\/category\/campagnes\/ctrl-alt-delete\/"},"img":{"alt_text":"","src":"https:\/\/i0.wp.com\/catapa.be\/wp-content\/uploads\/2022\/04\/mechelen-1.jpg?fit=1200%2C789&ssl=1&resize=350%2C200","width":350,"height":200,"srcset":"https:\/\/i0.wp.com\/catapa.be\/wp-content\/uploads\/2022\/04\/mechelen-1.jpg?fit=1200%2C789&ssl=1&resize=350%2C200 1x, https:\/\/i0.wp.com\/catapa.be\/wp-content\/uploads\/2022\/04\/mechelen-1.jpg?fit=1200%2C789&ssl=1&resize=525%2C300 1.5x, https:\/\/i0.wp.com\/catapa.be\/wp-content\/uploads\/2022\/04\/mechelen-1.jpg?fit=1200%2C789&ssl=1&resize=700%2C400 2x, https:\/\/i0.wp.com\/catapa.be\/wp-content\/uploads\/2022\/04\/mechelen-1.jpg?fit=1200%2C789&ssl=1&resize=1050%2C600 3x"},"classes":[]},{"id":29901,"url":"https:\/\/catapa.be\/nl\/doe-mee-en-stop-expresdefect\/","url_meta":{"origin":30973,"position":5},"title":"Doe mee en Stop #ExpresDefect","author":"Truike Geerts","date":"3 juni 2022","format":false,"excerpt":"In ons vorig blogartikel kon je lezen waarom mijnbouw nooit 'groen' zal zijn of op een \u2018verantwoorde\u2019 manier kan worden uitgevoerd. Daarom moeten we de nood aan nieuw ontgonnen grondstoffen drastisch verminderen. We kunnen niet op dezelfde manier metalen en mineralen blijven ontginnen.\u00a0 We moeten een halt te roepen aan\u2026","rel":"","context":"In &quot;Geen onderdeel van een categorie&quot;","block_context":{"text":"Geen onderdeel van een categorie","link":"https:\/\/catapa.be\/nl\/category\/geen-onderdeel-van-een-categorie\/"},"img":{"alt_text":"","src":"https:\/\/i0.wp.com\/catapa.be\/wp-content\/uploads\/2022\/06\/WhatsApp-Image-2022-06-01-at-10.05.17-AM.jpeg?fit=1200%2C801&ssl=1&resize=350%2C200","width":350,"height":200,"srcset":"https:\/\/i0.wp.com\/catapa.be\/wp-content\/uploads\/2022\/06\/WhatsApp-Image-2022-06-01-at-10.05.17-AM.jpeg?fit=1200%2C801&ssl=1&resize=350%2C200 1x, https:\/\/i0.wp.com\/catapa.be\/wp-content\/uploads\/2022\/06\/WhatsApp-Image-2022-06-01-at-10.05.17-AM.jpeg?fit=1200%2C801&ssl=1&resize=525%2C300 1.5x, https:\/\/i0.wp.com\/catapa.be\/wp-content\/uploads\/2022\/06\/WhatsApp-Image-2022-06-01-at-10.05.17-AM.jpeg?fit=1200%2C801&ssl=1&resize=700%2C400 2x, https:\/\/i0.wp.com\/catapa.be\/wp-content\/uploads\/2022\/06\/WhatsApp-Image-2022-06-01-at-10.05.17-AM.jpeg?fit=1200%2C801&ssl=1&resize=1050%2C600 3x"},"classes":[]}],"_links":{"self":[{"href":"https:\/\/catapa.be\/nl\/wp-json\/wp\/v2\/posts\/30973","targetHints":{"allow":["GET"]}}],"collection":[{"href":"https:\/\/catapa.be\/nl\/wp-json\/wp\/v2\/posts"}],"about":[{"href":"https:\/\/catapa.be\/nl\/wp-json\/wp\/v2\/types\/post"}],"author":[{"embeddable":true,"href":"https:\/\/catapa.be\/nl\/wp-json\/wp\/v2\/users\/17"}],"replies":[{"embeddable":true,"href":"https:\/\/catapa.be\/nl\/wp-json\/wp\/v2\/comments?post=30973"}],"version-history":[{"count":5,"href":"https:\/\/catapa.be\/nl\/wp-json\/wp\/v2\/posts\/30973\/revisions"}],"predecessor-version":[{"id":30991,"href":"https:\/\/catapa.be\/nl\/wp-json\/wp\/v2\/posts\/30973\/revisions\/30991"}],"wp:featuredmedia":[{"embeddable":true,"href":"https:\/\/catapa.be\/nl\/wp-json\/wp\/v2\/media\/30977"}],"wp:attachment":[{"href":"https:\/\/catapa.be\/nl\/wp-json\/wp\/v2\/media?parent=30973"}],"wp:term":[{"taxonomy":"category","embeddable":true,"href":"https:\/\/catapa.be\/nl\/wp-json\/wp\/v2\/categories?post=30973"},{"taxonomy":"post_tag","embeddable":true,"href":"https:\/\/catapa.be\/nl\/wp-json\/wp\/v2\/tags?post=30973"}],"curies":[{"name":"wp","href":"https:\/\/api.w.org\/{rel}","templated":true}]}}