{"id":33937,"date":"2023-08-07T16:22:00","date_gmt":"2023-08-07T14:22:00","guid":{"rendered":"https:\/\/catapa.be\/?p=33937"},"modified":"2023-08-08T14:29:30","modified_gmt":"2023-08-08T12:29:30","slug":"falan-het-dorp-in-colombia-waar-het-koloniale-tijdperk-maar-blijft-voortduren","status":"publish","type":"post","link":"https:\/\/catapa.be\/nl\/falan-het-dorp-in-colombia-waar-het-koloniale-tijdperk-maar-blijft-voortduren\/","title":{"rendered":"Fal\u00e1n: het dorp in Colombia waar het koloniale tijdperk maar blijft voortduren"},"content":{"rendered":"<div class=\"wpb-content-wrapper\"><p>[vc_row][vc_column][vc_column_text]<em><img data-recalc-dims=\"1\" loading=\"lazy\" decoding=\"async\" class=\"alignleft size-large wp-image-33905\" src=\"https:\/\/i0.wp.com\/catapa.be\/wp-content\/uploads\/2023\/08\/WhatsApp-Image-2023-08-03-at-13.46.34.jpeg?resize=640%2C480&#038;ssl=1\" alt=\"\" width=\"640\" height=\"480\" srcset=\"https:\/\/i0.wp.com\/catapa.be\/wp-content\/uploads\/2023\/08\/WhatsApp-Image-2023-08-03-at-13.46.34.jpeg?resize=1024%2C768&amp;ssl=1 1024w, https:\/\/i0.wp.com\/catapa.be\/wp-content\/uploads\/2023\/08\/WhatsApp-Image-2023-08-03-at-13.46.34.jpeg?resize=300%2C225&amp;ssl=1 300w, https:\/\/i0.wp.com\/catapa.be\/wp-content\/uploads\/2023\/08\/WhatsApp-Image-2023-08-03-at-13.46.34.jpeg?resize=768%2C576&amp;ssl=1 768w, https:\/\/i0.wp.com\/catapa.be\/wp-content\/uploads\/2023\/08\/WhatsApp-Image-2023-08-03-at-13.46.34.jpeg?resize=1536%2C1152&amp;ssl=1 1536w, https:\/\/i0.wp.com\/catapa.be\/wp-content\/uploads\/2023\/08\/WhatsApp-Image-2023-08-03-at-13.46.34.jpeg?w=1600&amp;ssl=1 1600w, https:\/\/i0.wp.com\/catapa.be\/wp-content\/uploads\/2023\/08\/WhatsApp-Image-2023-08-03-at-13.46.34.jpeg?w=1280&amp;ssl=1 1280w\" sizes=\"auto, (max-width: 640px) 100vw, 640px\" \/><\/em><\/p>\n<p><em>Het verliezen van de strijd tegen de mijnbouw zou betekenen&#8230; Gedwongen migratie, dood, het zou de bergen binnenstebuiten keren. Het zou het verdwijnen van de voorouderlijke verbale cultuur betekenen. Het zou veel mensen in een heel slecht scenario brengen, mensen zullen vechten voor hun overleving, voor waar ze wonen. Het zou&#8230; het zou het verlies van de Magdalena rivier betekenen, het zou het verlies van de Gual\u00ed rivier betekenen, het zou het verlies van endemische soorten betekenen &#8211; de kikker, de orchidee. Mensen zouden met niets achterblijven. De mensen, de dieren, het bos&#8230; Het zou verliezen betekenen&#8230; verliezen&#8230; alles verliezen. Alles verliezen.<\/em><\/p>\n<p>\u2013 Osiris Ocampo, Fal\u00e1n<\/p>\n<p>Het begon allemaal zo&#8217;n 400 jaar geleden, toen de Spanjaarden waardevolle metalen ontdekten in de bergen van wat nu Fal\u00e1n is, een Colombiaans dorp met zo&#8217;n 8.000 tal inwoners. Ze openden er mijnen met als doel zoveel mogelijk goud te exporteren naar Europa. Deze mijnen werden honderden jaren ge\u00ebxploiteerd door het koloniale bewind, waarna ze van 1890-1920 nog door de Engelsen werden beheerd. De impact op de lokale gemeenschap en ecologie waren gelijk aan wat algemeen bekend is van mijnbouw: vervuiling, sociale disruptie en armoede. Er is (jammer genoeg) nog meer goud te bespeuren op Fal\u00e1n&#8217;s grondgebied. Drie multinationals exploreren er momenteel in de hoop er weldra met hun ontginningsprojecten te kunnen starten. Deze keer via openpitmijnbouw, een vorm van extractie met veel meer sociale en ecologische impact dan de eerdere ondergrondse mijnbouwprojecten door de Spanjaarden en de Engelsen. Maar het verzet is sterk. Als het aan de milieuactivisten in Fal\u00e1n ligt, gaan deze projecten niet door en stopt de kolonisering van Fal\u00e1n nu meteen.<\/p>\n<p>&nbsp;<\/p>\n<h2>De Verloren Stad, herinnering aan de Spaanse kolonisatie<\/h2>\n<p>Wie al gehoord heeft van het dorpje Fal\u00e1n, gelegen in het noorden van provincie Tolima, Colombia, kent waarschijnlijk ook hun Ciudad Perdida, ofwel de Verloren Stad. Dat is de toeristische trekpleister van het dorp waar je te voet, te ziplijn of al muurklimmend een prachtig stukje natuur kan ontdekken. Zeker het bezoeken waard!<\/p>\n<p>Al heeft de plek een duister verleden. Je kan er ru\u00efnes bezoeken van de Santa Ana goud- en zilvermijnen en het naastgelegen dorp, die beide het levenslicht zagen in tijden van Spaanse kolonisatie in de 17de eeuw. Het grondgebied werd voorheen bevolkt door inheemse gemeenschappen, die door de komst van de Spanjaarden verdreven werden van hun territorium of ingeschakeld in de mijnen. De mijnen waren het rechtstreekse eigendom van de koning van Spanje, die opriep tot uitvoering van de projecten en met open armen het ontgonnen goud en zilver ontving. In Fal\u00e1n daarentegen werd zowel de inheemse gemeenschap als een prachtig stuk natuur van de kaart geveegd. Dit was de start van een koloniale periode die ook vandaag nog voortduurt.<\/p>\n<p>Het dorp Santa Ana (nu Fal\u00e1n) werd gesticht, bewoond door Spaanse mijnbouwwerkers, en over velen decennia werden kilometerslange tunnels gegraven in de bergen op zoek naar hoge concentraties van goud en zilver.<\/p>\n<p>&nbsp;<\/p>\n<h2><b>Recessie na Engelse mijnen<\/b><span style=\"font-weight: 400;\">\u00a0<\/span><\/h2>\n<p><span style=\"font-weight: 400;\">Na de onafhankelijkheidsoorlog werden de mijnen ter concessie gegeven aan Britse bedrijven en opnieuw decennialang ge\u00ebxploiteerd, tot de jaren 20 van vorige eeuw. Op verschillende plekken in Fal\u00e1n en Fr\u00edas (een gemeentelijk district verbonden aan Fal\u00e1n) worden oude mijnen opnieuw in werking gesteld en nieuwe geopend. Kilometers nieuwe tunnels worden gegraven in de bergen om er aan ondergrondse mijnbouw te doen.<\/span><\/p>\n<p><span style=\"font-weight: 400;\">De inwoners van Fal\u00e1n en Fr\u00edas houden geen goede herinneringen over aan deze periode. De verhalen die terugkomen gaan onder andere over dode &#8216;quebradas&#8217;, dat zijn kloven tussen twee bergen waar een waterbron doorloopt. Door vervuiling en waterverbruik van de Britse mijnen 100 jaar geleden is vandaag de dag op die plekken nog steeds amper dierlijk leven te bespeuren.<\/span><\/p>\n<p><img data-recalc-dims=\"1\" loading=\"lazy\" decoding=\"async\" class=\" wp-image-33893 aligncenter\" src=\"https:\/\/i0.wp.com\/catapa.be\/wp-content\/uploads\/2023\/08\/WhatsApp-Image-2023-08-03-at-13.44.22.jpeg?resize=577%2C588&#038;ssl=1\" alt=\"\" width=\"577\" height=\"588\" srcset=\"https:\/\/i0.wp.com\/catapa.be\/wp-content\/uploads\/2023\/08\/WhatsApp-Image-2023-08-03-at-13.44.22.jpeg?resize=1005%2C1024&amp;ssl=1 1005w, https:\/\/i0.wp.com\/catapa.be\/wp-content\/uploads\/2023\/08\/WhatsApp-Image-2023-08-03-at-13.44.22.jpeg?resize=294%2C300&amp;ssl=1 294w, https:\/\/i0.wp.com\/catapa.be\/wp-content\/uploads\/2023\/08\/WhatsApp-Image-2023-08-03-at-13.44.22.jpeg?resize=768%2C783&amp;ssl=1 768w, https:\/\/i0.wp.com\/catapa.be\/wp-content\/uploads\/2023\/08\/WhatsApp-Image-2023-08-03-at-13.44.22.jpeg?resize=1507%2C1536&amp;ssl=1 1507w, https:\/\/i0.wp.com\/catapa.be\/wp-content\/uploads\/2023\/08\/WhatsApp-Image-2023-08-03-at-13.44.22.jpeg?w=2009&amp;ssl=1 2009w, https:\/\/i0.wp.com\/catapa.be\/wp-content\/uploads\/2023\/08\/WhatsApp-Image-2023-08-03-at-13.44.22.jpeg?w=1280&amp;ssl=1 1280w, https:\/\/i0.wp.com\/catapa.be\/wp-content\/uploads\/2023\/08\/WhatsApp-Image-2023-08-03-at-13.44.22.jpeg?w=1920&amp;ssl=1 1920w\" sizes=\"auto, (max-width: 577px) 100vw, 577px\" \/><\/p>\n<p><span style=\"font-weight: 400;\">Maar ook het verhaal van economische recessie en sociale problematieken als gevolg komt steeds terug. Nadat de bedrijven besloten te stoppen met ontginnen wegens niet meer winstgevend genoeg, ging het volledige dorp door een moeilijke periode. Na 40 jaar van ontginning waren de inwoners erg afhankelijk geraakt van de mijnbouw en daarom ging een plotse sluiting samen met recessie en sociale disruptie. Een tijdelijke economische groei en jobopportuniteiten in de regio werd snel omgeruild voor een lange periode van armoede en economisch herstel. Dat zijn de verhalen die nog steeds de ronde gaan in het dorp, waar de overgrote meerderheid van de inwoners nu terug afhankelijk is van landbouw. Dat is een iets stabielere vorm van inkomen, maar de regio kampt nog steeds met een hoge armoedegraad.\u00a0<\/span><\/p>\n<p><span style=\"font-weight: 400;\">Vanwege deze sterke landbouwgeschiedenis zien de<\/span><span style=\"font-weight: 400;\"> inwoners van Fal\u00e1n en Fr\u00edas zichzelf bovendien niet als mijnbouwers \u2013 de mijnen waren immers altijd koloniaal en werden beheerd door bezetters. <\/span><span style=\"font-weight: 400;\">Net zoals de koloniale periode 400 jaar eerder bracht de exploitatie van buitenlandse mijnbouwbedrijven heel wat teweeg in Fal\u00e1n. Het ontgonnen goud werd opnieuw ge\u00ebxporteerd naar het buitenland terwijl ze in Colombia met de impact achter bleven. Sprekende gelijkenissen met de Spaanse kolonisatie 400 jaar eerder. <\/span><\/p>\n<p>&nbsp;<\/p>\n<h2><b>Een neoliberale koers\u00a0<\/b><\/h2>\n<p><span style=\"font-weight: 400;\">Meer recent is<\/span> <span style=\"font-weight: 400;\">ook het Colombiaanse economische beleid en specifiek de veranderingen in het beleid rond landgebruik tekenend voor het bestaan en welzijn van boeren op het platteland vandaag. Historisch gezien is het overgrote deel van de Colombiaanse populatie <\/span><i><span style=\"font-weight: 400;\">campesinos, <\/span><\/i><span style=\"font-weight: 400;\">plattenlandsbewoners die leven van landbouw, veeteelt, visserij, of artisanale mijnbouw, die gesetteld zijn op afgelegen en vaak moeilijk te bereiken plekken in relatief autonome gemeenschappen. Sinds de jaren 50 van de vorige eeuw focust het Colombiaanse economische beleid op het \u2018effectiever\u2019 vormgeven van de economie door families van boeren van hun land te verdrijven zodat grote industri\u00eble boerderijen en (meer recentelijk) monoculturen hun plaats kunnen innemen. De geschiedenis van dit economische beleid is bloedig. Vele campesinos werden verdreven of vermoord zodat hun land beschikbaar zou worden. Daarnaast was dit economische beleid \u00e9\u00e9n van de oorzaken van de langdurige burgeroorlog, en veel campesinos waren slachtoffer van het geweld tussen de guerrillas en de staat. Velen werden onteigend van hun land en hun leven in het platteland.<\/span><\/p>\n<p>&nbsp;<\/p>\n<p><span style=\"font-weight: 400;\">In de jaren 90 en 2000 werd onder druk van internationale organisaties zoals de World Bank en het International Monetary Fund de Colombiaanse economie (en de mijnbouwsector) geneoliberalizeerd. Bedrijven werden geprivatiseerd, regelgeving verzwakt, en de sector werd opengesteld voor de internationale vrijemarkteconomie. Net zoals in de rest van Zuid-Amerika, en veel andere \u2018arme\u2019 of \u2018onderontwikkelde\u2019 landen, werd extractie voortaan gedaan door multinationale bedrijven uit \u2018rijke\u2019 landen. Zij strijken verreweg het grootste deel van de winst op, betalen weinig belasting aan de Colombiaanse staat (wat zou moeten leiden tot \u2018development\u2019), terwijl de lokale bevolking slechts achterblijft met de immense ecologische, sociale en economische impact, zonder zeggenschap in hun eigen toekomst. Het internationale neoliberale beleid, en consequentieel de aankomst van multinationale mijnbouwbedrijven, is een volgend hoofdstuk in de lange geschiedenis van imperialisme dat boeren onteigend van hun land, en hun economische middelen, gezondheid, rust, en leven verwoest.\u00a0<\/span><\/p>\n<p>&nbsp;<\/p>\n<h2><b>Kolonisatie anno 2023<\/b><\/h2>\n<p><span style=\"font-weight: 400;\">Het verhaal is nog niet voorbij. Opnieuw is er interesse vanuit andere landen in het grondgebied. Drie multinationals kregen vergunningen om 36.000 hectare te exploreren voor kostbare metalen. Dit keer met het doel om van start te gaan met openpitmijnbouw, een vorm van extractie die vele malen disruptiever is voor de wijde regio dan de ondergrondse tunnelmijnbouw die voorheen plaatsvond in Fal\u00e1n. Dat omdat in dit soort mijnbouw, zoals de naam insinueert, de gehele berg, inclusief ecosysteem, wordt getransformeerd tot een \u2018pit\u2019 \u2013 een groot levenloos gat daar waar voorheen leven was. Daarnaast is er zeer veel water nodig, wordt er gebruikt gemaakt van een grote hoeveelheid gevaarlijke chemische stoffen en wordt er veel toxisch afval gecre\u00eberd.<\/span><\/p>\n<p style=\"text-align: center;\"><img data-recalc-dims=\"1\" loading=\"lazy\" decoding=\"async\" class=\"size-large wp-image-33896 aligncenter\" src=\"https:\/\/i0.wp.com\/catapa.be\/wp-content\/uploads\/2023\/08\/WhatsApp-Image-2023-08-03-at-13.43.21.jpeg?resize=640%2C426&#038;ssl=1\" alt=\"\" width=\"640\" height=\"426\" srcset=\"https:\/\/i0.wp.com\/catapa.be\/wp-content\/uploads\/2023\/08\/WhatsApp-Image-2023-08-03-at-13.43.21.jpeg?resize=1024%2C681&amp;ssl=1 1024w, https:\/\/i0.wp.com\/catapa.be\/wp-content\/uploads\/2023\/08\/WhatsApp-Image-2023-08-03-at-13.43.21.jpeg?resize=300%2C199&amp;ssl=1 300w, https:\/\/i0.wp.com\/catapa.be\/wp-content\/uploads\/2023\/08\/WhatsApp-Image-2023-08-03-at-13.43.21.jpeg?resize=768%2C511&amp;ssl=1 768w, https:\/\/i0.wp.com\/catapa.be\/wp-content\/uploads\/2023\/08\/WhatsApp-Image-2023-08-03-at-13.43.21.jpeg?w=1504&amp;ssl=1 1504w, https:\/\/i0.wp.com\/catapa.be\/wp-content\/uploads\/2023\/08\/WhatsApp-Image-2023-08-03-at-13.43.21.jpeg?w=1280&amp;ssl=1 1280w\" sizes=\"auto, (max-width: 640px) 100vw, 640px\" \/><em>Cerro de Pasco mijn, Peru \u00a9Simon Lenskens<\/em><\/p>\n<p><span style=\"font-weight: 400;\">Terechte zorgen dus bij de inwoners van Fal\u00e1n. Alleen al de exploratie roept bezorgdheden op, want hiervoor worden in de wijde omgeving gaten in de grond geboord van 200 meter diep, wat de ondergrondse waterstromen be\u00efnvloedt en het leven op het land verstoord. In L\u00edbano, een dorpje zo\u2019n 25km zuidwest van Fal\u00e1n, waren velen boeren gedwongen te vertrekken nadat de opening van de mijn leidde tot waterschaarste. Voor een gemeenschap die voor een groot deel afhankelijk is van landbouw zijn water en gezonde grond steeds terugkomende bezorgdheden. Trotse boeren spreken over hoe vruchtbaar de grond is in deze regio, en hoeveel toekomst er is voor bijvoorbeeld biologische landbouw van cacao, koffie, guanabana, ma\u00eds, yuca, avocado, &#8230; De lijst is oneindig. Voor velen is het boer zijn niet alleen een beroep, maar een identiteit en een manier van leven. Wat wordt bedreigd door de mijnbouwexploratie zijn niet alleen hun inkomsten, maar de manier van leven die ze hebben opgebouwd in en met hun land. Wat wordt bedreigd is hun thuis, en wie ze zijn.\u00a0<\/span><\/p>\n<p><span style=\"font-weight: 400;\">Ook uiten ze zorgen om de biodiversiteit. In de omgeving van Fal\u00e1n zitten speciale diersoorten die enkel in die streek voorkomen, onder andere enkele vogelsoorten en ook de &#8216;rana morada&#8217; ofwel paarse kikker. Het verlies van deze soorten, en zo ook eventueel soorten die nog niet ontdekt zijn, is eveneens een drijfveer voor protest. Al deze redenen komen samen. De zorgen om water en gezonde grond die nodig zijn voor hun productie, het ontwikkelen van een economische afhankelijkheid, de verstoring van de biodiversiteit, en de verwoesting van hun prachtige leefgebied, worden samengevat in de woorden van Osiris Ocampo uit Fal\u00e1n. \u201cIk denk dat de belangrijkste reden [voor verzet] liefde is. De liefde voor het <\/span><i><span style=\"font-weight: 400;\">territorio\u201d. <\/span><\/i><\/p>\n<p>&nbsp;<\/p>\n<h2><b>Een verdeeld volk<\/b><\/h2>\n<p><span style=\"font-weight: 400;\">Niet iedereen in Fal\u00e1n maakt zich echter zorgen. Kleinschalige landbouwpraktijken brengen niet veel op in Colombia, de prijzen van groenten en fruit liggen laag terwijl met het telen ervan zwaar werk gepaard gaat. Boeren worden daarnaast hoog belast en krijgen geen steun van de overheid. Deze factor, samen met de hoge armoedegraad, zorgt ervoor dat velen uitkijken naar de nieuwe jobopportuniteiten die de bedrijven hen beloven.\u00a0<\/span><\/p>\n<p><span style=\"font-weight: 400;\">In vereda Cabandia (een vereda is een een arrondissement binnen een gemeente) staan milieuactivisten Damaris en Nicolas bijvoorbeeld moederziel alleen in hun strijd tegen de naderende projecten. Zij wijten de steun van hun buren aan geslaagde omkopingspraktijken van de bedrijven enerzijds, maar ook aan het lage educatieniveau en gebrek aan toegang tot informatie over de impact van mijnbouw. Hun vereda ligt het verst af van de dorpskern waar de lokale school gelegen is. Veel kinderen gaan daarom niet naar school en de educatiegraad in het algemeen is er erg laag.\u00a0<\/span><\/p>\n<p><span style=\"font-weight: 400;\">Andere vereda&#8217;s, zoals vereda Santa Filimena, kozen er dan weer met z&#8217;n allen voor om de mijnbouw niet te steunen. Geen enkele familie geeft er toestemming aan de bedrijven om op hun grond gaten te boren en gezamenlijk spraken ze af om niet te gaan werken voor de mijnbouwbedrijven, die ook al voor de exploratiefase verschillende inwoners rekruteren.\u00a0<\/span><\/p>\n<p><iframe loading=\"lazy\" title=\"YouTube video player\" src=\"https:\/\/www.youtube.com\/embed\/bUZ4lFlKQEI?start=1\" width=\"560\" height=\"315\" frameborder=\"0\" allowfullscreen=\"allowfullscreen\"><\/iframe><\/p>\n<p>&nbsp;<\/p>\n<h2><b>Propaganda in de boekentas<\/b><span style=\"font-weight: 400;\">\u00a0<\/span><\/h2>\n<p><span style=\"font-weight: 400;\">De propagandamachine draait echter op volle toeren. De mijnbouwbedrijven in Fal\u00e1n gaan ver in het overtuigen van de bevolking van hun projecten. Multinational Mirandagold is de koploper in Fal\u00e1n betreffende omkopingstrategie\u00ebn. Boeren kregen er al machetes, voedsel en geld kado. Het bedrijf doneerde ook een ambulance aan het lokale ziekenhuis. Ze cre\u00eberden zelfs een speciaal spel voor de kinderen in Fal\u00e1n op de dag van Halloween, waarmee ze tablets konden winnen. Het bedrijf sponsort festivals, kerstverlichting en leuke activiteiten. Andere kinderen kregen via de school speelgoed mee met het bedrijfslogo in hun boekentas. En aan de mensen die verantwoordelijk zijn voor het beheer en het behoud van het Cuidad Perdida reservaat werd een hele boodschappenkar aangeboden met allerlei goederen zoals voedsel en sterke alcohol. Inclusief uitnodigingen voor bijeenkomsten met de verantwoordelijken voor de mijnbouwprojecten. Zij lieten zich echter niet omkopen en sloegen het aanbod af. Een bedrijf dat zoveel moeite doet om de bevolking te overtuigen lijkt wel iets duisters te verbergen\u2026\u00a0<\/span><a href=\"https:\/\/commons.commondreams.org\/t\/how-to-convince-a-village-to-destroy-their-future-in-8-steps\/145455\"><span style=\"font-weight: 400;\">Lees hier meer over strategie\u00ebn die mijnbouwbedrijven hanteren om hun projecten door te dringen.\u00a0<\/span><\/a><\/p>\n<p>&nbsp;<\/p>\n<h2><b>Verzet en alternatieven\u00a0<\/b><\/h2>\n<p><span style=\"font-weight: 400;\">Maar de Fal\u00e1nezen laten zich niet doen! Gesteund door het Colectivo Ambiental Fal\u00e1n y Fr\u00edas en het regionale <\/span><a href=\"https:\/\/m.facebook.com\/oficialcomiteambiental\"><span style=\"font-weight: 400;\">Comit\u00e9 Ambiental en Defensa de la Vida<\/span><\/a><span style=\"font-weight: 400;\"> worden met regelmaat protestacties georganiseerd. Dit ondanks intimidatie en bedreigingen. Meerderen kregen al intimiderende bezoekjes van medewerkers van de multitinationals en \u00e9\u00e9n van hen werd zelfs met de dood bedreigd door de lokale politie na aanvang van een protestactie. Maar ook dat houdt hen niet tegen. Bij de activisten klinkt het eenduidig: we willen de geschiedenis van Fal\u00e1n niet opnieuw herhalen.<\/span><\/p>\n<p style=\"text-align: center;\"><img data-recalc-dims=\"1\" loading=\"lazy\" decoding=\"async\" class=\" wp-image-33899 aligncenter\" src=\"https:\/\/i0.wp.com\/catapa.be\/wp-content\/uploads\/2023\/08\/WhatsApp-Image-2023-08-03-at-13.46.39.jpeg?resize=589%2C442&#038;ssl=1\" alt=\"\" width=\"589\" height=\"442\" srcset=\"https:\/\/i0.wp.com\/catapa.be\/wp-content\/uploads\/2023\/08\/WhatsApp-Image-2023-08-03-at-13.46.39.jpeg?resize=1024%2C768&amp;ssl=1 1024w, https:\/\/i0.wp.com\/catapa.be\/wp-content\/uploads\/2023\/08\/WhatsApp-Image-2023-08-03-at-13.46.39.jpeg?resize=300%2C225&amp;ssl=1 300w, https:\/\/i0.wp.com\/catapa.be\/wp-content\/uploads\/2023\/08\/WhatsApp-Image-2023-08-03-at-13.46.39.jpeg?resize=768%2C576&amp;ssl=1 768w, https:\/\/i0.wp.com\/catapa.be\/wp-content\/uploads\/2023\/08\/WhatsApp-Image-2023-08-03-at-13.46.39.jpeg?w=1040&amp;ssl=1 1040w\" sizes=\"auto, (max-width: 589px) 100vw, 589px\" \/><em><span style=\"font-weight: 400;\">Protestactie in v<\/span>ereda Cavandia \u00a9Damaris Perdomo<\/em><\/p>\n<p><span style=\"font-weight: 400;\">Ze hebben een heel ander soort Fal\u00e1n voor ogen. Een Fal\u00e1n waar de enige vorm van mijnbouw te bezichtigen is in de vorm van koloniale ru\u00efnes in de Cuidad Perdida. Waar het ecotoerisme floreert en de landbouw opnieuw gewaardeerd wordt.\u00a0<\/span><\/p>\n<p>&nbsp;<\/p>\n<h2><b>Wat nu?<\/b><span style=\"font-weight: 400;\">\u00a0<\/span><\/h2>\n<p><span style=\"font-weight: 400;\">Hoe moet het nu verder? De volgende gemeenteraadsverkiezingen kunnen wel eens van belang zijn. Enkel \u00e9\u00e9n kandidaat, Miguel Rubio, is uitgesproken tegen de mijnbouwprojecten. Via zijn eigen sociale media kanalen voert hij al jaren protest tegen de opkomende plannen en sensibiliseert hij over de impact van mijnbouw. De verkiezingen in oktober zullen dus beslissend zijn.\u00a0<\/span><\/p>\n<p>&nbsp;<\/p>\n<p><span style=\"font-weight: 400;\">Waar Fal\u00e1n momenteel nood aan heeft volgens Luis Barreto Jimenez van het lokale milieucomite is samen te vatten in drie woorden: organisatie, educatie en campagne. &#8216;We moeten de losstaande milieuactivisten organiseren\/uniseren en via gestroomlijnde campagnes correcte informatie over de impact van mijnbouw Fal\u00e1n en Fr\u00edas insturen, om zo de propagandamachines van de bedrijven tegen te gaan.&#8217;\u00a0<\/span><\/p>\n<p style=\"text-align: center;\"><img data-recalc-dims=\"1\" loading=\"lazy\" decoding=\"async\" class=\" wp-image-33902 aligncenter\" src=\"https:\/\/i0.wp.com\/catapa.be\/wp-content\/uploads\/2023\/08\/WhatsApp-Image-2023-08-03-at-13.54.47.jpeg?resize=551%2C734&#038;ssl=1\" alt=\"\" width=\"551\" height=\"734\" srcset=\"https:\/\/i0.wp.com\/catapa.be\/wp-content\/uploads\/2023\/08\/WhatsApp-Image-2023-08-03-at-13.54.47.jpeg?resize=768%2C1024&amp;ssl=1 768w, https:\/\/i0.wp.com\/catapa.be\/wp-content\/uploads\/2023\/08\/WhatsApp-Image-2023-08-03-at-13.54.47.jpeg?resize=225%2C300&amp;ssl=1 225w, https:\/\/i0.wp.com\/catapa.be\/wp-content\/uploads\/2023\/08\/WhatsApp-Image-2023-08-03-at-13.54.47.jpeg?resize=1152%2C1536&amp;ssl=1 1152w, https:\/\/i0.wp.com\/catapa.be\/wp-content\/uploads\/2023\/08\/WhatsApp-Image-2023-08-03-at-13.54.47.jpeg?w=1488&amp;ssl=1 1488w, https:\/\/i0.wp.com\/catapa.be\/wp-content\/uploads\/2023\/08\/WhatsApp-Image-2023-08-03-at-13.54.47.jpeg?w=1280&amp;ssl=1 1280w\" sizes=\"auto, (max-width: 551px) 100vw, 551px\" \/><em>Luis Barreto Jimenez in Ciudad Perdida \u00a9CATAPA<\/em><\/p>\n<p><span style=\"font-weight: 400;\">Daar wordt momenteel hard aan gewerkt! Samen met Catapa worden er bijvoorbeeld fondsen ingezameld om hiermee projectmatig aan de slag te gaan. De strijd is nog niet gestreden!<\/span><\/p>\n<p>&nbsp;<\/p>\n<hr \/>\n<p><em><span style=\"font-weight: 400;\">Dit artikel is het resultaat van een onderzoeksproject uitgevoerd door vrijwilligers van CATAPA\u2019s study- en lobbywerkgroep in samenwerking met <\/span><a href=\"https:\/\/facebook.com\/CAdeFalanYFrias\"><span style=\"font-weight: 400;\">Colectivo Ambiental Fal\u00e1n y Fr\u00edas<\/span><\/a><span style=\"font-weight: 400;\"> en Willo Molenaar, antropoloog. <\/span><\/em>[\/vc_column_text][vc_cta h2=&#8221;Wil jij ook een bijdrage leveren?&#8221; add_button=&#8221;bottom&#8221; btn_title=&#8221;Doneer en steun het Right To Say No&#8221; btn_color=&#8221;success&#8221; btn_align=&#8221;center&#8221; btn_link=&#8221;url:https%3A%2F%2Fcatapa.be%2Fnl%2Fons-werk%2Fcampagnes%2Fhet-recht-om-nee-te-zeggen%2Fright-to-say-no-bijeenkomst-in-de-andes%2F|target:_blank|&#8221;]Ben je ontroerd door wat je leest en vraag je je af hoe je kunt bijdragen aan deze strijd? Een heel concreet ding dat je vandaag kunt doen is een donatie doen om de Right To Say No Andes bijeenkomst mogelijk te maken!<\/p>\n<p>Deze bijeenkomst is de zesde editie van de partneruitwisselingsweek van CATAPA in het najaar van 2023 in Ecuador: Dit is een week waarin kennis, concrete praktische vaardigheden en strategie\u00ebn worden gedeeld tussen getroffen gemeenschappen over het voorkomen van mijnbouwprojecten en over het omgaan met de gevolgen van de aanwezigheid van mijnbouwbedrijven op hun land. De bijeenkomst versterkt gemeenschappen in hun lokale strijd en dwingt banden en allianties die zorgen voor een verenigde strijd voor de bescherming van hun recht om nee te zeggen tegen mijnbouw in de Andes-regio.[\/vc_cta][\/vc_column][vc_column][\/vc_column][\/vc_row]<\/p>\n<\/div>","protected":false},"excerpt":{"rendered":"<p>[vc_row][vc_column][vc_column_text] Het verliezen van de strijd tegen de mijnbouw zou betekenen&#8230; Gedwongen migratie, dood, het zou de bergen binnenstebuiten keren. Het zou het verdwijnen van de voorouderlijke verbale cultuur betekenen. Het zou veel mensen in<br \/><a class=\"read-more\" href=\"https:\/\/catapa.be\/nl\/falan-het-dorp-in-colombia-waar-het-koloniale-tijdperk-maar-blijft-voortduren\/\">Read More<\/a><\/p>\n","protected":false},"author":67,"featured_media":33906,"comment_status":"open","ping_status":"open","sticky":false,"template":"","format":"standard","meta":{"_exactmetrics_skip_tracking":false,"_exactmetrics_sitenote_active":false,"_exactmetrics_sitenote_note":"","_exactmetrics_sitenote_category":0,"jetpack_post_was_ever_published":false,"_jetpack_newsletter_access":"","_jetpack_dont_email_post_to_subs":false,"_jetpack_newsletter_tier_id":0,"_jetpack_memberships_contains_paywalled_content":false,"_jetpack_memberships_contains_paid_content":false,"footnotes":"","jetpack_publicize_message":"","jetpack_publicize_feature_enabled":true,"jetpack_social_post_already_shared":true,"jetpack_social_options":{"image_generator_settings":{"template":"highway","default_image_id":0,"font":"","enabled":false},"version":2}},"categories":[479,1195],"tags":[790],"class_list":["post-33937","post","type-post","status-publish","format-standard","has-post-thumbnail","hentry","category-colombia-nl","category-recht-om-nee-te-zeggen","tag-right-to-say-no-nl"],"yoast_head":"<!-- This site is optimized with the Yoast SEO plugin v26.8 - https:\/\/yoast.com\/product\/yoast-seo-wordpress\/ -->\n<title>Fal\u00e1n: het dorp in Colombia waar het koloniale tijdperk maar blijft voortduren - CATAPA vzw<\/title>\n<meta name=\"robots\" content=\"index, follow, max-snippet:-1, max-image-preview:large, max-video-preview:-1\" \/>\n<link rel=\"canonical\" href=\"https:\/\/catapa.be\/nl\/falan-het-dorp-in-colombia-waar-het-koloniale-tijdperk-maar-blijft-voortduren\/\" \/>\n<meta property=\"og:locale\" content=\"nl_NL\" \/>\n<meta property=\"og:type\" content=\"article\" \/>\n<meta property=\"og:title\" content=\"Fal\u00e1n: het dorp in Colombia waar het koloniale tijdperk maar blijft voortduren - CATAPA vzw\" \/>\n<meta property=\"og:description\" content=\"[vc_row][vc_column][vc_column_text] Het verliezen van de strijd tegen de mijnbouw zou betekenen&#8230; Gedwongen migratie, dood, het zou de bergen binnenstebuiten keren. Het zou het verdwijnen van de voorouderlijke verbale cultuur betekenen. Het zou veel mensen inRead More\" \/>\n<meta property=\"og:url\" content=\"https:\/\/catapa.be\/nl\/falan-het-dorp-in-colombia-waar-het-koloniale-tijdperk-maar-blijft-voortduren\/\" \/>\n<meta property=\"og:site_name\" content=\"CATAPA vzw\" \/>\n<meta property=\"article:publisher\" content=\"https:\/\/www.facebook.com\/catapa.belgium\/\" \/>\n<meta property=\"article:published_time\" content=\"2023-08-07T14:22:00+00:00\" \/>\n<meta property=\"article:modified_time\" content=\"2023-08-08T12:29:30+00:00\" \/>\n<meta property=\"og:image\" content=\"https:\/\/catapa.be\/wp-content\/uploads\/2023\/08\/WhatsApp-Image-2023-08-03-at-13.46.34.jpeg\" \/>\n\t<meta property=\"og:image:width\" content=\"1600\" \/>\n\t<meta property=\"og:image:height\" content=\"1200\" \/>\n\t<meta property=\"og:image:type\" content=\"image\/jpeg\" \/>\n<meta name=\"author\" content=\"Estefan\u00eda\" \/>\n<meta name=\"twitter:card\" content=\"summary_large_image\" \/>\n<meta name=\"twitter:creator\" content=\"@CATAPA_Belgica\" \/>\n<meta name=\"twitter:site\" content=\"@CATAPA_Belgica\" \/>\n<meta name=\"twitter:label1\" content=\"Geschreven door\" \/>\n\t<meta name=\"twitter:data1\" content=\"Estefan\u00eda\" \/>\n\t<meta name=\"twitter:label2\" content=\"Geschatte leestijd\" \/>\n\t<meta name=\"twitter:data2\" content=\"12 minuten\" \/>\n<script type=\"application\/ld+json\" class=\"yoast-schema-graph\">{\"@context\":\"https:\/\/schema.org\",\"@graph\":[{\"@type\":\"Article\",\"@id\":\"https:\/\/catapa.be\/nl\/falan-het-dorp-in-colombia-waar-het-koloniale-tijdperk-maar-blijft-voortduren\/#article\",\"isPartOf\":{\"@id\":\"https:\/\/catapa.be\/nl\/falan-het-dorp-in-colombia-waar-het-koloniale-tijdperk-maar-blijft-voortduren\/\"},\"author\":{\"name\":\"Estefan\u00eda\",\"@id\":\"https:\/\/catapa.be\/nl\/#\/schema\/person\/81ff50de69eb668647494aa998bd4431\"},\"headline\":\"Fal\u00e1n: het dorp in Colombia waar het koloniale tijdperk maar blijft voortduren\",\"datePublished\":\"2023-08-07T14:22:00+00:00\",\"dateModified\":\"2023-08-08T12:29:30+00:00\",\"mainEntityOfPage\":{\"@id\":\"https:\/\/catapa.be\/nl\/falan-het-dorp-in-colombia-waar-het-koloniale-tijdperk-maar-blijft-voortduren\/\"},\"wordCount\":2500,\"commentCount\":0,\"publisher\":{\"@id\":\"https:\/\/catapa.be\/nl\/#organization\"},\"image\":{\"@id\":\"https:\/\/catapa.be\/nl\/falan-het-dorp-in-colombia-waar-het-koloniale-tijdperk-maar-blijft-voortduren\/#primaryimage\"},\"thumbnailUrl\":\"https:\/\/i0.wp.com\/catapa.be\/wp-content\/uploads\/2023\/08\/WhatsApp-Image-2023-08-03-at-13.46.34.jpeg?fit=1600%2C1200&ssl=1\",\"keywords\":[\"Right to Say No\"],\"articleSection\":[\"Colombia\",\"recht om 'nee' te zeggen\"],\"inLanguage\":\"nl-NL\",\"potentialAction\":[{\"@type\":\"CommentAction\",\"name\":\"Comment\",\"target\":[\"https:\/\/catapa.be\/nl\/falan-het-dorp-in-colombia-waar-het-koloniale-tijdperk-maar-blijft-voortduren\/#respond\"]}]},{\"@type\":\"WebPage\",\"@id\":\"https:\/\/catapa.be\/nl\/falan-het-dorp-in-colombia-waar-het-koloniale-tijdperk-maar-blijft-voortduren\/\",\"url\":\"https:\/\/catapa.be\/nl\/falan-het-dorp-in-colombia-waar-het-koloniale-tijdperk-maar-blijft-voortduren\/\",\"name\":\"Fal\u00e1n: het dorp in Colombia waar het koloniale tijdperk maar blijft voortduren - CATAPA vzw\",\"isPartOf\":{\"@id\":\"https:\/\/catapa.be\/nl\/#website\"},\"primaryImageOfPage\":{\"@id\":\"https:\/\/catapa.be\/nl\/falan-het-dorp-in-colombia-waar-het-koloniale-tijdperk-maar-blijft-voortduren\/#primaryimage\"},\"image\":{\"@id\":\"https:\/\/catapa.be\/nl\/falan-het-dorp-in-colombia-waar-het-koloniale-tijdperk-maar-blijft-voortduren\/#primaryimage\"},\"thumbnailUrl\":\"https:\/\/i0.wp.com\/catapa.be\/wp-content\/uploads\/2023\/08\/WhatsApp-Image-2023-08-03-at-13.46.34.jpeg?fit=1600%2C1200&ssl=1\",\"datePublished\":\"2023-08-07T14:22:00+00:00\",\"dateModified\":\"2023-08-08T12:29:30+00:00\",\"breadcrumb\":{\"@id\":\"https:\/\/catapa.be\/nl\/falan-het-dorp-in-colombia-waar-het-koloniale-tijdperk-maar-blijft-voortduren\/#breadcrumb\"},\"inLanguage\":\"nl-NL\",\"potentialAction\":[{\"@type\":\"ReadAction\",\"target\":[\"https:\/\/catapa.be\/nl\/falan-het-dorp-in-colombia-waar-het-koloniale-tijdperk-maar-blijft-voortduren\/\"]}]},{\"@type\":\"ImageObject\",\"inLanguage\":\"nl-NL\",\"@id\":\"https:\/\/catapa.be\/nl\/falan-het-dorp-in-colombia-waar-het-koloniale-tijdperk-maar-blijft-voortduren\/#primaryimage\",\"url\":\"https:\/\/i0.wp.com\/catapa.be\/wp-content\/uploads\/2023\/08\/WhatsApp-Image-2023-08-03-at-13.46.34.jpeg?fit=1600%2C1200&ssl=1\",\"contentUrl\":\"https:\/\/i0.wp.com\/catapa.be\/wp-content\/uploads\/2023\/08\/WhatsApp-Image-2023-08-03-at-13.46.34.jpeg?fit=1600%2C1200&ssl=1\",\"width\":1600,\"height\":1200},{\"@type\":\"BreadcrumbList\",\"@id\":\"https:\/\/catapa.be\/nl\/falan-het-dorp-in-colombia-waar-het-koloniale-tijdperk-maar-blijft-voortduren\/#breadcrumb\",\"itemListElement\":[{\"@type\":\"ListItem\",\"position\":1,\"name\":\"Home\",\"item\":\"https:\/\/catapa.be\/nl\/\"},{\"@type\":\"ListItem\",\"position\":2,\"name\":\"Fal\u00e1n: het dorp in Colombia waar het koloniale tijdperk maar blijft voortduren\"}]},{\"@type\":\"WebSite\",\"@id\":\"https:\/\/catapa.be\/nl\/#website\",\"url\":\"https:\/\/catapa.be\/nl\/\",\"name\":\"CATAPA vzw\",\"description\":\"Comit\u00e9 Acad\u00e9mico T\u00e9cnico de Asesoramiento a Problemas Ambientales\",\"publisher\":{\"@id\":\"https:\/\/catapa.be\/nl\/#organization\"},\"potentialAction\":[{\"@type\":\"SearchAction\",\"target\":{\"@type\":\"EntryPoint\",\"urlTemplate\":\"https:\/\/catapa.be\/nl\/?s={search_term_string}\"},\"query-input\":{\"@type\":\"PropertyValueSpecification\",\"valueRequired\":true,\"valueName\":\"search_term_string\"}}],\"inLanguage\":\"nl-NL\"},{\"@type\":\"Organization\",\"@id\":\"https:\/\/catapa.be\/nl\/#organization\",\"name\":\"CATAPA vzw\",\"url\":\"https:\/\/catapa.be\/nl\/\",\"logo\":{\"@type\":\"ImageObject\",\"inLanguage\":\"nl-NL\",\"@id\":\"https:\/\/catapa.be\/nl\/#\/schema\/logo\/image\/\",\"url\":\"https:\/\/i0.wp.com\/catapa.be\/wp-content\/uploads\/2019\/02\/NEW20LOGO20SHORT20PNG1.png?fit=1259%2C1321&ssl=1\",\"contentUrl\":\"https:\/\/i0.wp.com\/catapa.be\/wp-content\/uploads\/2019\/02\/NEW20LOGO20SHORT20PNG1.png?fit=1259%2C1321&ssl=1\",\"width\":1259,\"height\":1321,\"caption\":\"CATAPA vzw\"},\"image\":{\"@id\":\"https:\/\/catapa.be\/nl\/#\/schema\/logo\/image\/\"},\"sameAs\":[\"https:\/\/www.facebook.com\/catapa.belgium\/\",\"https:\/\/x.com\/CATAPA_Belgica\",\"https:\/\/www.instagram.com\/catapa_vzw\/\",\"https:\/\/be.linkedin.com\/company\/catapavzw\",\"https:\/\/www.youtube.com\/channel\/UCE52-Fiyv-Fpqf2gi1qhf1g\"]},{\"@type\":\"Person\",\"@id\":\"https:\/\/catapa.be\/nl\/#\/schema\/person\/81ff50de69eb668647494aa998bd4431\",\"name\":\"Estefan\u00eda\",\"url\":\"https:\/\/catapa.be\/nl\/author\/estefania-moreno\/\"}]}<\/script>\n<!-- \/ Yoast SEO plugin. -->","yoast_head_json":{"title":"Fal\u00e1n: het dorp in Colombia waar het koloniale tijdperk maar blijft voortduren - CATAPA vzw","robots":{"index":"index","follow":"follow","max-snippet":"max-snippet:-1","max-image-preview":"max-image-preview:large","max-video-preview":"max-video-preview:-1"},"canonical":"https:\/\/catapa.be\/nl\/falan-het-dorp-in-colombia-waar-het-koloniale-tijdperk-maar-blijft-voortduren\/","og_locale":"nl_NL","og_type":"article","og_title":"Fal\u00e1n: het dorp in Colombia waar het koloniale tijdperk maar blijft voortduren - CATAPA vzw","og_description":"[vc_row][vc_column][vc_column_text] Het verliezen van de strijd tegen de mijnbouw zou betekenen&#8230; Gedwongen migratie, dood, het zou de bergen binnenstebuiten keren. Het zou het verdwijnen van de voorouderlijke verbale cultuur betekenen. Het zou veel mensen inRead More","og_url":"https:\/\/catapa.be\/nl\/falan-het-dorp-in-colombia-waar-het-koloniale-tijdperk-maar-blijft-voortduren\/","og_site_name":"CATAPA vzw","article_publisher":"https:\/\/www.facebook.com\/catapa.belgium\/","article_published_time":"2023-08-07T14:22:00+00:00","article_modified_time":"2023-08-08T12:29:30+00:00","og_image":[{"width":1600,"height":1200,"url":"https:\/\/catapa.be\/wp-content\/uploads\/2023\/08\/WhatsApp-Image-2023-08-03-at-13.46.34.jpeg","type":"image\/jpeg"}],"author":"Estefan\u00eda","twitter_card":"summary_large_image","twitter_creator":"@CATAPA_Belgica","twitter_site":"@CATAPA_Belgica","twitter_misc":{"Geschreven door":"Estefan\u00eda","Geschatte leestijd":"12 minuten"},"schema":{"@context":"https:\/\/schema.org","@graph":[{"@type":"Article","@id":"https:\/\/catapa.be\/nl\/falan-het-dorp-in-colombia-waar-het-koloniale-tijdperk-maar-blijft-voortduren\/#article","isPartOf":{"@id":"https:\/\/catapa.be\/nl\/falan-het-dorp-in-colombia-waar-het-koloniale-tijdperk-maar-blijft-voortduren\/"},"author":{"name":"Estefan\u00eda","@id":"https:\/\/catapa.be\/nl\/#\/schema\/person\/81ff50de69eb668647494aa998bd4431"},"headline":"Fal\u00e1n: het dorp in Colombia waar het koloniale tijdperk maar blijft voortduren","datePublished":"2023-08-07T14:22:00+00:00","dateModified":"2023-08-08T12:29:30+00:00","mainEntityOfPage":{"@id":"https:\/\/catapa.be\/nl\/falan-het-dorp-in-colombia-waar-het-koloniale-tijdperk-maar-blijft-voortduren\/"},"wordCount":2500,"commentCount":0,"publisher":{"@id":"https:\/\/catapa.be\/nl\/#organization"},"image":{"@id":"https:\/\/catapa.be\/nl\/falan-het-dorp-in-colombia-waar-het-koloniale-tijdperk-maar-blijft-voortduren\/#primaryimage"},"thumbnailUrl":"https:\/\/i0.wp.com\/catapa.be\/wp-content\/uploads\/2023\/08\/WhatsApp-Image-2023-08-03-at-13.46.34.jpeg?fit=1600%2C1200&ssl=1","keywords":["Right to Say No"],"articleSection":["Colombia","recht om 'nee' te zeggen"],"inLanguage":"nl-NL","potentialAction":[{"@type":"CommentAction","name":"Comment","target":["https:\/\/catapa.be\/nl\/falan-het-dorp-in-colombia-waar-het-koloniale-tijdperk-maar-blijft-voortduren\/#respond"]}]},{"@type":"WebPage","@id":"https:\/\/catapa.be\/nl\/falan-het-dorp-in-colombia-waar-het-koloniale-tijdperk-maar-blijft-voortduren\/","url":"https:\/\/catapa.be\/nl\/falan-het-dorp-in-colombia-waar-het-koloniale-tijdperk-maar-blijft-voortduren\/","name":"Fal\u00e1n: het dorp in Colombia waar het koloniale tijdperk maar blijft voortduren - CATAPA vzw","isPartOf":{"@id":"https:\/\/catapa.be\/nl\/#website"},"primaryImageOfPage":{"@id":"https:\/\/catapa.be\/nl\/falan-het-dorp-in-colombia-waar-het-koloniale-tijdperk-maar-blijft-voortduren\/#primaryimage"},"image":{"@id":"https:\/\/catapa.be\/nl\/falan-het-dorp-in-colombia-waar-het-koloniale-tijdperk-maar-blijft-voortduren\/#primaryimage"},"thumbnailUrl":"https:\/\/i0.wp.com\/catapa.be\/wp-content\/uploads\/2023\/08\/WhatsApp-Image-2023-08-03-at-13.46.34.jpeg?fit=1600%2C1200&ssl=1","datePublished":"2023-08-07T14:22:00+00:00","dateModified":"2023-08-08T12:29:30+00:00","breadcrumb":{"@id":"https:\/\/catapa.be\/nl\/falan-het-dorp-in-colombia-waar-het-koloniale-tijdperk-maar-blijft-voortduren\/#breadcrumb"},"inLanguage":"nl-NL","potentialAction":[{"@type":"ReadAction","target":["https:\/\/catapa.be\/nl\/falan-het-dorp-in-colombia-waar-het-koloniale-tijdperk-maar-blijft-voortduren\/"]}]},{"@type":"ImageObject","inLanguage":"nl-NL","@id":"https:\/\/catapa.be\/nl\/falan-het-dorp-in-colombia-waar-het-koloniale-tijdperk-maar-blijft-voortduren\/#primaryimage","url":"https:\/\/i0.wp.com\/catapa.be\/wp-content\/uploads\/2023\/08\/WhatsApp-Image-2023-08-03-at-13.46.34.jpeg?fit=1600%2C1200&ssl=1","contentUrl":"https:\/\/i0.wp.com\/catapa.be\/wp-content\/uploads\/2023\/08\/WhatsApp-Image-2023-08-03-at-13.46.34.jpeg?fit=1600%2C1200&ssl=1","width":1600,"height":1200},{"@type":"BreadcrumbList","@id":"https:\/\/catapa.be\/nl\/falan-het-dorp-in-colombia-waar-het-koloniale-tijdperk-maar-blijft-voortduren\/#breadcrumb","itemListElement":[{"@type":"ListItem","position":1,"name":"Home","item":"https:\/\/catapa.be\/nl\/"},{"@type":"ListItem","position":2,"name":"Fal\u00e1n: het dorp in Colombia waar het koloniale tijdperk maar blijft voortduren"}]},{"@type":"WebSite","@id":"https:\/\/catapa.be\/nl\/#website","url":"https:\/\/catapa.be\/nl\/","name":"CATAPA vzw","description":"Comit\u00e9 Acad\u00e9mico T\u00e9cnico de Asesoramiento a Problemas Ambientales","publisher":{"@id":"https:\/\/catapa.be\/nl\/#organization"},"potentialAction":[{"@type":"SearchAction","target":{"@type":"EntryPoint","urlTemplate":"https:\/\/catapa.be\/nl\/?s={search_term_string}"},"query-input":{"@type":"PropertyValueSpecification","valueRequired":true,"valueName":"search_term_string"}}],"inLanguage":"nl-NL"},{"@type":"Organization","@id":"https:\/\/catapa.be\/nl\/#organization","name":"CATAPA vzw","url":"https:\/\/catapa.be\/nl\/","logo":{"@type":"ImageObject","inLanguage":"nl-NL","@id":"https:\/\/catapa.be\/nl\/#\/schema\/logo\/image\/","url":"https:\/\/i0.wp.com\/catapa.be\/wp-content\/uploads\/2019\/02\/NEW20LOGO20SHORT20PNG1.png?fit=1259%2C1321&ssl=1","contentUrl":"https:\/\/i0.wp.com\/catapa.be\/wp-content\/uploads\/2019\/02\/NEW20LOGO20SHORT20PNG1.png?fit=1259%2C1321&ssl=1","width":1259,"height":1321,"caption":"CATAPA vzw"},"image":{"@id":"https:\/\/catapa.be\/nl\/#\/schema\/logo\/image\/"},"sameAs":["https:\/\/www.facebook.com\/catapa.belgium\/","https:\/\/x.com\/CATAPA_Belgica","https:\/\/www.instagram.com\/catapa_vzw\/","https:\/\/be.linkedin.com\/company\/catapavzw","https:\/\/www.youtube.com\/channel\/UCE52-Fiyv-Fpqf2gi1qhf1g"]},{"@type":"Person","@id":"https:\/\/catapa.be\/nl\/#\/schema\/person\/81ff50de69eb668647494aa998bd4431","name":"Estefan\u00eda","url":"https:\/\/catapa.be\/nl\/author\/estefania-moreno\/"}]}},"jetpack_publicize_connections":[],"jetpack_featured_media_url":"https:\/\/i0.wp.com\/catapa.be\/wp-content\/uploads\/2023\/08\/WhatsApp-Image-2023-08-03-at-13.46.34.jpeg?fit=1600%2C1200&ssl=1","jetpack_sharing_enabled":true,"jetpack_likes_enabled":false,"jetpack-related-posts":[{"id":30145,"url":"https:\/\/catapa.be\/nl\/massale-betogingen-in-colombia-tegen-mijnbouwproject-van-greystar-resources\/","url_meta":{"origin":33937,"position":0},"title":"Massale betogingen in Colombia tegen mijnbouwproject van Greystar Resources","author":"admin","date":"27 februari 2011","format":false,"excerpt":"[vc_row][vc_column][vc_column_text] Massale betogingen in Colombia tegen mijnbouwproject van Greystar Resources Afgelopen vrijdag, 25 februari zag in verschillende steden massale betogingen tegen het toekennen van de milieuvergunning voor het 'Angostura' goudwinnings project van het canadese mijnbouw bedrijf Greystar Resources. Het project is gepland ten noorden, op de grens tussen de provincies\u2026","rel":"","context":"In &quot;Colombia&quot;","block_context":{"text":"Colombia","link":"https:\/\/catapa.be\/nl\/category\/partnerlanden\/colombia-nl\/"},"img":{"alt_text":"","src":"","width":0,"height":0},"classes":[]},{"id":20643,"url":"https:\/\/catapa.be\/nl\/beschermers-van-het-water\/","url_meta":{"origin":33937,"position":1},"title":"Beschermers van het water","author":"Giacomo Perna","date":"17 februari 2021","format":false,"excerpt":"[vc_row][vc_column][vc_column_text] Beschermers van het water In 1957 publiceerde de Amerikaanse krant The New Yorker een gedicht van de Britse dichter W. H. Auden. Het gedicht eindigt met: \u201cDuizenden hebben het overleefd zonder liefde. Niet \u00e9\u00e9n zonder water.\u201d Hij had gelijk. Ondanks pogingen tot bewustmaking beschouwt een deel van de wereldbevolking\u2026","rel":"","context":"In &quot;Campaigns&quot;","block_context":{"text":"Campaigns","link":"https:\/\/catapa.be\/nl\/category\/campaigns\/"},"img":{"alt_text":"","src":"https:\/\/i0.wp.com\/catapa.be\/wp-content\/uploads\/2021\/02\/Untitled-design-4.jpg?fit=1080%2C1080&ssl=1&resize=350%2C200","width":350,"height":200,"srcset":"https:\/\/i0.wp.com\/catapa.be\/wp-content\/uploads\/2021\/02\/Untitled-design-4.jpg?fit=1080%2C1080&ssl=1&resize=350%2C200 1x, https:\/\/i0.wp.com\/catapa.be\/wp-content\/uploads\/2021\/02\/Untitled-design-4.jpg?fit=1080%2C1080&ssl=1&resize=525%2C300 1.5x, https:\/\/i0.wp.com\/catapa.be\/wp-content\/uploads\/2021\/02\/Untitled-design-4.jpg?fit=1080%2C1080&ssl=1&resize=700%2C400 2x, https:\/\/i0.wp.com\/catapa.be\/wp-content\/uploads\/2021\/02\/Untitled-design-4.jpg?fit=1080%2C1080&ssl=1&resize=1050%2C600 3x"},"classes":[]},{"id":30857,"url":"https:\/\/catapa.be\/nl\/de-bewoners-van-cajamarca-bereiden-zich-voor-op-consulta-popular\/","url_meta":{"origin":33937,"position":2},"title":"De bewoners van Cajamarca bereiden zich voor op Consulta Popular","author":"Alan Gonz\u00e1lez Morales","date":"22 maart 2017","format":false,"excerpt":"In 2003 streek het Zuid-Afrikaanse mijnbouwbedrijf AngloGold Ashanti neer in Colombia. Vier jaar lang gingen ze op zoek naar goud en kochten ze mijnbouwconcessies op in het hele land. In 2007 vond het bedrijf eindelijk waar het op gehoopt had:\u00a0gigantische goudreserves in de ondergrond van de gemeente Cajamarca\u00a0in het departement\u2026","rel":"","context":"In &quot;Colombia&quot;","block_context":{"text":"Colombia","link":"https:\/\/catapa.be\/nl\/category\/partnerlanden\/colombia-nl\/"},"img":{"alt_text":"","src":"","width":0,"height":0},"classes":[]},{"id":30005,"url":"https:\/\/catapa.be\/nl\/en-tramite\/","url_meta":{"origin":33937,"position":3},"title":"En tr\u00e1mite","author":"admin","date":"4 mei 2010","format":false,"excerpt":"[vc_row][vc_column][vc_column_text] Volgens het offici\u00eble discours van president Col\u00f3m, zou zijn regering tegen mijnbouw zonder gemeenschapsinspraak gekant zijn. De Guatemalteekse regering bevestigde verschillende keren dat ze geen nieuwe mijnbouwvergunningen toelaat en dat ze er ook geen zal toelaten, zonder dat de getroffen bevolking inspraak heeft gekregen. Als het waar is, zou\u2026","rel":"","context":"In &quot;Guatemala&quot;","block_context":{"text":"Guatemala","link":"https:\/\/catapa.be\/nl\/category\/partnerlanden\/guatemala-partnerlanden\/"},"img":{"alt_text":"","src":"","width":0,"height":0},"classes":[]},{"id":33995,"url":"https:\/\/catapa.be\/nl\/hoe-overtuig-je-een-dorp-ervan-zijn-toekomst-te-vernietigen-een-handleiding-in-8-stappen\/","url_meta":{"origin":33937,"position":4},"title":"Hoe overtuig je een dorp ervan zijn toekomst te vernietigen? Een handleiding in 8 stappen","author":"Estefan\u00eda","date":"14 augustus 2023","format":false,"excerpt":"[vc_row][vc_column][vc_column_text] Over de hele wereld gebruiken mijnbouwmultinationals vergelijkbare strategie\u00ebn om gemeenschappen van hun vernietigende projecten te overtuigen. Wil je hun geheime recept weten? We duiken in het mijnbouwconflict dat momenteel plaatsvindt in het dorp Fal\u00e1n in Colombia, waar multinationals zoals Anglogold Ashanti het dorp voorbereiden op de mijnen die ze\u2026","rel":"","context":"In &quot;recht om 'nee' te zeggen&quot;","block_context":{"text":"recht om 'nee' te zeggen","link":"https:\/\/catapa.be\/nl\/category\/campagnes\/recht-om-nee-te-zeggen\/"},"img":{"alt_text":"Gold mining","src":"https:\/\/i0.wp.com\/catapa.be\/wp-content\/uploads\/2023\/08\/2527670737_b7d4f21e50_c.jpg?fit=799%2C533&ssl=1&resize=350%2C200","width":350,"height":200,"srcset":"https:\/\/i0.wp.com\/catapa.be\/wp-content\/uploads\/2023\/08\/2527670737_b7d4f21e50_c.jpg?fit=799%2C533&ssl=1&resize=350%2C200 1x, https:\/\/i0.wp.com\/catapa.be\/wp-content\/uploads\/2023\/08\/2527670737_b7d4f21e50_c.jpg?fit=799%2C533&ssl=1&resize=525%2C300 1.5x, https:\/\/i0.wp.com\/catapa.be\/wp-content\/uploads\/2023\/08\/2527670737_b7d4f21e50_c.jpg?fit=799%2C533&ssl=1&resize=700%2C400 2x"},"classes":[]},{"id":30028,"url":"https:\/\/catapa.be\/nl\/kippen-kaalheid-en-coca-cola\/","url_meta":{"origin":33937,"position":5},"title":"Kippen, kaalheid en Coca-Cola","author":"Karlijn Van den Broeck","date":"3 mei 2010","format":false,"excerpt":"[vc_row][vc_column][vc_column_text] Kippen, kaalheid en Coca-Cola Terwijl de \u2018Westerse\u2019 media volop bezig waren hun cameralenzen af te stoffen, ontrolde de Boliviaanse president Evo Morales in Cochabamba de eerste blauwdrukken van het antwoord der volkeren op de mislukking van Kopenhagen. Gedurende drie dagen, van 20 tot en met 22 april, wisselden meer\u2026","rel":"","context":"In &quot;Bolivia&quot;","block_context":{"text":"Bolivia","link":"https:\/\/catapa.be\/nl\/category\/partnerlanden\/bolivia-nl\/"},"img":{"alt_text":"","src":"","width":0,"height":0},"classes":[]}],"_links":{"self":[{"href":"https:\/\/catapa.be\/nl\/wp-json\/wp\/v2\/posts\/33937","targetHints":{"allow":["GET"]}}],"collection":[{"href":"https:\/\/catapa.be\/nl\/wp-json\/wp\/v2\/posts"}],"about":[{"href":"https:\/\/catapa.be\/nl\/wp-json\/wp\/v2\/types\/post"}],"author":[{"embeddable":true,"href":"https:\/\/catapa.be\/nl\/wp-json\/wp\/v2\/users\/67"}],"replies":[{"embeddable":true,"href":"https:\/\/catapa.be\/nl\/wp-json\/wp\/v2\/comments?post=33937"}],"version-history":[{"count":10,"href":"https:\/\/catapa.be\/nl\/wp-json\/wp\/v2\/posts\/33937\/revisions"}],"predecessor-version":[{"id":33960,"href":"https:\/\/catapa.be\/nl\/wp-json\/wp\/v2\/posts\/33937\/revisions\/33960"}],"wp:featuredmedia":[{"embeddable":true,"href":"https:\/\/catapa.be\/nl\/wp-json\/wp\/v2\/media\/33906"}],"wp:attachment":[{"href":"https:\/\/catapa.be\/nl\/wp-json\/wp\/v2\/media?parent=33937"}],"wp:term":[{"taxonomy":"category","embeddable":true,"href":"https:\/\/catapa.be\/nl\/wp-json\/wp\/v2\/categories?post=33937"},{"taxonomy":"post_tag","embeddable":true,"href":"https:\/\/catapa.be\/nl\/wp-json\/wp\/v2\/tags?post=33937"}],"curies":[{"name":"wp","href":"https:\/\/api.w.org\/{rel}","templated":true}]}}