{"id":39814,"date":"2026-08-10T15:48:19","date_gmt":"2026-08-10T13:48:19","guid":{"rendered":"https:\/\/catapa.be\/?p=39814"},"modified":"2026-08-10T15:57:29","modified_gmt":"2026-08-10T13:57:29","slug":"wie-mag-een-land-bezitten","status":"publish","type":"post","link":"https:\/\/catapa.be\/nl\/wie-mag-een-land-bezitten\/","title":{"rendered":"Wie mag een land bezitten?"},"content":{"rendered":"<p><em>De originele tekst werd hier gepubliceerd: https:\/\/otherwisepossible.substack.com\/p\/who-gets-to-own-a-country?r=1k5qck<\/em><\/p>\n<p><em>Update: Ondertussen werd de wet gestemd. Dankzij het verzet zijn passages over landbezit en brandwetgeving gelukkig geschrapt, wel werd het opnieuw makkelijker gemaakt om inheemse gemeenschappen van hun land te verdrijven.<\/em><\/p>\n<p><span style=\"font-weight: 400;\">Wanneer Demian Reidel, adviseur van de Argentijnse president Javier Milei, tijdens een investeringsforum zei dat Argentini\u00eb over uitgestrekte land- en watergebieden beschikt die ideaal zijn voor AI-datacenters, maar dat het enige probleem van het land is &#8220;<\/span><a href=\"https:\/\/www.infobae.com\/politica\/2025\/03\/22\/demian-reidel-resalto-las-ventajas-de-argentina-para-el-desarrollo-de-ia-pero-aclaro-el-problema-es-que-esta-poblada-por-argentinos\/\"><span style=\"font-weight: 400;\">dat het bevolkt wordt door Argentijnen<\/span><\/a><span style=\"font-weight: 400;\">\u201c, was dat geen vergissing of smakeloze grap. De uitspraak weerspiegelde het wereldbeeld van de regering van Milei. Op 6 augustus stemt de Argentijnse Senaat over een wetsvoorstel dat lang bestaande beperkingen op buitenlands eigendom van landbouwgrond zou opheffen.<\/span><\/p>\n<p><span style=\"font-weight: 400;\">Argentini\u00eb is het achtste grootste land ter wereld en rijk aan olie, gas en strategische mineralen zoals lithium. Het toestaan van onbeperkte toegang tot de bodem, mineralen en water voor buitenlanders, op grond van de wet op de \u2018<\/span><a href=\"https:\/\/www.argentina.gob.ar\/sites\/default\/files\/la_inviolabilidad_de_la_propiedad_privada.pdf\"><i><span style=\"font-weight: 400;\">onschendbaarheid van priv\u00e9-eigendom<\/span><\/i><span style=\"font-weight: 400;\">\u2019<\/span><\/a><span style=\"font-weight: 400;\"> \u2013 zoals deze door de voorstanders wordt genoemd \u2013 maakt deel uit van de strategie van de huidige regering om investeerders aan te trekken en zo de chronisch instabiele Argentijnse economie een impuls te geven. Bovendien zou het wetsvoorstel de huidige brandwetgeving wijzigen. Veranderingen in landgebruik na een brand worden verboden om opzettelijke brandstichting gelinkt aan vastgoed- en zakelijke speculatie te ontmoedigen. Maatschappelijke organisaties, inheemse groepen, academici en boeren zijn bezorgd over de gevolgen van deze hervormingen voor de nationale soevereiniteit, ontwikkeling en landrechten en komen nu in actie om te voorkomen dat het wetsvoorstel door de Senaat wordt aangenomen.<\/span><\/p>\n<p><span style=\"font-weight: 400;\">Momenteel beperkt de Argentijnse<\/span><a href=\"https:\/\/www.magyp.gob.ar\/sitio\/areas\/tierras\/ley\/\"> <span style=\"font-weight: 400;\">wet op landbouwgrond<\/span><\/a><span style=\"font-weight: 400;\"> (<\/span><i><span style=\"font-weight: 400;\">Ley de Tierras<\/span><\/i><span style=\"font-weight: 400;\">) buitenlands grondbezit tot 15% van het land op provinciaal &#8211; en districtsniveau; de wet verbiedt tevens het bezit van permanente waterlichamen zoals meren en zorgt ervoor dat niemand meer dan 1000 hectare grond kan bezitten in de vruchtbaarste landbouwgebieden van het land. De wet werd in 2011 aangenomen als reactie op de groeiende bezorgdheid over de omvang van buitenlands bezit van landbouwgrond.<\/span><\/p>\n<p><span style=\"font-weight: 400;\">Volgens het<\/span><a href=\"https:\/\/www.observatoriodetierras.ar\/2025\/12\/la-extranjerizacion-de-tierras-en.html?m=1\"> <span style=\"font-weight: 400;\">Observatorio de Tierras<\/span><\/a><span style=\"font-weight: 400;\"> is ongeveer 5% van het Argentijnse land in buitenlandse handen \u2013 zo\u2019n 13 miljoen hectare, ongeveer de oppervlakte van Engeland. In provincies als Salta en Misiones loopt dit cijfer op tot ongeveer 11%. Op districtsniveau wordt de situatie nog dramatischer: 36 districten overschrijden de wettelijke limiet en in sommige gevallen is meer dan de helft van het land er in buitenlandse handen. Als we de<\/span><a href=\"https:\/\/iesyh.conicet.gov.ar\/observatorio-de-tierras\/\"> <span style=\"font-weight: 400;\">kaarten<\/span><\/a><span style=\"font-weight: 400;\"> van het Observatorio bekijken, wordt duidelijk dat deze gronden zich voornamelijk bevinden in strategisch belangrijke gebieden: regio\u2019s die rijk zijn aan grondstoffen en zoet water, grensgebieden langs de Andes en gebieden met toegang tot de belangrijkste binnenwaterweg van Argentini\u00eb, de Paran\u00e1-rivier.<\/span><\/p>\n<p><span style=\"font-weight: 400;\">De dynamiek van grondbezit is net zo divers als de regio\u2019s van het land, dat zich van noord naar zuid over bijna 5000 km uitstrekt. In de provincie Misiones bezit het Chileense bosbouwbedrijf<\/span><a href=\"https:\/\/www.eldestapeweb.com\/politica\/alerta-misiones-cara-extrema-extranjerizacion-tierra-20267310549\"> <span style=\"font-weight: 400;\">Arauco ongeveer 240.000 hectare<\/span><\/a><span style=\"font-weight: 400;\">, waarvan bijna 140.000 hectare gebruikt wordt voor dennen- en eucalyptusplantages voor papierproductie. Deze exotische monoculturen staan in schril contrast met de diverse gewassen die door kleine en middelgrote boeren worden verbouwd, waaronder yerba mate, citrusvruchten en thee. Ze vormen ook een risico voor de biodiversiteit en levenswijze op het platteland. Volgens<\/span><a href=\"https:\/\/huelladelsur.ar\/2025\/12\/06\/educacion-y-extractivismo-experiencia-del-movimiento-pedagogico-de-liberacion-entrevista-a-ruben-ortiz\/\"> <span style=\"font-weight: 400;\">lokale<\/span><\/a> <span style=\"font-weight: 400;\">middenveld<\/span><a href=\"https:\/\/huelladelsur.ar\/2025\/12\/06\/educacion-y-extractivismo-experiencia-del-movimiento-pedagogico-de-liberacion-entrevista-a-ruben-ortiz\/\"><span style=\"font-weight: 400;\">organisaties<\/span><\/a><span style=\"font-weight: 400;\"> levert 1.000 hectare dennenplantages slechts vijf jobs op, terwijl hetzelfde areaal beplant met yerba mate ongeveer 188 banen oplevert. Naarmate de werkgelegenheid afneemt, trekken plattelandsbewoners naar de steden en sluiten scholen op het platteland hun deuren.<\/span><\/p>\n<p><span style=\"font-weight: 400;\">Patagoni\u00eb is een ander symbolisch voorbeeld. De Italiaanse familie Benetton, oprichters van het kledingmerk \u2018<\/span><i><span style=\"font-weight: 400;\">United Colors of Benetton<\/span><\/i><span style=\"font-weight: 400;\">\u2019, bezit er momenteel 920.000 hectare grond die voornamelijk wordt gebruikt voor schapenhouderij en wolproductie.<\/span><a href=\"https:\/\/econosur.org\/insights\/argentina\/benetton\/\"> <span style=\"font-weight: 400;\">Landconflicten<\/span><\/a><span style=\"font-weight: 400;\"> tussen Benetton en inheemse Mapuche-gemeenschappen duren al decennia. Deze geschillen vinden hun oorsprong in de gewelddadige annexatie van Patagoni\u00eb door Argentini\u00eb in de negentiende eeuw. Inheemse volkeren werden van hun land verdreven en vermoord. De spanningen zijn opnieuw scherper geworden na het besluit van de huidige regering om de noodwet in te trekken die uitzettingen van inheemse gemeenschappen had opgeschort.<\/span><\/p>\n<p><span style=\"font-weight: 400;\">Argentini\u00eb is een land dat werd gehouwen uit extractivisme. De bevolking is er maar al te bekend met de reddersmythen die buitenlandse investeerders gebruiken. Agribusiness, mijnbouw, olie en gas vormen de pijlers van de economie van het land, maar bijna alle dollars die uit deze activiteiten worden gehaald, gaan naar de aflossing van de<\/span><a href=\"https:\/\/www.cadtm.org\/Extractivismo-es-deuda-deuda-es-extractivismo-desde-la-recolonizacion-hacia-la\"> <span style=\"font-weight: 400;\">enorme buitenlandse schulden<\/span><\/a><span style=\"font-weight: 400;\"> van het land en niet naar het verbeteren van de levenskwaliteit van de bevolking. De regering blijft dit economisch model echter verder versterken: sinds Milei aan de macht is gekomen, heeft hij het Nieuwe Regime voor Buitenlandse Investeringen (<\/span><a href=\"https:\/\/argentina.ar\/promargentina\/inverti\/incentivos-la-inversion\"><span style=\"font-weight: 400;\">RIGI<\/span><\/a><span style=\"font-weight: 400;\">) aangenomen, dat grote investeerders tot 30 jaar lang belastingvrijstellingen toekent en tegelijkertijd verplichtingen tot het cre\u00ebren van lokale werkgelegenheid opheft. Bovendien heeft hij milieuwetgeving afgeschaft die bedoeld was om<\/span><a href=\"https:\/\/www.bbc.com\/mundo\/articles\/c5yvjk178zgo\"> <span style=\"font-weight: 400;\">gletsjers te beschermen<\/span><\/a><span style=\"font-weight: 400;\"> tegen mijnbouw. Een dergelijke combinatie van milieu- en belastingderegulering heeft de nieuwste golf van zakelijke hebzucht aangetrokken. Zo zijn er grote investeringen in datacentra<\/span><a href=\"https:\/\/pulitzercenter.org\/stories\/ai-mega-data-centers-patagonia-promises-millions-and-concerns-over-lack-regulation-spanish\"> <span style=\"font-weight: 400;\">aangekondigd in Patagoni\u00eb<\/span><\/a><span style=\"font-weight: 400;\">. Het koude klimaat en de overvloed aan zoet water in de regio maken haar bijzonder aantrekkelijk voor deze zeer energie-intensieve faciliteiten. Deze projecten, zullen, als ze doorgaan, bestaande conflicten over land en water, verscherpen.<\/span><\/p>\n<p><span style=\"font-weight: 400;\">De gevolgen van strijd om landbezit zijn complex en veelzijdig. Toegang tot land is niet alleen belangrijk om welvaart en goederen voor economische ontwikkeling veilig te stellen, maar bepaalt ook de culturele identiteit, territoriale rechten en de relatie van mensen met de plaatsen waar zij wonen. In het hele land komen inheemse gemeenschappen, studenten, arbeiders, boeren en milieuactivisten in actie om tegen dit wetsvoorstel te protesteren en te eisen dat de Senaat het verwerpt. Als \u2013 in navolging van Reidels opmerking \u2013 de bevolking zelf het grootste obstakel vormt voor ongebreidelde exploitatie, laten we dan hopen dat de Argentijnen kunnen bewijzen dat hij gelijk heeft.<\/span><\/p>\n","protected":false},"excerpt":{"rendered":"<p>De originele tekst werd hier gepubliceerd: https:\/\/otherwisepossible.substack.com\/p\/who-gets-to-own-a-country?r=1k5qck Update: Ondertussen werd de wet gestemd. Dankzij het verzet zijn passages over landbezit en brandwetgeving gelukkig geschrapt, wel werd het opnieuw makkelijker gemaakt om inheemse gemeenschappen van hun<br \/><a class=\"read-more\" href=\"https:\/\/catapa.be\/nl\/wie-mag-een-land-bezitten\/\">Read More<\/a><\/p>\n","protected":false},"author":72,"featured_media":39816,"comment_status":"open","ping_status":"open","sticky":false,"template":"","format":"standard","meta":{"_exactmetrics_skip_tracking":false,"_exactmetrics_sitenote_active":false,"_exactmetrics_sitenote_note":"","_exactmetrics_sitenote_category":0,"jetpack_post_was_ever_published":false,"_jetpack_newsletter_access":"","_jetpack_dont_email_post_to_subs":false,"_jetpack_newsletter_tier_id":0,"_jetpack_memberships_contains_paywalled_content":false,"_jetpack_memberships_contains_paid_content":false,"footnotes":"","jetpack_publicize_message":"","jetpack_publicize_feature_enabled":true,"jetpack_social_post_already_shared":true,"jetpack_social_options":{"image_generator_settings":{"template":"highway","default_image_id":0,"font":"","enabled":false},"version":2}},"categories":[185],"tags":[],"class_list":["post-39814","post","type-post","status-publish","format-standard","has-post-thumbnail","hentry","category-geen-onderdeel-van-een-categorie"],"yoast_head":"<!-- This site is optimized with the Yoast SEO plugin v26.8 - https:\/\/yoast.com\/product\/yoast-seo-wordpress\/ -->\n<title>Wie mag een land bezitten? - CATAPA vzw<\/title>\n<meta name=\"robots\" content=\"index, follow, max-snippet:-1, max-image-preview:large, max-video-preview:-1\" \/>\n<link rel=\"canonical\" href=\"https:\/\/catapa.be\/nl\/wie-mag-een-land-bezitten\/\" \/>\n<meta property=\"og:locale\" content=\"nl_NL\" \/>\n<meta property=\"og:type\" content=\"article\" \/>\n<meta property=\"og:title\" content=\"Wie mag een land bezitten? - CATAPA vzw\" \/>\n<meta property=\"og:description\" content=\"De originele tekst werd hier gepubliceerd: https:\/\/otherwisepossible.substack.com\/p\/who-gets-to-own-a-country?r=1k5qck Update: Ondertussen werd de wet gestemd. Dankzij het verzet zijn passages over landbezit en brandwetgeving gelukkig geschrapt, wel werd het opnieuw makkelijker gemaakt om inheemse gemeenschappen van hunRead More\" \/>\n<meta property=\"og:url\" content=\"https:\/\/catapa.be\/nl\/wie-mag-een-land-bezitten\/\" \/>\n<meta property=\"og:site_name\" content=\"CATAPA vzw\" \/>\n<meta property=\"article:publisher\" content=\"https:\/\/www.facebook.com\/catapa.belgium\/\" \/>\n<meta property=\"article:published_time\" content=\"2026-08-10T13:48:19+00:00\" \/>\n<meta property=\"article:modified_time\" content=\"2026-08-10T13:57:29+00:00\" \/>\n<meta property=\"og:image\" content=\"https:\/\/catapa.be\/wp-content\/uploads\/2026\/08\/WhatsApp-Image-2026-08-04-at-17.44.34.jpeg\" \/>\n\t<meta property=\"og:image:width\" content=\"1600\" \/>\n\t<meta property=\"og:image:height\" content=\"1066\" \/>\n\t<meta property=\"og:image:type\" content=\"image\/jpeg\" \/>\n<meta name=\"author\" content=\"Koerian\" \/>\n<meta name=\"twitter:card\" content=\"summary_large_image\" \/>\n<meta name=\"twitter:creator\" content=\"@CATAPA_Belgica\" \/>\n<meta name=\"twitter:site\" content=\"@CATAPA_Belgica\" \/>\n<meta name=\"twitter:label1\" content=\"Geschreven door\" \/>\n\t<meta name=\"twitter:data1\" content=\"Koerian\" \/>\n\t<meta name=\"twitter:label2\" content=\"Geschatte leestijd\" \/>\n\t<meta name=\"twitter:data2\" content=\"5 minuten\" \/>\n<script type=\"application\/ld+json\" class=\"yoast-schema-graph\">{\"@context\":\"https:\/\/schema.org\",\"@graph\":[{\"@type\":\"Article\",\"@id\":\"https:\/\/catapa.be\/nl\/wie-mag-een-land-bezitten\/#article\",\"isPartOf\":{\"@id\":\"https:\/\/catapa.be\/nl\/wie-mag-een-land-bezitten\/\"},\"author\":{\"name\":\"Koerian\",\"@id\":\"https:\/\/catapa.be\/nl\/#\/schema\/person\/d875213343335dfce851c86002f55d18\"},\"headline\":\"Wie mag een land bezitten?\",\"datePublished\":\"2026-08-10T13:48:19+00:00\",\"dateModified\":\"2026-08-10T13:57:29+00:00\",\"mainEntityOfPage\":{\"@id\":\"https:\/\/catapa.be\/nl\/wie-mag-een-land-bezitten\/\"},\"wordCount\":956,\"commentCount\":0,\"publisher\":{\"@id\":\"https:\/\/catapa.be\/nl\/#organization\"},\"image\":{\"@id\":\"https:\/\/catapa.be\/nl\/wie-mag-een-land-bezitten\/#primaryimage\"},\"thumbnailUrl\":\"https:\/\/i0.wp.com\/catapa.be\/wp-content\/uploads\/2026\/08\/WhatsApp-Image-2026-08-04-at-17.44.34.jpeg?fit=1600%2C1066&ssl=1\",\"articleSection\":[\"Geen onderdeel van een categorie\"],\"inLanguage\":\"nl-NL\",\"potentialAction\":[{\"@type\":\"CommentAction\",\"name\":\"Comment\",\"target\":[\"https:\/\/catapa.be\/nl\/wie-mag-een-land-bezitten\/#respond\"]}]},{\"@type\":\"WebPage\",\"@id\":\"https:\/\/catapa.be\/nl\/wie-mag-een-land-bezitten\/\",\"url\":\"https:\/\/catapa.be\/nl\/wie-mag-een-land-bezitten\/\",\"name\":\"Wie mag een land bezitten? - CATAPA vzw\",\"isPartOf\":{\"@id\":\"https:\/\/catapa.be\/nl\/#website\"},\"primaryImageOfPage\":{\"@id\":\"https:\/\/catapa.be\/nl\/wie-mag-een-land-bezitten\/#primaryimage\"},\"image\":{\"@id\":\"https:\/\/catapa.be\/nl\/wie-mag-een-land-bezitten\/#primaryimage\"},\"thumbnailUrl\":\"https:\/\/i0.wp.com\/catapa.be\/wp-content\/uploads\/2026\/08\/WhatsApp-Image-2026-08-04-at-17.44.34.jpeg?fit=1600%2C1066&ssl=1\",\"datePublished\":\"2026-08-10T13:48:19+00:00\",\"dateModified\":\"2026-08-10T13:57:29+00:00\",\"breadcrumb\":{\"@id\":\"https:\/\/catapa.be\/nl\/wie-mag-een-land-bezitten\/#breadcrumb\"},\"inLanguage\":\"nl-NL\",\"potentialAction\":[{\"@type\":\"ReadAction\",\"target\":[\"https:\/\/catapa.be\/nl\/wie-mag-een-land-bezitten\/\"]}]},{\"@type\":\"ImageObject\",\"inLanguage\":\"nl-NL\",\"@id\":\"https:\/\/catapa.be\/nl\/wie-mag-een-land-bezitten\/#primaryimage\",\"url\":\"https:\/\/i0.wp.com\/catapa.be\/wp-content\/uploads\/2026\/08\/WhatsApp-Image-2026-08-04-at-17.44.34.jpeg?fit=1600%2C1066&ssl=1\",\"contentUrl\":\"https:\/\/i0.wp.com\/catapa.be\/wp-content\/uploads\/2026\/08\/WhatsApp-Image-2026-08-04-at-17.44.34.jpeg?fit=1600%2C1066&ssl=1\",\"width\":1600,\"height\":1066},{\"@type\":\"BreadcrumbList\",\"@id\":\"https:\/\/catapa.be\/nl\/wie-mag-een-land-bezitten\/#breadcrumb\",\"itemListElement\":[{\"@type\":\"ListItem\",\"position\":1,\"name\":\"Home\",\"item\":\"https:\/\/catapa.be\/nl\/\"},{\"@type\":\"ListItem\",\"position\":2,\"name\":\"Wie mag een land bezitten?\"}]},{\"@type\":\"WebSite\",\"@id\":\"https:\/\/catapa.be\/nl\/#website\",\"url\":\"https:\/\/catapa.be\/nl\/\",\"name\":\"CATAPA vzw\",\"description\":\"Comit\u00e9 Acad\u00e9mico T\u00e9cnico de Asesoramiento a Problemas Ambientales\",\"publisher\":{\"@id\":\"https:\/\/catapa.be\/nl\/#organization\"},\"potentialAction\":[{\"@type\":\"SearchAction\",\"target\":{\"@type\":\"EntryPoint\",\"urlTemplate\":\"https:\/\/catapa.be\/nl\/?s={search_term_string}\"},\"query-input\":{\"@type\":\"PropertyValueSpecification\",\"valueRequired\":true,\"valueName\":\"search_term_string\"}}],\"inLanguage\":\"nl-NL\"},{\"@type\":\"Organization\",\"@id\":\"https:\/\/catapa.be\/nl\/#organization\",\"name\":\"CATAPA vzw\",\"url\":\"https:\/\/catapa.be\/nl\/\",\"logo\":{\"@type\":\"ImageObject\",\"inLanguage\":\"nl-NL\",\"@id\":\"https:\/\/catapa.be\/nl\/#\/schema\/logo\/image\/\",\"url\":\"https:\/\/i0.wp.com\/catapa.be\/wp-content\/uploads\/2019\/02\/NEW20LOGO20SHORT20PNG1.png?fit=1259%2C1321&ssl=1\",\"contentUrl\":\"https:\/\/i0.wp.com\/catapa.be\/wp-content\/uploads\/2019\/02\/NEW20LOGO20SHORT20PNG1.png?fit=1259%2C1321&ssl=1\",\"width\":1259,\"height\":1321,\"caption\":\"CATAPA vzw\"},\"image\":{\"@id\":\"https:\/\/catapa.be\/nl\/#\/schema\/logo\/image\/\"},\"sameAs\":[\"https:\/\/www.facebook.com\/catapa.belgium\/\",\"https:\/\/x.com\/CATAPA_Belgica\",\"https:\/\/www.instagram.com\/catapa_vzw\/\",\"https:\/\/be.linkedin.com\/company\/catapavzw\",\"https:\/\/www.youtube.com\/channel\/UCE52-Fiyv-Fpqf2gi1qhf1g\"]},{\"@type\":\"Person\",\"@id\":\"https:\/\/catapa.be\/nl\/#\/schema\/person\/d875213343335dfce851c86002f55d18\",\"name\":\"Koerian\",\"url\":\"https:\/\/catapa.be\/nl\/author\/koerian\/\"}]}<\/script>\n<!-- \/ Yoast SEO plugin. -->","yoast_head_json":{"title":"Wie mag een land bezitten? - CATAPA vzw","robots":{"index":"index","follow":"follow","max-snippet":"max-snippet:-1","max-image-preview":"max-image-preview:large","max-video-preview":"max-video-preview:-1"},"canonical":"https:\/\/catapa.be\/nl\/wie-mag-een-land-bezitten\/","og_locale":"nl_NL","og_type":"article","og_title":"Wie mag een land bezitten? - CATAPA vzw","og_description":"De originele tekst werd hier gepubliceerd: https:\/\/otherwisepossible.substack.com\/p\/who-gets-to-own-a-country?r=1k5qck Update: Ondertussen werd de wet gestemd. Dankzij het verzet zijn passages over landbezit en brandwetgeving gelukkig geschrapt, wel werd het opnieuw makkelijker gemaakt om inheemse gemeenschappen van hunRead More","og_url":"https:\/\/catapa.be\/nl\/wie-mag-een-land-bezitten\/","og_site_name":"CATAPA vzw","article_publisher":"https:\/\/www.facebook.com\/catapa.belgium\/","article_published_time":"2026-08-10T13:48:19+00:00","article_modified_time":"2026-08-10T13:57:29+00:00","og_image":[{"width":1600,"height":1066,"url":"https:\/\/catapa.be\/wp-content\/uploads\/2026\/08\/WhatsApp-Image-2026-08-04-at-17.44.34.jpeg","type":"image\/jpeg"}],"author":"Koerian","twitter_card":"summary_large_image","twitter_creator":"@CATAPA_Belgica","twitter_site":"@CATAPA_Belgica","twitter_misc":{"Geschreven door":"Koerian","Geschatte leestijd":"5 minuten"},"schema":{"@context":"https:\/\/schema.org","@graph":[{"@type":"Article","@id":"https:\/\/catapa.be\/nl\/wie-mag-een-land-bezitten\/#article","isPartOf":{"@id":"https:\/\/catapa.be\/nl\/wie-mag-een-land-bezitten\/"},"author":{"name":"Koerian","@id":"https:\/\/catapa.be\/nl\/#\/schema\/person\/d875213343335dfce851c86002f55d18"},"headline":"Wie mag een land bezitten?","datePublished":"2026-08-10T13:48:19+00:00","dateModified":"2026-08-10T13:57:29+00:00","mainEntityOfPage":{"@id":"https:\/\/catapa.be\/nl\/wie-mag-een-land-bezitten\/"},"wordCount":956,"commentCount":0,"publisher":{"@id":"https:\/\/catapa.be\/nl\/#organization"},"image":{"@id":"https:\/\/catapa.be\/nl\/wie-mag-een-land-bezitten\/#primaryimage"},"thumbnailUrl":"https:\/\/i0.wp.com\/catapa.be\/wp-content\/uploads\/2026\/08\/WhatsApp-Image-2026-08-04-at-17.44.34.jpeg?fit=1600%2C1066&ssl=1","articleSection":["Geen onderdeel van een categorie"],"inLanguage":"nl-NL","potentialAction":[{"@type":"CommentAction","name":"Comment","target":["https:\/\/catapa.be\/nl\/wie-mag-een-land-bezitten\/#respond"]}]},{"@type":"WebPage","@id":"https:\/\/catapa.be\/nl\/wie-mag-een-land-bezitten\/","url":"https:\/\/catapa.be\/nl\/wie-mag-een-land-bezitten\/","name":"Wie mag een land bezitten? - CATAPA vzw","isPartOf":{"@id":"https:\/\/catapa.be\/nl\/#website"},"primaryImageOfPage":{"@id":"https:\/\/catapa.be\/nl\/wie-mag-een-land-bezitten\/#primaryimage"},"image":{"@id":"https:\/\/catapa.be\/nl\/wie-mag-een-land-bezitten\/#primaryimage"},"thumbnailUrl":"https:\/\/i0.wp.com\/catapa.be\/wp-content\/uploads\/2026\/08\/WhatsApp-Image-2026-08-04-at-17.44.34.jpeg?fit=1600%2C1066&ssl=1","datePublished":"2026-08-10T13:48:19+00:00","dateModified":"2026-08-10T13:57:29+00:00","breadcrumb":{"@id":"https:\/\/catapa.be\/nl\/wie-mag-een-land-bezitten\/#breadcrumb"},"inLanguage":"nl-NL","potentialAction":[{"@type":"ReadAction","target":["https:\/\/catapa.be\/nl\/wie-mag-een-land-bezitten\/"]}]},{"@type":"ImageObject","inLanguage":"nl-NL","@id":"https:\/\/catapa.be\/nl\/wie-mag-een-land-bezitten\/#primaryimage","url":"https:\/\/i0.wp.com\/catapa.be\/wp-content\/uploads\/2026\/08\/WhatsApp-Image-2026-08-04-at-17.44.34.jpeg?fit=1600%2C1066&ssl=1","contentUrl":"https:\/\/i0.wp.com\/catapa.be\/wp-content\/uploads\/2026\/08\/WhatsApp-Image-2026-08-04-at-17.44.34.jpeg?fit=1600%2C1066&ssl=1","width":1600,"height":1066},{"@type":"BreadcrumbList","@id":"https:\/\/catapa.be\/nl\/wie-mag-een-land-bezitten\/#breadcrumb","itemListElement":[{"@type":"ListItem","position":1,"name":"Home","item":"https:\/\/catapa.be\/nl\/"},{"@type":"ListItem","position":2,"name":"Wie mag een land bezitten?"}]},{"@type":"WebSite","@id":"https:\/\/catapa.be\/nl\/#website","url":"https:\/\/catapa.be\/nl\/","name":"CATAPA vzw","description":"Comit\u00e9 Acad\u00e9mico T\u00e9cnico de Asesoramiento a Problemas Ambientales","publisher":{"@id":"https:\/\/catapa.be\/nl\/#organization"},"potentialAction":[{"@type":"SearchAction","target":{"@type":"EntryPoint","urlTemplate":"https:\/\/catapa.be\/nl\/?s={search_term_string}"},"query-input":{"@type":"PropertyValueSpecification","valueRequired":true,"valueName":"search_term_string"}}],"inLanguage":"nl-NL"},{"@type":"Organization","@id":"https:\/\/catapa.be\/nl\/#organization","name":"CATAPA vzw","url":"https:\/\/catapa.be\/nl\/","logo":{"@type":"ImageObject","inLanguage":"nl-NL","@id":"https:\/\/catapa.be\/nl\/#\/schema\/logo\/image\/","url":"https:\/\/i0.wp.com\/catapa.be\/wp-content\/uploads\/2019\/02\/NEW20LOGO20SHORT20PNG1.png?fit=1259%2C1321&ssl=1","contentUrl":"https:\/\/i0.wp.com\/catapa.be\/wp-content\/uploads\/2019\/02\/NEW20LOGO20SHORT20PNG1.png?fit=1259%2C1321&ssl=1","width":1259,"height":1321,"caption":"CATAPA vzw"},"image":{"@id":"https:\/\/catapa.be\/nl\/#\/schema\/logo\/image\/"},"sameAs":["https:\/\/www.facebook.com\/catapa.belgium\/","https:\/\/x.com\/CATAPA_Belgica","https:\/\/www.instagram.com\/catapa_vzw\/","https:\/\/be.linkedin.com\/company\/catapavzw","https:\/\/www.youtube.com\/channel\/UCE52-Fiyv-Fpqf2gi1qhf1g"]},{"@type":"Person","@id":"https:\/\/catapa.be\/nl\/#\/schema\/person\/d875213343335dfce851c86002f55d18","name":"Koerian","url":"https:\/\/catapa.be\/nl\/author\/koerian\/"}]}},"jetpack_publicize_connections":[],"jetpack_featured_media_url":"https:\/\/i0.wp.com\/catapa.be\/wp-content\/uploads\/2026\/08\/WhatsApp-Image-2026-08-04-at-17.44.34.jpeg?fit=1600%2C1066&ssl=1","jetpack_sharing_enabled":true,"jetpack_likes_enabled":true,"jetpack-related-posts":[{"id":14254,"url":"https:\/\/catapa.be\/es\/mines-territory-april-2020\/","url_meta":{"origin":39814,"position":0},"title":"Mines &#038; Territory &#8211; Abril 2020","author":"Daniela Marques Branco","date":"8 mei 2020","format":false,"excerpt":"[vc_row][vc_column][vc_column_text] Mines & Territory - Edici\u00f3n de Abril 2020 [\/vc_column_text][vc_column_text] Las noticias vienen y van. Con las redes sociales como el medio principal de las organizaciones Colombianas de la sociedad civil para que sus historias sean escuchadas, una historia puede ir viral un d\u00eda y perderse en la informaci\u00f3n masiva\u2026","rel":"","context":"In &quot;Colombia&quot;","block_context":{"text":"Colombia","link":"https:\/\/catapa.be\/es\/category\/colombia-es\/"},"img":{"alt_text":"","src":"https:\/\/i0.wp.com\/catapa.be\/wp-content\/uploads\/2020\/06\/Mines-Territories-Logo.jpg?fit=1080%2C1080&ssl=1&resize=350%2C200","width":350,"height":200,"srcset":"https:\/\/i0.wp.com\/catapa.be\/wp-content\/uploads\/2020\/06\/Mines-Territories-Logo.jpg?fit=1080%2C1080&ssl=1&resize=350%2C200 1x, https:\/\/i0.wp.com\/catapa.be\/wp-content\/uploads\/2020\/06\/Mines-Territories-Logo.jpg?fit=1080%2C1080&ssl=1&resize=525%2C300 1.5x, https:\/\/i0.wp.com\/catapa.be\/wp-content\/uploads\/2020\/06\/Mines-Territories-Logo.jpg?fit=1080%2C1080&ssl=1&resize=700%2C400 2x, https:\/\/i0.wp.com\/catapa.be\/wp-content\/uploads\/2020\/06\/Mines-Territories-Logo.jpg?fit=1080%2C1080&ssl=1&resize=1050%2C600 3x"},"classes":[]},{"id":14820,"url":"https:\/\/catapa.be\/es\/mines-territory-may-2020-edition\/","url_meta":{"origin":39814,"position":1},"title":"Mines &#038; Territory \u2013 Mayo 2020","author":"Daniela Marques Branco","date":"15 juni 2020","format":false,"excerpt":"[vc_row][vc_column][vc_column_text] Mines & Territory \u2013 Edici\u00f3n de Mayo 2020 Las noticias vienen y van. Con las redes sociales como el medio principal de las organizaciones Colombianas de la sociedad civil para que sus historias sean escuchadas, una historia puede ir viral un d\u00eda y perderse en la informaci\u00f3n masiva al\u2026","rel":"","context":"In &quot;Catapa en el punto de mira&quot;","block_context":{"text":"Catapa en el punto de mira","link":"https:\/\/catapa.be\/es\/category\/catapa-in-de-kijker-es\/"},"img":{"alt_text":"","src":"https:\/\/i0.wp.com\/catapa.be\/wp-content\/uploads\/2020\/06\/Mines-Territories-Logo.jpg?fit=1080%2C1080&ssl=1&resize=350%2C200","width":350,"height":200,"srcset":"https:\/\/i0.wp.com\/catapa.be\/wp-content\/uploads\/2020\/06\/Mines-Territories-Logo.jpg?fit=1080%2C1080&ssl=1&resize=350%2C200 1x, https:\/\/i0.wp.com\/catapa.be\/wp-content\/uploads\/2020\/06\/Mines-Territories-Logo.jpg?fit=1080%2C1080&ssl=1&resize=525%2C300 1.5x, https:\/\/i0.wp.com\/catapa.be\/wp-content\/uploads\/2020\/06\/Mines-Territories-Logo.jpg?fit=1080%2C1080&ssl=1&resize=700%2C400 2x, https:\/\/i0.wp.com\/catapa.be\/wp-content\/uploads\/2020\/06\/Mines-Territories-Logo.jpg?fit=1080%2C1080&ssl=1&resize=1050%2C600 3x"},"classes":[]},{"id":10414,"url":"https:\/\/catapa.be\/es\/feliz-dia-de-la-mujer\/","url_meta":{"origin":39814,"position":2},"title":"Feliz d\u00eda de la Mujer","author":"Karlijn Van den Broeck","date":"4 maart 2019","format":false,"excerpt":"[vc_row][vc_column][vc_custom_heading text=\"Feliz d\u00eda de la Mujer\" font_container=\"tag:h2|text_align:center\" google_fonts=\"font_family:Quicksand%3A300%2Cregular%2C700|font_style:400%20regular%3A400%3Anormal\"][vc_column_text]Karlijn Van den Broeck, 11 de marzo 2018[\/vc_column_text][vc_column_text]8 de marzo, D\u00eda Internacional de la Mujer Cajamarca, Colombia Hay un grupo de j\u00f3venes activistas alemanes visitando Cajamarca. Van por un d\u00eda al P\u00e1ramo. Puedo ir con ellos. Me levanto alrededor de las 5.30 am.\u2026","rel":"","context":"In &quot;Colombia&quot;","block_context":{"text":"Colombia","link":"https:\/\/catapa.be\/es\/category\/colombia-es\/"},"img":{"alt_text":"","src":"https:\/\/i0.wp.com\/catapa.be\/wp-content\/uploads\/2019\/03\/feliz-dia-de-la-mujer-min.jpg?fit=859%2C639&ssl=1&resize=350%2C200","width":350,"height":200,"srcset":"https:\/\/i0.wp.com\/catapa.be\/wp-content\/uploads\/2019\/03\/feliz-dia-de-la-mujer-min.jpg?fit=859%2C639&ssl=1&resize=350%2C200 1x, https:\/\/i0.wp.com\/catapa.be\/wp-content\/uploads\/2019\/03\/feliz-dia-de-la-mujer-min.jpg?fit=859%2C639&ssl=1&resize=525%2C300 1.5x, https:\/\/i0.wp.com\/catapa.be\/wp-content\/uploads\/2019\/03\/feliz-dia-de-la-mujer-min.jpg?fit=859%2C639&ssl=1&resize=700%2C400 2x"},"classes":[]},{"id":21089,"url":"https:\/\/catapa.be\/es\/15-dias-de-protestas-40-muertos-mas-de-400-desaparecidos-el-gobierno-de-colombia-responde-con-extractivismo\/","url_meta":{"origin":39814,"position":3},"title":"15 D\u00edas de Protestas, 40 Muertos, M\u00e1s de 400 Desaparecidos: El Gobierno de Colombia Responde con Extractivismo","author":"Harry Carter","date":"12 mei 2021","format":false,"excerpt":"[vc_row][vc_column][vc_column_text]NOTICIAS: 15 D\u00edas de Protestas, 40 Muertos, M\u00e1s de 400 Desaparecidos: El Gobierno de Colombia Responde con Extractivismo [\/vc_column_text][vc_column_text css_animation=\"bounceInUp\"] Tras 15 d\u00edas de manifestaciones y 40 homicidios provocados por la polic\u00eda en Colombia, El gobierno de Iv\u00e1n Duque presenta un proyecto de ley para fortalecer la inversi\u00f3n de quienes\u2026","rel":"","context":"In &quot;Colombia&quot;","block_context":{"text":"Colombia","link":"https:\/\/catapa.be\/es\/category\/colombia-es\/"},"img":{"alt_text":"The Colombian Government Responds with Extractivism and mining","src":"https:\/\/i0.wp.com\/catapa.be\/wp-content\/uploads\/2021\/05\/cover-for-article-website.jpg?fit=1080%2C566&ssl=1&resize=350%2C200","width":350,"height":200,"srcset":"https:\/\/i0.wp.com\/catapa.be\/wp-content\/uploads\/2021\/05\/cover-for-article-website.jpg?fit=1080%2C566&ssl=1&resize=350%2C200 1x, https:\/\/i0.wp.com\/catapa.be\/wp-content\/uploads\/2021\/05\/cover-for-article-website.jpg?fit=1080%2C566&ssl=1&resize=525%2C300 1.5x, https:\/\/i0.wp.com\/catapa.be\/wp-content\/uploads\/2021\/05\/cover-for-article-website.jpg?fit=1080%2C566&ssl=1&resize=700%2C400 2x, https:\/\/i0.wp.com\/catapa.be\/wp-content\/uploads\/2021\/05\/cover-for-article-website.jpg?fit=1080%2C566&ssl=1&resize=1050%2C600 3x"},"classes":[]},{"id":11184,"url":"https:\/\/catapa.be\/es\/mines-territory-abril-2019\/","url_meta":{"origin":39814,"position":4},"title":"Mines &#038; Territory, Abril 2019","author":"Karlijn Van den Broeck","date":"15 mei 2019","format":false,"excerpt":"[vc_row][vc_column width=\"2\/3\"][vc_column_text] REVISTA MENSUAL SOBRE TEMAS EXTRACTIVISTAS EN COLOMBIA [\/vc_column_text][\/vc_column][vc_column width=\"1\/3\"][vc_column_text] EDICI\u00d3N 04 Abril 2019 [\/vc_column_text][\/vc_column][vc_column][vc_column_text]Colecci\u00f3n resumen, traducci\u00f3n y edici\u00f3n por Sam Packet, Karlijn Van den Broeck y Laura Garc\u00eda[\/vc_column_text][vc_column_text]Descarga Mines & Territory, Abril 2019 en espa\u00f1ol aqu\u00ed.[\/vc_column_text][vc_separator color=\"custom\" accent_color=\"#009c55\"][vc_empty_space][vc_custom_heading text=\"MINES & TERRITORY\" font_container=\"tag:h2|text_align:center\" google_fonts=\"font_family:Quicksand%3A300%2Cregular%2C700|font_style:400%20regular%3A400%3Anormal\"][vc_custom_heading text=\"Abril 2019\" font_container=\"tag:h2|text_align:center\" google_fonts=\"font_family:Quicksand%3A300%2Cregular%2C700|font_style:300%20light%20regular%3A300%3Anormal\"][vc_column_text] Las\u2026","rel":"","context":"In &quot;Colombia&quot;","block_context":{"text":"Colombia","link":"https:\/\/catapa.be\/es\/category\/colombia-es\/"},"img":{"alt_text":"","src":"https:\/\/i0.wp.com\/catapa.be\/wp-content\/uploads\/2019\/02\/minesterritory-min.png?fit=600%2C600&ssl=1&resize=350%2C200","width":350,"height":200,"srcset":"https:\/\/i0.wp.com\/catapa.be\/wp-content\/uploads\/2019\/02\/minesterritory-min.png?fit=600%2C600&ssl=1&resize=350%2C200 1x, https:\/\/i0.wp.com\/catapa.be\/wp-content\/uploads\/2019\/02\/minesterritory-min.png?fit=600%2C600&ssl=1&resize=525%2C300 1.5x"},"classes":[]},{"id":29001,"url":"https:\/\/catapa.be\/es\/en-el-nombre-del-litio-energia-limpia-para-quien\/","url_meta":{"origin":39814,"position":5},"title":"En El Nombre Del Litio &#8211; Energ\u00eda limpia, \u00bfpara qui\u00e9n?","author":"Siel Vandamme","date":"5 april 2022","format":false,"excerpt":"[vc_row][vc_column][vc_column_text] En El Nombre Del Litio - Energ\u00eda limpia, \u00bfpara qui\u00e9n? Soy la que va serpenteando por los cerros Mirando la vida crecer Con ojos de agua que ven nacer y morir el tiempo Voy curando las heridas del ser No me mates ni envenenes No me hagas parte de\u2026","rel":"","context":"Soortgelijk bericht","block_context":{"text":"Soortgelijk bericht","link":""},"img":{"alt_text":"","src":"https:\/\/i0.wp.com\/catapa.be\/wp-content\/uploads\/2022\/04\/01.jpg?fit=1200%2C633&ssl=1&resize=350%2C200","width":350,"height":200,"srcset":"https:\/\/i0.wp.com\/catapa.be\/wp-content\/uploads\/2022\/04\/01.jpg?fit=1200%2C633&ssl=1&resize=350%2C200 1x, https:\/\/i0.wp.com\/catapa.be\/wp-content\/uploads\/2022\/04\/01.jpg?fit=1200%2C633&ssl=1&resize=525%2C300 1.5x, https:\/\/i0.wp.com\/catapa.be\/wp-content\/uploads\/2022\/04\/01.jpg?fit=1200%2C633&ssl=1&resize=700%2C400 2x, https:\/\/i0.wp.com\/catapa.be\/wp-content\/uploads\/2022\/04\/01.jpg?fit=1200%2C633&ssl=1&resize=1050%2C600 3x"},"classes":[]}],"_links":{"self":[{"href":"https:\/\/catapa.be\/nl\/wp-json\/wp\/v2\/posts\/39814","targetHints":{"allow":["GET"]}}],"collection":[{"href":"https:\/\/catapa.be\/nl\/wp-json\/wp\/v2\/posts"}],"about":[{"href":"https:\/\/catapa.be\/nl\/wp-json\/wp\/v2\/types\/post"}],"author":[{"embeddable":true,"href":"https:\/\/catapa.be\/nl\/wp-json\/wp\/v2\/users\/72"}],"replies":[{"embeddable":true,"href":"https:\/\/catapa.be\/nl\/wp-json\/wp\/v2\/comments?post=39814"}],"version-history":[{"count":1,"href":"https:\/\/catapa.be\/nl\/wp-json\/wp\/v2\/posts\/39814\/revisions"}],"predecessor-version":[{"id":39815,"href":"https:\/\/catapa.be\/nl\/wp-json\/wp\/v2\/posts\/39814\/revisions\/39815"}],"wp:featuredmedia":[{"embeddable":true,"href":"https:\/\/catapa.be\/nl\/wp-json\/wp\/v2\/media\/39816"}],"wp:attachment":[{"href":"https:\/\/catapa.be\/nl\/wp-json\/wp\/v2\/media?parent=39814"}],"wp:term":[{"taxonomy":"category","embeddable":true,"href":"https:\/\/catapa.be\/nl\/wp-json\/wp\/v2\/categories?post=39814"},{"taxonomy":"post_tag","embeddable":true,"href":"https:\/\/catapa.be\/nl\/wp-json\/wp\/v2\/tags?post=39814"}],"curies":[{"name":"wp","href":"https:\/\/api.w.org\/{rel}","templated":true}]}}