{"id":9217,"date":"2019-01-28T17:24:07","date_gmt":"2019-01-28T16:24:07","guid":{"rendered":"http:\/\/catapa.be\/?p=9217"},"modified":"2019-03-05T19:11:18","modified_gmt":"2019-03-05T18:11:18","slug":"waarom-catapa-meeloopt-in-de-klimaatmars","status":"publish","type":"post","link":"https:\/\/catapa.be\/nl\/waarom-catapa-meeloopt-in-de-klimaatmars\/","title":{"rendered":"Waarom CATAPA meeloopt in de Klimaatmars"},"content":{"rendered":"<div class=\"wpb-content-wrapper\"><p>[vc_row][vc_column][vc_custom_heading text=&#8221;Waarom CATAPA meeloopt in de Klimaatmars&#8221; font_container=&#8221;tag:h2|text_align:center&#8221; google_fonts=&#8221;font_family:Quicksand%3A300%2Cregular%2C700|font_style:400%20regular%3A400%3Anormal&#8221;][vc_column_text]<em>Myrah Vandermeulen, 2 december 2018<\/em>[\/vc_column_text][vc_column_text]<strong>CATAPA voor het klimaat!<\/strong><\/p>\n<p>Op 2 december zijn ook wij erbij om het klimaat te claimen! Het is dan de eerste dag van COP24, de Klimaatconferentie van de Verenigde Naties, en een kans voor Belgi\u00eb (niet enkel de politici, maar iedereen!) om te tonen dat we verandering \u2013 en vooral: actie \u2013 willen. Het zal de grootste Belgische\u00a0<strong>klimaatmobilisatie<\/strong>\u00a0ooit zijn, en daar zullen de Catapistas niet ontbreken.<\/p>\n<p>Met\u00a0<strong>CATAPA<\/strong>\u00a0steunen we zowel lokaal als globaal de strijd voor onze planeet \u2013 hierin een onderscheid maken is namelijk moeilijk. Ons activisme tegen extractivisme<a title=\"\" href=\"http:\/\/catapa.be\/nl\/nieuws\/waarom-catapa-meeloopt-de-klimaatmars#_ftn1\" name=\"_ftnref1\"><sup>[1]<\/sup><\/a>\u00a0(waaronder mijnbouw en olie-extractie) in Zuid-Amerika hangt nauw samen met onze bezorgdheid over de klimaatcrisis. De extractivistische industrie levert winsten aan multinationals, tegen zeer hoge kosten voor de mensheid en planeet.<br \/>\n<strong>Waarom is mijnbouw zo nefast voor onze planeet?<\/strong><\/p>\n<p>Mijnbouw is voor\u00a0<strong>lokale<\/strong>\u00a0gemeenschappen een vernietigend proces: ontbossing, water- en bodemvervuiling, schending van mensenrechten en gezondheidsproblemen zijn slechts enkele van de gevolgen. De mijnbouwindustrie berooft mensen van hun land, vervuilt rivieren \u2013 met rampzalige gevolgen voor visvangst, landbouw en de gezondheid van de bevolking door een gebrek aan drinkbaar water \u2013 en laat giftige stoffen zoals kwik en cyanide in de natuur vrij. In veel Latijns-Amerikaanse landen (Peru, Bolivia, Colombia, Brazili\u00eb, \u2026) zijn de gevolgen zeer voelbaar. In Peru zijn vele lokale gemeenschappen rechtstreeks getroffen door mijnbouw en olie-extractie, en in Bolivia zien we de uitdroging van het\u00a0<a href=\"http:\/\/catapa.be\/nl\/nieuws\/klimaatverandering-en-mijnbouwvervuiling-veroorzaken-milieuramp-het-poop%C3%B3-meer-bolivia\">Poop\u00f3meer<\/a>, dat samengaat met destructieve sociale gevolgen voor de mensen die leven rond dit meer. Grote oorzaken voor de degradatie en het uiteindelijke verdwijnen van het meer waren mijnbouwoperaties, die hun toxische afvalwater in het meer dumpten waardoor de vissen stierven, en de klimaatverandering, die samen met het hoge waterverbruik door de mijnbouwindustrie het waterpeil jaarlijks deed afnemen.<\/p>\n<p>Ook\u00a0<strong>globaal<\/strong>\u00a0zijn er grote gevolgen; het Amazone regenwoud wordt weleens de \u2018longen van de Aarde\u2019 genoemd \u2013 en een zeer groot deel van dit regenwoud wordt bedreigd door olie- en mijnbouwbedrijven. Deze bedrijven zijn immers verantwoordelijk voor ongeveer 10% van de ontbossing wereldwijd. Daarnaast is de mijnbouwindustrie erg energie-intensief, en zo verantwoordelijk voor een groot deel van de globale CO2-uitstoot.<\/p>\n<p>Ook het gebruik van fossiele brandstoffen (zoals kool en olie) is een van de grootste vervuilers \u2013 en absoluut niet duurzaam, want deze grondstoffen raken uiteindelijk uitgeput. Hoewel er vele politieke akkoorden worden gesloten om de uitstoot van broeikasgassen te verminderen en de klimaatopwarming tot 2\u00b0C (nog steeds te veel\u2026) te beperken, worden de extractieve industrie\u00ebn niet aangeraakt \u2013 terwijl zij de grootste vervuilers van onze planeet zijn. Hier wordt de rol van groot geld duidelijk, en de minachting die het kapitalisme kan tonen voor het leven zelf. Allerlei technische oplossingen voor het verminderen van CO2 in de atmosfeer zijn slechts symptoombestrijding; zolang de bron niet wordt aangepakt, komt er geen einde aan de vergiftiging van onze planeet.<\/p>\n<p>Een transitie naar een\u00a0<strong>post-extractivistische wereld<\/strong>\u00a0dus! Maar, om duurzame energie mogelijk te maken, bestaat er nog steeds een nood aan metalen \u2013 hoe lossen we dit op? Een holistische visie op de klimaatproblematiek is een noodzaak: wanneer \u2018oplossingen\u2019 gepaard gaan met mensenrechtenschendingen, zijn we niet op het juiste pad.<\/p>\n<p><a href=\"https:\/\/www.mo.be\/zeronaut\/de-reis-van-de-black-friday-smartphones\" target=\"_blank\" rel=\"noopener noreferrer\">We worden steeds aangemoedigd om meer, meer, meer te kopen<\/a>, en producten worden geproduceerd om maar enkele jaren mee te gaan. Dit terwijl er al zoveel producten en grondstoffen op de markt en in onze handen zijn,\u00a0die we kunnen hergebruiken. We moeten ook gewoon\u00a0<em>minder<\/em>\u00a0gebruiken. De producten die we maken zouden zo duurzaam mogelijk moeten zijn, met een lange levensduur waarbij repareerbaarheid een prioriteit is. Als laatste stap is uiteraard ook recycleren belangrijk, om de vraag naar nieuwe grondstoffen te temperen.<\/p>\n<p>De afhankelijkheid van het economisch model op extractivisme moet worden afgebouwd en stopgezet. Een systeem gebaseerd op grondstoffenontginning bedreigt de leefbaarheid van onze planeet. Daarom is een nadruk op \u2018<strong>degrowth<\/strong>\u2019 noodzakelijk.<br \/>\n<strong>Verzeker je toekomst!<\/strong><\/p>\n<p>Met CATAPA zetten we ons in voor een duurzame toekomst, een waarin wij mensen op deze planeet kunnen blijven leven. Een transformatie van het kapitalistische systeem gebaseerd op consumerisme is noodzakelijk; een transitie naar\u00a0<em>degrowth<\/em>\u00a0en weg van fossiele brandstoffen maken hier deel van uit. Lokaal en globaal zijn geen afzonderlijke categorie\u00ebn: klimaatschommelingen hebben lokale gevolgen, en lokale vervuiling draagt bij aan een aftakelende natuur en klimaat. Daarom stappen wij mee op 2 december. Als Europeanen voelen we de ergste gevolgen van de klimaatopwarming\u00a0<em>nog<\/em>\u00a0niet, maar net omdat wij ons in die geprivilegieerde positie bevinden (en omdat de Westerse landen een grote verantwoordelijkheid voor de ecologische crisis dragen), moeten we onze stemmen laten horen en eisen dat er actie wordt genomen. We doen dit uit solidariteit met anderen die wel al de harde gevolgen van de klimaatopwarming, en van de vaak getoonde minachting voor de natuur, voelen, maar ook uit solidariteit met alle mensen die er nog zullen bijkomen, en aan wie we een gezonde planeet willen nalaten.<\/p>\n<p>Wij \u2013 en vele anderen \u2013 liepen al mee in de klimaatmars in Oostende in 2015, maar de politiek lijkt de ernst van de situatie te negeren. Zo worden er 3 jaar verder nog steeds elk jaar meer fossiele brandstoffen verbruikt en milieu vernield. Daarom is het belangrijk om nu in nog grotere getale aanwezig te zijn \u2013 deze crisis is te ernstig om ons niet te laten horen!\u00a0 De Catapistas lopen mee om zich te laten horen voor getroffen gemeenschappen, voor onze planeet en onze toekomst, en tegen de extractieve industrie:\u00a0<em>\u2018<strong>Yes to life and climate justice, no to mining and climate catastrophe!\u2019<\/strong><\/em><br \/>\nP.S.: Kom met ons mee naar de klimaatmars via\u00a0<a href=\"https:\/\/www.facebook.com\/events\/1466909160109194\/?active_tab=about\">dit event<\/a>, en vergeet je ook niet hier te registeren:\u00a0<a href=\"https:\/\/www.bosplus.be\/nl\/red-het-bos\/voor-elke-deelnemer-aan-de-klimaatmars-wordt-een-vierkante-meter-bos-aangeplant\" target=\"_blank\" rel=\"noopener noreferrer\">\u2018Reclaim the trees\u2019<\/a>. Voor elke deelnemer plant BOS+ een vierkante meter bos.<\/p>\n<p>&nbsp;<\/p>\n<div>\n<hr size=\"1\" \/>\n<div>\n<p><a title=\"\" href=\"http:\/\/catapa.be\/nl\/nieuws\/waarom-catapa-meeloopt-de-klimaatmars#_ftnref1\" name=\"_ftn1\"><sup>[1]<\/sup><\/a>\u00a0Extractivisme: Een politiek, economisch, juridisch en cultureel systeem dat\u00a0 ontginning toelaat. Het \u2018extractivisme\u2019 bestaat niet louter uit de ontginning van ertsen en mineralen bestemd voor de export. Extractivisme vereist een staat die de vermarkting en privatisering van gemeengoed toelaat en promoot, die investeringen beschermt boven de rechten van zijn burgers en die in zijn discours en mediastrategie\u00ebn de boodschap meegeeft dat dit \u2018normaal, natuurlijk en historisch\u2019 is.<\/p>\n<\/div>\n<\/div>\n<p>[\/vc_column_text][\/vc_column][\/vc_row]<\/p>\n<\/div>","protected":false},"excerpt":{"rendered":"<p>[vc_row][vc_column][vc_custom_heading text=&#8221;Waarom CATAPA meeloopt in de Klimaatmars&#8221; font_container=&#8221;tag:h2|text_align:center&#8221; google_fonts=&#8221;font_family:Quicksand%3A300%2Cregular%2C700|font_style:400%20regular%3A400%3Anormal&#8221;][vc_column_text]Myrah Vandermeulen, 2 december 2018[\/vc_column_text][vc_column_text]CATAPA voor het klimaat! Op 2 december zijn ook wij erbij om het klimaat te claimen! Het is dan de eerste dag van<br \/><a class=\"read-more\" href=\"https:\/\/catapa.be\/nl\/waarom-catapa-meeloopt-in-de-klimaatmars\/\">Read More<\/a><\/p>\n","protected":false},"author":22,"featured_media":9218,"comment_status":"open","ping_status":"open","sticky":false,"template":"","format":"standard","meta":{"_exactmetrics_skip_tracking":false,"_exactmetrics_sitenote_active":false,"_exactmetrics_sitenote_note":"","_exactmetrics_sitenote_category":0,"jetpack_post_was_ever_published":false,"_jetpack_newsletter_access":"","_jetpack_dont_email_post_to_subs":false,"_jetpack_newsletter_tier_id":0,"_jetpack_memberships_contains_paywalled_content":false,"_jetpack_memberships_contains_paid_content":false,"footnotes":"","jetpack_publicize_message":"","jetpack_publicize_feature_enabled":true,"jetpack_social_post_already_shared":false,"jetpack_social_options":{"image_generator_settings":{"template":"highway","default_image_id":0,"font":"","enabled":false},"version":2}},"categories":[382],"tags":[],"class_list":["post-9217","post","type-post","status-publish","format-standard","has-post-thumbnail","hentry","category-nieuws"],"yoast_head":"<!-- This site is optimized with the Yoast SEO plugin v26.8 - https:\/\/yoast.com\/product\/yoast-seo-wordpress\/ -->\n<title>Waarom CATAPA meeloopt in de Klimaatmars - CATAPA vzw<\/title>\n<meta name=\"robots\" content=\"index, follow, max-snippet:-1, max-image-preview:large, max-video-preview:-1\" \/>\n<link rel=\"canonical\" href=\"https:\/\/catapa.be\/nl\/waarom-catapa-meeloopt-in-de-klimaatmars\/\" \/>\n<meta property=\"og:locale\" content=\"nl_NL\" \/>\n<meta property=\"og:type\" content=\"article\" \/>\n<meta property=\"og:title\" content=\"Waarom CATAPA meeloopt in de Klimaatmars - CATAPA vzw\" \/>\n<meta property=\"og:description\" content=\"[vc_row][vc_column][vc_custom_heading text=&#8221;Waarom CATAPA meeloopt in de Klimaatmars&#8221; font_container=&#8221;tag:h2|text_align:center&#8221; google_fonts=&#8221;font_family:Quicksand%3A300%2Cregular%2C700|font_style:400%20regular%3A400%3Anormal&#8221;][vc_column_text]Myrah Vandermeulen, 2 december 2018[\/vc_column_text][vc_column_text]CATAPA voor het klimaat! Op 2 december zijn ook wij erbij om het klimaat te claimen! Het is dan de eerste dag vanRead More\" \/>\n<meta property=\"og:url\" content=\"https:\/\/catapa.be\/nl\/waarom-catapa-meeloopt-in-de-klimaatmars\/\" \/>\n<meta property=\"og:site_name\" content=\"CATAPA vzw\" \/>\n<meta property=\"article:publisher\" content=\"https:\/\/www.facebook.com\/catapa.belgium\/\" \/>\n<meta property=\"article:published_time\" content=\"2019-01-28T16:24:07+00:00\" \/>\n<meta property=\"article:modified_time\" content=\"2019-03-05T18:11:18+00:00\" \/>\n<meta property=\"og:image\" content=\"https:\/\/i2.wp.com\/catapa.be\/wp-content\/uploads\/2019\/01\/Claim-the-climate-with-Catapa.jpg?fit=960%2C502&ssl=1\" \/>\n\t<meta property=\"og:image:width\" content=\"960\" \/>\n\t<meta property=\"og:image:height\" content=\"502\" \/>\n\t<meta property=\"og:image:type\" content=\"image\/jpeg\" \/>\n<meta name=\"author\" content=\"Myrah Vandermeulen\" \/>\n<meta name=\"twitter:card\" content=\"summary_large_image\" \/>\n<meta name=\"twitter:creator\" content=\"@CATAPA_Belgica\" \/>\n<meta name=\"twitter:site\" content=\"@CATAPA_Belgica\" \/>\n<meta name=\"twitter:label1\" content=\"Geschreven door\" \/>\n\t<meta name=\"twitter:data1\" content=\"Myrah Vandermeulen\" \/>\n\t<meta name=\"twitter:label2\" content=\"Geschatte leestijd\" \/>\n\t<meta name=\"twitter:data2\" content=\"5 minuten\" \/>\n<script type=\"application\/ld+json\" class=\"yoast-schema-graph\">{\"@context\":\"https:\/\/schema.org\",\"@graph\":[{\"@type\":\"Article\",\"@id\":\"https:\/\/catapa.be\/nl\/waarom-catapa-meeloopt-in-de-klimaatmars\/#article\",\"isPartOf\":{\"@id\":\"https:\/\/catapa.be\/nl\/waarom-catapa-meeloopt-in-de-klimaatmars\/\"},\"author\":{\"name\":\"Myrah Vandermeulen\",\"@id\":\"https:\/\/catapa.be\/nl\/#\/schema\/person\/d9667a512ac4d2060049ad4dae66dcb7\"},\"headline\":\"Waarom CATAPA meeloopt in de Klimaatmars\",\"datePublished\":\"2019-01-28T16:24:07+00:00\",\"dateModified\":\"2019-03-05T18:11:18+00:00\",\"mainEntityOfPage\":{\"@id\":\"https:\/\/catapa.be\/nl\/waarom-catapa-meeloopt-in-de-klimaatmars\/\"},\"wordCount\":1054,\"commentCount\":0,\"publisher\":{\"@id\":\"https:\/\/catapa.be\/nl\/#organization\"},\"image\":{\"@id\":\"https:\/\/catapa.be\/nl\/waarom-catapa-meeloopt-in-de-klimaatmars\/#primaryimage\"},\"thumbnailUrl\":\"https:\/\/i0.wp.com\/catapa.be\/wp-content\/uploads\/2019\/01\/Claim-the-climate-with-Catapa.jpg?fit=960%2C502&ssl=1\",\"articleSection\":[\"Nieuws\"],\"inLanguage\":\"nl-NL\",\"potentialAction\":[{\"@type\":\"CommentAction\",\"name\":\"Comment\",\"target\":[\"https:\/\/catapa.be\/nl\/waarom-catapa-meeloopt-in-de-klimaatmars\/#respond\"]}]},{\"@type\":\"WebPage\",\"@id\":\"https:\/\/catapa.be\/nl\/waarom-catapa-meeloopt-in-de-klimaatmars\/\",\"url\":\"https:\/\/catapa.be\/nl\/waarom-catapa-meeloopt-in-de-klimaatmars\/\",\"name\":\"Waarom CATAPA meeloopt in de Klimaatmars - CATAPA vzw\",\"isPartOf\":{\"@id\":\"https:\/\/catapa.be\/nl\/#website\"},\"primaryImageOfPage\":{\"@id\":\"https:\/\/catapa.be\/nl\/waarom-catapa-meeloopt-in-de-klimaatmars\/#primaryimage\"},\"image\":{\"@id\":\"https:\/\/catapa.be\/nl\/waarom-catapa-meeloopt-in-de-klimaatmars\/#primaryimage\"},\"thumbnailUrl\":\"https:\/\/i0.wp.com\/catapa.be\/wp-content\/uploads\/2019\/01\/Claim-the-climate-with-Catapa.jpg?fit=960%2C502&ssl=1\",\"datePublished\":\"2019-01-28T16:24:07+00:00\",\"dateModified\":\"2019-03-05T18:11:18+00:00\",\"breadcrumb\":{\"@id\":\"https:\/\/catapa.be\/nl\/waarom-catapa-meeloopt-in-de-klimaatmars\/#breadcrumb\"},\"inLanguage\":\"nl-NL\",\"potentialAction\":[{\"@type\":\"ReadAction\",\"target\":[\"https:\/\/catapa.be\/nl\/waarom-catapa-meeloopt-in-de-klimaatmars\/\"]}]},{\"@type\":\"ImageObject\",\"inLanguage\":\"nl-NL\",\"@id\":\"https:\/\/catapa.be\/nl\/waarom-catapa-meeloopt-in-de-klimaatmars\/#primaryimage\",\"url\":\"https:\/\/i0.wp.com\/catapa.be\/wp-content\/uploads\/2019\/01\/Claim-the-climate-with-Catapa.jpg?fit=960%2C502&ssl=1\",\"contentUrl\":\"https:\/\/i0.wp.com\/catapa.be\/wp-content\/uploads\/2019\/01\/Claim-the-climate-with-Catapa.jpg?fit=960%2C502&ssl=1\",\"width\":960,\"height\":502},{\"@type\":\"BreadcrumbList\",\"@id\":\"https:\/\/catapa.be\/nl\/waarom-catapa-meeloopt-in-de-klimaatmars\/#breadcrumb\",\"itemListElement\":[{\"@type\":\"ListItem\",\"position\":1,\"name\":\"Home\",\"item\":\"https:\/\/catapa.be\/nl\/\"},{\"@type\":\"ListItem\",\"position\":2,\"name\":\"Waarom CATAPA meeloopt in de Klimaatmars\"}]},{\"@type\":\"WebSite\",\"@id\":\"https:\/\/catapa.be\/nl\/#website\",\"url\":\"https:\/\/catapa.be\/nl\/\",\"name\":\"CATAPA vzw\",\"description\":\"Comit\u00e9 Acad\u00e9mico T\u00e9cnico de Asesoramiento a Problemas Ambientales\",\"publisher\":{\"@id\":\"https:\/\/catapa.be\/nl\/#organization\"},\"potentialAction\":[{\"@type\":\"SearchAction\",\"target\":{\"@type\":\"EntryPoint\",\"urlTemplate\":\"https:\/\/catapa.be\/nl\/?s={search_term_string}\"},\"query-input\":{\"@type\":\"PropertyValueSpecification\",\"valueRequired\":true,\"valueName\":\"search_term_string\"}}],\"inLanguage\":\"nl-NL\"},{\"@type\":\"Organization\",\"@id\":\"https:\/\/catapa.be\/nl\/#organization\",\"name\":\"CATAPA vzw\",\"url\":\"https:\/\/catapa.be\/nl\/\",\"logo\":{\"@type\":\"ImageObject\",\"inLanguage\":\"nl-NL\",\"@id\":\"https:\/\/catapa.be\/nl\/#\/schema\/logo\/image\/\",\"url\":\"https:\/\/i0.wp.com\/catapa.be\/wp-content\/uploads\/2019\/02\/NEW20LOGO20SHORT20PNG1.png?fit=1259%2C1321&ssl=1\",\"contentUrl\":\"https:\/\/i0.wp.com\/catapa.be\/wp-content\/uploads\/2019\/02\/NEW20LOGO20SHORT20PNG1.png?fit=1259%2C1321&ssl=1\",\"width\":1259,\"height\":1321,\"caption\":\"CATAPA vzw\"},\"image\":{\"@id\":\"https:\/\/catapa.be\/nl\/#\/schema\/logo\/image\/\"},\"sameAs\":[\"https:\/\/www.facebook.com\/catapa.belgium\/\",\"https:\/\/x.com\/CATAPA_Belgica\",\"https:\/\/www.instagram.com\/catapa_vzw\/\",\"https:\/\/be.linkedin.com\/company\/catapavzw\",\"https:\/\/www.youtube.com\/channel\/UCE52-Fiyv-Fpqf2gi1qhf1g\"]},{\"@type\":\"Person\",\"@id\":\"https:\/\/catapa.be\/nl\/#\/schema\/person\/d9667a512ac4d2060049ad4dae66dcb7\",\"name\":\"Myrah Vandermeulen\",\"url\":\"https:\/\/catapa.be\/nl\/author\/myrah\/\"}]}<\/script>\n<!-- \/ Yoast SEO plugin. -->","yoast_head_json":{"title":"Waarom CATAPA meeloopt in de Klimaatmars - CATAPA vzw","robots":{"index":"index","follow":"follow","max-snippet":"max-snippet:-1","max-image-preview":"max-image-preview:large","max-video-preview":"max-video-preview:-1"},"canonical":"https:\/\/catapa.be\/nl\/waarom-catapa-meeloopt-in-de-klimaatmars\/","og_locale":"nl_NL","og_type":"article","og_title":"Waarom CATAPA meeloopt in de Klimaatmars - CATAPA vzw","og_description":"[vc_row][vc_column][vc_custom_heading text=&#8221;Waarom CATAPA meeloopt in de Klimaatmars&#8221; font_container=&#8221;tag:h2|text_align:center&#8221; google_fonts=&#8221;font_family:Quicksand%3A300%2Cregular%2C700|font_style:400%20regular%3A400%3Anormal&#8221;][vc_column_text]Myrah Vandermeulen, 2 december 2018[\/vc_column_text][vc_column_text]CATAPA voor het klimaat! Op 2 december zijn ook wij erbij om het klimaat te claimen! Het is dan de eerste dag vanRead More","og_url":"https:\/\/catapa.be\/nl\/waarom-catapa-meeloopt-in-de-klimaatmars\/","og_site_name":"CATAPA vzw","article_publisher":"https:\/\/www.facebook.com\/catapa.belgium\/","article_published_time":"2019-01-28T16:24:07+00:00","article_modified_time":"2019-03-05T18:11:18+00:00","og_image":[{"width":960,"height":502,"url":"https:\/\/i2.wp.com\/catapa.be\/wp-content\/uploads\/2019\/01\/Claim-the-climate-with-Catapa.jpg?fit=960%2C502&ssl=1","type":"image\/jpeg"}],"author":"Myrah Vandermeulen","twitter_card":"summary_large_image","twitter_creator":"@CATAPA_Belgica","twitter_site":"@CATAPA_Belgica","twitter_misc":{"Geschreven door":"Myrah Vandermeulen","Geschatte leestijd":"5 minuten"},"schema":{"@context":"https:\/\/schema.org","@graph":[{"@type":"Article","@id":"https:\/\/catapa.be\/nl\/waarom-catapa-meeloopt-in-de-klimaatmars\/#article","isPartOf":{"@id":"https:\/\/catapa.be\/nl\/waarom-catapa-meeloopt-in-de-klimaatmars\/"},"author":{"name":"Myrah Vandermeulen","@id":"https:\/\/catapa.be\/nl\/#\/schema\/person\/d9667a512ac4d2060049ad4dae66dcb7"},"headline":"Waarom CATAPA meeloopt in de Klimaatmars","datePublished":"2019-01-28T16:24:07+00:00","dateModified":"2019-03-05T18:11:18+00:00","mainEntityOfPage":{"@id":"https:\/\/catapa.be\/nl\/waarom-catapa-meeloopt-in-de-klimaatmars\/"},"wordCount":1054,"commentCount":0,"publisher":{"@id":"https:\/\/catapa.be\/nl\/#organization"},"image":{"@id":"https:\/\/catapa.be\/nl\/waarom-catapa-meeloopt-in-de-klimaatmars\/#primaryimage"},"thumbnailUrl":"https:\/\/i0.wp.com\/catapa.be\/wp-content\/uploads\/2019\/01\/Claim-the-climate-with-Catapa.jpg?fit=960%2C502&ssl=1","articleSection":["Nieuws"],"inLanguage":"nl-NL","potentialAction":[{"@type":"CommentAction","name":"Comment","target":["https:\/\/catapa.be\/nl\/waarom-catapa-meeloopt-in-de-klimaatmars\/#respond"]}]},{"@type":"WebPage","@id":"https:\/\/catapa.be\/nl\/waarom-catapa-meeloopt-in-de-klimaatmars\/","url":"https:\/\/catapa.be\/nl\/waarom-catapa-meeloopt-in-de-klimaatmars\/","name":"Waarom CATAPA meeloopt in de Klimaatmars - CATAPA vzw","isPartOf":{"@id":"https:\/\/catapa.be\/nl\/#website"},"primaryImageOfPage":{"@id":"https:\/\/catapa.be\/nl\/waarom-catapa-meeloopt-in-de-klimaatmars\/#primaryimage"},"image":{"@id":"https:\/\/catapa.be\/nl\/waarom-catapa-meeloopt-in-de-klimaatmars\/#primaryimage"},"thumbnailUrl":"https:\/\/i0.wp.com\/catapa.be\/wp-content\/uploads\/2019\/01\/Claim-the-climate-with-Catapa.jpg?fit=960%2C502&ssl=1","datePublished":"2019-01-28T16:24:07+00:00","dateModified":"2019-03-05T18:11:18+00:00","breadcrumb":{"@id":"https:\/\/catapa.be\/nl\/waarom-catapa-meeloopt-in-de-klimaatmars\/#breadcrumb"},"inLanguage":"nl-NL","potentialAction":[{"@type":"ReadAction","target":["https:\/\/catapa.be\/nl\/waarom-catapa-meeloopt-in-de-klimaatmars\/"]}]},{"@type":"ImageObject","inLanguage":"nl-NL","@id":"https:\/\/catapa.be\/nl\/waarom-catapa-meeloopt-in-de-klimaatmars\/#primaryimage","url":"https:\/\/i0.wp.com\/catapa.be\/wp-content\/uploads\/2019\/01\/Claim-the-climate-with-Catapa.jpg?fit=960%2C502&ssl=1","contentUrl":"https:\/\/i0.wp.com\/catapa.be\/wp-content\/uploads\/2019\/01\/Claim-the-climate-with-Catapa.jpg?fit=960%2C502&ssl=1","width":960,"height":502},{"@type":"BreadcrumbList","@id":"https:\/\/catapa.be\/nl\/waarom-catapa-meeloopt-in-de-klimaatmars\/#breadcrumb","itemListElement":[{"@type":"ListItem","position":1,"name":"Home","item":"https:\/\/catapa.be\/nl\/"},{"@type":"ListItem","position":2,"name":"Waarom CATAPA meeloopt in de Klimaatmars"}]},{"@type":"WebSite","@id":"https:\/\/catapa.be\/nl\/#website","url":"https:\/\/catapa.be\/nl\/","name":"CATAPA vzw","description":"Comit\u00e9 Acad\u00e9mico T\u00e9cnico de Asesoramiento a Problemas Ambientales","publisher":{"@id":"https:\/\/catapa.be\/nl\/#organization"},"potentialAction":[{"@type":"SearchAction","target":{"@type":"EntryPoint","urlTemplate":"https:\/\/catapa.be\/nl\/?s={search_term_string}"},"query-input":{"@type":"PropertyValueSpecification","valueRequired":true,"valueName":"search_term_string"}}],"inLanguage":"nl-NL"},{"@type":"Organization","@id":"https:\/\/catapa.be\/nl\/#organization","name":"CATAPA vzw","url":"https:\/\/catapa.be\/nl\/","logo":{"@type":"ImageObject","inLanguage":"nl-NL","@id":"https:\/\/catapa.be\/nl\/#\/schema\/logo\/image\/","url":"https:\/\/i0.wp.com\/catapa.be\/wp-content\/uploads\/2019\/02\/NEW20LOGO20SHORT20PNG1.png?fit=1259%2C1321&ssl=1","contentUrl":"https:\/\/i0.wp.com\/catapa.be\/wp-content\/uploads\/2019\/02\/NEW20LOGO20SHORT20PNG1.png?fit=1259%2C1321&ssl=1","width":1259,"height":1321,"caption":"CATAPA vzw"},"image":{"@id":"https:\/\/catapa.be\/nl\/#\/schema\/logo\/image\/"},"sameAs":["https:\/\/www.facebook.com\/catapa.belgium\/","https:\/\/x.com\/CATAPA_Belgica","https:\/\/www.instagram.com\/catapa_vzw\/","https:\/\/be.linkedin.com\/company\/catapavzw","https:\/\/www.youtube.com\/channel\/UCE52-Fiyv-Fpqf2gi1qhf1g"]},{"@type":"Person","@id":"https:\/\/catapa.be\/nl\/#\/schema\/person\/d9667a512ac4d2060049ad4dae66dcb7","name":"Myrah Vandermeulen","url":"https:\/\/catapa.be\/nl\/author\/myrah\/"}]}},"jetpack_publicize_connections":[],"jetpack_featured_media_url":"https:\/\/i0.wp.com\/catapa.be\/wp-content\/uploads\/2019\/01\/Claim-the-climate-with-Catapa.jpg?fit=960%2C502&ssl=1","jetpack_sharing_enabled":true,"jetpack_likes_enabled":true,"jetpack-related-posts":[{"id":30546,"url":"https:\/\/catapa.be\/nl\/waarom-catapa-meeloopt-de-klimaatmars\/","url_meta":{"origin":9217,"position":0},"title":"Waarom CATAPA meeloopt in de Klimaatmars","author":"Kim Claes","date":"28 november 2018","format":false,"excerpt":"[vc_row][vc_column][vc_column_text] CATAPA voor het klimaat! Op 2 december zijn ook wij erbij om het klimaat te claimen! Het is dan de eerste dag van COP24, de Klimaatconferentie van de Verenigde Naties, en een kans voor Belgi\u00eb (niet enkel de politici, maar iedereen!) om te tonen dat we verandering \u2013 en\u2026","rel":"","context":"In &quot;Generatie Transitie&quot;","block_context":{"text":"Generatie Transitie","link":"https:\/\/catapa.be\/nl\/category\/afgelopen-campagnes-en-projecten\/generatie-transitie\/"},"img":{"alt_text":"","src":"","width":0,"height":0},"classes":[]},{"id":30725,"url":"https:\/\/catapa.be\/nl\/milieuactivisten-vallen-als-vliegen\/","url_meta":{"origin":9217,"position":1},"title":"Milieuactivisten vallen als vliegen","author":"Alan Gonz\u00e1lez Morales","date":"16 januari 2016","format":false,"excerpt":"Het eindejaar bracht weinig goed nieuws in Celend\u00edn, Peru. Op 28 december werd \u00e9\u00e9n van de voornaamste leiders van het verzet tegen Chadin II \u2013 een hydro-elektrisch project op de rivier Mara\u00f1on \u2013 doodgeschoten. Weer een milieuactivist die het met zijn leven moet bekopen, het was een zwart jaar voor\u2026","rel":"","context":"In &quot;Generatie Transitie&quot;","block_context":{"text":"Generatie Transitie","link":"https:\/\/catapa.be\/nl\/category\/afgelopen-campagnes-en-projecten\/generatie-transitie\/"},"img":{"alt_text":"","src":"https:\/\/i0.wp.com\/gt.catapa.be\/sites\/default\/files\/wysiwyg\/Artikels\/2016-01-13_10.16.46.jpg?resize=350%2C200&ssl=1","width":350,"height":200,"srcset":"https:\/\/i0.wp.com\/gt.catapa.be\/sites\/default\/files\/wysiwyg\/Artikels\/2016-01-13_10.16.46.jpg?resize=350%2C200&ssl=1 1x, https:\/\/i0.wp.com\/gt.catapa.be\/sites\/default\/files\/wysiwyg\/Artikels\/2016-01-13_10.16.46.jpg?resize=525%2C300&ssl=1 1.5x"},"classes":[]},{"id":30745,"url":"https:\/\/catapa.be\/nl\/aandacht-komt-te-laat-voor-het-poopomeer\/","url_meta":{"origin":9217,"position":2},"title":"Aandacht komt te laat voor het Poop\u00f3meer","author":"Alan Gonz\u00e1lez Morales","date":"9 januari 2016","format":false,"excerpt":"[vc_row][vc_column][vc_column_text] De Altiplano, het hoogland, is een vlakte op ca. 4.000 m hoogte. Daar ligt het Poop\u00f3meer dat grotendeels wordt gevoed met water dat van het Titicacameer, via de Desaguadero rivier naar het meer stroomt. Het Poop\u00f3meer is het tweede grootste meer van Bolivia na het Titicacameer en had ooit\u2026","rel":"","context":"In &quot;Bolivia&quot;","block_context":{"text":"Bolivia","link":"https:\/\/catapa.be\/nl\/category\/partnerlanden\/bolivia-nl\/"},"img":{"alt_text":" Solidaridad Naci\u00f3n Uru","src":"https:\/\/i0.wp.com\/gt.catapa.be\/sites\/default\/files\/resize\/wysiwyg\/Cases\/Bolivia\/Hemelwater\/poopo_picture-612x306.jpg?resize=350%2C200","width":350,"height":200,"srcset":"https:\/\/i0.wp.com\/gt.catapa.be\/sites\/default\/files\/resize\/wysiwyg\/Cases\/Bolivia\/Hemelwater\/poopo_picture-612x306.jpg?resize=350%2C200 1x, https:\/\/i0.wp.com\/gt.catapa.be\/sites\/default\/files\/resize\/wysiwyg\/Cases\/Bolivia\/Hemelwater\/poopo_picture-612x306.jpg?resize=525%2C300 1.5x"},"classes":[]},{"id":30685,"url":"https:\/\/catapa.be\/nl\/altiplano-onder-invloed-van-droogte\/","url_meta":{"origin":9217,"position":3},"title":"Altiplano onder invloed van droogte","author":"Alan Gonz\u00e1lez Morales","date":"4 december 2016","format":false,"excerpt":"[vc_row][vc_column][vc_column_text] De situatie op de Altiplano is kritiek. Het regenseizoen blijft uit en de meren en reservoirs liggen droog. In de stad is de watertoevoer her en der afgesloten waardoor protesten ontstaan, maar des te kritieker is de situatie op het platteland. Het vee heeft water nodig, er is natuurlijk\u2026","rel":"","context":"In &quot;Geen onderdeel van een categorie&quot;","block_context":{"text":"Geen onderdeel van een categorie","link":"https:\/\/catapa.be\/nl\/category\/geen-onderdeel-van-een-categorie\/"},"img":{"alt_text":" \u00a9 Avalon Veldstra, CATAPA","src":"https:\/\/i0.wp.com\/gt.catapa.be\/sites\/default\/files\/resize\/wysiwyg\/Cases\/Bolivia\/Artikels\/untavi_droogte-400x300.jpg?resize=350%2C200&ssl=1","width":350,"height":200},"classes":[]},{"id":30758,"url":"https:\/\/catapa.be\/nl\/post-extractivistische-groeten-uit-parijs\/","url_meta":{"origin":9217,"position":4},"title":"Post-extractivistische groeten uit Parijs!","author":"Alan Gonz\u00e1lez Morales","date":"21 december 2015","format":false,"excerpt":"Tijdens de jaarlijkse klimaat-hoogdagen die dit jaar in Parijs plaatsvonden kwam ook CATAPA in \u2018klimaat-actie\u2019, samen met honderden organisaties en duizenden activisten. Zolang de globale extractivistische sector haar greep op lokale gemeenschappen, overheden en consumenten behoudt, blijft daadwerkelijke klimaatrechtvaardigheid een utopie. Het verbreken van die greep kan enkel van onderuit\u2026","rel":"","context":"In &quot;Generatie Transitie&quot;","block_context":{"text":"Generatie Transitie","link":"https:\/\/catapa.be\/nl\/category\/afgelopen-campagnes-en-projecten\/generatie-transitie\/"},"img":{"alt_text":"","src":"","width":0,"height":0},"classes":[]},{"id":11071,"url":"https:\/\/catapa.be\/nl\/fair-ict-flanders\/","url_meta":{"origin":9217,"position":5},"title":"Fair ICT Flanders","author":"Kim Claes","date":"1 maart 2019","format":false,"excerpt":"[vc_row][vc_column][vc_video link=\"https:\/\/youtu.be\/MlY109sIIHY\" align=\"center\"][vc_empty_space][vc_single_image image=\"11552\" img_size=\"medium\" alignment=\"center\"][vc_column_text]Met het project Fair ICT Flanders beogen CATAPA vzw, Bond Beter Leefmilieu en Ondernemers voor Ondernemers een verduurzaming van het ICT-aankoop- en verwerkingsbeleid in Vlaanderen. CATAPA werkt reeds sinds 2005 rond de sociaal-ecologische impact van mijnbouw. Fair ICT Flanders is een 3-jarig project, gefinancierd door\u2026","rel":"","context":"In &quot;Campagnes&quot;","block_context":{"text":"Campagnes","link":"https:\/\/catapa.be\/nl\/category\/campagnes\/"},"img":{"alt_text":"","src":"https:\/\/i0.wp.com\/catapa.be\/wp-content\/uploads\/2019\/03\/Final-fair-ICT-flanders-1500px-e1558342008875.jpg?fit=1200%2C721&ssl=1&resize=350%2C200","width":350,"height":200,"srcset":"https:\/\/i0.wp.com\/catapa.be\/wp-content\/uploads\/2019\/03\/Final-fair-ICT-flanders-1500px-e1558342008875.jpg?fit=1200%2C721&ssl=1&resize=350%2C200 1x, https:\/\/i0.wp.com\/catapa.be\/wp-content\/uploads\/2019\/03\/Final-fair-ICT-flanders-1500px-e1558342008875.jpg?fit=1200%2C721&ssl=1&resize=525%2C300 1.5x, https:\/\/i0.wp.com\/catapa.be\/wp-content\/uploads\/2019\/03\/Final-fair-ICT-flanders-1500px-e1558342008875.jpg?fit=1200%2C721&ssl=1&resize=700%2C400 2x, https:\/\/i0.wp.com\/catapa.be\/wp-content\/uploads\/2019\/03\/Final-fair-ICT-flanders-1500px-e1558342008875.jpg?fit=1200%2C721&ssl=1&resize=1050%2C600 3x"},"classes":[]}],"_links":{"self":[{"href":"https:\/\/catapa.be\/nl\/wp-json\/wp\/v2\/posts\/9217","targetHints":{"allow":["GET"]}}],"collection":[{"href":"https:\/\/catapa.be\/nl\/wp-json\/wp\/v2\/posts"}],"about":[{"href":"https:\/\/catapa.be\/nl\/wp-json\/wp\/v2\/types\/post"}],"author":[{"embeddable":true,"href":"https:\/\/catapa.be\/nl\/wp-json\/wp\/v2\/users\/22"}],"replies":[{"embeddable":true,"href":"https:\/\/catapa.be\/nl\/wp-json\/wp\/v2\/comments?post=9217"}],"version-history":[{"count":5,"href":"https:\/\/catapa.be\/nl\/wp-json\/wp\/v2\/posts\/9217\/revisions"}],"predecessor-version":[{"id":10489,"href":"https:\/\/catapa.be\/nl\/wp-json\/wp\/v2\/posts\/9217\/revisions\/10489"}],"wp:featuredmedia":[{"embeddable":true,"href":"https:\/\/catapa.be\/nl\/wp-json\/wp\/v2\/media\/9218"}],"wp:attachment":[{"href":"https:\/\/catapa.be\/nl\/wp-json\/wp\/v2\/media?parent=9217"}],"wp:term":[{"taxonomy":"category","embeddable":true,"href":"https:\/\/catapa.be\/nl\/wp-json\/wp\/v2\/categories?post=9217"},{"taxonomy":"post_tag","embeddable":true,"href":"https:\/\/catapa.be\/nl\/wp-json\/wp\/v2\/tags?post=9217"}],"curies":[{"name":"wp","href":"https:\/\/api.w.org\/{rel}","templated":true}]}}